{"id":1798582,"date":"2026-02-27T14:08:43","date_gmt":"2026-02-27T11:08:43","guid":{"rendered":"https:\/\/analyse.optim.biz\/?p=1798582"},"modified":"2026-02-27T14:08:43","modified_gmt":"2026-02-27T11:08:43","slug":"a-inceput-targul-martisorului-la-shopping-city-suceava-vicepresedintele-consiliului-judetean-suceava","status":"publish","type":"post","link":"https:\/\/analyse.optim.biz\/?p=1798582","title":{"rendered":"A \u00eenceput T\u00e2rgul M\u0103r\u021bi\u0219orului la Shopping City Suceava. Vicepre\u0219edintele Consiliului Jude\u021bean Suceava,"},"content":{"rendered":"<p>[analyse_image type=&#8221;featured&#8221; src=&#8221;https:\/\/suceavalive.ro\/wp-content\/uploads\/2026\/02\/targul-martisorului.pnghttps:\/\/suceavalive.ro\/wp-content\/uploads\/2026\/02\/targul-martisorului.png&#8221;]<\/p>\n<article id=\"post-288188\" class=\"clearfix post-288188 post type-post status-publish format-standard has-post-thumbnail hentry category-administratie category-slide\">\n<header id=\"cb-standard-featured\">\n<div id=\"cb-fis-wrap\" class=\"cb-entry-header cb-fis cb-style-standard\"><span class=\"cb-title-fi\"><\/p>\n<h1 class=\"entry-title cb-entry-title cb-single-title\">A \u00eenceput T\u00e2rgul M\u0103r\u021bi\u0219orului la Shopping City Suceava. Vicepre\u0219edintele Consiliului Jude\u021bean Suceava, Nicolae Robu, prezent la deschiderea evenimentului<\/h1>\n<div class=\"cb-byline cb-font-header\">\n<div class=\"cb-date cb-byline-element\"><time datetime=\"2026-02-27\">27 februarie 2026<\/time><\/div>\n<\/div>\n<p><\/span><\/div>\n<\/header>\n<section class=\"cb-entry-content entry-content clearfix\">\n<p><span>O nou\u0103 edi\u021bie a T\u00e2rgului M\u0103r\u021bi\u0219orului a debutat ast\u0103zi la Shopping City Suceava.<\/span><br \/><span>Evenimentul este organizat de Consiliul Jude\u021bean Suceava, prin Centrul Cultural Bucovina, \u00een parteneriat cu Shopping City Suceava, av\u00e2nd ca obiectiv promovarea \u0219i valorificarea m\u0103r\u021bi\u0219oarelor tradi\u021bionale, precum \u0219i sus\u021binerea me\u0219terilor populari care duc mai departe me\u0219te\u0219ugurile artistice specifice zonelor etnografice ale jude\u021bului Suceava.<\/span><\/p>\n<p><span>T\u00e2rgul se desf\u0103\u0219oar\u0103 \u00een perioada 27 februarie \u2013 3 martie 2026 \u0219i reune\u0219te 12 me\u0219teri populari din jude\u021bul Suceava, reprezentativi pentru domenii precum prelucrarea lemnului \u0219i a pieilor, industria casnic\u0103 textil\u0103, \u00eencondeierea ou\u0103lor, confec\u021bionarea podoabelor \u0219i a ou\u0103lor cu m\u0103rgele, realizarea m\u0103\u0219tilor populare, \u00eempletiturile din materiale organice, precum \u0219i alimenta\u021bia tradi\u021bional\u0103.<\/span><br \/><span>Printre vizitatorii primei zile s-au num\u0103rat vicepre\u0219edintele Consiliului Jude\u021bean Suceava Nicolae Robu \u0219i managerul Centrului Cultural Bucovina, C\u0103lin Br\u0103teanu. Cei doi au vizitat standurile expozan\u021bilor \u0219i au discutat at\u00e2t cu me\u0219terii populari, c\u00e2t \u0219i cu vizitatorii veni\u021bi s\u0103 admire m\u0103r\u021bi\u0219oarele.<\/span><\/p>\n<blockquote>\n<p><span><strong><em>\u201eAm avut ocazia s\u0103 stau de vorb\u0103 cu fiecare me\u0219ter popular \u00een parte \u0219i s\u0103 descop\u0103r pove\u0219tile din spatele acestor crea\u021bii. M-am bucurat s\u0103 re\u00eent\u00e2lnesc, printre expozan\u021bi, \u0219i o fost\u0103 coleg\u0103 din \u0219coala gimnazial\u0103. La fiecare stand nu vezi doar m\u0103r\u021bi\u0219oare, ci ani de munc\u0103, r\u0103bdare \u0219i respect pentru tradi\u021bie. Sunt obiecte autentice, lucrate manual, care p\u0103streaz\u0103 simboluri vechi \u0219i le aduc firesc \u00een prezent. \u00cei invit pe suceveni s\u0103 viziteze t\u00e2rgul \u0219i s\u0103 aleag\u0103 m\u0103r\u021bi\u0219oarele unicat, care aduc nu doar bucuria venirii prim\u0103verii, ci duc mai departe \u0219i identitatea noastr\u0103 cultural\u0103\u201d, a spus vicepre\u0219edintele CJ Suceava, Nicolae Robu.<\/em><\/strong><\/span><\/p>\n<\/blockquote>\n<p><span>Speciali\u0219tii Centrului Cultural Bucovina subliniaz\u0103 faptul c\u0103 oferta este una variat\u0103 \u0219i autentic\u0103.<\/span><\/p>\n<blockquote>\n<p><span><em><strong>\u201eVizitatorii pot g\u0103si m\u0103r\u021bi\u0219oare cioplite \u00een lemn, decorate cu simboluri tradi\u021bionale, trifoi cu patru foi, m\u0103\u0219ti, flori, m\u0103r\u021bi\u0219oare cusute pe bumbac cu motive geometrice sau fitomorfe, m\u0103r\u021bi\u0219oare pictate pe coaj\u0103 de ou ori pe lemn, dar \u0219i m\u0103r\u021bi\u0219oare realizate din m\u0103rgele\u201d, a spus Eutasia Rusu, expert etnograf.<\/strong><\/em><\/span><\/p>\n<\/blockquote>\n<p><span>\u00cen zilele de 27 \u0219i 28 februarie, vineri \u0219i s\u00e2mb\u0103t\u0103, copiii sunt invita\u021bi s\u0103 participe la ateliere de confec\u021bionare a m\u0103r\u021bi\u0219oarelor, coordonate de me\u0219terii populari prezen\u021bi la t\u00e2rg. <\/span><br \/><span>La finalul activit\u0103\u021bilor, fiecare participant va pleca acas\u0103 cu propriul m\u0103r\u021bi\u0219or realizat manual, dar \u0219i cu o diplom\u0103 de participare, oferit\u0103 de organizatorii evenimentului.<\/span><br \/><span>T\u00e2rgul M\u0103r\u021bi\u0219orului poate fi vizitat zilnic, iar fiecare m\u0103r\u021bi\u0219or cump\u0103rat \u00eenseamn\u0103 sus\u021binerea direct\u0103 a me\u0219terilor populari \u0219i a tradi\u021biilor locale.<\/span><\/p>\n<\/section>\n<footer class=\"article-footer\">\n<div class=\"cb-social-sharing cb-post-footer-block cb-beside clearfix\">\n<div class=\"cb-title-subtle\">Share On:<\/div>\n<div class=\"cb-twitter\"><a href=\"https:\/\/twitter.com\/share\" class=\"twitter-share-button\" data-dnt=\"true\" data-count=\"horizontal\">Tweet<\/a><\/div>\n<\/div>\n<div id=\"cb-previous-next-links\" class=\"cb-post-footer-block clearfix\">\n<div id=\"cb-previous-link\"><a href=\"https:\/\/suceavalive.ro\/teatrul-studentesc-fabulinus-anunta-o-noua-reprezentatie-a-spectacolului-muzical-pinguini\/\" rel=\"prev\">Teatrul Studen\u021besc Fabulinus anun\u021b\u0103 o nou\u0103 reprezenta\u021bie\u00a0 a spectacolului muzical \u201ePinguini\u201d<\/a><\/div>\n<div id=\"cb-next-link\"><a href=\"https:\/\/suceavalive.ro\/draga-turistule-de-pasii-te-vor-purta-in-bucovina-nu-uita-de-codrii-seculari-slatioara\/\" rel=\"next\">Drag\u0103 turistule, de pa\u0219ii te vor purta \u00een Bucovina, nu uita de Codrii Seculari Sl\u0103tioara<\/a><\/div>\n<\/div>\n<div id=\"cb-author-box\" class=\"clearfix\">\n<h3 class=\"cb-block-title\">Despre autor<\/h3>\n<div class=\"cb-meta\">\n<div class=\"cb-info\">\n<div class=\"cb-author-title vcard\"><a href=\"https:\/\/suceavalive.ro\/author\/suceavalive\/\"><span class=\"fn\">SuceavaLive<\/span><\/a><\/div>\n<\/div>\n<\/div>\n<\/div>\n<div id=\"cb-related-posts\" class=\"cb-related-posts-block cb-post-end-block clearfix\">\n<h3 class=\"cb-block-title\">Postari asemanatoare<\/h3>\n<ul>\n<li class=\"cb-style-overlay cb-grid-entry cb-related-post no-1\">\n<div class=\"cb-meta cb-article-meta\">\n<h4 class=\"h3 cb-post-title\"><a href=\"https:\/\/suceavalive.ro\/alexandru-covasa-este-noul-consilier-pe-probleme-de-comunicare-si-imagine-al-primarului-vasile-rimbu\/\">Alexandru Cova\u0219\u0103 este noul consilier pe probleme de comunicare \u0219i imagine al primarului Vasile R\u00eembu<\/a><\/h4>\n<div class=\"cb-byline cb-font-header\">\n<div class=\"cb-date cb-byline-element\"><time datetime=\"2026-02-27\">27 februarie 2026<\/time><\/div>\n<\/div>\n<\/div>\n<\/li>\n<li class=\"cb-style-overlay cb-grid-entry cb-related-post no-2\">\n<div class=\"cb-meta cb-article-meta\">\n<h4 class=\"h3 cb-post-title\"><a href=\"https:\/\/suceavalive.ro\/draga-turistule-de-pasii-te-vor-purta-in-bucovina-nu-uita-de-codrii-seculari-slatioara\/\">Drag\u0103 turistule, de pa\u0219ii te vor purta \u00een Bucovina, nu uita de Codrii Seculari Sl\u0103tioara<\/a><\/h4>\n<div class=\"cb-byline cb-font-header\">\n<div class=\"cb-date cb-byline-element\"><time datetime=\"2026-02-27\">27 februarie 2026<\/time><\/div>\n<\/div>\n<\/div>\n<\/li>\n<\/ul>\n<\/div>\n<\/footer>\n<div id=\"respond\" class=\"comment-respond\">\n<h3 id=\"reply-title\" class=\"comment-reply-title\">Lasa un raspuns <small><a rel=\"nofollow\" id=\"cancel-comment-reply-link\" href=\"https:\/\/suceavalive.ro\/a-inceput-targul-martisorului-la-shopping-city-suceava-vicepresedintele-consiliului-judetean-suceava-nicolae-robu-prezent-la-deschiderea-evenimentului\/#respond\">Anuleaza raspunsul<\/a><\/small><\/h3>\n<p class=\"comment-notes\">Adresa ta de email nu va fi publicat\u0103.<\/p>\n<\/div>\n<\/article>\n<section class=\"cb-entry-content entry-content clearfix\">\n<p><span>O nou\u0103 edi\u021bie a T\u00e2rgului M\u0103r\u021bi\u0219orului a debutat ast\u0103zi la Shopping City Suceava.<\/span><br \/><span>Evenimentul este organizat de Consiliul Jude\u021bean Suceava, prin Centrul Cultural Bucovina, \u00een parteneriat cu Shopping City Suceava, av\u00e2nd ca obiectiv promovarea \u0219i valorificarea m\u0103r\u021bi\u0219oarelor tradi\u021bionale, precum \u0219i sus\u021binerea me\u0219terilor populari care duc mai departe me\u0219te\u0219ugurile artistice specifice zonelor etnografice ale jude\u021bului Suceava.<\/span><\/p>\n<p><span>T\u00e2rgul se desf\u0103\u0219oar\u0103 \u00een perioada 27 februarie \u2013 3 martie 2026 \u0219i reune\u0219te 12 me\u0219teri populari din jude\u021bul Suceava, reprezentativi pentru domenii precum prelucrarea lemnului \u0219i a pieilor, industria casnic\u0103 textil\u0103, \u00eencondeierea ou\u0103lor, confec\u021bionarea podoabelor \u0219i a ou\u0103lor cu m\u0103rgele, realizarea m\u0103\u0219tilor populare, \u00eempletiturile din materiale organice, precum \u0219i alimenta\u021bia tradi\u021bional\u0103.<\/span><br \/><span>Printre vizitatorii primei zile s-au num\u0103rat vicepre\u0219edintele Consiliului Jude\u021bean Suceava Nicolae Robu \u0219i managerul Centrului Cultural Bucovina, C\u0103lin Br\u0103teanu. Cei doi au vizitat standurile expozan\u021bilor \u0219i au discutat at\u00e2t cu me\u0219terii populari, c\u00e2t \u0219i cu vizitatorii veni\u021bi s\u0103 admire m\u0103r\u021bi\u0219oarele.<\/span><\/p>\n<blockquote>\n<p><span><strong><em>\u201eAm avut ocazia s\u0103 stau de vorb\u0103 cu fiecare me\u0219ter popular \u00een parte \u0219i s\u0103 descop\u0103r pove\u0219tile din spatele acestor crea\u021bii. M-am bucurat s\u0103 re\u00eent\u00e2lnesc, printre expozan\u021bi, \u0219i o fost\u0103 coleg\u0103 din \u0219coala gimnazial\u0103. La fiecare stand nu vezi doar m\u0103r\u021bi\u0219oare, ci ani de munc\u0103, r\u0103bdare \u0219i respect pentru tradi\u021bie. Sunt obiecte autentice, lucrate manual, care p\u0103streaz\u0103 simboluri vechi \u0219i le aduc firesc \u00een prezent. \u00cei invit pe suceveni s\u0103 viziteze t\u00e2rgul \u0219i s\u0103 aleag\u0103 m\u0103r\u021bi\u0219oarele unicat, care aduc nu doar bucuria venirii prim\u0103verii, ci duc mai departe \u0219i identitatea noastr\u0103 cultural\u0103\u201d, a spus vicepre\u0219edintele CJ Suceava, Nicolae Robu.<\/em><\/strong><\/span><\/p>\n<\/blockquote>\n<p><span>Speciali\u0219tii Centrului Cultural Bucovina subliniaz\u0103 faptul c\u0103 oferta este una variat\u0103 \u0219i autentic\u0103.<\/span><\/p>\n<blockquote>\n<p><span><em><strong>\u201eVizitatorii pot g\u0103si m\u0103r\u021bi\u0219oare cioplite \u00een lemn, decorate cu simboluri tradi\u021bionale, trifoi cu patru foi, m\u0103\u0219ti, flori, m\u0103r\u021bi\u0219oare cusute pe bumbac cu motive geometrice sau fitomorfe, m\u0103r\u021bi\u0219oare pictate pe coaj\u0103 de ou ori pe lemn, dar \u0219i m\u0103r\u021bi\u0219oare realizate din m\u0103rgele\u201d, a spus Eutasia Rusu, expert etnograf.<\/strong><\/em><\/span><\/p>\n<\/blockquote>\n<p><span>\u00cen zilele de 27 \u0219i 28 februarie, vineri \u0219i s\u00e2mb\u0103t\u0103, copiii sunt invita\u021bi s\u0103 participe la ateliere de confec\u021bionare a m\u0103r\u021bi\u0219oarelor, coordonate de me\u0219terii populari prezen\u021bi la t\u00e2rg. <\/span><br \/><span>La finalul activit\u0103\u021bilor, fiecare participant va pleca acas\u0103 cu propriul m\u0103r\u021bi\u0219or realizat manual, dar \u0219i cu o diplom\u0103 de participare, oferit\u0103 de organizatorii evenimentului.<\/span><br \/><span>T\u00e2rgul M\u0103r\u021bi\u0219orului poate fi vizitat zilnic, iar fiecare m\u0103r\u021bi\u0219or cump\u0103rat \u00eenseamn\u0103 sus\u021binerea direct\u0103 a me\u0219terilor populari \u0219i a tradi\u021biilor locale.<\/span><\/p>\n<\/section>\n<section class=\"cb-entry-content entry-content clearfix\">\n<p><span>O nou\u0103 edi\u021bie a T\u00e2rgului M\u0103r\u021bi\u0219orului a debutat ast\u0103zi la Shopping City Suceava.<\/span><br \/><span>Evenimentul este organizat de Consiliul Jude\u021bean Suceava, prin Centrul Cultural Bucovina, \u00een parteneriat cu Shopping City Suceava, av\u00e2nd ca obiectiv promovarea \u0219i valorificarea m\u0103r\u021bi\u0219oarelor tradi\u021bionale, precum \u0219i sus\u021binerea me\u0219terilor populari care duc mai departe me\u0219te\u0219ugurile artistice specifice zonelor etnografice ale jude\u021bului Suceava.<\/span><\/p>\n<p><span>T\u00e2rgul se desf\u0103\u0219oar\u0103 \u00een perioada 27 februarie \u2013 3 martie 2026 \u0219i reune\u0219te 12 me\u0219teri populari din jude\u021bul Suceava, reprezentativi pentru domenii precum prelucrarea lemnului \u0219i a pieilor, industria casnic\u0103 textil\u0103, \u00eencondeierea ou\u0103lor, confec\u021bionarea podoabelor \u0219i a ou\u0103lor cu m\u0103rgele, realizarea m\u0103\u0219tilor populare, \u00eempletiturile din materiale organice, precum \u0219i alimenta\u021bia tradi\u021bional\u0103.<\/span><br \/><span>Printre vizitatorii primei zile s-au num\u0103rat vicepre\u0219edintele Consiliului Jude\u021bean Suceava Nicolae Robu \u0219i managerul Centrului Cultural Bucovina, C\u0103lin Br\u0103teanu. Cei doi au vizitat standurile expozan\u021bilor \u0219i au discutat at\u00e2t cu me\u0219terii populari, c\u00e2t \u0219i cu vizitatorii veni\u021bi s\u0103 admire m\u0103r\u021bi\u0219oarele.<\/span><\/p>\n<blockquote>\n<p><span><strong><em>\u201eAm avut ocazia s\u0103 stau de vorb\u0103 cu fiecare me\u0219ter popular \u00een parte \u0219i s\u0103 descop\u0103r pove\u0219tile din spatele acestor crea\u021bii. M-am bucurat s\u0103 re\u00eent\u00e2lnesc, printre expozan\u021bi, \u0219i o fost\u0103 coleg\u0103 din \u0219coala gimnazial\u0103. La fiecare stand nu vezi doar m\u0103r\u021bi\u0219oare, ci ani de munc\u0103, r\u0103bdare \u0219i respect pentru tradi\u021bie. Sunt obiecte autentice, lucrate manual, care p\u0103streaz\u0103 simboluri vechi \u0219i le aduc firesc \u00een prezent. \u00cei invit pe suceveni s\u0103 viziteze t\u00e2rgul \u0219i s\u0103 aleag\u0103 m\u0103r\u021bi\u0219oarele unicat, care aduc nu doar bucuria venirii prim\u0103verii, ci duc mai departe \u0219i identitatea noastr\u0103 cultural\u0103\u201d, a spus vicepre\u0219edintele CJ Suceava, Nicolae Robu.<\/em><\/strong><\/span><\/p>\n<\/blockquote>\n<p><span>Speciali\u0219tii Centrului Cultural Bucovina subliniaz\u0103 faptul c\u0103 oferta este una variat\u0103 \u0219i autentic\u0103.<\/span><\/p>\n<blockquote>\n<p><span><em><strong>\u201eVizitatorii pot g\u0103si m\u0103r\u021bi\u0219oare cioplite \u00een lemn, decorate cu simboluri tradi\u021bionale, trifoi cu patru foi, m\u0103\u0219ti, flori, m\u0103r\u021bi\u0219oare cusute pe bumbac cu motive geometrice sau fitomorfe, m\u0103r\u021bi\u0219oare pictate pe coaj\u0103 de ou ori pe lemn, dar \u0219i m\u0103r\u021bi\u0219oare realizate din m\u0103rgele\u201d, a spus Eutasia Rusu, expert etnograf.<\/strong><\/em><\/span><\/p>\n<\/blockquote>\n<p><span>\u00cen zilele de 27 \u0219i 28 februarie, vineri \u0219i s\u00e2mb\u0103t\u0103, copiii sunt invita\u021bi s\u0103 participe la ateliere de confec\u021bionare a m\u0103r\u021bi\u0219oarelor, coordonate de me\u0219terii populari prezen\u021bi la t\u00e2rg. <\/span><br \/><span>La finalul activit\u0103\u021bilor, fiecare participant va pleca acas\u0103 cu propriul m\u0103r\u021bi\u0219or realizat manual, dar \u0219i cu o diplom\u0103 de participare, oferit\u0103 de organizatorii evenimentului.<\/span><br \/><span>T\u00e2rgul M\u0103r\u021bi\u0219orului poate fi vizitat zilnic, iar fiecare m\u0103r\u021bi\u0219or cump\u0103rat \u00eenseamn\u0103 sus\u021binerea direct\u0103 a me\u0219terilor populari \u0219i a tradi\u021biilor locale.<\/span><\/p>\n<\/section>\n<p>[analyse_source url=&#8221;https:\/\/suceavalive.ro\/a-inceput-targul-martisorului-la-shopping-city-suceava-vicepresedintele-consiliului-judetean-suceava-nicolae-robu-prezent-la-deschiderea-evenimentului\/&#8221;]<\/p>\n","protected":false},"excerpt":{"rendered":"<p>[analyse_image type=&#8221;featured&#8221; src=&#8221;https:\/\/suceavalive.ro\/wp-content\/uploads\/2026\/02\/targul-martisorului.pnghttps:\/\/suceavalive.ro\/wp-content\/uploads\/2026\/02\/targul-martisorului.png&#8221;] A \u00eenceput T\u00e2rgul M\u0103r\u021bi\u0219orului la Shopping City Suceava. Vicepre\u0219edintele Consiliului Jude\u021bean Suceava, Nicolae Robu, prezent la deschiderea evenimentului 27 februarie 2026 O nou\u0103 edi\u021bie a T\u00e2rgului M\u0103r\u021bi\u0219orului a debutat ast\u0103zi la Shopping City Suceava.Evenimentul este organizat de Consiliul Jude\u021bean Suceava, prin Centrul Cultural Bucovina, \u00een parteneriat cu Shopping City Suceava, av\u00e2nd ca [&hellip;]<\/p>\n","protected":false},"author":1,"featured_media":0,"comment_status":"open","ping_status":"","sticky":false,"template":"","format":"standard","meta":{"footnotes":""},"categories":[89],"tags":[226,173],"class_list":["post-1798582","post","type-post","status-publish","format-standard","hentry","category-romania","tag-crawlmanager","tag-suceavalive-ro"],"_links":{"self":[{"href":"https:\/\/analyse.optim.biz\/index.php?rest_route=\/wp\/v2\/posts\/1798582","targetHints":{"allow":["GET"]}}],"collection":[{"href":"https:\/\/analyse.optim.biz\/index.php?rest_route=\/wp\/v2\/posts"}],"about":[{"href":"https:\/\/analyse.optim.biz\/index.php?rest_route=\/wp\/v2\/types\/post"}],"author":[{"embeddable":true,"href":"https:\/\/analyse.optim.biz\/index.php?rest_route=\/wp\/v2\/users\/1"}],"replies":[{"embeddable":true,"href":"https:\/\/analyse.optim.biz\/index.php?rest_route=%2Fwp%2Fv2%2Fcomments&post=1798582"}],"version-history":[{"count":0,"href":"https:\/\/analyse.optim.biz\/index.php?rest_route=\/wp\/v2\/posts\/1798582\/revisions"}],"wp:attachment":[{"href":"https:\/\/analyse.optim.biz\/index.php?rest_route=%2Fwp%2Fv2%2Fmedia&parent=1798582"}],"wp:term":[{"taxonomy":"category","embeddable":true,"href":"https:\/\/analyse.optim.biz\/index.php?rest_route=%2Fwp%2Fv2%2Fcategories&post=1798582"},{"taxonomy":"post_tag","embeddable":true,"href":"https:\/\/analyse.optim.biz\/index.php?rest_route=%2Fwp%2Fv2%2Ftags&post=1798582"}],"curies":[{"name":"wp","href":"https:\/\/api.w.org\/{rel}","templated":true}]}}