{"id":1798577,"date":"2026-02-27T13:25:41","date_gmt":"2026-02-27T10:25:41","guid":{"rendered":"https:\/\/analyse.optim.biz\/?p=1798577"},"modified":"2026-02-27T13:25:41","modified_gmt":"2026-02-27T10:25:41","slug":"cinci-cadre-militare-din-cadrul-isu-bucovina-suceava-avansate-in-grad-inainte-de-termen-de-ziua","status":"publish","type":"post","link":"https:\/\/analyse.optim.biz\/?p=1798577","title":{"rendered":"Cinci cadre militare din cadrul ISU \u201eBucovina\u201d Suceava, avansate \u00een grad \u00eenainte de termen de Ziua"},"content":{"rendered":"<p>[analyse_image type=&#8221;featured&#8221; src=&#8221;https:\/\/suceavalive.ro\/wp-content\/uploads\/2026\/02\/isu-pompieri.pnghttps:\/\/suceavalive.ro\/wp-content\/uploads\/2026\/02\/isu-pompieri.png&#8221;]<\/p>\n<article id=\"post-288180\" class=\"clearfix post-288180 post type-post status-publish format-standard has-post-thumbnail hentry category-categoria-social\">\n<header id=\"cb-standard-featured\">\n<div id=\"cb-fis-wrap\" class=\"cb-entry-header cb-fis cb-style-standard\"><span class=\"cb-title-fi\"><\/p>\n<h1 class=\"entry-title cb-entry-title cb-single-title\">Cinci cadre militare din cadrul ISU \u201eBucovina\u201d Suceava, avansate \u00een grad \u00eenainte de termen de Ziua Protec\u021biei Civile<\/h1>\n<div class=\"cb-byline cb-font-header\">\n<div class=\"cb-date cb-byline-element\"><time datetime=\"2026-02-27\">27 februarie 2026<\/time><\/div>\n<\/div>\n<p><\/span><\/div>\n<\/header>\n<section class=\"cb-entry-content entry-content clearfix\">\n<p data-start=\"120\" data-end=\"394\"><span>Cu ocazia Zilei Protec\u021biei Civile, trei ofi\u021beri \u0219i doi subofi\u021beri din cadrul Inspectoratului pentru Situa\u021bii de Urgen\u021b\u0103 \u201eBucovina\u201d Suceava au fost \u00eenainta\u021bi \u00een gradul urm\u0103tor \u00eenainte de termen, ca recunoa\u0219tere a profesionalismului \u0219i a rezultatelor ob\u021binute \u00een activitate.<\/span><\/p>\n<p data-start=\"396\" data-end=\"599\"><span>La eveniment a participat prefectul jude\u021bului Suceava, Traian Andronachi, al\u0103turi de directorul de cancelarie, C\u0103t\u0103lin Fediuc, \u0219i de inspectorul-\u0219ef al ISU \u201eBucovina\u201d Suceava, colonelul Costic\u0103 Ghia\u021b\u0103.<\/span><\/p>\n<p data-start=\"601\" data-end=\"908\"><span>Reprezentan\u021bii institu\u021biei au subliniat c\u0103 avansarea \u00eenainte de termen reflect\u0103 implicarea constant\u0103 a celor cinci cadre militare \u00een misiunile desf\u0103\u0219urate \u0219i responsabilitatea asumat\u0103 \u00een protejarea comunit\u0103\u021bii. Odat\u0103 cu noul grad, ace\u0219tia preiau \u0219i atribu\u021bii suplimentare \u00een cadrul structurilor operative.<\/span><\/p>\n<p data-start=\"910\" data-end=\"1003\" data-is-last-node data-is-only-node><span>Conducerea ISU le-a transmis felicit\u0103ri \u0219i le-a urat succes \u00een continuarea carierei militare.<\/span><\/p>\n<\/section>\n<footer class=\"article-footer\">\n<div class=\"cb-social-sharing cb-post-footer-block cb-beside clearfix\">\n<div class=\"cb-title-subtle\">Share On:<\/div>\n<div class=\"cb-twitter\"><a href=\"https:\/\/twitter.com\/share\" class=\"twitter-share-button\" data-dnt=\"true\" data-count=\"horizontal\">Tweet<\/a><\/div>\n<\/div>\n<div id=\"cb-previous-next-links\" class=\"cb-post-footer-block clearfix\">\n<div id=\"cb-previous-link\"><a href=\"https:\/\/suceavalive.ro\/presedinta-pnl-suceava-angelica-fador-guvernul-bolojan-reformeaza-administratia-mai-putini-birocrati-mai-multi-bani-pentru-investitii\/\" rel=\"prev\">Pre\u0219edinta PNL Suceava, Angelica F\u0103dor: \u201eGuvernul Bolojan reformeaz\u0103 administra\u021bia: mai pu\u021bini birocra\u021bi, mai mul\u021bi bani pentru investi\u021bii\u201d<\/a><\/div>\n<div id=\"cb-next-link\"><a href=\"https:\/\/suceavalive.ro\/teatrul-studentesc-fabulinus-anunta-o-noua-reprezentatie-a-spectacolului-muzical-pinguini\/\" rel=\"next\">Teatrul Studen\u021besc Fabulinus anun\u021b\u0103 o nou\u0103 reprezenta\u021bie\u00a0 a spectacolului muzical \u201ePinguini\u201d<\/a><\/div>\n<\/div>\n<div id=\"cb-author-box\" class=\"clearfix\">\n<h3 class=\"cb-block-title\">Despre autor<\/h3>\n<div class=\"cb-meta\">\n<div class=\"cb-info\">\n<div class=\"cb-author-title vcard\"><a href=\"https:\/\/suceavalive.ro\/author\/suceavalive\/\"><span class=\"fn\">SuceavaLive<\/span><\/a><\/div>\n<\/div>\n<\/div>\n<\/div>\n<div id=\"cb-related-posts\" class=\"cb-related-posts-block cb-post-end-block clearfix\">\n<h3 class=\"cb-block-title\">Postari asemanatoare<\/h3>\n<ul>\n<li class=\"cb-style-overlay cb-grid-entry cb-related-post no-1\">\n<div class=\"cb-meta cb-article-meta\">\n<h4 class=\"h3 cb-post-title\"><a href=\"https:\/\/suceavalive.ro\/draga-turistule-de-pasii-te-vor-purta-in-bucovina-nu-uita-de-codrii-seculari-slatioara\/\">Drag\u0103 turistule, de pa\u0219ii te vor purta \u00een Bucovina, nu uita de Codrii Seculari Sl\u0103tioara<\/a><\/h4>\n<div class=\"cb-byline cb-font-header\">\n<div class=\"cb-date cb-byline-element\"><time datetime=\"2026-02-27\">27 februarie 2026<\/time><\/div>\n<\/div>\n<\/div>\n<\/li>\n<li class=\"cb-style-overlay cb-grid-entry cb-related-post no-2\">\n<div class=\"cb-meta cb-article-meta\">\n<h4 class=\"h3 cb-post-title\"><a href=\"https:\/\/suceavalive.ro\/teatrul-studentesc-fabulinus-anunta-o-noua-reprezentatie-a-spectacolului-muzical-pinguini\/\">Teatrul Studen\u021besc Fabulinus anun\u021b\u0103 o nou\u0103 reprezenta\u021bie\u00a0 a spectacolului muzical \u201ePinguini\u201d<\/a><\/h4>\n<div class=\"cb-byline cb-font-header\">\n<div class=\"cb-date cb-byline-element\"><time datetime=\"2026-02-27\">27 februarie 2026<\/time><\/div>\n<\/div>\n<\/div>\n<\/li>\n<\/ul>\n<\/div>\n<\/footer>\n<div id=\"respond\" class=\"comment-respond\">\n<h3 id=\"reply-title\" class=\"comment-reply-title\">Lasa un raspuns <small><a rel=\"nofollow\" id=\"cancel-comment-reply-link\" href=\"https:\/\/suceavalive.ro\/cinci-cadre-militare-din-cadrul-isu-bucovina-suceava-avansate-in-grad-inainte-de-termen-de-ziua-protectiei-civile\/?fbclid=IwY2xjawQO4e5leHRuA2FlbQIxMQBzcnRjBmFwcF9pZBAyMjIwMzkxNzg4MjAwODkyAAEeS4a07_8MHNDVLjFWVI56HYotnk7ioqXCpK4sGkmfwY6W9X_Elk9wDgdyOc8_aem_-N5uupWSZm3zfH-CMdu36Q#respond\">Anuleaza raspunsul<\/a><\/small><\/h3>\n<p class=\"comment-notes\">Adresa ta de email nu va fi publicat\u0103.<\/p>\n<\/div>\n<\/article>\n<section class=\"cb-entry-content entry-content clearfix\">\n<p data-start=\"120\" data-end=\"394\"><span>Cu ocazia Zilei Protec\u021biei Civile, trei ofi\u021beri \u0219i doi subofi\u021beri din cadrul Inspectoratului pentru Situa\u021bii de Urgen\u021b\u0103 \u201eBucovina\u201d Suceava au fost \u00eenainta\u021bi \u00een gradul urm\u0103tor \u00eenainte de termen, ca recunoa\u0219tere a profesionalismului \u0219i a rezultatelor ob\u021binute \u00een activitate.<\/span><\/p>\n<p data-start=\"396\" data-end=\"599\"><span>La eveniment a participat prefectul jude\u021bului Suceava, Traian Andronachi, al\u0103turi de directorul de cancelarie, C\u0103t\u0103lin Fediuc, \u0219i de inspectorul-\u0219ef al ISU \u201eBucovina\u201d Suceava, colonelul Costic\u0103 Ghia\u021b\u0103.<\/span><\/p>\n<p data-start=\"601\" data-end=\"908\"><span>Reprezentan\u021bii institu\u021biei au subliniat c\u0103 avansarea \u00eenainte de termen reflect\u0103 implicarea constant\u0103 a celor cinci cadre militare \u00een misiunile desf\u0103\u0219urate \u0219i responsabilitatea asumat\u0103 \u00een protejarea comunit\u0103\u021bii. Odat\u0103 cu noul grad, ace\u0219tia preiau \u0219i atribu\u021bii suplimentare \u00een cadrul structurilor operative.<\/span><\/p>\n<p data-start=\"910\" data-end=\"1003\" data-is-last-node data-is-only-node><span>Conducerea ISU le-a transmis felicit\u0103ri \u0219i le-a urat succes \u00een continuarea carierei militare.<\/span><\/p>\n<\/section>\n<section class=\"cb-entry-content entry-content clearfix\">\n<p data-start=\"120\" data-end=\"394\"><span>Cu ocazia Zilei Protec\u021biei Civile, trei ofi\u021beri \u0219i doi subofi\u021beri din cadrul Inspectoratului pentru Situa\u021bii de Urgen\u021b\u0103 \u201eBucovina\u201d Suceava au fost \u00eenainta\u021bi \u00een gradul urm\u0103tor \u00eenainte de termen, ca recunoa\u0219tere a profesionalismului \u0219i a rezultatelor ob\u021binute \u00een activitate.<\/span><\/p>\n<p data-start=\"396\" data-end=\"599\"><span>La eveniment a participat prefectul jude\u021bului Suceava, Traian Andronachi, al\u0103turi de directorul de cancelarie, C\u0103t\u0103lin Fediuc, \u0219i de inspectorul-\u0219ef al ISU \u201eBucovina\u201d Suceava, colonelul Costic\u0103 Ghia\u021b\u0103.<\/span><\/p>\n<p data-start=\"601\" data-end=\"908\"><span>Reprezentan\u021bii institu\u021biei au subliniat c\u0103 avansarea \u00eenainte de termen reflect\u0103 implicarea constant\u0103 a celor cinci cadre militare \u00een misiunile desf\u0103\u0219urate \u0219i responsabilitatea asumat\u0103 \u00een protejarea comunit\u0103\u021bii. Odat\u0103 cu noul grad, ace\u0219tia preiau \u0219i atribu\u021bii suplimentare \u00een cadrul structurilor operative.<\/span><\/p>\n<p data-start=\"910\" data-end=\"1003\" data-is-last-node data-is-only-node><span>Conducerea ISU le-a transmis felicit\u0103ri \u0219i le-a urat succes \u00een continuarea carierei militare.<\/span><\/p>\n<\/section>\n<p>[analyse_source url=&#8221;https:\/\/suceavalive.ro\/cinci-cadre-militare-din-cadrul-isu-bucovina-suceava-avansate-in-grad-inainte-de-termen-de-ziua-protectiei-civile\/&#8221;]<\/p>\n","protected":false},"excerpt":{"rendered":"<p>[analyse_image type=&#8221;featured&#8221; src=&#8221;https:\/\/suceavalive.ro\/wp-content\/uploads\/2026\/02\/isu-pompieri.pnghttps:\/\/suceavalive.ro\/wp-content\/uploads\/2026\/02\/isu-pompieri.png&#8221;] Cinci cadre militare din cadrul ISU \u201eBucovina\u201d Suceava, avansate \u00een grad \u00eenainte de termen de Ziua Protec\u021biei Civile 27 februarie 2026 Cu ocazia Zilei Protec\u021biei Civile, trei ofi\u021beri \u0219i doi subofi\u021beri din cadrul Inspectoratului pentru Situa\u021bii de Urgen\u021b\u0103 \u201eBucovina\u201d Suceava au fost \u00eenainta\u021bi \u00een gradul urm\u0103tor \u00eenainte de termen, ca recunoa\u0219tere a [&hellip;]<\/p>\n","protected":false},"author":1,"featured_media":0,"comment_status":"open","ping_status":"","sticky":false,"template":"","format":"standard","meta":{"footnotes":""},"categories":[89],"tags":[226,173],"class_list":["post-1798577","post","type-post","status-publish","format-standard","hentry","category-romania","tag-crawlmanager","tag-suceavalive-ro"],"_links":{"self":[{"href":"https:\/\/analyse.optim.biz\/index.php?rest_route=\/wp\/v2\/posts\/1798577","targetHints":{"allow":["GET"]}}],"collection":[{"href":"https:\/\/analyse.optim.biz\/index.php?rest_route=\/wp\/v2\/posts"}],"about":[{"href":"https:\/\/analyse.optim.biz\/index.php?rest_route=\/wp\/v2\/types\/post"}],"author":[{"embeddable":true,"href":"https:\/\/analyse.optim.biz\/index.php?rest_route=\/wp\/v2\/users\/1"}],"replies":[{"embeddable":true,"href":"https:\/\/analyse.optim.biz\/index.php?rest_route=%2Fwp%2Fv2%2Fcomments&post=1798577"}],"version-history":[{"count":0,"href":"https:\/\/analyse.optim.biz\/index.php?rest_route=\/wp\/v2\/posts\/1798577\/revisions"}],"wp:attachment":[{"href":"https:\/\/analyse.optim.biz\/index.php?rest_route=%2Fwp%2Fv2%2Fmedia&parent=1798577"}],"wp:term":[{"taxonomy":"category","embeddable":true,"href":"https:\/\/analyse.optim.biz\/index.php?rest_route=%2Fwp%2Fv2%2Fcategories&post=1798577"},{"taxonomy":"post_tag","embeddable":true,"href":"https:\/\/analyse.optim.biz\/index.php?rest_route=%2Fwp%2Fv2%2Ftags&post=1798577"}],"curies":[{"name":"wp","href":"https:\/\/api.w.org\/{rel}","templated":true}]}}