{"id":1798576,"date":"2026-02-27T12:15:22","date_gmt":"2026-02-27T09:15:22","guid":{"rendered":"https:\/\/analyse.optim.biz\/?p=1798576"},"modified":"2026-02-27T12:15:22","modified_gmt":"2026-02-27T09:15:22","slug":"viziuni-comune-si-parteneriat-pentru-dezvoltare-locala-suceavalive","status":"publish","type":"post","link":"https:\/\/analyse.optim.biz\/?p=1798576","title":{"rendered":"Viziuni comune \u015fi parteneriat pentru dezvoltare local\u0103 &#8211; SuceavaLIVE"},"content":{"rendered":"<p>[analyse_image type=&#8221;featured&#8221; src=&#8221;https:\/\/suceavalive.ro\/wp-content\/uploads\/2026\/02\/ungurian-purici.pnghttps:\/\/suceavalive.ro\/wp-content\/uploads\/2026\/02\/ungurian-purici.png&#8221;]<\/p>\n<article id=\"post-288169\" class=\"clearfix post-288169 post type-post status-publish format-standard has-post-thumbnail hentry category-categoria-social\">\n<header id=\"cb-standard-featured\">\n<div id=\"cb-fis-wrap\" class=\"cb-entry-header cb-fis cb-style-standard\"><span class=\"cb-title-fi\"><\/p>\n<h1 class=\"entry-title cb-entry-title cb-single-title\">Viziuni comune \u015fi parteneriat pentru dezvoltare local\u0103<\/h1>\n<div class=\"cb-byline cb-font-header\">\n<div class=\"cb-date cb-byline-element\"><time datetime=\"2026-02-27\">27 februarie 2026<\/time><\/div>\n<\/div>\n<p><\/span><\/div>\n<\/header>\n<section class=\"cb-entry-content entry-content clearfix\">\n<p><span>Joi, 26 februarie, la Book Caf\u00e9, Centrul de Orientare, Asociere \u015fi Consiliere \u00een Cariera de Cercet\u0103tor (COACH USV) a organizat \u00eent\u00e2lnirea <i>Viziuni comune \u015fi parteneriat pentru dezvoltare local\u0103: Prim\u0103ria Suceava \u015fi Universitatea \u201e\u015etefan cel Mare\u201d din Suceava<\/i>. Institu\u021bia gazd\u0103 a fost reprezentat\u0103 de profesor universitar dr. \u015etefan Purici, prorector, iar din partea prim\u0103riei a participat viceprimarul Daniel Ungurian. Activitatea, la care au fost prezen\u021bi studen\u0163i rom\u00e2ni \u015fi str\u0103ini, al\u0103turi de cadre didactice ale USV, a fost moderat\u0103 de\u00a0 profesor universitar dr. Elena-Br\u00e2ndu\u015fa Steiciuc, director COACH USV.<\/span><\/p>\n<p><span><span>\u00a0\u00cen interven\u0163ia sa, Daniel Ungurian a men\u0163ionat c\u00e2teva dintre cele mai importante obiective ale Prim\u0103riei Suceava \u00een etapa actual\u0103: conceptul de <\/span><i><span>smart city<\/span><\/i><span>, transportul public, interna\u021bionalizarea \u015fi leg\u0103turile cu diverse ora\u0219e din Europa \u015fi Statele Unite, sus\u0163inerea culturii \u015fi a turismului. \u00cen continuare, prof. univ. dr. \u015etefan Purici a subliniat importan\u0163a colabor\u0103rii dintre cele dou\u0103 institu\u0163ii, men\u0163ion\u00e2nd ajutorul primit de <\/span><i><span>alma mater sucevensis <\/span><\/i><span>de la Prim\u0103ria Suceava \u015fi contribu\u021bia institu\u021biei la dezvoltarea comunit\u0103\u021bii locale. A urmat un dialog cu studen\u0163ii, care au f\u0103cut diverse\u00a0 propuneri \u015fi sugestii pentru o dezvoltare durabil\u0103 a ora\u015fului.<\/span><\/span><\/p>\n<\/section>\n<footer class=\"article-footer\">\n<div class=\"cb-social-sharing cb-post-footer-block cb-beside clearfix\">\n<div class=\"cb-title-subtle\">Share On:<\/div>\n<div class=\"cb-twitter\"><a href=\"https:\/\/twitter.com\/share\" class=\"twitter-share-button\" data-dnt=\"true\" data-count=\"horizontal\">Tweet<\/a><\/div>\n<\/div>\n<div id=\"cb-previous-next-links\" class=\"cb-post-footer-block clearfix\">\n<div id=\"cb-previous-link\"><a href=\"https:\/\/suceavalive.ro\/senatorul-vlaescu-cere-clarificari-cum-va-proteja-romania-interesele-cetatenilor-in-contextul-europei-cu-doua-viteze\/\" rel=\"prev\">Senatorul Vl\u0103escu cere clarific\u0103ri: cum va proteja Rom\u00e2nia interesele cet\u0103\u021benilor \u00een contextul \u201eEuropei cu dou\u0103 viteze\u201d<\/a><\/div>\n<div id=\"cb-next-link\"><a href=\"https:\/\/suceavalive.ro\/itm-suceava-258-controale-si-140-sanctiuni-aplicate-in-ianuarie-pentru-munca-nedeclarata-si-incalcari-ale-securitatii-in-munca\/\" rel=\"next\">ITM Suceava: 258 controale \u0219i 140 sanc\u021biuni aplicate \u00een ianuarie pentru munc\u0103 nedeclarat\u0103 \u0219i \u00eenc\u0103lc\u0103ri ale securit\u0103\u021bii \u00een munc\u0103<\/a><\/div>\n<\/div>\n<div id=\"cb-author-box\" class=\"clearfix\">\n<h3 class=\"cb-block-title\">Despre autor<\/h3>\n<div class=\"cb-meta\">\n<div class=\"cb-info\">\n<div class=\"cb-author-title vcard\"><a href=\"https:\/\/suceavalive.ro\/author\/suceavalive\/\"><span class=\"fn\">SuceavaLive<\/span><\/a><\/div>\n<\/div>\n<\/div>\n<\/div>\n<div id=\"cb-related-posts\" class=\"cb-related-posts-block cb-post-end-block clearfix\">\n<h3 class=\"cb-block-title\">Postari asemanatoare<\/h3>\n<ul>\n<li class=\"cb-style-overlay cb-grid-entry cb-related-post no-1\">\n<div class=\"cb-meta cb-article-meta\">\n<h4 class=\"h3 cb-post-title\"><a href=\"https:\/\/suceavalive.ro\/draga-turistule-de-pasii-te-vor-purta-in-bucovina-nu-uita-de-codrii-seculari-slatioara\/\">Drag\u0103 turistule, de pa\u0219ii te vor purta \u00een Bucovina, nu uita de Codrii Seculari Sl\u0103tioara<\/a><\/h4>\n<div class=\"cb-byline cb-font-header\">\n<div class=\"cb-date cb-byline-element\"><time datetime=\"2026-02-27\">27 februarie 2026<\/time><\/div>\n<\/div>\n<\/div>\n<\/li>\n<li class=\"cb-style-overlay cb-grid-entry cb-related-post no-2\">\n<div class=\"cb-meta cb-article-meta\">\n<h4 class=\"h3 cb-post-title\"><a href=\"https:\/\/suceavalive.ro\/teatrul-studentesc-fabulinus-anunta-o-noua-reprezentatie-a-spectacolului-muzical-pinguini\/\">Teatrul Studen\u021besc Fabulinus anun\u021b\u0103 o nou\u0103 reprezenta\u021bie\u00a0 a spectacolului muzical \u201ePinguini\u201d<\/a><\/h4>\n<div class=\"cb-byline cb-font-header\">\n<div class=\"cb-date cb-byline-element\"><time datetime=\"2026-02-27\">27 februarie 2026<\/time><\/div>\n<\/div>\n<\/div>\n<\/li>\n<\/ul>\n<\/div>\n<\/footer>\n<div id=\"respond\" class=\"comment-respond\">\n<h3 id=\"reply-title\" class=\"comment-reply-title\">Lasa un raspuns <small><a rel=\"nofollow\" id=\"cancel-comment-reply-link\" href=\"https:\/\/suceavalive.ro\/viziuni-comune-si-parteneriat-pentru-dezvoltare-locala\/#respond\">Anuleaza raspunsul<\/a><\/small><\/h3>\n<p class=\"comment-notes\">Adresa ta de email nu va fi publicat\u0103.<\/p>\n<\/div>\n<\/article>\n<section class=\"cb-entry-content entry-content clearfix\">\n<p><span>Joi, 26 februarie, la Book Caf\u00e9, Centrul de Orientare, Asociere \u015fi Consiliere \u00een Cariera de Cercet\u0103tor (COACH USV) a organizat \u00eent\u00e2lnirea <i>Viziuni comune \u015fi parteneriat pentru dezvoltare local\u0103: Prim\u0103ria Suceava \u015fi Universitatea \u201e\u015etefan cel Mare\u201d din Suceava<\/i>. Institu\u021bia gazd\u0103 a fost reprezentat\u0103 de profesor universitar dr. \u015etefan Purici, prorector, iar din partea prim\u0103riei a participat viceprimarul Daniel Ungurian. Activitatea, la care au fost prezen\u021bi studen\u0163i rom\u00e2ni \u015fi str\u0103ini, al\u0103turi de cadre didactice ale USV, a fost moderat\u0103 de\u00a0 profesor universitar dr. Elena-Br\u00e2ndu\u015fa Steiciuc, director COACH USV.<\/span><\/p>\n<p><span><span>\u00a0\u00cen interven\u0163ia sa, Daniel Ungurian a men\u0163ionat c\u00e2teva dintre cele mai importante obiective ale Prim\u0103riei Suceava \u00een etapa actual\u0103: conceptul de <\/span><i><span>smart city<\/span><\/i><span>, transportul public, interna\u021bionalizarea \u015fi leg\u0103turile cu diverse ora\u0219e din Europa \u015fi Statele Unite, sus\u0163inerea culturii \u015fi a turismului. \u00cen continuare, prof. univ. dr. \u015etefan Purici a subliniat importan\u0163a colabor\u0103rii dintre cele dou\u0103 institu\u0163ii, men\u0163ion\u00e2nd ajutorul primit de <\/span><i><span>alma mater sucevensis <\/span><\/i><span>de la Prim\u0103ria Suceava \u015fi contribu\u021bia institu\u021biei la dezvoltarea comunit\u0103\u021bii locale. A urmat un dialog cu studen\u0163ii, care au f\u0103cut diverse\u00a0 propuneri \u015fi sugestii pentru o dezvoltare durabil\u0103 a ora\u015fului.<\/span><\/span><\/p>\n<\/section>\n<section class=\"cb-entry-content entry-content clearfix\">\n<p><span>Joi, 26 februarie, la Book Caf\u00e9, Centrul de Orientare, Asociere \u015fi Consiliere \u00een Cariera de Cercet\u0103tor (COACH USV) a organizat \u00eent\u00e2lnirea <i>Viziuni comune \u015fi parteneriat pentru dezvoltare local\u0103: Prim\u0103ria Suceava \u015fi Universitatea \u201e\u015etefan cel Mare\u201d din Suceava<\/i>. Institu\u021bia gazd\u0103 a fost reprezentat\u0103 de profesor universitar dr. \u015etefan Purici, prorector, iar din partea prim\u0103riei a participat viceprimarul Daniel Ungurian. Activitatea, la care au fost prezen\u021bi studen\u0163i rom\u00e2ni \u015fi str\u0103ini, al\u0103turi de cadre didactice ale USV, a fost moderat\u0103 de\u00a0 profesor universitar dr. Elena-Br\u00e2ndu\u015fa Steiciuc, director COACH USV.<\/span><\/p>\n<p><span><span>\u00a0\u00cen interven\u0163ia sa, Daniel Ungurian a men\u0163ionat c\u00e2teva dintre cele mai importante obiective ale Prim\u0103riei Suceava \u00een etapa actual\u0103: conceptul de <\/span><i><span>smart city<\/span><\/i><span>, transportul public, interna\u021bionalizarea \u015fi leg\u0103turile cu diverse ora\u0219e din Europa \u015fi Statele Unite, sus\u0163inerea culturii \u015fi a turismului. \u00cen continuare, prof. univ. dr. \u015etefan Purici a subliniat importan\u0163a colabor\u0103rii dintre cele dou\u0103 institu\u0163ii, men\u0163ion\u00e2nd ajutorul primit de <\/span><i><span>alma mater sucevensis <\/span><\/i><span>de la Prim\u0103ria Suceava \u015fi contribu\u021bia institu\u021biei la dezvoltarea comunit\u0103\u021bii locale. A urmat un dialog cu studen\u0163ii, care au f\u0103cut diverse\u00a0 propuneri \u015fi sugestii pentru o dezvoltare durabil\u0103 a ora\u015fului.<\/span><\/span><\/p>\n<\/section>\n<p>[analyse_source url=&#8221;https:\/\/suceavalive.ro\/viziuni-comune-si-parteneriat-pentru-dezvoltare-locala\/&#8221;]<\/p>\n","protected":false},"excerpt":{"rendered":"<p>[analyse_image type=&#8221;featured&#8221; src=&#8221;https:\/\/suceavalive.ro\/wp-content\/uploads\/2026\/02\/ungurian-purici.pnghttps:\/\/suceavalive.ro\/wp-content\/uploads\/2026\/02\/ungurian-purici.png&#8221;] Viziuni comune \u015fi parteneriat pentru dezvoltare local\u0103 27 februarie 2026 Joi, 26 februarie, la Book Caf\u00e9, Centrul de Orientare, Asociere \u015fi Consiliere \u00een Cariera de Cercet\u0103tor (COACH USV) a organizat \u00eent\u00e2lnirea Viziuni comune \u015fi parteneriat pentru dezvoltare local\u0103: Prim\u0103ria Suceava \u015fi Universitatea \u201e\u015etefan cel Mare\u201d din Suceava. Institu\u021bia gazd\u0103 a fost reprezentat\u0103 [&hellip;]<\/p>\n","protected":false},"author":1,"featured_media":0,"comment_status":"open","ping_status":"","sticky":false,"template":"","format":"standard","meta":{"footnotes":""},"categories":[89],"tags":[226,173],"class_list":["post-1798576","post","type-post","status-publish","format-standard","hentry","category-romania","tag-crawlmanager","tag-suceavalive-ro"],"_links":{"self":[{"href":"https:\/\/analyse.optim.biz\/index.php?rest_route=\/wp\/v2\/posts\/1798576","targetHints":{"allow":["GET"]}}],"collection":[{"href":"https:\/\/analyse.optim.biz\/index.php?rest_route=\/wp\/v2\/posts"}],"about":[{"href":"https:\/\/analyse.optim.biz\/index.php?rest_route=\/wp\/v2\/types\/post"}],"author":[{"embeddable":true,"href":"https:\/\/analyse.optim.biz\/index.php?rest_route=\/wp\/v2\/users\/1"}],"replies":[{"embeddable":true,"href":"https:\/\/analyse.optim.biz\/index.php?rest_route=%2Fwp%2Fv2%2Fcomments&post=1798576"}],"version-history":[{"count":0,"href":"https:\/\/analyse.optim.biz\/index.php?rest_route=\/wp\/v2\/posts\/1798576\/revisions"}],"wp:attachment":[{"href":"https:\/\/analyse.optim.biz\/index.php?rest_route=%2Fwp%2Fv2%2Fmedia&parent=1798576"}],"wp:term":[{"taxonomy":"category","embeddable":true,"href":"https:\/\/analyse.optim.biz\/index.php?rest_route=%2Fwp%2Fv2%2Fcategories&post=1798576"},{"taxonomy":"post_tag","embeddable":true,"href":"https:\/\/analyse.optim.biz\/index.php?rest_route=%2Fwp%2Fv2%2Ftags&post=1798576"}],"curies":[{"name":"wp","href":"https:\/\/api.w.org\/{rel}","templated":true}]}}