{"id":1798574,"date":"2026-02-27T12:10:57","date_gmt":"2026-02-27T09:10:57","guid":{"rendered":"https:\/\/analyse.optim.biz\/?p=1798574"},"modified":"2026-02-27T12:10:57","modified_gmt":"2026-02-27T09:10:57","slug":"senatorul-vlaescu-cere-clarificari-cum-va-proteja-romania-interesele-cetatenilor-in-contextul-europei-cu","status":"publish","type":"post","link":"https:\/\/analyse.optim.biz\/?p=1798574","title":{"rendered":"Senatorul Vl\u0103escu cere clarific\u0103ri: cum va proteja Rom\u00e2nia interesele cet\u0103\u021benilor \u00een contextul \u201eEuropei cu"},"content":{"rendered":"<p>[analyse_image type=&#8221;featured&#8221; src=&#8221;https:\/\/suceavalive.ro\/wp-content\/uploads\/2025\/04\/virgiliu-vlaescu1.jpghttps:\/\/suceavalive.ro\/wp-content\/uploads\/2025\/04\/virgiliu-vlaescu1.jpg&#8221;]<\/p>\n<article id=\"post-288166\" class=\"clearfix post-288166 post type-post status-publish format-standard has-post-thumbnail hentry category-politic\">\n<header id=\"cb-standard-featured\">\n<div id=\"cb-fis-wrap\" class=\"cb-entry-header cb-fis cb-style-standard\"><span class=\"cb-title-fi\"><\/p>\n<h1 class=\"entry-title cb-entry-title cb-single-title\">Senatorul Vl\u0103escu cere clarific\u0103ri: cum va proteja Rom\u00e2nia interesele cet\u0103\u021benilor \u00een contextul \u201eEuropei cu dou\u0103 viteze\u201d<\/h1>\n<div class=\"cb-byline cb-font-header\">\n<div class=\"cb-date cb-byline-element\"><time datetime=\"2026-02-27\">27 februarie 2026<\/time><\/div>\n<\/div>\n<p><\/span><\/div>\n<\/header>\n<section class=\"cb-entry-content entry-content clearfix\">\n<p data-start=\"123\" data-end=\"356\"><span>Senatorul AUR de Suceava, Virgiliu Vl\u0103escu, i-a adresat o interpelare prim-ministrului Ilie Bolojan privind efectele unui posibil mecanism \u201eEuropa cu dou\u0103 viteze\u201d asupra Rom\u00e2niei \u0219i cet\u0103\u021benilor s\u0103i.<\/span><\/p>\n<p data-start=\"358\" data-end=\"936\"><span>\u00cen interpelare, Vl\u0103escu atrage aten\u021bia asupra declara\u021biilor recente ale pre\u0219edintei B\u0103ncii Centrale Europene, Christine Lagarde, care a sus\u021binut c\u0103 Uniunea European\u0103 poate func\u021biona f\u0103r\u0103 unanimitatea celor 27 de state membre \u0219i c\u0103 guvernele trebuie s\u0103 accelereze reformele economice. Aceasta vine \u00een contextul proiectului \u201eUniunea economiilor \u0219i investi\u021biilor\u201d, destinat s\u0103 aprofundeze pie\u021bele financiare transfrontaliere \u0219i s\u0103 mobilizeze economiile private, dar care a generat sus\u021binerea unor state precum Fran\u021ba, Germania, Italia \u0219i Spania pentru un format \u201ecu dou\u0103 viteze\u201d.<\/span><\/p>\n<p data-start=\"938\" data-end=\"1251\"><span>Pre\u0219edinta Comisiei Europene, Ursula von der Leyen, a men\u021bionat posibilitatea \u201ecooper\u0103rii consolidate\u201d dac\u0103 unanimitatea nu poate fi ob\u021binut\u0103. Lagarde a prezentat o list\u0103 cu cinci m\u0103suri urgente, incluz\u00e2nd integrarea pie\u021belor de capital, armonizarea cadrului juridic al firmelor \u0219i coordonarea cercet\u0103rii \u00een UE.<\/span><\/p>\n<p data-start=\"1253\" data-end=\"1499\"><span>Ministrul Finan\u021belor, Alexandru Nazare, a declarat c\u0103 sus\u021bine ideea unei \u201eEurope cu dou\u0103 viteze\u201d \u0219i sprijin\u0103 formatul E6, care reune\u0219te Germania, Fran\u021ba, Italia, Spania, \u021a\u0103rile de Jos \u0219i Polonia, pentru luarea mai rapid\u0103 a deciziilor economice.<\/span><\/p>\n<p data-start=\"1501\" data-end=\"1877\"><span>Senatorul Vl\u0103escu semnaleaz\u0103 c\u0103 aceast\u0103 abordare ar putea fi dezavantajoas\u0103 pentru rom\u00e2nii care muncesc \u00een str\u0103in\u0103tate \u0219i pentru pozi\u021bia Rom\u00e2niei \u00een UE. El men\u021bioneaz\u0103 ini\u021biativa E6, care a \u00eenceput cu o scrisoare trimis\u0103 pe 26 ianuarie de ministrul german de Finan\u021be, Lars Klingbeil, \u0219i consolidat\u0103 de cancelarul german, Friedrich Merz, la Congresul PPE pe 31 ianuarie 2026.<\/span><\/p>\n<p data-start=\"1879\" data-end=\"2069\" data-is-last-node data-is-only-node><span>Senatorul solicit\u0103 prim-ministrului s\u0103 precizeze ce solu\u021bii are Guvernul pentru a evita scenariul \u201eEuropei cu dou\u0103 viteze\u201d \u0219i pentru a proteja interesele Rom\u00e2niei \u00een cadrul Uniunii Europene.<\/span><\/p>\n<\/section>\n<footer class=\"article-footer\">\n<div class=\"cb-social-sharing cb-post-footer-block cb-beside clearfix\">\n<div class=\"cb-title-subtle\">Share On:<\/div>\n<div class=\"cb-twitter\"><a href=\"https:\/\/twitter.com\/share\" class=\"twitter-share-button\" data-dnt=\"true\" data-count=\"horizontal\">Tweet<\/a><\/div>\n<\/div>\n<div id=\"cb-previous-next-links\" class=\"cb-post-footer-block clearfix\">\n<div id=\"cb-previous-link\"><a href=\"https:\/\/suceavalive.ro\/deputatul-puscasu-cere-claritate-cand-vor-plati-romanii-energie-la-preturi-comparabile-cu-media-ue\/\" rel=\"prev\">Deputatul Pusca\u0219u cere claritate: c\u00e2nd vor pl\u0103ti rom\u00e2nii energie la pre\u021buri comparabile cu media UE<\/a><\/div>\n<div id=\"cb-next-link\"><a href=\"https:\/\/suceavalive.ro\/viziuni-comune-si-parteneriat-pentru-dezvoltare-locala\/\" rel=\"next\">Viziuni comune \u015fi parteneriat pentru dezvoltare local\u0103<\/a><\/div>\n<\/div>\n<div id=\"cb-author-box\" class=\"clearfix\">\n<h3 class=\"cb-block-title\">Despre autor<\/h3>\n<div class=\"cb-meta\">\n<div class=\"cb-info\">\n<div class=\"cb-author-title vcard\"><a href=\"https:\/\/suceavalive.ro\/author\/suceavalive\/\"><span class=\"fn\">SuceavaLive<\/span><\/a><\/div>\n<\/div>\n<\/div>\n<\/div>\n<div id=\"cb-related-posts\" class=\"cb-related-posts-block cb-post-end-block clearfix\">\n<h3 class=\"cb-block-title\">Postari asemanatoare<\/h3>\n<ul>\n<li class=\"cb-style-overlay cb-grid-entry cb-related-post no-1\">\n<div class=\"cb-meta cb-article-meta\">\n<h4 class=\"h3 cb-post-title\"><a href=\"https:\/\/suceavalive.ro\/presedinta-pnl-suceava-angelica-fador-guvernul-bolojan-reformeaza-administratia-mai-putini-birocrati-mai-multi-bani-pentru-investitii\/\">Pre\u0219edinta PNL Suceava, Angelica F\u0103dor: \u201eGuvernul Bolojan reformeaz\u0103 administra\u021bia: mai pu\u021bini birocra\u021bi, mai mul\u021bi bani pentru investi\u021bii\u201d<\/a><\/h4>\n<div class=\"cb-byline cb-font-header\">\n<div class=\"cb-date cb-byline-element\"><time datetime=\"2026-02-27\">27 februarie 2026<\/time><\/div>\n<div class=\"cb-comments cb-byline-element\"><a href=\"https:\/\/suceavalive.ro\/presedinta-pnl-suceava-angelica-fador-guvernul-bolojan-reformeaza-administratia-mai-putini-birocrati-mai-multi-bani-pentru-investitii\/#comments\">5<\/a><\/div>\n<\/div>\n<\/div>\n<\/li>\n<li class=\"cb-style-overlay cb-grid-entry cb-related-post no-2\">\n<div class=\"cb-meta cb-article-meta\">\n<h4 class=\"h3 cb-post-title\"><a href=\"https:\/\/suceavalive.ro\/deputatul-puscasu-cere-claritate-cand-vor-plati-romanii-energie-la-preturi-comparabile-cu-media-ue\/\">Deputatul Pusca\u0219u cere claritate: c\u00e2nd vor pl\u0103ti rom\u00e2nii energie la pre\u021buri comparabile cu media UE<\/a><\/h4>\n<div class=\"cb-byline cb-font-header\">\n<div class=\"cb-date cb-byline-element\"><time datetime=\"2026-02-27\">27 februarie 2026<\/time><\/div>\n<\/div>\n<\/div>\n<\/li>\n<\/ul>\n<\/div>\n<\/footer>\n<div id=\"respond\" class=\"comment-respond\">\n<h3 id=\"reply-title\" class=\"comment-reply-title\">Lasa un raspuns <small><a rel=\"nofollow\" id=\"cancel-comment-reply-link\" href=\"https:\/\/suceavalive.ro\/senatorul-vlaescu-cere-clarificari-cum-va-proteja-romania-interesele-cetatenilor-in-contextul-europei-cu-doua-viteze\/#respond\">Anuleaza raspunsul<\/a><\/small><\/h3>\n<p class=\"comment-notes\">Adresa ta de email nu va fi publicat\u0103.<\/p>\n<\/div>\n<\/article>\n<section class=\"cb-entry-content entry-content clearfix\">\n<p data-start=\"123\" data-end=\"356\"><span>Senatorul AUR de Suceava, Virgiliu Vl\u0103escu, i-a adresat o interpelare prim-ministrului Ilie Bolojan privind efectele unui posibil mecanism \u201eEuropa cu dou\u0103 viteze\u201d asupra Rom\u00e2niei \u0219i cet\u0103\u021benilor s\u0103i.<\/span><\/p>\n<p data-start=\"358\" data-end=\"936\"><span>\u00cen interpelare, Vl\u0103escu atrage aten\u021bia asupra declara\u021biilor recente ale pre\u0219edintei B\u0103ncii Centrale Europene, Christine Lagarde, care a sus\u021binut c\u0103 Uniunea European\u0103 poate func\u021biona f\u0103r\u0103 unanimitatea celor 27 de state membre \u0219i c\u0103 guvernele trebuie s\u0103 accelereze reformele economice. Aceasta vine \u00een contextul proiectului \u201eUniunea economiilor \u0219i investi\u021biilor\u201d, destinat s\u0103 aprofundeze pie\u021bele financiare transfrontaliere \u0219i s\u0103 mobilizeze economiile private, dar care a generat sus\u021binerea unor state precum Fran\u021ba, Germania, Italia \u0219i Spania pentru un format \u201ecu dou\u0103 viteze\u201d.<\/span><\/p>\n<p data-start=\"938\" data-end=\"1251\"><span>Pre\u0219edinta Comisiei Europene, Ursula von der Leyen, a men\u021bionat posibilitatea \u201ecooper\u0103rii consolidate\u201d dac\u0103 unanimitatea nu poate fi ob\u021binut\u0103. Lagarde a prezentat o list\u0103 cu cinci m\u0103suri urgente, incluz\u00e2nd integrarea pie\u021belor de capital, armonizarea cadrului juridic al firmelor \u0219i coordonarea cercet\u0103rii \u00een UE.<\/span><\/p>\n<p data-start=\"1253\" data-end=\"1499\"><span>Ministrul Finan\u021belor, Alexandru Nazare, a declarat c\u0103 sus\u021bine ideea unei \u201eEurope cu dou\u0103 viteze\u201d \u0219i sprijin\u0103 formatul E6, care reune\u0219te Germania, Fran\u021ba, Italia, Spania, \u021a\u0103rile de Jos \u0219i Polonia, pentru luarea mai rapid\u0103 a deciziilor economice.<\/span><\/p>\n<p data-start=\"1501\" data-end=\"1877\"><span>Senatorul Vl\u0103escu semnaleaz\u0103 c\u0103 aceast\u0103 abordare ar putea fi dezavantajoas\u0103 pentru rom\u00e2nii care muncesc \u00een str\u0103in\u0103tate \u0219i pentru pozi\u021bia Rom\u00e2niei \u00een UE. El men\u021bioneaz\u0103 ini\u021biativa E6, care a \u00eenceput cu o scrisoare trimis\u0103 pe 26 ianuarie de ministrul german de Finan\u021be, Lars Klingbeil, \u0219i consolidat\u0103 de cancelarul german, Friedrich Merz, la Congresul PPE pe 31 ianuarie 2026.<\/span><\/p>\n<p data-start=\"1879\" data-end=\"2069\" data-is-last-node data-is-only-node><span>Senatorul solicit\u0103 prim-ministrului s\u0103 precizeze ce solu\u021bii are Guvernul pentru a evita scenariul \u201eEuropei cu dou\u0103 viteze\u201d \u0219i pentru a proteja interesele Rom\u00e2niei \u00een cadrul Uniunii Europene.<\/span><\/p>\n<\/section>\n<section class=\"cb-entry-content entry-content clearfix\">\n<p data-start=\"123\" data-end=\"356\"><span>Senatorul AUR de Suceava, Virgiliu Vl\u0103escu, i-a adresat o interpelare prim-ministrului Ilie Bolojan privind efectele unui posibil mecanism \u201eEuropa cu dou\u0103 viteze\u201d asupra Rom\u00e2niei \u0219i cet\u0103\u021benilor s\u0103i.<\/span><\/p>\n<p data-start=\"358\" data-end=\"936\"><span>\u00cen interpelare, Vl\u0103escu atrage aten\u021bia asupra declara\u021biilor recente ale pre\u0219edintei B\u0103ncii Centrale Europene, Christine Lagarde, care a sus\u021binut c\u0103 Uniunea European\u0103 poate func\u021biona f\u0103r\u0103 unanimitatea celor 27 de state membre \u0219i c\u0103 guvernele trebuie s\u0103 accelereze reformele economice. Aceasta vine \u00een contextul proiectului \u201eUniunea economiilor \u0219i investi\u021biilor\u201d, destinat s\u0103 aprofundeze pie\u021bele financiare transfrontaliere \u0219i s\u0103 mobilizeze economiile private, dar care a generat sus\u021binerea unor state precum Fran\u021ba, Germania, Italia \u0219i Spania pentru un format \u201ecu dou\u0103 viteze\u201d.<\/span><\/p>\n<p data-start=\"938\" data-end=\"1251\"><span>Pre\u0219edinta Comisiei Europene, Ursula von der Leyen, a men\u021bionat posibilitatea \u201ecooper\u0103rii consolidate\u201d dac\u0103 unanimitatea nu poate fi ob\u021binut\u0103. Lagarde a prezentat o list\u0103 cu cinci m\u0103suri urgente, incluz\u00e2nd integrarea pie\u021belor de capital, armonizarea cadrului juridic al firmelor \u0219i coordonarea cercet\u0103rii \u00een UE.<\/span><\/p>\n<p data-start=\"1253\" data-end=\"1499\"><span>Ministrul Finan\u021belor, Alexandru Nazare, a declarat c\u0103 sus\u021bine ideea unei \u201eEurope cu dou\u0103 viteze\u201d \u0219i sprijin\u0103 formatul E6, care reune\u0219te Germania, Fran\u021ba, Italia, Spania, \u021a\u0103rile de Jos \u0219i Polonia, pentru luarea mai rapid\u0103 a deciziilor economice.<\/span><\/p>\n<p data-start=\"1501\" data-end=\"1877\"><span>Senatorul Vl\u0103escu semnaleaz\u0103 c\u0103 aceast\u0103 abordare ar putea fi dezavantajoas\u0103 pentru rom\u00e2nii care muncesc \u00een str\u0103in\u0103tate \u0219i pentru pozi\u021bia Rom\u00e2niei \u00een UE. El men\u021bioneaz\u0103 ini\u021biativa E6, care a \u00eenceput cu o scrisoare trimis\u0103 pe 26 ianuarie de ministrul german de Finan\u021be, Lars Klingbeil, \u0219i consolidat\u0103 de cancelarul german, Friedrich Merz, la Congresul PPE pe 31 ianuarie 2026.<\/span><\/p>\n<p data-start=\"1879\" data-end=\"2069\" data-is-last-node data-is-only-node><span>Senatorul solicit\u0103 prim-ministrului s\u0103 precizeze ce solu\u021bii are Guvernul pentru a evita scenariul \u201eEuropei cu dou\u0103 viteze\u201d \u0219i pentru a proteja interesele Rom\u00e2niei \u00een cadrul Uniunii Europene.<\/span><\/p>\n<\/section>\n<p>[analyse_source url=&#8221;https:\/\/suceavalive.ro\/senatorul-vlaescu-cere-clarificari-cum-va-proteja-romania-interesele-cetatenilor-in-contextul-europei-cu-doua-viteze\/&#8221;]<\/p>\n","protected":false},"excerpt":{"rendered":"<p>[analyse_image type=&#8221;featured&#8221; src=&#8221;https:\/\/suceavalive.ro\/wp-content\/uploads\/2025\/04\/virgiliu-vlaescu1.jpghttps:\/\/suceavalive.ro\/wp-content\/uploads\/2025\/04\/virgiliu-vlaescu1.jpg&#8221;] Senatorul Vl\u0103escu cere clarific\u0103ri: cum va proteja Rom\u00e2nia interesele cet\u0103\u021benilor \u00een contextul \u201eEuropei cu dou\u0103 viteze\u201d 27 februarie 2026 Senatorul AUR de Suceava, Virgiliu Vl\u0103escu, i-a adresat o interpelare prim-ministrului Ilie Bolojan privind efectele unui posibil mecanism \u201eEuropa cu dou\u0103 viteze\u201d asupra Rom\u00e2niei \u0219i cet\u0103\u021benilor s\u0103i. \u00cen interpelare, Vl\u0103escu atrage aten\u021bia asupra [&hellip;]<\/p>\n","protected":false},"author":1,"featured_media":0,"comment_status":"open","ping_status":"","sticky":false,"template":"","format":"standard","meta":{"footnotes":""},"categories":[89],"tags":[226,173],"class_list":["post-1798574","post","type-post","status-publish","format-standard","hentry","category-romania","tag-crawlmanager","tag-suceavalive-ro"],"_links":{"self":[{"href":"https:\/\/analyse.optim.biz\/index.php?rest_route=\/wp\/v2\/posts\/1798574","targetHints":{"allow":["GET"]}}],"collection":[{"href":"https:\/\/analyse.optim.biz\/index.php?rest_route=\/wp\/v2\/posts"}],"about":[{"href":"https:\/\/analyse.optim.biz\/index.php?rest_route=\/wp\/v2\/types\/post"}],"author":[{"embeddable":true,"href":"https:\/\/analyse.optim.biz\/index.php?rest_route=\/wp\/v2\/users\/1"}],"replies":[{"embeddable":true,"href":"https:\/\/analyse.optim.biz\/index.php?rest_route=%2Fwp%2Fv2%2Fcomments&post=1798574"}],"version-history":[{"count":0,"href":"https:\/\/analyse.optim.biz\/index.php?rest_route=\/wp\/v2\/posts\/1798574\/revisions"}],"wp:attachment":[{"href":"https:\/\/analyse.optim.biz\/index.php?rest_route=%2Fwp%2Fv2%2Fmedia&parent=1798574"}],"wp:term":[{"taxonomy":"category","embeddable":true,"href":"https:\/\/analyse.optim.biz\/index.php?rest_route=%2Fwp%2Fv2%2Fcategories&post=1798574"},{"taxonomy":"post_tag","embeddable":true,"href":"https:\/\/analyse.optim.biz\/index.php?rest_route=%2Fwp%2Fv2%2Ftags&post=1798574"}],"curies":[{"name":"wp","href":"https:\/\/api.w.org\/{rel}","templated":true}]}}