{"id":1798241,"date":"2026-02-27T08:17:56","date_gmt":"2026-02-27T05:17:56","guid":{"rendered":"https:\/\/analyse.optim.biz\/?p=1798241"},"modified":"2026-02-27T08:17:56","modified_gmt":"2026-02-27T05:17:56","slug":"uvt-isi-extinde-colaborarile-in-regiunea-asia-pacific","status":"publish","type":"post","link":"https:\/\/analyse.optim.biz\/?p=1798241","title":{"rendered":"UVT \u00ee\u0219i extinde colabor\u0103rile \u00een regiunea Asia-Pacific"},"content":{"rendered":"<p>[analyse_image type=&#8221;featured&#8221; src=&#8221;https:\/\/gazetadinvest.ro\/wp-content\/uploads\/2026\/02\/uvt-1.jpg&#8221;]<\/p>\n<div class=\"td-post-content tagdiv-type\">\n<div class=\"td-post-featured-image\"><a href=\"https:\/\/gazetadinvest.ro\/wp-content\/uploads\/2026\/02\/uvt-1.jpg\" data-caption><img loading=\"lazy\" decoding=\"async\" width=\"696\" height=\"522\" class=\"entry-thumb td-modal-image\" src=\"https:\/\/gazetadinvest.ro\/wp-content\/uploads\/2026\/02\/uvt-1-696x522.jpg\" alt title=\"uvt\"><\/a><\/div>\n<p><strong>Universitatea de Vest din Timi\u0219oara (UVT) ia parte s\u0103pt\u0103m\u00e2na aceasta la a 19-a edi\u021bie a conferin\u021bei \u0219i expozi\u021biei anuale \u201eAPAIE- Asia-Pacific Association for International Education\u201d, care are loc \u00een Hong Kong.<\/strong><\/p>\n<p>Participarea UVT are loc sub umbrela \u201eStudy in Rom\u00e2nia\u201d, fiind coordonat\u0103 de Consiliul Na\u021bional al Rectorilor, reunind 20 de institu\u021bii de \u00eenv\u0103\u021b\u0103m\u00e2nt superior din Rom\u00e2nia. Aceasta este a doua prezen\u021b\u0103 a universit\u0103\u021bii noastre la acest eveniment de referin\u021b\u0103 \u00een domeniul rela\u021biilor interna\u021bionale \u00een \u00eenv\u0103\u021b\u0103m\u00e2ntul superior, intinerant \u00een regiunea Asia-Pacific. \u00cen 2026, conferin\u021ba \u0219i expozi\u021bia APAIE reune\u0219te mai mult de 2500 de reprezentan\u021bi ai ecosistemelor de \u00eenv\u0103\u021b\u0103m\u00e2nt superior din 65 de state din \u00eentreaga lume.<\/p>\n<p>\u00cen acest context, Universitatea de Vest din Timi\u0219oara a marcat dezvoltarea de colabor\u0103ri interinstitu\u021bionale cu alte universit\u0103\u021bi din regiunea Asiei de Est \u0219i Sud-Est, \u00een mod specific Hong Kong, Vietnam, India, Malaezia, Filipine, Indonezia, Japonia \u0219i Noua Zeeland\u0103, dar \u0219i alte state din regiunea strategic\u0103 pentru dezvoltarea cooper\u0103rii interna\u021bionale pe termen mediu \u0219i lung la UVT, at\u00e2t \u00een Educa\u021bie, c\u00e2t \u0219i \u00een Cercetare.<\/p>\n<p>Rectorul UVT, prof.univ.dr. Marilen Gabriel Pirtea: \u201e<em>Prestigioasa conferin\u021b\u0103 \u0219i expozi\u021bie anual\u0103 dedicat\u0103 educa\u021biei, organizat\u0103 \u00een Hong Kong, ofer\u0103 beneficii de profesionale multiple. Pe l\u00e2ng\u0103 posibilitatea extraordinar\u0103 de conectare cu alte universit\u0103\u021bi din lume, conferin\u021ba integreaz\u0103 \u0219i sesiuni de formare \u0219i informare cu privire la trendurile din sfera interna\u021bionaliz\u0103rii \u00eenv\u0103\u021b\u0103m\u00e2ntului superior, foarte utile pentru viziunea de viitor a UVT \u0219i pentru prezen\u021ba Rom\u00e2niei \u00een lume.\u201d<\/em><\/p>\n<p>Dou\u0103 tendin\u021be contemporane aflate \u00een dezbatere \u00een cadrul conferin\u021bei APAIE sunt \u00een linie cu unele dintre obiectivele UVT \u00een sfera cooper\u0103rilor interna\u021bionale: interna\u021bionalizarea curriculei \u0219i dezvoltarea de programe de studii comune, \u00een parteneriat interna\u021bional, \u0219i recrutarea \u0219i integrarea studen\u021bilor interna\u021bionali \u00eentr-un context geopolitic fragil.<\/p>\n<p>Un alt subiect care prezint\u0103 interes crescut pentru mul\u021bi parteneri \u00eel reprezint\u0103 programul Erasmus+, ceea ce a deschis o serie de alte posibilit\u0103\u021bi pentru diversificarea ofertei privind mobilit\u0103\u021bile interna\u021bionale pentru studen\u021bii \u0219i cadrele didactice de la UVT.<\/p>\n<p>De asemenea, ini\u021biativa de atragere a personalului didactic \u0219i de cercetare din str\u0103in\u0103tate pentru a facilita cooper\u0103ri interna\u021bionale, Visiting@UVT, a fost foarte bine apreciat\u0103 \u00een cadrul discu\u021biilor bilaterale facilitate de prezen\u021ba la eveniment pe parcursul acestei s\u0103pt\u0103m\u00e2ni.<\/p>\n<p>\u00cen perioada urm\u0103toare vor fi f\u0103cute demersurile necesare concretiz\u0103rii discu\u021biilor de la Hong Kong, astfel \u00eenc\u00e2t ini\u021biativele dezvoltate la conferin\u021ba \u0219i expozi\u021bia APAIE s\u0103 se materializeze c\u00e2t mai repede \u00een oportunit\u0103\u021bi pentru interna\u021bionalizare, acas\u0103 \u0219i \u00een str\u0103in\u0103tate, disponibile comunit\u0103\u021bii UVT.<\/p>\n<p>\u00a0<\/p>\n<\/div>\n<div class=\"td-post-content tagdiv-type\">\n<div class=\"td-post-featured-image\"><a href=\"https:\/\/gazetadinvest.ro\/wp-content\/uploads\/2026\/02\/uvt-1.jpg\" data-caption><img loading=\"lazy\" decoding=\"async\" width=\"696\" height=\"522\" class=\"entry-thumb td-modal-image\" src=\"https:\/\/gazetadinvest.ro\/wp-content\/uploads\/2026\/02\/uvt-1-696x522.jpg\" alt title=\"uvt\"><\/a><\/div>\n<p><strong>Universitatea de Vest din Timi\u0219oara (UVT) ia parte s\u0103pt\u0103m\u00e2na aceasta la a 19-a edi\u021bie a conferin\u021bei \u0219i expozi\u021biei anuale \u201eAPAIE- Asia-Pacific Association for International Education\u201d, care are loc \u00een Hong Kong.<\/strong><\/p>\n<p>Participarea UVT are loc sub umbrela \u201eStudy in Rom\u00e2nia\u201d, fiind coordonat\u0103 de Consiliul Na\u021bional al Rectorilor, reunind 20 de institu\u021bii de \u00eenv\u0103\u021b\u0103m\u00e2nt superior din Rom\u00e2nia. Aceasta este a doua prezen\u021b\u0103 a universit\u0103\u021bii noastre la acest eveniment de referin\u021b\u0103 \u00een domeniul rela\u021biilor interna\u021bionale \u00een \u00eenv\u0103\u021b\u0103m\u00e2ntul superior, intinerant \u00een regiunea Asia-Pacific. \u00cen 2026, conferin\u021ba \u0219i expozi\u021bia APAIE reune\u0219te mai mult de 2500 de reprezentan\u021bi ai ecosistemelor de \u00eenv\u0103\u021b\u0103m\u00e2nt superior din 65 de state din \u00eentreaga lume.<\/p>\n<p>\u00cen acest context, Universitatea de Vest din Timi\u0219oara a marcat dezvoltarea de colabor\u0103ri interinstitu\u021bionale cu alte universit\u0103\u021bi din regiunea Asiei de Est \u0219i Sud-Est, \u00een mod specific Hong Kong, Vietnam, India, Malaezia, Filipine, Indonezia, Japonia \u0219i Noua Zeeland\u0103, dar \u0219i alte state din regiunea strategic\u0103 pentru dezvoltarea cooper\u0103rii interna\u021bionale pe termen mediu \u0219i lung la UVT, at\u00e2t \u00een Educa\u021bie, c\u00e2t \u0219i \u00een Cercetare.<\/p>\n<p>Rectorul UVT, prof.univ.dr. Marilen Gabriel Pirtea: \u201e<em>Prestigioasa conferin\u021b\u0103 \u0219i expozi\u021bie anual\u0103 dedicat\u0103 educa\u021biei, organizat\u0103 \u00een Hong Kong, ofer\u0103 beneficii de profesionale multiple. Pe l\u00e2ng\u0103 posibilitatea extraordinar\u0103 de conectare cu alte universit\u0103\u021bi din lume, conferin\u021ba integreaz\u0103 \u0219i sesiuni de formare \u0219i informare cu privire la trendurile din sfera interna\u021bionaliz\u0103rii \u00eenv\u0103\u021b\u0103m\u00e2ntului superior, foarte utile pentru viziunea de viitor a UVT \u0219i pentru prezen\u021ba Rom\u00e2niei \u00een lume.\u201d<\/em><\/p>\n<p>Dou\u0103 tendin\u021be contemporane aflate \u00een dezbatere \u00een cadrul conferin\u021bei APAIE sunt \u00een linie cu unele dintre obiectivele UVT \u00een sfera cooper\u0103rilor interna\u021bionale: interna\u021bionalizarea curriculei \u0219i dezvoltarea de programe de studii comune, \u00een parteneriat interna\u021bional, \u0219i recrutarea \u0219i integrarea studen\u021bilor interna\u021bionali \u00eentr-un context geopolitic fragil.<\/p>\n<p>Un alt subiect care prezint\u0103 interes crescut pentru mul\u021bi parteneri \u00eel reprezint\u0103 programul Erasmus+, ceea ce a deschis o serie de alte posibilit\u0103\u021bi pentru diversificarea ofertei privind mobilit\u0103\u021bile interna\u021bionale pentru studen\u021bii \u0219i cadrele didactice de la UVT.<\/p>\n<p>De asemenea, ini\u021biativa de atragere a personalului didactic \u0219i de cercetare din str\u0103in\u0103tate pentru a facilita cooper\u0103ri interna\u021bionale, Visiting@UVT, a fost foarte bine apreciat\u0103 \u00een cadrul discu\u021biilor bilaterale facilitate de prezen\u021ba la eveniment pe parcursul acestei s\u0103pt\u0103m\u00e2ni.<\/p>\n<p>\u00cen perioada urm\u0103toare vor fi f\u0103cute demersurile necesare concretiz\u0103rii discu\u021biilor de la Hong Kong, astfel \u00eenc\u00e2t ini\u021biativele dezvoltate la conferin\u021ba \u0219i expozi\u021bia APAIE s\u0103 se materializeze c\u00e2t mai repede \u00een oportunit\u0103\u021bi pentru interna\u021bionalizare, acas\u0103 \u0219i \u00een str\u0103in\u0103tate, disponibile comunit\u0103\u021bii UVT.<\/p>\n<p>\u00a0<\/p>\n<\/div>\n<p>[analyse_source url=&#8221;https:\/\/gazetadinvest.ro\/uvt-isi-extinde-colaborarile-in-regiunea-asia-pacific\/&#8221;]<\/p>\n","protected":false},"excerpt":{"rendered":"<p>[analyse_image type=&#8221;featured&#8221; src=&#8221;https:\/\/gazetadinvest.ro\/wp-content\/uploads\/2026\/02\/uvt-1.jpg&#8221;] Universitatea de Vest din Timi\u0219oara (UVT) ia parte s\u0103pt\u0103m\u00e2na aceasta la a 19-a edi\u021bie a conferin\u021bei \u0219i expozi\u021biei anuale \u201eAPAIE- Asia-Pacific Association for International Education\u201d, care are loc \u00een Hong Kong. Participarea UVT are loc sub umbrela \u201eStudy in Rom\u00e2nia\u201d, fiind coordonat\u0103 de Consiliul Na\u021bional al Rectorilor, reunind 20 de institu\u021bii de [&hellip;]<\/p>\n","protected":false},"author":1,"featured_media":0,"comment_status":"open","ping_status":"","sticky":false,"template":"","format":"standard","meta":{"footnotes":""},"categories":[89],"tags":[226,203],"class_list":["post-1798241","post","type-post","status-publish","format-standard","hentry","category-romania","tag-crawlmanager","tag-gazetadinvest-ro"],"_links":{"self":[{"href":"https:\/\/analyse.optim.biz\/index.php?rest_route=\/wp\/v2\/posts\/1798241","targetHints":{"allow":["GET"]}}],"collection":[{"href":"https:\/\/analyse.optim.biz\/index.php?rest_route=\/wp\/v2\/posts"}],"about":[{"href":"https:\/\/analyse.optim.biz\/index.php?rest_route=\/wp\/v2\/types\/post"}],"author":[{"embeddable":true,"href":"https:\/\/analyse.optim.biz\/index.php?rest_route=\/wp\/v2\/users\/1"}],"replies":[{"embeddable":true,"href":"https:\/\/analyse.optim.biz\/index.php?rest_route=%2Fwp%2Fv2%2Fcomments&post=1798241"}],"version-history":[{"count":0,"href":"https:\/\/analyse.optim.biz\/index.php?rest_route=\/wp\/v2\/posts\/1798241\/revisions"}],"wp:attachment":[{"href":"https:\/\/analyse.optim.biz\/index.php?rest_route=%2Fwp%2Fv2%2Fmedia&parent=1798241"}],"wp:term":[{"taxonomy":"category","embeddable":true,"href":"https:\/\/analyse.optim.biz\/index.php?rest_route=%2Fwp%2Fv2%2Fcategories&post=1798241"},{"taxonomy":"post_tag","embeddable":true,"href":"https:\/\/analyse.optim.biz\/index.php?rest_route=%2Fwp%2Fv2%2Ftags&post=1798241"}],"curies":[{"name":"wp","href":"https:\/\/api.w.org\/{rel}","templated":true}]}}