{"id":1797640,"date":"2026-02-27T18:51:08","date_gmt":"2026-02-27T15:51:08","guid":{"rendered":"https:\/\/analyse.optim.biz\/?p=1797640"},"modified":"2026-02-27T18:51:08","modified_gmt":"2026-02-27T15:51:08","slug":"primaria-ramnicului-reabiliteaza-cu-fonduri-nerambursabile-cinci-cladiri-istorice-din-patrimoniul-public","status":"publish","type":"post","link":"https:\/\/analyse.optim.biz\/?p=1797640","title":{"rendered":"Prim\u0103ria R\u00e2mnicului reabiliteaz\u0103, cu fonduri nerambursabile, cinci cl\u0103diri istorice din patrimoniul public"},"content":{"rendered":"<p>[analyse_image type=&#8221;featured&#8221; src=&#8221;https:\/\/www.gazeta-valceana.ro\/wp-content\/uploads\/2026\/02\/RAMNIC-Dispensar-TBC.jpg&#8221;]<\/p>\n<article id=\"template-id-91645\" class=\"post-91645 tdb_templates type-tdb_templates status-publish post\">\n<div id=\"tdi_49\" class=\"tdc-zone\">\n<div class=\"tdc_zone tdi_50  wpb_row td-pb-row\">\n<div id=\"tdi_51\" class=\"tdc-row stretch_row_1200 td-stretch-content\">\n<div class=\"vc_row tdi_52  wpb_row td-pb-row\">\n<div class=\"vc_column tdi_54  wpb_column vc_column_container tdc-column td-pb-span8\">\n<div class=\"wpb_wrapper\">\n<div class=\"td_block_wrap tdb_title tdi_55 tdb-single-title td-pb-border-top td_block_template_1\" data-td-block-uid=\"tdi_55\">\n<div class=\"tdb-block-inner td-fix-index\">\n<h1 class=\"tdb-title-text\">Prim\u0103ria R\u00e2mnicului reabiliteaz\u0103, cu fonduri nerambursabile, cinci cl\u0103diri istorice din patrimoniul public al municipiului<\/h1>\n<\/div>\n<\/div>\n<div class=\"vc_row_inner tdi_58  vc_row vc_inner wpb_row td-pb-row tdc-row-content-vert-center\">\n<div class=\"vc_column_inner tdi_60  wpb_column vc_column_container tdc-inner-column td-pb-span12\">\n<div class=\"vc_column-inner\">\n<div class=\"wpb_wrapper\">\n<div class=\"td_block_wrap tdb_single_categories tdi_61 td-pb-border-top td_block_template_1 \" data-td-block-uid=\"tdi_61\">\n<div class=\"tdb-category td-fix-index\"><a class=\"tdb-entry-category\" href=\"https:\/\/www.gazeta-valceana.ro\/category\/administratie\/\">Administra\u0163ie<\/a><a class=\"tdb-entry-category\" href=\"https:\/\/www.gazeta-valceana.ro\/category\/i\/\">I<\/a><\/div>\n<\/div>\n<div class=\"td_block_wrap tdb_single_date tdi_62 td-pb-border-top td_block_template_1 tdb-post-meta\" data-td-block-uid=\"tdi_62\">\n<div class=\"tdb-block-inner td-fix-index\"><time class=\"entry-date updated td-module-date\" datetime=\"2026-02-27T20:51:08+02:00\">27 februarie 2026<\/time><\/div>\n<\/div>\n<\/div>\n<\/div>\n<\/div>\n<\/div>\n<\/div>\n<\/div>\n<\/div>\n<\/div>\n<div id=\"tdi_65\" class=\"tdc-row stretch_row_1200 td-stretch-content\">\n<div class=\"vc_row tdi_66  wpb_row td-pb-row\">\n<div class=\"vc_column tdi_68  wpb_column vc_column_container tdc-column td-pb-span8\">\n<div class=\"wpb_wrapper\">\n<div class=\"td_block_wrap tdb_single_featured_image tdi_69 tdb-content-horiz-left td-pb-border-top td_block_template_1\" data-td-block-uid=\"tdi_69\">\n<div class=\"tdb-block-inner td-fix-index\"><img loading=\"lazy\" decoding=\"async\" width=\"696\" height=\"416\" class=\"entry-thumb\" src=\"https:\/\/www.gazeta-valceana.ro\/wp-content\/uploads\/2026\/02\/RAMNIC-Dispensar-TBC-696x416.jpg\" alt title=\"RAMNIC Dispensar TBC\"><\/div>\n<\/div>\n<div class=\"td_block_wrap tdb_single_post_share tdi_70  td-pb-border-top td_block_template_1\" data-td-block-uid=\"tdi_70\">\n<div id=\"tdi_70\" class=\"td-post-sharing tdb-block td-ps-border td-ps-border-grey td-ps-notext td-ps-icon-color td-ps-text-color td-post-sharing-style16 \">\n<div class=\"td-post-sharing-visible\">\n<div class=\"td-social-sharing-button td-social-sharing-button-js td-social-handler td-social-share-text\">\n<div class=\"td-social-but-text\">Ac\u021biune<\/div>\n<\/div>\n<p><a class=\"td-social-sharing-button td-social-sharing-button-js td-social-network td-social-facebook\" href=\"https:\/\/www.facebook.com\/sharer.php?u=https%3A%2F%2Fwww.gazeta-valceana.ro%2Fadministratie%2Fprimaria-ramnicului-reabiliteaza-cu-fonduri-nerambursabile-cinci-cladiri-istorice-din-patrimoniul-public-al-municipiului%2F\" title=\"Facebook\"><\/p>\n<div class=\"td-social-but-text\">Facebook<\/div>\n<p><\/a><a class=\"td-social-sharing-button td-social-sharing-button-js td-social-network td-social-twitter\" href=\"https:\/\/twitter.com\/intent\/tweet?text=Prim%C4%83ria+R%C3%A2mnicului+reabiliteaz%C4%83%2C+cu+fonduri+nerambursabile%2C+cinci+cl%C4%83diri+istorice+din+patrimoniul+public+al+municipiului&amp;url=https%3A%2F%2Fwww.gazeta-valceana.ro%2Fadministratie%2Fprimaria-ramnicului-reabiliteaza-cu-fonduri-nerambursabile-cinci-cladiri-istorice-din-patrimoniul-public-al-municipiului%2F&amp;via=Gazeta+V%C3%A2lcean%C4%83\" title=\"Twitter\"><\/p>\n<div class=\"td-social-but-text\">Twitter<\/div>\n<p><\/a><a class=\"td-social-sharing-button td-social-sharing-button-js td-social-network td-social-pinterest\" href=\"https:\/\/pinterest.com\/pin\/create\/button\/?url=https:\/\/www.gazeta-valceana.ro\/administratie\/primaria-ramnicului-reabiliteaza-cu-fonduri-nerambursabile-cinci-cladiri-istorice-din-patrimoniul-public-al-municipiului\/&amp;media=https:\/\/www.gazeta-valceana.ro\/wp-content\/uploads\/2026\/02\/RAMNIC-Dispensar-TBC.jpg&amp;description=Prim%C4%83ria+R%C3%A2mnicului+reabiliteaz%C4%83%2C+cu+fonduri+nerambursabile%2C+cinci+cl%C4%83diri+istorice+din+patrimoniul+public+al+municipiului\" title=\"Pinterest\"><\/p>\n<div class=\"td-social-but-text\">Pinterest<\/div>\n<p><\/a><a class=\"td-social-sharing-button td-social-sharing-button-js td-social-network td-social-whatsapp\" href=\"https:\/\/api.whatsapp.com\/send?text=Prim%C4%83ria+R%C3%A2mnicului+reabiliteaz%C4%83%2C+cu+fonduri+nerambursabile%2C+cinci+cl%C4%83diri+istorice+din+patrimoniul+public+al+municipiului%20%0A%0A%20https:\/\/www.gazeta-valceana.ro\/administratie\/primaria-ramnicului-reabiliteaza-cu-fonduri-nerambursabile-cinci-cladiri-istorice-din-patrimoniul-public-al-municipiului\/\" title=\"WhatsApp\"><\/p>\n<div class=\"td-social-but-text\">WhatsApp<\/div>\n<p><\/a><\/div>\n<\/div>\n<\/div>\n<div class=\"td_block_wrap tdb_single_content tdi_71 td-pb-border-top td_block_template_1 td-post-content tagdiv-type\" data-td-block-uid=\"tdi_71\">\n<div class=\"tdb-block-inner td-fix-index\">\n<p><em><strong>\u2022 cele cinci cl\u0103diri sunt Dispensarul TBC, imobilul administrativ din strada Carol I, sediul Municipalit\u0103\u021bii, Casa Ol\u0103nescu \u0219i vechea \u0218coal\u0103 Cop\u0103celu<\/strong><\/em><\/p>\n<p>Prim\u0103ria Municipiului R\u00e2mnicu V\u00e2lcea a finalizat proiectul \u201eCre\u0219terea eficien\u021bei energetice \u00een imobilul Dispensar TBC\u201d (situat \u00een Calea lui Traian nr. 126, l\u00e2ng\u0103 sediul CEC V\u00e2lcea), proiect care a beneficiat de o finan\u021bare nerambursabil\u0103 \u00een valoare de 1,258 mil. lei prin PNRR. \u00cen urma lucr\u0103rilor realizate (termoizolarea pere\u021bilor exteriori, reabilitarea termic\u0103 a plan\u0219eului spre pod \u0219i a fa\u021badei \u2013 partea vitrat\u0103, montarea de sisteme alternative de producere a energiei, \u00eenlocuirea sistemului de iluminat \u0219i reabilitarea termic\u0103 a sistemului de \u00eenc\u0103lzire \u0219i de furnizare a apei calde din subsol), una dintre cl\u0103dirile emblematice ale vechiului R\u00e2mnic, dat\u00e2nd din anul 1905 \u0219i aflat\u0103 \u00een prezent \u00een proprietate public\u0103, a c\u0103p\u0103tat o nou\u0103 \u0219i cuvenit\u0103 str\u0103lucire.<\/p>\n<p>O alt\u0103 cl\u0103dire cu valoare istoric\u0103 ce face obiectul unor lucr\u0103ri complexe de reabilitare tot \u00een cadrul unui proiect de eficientizare energetic\u0103 cu finan\u021bare nerambursabil\u0103 prin PNRR este fostul sediu al prim\u0103riei ora\u0219ului din strada Carol I nr. 19, imobil ridicat \u00een anul 1868, investi\u021bia de aici fiind la acest moment \u00eentr-un stadiu fizic de aproximativ 80%.<\/p>\n<p>La acela\u0219i stadiu a ajuns \u0219i reabilitarea energetic\u0103 finan\u021bat\u0103 prin PNRR a sediului actual al Prim\u0103riei R\u00e2mnicului din strada General Praporgescu, imobil dat\u00e2nd din anul 1912, ridicat ini\u021bial ca sediu al Prefecturii jude\u021bului.<\/p>\n<p>Iar \u00een ceea ce prive\u0219te unul dintre cele mai vechi imobile din R\u00e2mnicu V\u00e2lcea, Casa Ol\u0103nescu \u2013 construit\u0103 \u00een secolul al XVIII \u0219i parte din ansamblul arhitectural al fostului Schit In\u0103te\u0219ti din imediata vecin\u0103tate a Seminarului Teologic \u2013 s-a ob\u021binut finan\u021barea european\u0103 necesar\u0103 reabilit\u0103rii prin Programul Regional Sud-Vest Oltenia 2021-2027. La acest moment, investi\u021bia este \u00een stadiul licita\u021biei pentru proiectare \u0219i execu\u021bie; dup\u0103 finalizarea lucr\u0103rilor, Municipalitatea inten\u021bioneaz\u0103 amenajarea aici a unui Centru Cultural.<\/p>\n<p>De asemenea, vechea \u0218coal\u0103 Cop\u0103celu \u2013 un alt imobil care st\u0103 la baza identit\u0103\u021bii R\u00e2mnicului \u0219i a c\u0103rui piatr\u0103 de temelie a fost pus\u0103 \u00een 15 octombrie 1906 de Regele Carol I \u0219i de Regina Elisabeta \u2013 face obiectul unei cereri de finan\u021bare depus\u0103 la Ministerul Dezvolt\u0103rii, Lucr\u0103rilor Publice \u0219i Administra\u021biei (MDLPA) \u00een vederea ob\u021binerii fondurilor necesare pentru consolidarea seismic\u0103 \u0219i cre\u0219terea eficien\u021bei energetice. La finalul proiectului, aici urmeaz\u0103 s\u0103 se amenajeze un Muzeu al \u0218colii V\u00e2lcene.<\/p>\n<\/div>\n<\/div>\n<div class=\"tdb-author-box td_block_wrap tdb_single_author_box tdi_72 tdb-content-vert-top td-pb-border-top td_block_template_1\" data-td-block-uid=\"tdi_72\">\n<div class=\"tdb-block-inner td-fix-index\"><a href=\"https:\/\/www.gazeta-valceana.ro\/author\/redactia\/\" class=\"tdb-author-photo\" title=\"Redactia\"><img decoding=\"async\" alt=\"Redactia\" src=\"https:\/\/secure.gravatar.com\/avatar\/d9699bfd17d7f55fcf6bbdfb0214d48a942c5fd23a1db27f4a803a8d0651670f?s=500&amp;d=mm&amp;r=g\" class=\"avatar avatar-500 photo\" height=\"500\" width=\"500\" loading=\"lazy\"><\/a><\/p>\n<div class=\"tdb-author-info\"><a href=\"https:\/\/www.gazeta-valceana.ro\/author\/redactia\/\" class=\"tdb-author-name\">Redactia<\/a><\/div>\n<\/div>\n<\/div>\n<\/div>\n<\/div>\n<div class=\"vc_column tdi_76  wpb_column vc_column_container tdc-column td-pb-span4 td-is-sticky\">\n<div class=\"wpb_wrapper\" data-sticky-enabled-on=\"W3RydWUsdHJ1ZSx0cnVlLHRydWVd\" data-sticky-offset=\"20\" data-sticky-is-width-auto=\"W2ZhbHNlLGZhbHNlLGZhbHNlLGZhbHNlXQ==\">\n<div class=\"vc_row_inner tdi_81  vc_row vc_inner wpb_row td-pb-row tdc-row-content-vert-center\">\n<div class=\"vc_column_inner tdi_83  wpb_column vc_column_container tdc-inner-column td-pb-span12\">\n<div class=\"vc_column-inner\">\n<div class=\"wpb_wrapper\">\n<div class=\"tdm_block td_block_wrap tdm_block_inline_text tdi_86 tdm-inline-block td-pb-border-top td_block_template_1\" data-td-block-uid=\"tdi_86\">\n<p class=\"tdm-descr\">Ultimele articole<\/p>\n<\/div>\n<\/div>\n<\/div>\n<\/div>\n<\/div>\n<div class=\"td_block_wrap td_flex_block_1 tdi_87 td-pb-border-top td_block_template_1 td_flex_block\" data-td-block-uid=\"tdi_87\">\n<div id=\"tdi_87\" class=\"td_block_inner td-mc1-wrap\">\n<div class=\"td_module_flex td_module_flex_1 td_module_wrap td-animation-stack td-cpt-post\">\n<div class=\"td-module-container td-category-pos-\">\n<div class=\"td-module-meta-info\">\n<h3 class=\"entry-title td-module-title\"><a href=\"https:\/\/www.gazeta-valceana.ro\/justitie\/valcean-urmarit-international-adus-sub-escorta-din-franta-vezi-pentru-ce-fapte-a-fost-gasit-vinovat\/\" rel=\"bookmark\" title=\"V\u00e2lcean urm\u0103rit interna\u021bional, adus sub escort\u0103 din Fran\u021ba. VEZI pentru ce fapte a fost g\u0103sit vinovat\">V\u00e2lcean urm\u0103rit interna\u021bional, adus sub escort\u0103 din Fran\u021ba. VEZI pentru ce fapte a fost g\u0103sit vinovat<\/a><\/h3>\n<div class=\"td-editor-date\"><span class=\"td-author-date\"><span class=\"td-post-date\"><time class=\"entry-date updated td-module-date\" datetime=\"2026-02-27T21:43:54+02:00\">27 februarie 2026<\/time><\/span><\/span><\/div>\n<\/div>\n<\/div>\n<\/div>\n<div class=\"td_module_flex td_module_flex_1 td_module_wrap td-animation-stack td-cpt-post\">\n<div class=\"td-module-container td-category-pos-\">\n<div class=\"td-module-meta-info\">\n<h3 class=\"entry-title td-module-title\"><a href=\"https:\/\/www.gazeta-valceana.ro\/anchetedezvaluri\/hotul-care-a-jefuit-o-clinica-medicala-din-centrul-ramnicului-a-fost-arestat-vezi-despre-ce-unitate-este-vorba\/\" rel=\"bookmark\" title=\"HO\u021aUL care a jefuit o clinic\u0103 medical\u0103 din centrul R\u00e2mnicului a fost arestat. VEZI despre ce unitate este vorba\">HO\u021aUL care a jefuit o clinic\u0103 medical\u0103 din centrul R\u00e2mnicului a fost arestat. VEZI despre ce unitate este vorba<\/a><\/h3>\n<div class=\"td-editor-date\"><span class=\"td-author-date\"><span class=\"td-post-date\"><time class=\"entry-date updated td-module-date\" datetime=\"2026-02-27T18:53:59+02:00\">27 februarie 2026<\/time><\/span><\/span><\/div>\n<\/div>\n<\/div>\n<\/div>\n<div class=\"td_module_flex td_module_flex_1 td_module_wrap td-animation-stack td-cpt-post\">\n<div class=\"td-module-container td-category-pos-\">\n<div class=\"td-module-meta-info\">\n<h3 class=\"entry-title td-module-title\"><a href=\"https:\/\/www.gazeta-valceana.ro\/fapt-divers\/foto-video-accident-spectaculos-pe-dn-7-valea-oltului-un-camion-a-ramas-suspendat\/\" rel=\"bookmark\" title=\"FOTO\/VIDEO. Accident spectaculos pe DN 7 \u2013 Valea Oltului. Un camion a r\u0103mas suspendat\">FOTO\/VIDEO. Accident spectaculos pe DN 7 \u2013 Valea Oltului. Un camion a r\u0103mas suspendat<\/a><\/h3>\n<div class=\"td-editor-date\"><span class=\"td-author-date\"><span class=\"td-post-date\"><time class=\"entry-date updated td-module-date\" datetime=\"2026-02-27T14:15:55+02:00\">27 februarie 2026<\/time><\/span><\/span><\/div>\n<\/div>\n<\/div>\n<\/div>\n<div class=\"td_module_flex td_module_flex_1 td_module_wrap td-animation-stack td-cpt-post\">\n<div class=\"td-module-container td-category-pos-\">\n<div class=\"td-module-meta-info\">\n<h3 class=\"entry-title td-module-title\"><a href=\"https:\/\/www.gazeta-valceana.ro\/fapt-divers\/chimcomplex-in-2025-trece-prin-cel-mai-dificil-an-din-existenta-sa-dar-rezista-presiunilor-din-piata\/\" rel=\"bookmark\" title=\"Chimcomplex \u00een 2025: Trece prin cel mai dificil an din existen\u021ba sa, dar rezist\u0103 presiunilor din pia\u021b\u0103\">Chimcomplex \u00een 2025: Trece prin cel mai dificil an din existen\u021ba sa, dar rezist\u0103 presiunilor din pia\u021b\u0103<\/a><\/h3>\n<div class=\"td-editor-date\"><span class=\"td-author-date\"><span class=\"td-post-date\"><time class=\"entry-date updated td-module-date\" datetime=\"2026-02-27T12:27:19+02:00\">27 februarie 2026<\/time><\/span><\/span><\/div>\n<\/div>\n<\/div>\n<\/div>\n<\/div>\n<\/div>\n<div class=\"td_block_wrap td-a-rec td-a-rec-id-custom-spot td-a-rec-img tdi_88 td_block_template_1\">\n<div><a href=\"https:\/\/www.gazeta-valceana.ro\/administratie\/primaria-ramnicului-reabiliteaza-cu-fonduri-nerambursabile-cinci-cladiri-istorice-din-patrimoniul-public-al-municipiului\/\" class=\"td_spot_img_all\"><img loading=\"lazy\" decoding=\"async\" src=\"https:\/\/www.gazeta-valceana.ro\/wp-content\/uploads\/2025\/01\/image-5.jpg\" alt=\"spot_img\" width=\"347\" height=\"277\"><\/a><a href=\"https:\/\/www.gazeta-valceana.ro\/administratie\/primaria-ramnicului-reabiliteaza-cu-fonduri-nerambursabile-cinci-cladiri-istorice-din-patrimoniul-public-al-municipiului\/\" class=\"td_spot_img_mob\"><img loading=\"lazy\" decoding=\"async\" src=\"https:\/\/www.gazeta-valceana.ro\/wp-content\/uploads\/2025\/01\/image-5.jpg\" alt=\"spot_img\" width=\"347\" height=\"247\"><\/a><\/div>\n<\/div>\n<div class=\"td_block_wrap td-a-rec td-a-rec-id-custom-spot td-a-rec-img tdi_89 td_block_template_1\">\n<div><a href=\"https:\/\/www.gazeta-valceana.ro\/administratie\/primaria-ramnicului-reabiliteaza-cu-fonduri-nerambursabile-cinci-cladiri-istorice-din-patrimoniul-public-al-municipiului\/\" class=\"td_spot_img_all\"><img loading=\"lazy\" decoding=\"async\" src=\"https:\/\/www.gazeta-valceana.ro\/wp-content\/uploads\/2025\/01\/image-3.jpeg\" alt=\"spot_img\" width=\"347\" height=\"277\"><\/a><a href=\"https:\/\/www.gazeta-valceana.ro\/administratie\/primaria-ramnicului-reabiliteaza-cu-fonduri-nerambursabile-cinci-cladiri-istorice-din-patrimoniul-public-al-municipiului\/\" class=\"td_spot_img_mob\"><img loading=\"lazy\" decoding=\"async\" src=\"https:\/\/www.gazeta-valceana.ro\/wp-content\/uploads\/2025\/01\/image-3.jpeg\" alt=\"spot_img\" width=\"347\" height=\"247\"><\/a><\/div>\n<\/div>\n<\/div>\n<\/div>\n<\/div>\n<\/div>\n<div id=\"tdi_97\" class=\"tdc-row stretch_row_1200 td-stretch-content\">\n<div class=\"vc_row tdi_98  wpb_row td-pb-row\">\n<div class=\"vc_column tdi_100  wpb_column vc_column_container tdc-column td-pb-span12\">\n<div class=\"wpb_wrapper\">\n<div class=\"td_block_wrap tdb_single_next_prev tdi_101 td-pb-border-top td_block_template_1\" data-td-block-uid=\"tdi_101\">\n<div class=\"tdb-block-inner td-fix-index\">\n<div class=\"tdb-next-post tdb-next-post-bg tdb-post-prev\"><span>Articolul precedent<\/span><\/p>\n<div class=\"td-module-container\">\n<div class=\"next-prev-title\"><a href=\"https:\/\/www.gazeta-valceana.ro\/anchetedezvaluri\/hotul-care-a-jefuit-o-clinica-medicala-din-centrul-ramnicului-a-fost-arestat-vezi-despre-ce-unitate-este-vorba\/\">HO\u021aUL care a jefuit o clinic\u0103 medical\u0103 din centrul R\u00e2mnicului a fost arestat. VEZI despre ce unitate este vorba<\/a><\/div>\n<\/div>\n<\/div>\n<div class=\"tdb-next-post tdb-next-post-bg tdb-post-next\"><span>Articolul urm\u0103tor<\/span><\/p>\n<div class=\"td-module-container\">\n<div class=\"next-prev-title\"><a href=\"https:\/\/www.gazeta-valceana.ro\/justitie\/valcean-urmarit-international-adus-sub-escorta-din-franta-vezi-pentru-ce-fapte-a-fost-gasit-vinovat\/\">V\u00e2lcean urm\u0103rit interna\u021bional, adus sub escort\u0103 din Fran\u021ba. VEZI pentru ce fapte a fost g\u0103sit vinovat<\/a><\/div>\n<\/div>\n<\/div>\n<\/div>\n<\/div>\n<div class=\"vc_row_inner tdi_103  vc_row vc_inner wpb_row td-pb-row tdc-row-content-vert-center\">\n<div class=\"vc_column_inner tdi_105  wpb_column vc_column_container tdc-inner-column td-pb-span12\">\n<div class=\"vc_column-inner\">\n<div class=\"wpb_wrapper\">\n<div class=\"tdm_block td_block_wrap tdm_block_inline_text tdi_108 tdm-inline-block td-pb-border-top td_block_template_1\" data-td-block-uid=\"tdi_108\">\n<p class=\"tdm-descr\">Related articles<\/p>\n<\/div>\n<\/div>\n<\/div>\n<\/div>\n<\/div>\n<div class=\"td_block_wrap tdb_single_related tdi_109 td_with_ajax_pagination td-pb-border-top td_block_template_1 tdb-single-related-posts\" data-td-block-uid=\"tdi_109\">\n<div id=\"tdi_109\" class=\"td_block_inner tdb-block-inner td-fix-index\">\n<div class=\"tdb_module_related td_module_wrap td-animation-stack\">\n<div class=\"td-module-container td-category-pos-\">\n<div class=\"td-module-meta-info\">\n<h3 class=\"entry-title td-module-title\"><a href=\"https:\/\/www.gazeta-valceana.ro\/justitie\/valcean-urmarit-international-adus-sub-escorta-din-franta-vezi-pentru-ce-fapte-a-fost-gasit-vinovat\/\" rel=\"bookmark\" title=\"V\u00e2lcean urm\u0103rit interna\u021bional, adus sub escort\u0103 din Fran\u021ba. VEZI pentru ce fapte a fost g\u0103sit vinovat\">V\u00e2lcean urm\u0103rit interna\u021bional, adus sub escort\u0103 din Fran\u021ba. VEZI pentru ce fapte a fost g\u0103sit vinovat<\/a><\/h3>\n<div class=\"td-editor-date\"><a href=\"https:\/\/www.gazeta-valceana.ro\/category\/anchetedezvaluri\/\" class=\"td-post-category\">Anchete\/Dezv\u0103luri<\/a><span class=\"td-author-date\"><span class=\"td-post-date\"><time class=\"entry-date updated td-module-date\" datetime=\"2026-02-27T21:43:54+02:00\">27 februarie 2026<\/time><\/span><\/span><\/div>\n<\/div>\n<\/div>\n<\/div>\n<div class=\"tdb_module_related td_module_wrap td-animation-stack\">\n<div class=\"td-module-container td-category-pos-\">\n<div class=\"td-module-meta-info\">\n<h3 class=\"entry-title td-module-title\"><a href=\"https:\/\/www.gazeta-valceana.ro\/anchetedezvaluri\/hotul-care-a-jefuit-o-clinica-medicala-din-centrul-ramnicului-a-fost-arestat-vezi-despre-ce-unitate-este-vorba\/\" rel=\"bookmark\" title=\"HO\u021aUL care a jefuit o clinic\u0103 medical\u0103 din centrul R\u00e2mnicului a fost arestat. VEZI despre ce unitate este vorba\">HO\u021aUL care a jefuit o clinic\u0103 medical\u0103 din centrul R\u00e2mnicului a fost arestat. VEZI despre ce unitate este vorba<\/a><\/h3>\n<div class=\"td-editor-date\"><a href=\"https:\/\/www.gazeta-valceana.ro\/category\/anchetedezvaluri\/\" class=\"td-post-category\">Anchete\/Dezv\u0103luri<\/a><span class=\"td-author-date\"><span class=\"td-post-date\"><time class=\"entry-date updated td-module-date\" datetime=\"2026-02-27T18:53:59+02:00\">27 februarie 2026<\/time><\/span><\/span><\/div>\n<\/div>\n<\/div>\n<\/div>\n<div class=\"tdb_module_related td_module_wrap td-animation-stack\">\n<div class=\"td-module-container td-category-pos-\">\n<div class=\"td-module-meta-info\">\n<h3 class=\"entry-title td-module-title\"><a href=\"https:\/\/www.gazeta-valceana.ro\/fapt-divers\/foto-video-accident-spectaculos-pe-dn-7-valea-oltului-un-camion-a-ramas-suspendat\/\" rel=\"bookmark\" title=\"FOTO\/VIDEO. Accident spectaculos pe DN 7 \u2013 Valea Oltului. Un camion a r\u0103mas suspendat\">FOTO\/VIDEO. Accident spectaculos pe DN 7 \u2013 Valea Oltului. Un camion a r\u0103mas suspendat<\/a><\/h3>\n<div class=\"td-editor-date\"><a href=\"https:\/\/www.gazeta-valceana.ro\/category\/fapt-divers\/\" class=\"td-post-category\">Fapt divers<\/a><span class=\"td-author-date\"><span class=\"td-post-date\"><time class=\"entry-date updated td-module-date\" datetime=\"2026-02-27T14:15:55+02:00\">27 februarie 2026<\/time><\/span><\/span><\/div>\n<\/div>\n<\/div>\n<\/div>\n<\/div>\n<\/div>\n<\/div>\n<\/div>\n<\/div>\n<\/div>\n<div id=\"tdi_116\" class=\"tdc-row stretch_row_1200 td-stretch-content\">\n<div class=\"vc_row tdi_117  wpb_row td-pb-row\">\n<div class=\"vc_column tdi_122  wpb_column vc_column_container tdc-column td-pb-span4 td-is-sticky\">\n<div class=\"wpb_wrapper\" data-sticky-enabled-on=\"W3RydWUsdHJ1ZSx0cnVlLHRydWVd\" data-sticky-offset=\"20\" data-sticky-is-width-auto=\"W2ZhbHNlLGZhbHNlLGZhbHNlLGZhbHNlXQ==\">\n<div class=\"td_block_wrap td-a-rec td-a-rec-id-custom-spot td-a-rec-img tdi_123 td_block_template_1\">\n<div><a href=\"https:\/\/www.gazeta-valceana.ro\/administratie\/primaria-ramnicului-reabiliteaza-cu-fonduri-nerambursabile-cinci-cladiri-istorice-din-patrimoniul-public-al-municipiului\/\" class=\"td_spot_img_all\"><img loading=\"lazy\" decoding=\"async\" src=\"https:\/\/www.gazeta-valceana.ro\/wp-content\/uploads\/2025\/01\/image-4.jpg\" alt=\"spot_img\" width=\"347\" height=\"277\"><\/a><a href=\"https:\/\/www.gazeta-valceana.ro\/administratie\/primaria-ramnicului-reabiliteaza-cu-fonduri-nerambursabile-cinci-cladiri-istorice-din-patrimoniul-public-al-municipiului\/\" class=\"td_spot_img_mob\"><img loading=\"lazy\" decoding=\"async\" src=\"https:\/\/www.gazeta-valceana.ro\/wp-content\/uploads\/2025\/01\/image-4.jpg\" alt=\"spot_img\" width=\"347\" height=\"247\"><\/a><\/div>\n<\/div>\n<div class=\"td_block_wrap td-a-rec td-a-rec-id-custom-spot td-a-rec-img tdi_124 td_block_template_1\">\n<div><a href=\"https:\/\/www.gazeta-valceana.ro\/administratie\/primaria-ramnicului-reabiliteaza-cu-fonduri-nerambursabile-cinci-cladiri-istorice-din-patrimoniul-public-al-municipiului\/\" class=\"td_spot_img_all\"><img loading=\"lazy\" decoding=\"async\" src=\"https:\/\/www.gazeta-valceana.ro\/wp-content\/uploads\/2025\/01\/image-5.jpg\" alt=\"spot_img\" width=\"347\" height=\"277\"><\/a><a href=\"https:\/\/www.gazeta-valceana.ro\/administratie\/primaria-ramnicului-reabiliteaza-cu-fonduri-nerambursabile-cinci-cladiri-istorice-din-patrimoniul-public-al-municipiului\/\" class=\"td_spot_img_mob\"><img loading=\"lazy\" decoding=\"async\" src=\"https:\/\/www.gazeta-valceana.ro\/wp-content\/uploads\/2025\/01\/image-5.jpg\" alt=\"spot_img\" width=\"347\" height=\"247\"><\/a><\/div>\n<\/div>\n<div class=\"td_block_wrap td-a-rec td-a-rec-id-custom-spot td-a-rec-img tdi_125 td_block_template_1\">\n<div><a href=\"https:\/\/www.gazeta-valceana.ro\/administratie\/primaria-ramnicului-reabiliteaza-cu-fonduri-nerambursabile-cinci-cladiri-istorice-din-patrimoniul-public-al-municipiului\/\" class=\"td_spot_img_all\"><img loading=\"lazy\" decoding=\"async\" src=\"https:\/\/www.gazeta-valceana.ro\/wp-content\/uploads\/2025\/01\/image-3.jpeg\" alt=\"spot_img\" width=\"347\" height=\"277\"><\/a><a href=\"https:\/\/www.gazeta-valceana.ro\/administratie\/primaria-ramnicului-reabiliteaza-cu-fonduri-nerambursabile-cinci-cladiri-istorice-din-patrimoniul-public-al-municipiului\/\" class=\"td_spot_img_mob\"><img loading=\"lazy\" decoding=\"async\" src=\"https:\/\/www.gazeta-valceana.ro\/wp-content\/uploads\/2025\/01\/image-3.jpeg\" alt=\"spot_img\" width=\"347\" height=\"247\"><\/a><\/div>\n<\/div>\n<\/div>\n<\/div>\n<\/div>\n<\/div>\n<\/div>\n<\/div>\n<p><span class=\"td-page-meta\"><\/span><span class=\"td-page-meta\"><span class=\"td-page-meta\"><\/span><\/span><span class=\"td-page-meta\"><\/span><\/article>\n<\/p>\n<div class=\"td_block_wrap tdb_single_content tdi_71 td-pb-border-top td_block_template_1 td-post-content tagdiv-type\" data-td-block-uid=\"tdi_71\">\n<div class=\"tdb-block-inner td-fix-index\">\n<p><em><strong>\u2022 cele cinci cl\u0103diri sunt Dispensarul TBC, imobilul administrativ din strada Carol I, sediul Municipalit\u0103\u021bii, Casa Ol\u0103nescu \u0219i vechea \u0218coal\u0103 Cop\u0103celu<\/strong><\/em><\/p>\n<p>Prim\u0103ria Municipiului R\u00e2mnicu V\u00e2lcea a finalizat proiectul \u201eCre\u0219terea eficien\u021bei energetice \u00een imobilul Dispensar TBC\u201d (situat \u00een Calea lui Traian nr. 126, l\u00e2ng\u0103 sediul CEC V\u00e2lcea), proiect care a beneficiat de o finan\u021bare nerambursabil\u0103 \u00een valoare de 1,258 mil. lei prin PNRR. \u00cen urma lucr\u0103rilor realizate (termoizolarea pere\u021bilor exteriori, reabilitarea termic\u0103 a plan\u0219eului spre pod \u0219i a fa\u021badei \u2013 partea vitrat\u0103, montarea de sisteme alternative de producere a energiei, \u00eenlocuirea sistemului de iluminat \u0219i reabilitarea termic\u0103 a sistemului de \u00eenc\u0103lzire \u0219i de furnizare a apei calde din subsol), una dintre cl\u0103dirile emblematice ale vechiului R\u00e2mnic, dat\u00e2nd din anul 1905 \u0219i aflat\u0103 \u00een prezent \u00een proprietate public\u0103, a c\u0103p\u0103tat o nou\u0103 \u0219i cuvenit\u0103 str\u0103lucire.<\/p>\n<p>O alt\u0103 cl\u0103dire cu valoare istoric\u0103 ce face obiectul unor lucr\u0103ri complexe de reabilitare tot \u00een cadrul unui proiect de eficientizare energetic\u0103 cu finan\u021bare nerambursabil\u0103 prin PNRR este fostul sediu al prim\u0103riei ora\u0219ului din strada Carol I nr. 19, imobil ridicat \u00een anul 1868, investi\u021bia de aici fiind la acest moment \u00eentr-un stadiu fizic de aproximativ 80%.<\/p>\n<p>La acela\u0219i stadiu a ajuns \u0219i reabilitarea energetic\u0103 finan\u021bat\u0103 prin PNRR a sediului actual al Prim\u0103riei R\u00e2mnicului din strada General Praporgescu, imobil dat\u00e2nd din anul 1912, ridicat ini\u021bial ca sediu al Prefecturii jude\u021bului.<\/p>\n<p>Iar \u00een ceea ce prive\u0219te unul dintre cele mai vechi imobile din R\u00e2mnicu V\u00e2lcea, Casa Ol\u0103nescu \u2013 construit\u0103 \u00een secolul al XVIII \u0219i parte din ansamblul arhitectural al fostului Schit In\u0103te\u0219ti din imediata vecin\u0103tate a Seminarului Teologic \u2013 s-a ob\u021binut finan\u021barea european\u0103 necesar\u0103 reabilit\u0103rii prin Programul Regional Sud-Vest Oltenia 2021-2027. La acest moment, investi\u021bia este \u00een stadiul licita\u021biei pentru proiectare \u0219i execu\u021bie; dup\u0103 finalizarea lucr\u0103rilor, Municipalitatea inten\u021bioneaz\u0103 amenajarea aici a unui Centru Cultural.<\/p>\n<p>De asemenea, vechea \u0218coal\u0103 Cop\u0103celu \u2013 un alt imobil care st\u0103 la baza identit\u0103\u021bii R\u00e2mnicului \u0219i a c\u0103rui piatr\u0103 de temelie a fost pus\u0103 \u00een 15 octombrie 1906 de Regele Carol I \u0219i de Regina Elisabeta \u2013 face obiectul unei cereri de finan\u021bare depus\u0103 la Ministerul Dezvolt\u0103rii, Lucr\u0103rilor Publice \u0219i Administra\u021biei (MDLPA) \u00een vederea ob\u021binerii fondurilor necesare pentru consolidarea seismic\u0103 \u0219i cre\u0219terea eficien\u021bei energetice. La finalul proiectului, aici urmeaz\u0103 s\u0103 se amenajeze un Muzeu al \u0218colii V\u00e2lcene.<\/p>\n<\/div>\n<\/div>\n<p><em><strong>\u2022 cele cinci cl\u0103diri sunt Dispensarul TBC, imobilul administrativ din strada Carol I, sediul Municipalit\u0103\u021bii, Casa Ol\u0103nescu \u0219i vechea \u0218coal\u0103 Cop\u0103celu<\/strong><\/em><\/p>\n<p>Prim\u0103ria Municipiului R\u00e2mnicu V\u00e2lcea a finalizat proiectul \u201eCre\u0219terea eficien\u021bei energetice \u00een imobilul Dispensar TBC\u201d (situat \u00een Calea lui Traian nr. 126, l\u00e2ng\u0103 sediul CEC V\u00e2lcea), proiect care a beneficiat de o finan\u021bare nerambursabil\u0103 \u00een valoare de 1,258 mil. lei prin PNRR. \u00cen urma lucr\u0103rilor realizate (termoizolarea pere\u021bilor exteriori, reabilitarea termic\u0103 a plan\u0219eului spre pod \u0219i a fa\u021badei \u2013 partea vitrat\u0103, montarea de sisteme alternative de producere a energiei, \u00eenlocuirea sistemului de iluminat \u0219i reabilitarea termic\u0103 a sistemului de \u00eenc\u0103lzire \u0219i de furnizare a apei calde din subsol), una dintre cl\u0103dirile emblematice ale vechiului R\u00e2mnic, dat\u00e2nd din anul 1905 \u0219i aflat\u0103 \u00een prezent \u00een proprietate public\u0103, a c\u0103p\u0103tat o nou\u0103 \u0219i cuvenit\u0103 str\u0103lucire.<\/p>\n<p>O alt\u0103 cl\u0103dire cu valoare istoric\u0103 ce face obiectul unor lucr\u0103ri complexe de reabilitare tot \u00een cadrul unui proiect de eficientizare energetic\u0103 cu finan\u021bare nerambursabil\u0103 prin PNRR este fostul sediu al prim\u0103riei ora\u0219ului din strada Carol I nr. 19, imobil ridicat \u00een anul 1868, investi\u021bia de aici fiind la acest moment \u00eentr-un stadiu fizic de aproximativ 80%.<\/p>\n<p>La acela\u0219i stadiu a ajuns \u0219i reabilitarea energetic\u0103 finan\u021bat\u0103 prin PNRR a sediului actual al Prim\u0103riei R\u00e2mnicului din strada General Praporgescu, imobil dat\u00e2nd din anul 1912, ridicat ini\u021bial ca sediu al Prefecturii jude\u021bului.<\/p>\n<p>Iar \u00een ceea ce prive\u0219te unul dintre cele mai vechi imobile din R\u00e2mnicu V\u00e2lcea, Casa Ol\u0103nescu \u2013 construit\u0103 \u00een secolul al XVIII \u0219i parte din ansamblul arhitectural al fostului Schit In\u0103te\u0219ti din imediata vecin\u0103tate a Seminarului Teologic \u2013 s-a ob\u021binut finan\u021barea european\u0103 necesar\u0103 reabilit\u0103rii prin Programul Regional Sud-Vest Oltenia 2021-2027. La acest moment, investi\u021bia este \u00een stadiul licita\u021biei pentru proiectare \u0219i execu\u021bie; dup\u0103 finalizarea lucr\u0103rilor, Municipalitatea inten\u021bioneaz\u0103 amenajarea aici a unui Centru Cultural.<\/p>\n<p>De asemenea, vechea \u0218coal\u0103 Cop\u0103celu \u2013 un alt imobil care st\u0103 la baza identit\u0103\u021bii R\u00e2mnicului \u0219i a c\u0103rui piatr\u0103 de temelie a fost pus\u0103 \u00een 15 octombrie 1906 de Regele Carol I \u0219i de Regina Elisabeta \u2013 face obiectul unei cereri de finan\u021bare depus\u0103 la Ministerul Dezvolt\u0103rii, Lucr\u0103rilor Publice \u0219i Administra\u021biei (MDLPA) \u00een vederea ob\u021binerii fondurilor necesare pentru consolidarea seismic\u0103 \u0219i cre\u0219terea eficien\u021bei energetice. La finalul proiectului, aici urmeaz\u0103 s\u0103 se amenajeze un Muzeu al \u0218colii V\u00e2lcene.<\/p>\n<p>[analyse_source url=&#8221;https:\/\/www.gazeta-valceana.ro\/administratie\/primaria-ramnicului-reabiliteaza-cu-fonduri-nerambursabile-cinci-cladiri-istorice-din-patrimoniul-public-al-municipiului\/&#8221;]<\/p>\n","protected":false},"excerpt":{"rendered":"<p>[analyse_image type=&#8221;featured&#8221; src=&#8221;https:\/\/www.gazeta-valceana.ro\/wp-content\/uploads\/2026\/02\/RAMNIC-Dispensar-TBC.jpg&#8221;] Prim\u0103ria R\u00e2mnicului reabiliteaz\u0103, cu fonduri nerambursabile, cinci cl\u0103diri istorice din patrimoniul public al municipiului Administra\u0163ieI 27 februarie 2026 Ac\u021biune Facebook Twitter Pinterest WhatsApp \u2022 cele cinci cl\u0103diri sunt Dispensarul TBC, imobilul administrativ din strada Carol I, sediul Municipalit\u0103\u021bii, Casa Ol\u0103nescu \u0219i vechea \u0218coal\u0103 Cop\u0103celu Prim\u0103ria Municipiului R\u00e2mnicu V\u00e2lcea a finalizat proiectul \u201eCre\u0219terea [&hellip;]<\/p>\n","protected":false},"author":1,"featured_media":0,"comment_status":"open","ping_status":"","sticky":false,"template":"","format":"standard","meta":{"footnotes":""},"categories":[89],"tags":[226,214],"class_list":["post-1797640","post","type-post","status-publish","format-standard","hentry","category-romania","tag-crawlmanager","tag-gazetavalceana-ro"],"_links":{"self":[{"href":"https:\/\/analyse.optim.biz\/index.php?rest_route=\/wp\/v2\/posts\/1797640","targetHints":{"allow":["GET"]}}],"collection":[{"href":"https:\/\/analyse.optim.biz\/index.php?rest_route=\/wp\/v2\/posts"}],"about":[{"href":"https:\/\/analyse.optim.biz\/index.php?rest_route=\/wp\/v2\/types\/post"}],"author":[{"embeddable":true,"href":"https:\/\/analyse.optim.biz\/index.php?rest_route=\/wp\/v2\/users\/1"}],"replies":[{"embeddable":true,"href":"https:\/\/analyse.optim.biz\/index.php?rest_route=%2Fwp%2Fv2%2Fcomments&post=1797640"}],"version-history":[{"count":0,"href":"https:\/\/analyse.optim.biz\/index.php?rest_route=\/wp\/v2\/posts\/1797640\/revisions"}],"wp:attachment":[{"href":"https:\/\/analyse.optim.biz\/index.php?rest_route=%2Fwp%2Fv2%2Fmedia&parent=1797640"}],"wp:term":[{"taxonomy":"category","embeddable":true,"href":"https:\/\/analyse.optim.biz\/index.php?rest_route=%2Fwp%2Fv2%2Fcategories&post=1797640"},{"taxonomy":"post_tag","embeddable":true,"href":"https:\/\/analyse.optim.biz\/index.php?rest_route=%2Fwp%2Fv2%2Ftags&post=1797640"}],"curies":[{"name":"wp","href":"https:\/\/api.w.org\/{rel}","templated":true}]}}