{"id":1797231,"date":"2026-02-27T16:53:59","date_gmt":"2026-02-27T13:53:59","guid":{"rendered":"https:\/\/analyse.optim.biz\/?p=1797231"},"modified":"2026-02-27T16:53:59","modified_gmt":"2026-02-27T13:53:59","slug":"hotul-care-a-jefuit-o-clinica-medicala-din-centrul-ramnicului-a-fost-arestat-vezi-despre-ce-unitate-este","status":"publish","type":"post","link":"https:\/\/analyse.optim.biz\/?p=1797231","title":{"rendered":"HO\u021aUL care a jefuit o clinic\u0103 medical\u0103 din centrul R\u00e2mnicului a fost arestat. VEZI despre ce unitate este"},"content":{"rendered":"<p>[analyse_image type=&#8221;featured&#8221; src=&#8221;https:\/\/www.gazeta-valceana.ro\/wp-content\/uploads\/2025\/10\/IPJ-Arestat-Retinut-tanar-noaptea.jpg&#8221;]<\/p>\n<article id=\"template-id-91645\" class=\"post-91645 tdb_templates type-tdb_templates status-publish post\">\n<div id=\"tdi_49\" class=\"tdc-zone\">\n<div class=\"tdc_zone tdi_50  wpb_row td-pb-row\">\n<div id=\"tdi_51\" class=\"tdc-row stretch_row_1200 td-stretch-content\">\n<div class=\"vc_row tdi_52  wpb_row td-pb-row\">\n<div class=\"vc_column tdi_54  wpb_column vc_column_container tdc-column td-pb-span8\">\n<div class=\"wpb_wrapper\">\n<div class=\"td_block_wrap tdb_title tdi_55 tdb-single-title td-pb-border-top td_block_template_1\" data-td-block-uid=\"tdi_55\">\n<div class=\"tdb-block-inner td-fix-index\">\n<h1 class=\"tdb-title-text\">HO\u021aUL care a jefuit o clinic\u0103 medical\u0103 din centrul R\u00e2mnicului a fost arestat. VEZI despre ce unitate este vorba<\/h1>\n<\/div>\n<\/div>\n<div class=\"vc_row_inner tdi_58  vc_row vc_inner wpb_row td-pb-row tdc-row-content-vert-center\">\n<div class=\"vc_column_inner tdi_60  wpb_column vc_column_container tdc-inner-column td-pb-span12\">\n<div class=\"vc_column-inner\">\n<div class=\"wpb_wrapper\">\n<div class=\"td_block_wrap tdb_single_categories tdi_61 td-pb-border-top td_block_template_1 \" data-td-block-uid=\"tdi_61\">\n<div class=\"tdb-category td-fix-index\"><a class=\"tdb-entry-category\" href=\"https:\/\/www.gazeta-valceana.ro\/category\/anchetedezvaluri\/\">Anchete\/Dezv\u0103luri<\/a><a class=\"tdb-entry-category\" href=\"https:\/\/www.gazeta-valceana.ro\/category\/i\/\">I<\/a><\/div>\n<\/div>\n<div class=\"td_block_wrap tdb_single_date tdi_62 td-pb-border-top td_block_template_1 tdb-post-meta\" data-td-block-uid=\"tdi_62\">\n<div class=\"tdb-block-inner td-fix-index\"><time class=\"entry-date updated td-module-date\" datetime=\"2026-02-27T18:53:59+02:00\">27 februarie 2026<\/time><\/div>\n<\/div>\n<\/div>\n<\/div>\n<\/div>\n<\/div>\n<\/div>\n<\/div>\n<\/div>\n<\/div>\n<div id=\"tdi_65\" class=\"tdc-row stretch_row_1200 td-stretch-content\">\n<div class=\"vc_row tdi_66  wpb_row td-pb-row\">\n<div class=\"vc_column tdi_68  wpb_column vc_column_container tdc-column td-pb-span8\">\n<div class=\"wpb_wrapper\">\n<div class=\"td_block_wrap tdb_single_featured_image tdi_69 tdb-content-horiz-left td-pb-border-top td_block_template_1\" data-td-block-uid=\"tdi_69\">\n<div class=\"tdb-block-inner td-fix-index\"><img loading=\"lazy\" decoding=\"async\" width=\"696\" height=\"408\" class=\"entry-thumb\" src=\"https:\/\/www.gazeta-valceana.ro\/wp-content\/uploads\/2025\/10\/IPJ-Arestat-Retinut-tanar-noaptea-696x408.jpg\" alt title=\"IPJ Arestat Retinut tanar noaptea\"><\/div>\n<\/div>\n<div class=\"td_block_wrap tdb_single_post_share tdi_70  td-pb-border-top td_block_template_1\" data-td-block-uid=\"tdi_70\">\n<div id=\"tdi_70\" class=\"td-post-sharing tdb-block td-ps-border td-ps-border-grey td-ps-notext td-ps-icon-color td-ps-text-color td-post-sharing-style16 \">\n<div class=\"td-post-sharing-visible\">\n<div class=\"td-social-sharing-button td-social-sharing-button-js td-social-handler td-social-share-text\">\n<div class=\"td-social-but-text\">Ac\u021biune<\/div>\n<\/div>\n<p><a class=\"td-social-sharing-button td-social-sharing-button-js td-social-network td-social-facebook\" href=\"https:\/\/www.facebook.com\/sharer.php?u=https%3A%2F%2Fwww.gazeta-valceana.ro%2Fanchetedezvaluri%2Fhotul-care-a-jefuit-o-clinica-medicala-din-centrul-ramnicului-a-fost-arestat-vezi-despre-ce-unitate-este-vorba%2F\" title=\"Facebook\"><\/p>\n<div class=\"td-social-but-text\">Facebook<\/div>\n<p><\/a><a class=\"td-social-sharing-button td-social-sharing-button-js td-social-network td-social-twitter\" href=\"https:\/\/twitter.com\/intent\/tweet?text=HO%C8%9AUL+care+a+jefuit+o+clinic%C4%83+medical%C4%83+din+centrul+R%C3%A2mnicului+a+fost+arestat.+VEZI+despre+ce+unitate+este+vorba&amp;url=https%3A%2F%2Fwww.gazeta-valceana.ro%2Fanchetedezvaluri%2Fhotul-care-a-jefuit-o-clinica-medicala-din-centrul-ramnicului-a-fost-arestat-vezi-despre-ce-unitate-este-vorba%2F&amp;via=Gazeta+V%C3%A2lcean%C4%83\" title=\"Twitter\"><\/p>\n<div class=\"td-social-but-text\">Twitter<\/div>\n<p><\/a><a class=\"td-social-sharing-button td-social-sharing-button-js td-social-network td-social-pinterest\" href=\"https:\/\/pinterest.com\/pin\/create\/button\/?url=https:\/\/www.gazeta-valceana.ro\/anchetedezvaluri\/hotul-care-a-jefuit-o-clinica-medicala-din-centrul-ramnicului-a-fost-arestat-vezi-despre-ce-unitate-este-vorba\/&amp;media=https:\/\/www.gazeta-valceana.ro\/wp-content\/uploads\/2025\/10\/IPJ-Arestat-Retinut-tanar-noaptea.jpg&amp;description=HO%C8%9AUL+care+a+jefuit+o+clinic%C4%83+medical%C4%83+din+centrul+R%C3%A2mnicului+a+fost+arestat.+VEZI+despre+ce+unitate+este+vorba\" title=\"Pinterest\"><\/p>\n<div class=\"td-social-but-text\">Pinterest<\/div>\n<p><\/a><a class=\"td-social-sharing-button td-social-sharing-button-js td-social-network td-social-whatsapp\" href=\"https:\/\/api.whatsapp.com\/send?text=HO%C8%9AUL+care+a+jefuit+o+clinic%C4%83+medical%C4%83+din+centrul+R%C3%A2mnicului+a+fost+arestat.+VEZI+despre+ce+unitate+este+vorba%20%0A%0A%20https:\/\/www.gazeta-valceana.ro\/anchetedezvaluri\/hotul-care-a-jefuit-o-clinica-medicala-din-centrul-ramnicului-a-fost-arestat-vezi-despre-ce-unitate-este-vorba\/\" title=\"WhatsApp\"><\/p>\n<div class=\"td-social-but-text\">WhatsApp<\/div>\n<p><\/a><\/div>\n<\/div>\n<\/div>\n<div class=\"td_block_wrap tdb_single_content tdi_71 td-pb-border-top td_block_template_1 td-post-content tagdiv-type\" data-td-block-uid=\"tdi_71\">\n<div class=\"tdb-block-inner td-fix-index\">\n<p>Poli\u021bi\u0219tii Serviciului de Investiga\u021bii Criminale din cadrul Inspectoratului de Poli\u021bie Jude\u021bean V\u00e2lcea au identificat o persoan\u0103 cercetat\u0103 pentru complicitate la furt calificat. \u00cen fapt, \u00een diminea\u021ba de 29 ianuarie 2026, poli\u021bi\u0219tii au fost sesiza\u021bi cu privire la faptul c\u0103, pe timpul nop\u021bii, persoane necunoscute au p\u0103truns, prin for\u021barea u\u0219ii de acces, \u00een incinta unei clinici medicale din municipiul R\u00e2mnicu V\u00e2lcea, de unde au sustras o caset\u0103 de valori (seif), \u00een care se afla suma de aproximativ 25.000 de lei.<\/p>\n<p>\u00cen cauz\u0103 a fost \u00eentocmit dosar penal sub aspectul s\u0103v\u00e2r\u0219irii infrac\u021biunii de furt calificat, iar \u00een urma activit\u0103\u021bilor investigativ-operative desf\u0103\u0219urate, poli\u021bi\u0219tii au identificat unul dintre cei doi f\u0103ptuitori, respectiv un b\u0103rbat \u00een v\u00e2rst\u0103 de 41 de ani, domiciliat \u00een municipiul R\u00e2mnicu V\u00e2lcea.<\/p>\n<p>\u00cen data de 26 februarie 2026, \u00een urma administr\u0103rii probatoriului, sub coordonarea unui procuror din cadrul Parchetului de pe l\u00e2ng\u0103 Judec\u0103toria R\u00e2mnicu V\u00e2lcea, fa\u021b\u0103 de acesta a fost dispus\u0103 m\u0103sura re\u021binerii pentru 24 de ore.<\/p>\n<p>Vineri, 27 februarie 2026, judec\u0103torul de drepturi \u0219i libert\u0103\u021bi din cadrul Judec\u0103toriei R\u00e2mnicu V\u00e2lcea a admis propunerea Parchetului de pe l\u00e2ng\u0103 Judec\u0103toria R\u00e2mnicu V\u00e2lcea \u0219i a emis un mandat de arestare preventiv\u0103 pentru 30 de zile pe numele persoanei \u00een cauz\u0103.<\/p>\n<p><strong>Din informa\u021biile noastre, clinica p\u0103gubit\u0103 este RAPITEST (strada V. Ol\u0103nescu din centrul municipiului R\u00e2mnicu V\u00e2lcea).<\/strong><\/p>\n<p><em>\u201eB\u0103rbatul a fost introdus \u00een Centrul de Re\u021binere \u0219i Arestare Preventiv\u0103 al Inspectoratului de Poli\u021bie Jude\u021bean V\u00e2lcea. Cercet\u0103rile sunt continuate de c\u0103tre poli\u021bi\u0219ti, urm\u00e2nd a fi dispuse m\u0103surile legale care se impun. Facem precizarea c\u0103, pe parcursul \u00eentregului proces penal, persoana cercetat\u0103 beneficiaz\u0103 de drepturile \u0219i garan\u021biile procesuale prev\u0103zute de Codul de procedur\u0103 penal\u0103, precum \u0219i de prezum\u021bia de nevinov\u0103\u021bie\u201d<\/em>, au anun\u021bat reprezentan\u021bii IPJ V\u00e2lcea.<\/p>\n<\/div>\n<\/div>\n<div class=\"tdb-author-box td_block_wrap tdb_single_author_box tdi_72 tdb-content-vert-top td-pb-border-top td_block_template_1\" data-td-block-uid=\"tdi_72\">\n<div class=\"tdb-block-inner td-fix-index\"><a href=\"https:\/\/www.gazeta-valceana.ro\/author\/redactia\/\" class=\"tdb-author-photo\" title=\"Redactia\"><img decoding=\"async\" alt=\"Redactia\" src=\"https:\/\/secure.gravatar.com\/avatar\/d9699bfd17d7f55fcf6bbdfb0214d48a942c5fd23a1db27f4a803a8d0651670f?s=500&amp;d=mm&amp;r=g\" class=\"avatar avatar-500 photo\" height=\"500\" width=\"500\" loading=\"lazy\"><\/a><\/p>\n<div class=\"tdb-author-info\"><a href=\"https:\/\/www.gazeta-valceana.ro\/author\/redactia\/\" class=\"tdb-author-name\">Redactia<\/a><\/div>\n<\/div>\n<\/div>\n<\/div>\n<\/div>\n<div class=\"vc_column tdi_76  wpb_column vc_column_container tdc-column td-pb-span4 td-is-sticky\">\n<div class=\"wpb_wrapper\" data-sticky-enabled-on=\"W3RydWUsdHJ1ZSx0cnVlLHRydWVd\" data-sticky-offset=\"20\" data-sticky-is-width-auto=\"W2ZhbHNlLGZhbHNlLGZhbHNlLGZhbHNlXQ==\">\n<div class=\"vc_row_inner tdi_81  vc_row vc_inner wpb_row td-pb-row tdc-row-content-vert-center\">\n<div class=\"vc_column_inner tdi_83  wpb_column vc_column_container tdc-inner-column td-pb-span12\">\n<div class=\"vc_column-inner\">\n<div class=\"wpb_wrapper\">\n<div class=\"tdm_block td_block_wrap tdm_block_inline_text tdi_86 tdm-inline-block td-pb-border-top td_block_template_1\" data-td-block-uid=\"tdi_86\">\n<p class=\"tdm-descr\">Ultimele articole<\/p>\n<\/div>\n<\/div>\n<\/div>\n<\/div>\n<\/div>\n<div class=\"td_block_wrap td_flex_block_1 tdi_87 td-pb-border-top td_block_template_1 td_flex_block\" data-td-block-uid=\"tdi_87\">\n<div id=\"tdi_87\" class=\"td_block_inner td-mc1-wrap\">\n<div class=\"td_module_flex td_module_flex_1 td_module_wrap td-animation-stack td-cpt-post\">\n<div class=\"td-module-container td-category-pos-\">\n<div class=\"td-module-meta-info\">\n<h3 class=\"entry-title td-module-title\"><a href=\"https:\/\/www.gazeta-valceana.ro\/fapt-divers\/foto-video-accident-spectaculos-pe-dn-7-valea-oltului-un-camion-a-ramas-suspendat\/\" rel=\"bookmark\" title=\"FOTO\/VIDEO. Accident spectaculos pe DN 7 \u2013 Valea Oltului. Un camion a r\u0103mas suspendat\">FOTO\/VIDEO. Accident spectaculos pe DN 7 \u2013 Valea Oltului. Un camion a r\u0103mas suspendat<\/a><\/h3>\n<div class=\"td-editor-date\"><span class=\"td-author-date\"><span class=\"td-post-date\"><time class=\"entry-date updated td-module-date\" datetime=\"2026-02-27T14:15:55+02:00\">27 februarie 2026<\/time><\/span><\/span><\/div>\n<\/div>\n<\/div>\n<\/div>\n<div class=\"td_module_flex td_module_flex_1 td_module_wrap td-animation-stack td-cpt-post\">\n<div class=\"td-module-container td-category-pos-\">\n<div class=\"td-module-meta-info\">\n<h3 class=\"entry-title td-module-title\"><a href=\"https:\/\/www.gazeta-valceana.ro\/fapt-divers\/chimcomplex-in-2025-trece-prin-cel-mai-dificil-an-din-existenta-sa-dar-rezista-presiunilor-din-piata\/\" rel=\"bookmark\" title=\"Chimcomplex \u00een 2025: Trece prin cel mai dificil an din existen\u021ba sa, dar rezist\u0103 presiunilor din pia\u021b\u0103\">Chimcomplex \u00een 2025: Trece prin cel mai dificil an din existen\u021ba sa, dar rezist\u0103 presiunilor din pia\u021b\u0103<\/a><\/h3>\n<div class=\"td-editor-date\"><span class=\"td-author-date\"><span class=\"td-post-date\"><time class=\"entry-date updated td-module-date\" datetime=\"2026-02-27T12:27:19+02:00\">27 februarie 2026<\/time><\/span><\/span><\/div>\n<\/div>\n<\/div>\n<\/div>\n<div class=\"td_module_flex td_module_flex_1 td_module_wrap td-animation-stack td-cpt-post\">\n<div class=\"td-module-container td-category-pos-\">\n<div class=\"td-module-meta-info\">\n<h3 class=\"entry-title td-module-title\"><a href=\"https:\/\/www.gazeta-valceana.ro\/fapt-divers\/foto-incendiu-la-vladesti-patru-echipaje-de-pompieri-s-au-luptat-cu-flacarile\/\" rel=\"bookmark\" title=\"FOTO. Incendiu la Vl\u0103de\u0219ti. Patru echipaje de pompieri s-au luptat cu fl\u0103c\u0103rile\">FOTO. Incendiu la Vl\u0103de\u0219ti. Patru echipaje de pompieri s-au luptat cu fl\u0103c\u0103rile<\/a><\/h3>\n<div class=\"td-editor-date\"><span class=\"td-author-date\"><span class=\"td-post-date\"><time class=\"entry-date updated td-module-date\" datetime=\"2026-02-27T11:50:32+02:00\">27 februarie 2026<\/time><\/span><\/span><\/div>\n<\/div>\n<\/div>\n<\/div>\n<div class=\"td_module_flex td_module_flex_1 td_module_wrap td-animation-stack td-cpt-post\">\n<div class=\"td-module-container td-category-pos-\">\n<div class=\"td-module-meta-info\">\n<h3 class=\"entry-title td-module-title\"><a href=\"https:\/\/www.gazeta-valceana.ro\/fapt-divers\/imagini-elevii-de-la-liceul-preda-buzescu-berbesti-vizitati-de-politisti\/\" rel=\"bookmark\" title=\"IMAGINI. Elevii de la Liceul \u201ePreda Buzescu\u201d Berbe\u0219ti, vizita\u021bi de poli\u021bi\u0219ti\">IMAGINI. Elevii de la Liceul \u201ePreda Buzescu\u201d Berbe\u0219ti, vizita\u021bi de poli\u021bi\u0219ti<\/a><\/h3>\n<div class=\"td-editor-date\"><span class=\"td-author-date\"><span class=\"td-post-date\"><time class=\"entry-date updated td-module-date\" datetime=\"2026-02-27T08:42:12+02:00\">27 februarie 2026<\/time><\/span><\/span><\/div>\n<\/div>\n<\/div>\n<\/div>\n<\/div>\n<\/div>\n<div class=\"td_block_wrap td-a-rec td-a-rec-id-custom-spot td-a-rec-img tdi_88 td_block_template_1\">\n<div><a href=\"https:\/\/www.gazeta-valceana.ro\/anchetedezvaluri\/hotul-care-a-jefuit-o-clinica-medicala-din-centrul-ramnicului-a-fost-arestat-vezi-despre-ce-unitate-este-vorba\/\" class=\"td_spot_img_all\"><img loading=\"lazy\" decoding=\"async\" src=\"https:\/\/www.gazeta-valceana.ro\/wp-content\/uploads\/2025\/01\/image-5.jpg\" alt=\"spot_img\" width=\"347\" height=\"277\"><\/a><a href=\"https:\/\/www.gazeta-valceana.ro\/anchetedezvaluri\/hotul-care-a-jefuit-o-clinica-medicala-din-centrul-ramnicului-a-fost-arestat-vezi-despre-ce-unitate-este-vorba\/\" class=\"td_spot_img_mob\"><img loading=\"lazy\" decoding=\"async\" src=\"https:\/\/www.gazeta-valceana.ro\/wp-content\/uploads\/2025\/01\/image-5.jpg\" alt=\"spot_img\" width=\"347\" height=\"247\"><\/a><\/div>\n<\/div>\n<div class=\"td_block_wrap td-a-rec td-a-rec-id-custom-spot td-a-rec-img tdi_89 td_block_template_1\">\n<div><a href=\"https:\/\/www.gazeta-valceana.ro\/anchetedezvaluri\/hotul-care-a-jefuit-o-clinica-medicala-din-centrul-ramnicului-a-fost-arestat-vezi-despre-ce-unitate-este-vorba\/\" class=\"td_spot_img_all\"><img loading=\"lazy\" decoding=\"async\" src=\"https:\/\/www.gazeta-valceana.ro\/wp-content\/uploads\/2025\/01\/image-3.jpeg\" alt=\"spot_img\" width=\"347\" height=\"277\"><\/a><a href=\"https:\/\/www.gazeta-valceana.ro\/anchetedezvaluri\/hotul-care-a-jefuit-o-clinica-medicala-din-centrul-ramnicului-a-fost-arestat-vezi-despre-ce-unitate-este-vorba\/\" class=\"td_spot_img_mob\"><img loading=\"lazy\" decoding=\"async\" src=\"https:\/\/www.gazeta-valceana.ro\/wp-content\/uploads\/2025\/01\/image-3.jpeg\" alt=\"spot_img\" width=\"347\" height=\"247\"><\/a><\/div>\n<\/div>\n<\/div>\n<\/div>\n<\/div>\n<\/div>\n<div id=\"tdi_97\" class=\"tdc-row stretch_row_1200 td-stretch-content\">\n<div class=\"vc_row tdi_98  wpb_row td-pb-row\">\n<div class=\"vc_column tdi_100  wpb_column vc_column_container tdc-column td-pb-span12\">\n<div class=\"wpb_wrapper\">\n<div class=\"td_block_wrap tdb_single_next_prev tdi_101 td-pb-border-top td_block_template_1\" data-td-block-uid=\"tdi_101\">\n<div class=\"tdb-block-inner td-fix-index\">\n<div class=\"tdb-next-post tdb-next-post-bg tdb-post-prev\"><span>Articolul precedent<\/span><\/p>\n<div class=\"td-module-container\">\n<div class=\"next-prev-title\"><a href=\"https:\/\/www.gazeta-valceana.ro\/fapt-divers\/foto-video-accident-spectaculos-pe-dn-7-valea-oltului-un-camion-a-ramas-suspendat\/\">FOTO\/VIDEO. Accident spectaculos pe DN 7 \u2013 Valea Oltului. Un camion a r\u0103mas suspendat<\/a><\/div>\n<\/div>\n<\/div>\n<\/div>\n<\/div>\n<div class=\"vc_row_inner tdi_103  vc_row vc_inner wpb_row td-pb-row tdc-row-content-vert-center\">\n<div class=\"vc_column_inner tdi_105  wpb_column vc_column_container tdc-inner-column td-pb-span12\">\n<div class=\"vc_column-inner\">\n<div class=\"wpb_wrapper\">\n<div class=\"tdm_block td_block_wrap tdm_block_inline_text tdi_108 tdm-inline-block td-pb-border-top td_block_template_1\" data-td-block-uid=\"tdi_108\">\n<p class=\"tdm-descr\">Related articles<\/p>\n<\/div>\n<\/div>\n<\/div>\n<\/div>\n<\/div>\n<div class=\"td_block_wrap tdb_single_related tdi_109 td_with_ajax_pagination td-pb-border-top td_block_template_1 tdb-single-related-posts\" data-td-block-uid=\"tdi_109\">\n<div id=\"tdi_109\" class=\"td_block_inner tdb-block-inner td-fix-index\">\n<div class=\"tdb_module_related td_module_wrap td-animation-stack\">\n<div class=\"td-module-container td-category-pos-\">\n<div class=\"td-module-meta-info\">\n<h3 class=\"entry-title td-module-title\"><a href=\"https:\/\/www.gazeta-valceana.ro\/fapt-divers\/foto-video-accident-spectaculos-pe-dn-7-valea-oltului-un-camion-a-ramas-suspendat\/\" rel=\"bookmark\" title=\"FOTO\/VIDEO. Accident spectaculos pe DN 7 \u2013 Valea Oltului. Un camion a r\u0103mas suspendat\">FOTO\/VIDEO. Accident spectaculos pe DN 7 \u2013 Valea Oltului. Un camion a r\u0103mas suspendat<\/a><\/h3>\n<div class=\"td-editor-date\"><a href=\"https:\/\/www.gazeta-valceana.ro\/category\/fapt-divers\/\" class=\"td-post-category\">Fapt divers<\/a><span class=\"td-author-date\"><span class=\"td-post-date\"><time class=\"entry-date updated td-module-date\" datetime=\"2026-02-27T14:15:55+02:00\">27 februarie 2026<\/time><\/span><\/span><\/div>\n<\/div>\n<\/div>\n<\/div>\n<div class=\"tdb_module_related td_module_wrap td-animation-stack\">\n<div class=\"td-module-container td-category-pos-\">\n<div class=\"td-module-meta-info\">\n<h3 class=\"entry-title td-module-title\"><a href=\"https:\/\/www.gazeta-valceana.ro\/fapt-divers\/chimcomplex-in-2025-trece-prin-cel-mai-dificil-an-din-existenta-sa-dar-rezista-presiunilor-din-piata\/\" rel=\"bookmark\" title=\"Chimcomplex \u00een 2025: Trece prin cel mai dificil an din existen\u021ba sa, dar rezist\u0103 presiunilor din pia\u021b\u0103\">Chimcomplex \u00een 2025: Trece prin cel mai dificil an din existen\u021ba sa, dar rezist\u0103 presiunilor din pia\u021b\u0103<\/a><\/h3>\n<div class=\"td-editor-date\"><a href=\"https:\/\/www.gazeta-valceana.ro\/category\/fapt-divers\/\" class=\"td-post-category\">Fapt divers<\/a><span class=\"td-author-date\"><span class=\"td-post-date\"><time class=\"entry-date updated td-module-date\" datetime=\"2026-02-27T12:27:19+02:00\">27 februarie 2026<\/time><\/span><\/span><\/div>\n<\/div>\n<\/div>\n<\/div>\n<div class=\"tdb_module_related td_module_wrap td-animation-stack\">\n<div class=\"td-module-container td-category-pos-\">\n<div class=\"td-module-meta-info\">\n<h3 class=\"entry-title td-module-title\"><a href=\"https:\/\/www.gazeta-valceana.ro\/fapt-divers\/foto-incendiu-la-vladesti-patru-echipaje-de-pompieri-s-au-luptat-cu-flacarile\/\" rel=\"bookmark\" title=\"FOTO. Incendiu la Vl\u0103de\u0219ti. Patru echipaje de pompieri s-au luptat cu fl\u0103c\u0103rile\">FOTO. Incendiu la Vl\u0103de\u0219ti. Patru echipaje de pompieri s-au luptat cu fl\u0103c\u0103rile<\/a><\/h3>\n<div class=\"td-editor-date\"><a href=\"https:\/\/www.gazeta-valceana.ro\/category\/fapt-divers\/\" class=\"td-post-category\">Fapt divers<\/a><span class=\"td-author-date\"><span class=\"td-post-date\"><time class=\"entry-date updated td-module-date\" datetime=\"2026-02-27T11:50:32+02:00\">27 februarie 2026<\/time><\/span><\/span><\/div>\n<\/div>\n<\/div>\n<\/div>\n<\/div>\n<\/div>\n<\/div>\n<\/div>\n<\/div>\n<\/div>\n<div id=\"tdi_116\" class=\"tdc-row stretch_row_1200 td-stretch-content\">\n<div class=\"vc_row tdi_117  wpb_row td-pb-row\">\n<div class=\"vc_column tdi_122  wpb_column vc_column_container tdc-column td-pb-span4 td-is-sticky\">\n<div class=\"wpb_wrapper\" data-sticky-enabled-on=\"W3RydWUsdHJ1ZSx0cnVlLHRydWVd\" data-sticky-offset=\"20\" data-sticky-is-width-auto=\"W2ZhbHNlLGZhbHNlLGZhbHNlLGZhbHNlXQ==\">\n<div class=\"td_block_wrap td-a-rec td-a-rec-id-custom-spot td-a-rec-img tdi_123 td_block_template_1\">\n<div><a href=\"https:\/\/www.gazeta-valceana.ro\/anchetedezvaluri\/hotul-care-a-jefuit-o-clinica-medicala-din-centrul-ramnicului-a-fost-arestat-vezi-despre-ce-unitate-este-vorba\/\" class=\"td_spot_img_all\"><img loading=\"lazy\" decoding=\"async\" src=\"https:\/\/www.gazeta-valceana.ro\/wp-content\/uploads\/2025\/01\/image-4.jpg\" alt=\"spot_img\" width=\"347\" height=\"277\"><\/a><a href=\"https:\/\/www.gazeta-valceana.ro\/anchetedezvaluri\/hotul-care-a-jefuit-o-clinica-medicala-din-centrul-ramnicului-a-fost-arestat-vezi-despre-ce-unitate-este-vorba\/\" class=\"td_spot_img_mob\"><img loading=\"lazy\" decoding=\"async\" src=\"https:\/\/www.gazeta-valceana.ro\/wp-content\/uploads\/2025\/01\/image-4.jpg\" alt=\"spot_img\" width=\"347\" height=\"247\"><\/a><\/div>\n<\/div>\n<div class=\"td_block_wrap td-a-rec td-a-rec-id-custom-spot td-a-rec-img tdi_124 td_block_template_1\">\n<div><a href=\"https:\/\/www.gazeta-valceana.ro\/anchetedezvaluri\/hotul-care-a-jefuit-o-clinica-medicala-din-centrul-ramnicului-a-fost-arestat-vezi-despre-ce-unitate-este-vorba\/\" class=\"td_spot_img_all\"><img loading=\"lazy\" decoding=\"async\" src=\"https:\/\/www.gazeta-valceana.ro\/wp-content\/uploads\/2025\/01\/image-5.jpg\" alt=\"spot_img\" width=\"347\" height=\"277\"><\/a><a href=\"https:\/\/www.gazeta-valceana.ro\/anchetedezvaluri\/hotul-care-a-jefuit-o-clinica-medicala-din-centrul-ramnicului-a-fost-arestat-vezi-despre-ce-unitate-este-vorba\/\" class=\"td_spot_img_mob\"><img loading=\"lazy\" decoding=\"async\" src=\"https:\/\/www.gazeta-valceana.ro\/wp-content\/uploads\/2025\/01\/image-5.jpg\" alt=\"spot_img\" width=\"347\" height=\"247\"><\/a><\/div>\n<\/div>\n<div class=\"td_block_wrap td-a-rec td-a-rec-id-custom-spot td-a-rec-img tdi_125 td_block_template_1\">\n<div><a href=\"https:\/\/www.gazeta-valceana.ro\/anchetedezvaluri\/hotul-care-a-jefuit-o-clinica-medicala-din-centrul-ramnicului-a-fost-arestat-vezi-despre-ce-unitate-este-vorba\/\" class=\"td_spot_img_all\"><img loading=\"lazy\" decoding=\"async\" src=\"https:\/\/www.gazeta-valceana.ro\/wp-content\/uploads\/2025\/01\/image-3.jpeg\" alt=\"spot_img\" width=\"347\" height=\"277\"><\/a><a href=\"https:\/\/www.gazeta-valceana.ro\/anchetedezvaluri\/hotul-care-a-jefuit-o-clinica-medicala-din-centrul-ramnicului-a-fost-arestat-vezi-despre-ce-unitate-este-vorba\/\" class=\"td_spot_img_mob\"><img loading=\"lazy\" decoding=\"async\" src=\"https:\/\/www.gazeta-valceana.ro\/wp-content\/uploads\/2025\/01\/image-3.jpeg\" alt=\"spot_img\" width=\"347\" height=\"247\"><\/a><\/div>\n<\/div>\n<\/div>\n<\/div>\n<\/div>\n<\/div>\n<\/div>\n<\/div>\n<p><span class=\"td-page-meta\"><\/span><span class=\"td-page-meta\"><span class=\"td-page-meta\"><\/span><\/span><span class=\"td-page-meta\"><\/span><\/article>\n<\/p>\n<div class=\"td_block_wrap tdb_single_content tdi_71 td-pb-border-top td_block_template_1 td-post-content tagdiv-type\" data-td-block-uid=\"tdi_71\">\n<div class=\"tdb-block-inner td-fix-index\">\n<p>Poli\u021bi\u0219tii Serviciului de Investiga\u021bii Criminale din cadrul Inspectoratului de Poli\u021bie Jude\u021bean V\u00e2lcea au identificat o persoan\u0103 cercetat\u0103 pentru complicitate la furt calificat. \u00cen fapt, \u00een diminea\u021ba de 29 ianuarie 2026, poli\u021bi\u0219tii au fost sesiza\u021bi cu privire la faptul c\u0103, pe timpul nop\u021bii, persoane necunoscute au p\u0103truns, prin for\u021barea u\u0219ii de acces, \u00een incinta unei clinici medicale din municipiul R\u00e2mnicu V\u00e2lcea, de unde au sustras o caset\u0103 de valori (seif), \u00een care se afla suma de aproximativ 25.000 de lei.<\/p>\n<p>\u00cen cauz\u0103 a fost \u00eentocmit dosar penal sub aspectul s\u0103v\u00e2r\u0219irii infrac\u021biunii de furt calificat, iar \u00een urma activit\u0103\u021bilor investigativ-operative desf\u0103\u0219urate, poli\u021bi\u0219tii au identificat unul dintre cei doi f\u0103ptuitori, respectiv un b\u0103rbat \u00een v\u00e2rst\u0103 de 41 de ani, domiciliat \u00een municipiul R\u00e2mnicu V\u00e2lcea.<\/p>\n<p>\u00cen data de 26 februarie 2026, \u00een urma administr\u0103rii probatoriului, sub coordonarea unui procuror din cadrul Parchetului de pe l\u00e2ng\u0103 Judec\u0103toria R\u00e2mnicu V\u00e2lcea, fa\u021b\u0103 de acesta a fost dispus\u0103 m\u0103sura re\u021binerii pentru 24 de ore.<\/p>\n<p>Vineri, 27 februarie 2026, judec\u0103torul de drepturi \u0219i libert\u0103\u021bi din cadrul Judec\u0103toriei R\u00e2mnicu V\u00e2lcea a admis propunerea Parchetului de pe l\u00e2ng\u0103 Judec\u0103toria R\u00e2mnicu V\u00e2lcea \u0219i a emis un mandat de arestare preventiv\u0103 pentru 30 de zile pe numele persoanei \u00een cauz\u0103.<\/p>\n<p><strong>Din informa\u021biile noastre, clinica p\u0103gubit\u0103 este RAPITEST (strada V. Ol\u0103nescu din centrul municipiului R\u00e2mnicu V\u00e2lcea).<\/strong><\/p>\n<p><em>\u201eB\u0103rbatul a fost introdus \u00een Centrul de Re\u021binere \u0219i Arestare Preventiv\u0103 al Inspectoratului de Poli\u021bie Jude\u021bean V\u00e2lcea. Cercet\u0103rile sunt continuate de c\u0103tre poli\u021bi\u0219ti, urm\u00e2nd a fi dispuse m\u0103surile legale care se impun. Facem precizarea c\u0103, pe parcursul \u00eentregului proces penal, persoana cercetat\u0103 beneficiaz\u0103 de drepturile \u0219i garan\u021biile procesuale prev\u0103zute de Codul de procedur\u0103 penal\u0103, precum \u0219i de prezum\u021bia de nevinov\u0103\u021bie\u201d<\/em>, au anun\u021bat reprezentan\u021bii IPJ V\u00e2lcea.<\/p>\n<\/div>\n<\/div>\n<p>Poli\u021bi\u0219tii Serviciului de Investiga\u021bii Criminale din cadrul Inspectoratului de Poli\u021bie Jude\u021bean V\u00e2lcea au identificat o persoan\u0103 cercetat\u0103 pentru complicitate la furt calificat. \u00cen fapt, \u00een diminea\u021ba de 29 ianuarie 2026, poli\u021bi\u0219tii au fost sesiza\u021bi cu privire la faptul c\u0103, pe timpul nop\u021bii, persoane necunoscute au p\u0103truns, prin for\u021barea u\u0219ii de acces, \u00een incinta unei clinici medicale din municipiul R\u00e2mnicu V\u00e2lcea, de unde au sustras o caset\u0103 de valori (seif), \u00een care se afla suma de aproximativ 25.000 de lei.<\/p>\n<p>\u00cen cauz\u0103 a fost \u00eentocmit dosar penal sub aspectul s\u0103v\u00e2r\u0219irii infrac\u021biunii de furt calificat, iar \u00een urma activit\u0103\u021bilor investigativ-operative desf\u0103\u0219urate, poli\u021bi\u0219tii au identificat unul dintre cei doi f\u0103ptuitori, respectiv un b\u0103rbat \u00een v\u00e2rst\u0103 de 41 de ani, domiciliat \u00een municipiul R\u00e2mnicu V\u00e2lcea.<\/p>\n<p>\u00cen data de 26 februarie 2026, \u00een urma administr\u0103rii probatoriului, sub coordonarea unui procuror din cadrul Parchetului de pe l\u00e2ng\u0103 Judec\u0103toria R\u00e2mnicu V\u00e2lcea, fa\u021b\u0103 de acesta a fost dispus\u0103 m\u0103sura re\u021binerii pentru 24 de ore.<\/p>\n<p>Vineri, 27 februarie 2026, judec\u0103torul de drepturi \u0219i libert\u0103\u021bi din cadrul Judec\u0103toriei R\u00e2mnicu V\u00e2lcea a admis propunerea Parchetului de pe l\u00e2ng\u0103 Judec\u0103toria R\u00e2mnicu V\u00e2lcea \u0219i a emis un mandat de arestare preventiv\u0103 pentru 30 de zile pe numele persoanei \u00een cauz\u0103.<\/p>\n<p><strong>Din informa\u021biile noastre, clinica p\u0103gubit\u0103 este RAPITEST (strada V. Ol\u0103nescu din centrul municipiului R\u00e2mnicu V\u00e2lcea).<\/strong><\/p>\n<p><em>\u201eB\u0103rbatul a fost introdus \u00een Centrul de Re\u021binere \u0219i Arestare Preventiv\u0103 al Inspectoratului de Poli\u021bie Jude\u021bean V\u00e2lcea. Cercet\u0103rile sunt continuate de c\u0103tre poli\u021bi\u0219ti, urm\u00e2nd a fi dispuse m\u0103surile legale care se impun. Facem precizarea c\u0103, pe parcursul \u00eentregului proces penal, persoana cercetat\u0103 beneficiaz\u0103 de drepturile \u0219i garan\u021biile procesuale prev\u0103zute de Codul de procedur\u0103 penal\u0103, precum \u0219i de prezum\u021bia de nevinov\u0103\u021bie\u201d<\/em>, au anun\u021bat reprezentan\u021bii IPJ V\u00e2lcea.<\/p>\n<p>[analyse_source url=&#8221;https:\/\/www.gazeta-valceana.ro\/anchetedezvaluri\/hotul-care-a-jefuit-o-clinica-medicala-din-centrul-ramnicului-a-fost-arestat-vezi-despre-ce-unitate-este-vorba\/&#8221;]<\/p>\n","protected":false},"excerpt":{"rendered":"<p>[analyse_image type=&#8221;featured&#8221; src=&#8221;https:\/\/www.gazeta-valceana.ro\/wp-content\/uploads\/2025\/10\/IPJ-Arestat-Retinut-tanar-noaptea.jpg&#8221;] HO\u021aUL care a jefuit o clinic\u0103 medical\u0103 din centrul R\u00e2mnicului a fost arestat. VEZI despre ce unitate este vorba Anchete\/Dezv\u0103luriI 27 februarie 2026 Ac\u021biune Facebook Twitter Pinterest WhatsApp Poli\u021bi\u0219tii Serviciului de Investiga\u021bii Criminale din cadrul Inspectoratului de Poli\u021bie Jude\u021bean V\u00e2lcea au identificat o persoan\u0103 cercetat\u0103 pentru complicitate la furt calificat. \u00cen fapt, [&hellip;]<\/p>\n","protected":false},"author":1,"featured_media":0,"comment_status":"open","ping_status":"","sticky":false,"template":"","format":"standard","meta":{"footnotes":""},"categories":[89],"tags":[226,214],"class_list":["post-1797231","post","type-post","status-publish","format-standard","hentry","category-romania","tag-crawlmanager","tag-gazetavalceana-ro"],"_links":{"self":[{"href":"https:\/\/analyse.optim.biz\/index.php?rest_route=\/wp\/v2\/posts\/1797231","targetHints":{"allow":["GET"]}}],"collection":[{"href":"https:\/\/analyse.optim.biz\/index.php?rest_route=\/wp\/v2\/posts"}],"about":[{"href":"https:\/\/analyse.optim.biz\/index.php?rest_route=\/wp\/v2\/types\/post"}],"author":[{"embeddable":true,"href":"https:\/\/analyse.optim.biz\/index.php?rest_route=\/wp\/v2\/users\/1"}],"replies":[{"embeddable":true,"href":"https:\/\/analyse.optim.biz\/index.php?rest_route=%2Fwp%2Fv2%2Fcomments&post=1797231"}],"version-history":[{"count":0,"href":"https:\/\/analyse.optim.biz\/index.php?rest_route=\/wp\/v2\/posts\/1797231\/revisions"}],"wp:attachment":[{"href":"https:\/\/analyse.optim.biz\/index.php?rest_route=%2Fwp%2Fv2%2Fmedia&parent=1797231"}],"wp:term":[{"taxonomy":"category","embeddable":true,"href":"https:\/\/analyse.optim.biz\/index.php?rest_route=%2Fwp%2Fv2%2Fcategories&post=1797231"},{"taxonomy":"post_tag","embeddable":true,"href":"https:\/\/analyse.optim.biz\/index.php?rest_route=%2Fwp%2Fv2%2Ftags&post=1797231"}],"curies":[{"name":"wp","href":"https:\/\/api.w.org\/{rel}","templated":true}]}}