{"id":1797228,"date":"2026-02-27T07:00:32","date_gmt":"2026-02-27T04:00:32","guid":{"rendered":"https:\/\/analyse.optim.biz\/?p=1797228"},"modified":"2026-02-27T07:00:32","modified_gmt":"2026-02-27T04:00:32","slug":"asociatia-romana-de-prietenie-cu-china-filiala-tulcea-a-luat-nastere-liliana-marinescu-desemnata","status":"publish","type":"post","link":"https:\/\/analyse.optim.biz\/?p=1797228","title":{"rendered":"Asocia\u0163ia Rom\u00e2n\u0103 de Prietenie cu China &#8211; Filiala Tulcea a luat na\u015ftere. Liliana Marinescu, desemnat\u0103"},"content":{"rendered":"<p>[analyse_image type=&#8221;featured&#8221; src=&#8221;https:\/\/ziaruldelta.ro\/wp-content\/uploads\/2026\/02\/asociatia-2.jpg&#8221;]<\/p>\n<article id=\"post-35555\" class=\"module single-post-module post-35555 post type-post status-publish format-standard has-post-thumbnail hentry category-stirea-zilei et-has-post-format-content et_post_format-et-post-format-standard\">\n<div class=\"post-header\">\n<h1 class=\"entry-title\">Asocia\u0163ia Rom\u00e2n\u0103 de Prietenie cu China \u2013 Filiala Tulcea a luat na\u015ftere. Liliana Marinescu, desemnat\u0103 pre\u015fedinte<\/h1>\n<div class=\"post-meta vcard\">\n<p>Posted by <a href=\"https:\/\/ziaruldelta.ro\/author\/nicoleta-urmuz\/\" class=\"url fn\" title=\"Posts by Nicoleta URMUZ\" rel=\"author\">Nicoleta URMUZ<\/a> | <span class=\"updated\">Feb 27, 2026<\/span> | <a href=\"https:\/\/ziaruldelta.ro\/category\/stirea-zilei\/\" rel=\"tag\">Stirea Zilei<\/a> | <\/p>\n<\/div>\n<\/div>\n<div class=\"post-thumbnail header\"><img decoding=\"async\" src=\"https:\/\/ziaruldelta.ro\/wp-content\/uploads\/2026\/02\/asociatia-2.jpg\" alt=\"Asocia\u0163ia Rom\u00e2n\u0103 de Prietenie cu China \u2013 Filiala Tulcea a luat na\u015ftere. Liliana Marinescu, desemnat\u0103 pre\u015fedinte\"><\/div>\n<div class=\"post-wrap\">\n<div class=\"post-content entry-content\">\n<p>Ieri a fost marcat un moment important pentru consolidarea rela\u0163iilor de cooperare rom\u00e2no-chineze la nivelul jude\u0163ului Tulcea, prin \u00eenfiin\u0163area filialei locale a Asocia\u0163iei Rom\u00e2ne de Prietenie cu China, structur\u0103 care va fi condus\u0103 de primarul comunei Baia, Liliana Marinescu.<\/p>\n<p>Al\u0103turi de autorit\u0103\u0163ile publicele locale \u015fi antreprenori, la eveniment a participat prin videoconferin\u0163\u0103 \u015fi Excelen\u0163a Sa, ambasadorul Chinei \u00een Rom\u00e2nia, Chen Feng. \u00cen cadrul evenimentului, intitulat Masa Rotund\u0103 \u201eTradi\u0163ii \u015fi perspective ale rela\u0163iilor dintre Rom\u00e2nia \u015fi China\u201d, a fost prezentat\u0103 \u015fi expozi\u0163ia \u201ePicturi reprezentative de Anul Nou Chinezesc din Colec\u0163ia Bibliotecii Shanghai\u201d.<\/p>\n<blockquote>\n<p><img decoding=\"async\" loading=\"lazy\" class=\" wp-image-35558 alignleft\" src=\"https:\/\/ziaruldelta.ro\/wp-content\/uploads\/2026\/02\/Liliana-marinescu-444x610.jpg\" alt width=\"184\" height=\"253\">\u201eJude\u0163ul Tulcea nu este doar un spa\u0163iu al frumuse\u0163ii naturale, ci este \u015fi un teritoriu al oportunit\u0103\u0163ilor concrete. Avem o pozi\u0163ionare strategic\u0103 la Dun\u0103re \u015fi la Marea Neagr\u0103, acces la infrastructur\u0103 portuar\u0103, poten\u0163ial agricol semnificativ, terenuri disponibile pentru investi\u0163ii, oportunit\u0103\u0163i \u00een procesarea produselor agroalimentare, \u00een acvacultur\u0103, \u00een energie regenerabil\u0103 \u015fi \u00een turism sustenabil\u201d, a transmis Liliala Marinescu, primarul comunei Baia, pre\u015fedinte ales al filialei tulcene a Asocia\u0163iei Rom\u00e2ne de Prietenie cu China.<\/p>\n<\/blockquote>\n<p>\u00cen deschiderea lucr\u0103rilor \u015fedin\u0163ei, vicepre\u015fedintele Consiliului Jude\u0163ean Tulcea, Lavinia Vizauer, a vorbit despre parteneriatul dintre jude\u0163ul Tulcea \u015fi regiunea Suzhou, China, dar \u015fi despre pa\u015fii concre\u0163i care au fost realiza\u0163i \u00een cadrul acestei cooper\u0103ri rom\u00e2no-chineze.<\/p>\n<blockquote>\n<p><img decoding=\"async\" loading=\"lazy\" class=\" wp-image-35559 alignleft\" src=\"https:\/\/ziaruldelta.ro\/wp-content\/uploads\/2026\/02\/Lavinia-VIzauer-374x610.jpg\" alt width=\"160\" height=\"261\">\u201eConsider c\u0103 \u00eent\u00e2lnirea de ast\u0103zi are menirea de a consolida parteneriatul dintre Rom\u00e2nia \u015fi China la nivel regional \u015fi sunt \u00eencrez\u0103toare c\u0103 acesta este un pas uria\u015f \u00een dezvoltarea cooper\u0103rii dintre cele dou\u0103 state \u015fi \u00een alte domenii de activitate. V\u0103 asigur de \u00eentreaga noastr\u0103 deschidere institu\u0163ional\u0103 \u015fi sunt convins\u0103 c\u0103 aceast\u0103 asocia\u0163ie de prietenie va fi un real succes pe termen mediu \u015fi lung. \u015ei, pentru c\u0103 suntem la un nou \u00eenceput, trebuie s\u0103 v\u0103 spun c\u0103 \u00eemi doresc ca Anul Calului de Foc, o combina\u0163ie care apare o dat\u0103 la 60 de ani, s\u0103 ne aduc\u0103 tuturor, conform tradi\u0163iei, prosperitate \u015fi o puternic\u0103 energie generatoare de dezvoltare\u201d, a ad\u0103ugat Lavinia Vizauer.<\/p>\n<\/blockquote>\n<p>Excelen\u0163a Sa,\u00a0 ambasadorul Chinei \u00een Rom\u00e2nia,\u00a0 Chen Feng a afirmat c\u0103 a\u015ftept\u0103 cu interes s\u0103 efectueze o vizit\u0103 \u00een jude\u0163ul Tulcea \u00een viitorul c\u00e2t mai apropiat, subliniind prietenia tradi\u0163ional\u0103 \u015fi de durat\u0103 dintre China \u015fi Rom\u00e2nia.<\/p>\n<blockquote>\n<p>\u201eV\u0103 mul\u0163umesc pentru amabila dumneavoastr\u0103 invita\u0163ie \u015fi a\u015ftept cu interes s\u0103 efectuez o vizit\u0103 \u00een jude\u0163ul<img loading=\"lazy\" decoding=\"async\" class=\" wp-image-35560 alignright\" src=\"https:\/\/ziaruldelta.ro\/wp-content\/uploads\/2026\/02\/ES-Chen-Feng-581x610.jpg\" alt width=\"300\" height=\"315\"> Tulcea \u00een viitorul c\u00e2t mai apropiat. \u00cen primul r\u00e2nd, \u00een numele Ambasadei Republicii Populare Chineze \u00een Rom\u00e2nia, a\u015f dori s\u0103 v\u0103 felicit pentru aceast\u0103 ini\u0163iativ\u0103 \u015fi s\u0103 transmit salut\u0103rile mele tuturor prietenilor care au dedicat timp promov\u0103rii prieteniei dintre China \u015fi Rom\u00e2nia. China \u015fi Rom\u00e2nia \u00eemp\u0103rt\u0103\u015fesc o prietenie tradi\u0163ional\u0103 \u00eendelungat\u0103 \u015fi durabil\u0103, cu schimburi documentate \u00eentre popoarele noastre, care dateaz\u0103 cel pu\u0163in din secolul al XVII-lea.\u00a0 \u00cen final, \u00eemi exprim \u00eencrederea \u00een succesul deplin al acestui eveniment \u015fi \u00een consolidarea prieteniei dintre cele dou\u0103 popoare\u201d, a transmis, \u00een cadrul unei interven\u0163ii online, ES Chen Feng, Ambasador Extraordinar \u015fi Plenipoten\u0163iar al Republicii Populare Chineze \u00een Rom\u00e2nia.<\/p>\n<\/blockquote>\n<p>De asemenea, prefectul jude\u0163ului Tulcea, Alexandru Dan Munteanu, a reamintit celor prezen\u0163i faptul c\u0103 Institu\u0163ia Prefectului \u2013 Jude\u0163ul Tulcea sprijin\u0103 \u00eentregul demers la proiectelor comune Rom\u00e2nia \u2013 China.<\/p>\n<blockquote>\n<p><img decoding=\"async\" loading=\"lazy\" class=\" wp-image-35561 alignright\" src=\"https:\/\/ziaruldelta.ro\/wp-content\/uploads\/2026\/02\/Alexandru-Dan-Munteanu-377x610.jpg\" alt width=\"226\" height=\"366\">\u201eDomnule ambasador, prezen\u0163a dumneavoastr\u0103 ne onoreaz\u0103 \u015fi ne confirm\u0103 \u00eenc\u0103 o dat\u0103 leg\u0103tura special\u0103 pe care jude\u0163ul nostru o are cu Republica Popular\u0103 Chinez\u0103, o rela\u0163ie construit\u0103 pe respect reciproc \u015fi pe dorin\u0163a continu\u0103 de progres. Este important de re\u0163inut \u015fi este un lucru de necontestat faptul c\u0103 Institu\u0163ia Prefectului, \u00een calitate de reprezentant al Guvernului Rom\u00e2niei, sprijin\u0103 \u00eentregul demers al proiectelor noastre comune, \u00een sensul consolid\u0103rii \u015fi dezvolt\u0103rii acestora. De asemenea, sunt convins c\u0103, sub mandatul Excelen\u0163ei Sale, rela\u0163iile dintre Rom\u00e2nia \u015fi China vor cunoa\u015fte o nou\u0103 dinamic\u0103, adaptat\u0103 provoc\u0103rilor actuale, dar \u015fi solid ancorat\u0103 \u00een tradi\u0163ia noastr\u0103 comun\u0103\u201d, a declarat prefectul jude\u0163ului Tulcea, Alexandru Dan Munteanu.<\/p>\n<\/blockquote>\n<p><img decoding=\"async\" loading=\"lazy\" class=\" wp-image-35562 alignleft\" src=\"https:\/\/ziaruldelta.ro\/wp-content\/uploads\/2026\/02\/Stefan-Ilie-2-460x610.jpg\" alt width=\"194\" height=\"257\">La r\u00e2ndul s\u0103u, primarul municipiului, \u015etefan Ilie, a discutat despre eforturile comune pe care le fac autorit\u0103\u0163ile tulcene, dar \u015fi mediul antreprenorial, pentru consolidarea parteneriatului rom\u00e2no-chinez, \u00een beneficiul direct al cet\u0103\u0163enilor tulceni.<\/p>\n<blockquote>\n<p>\u201eDoresc ca, \u015fi \u00een viitor, doar al\u0103turi de oamenii de afaceri ai municipiului \u015fi jude\u0163ului Tulcea, cu sus\u0163inerea politic\u0103 \u015fi administrativ\u0103, s\u0103 putem construi activit\u0103\u0163i comune care s\u0103 consolideze at\u00e2t prietenia dintre jude\u0163ul Tulcea \u015fi China, c\u00e2t \u015fi s\u0103 aduc\u0103 \u00eembun\u0103t\u0103\u0163iri cet\u0103\u0163enilor jude\u0163ului \u015fi municipiului nostru\u201d, a transmis primarul \u015etefan Ilie.<\/p>\n<\/blockquote>\n<p>Totodat\u0103, Mirela Furtun\u0103, deputat \u00een Parlamentul Rom\u00e2niei, a adus \u00een discu\u0163ie parteneriatul dintre Rom\u00e2nia \u015fi China.<\/p>\n<blockquote>\n<p>\u201eAnul trecut s-au \u00eemplinit 75 de ani de rela\u0163ii diplomatice \u015fi 20 de ani de la semnarea declara\u0163iei pentru un<img decoding=\"async\" loading=\"lazy\" class=\" wp-image-35563 alignright\" src=\"https:\/\/ziaruldelta.ro\/wp-content\/uploads\/2026\/02\/Mirela-Furtuna.jpg\" alt width=\"207\" height=\"308\"> parteneriat amplu de prietenie \u015fi cooperare, repere care confirm\u0103 continuitatea dialogului \u015fi respectului reciproc. Rom\u00e2nia \u00ee\u015fi construie\u015fte politica extern\u0103 pe apartenen\u0163a la Uniunea European\u0103 \u015fi NATO, pe respectarea regulilor interna\u0163ionale \u015fi pe cooperarea multilateral\u0103, principii care definesc \u015fi cadrul rela\u0163iei cu Republica Popular\u0103 Chinez\u0103. Consider important\u0103 consolidarea dimensiunii parlamentare a dialogului, prin cooperare \u00eentre parlamente \u015fi schimb de bune practici \u00eentre comisiile de specialitate. Transmit cele mai bune g\u00e2nduri cu prilejul Anului Nou Chinezesc, salut \u00eenfiin\u0163area Asocia\u0163iei Rom\u00e2ne de Prietenie cu China \u2013 Filiala Tulcea \u015fi sper c\u0103 va r\u0103m\u00e2ne deschis\u0103 \u015fi pentru al\u0163i membri care pot contribui la buna cooperare dintre Rom\u00e2nia \u015fi China. De asemenea, apreciez aceast\u0103 expozi\u0163ie care reflect\u0103 frumos cooperarea dintre cele dou\u0103 regiuni\u201d, a transmis Mirela Furtun\u0103.<\/p>\n<\/blockquote>\n<p>Aurel Papari, pre\u015fedintele Asocia\u0163iei Rom\u00e2ne de Prietenie cu China, a vorbit despre proiectele g\u00e2ndite \u015fi implementate la nivelul \u00eentregii \u0163\u0103ri de c\u0103tre structura asociativ\u0103 pe care o reprezint\u0103, inclusiv despre parteneriatele semnate la nivelul \u00eentregii \u0163\u0103ri cu institu\u0163ii similare din Republica Popular\u0103 Chinez\u0103. Mai mult, acesta a subliniat faptul c\u0103 regiunea Dobrogea devine pilonul central pentru puntea prieteniei dintre Europa \u015fi China.<\/p>\n<p>Eugen Ion, pre\u015fedintele filialei Tulcea a Asocia\u0163iei Comunelor din Rom\u00e2nia, a vorbit despre efectele concrete ale \u00eenfiin\u0163\u0103rii noii structuri, respectiv la oportunitatea mediului economic tulcean s\u0103 coopereze cu partenerii chinezi. Acesta a f\u0103cut referire, de asemenea, la posibilitatea implement\u0103rii unor investi\u0163ii comune, benefice pentru ambele state.<\/p>\n<p>\u00cen completare, Preasfin\u0163itul P\u0103rinte Visarion, Episcopul Tulcii, a f\u0103cut referire la rela\u0163ia dintre cele dou\u0103 popoare, dar \u015fi despre cooperarea cultural\u0103 dintre Rom\u00e2nia \u015fi China.<\/p>\n<p><img decoding=\"async\" loading=\"lazy\" class=\"size-medium wp-image-35557 aligncenter\" src=\"https:\/\/ziaruldelta.ro\/wp-content\/uploads\/2026\/02\/Asociatia-3-610x343.jpg\" alt width=\"610\" height=\"343\">\u00cen cadrul evenimentului, managerul Institutului de Cercet\u0103ri Eco-Muzeale \u201eGavril\u0103 Simion\u201d, Sorin Ailinc\u0103i, a prezentat, pe scurt, din punct de vedere istoric, rela\u0163ia de cooperare dintre Rom\u00e2nia \u015fi China, iar pre\u015fedintele Asocia\u0163iei Patronatelor \u00een Turismul din Delta Dun\u0103rii, Daniel Ilu\u015fc\u0103, a adus \u00een discu\u0163ie oportunit\u0103\u0163i concrete pentru schimburi economice cu China.<\/p>\n<p>La finalul \u00eent\u00e2lnirii, invita\u0163ii au admirat expozi\u0163ia \u201ePicturi reprezentative de Anul Nou Chinezesc din Colec\u0163ia Bibliotecii Shanghai\u201d, care prezint\u0103 o parte din cultura \u015fi civiliza\u0163ia chinez\u0103 \u015fi ofer\u0103 o perspectiv\u0103 asupra poten\u0163ialului de cooperare cultural\u0103 dintre cele dou\u0103 state.<\/p>\n<\/div>\n<\/div>\n<div class=\"post-footer\">\n<div class=\"social-icons ed-social-share-icons\">\n<p class=\"share-title\">Share:<\/p>\n<\/div>\n<div class=\"rating-stars\">\n<p id=\"rate-title\" class=\"rate-title\">Rate:<\/p>\n<\/div>\n<\/div>\n<\/article>\n<div class=\"post-content entry-content\">\n<p>Ieri a fost marcat un moment important pentru consolidarea rela\u0163iilor de cooperare rom\u00e2no-chineze la nivelul jude\u0163ului Tulcea, prin \u00eenfiin\u0163area filialei locale a Asocia\u0163iei Rom\u00e2ne de Prietenie cu China, structur\u0103 care va fi condus\u0103 de primarul comunei Baia, Liliana Marinescu.<\/p>\n<p>Al\u0103turi de autorit\u0103\u0163ile publicele locale \u015fi antreprenori, la eveniment a participat prin videoconferin\u0163\u0103 \u015fi Excelen\u0163a Sa, ambasadorul Chinei \u00een Rom\u00e2nia, Chen Feng. \u00cen cadrul evenimentului, intitulat Masa Rotund\u0103 \u201eTradi\u0163ii \u015fi perspective ale rela\u0163iilor dintre Rom\u00e2nia \u015fi China\u201d, a fost prezentat\u0103 \u015fi expozi\u0163ia \u201ePicturi reprezentative de Anul Nou Chinezesc din Colec\u0163ia Bibliotecii Shanghai\u201d.<\/p>\n<blockquote>\n<p><img decoding=\"async\" loading=\"lazy\" class=\" wp-image-35558 alignleft\" src=\"https:\/\/ziaruldelta.ro\/wp-content\/uploads\/2026\/02\/Liliana-marinescu-444x610.jpg\" alt width=\"184\" height=\"253\">\u201eJude\u0163ul Tulcea nu este doar un spa\u0163iu al frumuse\u0163ii naturale, ci este \u015fi un teritoriu al oportunit\u0103\u0163ilor concrete. Avem o pozi\u0163ionare strategic\u0103 la Dun\u0103re \u015fi la Marea Neagr\u0103, acces la infrastructur\u0103 portuar\u0103, poten\u0163ial agricol semnificativ, terenuri disponibile pentru investi\u0163ii, oportunit\u0103\u0163i \u00een procesarea produselor agroalimentare, \u00een acvacultur\u0103, \u00een energie regenerabil\u0103 \u015fi \u00een turism sustenabil\u201d, a transmis Liliala Marinescu, primarul comunei Baia, pre\u015fedinte ales al filialei tulcene a Asocia\u0163iei Rom\u00e2ne de Prietenie cu China.<\/p>\n<\/blockquote>\n<p>\u00cen deschiderea lucr\u0103rilor \u015fedin\u0163ei, vicepre\u015fedintele Consiliului Jude\u0163ean Tulcea, Lavinia Vizauer, a vorbit despre parteneriatul dintre jude\u0163ul Tulcea \u015fi regiunea Suzhou, China, dar \u015fi despre pa\u015fii concre\u0163i care au fost realiza\u0163i \u00een cadrul acestei cooper\u0103ri rom\u00e2no-chineze.<\/p>\n<blockquote>\n<p><img decoding=\"async\" loading=\"lazy\" class=\" wp-image-35559 alignleft\" src=\"https:\/\/ziaruldelta.ro\/wp-content\/uploads\/2026\/02\/Lavinia-VIzauer-374x610.jpg\" alt width=\"160\" height=\"261\">\u201eConsider c\u0103 \u00eent\u00e2lnirea de ast\u0103zi are menirea de a consolida parteneriatul dintre Rom\u00e2nia \u015fi China la nivel regional \u015fi sunt \u00eencrez\u0103toare c\u0103 acesta este un pas uria\u015f \u00een dezvoltarea cooper\u0103rii dintre cele dou\u0103 state \u015fi \u00een alte domenii de activitate. V\u0103 asigur de \u00eentreaga noastr\u0103 deschidere institu\u0163ional\u0103 \u015fi sunt convins\u0103 c\u0103 aceast\u0103 asocia\u0163ie de prietenie va fi un real succes pe termen mediu \u015fi lung. \u015ei, pentru c\u0103 suntem la un nou \u00eenceput, trebuie s\u0103 v\u0103 spun c\u0103 \u00eemi doresc ca Anul Calului de Foc, o combina\u0163ie care apare o dat\u0103 la 60 de ani, s\u0103 ne aduc\u0103 tuturor, conform tradi\u0163iei, prosperitate \u015fi o puternic\u0103 energie generatoare de dezvoltare\u201d, a ad\u0103ugat Lavinia Vizauer.<\/p>\n<\/blockquote>\n<p>Excelen\u0163a Sa,\u00a0 ambasadorul Chinei \u00een Rom\u00e2nia,\u00a0 Chen Feng a afirmat c\u0103 a\u015ftept\u0103 cu interes s\u0103 efectueze o vizit\u0103 \u00een jude\u0163ul Tulcea \u00een viitorul c\u00e2t mai apropiat, subliniind prietenia tradi\u0163ional\u0103 \u015fi de durat\u0103 dintre China \u015fi Rom\u00e2nia.<\/p>\n<blockquote>\n<p>\u201eV\u0103 mul\u0163umesc pentru amabila dumneavoastr\u0103 invita\u0163ie \u015fi a\u015ftept cu interes s\u0103 efectuez o vizit\u0103 \u00een jude\u0163ul<img loading=\"lazy\" decoding=\"async\" class=\" wp-image-35560 alignright\" src=\"https:\/\/ziaruldelta.ro\/wp-content\/uploads\/2026\/02\/ES-Chen-Feng-581x610.jpg\" alt width=\"300\" height=\"315\"> Tulcea \u00een viitorul c\u00e2t mai apropiat. \u00cen primul r\u00e2nd, \u00een numele Ambasadei Republicii Populare Chineze \u00een Rom\u00e2nia, a\u015f dori s\u0103 v\u0103 felicit pentru aceast\u0103 ini\u0163iativ\u0103 \u015fi s\u0103 transmit salut\u0103rile mele tuturor prietenilor care au dedicat timp promov\u0103rii prieteniei dintre China \u015fi Rom\u00e2nia. China \u015fi Rom\u00e2nia \u00eemp\u0103rt\u0103\u015fesc o prietenie tradi\u0163ional\u0103 \u00eendelungat\u0103 \u015fi durabil\u0103, cu schimburi documentate \u00eentre popoarele noastre, care dateaz\u0103 cel pu\u0163in din secolul al XVII-lea.\u00a0 \u00cen final, \u00eemi exprim \u00eencrederea \u00een succesul deplin al acestui eveniment \u015fi \u00een consolidarea prieteniei dintre cele dou\u0103 popoare\u201d, a transmis, \u00een cadrul unei interven\u0163ii online, ES Chen Feng, Ambasador Extraordinar \u015fi Plenipoten\u0163iar al Republicii Populare Chineze \u00een Rom\u00e2nia.<\/p>\n<\/blockquote>\n<p>De asemenea, prefectul jude\u0163ului Tulcea, Alexandru Dan Munteanu, a reamintit celor prezen\u0163i faptul c\u0103 Institu\u0163ia Prefectului \u2013 Jude\u0163ul Tulcea sprijin\u0103 \u00eentregul demers la proiectelor comune Rom\u00e2nia \u2013 China.<\/p>\n<blockquote>\n<p><img decoding=\"async\" loading=\"lazy\" class=\" wp-image-35561 alignright\" src=\"https:\/\/ziaruldelta.ro\/wp-content\/uploads\/2026\/02\/Alexandru-Dan-Munteanu-377x610.jpg\" alt width=\"226\" height=\"366\">\u201eDomnule ambasador, prezen\u0163a dumneavoastr\u0103 ne onoreaz\u0103 \u015fi ne confirm\u0103 \u00eenc\u0103 o dat\u0103 leg\u0103tura special\u0103 pe care jude\u0163ul nostru o are cu Republica Popular\u0103 Chinez\u0103, o rela\u0163ie construit\u0103 pe respect reciproc \u015fi pe dorin\u0163a continu\u0103 de progres. Este important de re\u0163inut \u015fi este un lucru de necontestat faptul c\u0103 Institu\u0163ia Prefectului, \u00een calitate de reprezentant al Guvernului Rom\u00e2niei, sprijin\u0103 \u00eentregul demers al proiectelor noastre comune, \u00een sensul consolid\u0103rii \u015fi dezvolt\u0103rii acestora. De asemenea, sunt convins c\u0103, sub mandatul Excelen\u0163ei Sale, rela\u0163iile dintre Rom\u00e2nia \u015fi China vor cunoa\u015fte o nou\u0103 dinamic\u0103, adaptat\u0103 provoc\u0103rilor actuale, dar \u015fi solid ancorat\u0103 \u00een tradi\u0163ia noastr\u0103 comun\u0103\u201d, a declarat prefectul jude\u0163ului Tulcea, Alexandru Dan Munteanu.<\/p>\n<\/blockquote>\n<p><img decoding=\"async\" loading=\"lazy\" class=\" wp-image-35562 alignleft\" src=\"https:\/\/ziaruldelta.ro\/wp-content\/uploads\/2026\/02\/Stefan-Ilie-2-460x610.jpg\" alt width=\"194\" height=\"257\">La r\u00e2ndul s\u0103u, primarul municipiului, \u015etefan Ilie, a discutat despre eforturile comune pe care le fac autorit\u0103\u0163ile tulcene, dar \u015fi mediul antreprenorial, pentru consolidarea parteneriatului rom\u00e2no-chinez, \u00een beneficiul direct al cet\u0103\u0163enilor tulceni.<\/p>\n<blockquote>\n<p>\u201eDoresc ca, \u015fi \u00een viitor, doar al\u0103turi de oamenii de afaceri ai municipiului \u015fi jude\u0163ului Tulcea, cu sus\u0163inerea politic\u0103 \u015fi administrativ\u0103, s\u0103 putem construi activit\u0103\u0163i comune care s\u0103 consolideze at\u00e2t prietenia dintre jude\u0163ul Tulcea \u015fi China, c\u00e2t \u015fi s\u0103 aduc\u0103 \u00eembun\u0103t\u0103\u0163iri cet\u0103\u0163enilor jude\u0163ului \u015fi municipiului nostru\u201d, a transmis primarul \u015etefan Ilie.<\/p>\n<\/blockquote>\n<p>Totodat\u0103, Mirela Furtun\u0103, deputat \u00een Parlamentul Rom\u00e2niei, a adus \u00een discu\u0163ie parteneriatul dintre Rom\u00e2nia \u015fi China.<\/p>\n<blockquote>\n<p>\u201eAnul trecut s-au \u00eemplinit 75 de ani de rela\u0163ii diplomatice \u015fi 20 de ani de la semnarea declara\u0163iei pentru un<img decoding=\"async\" loading=\"lazy\" class=\" wp-image-35563 alignright\" src=\"https:\/\/ziaruldelta.ro\/wp-content\/uploads\/2026\/02\/Mirela-Furtuna.jpg\" alt width=\"207\" height=\"308\"> parteneriat amplu de prietenie \u015fi cooperare, repere care confirm\u0103 continuitatea dialogului \u015fi respectului reciproc. Rom\u00e2nia \u00ee\u015fi construie\u015fte politica extern\u0103 pe apartenen\u0163a la Uniunea European\u0103 \u015fi NATO, pe respectarea regulilor interna\u0163ionale \u015fi pe cooperarea multilateral\u0103, principii care definesc \u015fi cadrul rela\u0163iei cu Republica Popular\u0103 Chinez\u0103. Consider important\u0103 consolidarea dimensiunii parlamentare a dialogului, prin cooperare \u00eentre parlamente \u015fi schimb de bune practici \u00eentre comisiile de specialitate. Transmit cele mai bune g\u00e2nduri cu prilejul Anului Nou Chinezesc, salut \u00eenfiin\u0163area Asocia\u0163iei Rom\u00e2ne de Prietenie cu China \u2013 Filiala Tulcea \u015fi sper c\u0103 va r\u0103m\u00e2ne deschis\u0103 \u015fi pentru al\u0163i membri care pot contribui la buna cooperare dintre Rom\u00e2nia \u015fi China. De asemenea, apreciez aceast\u0103 expozi\u0163ie care reflect\u0103 frumos cooperarea dintre cele dou\u0103 regiuni\u201d, a transmis Mirela Furtun\u0103.<\/p>\n<\/blockquote>\n<p>Aurel Papari, pre\u015fedintele Asocia\u0163iei Rom\u00e2ne de Prietenie cu China, a vorbit despre proiectele g\u00e2ndite \u015fi implementate la nivelul \u00eentregii \u0163\u0103ri de c\u0103tre structura asociativ\u0103 pe care o reprezint\u0103, inclusiv despre parteneriatele semnate la nivelul \u00eentregii \u0163\u0103ri cu institu\u0163ii similare din Republica Popular\u0103 Chinez\u0103. Mai mult, acesta a subliniat faptul c\u0103 regiunea Dobrogea devine pilonul central pentru puntea prieteniei dintre Europa \u015fi China.<\/p>\n<p>Eugen Ion, pre\u015fedintele filialei Tulcea a Asocia\u0163iei Comunelor din Rom\u00e2nia, a vorbit despre efectele concrete ale \u00eenfiin\u0163\u0103rii noii structuri, respectiv la oportunitatea mediului economic tulcean s\u0103 coopereze cu partenerii chinezi. Acesta a f\u0103cut referire, de asemenea, la posibilitatea implement\u0103rii unor investi\u0163ii comune, benefice pentru ambele state.<\/p>\n<p>\u00cen completare, Preasfin\u0163itul P\u0103rinte Visarion, Episcopul Tulcii, a f\u0103cut referire la rela\u0163ia dintre cele dou\u0103 popoare, dar \u015fi despre cooperarea cultural\u0103 dintre Rom\u00e2nia \u015fi China.<\/p>\n<p><img decoding=\"async\" loading=\"lazy\" class=\"size-medium wp-image-35557 aligncenter\" src=\"https:\/\/ziaruldelta.ro\/wp-content\/uploads\/2026\/02\/Asociatia-3-610x343.jpg\" alt width=\"610\" height=\"343\">\u00cen cadrul evenimentului, managerul Institutului de Cercet\u0103ri Eco-Muzeale \u201eGavril\u0103 Simion\u201d, Sorin Ailinc\u0103i, a prezentat, pe scurt, din punct de vedere istoric, rela\u0163ia de cooperare dintre Rom\u00e2nia \u015fi China, iar pre\u015fedintele Asocia\u0163iei Patronatelor \u00een Turismul din Delta Dun\u0103rii, Daniel Ilu\u015fc\u0103, a adus \u00een discu\u0163ie oportunit\u0103\u0163i concrete pentru schimburi economice cu China.<\/p>\n<p>La finalul \u00eent\u00e2lnirii, invita\u0163ii au admirat expozi\u0163ia \u201ePicturi reprezentative de Anul Nou Chinezesc din Colec\u0163ia Bibliotecii Shanghai\u201d, care prezint\u0103 o parte din cultura \u015fi civiliza\u0163ia chinez\u0103 \u015fi ofer\u0103 o perspectiv\u0103 asupra poten\u0163ialului de cooperare cultural\u0103 dintre cele dou\u0103 state.<\/p>\n<\/div>\n<div class=\"post-content entry-content\">\n<p>Ieri a fost marcat un moment important pentru consolidarea rela\u0163iilor de cooperare rom\u00e2no-chineze la nivelul jude\u0163ului Tulcea, prin \u00eenfiin\u0163area filialei locale a Asocia\u0163iei Rom\u00e2ne de Prietenie cu China, structur\u0103 care va fi condus\u0103 de primarul comunei Baia, Liliana Marinescu.<\/p>\n<p>Al\u0103turi de autorit\u0103\u0163ile publicele locale \u015fi antreprenori, la eveniment a participat prin videoconferin\u0163\u0103 \u015fi Excelen\u0163a Sa, ambasadorul Chinei \u00een Rom\u00e2nia, Chen Feng. \u00cen cadrul evenimentului, intitulat Masa Rotund\u0103 \u201eTradi\u0163ii \u015fi perspective ale rela\u0163iilor dintre Rom\u00e2nia \u015fi China\u201d, a fost prezentat\u0103 \u015fi expozi\u0163ia \u201ePicturi reprezentative de Anul Nou Chinezesc din Colec\u0163ia Bibliotecii Shanghai\u201d.<\/p>\n<blockquote>\n<p><img decoding=\"async\" loading=\"lazy\" class=\" wp-image-35558 alignleft\" src=\"https:\/\/ziaruldelta.ro\/wp-content\/uploads\/2026\/02\/Liliana-marinescu-444x610.jpg\" alt width=\"184\" height=\"253\">\u201eJude\u0163ul Tulcea nu este doar un spa\u0163iu al frumuse\u0163ii naturale, ci este \u015fi un teritoriu al oportunit\u0103\u0163ilor concrete. Avem o pozi\u0163ionare strategic\u0103 la Dun\u0103re \u015fi la Marea Neagr\u0103, acces la infrastructur\u0103 portuar\u0103, poten\u0163ial agricol semnificativ, terenuri disponibile pentru investi\u0163ii, oportunit\u0103\u0163i \u00een procesarea produselor agroalimentare, \u00een acvacultur\u0103, \u00een energie regenerabil\u0103 \u015fi \u00een turism sustenabil\u201d, a transmis Liliala Marinescu, primarul comunei Baia, pre\u015fedinte ales al filialei tulcene a Asocia\u0163iei Rom\u00e2ne de Prietenie cu China.<\/p>\n<\/blockquote>\n<p>\u00cen deschiderea lucr\u0103rilor \u015fedin\u0163ei, vicepre\u015fedintele Consiliului Jude\u0163ean Tulcea, Lavinia Vizauer, a vorbit despre parteneriatul dintre jude\u0163ul Tulcea \u015fi regiunea Suzhou, China, dar \u015fi despre pa\u015fii concre\u0163i care au fost realiza\u0163i \u00een cadrul acestei cooper\u0103ri rom\u00e2no-chineze.<\/p>\n<blockquote>\n<p><img decoding=\"async\" loading=\"lazy\" class=\" wp-image-35559 alignleft\" src=\"https:\/\/ziaruldelta.ro\/wp-content\/uploads\/2026\/02\/Lavinia-VIzauer-374x610.jpg\" alt width=\"160\" height=\"261\">\u201eConsider c\u0103 \u00eent\u00e2lnirea de ast\u0103zi are menirea de a consolida parteneriatul dintre Rom\u00e2nia \u015fi China la nivel regional \u015fi sunt \u00eencrez\u0103toare c\u0103 acesta este un pas uria\u015f \u00een dezvoltarea cooper\u0103rii dintre cele dou\u0103 state \u015fi \u00een alte domenii de activitate. V\u0103 asigur de \u00eentreaga noastr\u0103 deschidere institu\u0163ional\u0103 \u015fi sunt convins\u0103 c\u0103 aceast\u0103 asocia\u0163ie de prietenie va fi un real succes pe termen mediu \u015fi lung. \u015ei, pentru c\u0103 suntem la un nou \u00eenceput, trebuie s\u0103 v\u0103 spun c\u0103 \u00eemi doresc ca Anul Calului de Foc, o combina\u0163ie care apare o dat\u0103 la 60 de ani, s\u0103 ne aduc\u0103 tuturor, conform tradi\u0163iei, prosperitate \u015fi o puternic\u0103 energie generatoare de dezvoltare\u201d, a ad\u0103ugat Lavinia Vizauer.<\/p>\n<\/blockquote>\n<p>Excelen\u0163a Sa,\u00a0 ambasadorul Chinei \u00een Rom\u00e2nia,\u00a0 Chen Feng a afirmat c\u0103 a\u015ftept\u0103 cu interes s\u0103 efectueze o vizit\u0103 \u00een jude\u0163ul Tulcea \u00een viitorul c\u00e2t mai apropiat, subliniind prietenia tradi\u0163ional\u0103 \u015fi de durat\u0103 dintre China \u015fi Rom\u00e2nia.<\/p>\n<blockquote>\n<p>\u201eV\u0103 mul\u0163umesc pentru amabila dumneavoastr\u0103 invita\u0163ie \u015fi a\u015ftept cu interes s\u0103 efectuez o vizit\u0103 \u00een jude\u0163ul<img loading=\"lazy\" decoding=\"async\" class=\" wp-image-35560 alignright\" src=\"https:\/\/ziaruldelta.ro\/wp-content\/uploads\/2026\/02\/ES-Chen-Feng-581x610.jpg\" alt width=\"300\" height=\"315\"> Tulcea \u00een viitorul c\u00e2t mai apropiat. \u00cen primul r\u00e2nd, \u00een numele Ambasadei Republicii Populare Chineze \u00een Rom\u00e2nia, a\u015f dori s\u0103 v\u0103 felicit pentru aceast\u0103 ini\u0163iativ\u0103 \u015fi s\u0103 transmit salut\u0103rile mele tuturor prietenilor care au dedicat timp promov\u0103rii prieteniei dintre China \u015fi Rom\u00e2nia. China \u015fi Rom\u00e2nia \u00eemp\u0103rt\u0103\u015fesc o prietenie tradi\u0163ional\u0103 \u00eendelungat\u0103 \u015fi durabil\u0103, cu schimburi documentate \u00eentre popoarele noastre, care dateaz\u0103 cel pu\u0163in din secolul al XVII-lea.\u00a0 \u00cen final, \u00eemi exprim \u00eencrederea \u00een succesul deplin al acestui eveniment \u015fi \u00een consolidarea prieteniei dintre cele dou\u0103 popoare\u201d, a transmis, \u00een cadrul unei interven\u0163ii online, ES Chen Feng, Ambasador Extraordinar \u015fi Plenipoten\u0163iar al Republicii Populare Chineze \u00een Rom\u00e2nia.<\/p>\n<\/blockquote>\n<p>De asemenea, prefectul jude\u0163ului Tulcea, Alexandru Dan Munteanu, a reamintit celor prezen\u0163i faptul c\u0103 Institu\u0163ia Prefectului \u2013 Jude\u0163ul Tulcea sprijin\u0103 \u00eentregul demers la proiectelor comune Rom\u00e2nia \u2013 China.<\/p>\n<blockquote>\n<p><img decoding=\"async\" loading=\"lazy\" class=\" wp-image-35561 alignright\" src=\"https:\/\/ziaruldelta.ro\/wp-content\/uploads\/2026\/02\/Alexandru-Dan-Munteanu-377x610.jpg\" alt width=\"226\" height=\"366\">\u201eDomnule ambasador, prezen\u0163a dumneavoastr\u0103 ne onoreaz\u0103 \u015fi ne confirm\u0103 \u00eenc\u0103 o dat\u0103 leg\u0103tura special\u0103 pe care jude\u0163ul nostru o are cu Republica Popular\u0103 Chinez\u0103, o rela\u0163ie construit\u0103 pe respect reciproc \u015fi pe dorin\u0163a continu\u0103 de progres. Este important de re\u0163inut \u015fi este un lucru de necontestat faptul c\u0103 Institu\u0163ia Prefectului, \u00een calitate de reprezentant al Guvernului Rom\u00e2niei, sprijin\u0103 \u00eentregul demers al proiectelor noastre comune, \u00een sensul consolid\u0103rii \u015fi dezvolt\u0103rii acestora. De asemenea, sunt convins c\u0103, sub mandatul Excelen\u0163ei Sale, rela\u0163iile dintre Rom\u00e2nia \u015fi China vor cunoa\u015fte o nou\u0103 dinamic\u0103, adaptat\u0103 provoc\u0103rilor actuale, dar \u015fi solid ancorat\u0103 \u00een tradi\u0163ia noastr\u0103 comun\u0103\u201d, a declarat prefectul jude\u0163ului Tulcea, Alexandru Dan Munteanu.<\/p>\n<\/blockquote>\n<p><img decoding=\"async\" loading=\"lazy\" class=\" wp-image-35562 alignleft\" src=\"https:\/\/ziaruldelta.ro\/wp-content\/uploads\/2026\/02\/Stefan-Ilie-2-460x610.jpg\" alt width=\"194\" height=\"257\">La r\u00e2ndul s\u0103u, primarul municipiului, \u015etefan Ilie, a discutat despre eforturile comune pe care le fac autorit\u0103\u0163ile tulcene, dar \u015fi mediul antreprenorial, pentru consolidarea parteneriatului rom\u00e2no-chinez, \u00een beneficiul direct al cet\u0103\u0163enilor tulceni.<\/p>\n<blockquote>\n<p>\u201eDoresc ca, \u015fi \u00een viitor, doar al\u0103turi de oamenii de afaceri ai municipiului \u015fi jude\u0163ului Tulcea, cu sus\u0163inerea politic\u0103 \u015fi administrativ\u0103, s\u0103 putem construi activit\u0103\u0163i comune care s\u0103 consolideze at\u00e2t prietenia dintre jude\u0163ul Tulcea \u015fi China, c\u00e2t \u015fi s\u0103 aduc\u0103 \u00eembun\u0103t\u0103\u0163iri cet\u0103\u0163enilor jude\u0163ului \u015fi municipiului nostru\u201d, a transmis primarul \u015etefan Ilie.<\/p>\n<\/blockquote>\n<p>Totodat\u0103, Mirela Furtun\u0103, deputat \u00een Parlamentul Rom\u00e2niei, a adus \u00een discu\u0163ie parteneriatul dintre Rom\u00e2nia \u015fi China.<\/p>\n<blockquote>\n<p>\u201eAnul trecut s-au \u00eemplinit 75 de ani de rela\u0163ii diplomatice \u015fi 20 de ani de la semnarea declara\u0163iei pentru un<img decoding=\"async\" loading=\"lazy\" class=\" wp-image-35563 alignright\" src=\"https:\/\/ziaruldelta.ro\/wp-content\/uploads\/2026\/02\/Mirela-Furtuna.jpg\" alt width=\"207\" height=\"308\"> parteneriat amplu de prietenie \u015fi cooperare, repere care confirm\u0103 continuitatea dialogului \u015fi respectului reciproc. Rom\u00e2nia \u00ee\u015fi construie\u015fte politica extern\u0103 pe apartenen\u0163a la Uniunea European\u0103 \u015fi NATO, pe respectarea regulilor interna\u0163ionale \u015fi pe cooperarea multilateral\u0103, principii care definesc \u015fi cadrul rela\u0163iei cu Republica Popular\u0103 Chinez\u0103. Consider important\u0103 consolidarea dimensiunii parlamentare a dialogului, prin cooperare \u00eentre parlamente \u015fi schimb de bune practici \u00eentre comisiile de specialitate. Transmit cele mai bune g\u00e2nduri cu prilejul Anului Nou Chinezesc, salut \u00eenfiin\u0163area Asocia\u0163iei Rom\u00e2ne de Prietenie cu China \u2013 Filiala Tulcea \u015fi sper c\u0103 va r\u0103m\u00e2ne deschis\u0103 \u015fi pentru al\u0163i membri care pot contribui la buna cooperare dintre Rom\u00e2nia \u015fi China. De asemenea, apreciez aceast\u0103 expozi\u0163ie care reflect\u0103 frumos cooperarea dintre cele dou\u0103 regiuni\u201d, a transmis Mirela Furtun\u0103.<\/p>\n<\/blockquote>\n<p>Aurel Papari, pre\u015fedintele Asocia\u0163iei Rom\u00e2ne de Prietenie cu China, a vorbit despre proiectele g\u00e2ndite \u015fi implementate la nivelul \u00eentregii \u0163\u0103ri de c\u0103tre structura asociativ\u0103 pe care o reprezint\u0103, inclusiv despre parteneriatele semnate la nivelul \u00eentregii \u0163\u0103ri cu institu\u0163ii similare din Republica Popular\u0103 Chinez\u0103. Mai mult, acesta a subliniat faptul c\u0103 regiunea Dobrogea devine pilonul central pentru puntea prieteniei dintre Europa \u015fi China.<\/p>\n<p>Eugen Ion, pre\u015fedintele filialei Tulcea a Asocia\u0163iei Comunelor din Rom\u00e2nia, a vorbit despre efectele concrete ale \u00eenfiin\u0163\u0103rii noii structuri, respectiv la oportunitatea mediului economic tulcean s\u0103 coopereze cu partenerii chinezi. Acesta a f\u0103cut referire, de asemenea, la posibilitatea implement\u0103rii unor investi\u0163ii comune, benefice pentru ambele state.<\/p>\n<p>\u00cen completare, Preasfin\u0163itul P\u0103rinte Visarion, Episcopul Tulcii, a f\u0103cut referire la rela\u0163ia dintre cele dou\u0103 popoare, dar \u015fi despre cooperarea cultural\u0103 dintre Rom\u00e2nia \u015fi China.<\/p>\n<p><img decoding=\"async\" loading=\"lazy\" class=\"size-medium wp-image-35557 aligncenter\" src=\"https:\/\/ziaruldelta.ro\/wp-content\/uploads\/2026\/02\/Asociatia-3-610x343.jpg\" alt width=\"610\" height=\"343\">\u00cen cadrul evenimentului, managerul Institutului de Cercet\u0103ri Eco-Muzeale \u201eGavril\u0103 Simion\u201d, Sorin Ailinc\u0103i, a prezentat, pe scurt, din punct de vedere istoric, rela\u0163ia de cooperare dintre Rom\u00e2nia \u015fi China, iar pre\u015fedintele Asocia\u0163iei Patronatelor \u00een Turismul din Delta Dun\u0103rii, Daniel Ilu\u015fc\u0103, a adus \u00een discu\u0163ie oportunit\u0103\u0163i concrete pentru schimburi economice cu China.<\/p>\n<p>La finalul \u00eent\u00e2lnirii, invita\u0163ii au admirat expozi\u0163ia \u201ePicturi reprezentative de Anul Nou Chinezesc din Colec\u0163ia Bibliotecii Shanghai\u201d, care prezint\u0103 o parte din cultura \u015fi civiliza\u0163ia chinez\u0103 \u015fi ofer\u0103 o perspectiv\u0103 asupra poten\u0163ialului de cooperare cultural\u0103 dintre cele dou\u0103 state.<\/p>\n<\/div>\n<p>[analyse_source url=&#8221;https:\/\/ziaruldelta.ro\/2026\/02\/27\/asociatia-romana-de-prietenie-cu-china-filiala-tulcea-a-luat-nastere-liliana-marinescu-desemnata-presedinte\/&#8221;]<\/p>\n","protected":false},"excerpt":{"rendered":"<p>[analyse_image type=&#8221;featured&#8221; src=&#8221;https:\/\/ziaruldelta.ro\/wp-content\/uploads\/2026\/02\/asociatia-2.jpg&#8221;] Asocia\u0163ia Rom\u00e2n\u0103 de Prietenie cu China \u2013 Filiala Tulcea a luat na\u015ftere. Liliana Marinescu, desemnat\u0103 pre\u015fedinte Posted by Nicoleta URMUZ | Feb 27, 2026 | Stirea Zilei | Ieri a fost marcat un moment important pentru consolidarea rela\u0163iilor de cooperare rom\u00e2no-chineze la nivelul jude\u0163ului Tulcea, prin \u00eenfiin\u0163area filialei locale a Asocia\u0163iei Rom\u00e2ne [&hellip;]<\/p>\n","protected":false},"author":1,"featured_media":0,"comment_status":"open","ping_status":"","sticky":false,"template":"","format":"standard","meta":{"footnotes":""},"categories":[89],"tags":[226,206],"class_list":["post-1797228","post","type-post","status-publish","format-standard","hentry","category-romania","tag-crawlmanager","tag-ziaruldelta-ro"],"_links":{"self":[{"href":"https:\/\/analyse.optim.biz\/index.php?rest_route=\/wp\/v2\/posts\/1797228","targetHints":{"allow":["GET"]}}],"collection":[{"href":"https:\/\/analyse.optim.biz\/index.php?rest_route=\/wp\/v2\/posts"}],"about":[{"href":"https:\/\/analyse.optim.biz\/index.php?rest_route=\/wp\/v2\/types\/post"}],"author":[{"embeddable":true,"href":"https:\/\/analyse.optim.biz\/index.php?rest_route=\/wp\/v2\/users\/1"}],"replies":[{"embeddable":true,"href":"https:\/\/analyse.optim.biz\/index.php?rest_route=%2Fwp%2Fv2%2Fcomments&post=1797228"}],"version-history":[{"count":0,"href":"https:\/\/analyse.optim.biz\/index.php?rest_route=\/wp\/v2\/posts\/1797228\/revisions"}],"wp:attachment":[{"href":"https:\/\/analyse.optim.biz\/index.php?rest_route=%2Fwp%2Fv2%2Fmedia&parent=1797228"}],"wp:term":[{"taxonomy":"category","embeddable":true,"href":"https:\/\/analyse.optim.biz\/index.php?rest_route=%2Fwp%2Fv2%2Fcategories&post=1797228"},{"taxonomy":"post_tag","embeddable":true,"href":"https:\/\/analyse.optim.biz\/index.php?rest_route=%2Fwp%2Fv2%2Ftags&post=1797228"}],"curies":[{"name":"wp","href":"https:\/\/api.w.org\/{rel}","templated":true}]}}