{"id":1796842,"date":"2026-02-27T12:15:55","date_gmt":"2026-02-27T09:15:55","guid":{"rendered":"https:\/\/analyse.optim.biz\/?p=1796842"},"modified":"2026-02-27T12:15:55","modified_gmt":"2026-02-27T09:15:55","slug":"foto-video-accident-spectaculos-pe-dn-7-valea-oltului-un-camion-a-ramas-suspendat-gazeta-valceana","status":"publish","type":"post","link":"https:\/\/analyse.optim.biz\/?p=1796842","title":{"rendered":"FOTO\/VIDEO. Accident spectaculos pe DN 7 \u2013 Valea Oltului. Un camion a r\u0103mas suspendat &#8211; Gazeta V\u00e2lcean\u0103"},"content":{"rendered":"<p>[analyse_image type=&#8221;featured&#8221; src=&#8221;https:\/\/www.gazeta-valceana.ro\/wp-content\/uploads\/2026\/02\/ACC-Camion-TIR-DN-7-Valea-Oltului-1.jpg&#8221;]<\/p>\n<article id=\"template-id-91645\" class=\"post-91645 tdb_templates type-tdb_templates status-publish post\">\n<div id=\"tdi_49\" class=\"tdc-zone\">\n<div class=\"tdc_zone tdi_50  wpb_row td-pb-row\">\n<div id=\"tdi_51\" class=\"tdc-row stretch_row_1200 td-stretch-content\">\n<div class=\"vc_row tdi_52  wpb_row td-pb-row\">\n<div class=\"vc_column tdi_54  wpb_column vc_column_container tdc-column td-pb-span8\">\n<div class=\"wpb_wrapper\">\n<div class=\"td_block_wrap tdb_title tdi_55 tdb-single-title td-pb-border-top td_block_template_1\" data-td-block-uid=\"tdi_55\">\n<div class=\"tdb-block-inner td-fix-index\">\n<h1 class=\"tdb-title-text\">FOTO\/VIDEO. Accident spectaculos pe DN 7 \u2013 Valea Oltului. Un camion a r\u0103mas suspendat<\/h1>\n<\/div>\n<\/div>\n<div class=\"vc_row_inner tdi_58  vc_row vc_inner wpb_row td-pb-row tdc-row-content-vert-center\">\n<div class=\"vc_column_inner tdi_60  wpb_column vc_column_container tdc-inner-column td-pb-span12\">\n<div class=\"vc_column-inner\">\n<div class=\"wpb_wrapper\">\n<div class=\"td_block_wrap tdb_single_categories tdi_61 td-pb-border-top td_block_template_1 \" data-td-block-uid=\"tdi_61\">\n<div class=\"tdb-category td-fix-index\"><a class=\"tdb-entry-category\" href=\"https:\/\/www.gazeta-valceana.ro\/category\/fapt-divers\/\">Fapt divers<\/a><a class=\"tdb-entry-category\" href=\"https:\/\/www.gazeta-valceana.ro\/category\/i\/\">I<\/a><\/div>\n<\/div>\n<div class=\"td_block_wrap tdb_single_date tdi_62 td-pb-border-top td_block_template_1 tdb-post-meta\" data-td-block-uid=\"tdi_62\">\n<div class=\"tdb-block-inner td-fix-index\"><time class=\"entry-date updated td-module-date\" datetime=\"2026-02-27T14:15:55+02:00\">27 februarie 2026<\/time><\/div>\n<\/div>\n<\/div>\n<\/div>\n<\/div>\n<\/div>\n<\/div>\n<\/div>\n<\/div>\n<\/div>\n<div id=\"tdi_65\" class=\"tdc-row stretch_row_1200 td-stretch-content\">\n<div class=\"vc_row tdi_66  wpb_row td-pb-row\">\n<div class=\"vc_column tdi_68  wpb_column vc_column_container tdc-column td-pb-span8\">\n<div class=\"wpb_wrapper\">\n<div class=\"td_block_wrap tdb_single_featured_image tdi_69 tdb-content-horiz-left td-pb-border-top td_block_template_1\" data-td-block-uid=\"tdi_69\">\n<div class=\"tdb-block-inner td-fix-index\"><img loading=\"lazy\" decoding=\"async\" width=\"696\" height=\"444\" class=\"entry-thumb\" src=\"https:\/\/www.gazeta-valceana.ro\/wp-content\/uploads\/2026\/02\/ACC-Camion-TIR-DN-7-Valea-Oltului-1-696x444.jpg\" alt title=\"ACC Camion TIR DN 7 Valea Oltului 1\"><\/div>\n<\/div>\n<div class=\"td_block_wrap tdb_single_post_share tdi_70  td-pb-border-top td_block_template_1\" data-td-block-uid=\"tdi_70\">\n<div id=\"tdi_70\" class=\"td-post-sharing tdb-block td-ps-border td-ps-border-grey td-ps-notext td-ps-icon-color td-ps-text-color td-post-sharing-style16 \">\n<div class=\"td-post-sharing-visible\">\n<div class=\"td-social-sharing-button td-social-sharing-button-js td-social-handler td-social-share-text\">\n<div class=\"td-social-but-text\">Ac\u021biune<\/div>\n<\/div>\n<p><a class=\"td-social-sharing-button td-social-sharing-button-js td-social-network td-social-facebook\" href=\"https:\/\/www.facebook.com\/sharer.php?u=https%3A%2F%2Fwww.gazeta-valceana.ro%2Ffapt-divers%2Ffoto-video-accident-spectaculos-pe-dn-7-valea-oltului-un-camion-a-ramas-suspendat%2F\" title=\"Facebook\"><\/p>\n<div class=\"td-social-but-text\">Facebook<\/div>\n<p><\/a><a class=\"td-social-sharing-button td-social-sharing-button-js td-social-network td-social-twitter\" href=\"https:\/\/twitter.com\/intent\/tweet?text=FOTO%2FVIDEO.+Accident+spectaculos+pe+DN+7+%E2%80%93+Valea+Oltului.+Un+camion+a+r%C4%83mas+suspendat&amp;url=https%3A%2F%2Fwww.gazeta-valceana.ro%2Ffapt-divers%2Ffoto-video-accident-spectaculos-pe-dn-7-valea-oltului-un-camion-a-ramas-suspendat%2F&amp;via=Gazeta+V%C3%A2lcean%C4%83\" title=\"Twitter\"><\/p>\n<div class=\"td-social-but-text\">Twitter<\/div>\n<p><\/a><a class=\"td-social-sharing-button td-social-sharing-button-js td-social-network td-social-pinterest\" href=\"https:\/\/pinterest.com\/pin\/create\/button\/?url=https:\/\/www.gazeta-valceana.ro\/fapt-divers\/foto-video-accident-spectaculos-pe-dn-7-valea-oltului-un-camion-a-ramas-suspendat\/&amp;media=https:\/\/www.gazeta-valceana.ro\/wp-content\/uploads\/2026\/02\/ACC-Camion-TIR-DN-7-Valea-Oltului-1.jpg&amp;description=FOTO%2FVIDEO.+Accident+spectaculos+pe+DN+7+%E2%80%93+Valea+Oltului.+Un+camion+a+r%C4%83mas+suspendat\" title=\"Pinterest\"><\/p>\n<div class=\"td-social-but-text\">Pinterest<\/div>\n<p><\/a><a class=\"td-social-sharing-button td-social-sharing-button-js td-social-network td-social-whatsapp\" href=\"https:\/\/api.whatsapp.com\/send?text=FOTO%2FVIDEO.+Accident+spectaculos+pe+DN+7+%E2%80%93+Valea+Oltului.+Un+camion+a+r%C4%83mas+suspendat%20%0A%0A%20https:\/\/www.gazeta-valceana.ro\/fapt-divers\/foto-video-accident-spectaculos-pe-dn-7-valea-oltului-un-camion-a-ramas-suspendat\/\" title=\"WhatsApp\"><\/p>\n<div class=\"td-social-but-text\">WhatsApp<\/div>\n<p><\/a><\/div>\n<\/div>\n<\/div>\n<div class=\"td_block_wrap tdb_single_content tdi_71 td-pb-border-top td_block_template_1 td-post-content tagdiv-type\" data-td-block-uid=\"tdi_71\">\n<div class=\"tdb-block-inner td-fix-index\">\n<p>UP-DATE ora 14.10<\/p>\n<p>\u00cen urma evenimentului rutier nu au rezultat victime, fiind \u00eenregistrate doar pagube materiale. Traficul rutier este afectat, circula\u021bia desf\u0103\u0219ur\u00e2ndu-se alternativ.<\/p>\n<p>La fa\u021ba locului se afl\u0103 poli\u021bi\u0219tii Serviciului Rutier, care efectueaz\u0103 verific\u0103ri pentru stabilirea cu exactitate a \u00eemprejur\u0103rilor producerii accidentului.<\/p>\n<p>____<\/p>\n<p>Ast\u0103zi, 27 februarie 2026, \u00een jurul ore ore 13.30, pe Drumul Na\u021bional 7 \u2013 Valea Oltului, pe raza jude\u021bului V\u00e2lcea, s-a produs un accident rutier. A\u0219a cum se vede \u00een imaginile \u0219i \u00een video pe care le prezent\u0103m, dou\u0103 camioane au intrat \u00een coliziune, unul r\u0103sturn\u00e2ndu-se pe o parte.<\/p>\n<p>Accidentul s-a produs \u00een sensul giratoriu OMV baraj C\u0103lim\u0103ne\u0219ti. La ora 14.00, \u00een zon\u0103 se circula. Se estimeaz\u0103 c\u0103, \u00eentre orele 14.00 \u0219i 15.00 \u00een zon\u0103 se va circula aglomerat sau, posibil, deloc.<\/p>\n<figure class=\"wp-block-image size-full\"><img loading=\"lazy\" decoding=\"async\" width=\"929\" height=\"511\" src=\"https:\/\/www.gazeta-valceana.ro\/wp-content\/uploads\/2026\/02\/ACC-Camion-TIR-DN-7-Valea-Oltului-2.jpg\" alt class=\"wp-image-103460\"><\/figure>\n<\/div>\n<\/div>\n<div class=\"tdb-author-box td_block_wrap tdb_single_author_box tdi_72 tdb-content-vert-top td-pb-border-top td_block_template_1\" data-td-block-uid=\"tdi_72\">\n<div class=\"tdb-block-inner td-fix-index\"><a href=\"https:\/\/www.gazeta-valceana.ro\/author\/redactia\/\" class=\"tdb-author-photo\" title=\"Redactia\"><img decoding=\"async\" alt=\"Redactia\" src=\"https:\/\/secure.gravatar.com\/avatar\/d9699bfd17d7f55fcf6bbdfb0214d48a942c5fd23a1db27f4a803a8d0651670f?s=500&amp;d=mm&amp;r=g\" class=\"avatar avatar-500 photo\" height=\"500\" width=\"500\" loading=\"lazy\"><\/a><\/p>\n<div class=\"tdb-author-info\"><a href=\"https:\/\/www.gazeta-valceana.ro\/author\/redactia\/\" class=\"tdb-author-name\">Redactia<\/a><\/div>\n<\/div>\n<\/div>\n<\/div>\n<\/div>\n<div class=\"vc_column tdi_76  wpb_column vc_column_container tdc-column td-pb-span4 td-is-sticky\">\n<div class=\"wpb_wrapper\" data-sticky-enabled-on=\"W3RydWUsdHJ1ZSx0cnVlLHRydWVd\" data-sticky-offset=\"20\" data-sticky-is-width-auto=\"W2ZhbHNlLGZhbHNlLGZhbHNlLGZhbHNlXQ==\">\n<div class=\"vc_row_inner tdi_81  vc_row vc_inner wpb_row td-pb-row tdc-row-content-vert-center\">\n<div class=\"vc_column_inner tdi_83  wpb_column vc_column_container tdc-inner-column td-pb-span12\">\n<div class=\"vc_column-inner\">\n<div class=\"wpb_wrapper\">\n<div class=\"tdm_block td_block_wrap tdm_block_inline_text tdi_86 tdm-inline-block td-pb-border-top td_block_template_1\" data-td-block-uid=\"tdi_86\">\n<p class=\"tdm-descr\">Ultimele articole<\/p>\n<\/div>\n<\/div>\n<\/div>\n<\/div>\n<\/div>\n<div class=\"td_block_wrap td_flex_block_1 tdi_87 td-pb-border-top td_block_template_1 td_flex_block\" data-td-block-uid=\"tdi_87\">\n<div id=\"tdi_87\" class=\"td_block_inner td-mc1-wrap\">\n<div class=\"td_module_flex td_module_flex_1 td_module_wrap td-animation-stack td-cpt-post\">\n<div class=\"td-module-container td-category-pos-\">\n<div class=\"td-module-meta-info\">\n<h3 class=\"entry-title td-module-title\"><a href=\"https:\/\/www.gazeta-valceana.ro\/fapt-divers\/chimcomplex-in-2025-trece-prin-cel-mai-dificil-an-din-existenta-sa-dar-rezista-presiunilor-din-piata\/\" rel=\"bookmark\" title=\"Chimcomplex \u00een 2025: Trece prin cel mai dificil an din existen\u021ba sa, dar rezist\u0103 presiunilor din pia\u021b\u0103\">Chimcomplex \u00een 2025: Trece prin cel mai dificil an din existen\u021ba sa, dar rezist\u0103 presiunilor din pia\u021b\u0103<\/a><\/h3>\n<div class=\"td-editor-date\"><span class=\"td-author-date\"><span class=\"td-post-date\"><time class=\"entry-date updated td-module-date\" datetime=\"2026-02-27T12:27:19+02:00\">27 februarie 2026<\/time><\/span><\/span><\/div>\n<\/div>\n<\/div>\n<\/div>\n<div class=\"td_module_flex td_module_flex_1 td_module_wrap td-animation-stack td-cpt-post\">\n<div class=\"td-module-container td-category-pos-\">\n<div class=\"td-module-meta-info\">\n<h3 class=\"entry-title td-module-title\"><a href=\"https:\/\/www.gazeta-valceana.ro\/fapt-divers\/foto-incendiu-la-vladesti-patru-echipaje-de-pompieri-s-au-luptat-cu-flacarile\/\" rel=\"bookmark\" title=\"FOTO. Incendiu la Vl\u0103de\u0219ti. Patru echipaje de pompieri s-au luptat cu fl\u0103c\u0103rile\">FOTO. Incendiu la Vl\u0103de\u0219ti. Patru echipaje de pompieri s-au luptat cu fl\u0103c\u0103rile<\/a><\/h3>\n<div class=\"td-editor-date\"><span class=\"td-author-date\"><span class=\"td-post-date\"><time class=\"entry-date updated td-module-date\" datetime=\"2026-02-27T11:50:32+02:00\">27 februarie 2026<\/time><\/span><\/span><\/div>\n<\/div>\n<\/div>\n<\/div>\n<div class=\"td_module_flex td_module_flex_1 td_module_wrap td-animation-stack td-cpt-post\">\n<div class=\"td-module-container td-category-pos-\">\n<div class=\"td-module-meta-info\">\n<h3 class=\"entry-title td-module-title\"><a href=\"https:\/\/www.gazeta-valceana.ro\/fapt-divers\/imagini-elevii-de-la-liceul-preda-buzescu-berbesti-vizitati-de-politisti\/\" rel=\"bookmark\" title=\"IMAGINI. Elevii de la Liceul \u201ePreda Buzescu\u201d Berbe\u0219ti, vizita\u021bi de poli\u021bi\u0219ti\">IMAGINI. Elevii de la Liceul \u201ePreda Buzescu\u201d Berbe\u0219ti, vizita\u021bi de poli\u021bi\u0219ti<\/a><\/h3>\n<div class=\"td-editor-date\"><span class=\"td-author-date\"><span class=\"td-post-date\"><time class=\"entry-date updated td-module-date\" datetime=\"2026-02-27T08:42:12+02:00\">27 februarie 2026<\/time><\/span><\/span><\/div>\n<\/div>\n<\/div>\n<\/div>\n<div class=\"td_module_flex td_module_flex_1 td_module_wrap td-animation-stack td-cpt-post\">\n<div class=\"td-module-container td-category-pos-\">\n<div class=\"td-module-meta-info\">\n<h3 class=\"entry-title td-module-title\"><a href=\"https:\/\/www.gazeta-valceana.ro\/fapt-divers\/cutremur-in-aceasta-seara-in-romania-a-fost-resimtit-in-mai-multe-judete\/\" rel=\"bookmark\" title=\"Cutremur \u00een aceast\u0103 sear\u0103, \u00een Rom\u00e2nia. A fost resim\u021bit \u00een mai multe jude\u021be\">Cutremur \u00een aceast\u0103 sear\u0103, \u00een Rom\u00e2nia. A fost resim\u021bit \u00een mai multe jude\u021be<\/a><\/h3>\n<div class=\"td-editor-date\"><span class=\"td-author-date\"><span class=\"td-post-date\"><time class=\"entry-date updated td-module-date\" datetime=\"2026-02-26T21:07:22+02:00\">26 februarie 2026<\/time><\/span><\/span><\/div>\n<\/div>\n<\/div>\n<\/div>\n<\/div>\n<\/div>\n<div class=\"td_block_wrap td-a-rec td-a-rec-id-custom-spot td-a-rec-img tdi_88 td_block_template_1\">\n<div><a href=\"https:\/\/www.gazeta-valceana.ro\/fapt-divers\/foto-video-accident-spectaculos-pe-dn-7-valea-oltului-un-camion-a-ramas-suspendat\/\" class=\"td_spot_img_all\"><img loading=\"lazy\" decoding=\"async\" src=\"https:\/\/www.gazeta-valceana.ro\/wp-content\/uploads\/2025\/01\/image-5.jpg\" alt=\"spot_img\" width=\"347\" height=\"277\"><\/a><a href=\"https:\/\/www.gazeta-valceana.ro\/fapt-divers\/foto-video-accident-spectaculos-pe-dn-7-valea-oltului-un-camion-a-ramas-suspendat\/\" class=\"td_spot_img_mob\"><img loading=\"lazy\" decoding=\"async\" src=\"https:\/\/www.gazeta-valceana.ro\/wp-content\/uploads\/2025\/01\/image-5.jpg\" alt=\"spot_img\" width=\"347\" height=\"247\"><\/a><\/div>\n<\/div>\n<div class=\"td_block_wrap td-a-rec td-a-rec-id-custom-spot td-a-rec-img tdi_89 td_block_template_1\">\n<div><a href=\"https:\/\/www.gazeta-valceana.ro\/fapt-divers\/foto-video-accident-spectaculos-pe-dn-7-valea-oltului-un-camion-a-ramas-suspendat\/\" class=\"td_spot_img_all\"><img loading=\"lazy\" decoding=\"async\" src=\"https:\/\/www.gazeta-valceana.ro\/wp-content\/uploads\/2025\/01\/image-3.jpeg\" alt=\"spot_img\" width=\"347\" height=\"277\"><\/a><a href=\"https:\/\/www.gazeta-valceana.ro\/fapt-divers\/foto-video-accident-spectaculos-pe-dn-7-valea-oltului-un-camion-a-ramas-suspendat\/\" class=\"td_spot_img_mob\"><img loading=\"lazy\" decoding=\"async\" src=\"https:\/\/www.gazeta-valceana.ro\/wp-content\/uploads\/2025\/01\/image-3.jpeg\" alt=\"spot_img\" width=\"347\" height=\"247\"><\/a><\/div>\n<\/div>\n<\/div>\n<\/div>\n<\/div>\n<\/div>\n<div id=\"tdi_97\" class=\"tdc-row stretch_row_1200 td-stretch-content\">\n<div class=\"vc_row tdi_98  wpb_row td-pb-row\">\n<div class=\"vc_column tdi_100  wpb_column vc_column_container tdc-column td-pb-span12\">\n<div class=\"wpb_wrapper\">\n<div class=\"td_block_wrap tdb_single_next_prev tdi_101 td-pb-border-top td_block_template_1\" data-td-block-uid=\"tdi_101\">\n<div class=\"tdb-block-inner td-fix-index\">\n<div class=\"tdb-next-post tdb-next-post-bg tdb-post-prev\"><span>Articolul precedent<\/span><\/p>\n<div class=\"td-module-container\">\n<div class=\"next-prev-title\"><a href=\"https:\/\/www.gazeta-valceana.ro\/fapt-divers\/chimcomplex-in-2025-trece-prin-cel-mai-dificil-an-din-existenta-sa-dar-rezista-presiunilor-din-piata\/\">Chimcomplex \u00een 2025: Trece prin cel mai dificil an din existen\u021ba sa, dar rezist\u0103 presiunilor din pia\u021b\u0103<\/a><\/div>\n<\/div>\n<\/div>\n<\/div>\n<\/div>\n<div class=\"vc_row_inner tdi_103  vc_row vc_inner wpb_row td-pb-row tdc-row-content-vert-center\">\n<div class=\"vc_column_inner tdi_105  wpb_column vc_column_container tdc-inner-column td-pb-span12\">\n<div class=\"vc_column-inner\">\n<div class=\"wpb_wrapper\">\n<div class=\"tdm_block td_block_wrap tdm_block_inline_text tdi_108 tdm-inline-block td-pb-border-top td_block_template_1\" data-td-block-uid=\"tdi_108\">\n<p class=\"tdm-descr\">Related articles<\/p>\n<\/div>\n<\/div>\n<\/div>\n<\/div>\n<\/div>\n<div class=\"td_block_wrap tdb_single_related tdi_109 td_with_ajax_pagination td-pb-border-top td_block_template_1 tdb-single-related-posts\" data-td-block-uid=\"tdi_109\">\n<div id=\"tdi_109\" class=\"td_block_inner tdb-block-inner td-fix-index\">\n<div class=\"tdb_module_related td_module_wrap td-animation-stack\">\n<div class=\"td-module-container td-category-pos-\">\n<div class=\"td-module-meta-info\">\n<h3 class=\"entry-title td-module-title\"><a href=\"https:\/\/www.gazeta-valceana.ro\/fapt-divers\/chimcomplex-in-2025-trece-prin-cel-mai-dificil-an-din-existenta-sa-dar-rezista-presiunilor-din-piata\/\" rel=\"bookmark\" title=\"Chimcomplex \u00een 2025: Trece prin cel mai dificil an din existen\u021ba sa, dar rezist\u0103 presiunilor din pia\u021b\u0103\">Chimcomplex \u00een 2025: Trece prin cel mai dificil an din existen\u021ba sa, dar rezist\u0103 presiunilor din pia\u021b\u0103<\/a><\/h3>\n<div class=\"td-editor-date\"><a href=\"https:\/\/www.gazeta-valceana.ro\/category\/fapt-divers\/\" class=\"td-post-category\">Fapt divers<\/a><span class=\"td-author-date\"><span class=\"td-post-date\"><time class=\"entry-date updated td-module-date\" datetime=\"2026-02-27T12:27:19+02:00\">27 februarie 2026<\/time><\/span><\/span><\/div>\n<\/div>\n<\/div>\n<\/div>\n<div class=\"tdb_module_related td_module_wrap td-animation-stack\">\n<div class=\"td-module-container td-category-pos-\">\n<div class=\"td-module-meta-info\">\n<h3 class=\"entry-title td-module-title\"><a href=\"https:\/\/www.gazeta-valceana.ro\/fapt-divers\/foto-incendiu-la-vladesti-patru-echipaje-de-pompieri-s-au-luptat-cu-flacarile\/\" rel=\"bookmark\" title=\"FOTO. Incendiu la Vl\u0103de\u0219ti. Patru echipaje de pompieri s-au luptat cu fl\u0103c\u0103rile\">FOTO. Incendiu la Vl\u0103de\u0219ti. Patru echipaje de pompieri s-au luptat cu fl\u0103c\u0103rile<\/a><\/h3>\n<div class=\"td-editor-date\"><a href=\"https:\/\/www.gazeta-valceana.ro\/category\/fapt-divers\/\" class=\"td-post-category\">Fapt divers<\/a><span class=\"td-author-date\"><span class=\"td-post-date\"><time class=\"entry-date updated td-module-date\" datetime=\"2026-02-27T11:50:32+02:00\">27 februarie 2026<\/time><\/span><\/span><\/div>\n<\/div>\n<\/div>\n<\/div>\n<div class=\"tdb_module_related td_module_wrap td-animation-stack\">\n<div class=\"td-module-container td-category-pos-\">\n<div class=\"td-module-meta-info\">\n<h3 class=\"entry-title td-module-title\"><a href=\"https:\/\/www.gazeta-valceana.ro\/fapt-divers\/imagini-elevii-de-la-liceul-preda-buzescu-berbesti-vizitati-de-politisti\/\" rel=\"bookmark\" title=\"IMAGINI. Elevii de la Liceul \u201ePreda Buzescu\u201d Berbe\u0219ti, vizita\u021bi de poli\u021bi\u0219ti\">IMAGINI. Elevii de la Liceul \u201ePreda Buzescu\u201d Berbe\u0219ti, vizita\u021bi de poli\u021bi\u0219ti<\/a><\/h3>\n<div class=\"td-editor-date\"><a href=\"https:\/\/www.gazeta-valceana.ro\/category\/fapt-divers\/\" class=\"td-post-category\">Fapt divers<\/a><span class=\"td-author-date\"><span class=\"td-post-date\"><time class=\"entry-date updated td-module-date\" datetime=\"2026-02-27T08:42:12+02:00\">27 februarie 2026<\/time><\/span><\/span><\/div>\n<\/div>\n<\/div>\n<\/div>\n<\/div>\n<\/div>\n<\/div>\n<\/div>\n<\/div>\n<\/div>\n<div id=\"tdi_116\" class=\"tdc-row stretch_row_1200 td-stretch-content\">\n<div class=\"vc_row tdi_117  wpb_row td-pb-row\">\n<div class=\"vc_column tdi_122  wpb_column vc_column_container tdc-column td-pb-span4 td-is-sticky\">\n<div class=\"wpb_wrapper\" data-sticky-enabled-on=\"W3RydWUsdHJ1ZSx0cnVlLHRydWVd\" data-sticky-offset=\"20\" data-sticky-is-width-auto=\"W2ZhbHNlLGZhbHNlLGZhbHNlLGZhbHNlXQ==\">\n<div class=\"td_block_wrap td-a-rec td-a-rec-id-custom-spot td-a-rec-img tdi_123 td_block_template_1\">\n<div><a href=\"https:\/\/www.gazeta-valceana.ro\/fapt-divers\/foto-video-accident-spectaculos-pe-dn-7-valea-oltului-un-camion-a-ramas-suspendat\/\" class=\"td_spot_img_all\"><img loading=\"lazy\" decoding=\"async\" src=\"https:\/\/www.gazeta-valceana.ro\/wp-content\/uploads\/2025\/01\/image-4.jpg\" alt=\"spot_img\" width=\"347\" height=\"277\"><\/a><a href=\"https:\/\/www.gazeta-valceana.ro\/fapt-divers\/foto-video-accident-spectaculos-pe-dn-7-valea-oltului-un-camion-a-ramas-suspendat\/\" class=\"td_spot_img_mob\"><img loading=\"lazy\" decoding=\"async\" src=\"https:\/\/www.gazeta-valceana.ro\/wp-content\/uploads\/2025\/01\/image-4.jpg\" alt=\"spot_img\" width=\"347\" height=\"247\"><\/a><\/div>\n<\/div>\n<div class=\"td_block_wrap td-a-rec td-a-rec-id-custom-spot td-a-rec-img tdi_124 td_block_template_1\">\n<div><a href=\"https:\/\/www.gazeta-valceana.ro\/fapt-divers\/foto-video-accident-spectaculos-pe-dn-7-valea-oltului-un-camion-a-ramas-suspendat\/\" class=\"td_spot_img_all\"><img loading=\"lazy\" decoding=\"async\" src=\"https:\/\/www.gazeta-valceana.ro\/wp-content\/uploads\/2025\/01\/image-5.jpg\" alt=\"spot_img\" width=\"347\" height=\"277\"><\/a><a href=\"https:\/\/www.gazeta-valceana.ro\/fapt-divers\/foto-video-accident-spectaculos-pe-dn-7-valea-oltului-un-camion-a-ramas-suspendat\/\" class=\"td_spot_img_mob\"><img loading=\"lazy\" decoding=\"async\" src=\"https:\/\/www.gazeta-valceana.ro\/wp-content\/uploads\/2025\/01\/image-5.jpg\" alt=\"spot_img\" width=\"347\" height=\"247\"><\/a><\/div>\n<\/div>\n<div class=\"td_block_wrap td-a-rec td-a-rec-id-custom-spot td-a-rec-img tdi_125 td_block_template_1\">\n<div><a href=\"https:\/\/www.gazeta-valceana.ro\/fapt-divers\/foto-video-accident-spectaculos-pe-dn-7-valea-oltului-un-camion-a-ramas-suspendat\/\" class=\"td_spot_img_all\"><img loading=\"lazy\" decoding=\"async\" src=\"https:\/\/www.gazeta-valceana.ro\/wp-content\/uploads\/2025\/01\/image-3.jpeg\" alt=\"spot_img\" width=\"347\" height=\"277\"><\/a><a href=\"https:\/\/www.gazeta-valceana.ro\/fapt-divers\/foto-video-accident-spectaculos-pe-dn-7-valea-oltului-un-camion-a-ramas-suspendat\/\" class=\"td_spot_img_mob\"><img loading=\"lazy\" decoding=\"async\" src=\"https:\/\/www.gazeta-valceana.ro\/wp-content\/uploads\/2025\/01\/image-3.jpeg\" alt=\"spot_img\" width=\"347\" height=\"247\"><\/a><\/div>\n<\/div>\n<\/div>\n<\/div>\n<\/div>\n<\/div>\n<\/div>\n<\/div>\n<p><span class=\"td-page-meta\"><\/span><span class=\"td-page-meta\"><span class=\"td-page-meta\"><\/span><\/span><span class=\"td-page-meta\"><\/span><\/article>\n<\/p>\n<div class=\"td_block_wrap tdb_single_content tdi_71 td-pb-border-top td_block_template_1 td-post-content tagdiv-type\" data-td-block-uid=\"tdi_71\">\n<div class=\"tdb-block-inner td-fix-index\">\n<p>UP-DATE ora 14.10<\/p>\n<p>\u00cen urma evenimentului rutier nu au rezultat victime, fiind \u00eenregistrate doar pagube materiale. Traficul rutier este afectat, circula\u021bia desf\u0103\u0219ur\u00e2ndu-se alternativ.<\/p>\n<p>La fa\u021ba locului se afl\u0103 poli\u021bi\u0219tii Serviciului Rutier, care efectueaz\u0103 verific\u0103ri pentru stabilirea cu exactitate a \u00eemprejur\u0103rilor producerii accidentului.<\/p>\n<p>____<\/p>\n<p>Ast\u0103zi, 27 februarie 2026, \u00een jurul ore ore 13.30, pe Drumul Na\u021bional 7 \u2013 Valea Oltului, pe raza jude\u021bului V\u00e2lcea, s-a produs un accident rutier. A\u0219a cum se vede \u00een imaginile \u0219i \u00een video pe care le prezent\u0103m, dou\u0103 camioane au intrat \u00een coliziune, unul r\u0103sturn\u00e2ndu-se pe o parte.<\/p>\n<p>Accidentul s-a produs \u00een sensul giratoriu OMV baraj C\u0103lim\u0103ne\u0219ti. La ora 14.00, \u00een zon\u0103 se circula. Se estimeaz\u0103 c\u0103, \u00eentre orele 14.00 \u0219i 15.00 \u00een zon\u0103 se va circula aglomerat sau, posibil, deloc.<\/p>\n<figure class=\"wp-block-image size-full\"><img loading=\"lazy\" decoding=\"async\" width=\"929\" height=\"511\" src=\"https:\/\/www.gazeta-valceana.ro\/wp-content\/uploads\/2026\/02\/ACC-Camion-TIR-DN-7-Valea-Oltului-2.jpg\" alt class=\"wp-image-103460\"><\/figure>\n<\/div>\n<\/div>\n<p>UP-DATE ora 14.10<\/p>\n<p>\u00cen urma evenimentului rutier nu au rezultat victime, fiind \u00eenregistrate doar pagube materiale. Traficul rutier este afectat, circula\u021bia desf\u0103\u0219ur\u00e2ndu-se alternativ.<\/p>\n<p>La fa\u021ba locului se afl\u0103 poli\u021bi\u0219tii Serviciului Rutier, care efectueaz\u0103 verific\u0103ri pentru stabilirea cu exactitate a \u00eemprejur\u0103rilor producerii accidentului.<\/p>\n<p>____<\/p>\n<p>Ast\u0103zi, 27 februarie 2026, \u00een jurul ore ore 13.30, pe Drumul Na\u021bional 7 \u2013 Valea Oltului, pe raza jude\u021bului V\u00e2lcea, s-a produs un accident rutier. A\u0219a cum se vede \u00een imaginile \u0219i \u00een video pe care le prezent\u0103m, dou\u0103 camioane au intrat \u00een coliziune, unul r\u0103sturn\u00e2ndu-se pe o parte.<\/p>\n<p>Accidentul s-a produs \u00een sensul giratoriu OMV baraj C\u0103lim\u0103ne\u0219ti. La ora 14.00, \u00een zon\u0103 se circula. Se estimeaz\u0103 c\u0103, \u00eentre orele 14.00 \u0219i 15.00 \u00een zon\u0103 se va circula aglomerat sau, posibil, deloc.<\/p>\n<p>[analyse_source url=&#8221;https:\/\/www.gazeta-valceana.ro\/fapt-divers\/foto-video-accident-spectaculos-pe-dn-7-valea-oltului-un-camion-a-ramas-suspendat\/&#8221;]<\/p>\n","protected":false},"excerpt":{"rendered":"<p>[analyse_image type=&#8221;featured&#8221; src=&#8221;https:\/\/www.gazeta-valceana.ro\/wp-content\/uploads\/2026\/02\/ACC-Camion-TIR-DN-7-Valea-Oltului-1.jpg&#8221;] FOTO\/VIDEO. Accident spectaculos pe DN 7 \u2013 Valea Oltului. Un camion a r\u0103mas suspendat Fapt diversI 27 februarie 2026 Ac\u021biune Facebook Twitter Pinterest WhatsApp UP-DATE ora 14.10 \u00cen urma evenimentului rutier nu au rezultat victime, fiind \u00eenregistrate doar pagube materiale. Traficul rutier este afectat, circula\u021bia desf\u0103\u0219ur\u00e2ndu-se alternativ. La fa\u021ba locului se afl\u0103 [&hellip;]<\/p>\n","protected":false},"author":1,"featured_media":0,"comment_status":"open","ping_status":"","sticky":false,"template":"","format":"standard","meta":{"footnotes":""},"categories":[89],"tags":[226,214],"class_list":["post-1796842","post","type-post","status-publish","format-standard","hentry","category-romania","tag-crawlmanager","tag-gazetavalceana-ro"],"_links":{"self":[{"href":"https:\/\/analyse.optim.biz\/index.php?rest_route=\/wp\/v2\/posts\/1796842","targetHints":{"allow":["GET"]}}],"collection":[{"href":"https:\/\/analyse.optim.biz\/index.php?rest_route=\/wp\/v2\/posts"}],"about":[{"href":"https:\/\/analyse.optim.biz\/index.php?rest_route=\/wp\/v2\/types\/post"}],"author":[{"embeddable":true,"href":"https:\/\/analyse.optim.biz\/index.php?rest_route=\/wp\/v2\/users\/1"}],"replies":[{"embeddable":true,"href":"https:\/\/analyse.optim.biz\/index.php?rest_route=%2Fwp%2Fv2%2Fcomments&post=1796842"}],"version-history":[{"count":0,"href":"https:\/\/analyse.optim.biz\/index.php?rest_route=\/wp\/v2\/posts\/1796842\/revisions"}],"wp:attachment":[{"href":"https:\/\/analyse.optim.biz\/index.php?rest_route=%2Fwp%2Fv2%2Fmedia&parent=1796842"}],"wp:term":[{"taxonomy":"category","embeddable":true,"href":"https:\/\/analyse.optim.biz\/index.php?rest_route=%2Fwp%2Fv2%2Fcategories&post=1796842"},{"taxonomy":"post_tag","embeddable":true,"href":"https:\/\/analyse.optim.biz\/index.php?rest_route=%2Fwp%2Fv2%2Ftags&post=1796842"}],"curies":[{"name":"wp","href":"https:\/\/api.w.org\/{rel}","templated":true}]}}