{"id":1796769,"date":"2026-02-26T13:40:19","date_gmt":"2026-02-26T10:40:19","guid":{"rendered":"https:\/\/analyse.optim.biz\/?p=1796769"},"modified":"2026-02-26T13:40:19","modified_gmt":"2026-02-26T10:40:19","slug":"individ-din-suceava-arestat-preventiv-dupa-ce-a-profitat-de-vulnerabilitatea-unui-tanar-cu-handicap-grav","status":"publish","type":"post","link":"https:\/\/analyse.optim.biz\/?p=1796769","title":{"rendered":"Individ din Suceava arestat preventiv dup\u0103 ce a profitat de vulnerabilitatea unui t\u00e2n\u0103r cu handicap grav"},"content":{"rendered":"<p>[analyse_image type=&#8221;featured&#8221; src=&#8221;https:\/\/suceavalive.ro\/wp-content\/uploads\/2025\/12\/politia.webphttps:\/\/suceavalive.ro\/wp-content\/uploads\/2025\/12\/politia.webp&#8221;]<\/p>\n<article id=\"post-288088\" class=\"clearfix post-288088 post type-post status-publish format-standard has-post-thumbnail hentry category-comunicate category-slide\">\n<header id=\"cb-standard-featured\">\n<div id=\"cb-fis-wrap\" class=\"cb-entry-header cb-fis cb-style-standard\"><span class=\"cb-title-fi\"><\/p>\n<h1 class=\"entry-title cb-entry-title cb-single-title\">Individ din Suceava arestat preventiv dup\u0103 ce a profitat de vulnerabilitatea unui t\u00e2n\u0103r cu handicap grav pentru a-l agresa sexual<\/h1>\n<div class=\"cb-byline cb-font-header\">\n<div class=\"cb-date cb-byline-element\"><time datetime=\"2026-02-26\">26 februarie 2026<\/time><\/div>\n<\/div>\n<p><\/span><\/div>\n<\/header>\n<section class=\"cb-entry-content entry-content clearfix\">\n<p data-path-to-node=\"2\"><span>Poli\u021bi\u0219tii din cadrul Biroului Investiga\u021bii Criminale Suceava au reu\u0219it, \u00een urma unei anchete complexe, s\u0103 probeze activitatea infrac\u021bional\u0103 a unui b\u0103rbat de 49 de ani, acuzat de comiterea unei fapte de viol \u00een condi\u021bii atroce. Investiga\u021biile au scos la iveal\u0103 faptul c\u0103, \u00een vara anului 2024, acesta a abordat un t\u00e2n\u0103r de 26 de ani, profit\u00e2nd de o fals\u0103 rela\u021bie de amici\u021bie. De\u0219i ini\u021bial a \u00eencercat s\u0103 \u00eei propun\u0103 raporturi sexuale contra cost \u00eentr-un mijloc de transport \u00een comun \u0219i a fost refuzat, agresorul nu a renun\u021bat. Ulterior, afl\u00e2nd c\u0103 t\u00e2n\u0103rul sufer\u0103 de un handicap de gradul I \u00een stare avansat\u0103, l-a ademenit la locuin\u021ba sa din cartierul Burdujeni sub pretextul c\u0103 are nevoie de ajutor la mutarea unor obiecte.<\/span><\/p>\n<p data-path-to-node=\"3\"><span>Victima, a c\u0103rei stare de s\u0103n\u0103tate nu i-a permis s\u0103 con\u0219tientizeze riscul la care se expune, a acceptat invita\u021bia \u0219i a fost condus\u0103 \u00eentr-un imobil de pe strada Amurgului. Acolo, autorul l-a determinat pe t\u00e2n\u0103r s\u0103 consume alcool p\u00e2n\u0103 c\u00e2nd acesta a ajuns \u00eentr-o stare de ebrietate avansat\u0103 \u0219i a adormit pe o saltea. Profit\u00e2nd de neputin\u021ba \u0219i de dizabilitatea victimei, b\u0103rbatul a \u00eentre\u021binut rela\u021bii sexuale for\u021bate. \u00cen urma probatoriului administrat, poli\u021bi\u0219tii BIC au pus \u00een executare un mandat de aducere, iar procurorii au dispus re\u021binerea suspectului. Prezentat \u00een fa\u021ba Judec\u0103toriei Suceava la data de 24 februarie 2026, magistra\u021bii au admis propunerea de arestare preventiv\u0103 pentru 30 de zile, inculpatul fiind escortat \u0219i depus \u00een centrul de deten\u021bie al I.P.J. Mure\u0219.<\/span><\/p>\n<\/section>\n<footer class=\"article-footer\">\n<div class=\"cb-social-sharing cb-post-footer-block cb-beside clearfix\">\n<div class=\"cb-title-subtle\">Share On:<\/div>\n<div class=\"cb-twitter\"><a href=\"https:\/\/twitter.com\/share\" class=\"twitter-share-button\" data-dnt=\"true\" data-count=\"horizontal\">Tweet<\/a><\/div>\n<\/div>\n<div id=\"cb-previous-next-links\" class=\"cb-post-footer-block clearfix\">\n<div id=\"cb-previous-link\"><a href=\"https:\/\/suceavalive.ro\/copil-de-12-ani-pe-trotineta-electrica-ranit-in-cajvana-dupa-o-manevra-neasigurata-a-unui-sofer\/\" rel=\"prev\">Copil de 12 ani pe trotinet\u0103 electric\u0103, r\u0103nit \u00een Cajvana dup\u0103 o manevr\u0103 neasigurat\u0103 a unui \u0219ofer<\/a><\/div>\n<div id=\"cb-next-link\"><a href=\"https:\/\/suceavalive.ro\/radu-reziuc-arestat-preventiv-pentru-30-de-zile\/\" rel=\"next\">Radu Reziuc, arestat preventiv pentru 30 de zile<\/a><\/div>\n<\/div>\n<div id=\"cb-author-box\" class=\"clearfix\">\n<h3 class=\"cb-block-title\">Despre autor<\/h3>\n<div class=\"cb-meta\">\n<div class=\"cb-info\">\n<div class=\"cb-author-title vcard\"><a href=\"https:\/\/suceavalive.ro\/author\/suceavalive\/\"><span class=\"fn\">SuceavaLive<\/span><\/a><\/div>\n<\/div>\n<\/div>\n<\/div>\n<div id=\"cb-related-posts\" class=\"cb-related-posts-block cb-post-end-block clearfix\">\n<h3 class=\"cb-block-title\">Postari asemanatoare<\/h3>\n<ul>\n<li class=\"cb-style-overlay cb-grid-entry cb-related-post no-1\">\n<div class=\"cb-meta cb-article-meta\">\n<h4 class=\"h3 cb-post-title\"><a href=\"https:\/\/suceavalive.ro\/a-inceput-targul-martisorului-la-shopping-city-suceava-vicepresedintele-consiliului-judetean-suceava-nicolae-robu-prezent-la-deschiderea-evenimentului\/\">A \u00eenceput T\u00e2rgul M\u0103r\u021bi\u0219orului la Shopping City Suceava. Vicepre\u0219edintele Consiliului Jude\u021bean Suceava, Nicolae Robu, prezent la deschiderea evenimentului<\/a><\/h4>\n<div class=\"cb-byline cb-font-header\">\n<div class=\"cb-date cb-byline-element\"><time datetime=\"2026-02-27\">27 februarie 2026<\/time><\/div>\n<\/div>\n<\/div>\n<\/li>\n<li class=\"cb-style-overlay cb-grid-entry cb-related-post no-2\">\n<div class=\"cb-meta cb-article-meta\">\n<h4 class=\"h3 cb-post-title\"><a href=\"https:\/\/suceavalive.ro\/presedinta-pnl-suceava-angelica-fador-guvernul-bolojan-reformeaza-administratia-mai-putini-birocrati-mai-multi-bani-pentru-investitii\/\">Pre\u0219edinta PNL Suceava, Angelica F\u0103dor: \u201eGuvernul Bolojan reformeaz\u0103 administra\u021bia: mai pu\u021bini birocra\u021bi, mai mul\u021bi bani pentru investi\u021bii\u201d<\/a><\/h4>\n<div class=\"cb-byline cb-font-header\">\n<div class=\"cb-date cb-byline-element\"><time datetime=\"2026-02-27\">27 februarie 2026<\/time><\/div>\n<\/div>\n<\/div>\n<\/li>\n<\/ul>\n<\/div>\n<\/footer>\n<div id=\"respond\" class=\"comment-respond\">\n<h3 id=\"reply-title\" class=\"comment-reply-title\">Lasa un raspuns <small><a rel=\"nofollow\" id=\"cancel-comment-reply-link\" href=\"https:\/\/suceavalive.ro\/individ-din-suceava-arestat-preventiv-dupa-ce-a-profitat-de-vulnerabilitatea-unui-tanar-cu-handicap-grav-pentru-a-l-agresa-sexual\/#respond\">Anuleaza raspunsul<\/a><\/small><\/h3>\n<p class=\"comment-notes\">Adresa ta de email nu va fi publicat\u0103.<\/p>\n<\/div>\n<\/article>\n<section class=\"cb-entry-content entry-content clearfix\">\n<p data-path-to-node=\"2\"><span>Poli\u021bi\u0219tii din cadrul Biroului Investiga\u021bii Criminale Suceava au reu\u0219it, \u00een urma unei anchete complexe, s\u0103 probeze activitatea infrac\u021bional\u0103 a unui b\u0103rbat de 49 de ani, acuzat de comiterea unei fapte de viol \u00een condi\u021bii atroce. Investiga\u021biile au scos la iveal\u0103 faptul c\u0103, \u00een vara anului 2024, acesta a abordat un t\u00e2n\u0103r de 26 de ani, profit\u00e2nd de o fals\u0103 rela\u021bie de amici\u021bie. De\u0219i ini\u021bial a \u00eencercat s\u0103 \u00eei propun\u0103 raporturi sexuale contra cost \u00eentr-un mijloc de transport \u00een comun \u0219i a fost refuzat, agresorul nu a renun\u021bat. Ulterior, afl\u00e2nd c\u0103 t\u00e2n\u0103rul sufer\u0103 de un handicap de gradul I \u00een stare avansat\u0103, l-a ademenit la locuin\u021ba sa din cartierul Burdujeni sub pretextul c\u0103 are nevoie de ajutor la mutarea unor obiecte.<\/span><\/p>\n<p data-path-to-node=\"3\"><span>Victima, a c\u0103rei stare de s\u0103n\u0103tate nu i-a permis s\u0103 con\u0219tientizeze riscul la care se expune, a acceptat invita\u021bia \u0219i a fost condus\u0103 \u00eentr-un imobil de pe strada Amurgului. Acolo, autorul l-a determinat pe t\u00e2n\u0103r s\u0103 consume alcool p\u00e2n\u0103 c\u00e2nd acesta a ajuns \u00eentr-o stare de ebrietate avansat\u0103 \u0219i a adormit pe o saltea. Profit\u00e2nd de neputin\u021ba \u0219i de dizabilitatea victimei, b\u0103rbatul a \u00eentre\u021binut rela\u021bii sexuale for\u021bate. \u00cen urma probatoriului administrat, poli\u021bi\u0219tii BIC au pus \u00een executare un mandat de aducere, iar procurorii au dispus re\u021binerea suspectului. Prezentat \u00een fa\u021ba Judec\u0103toriei Suceava la data de 24 februarie 2026, magistra\u021bii au admis propunerea de arestare preventiv\u0103 pentru 30 de zile, inculpatul fiind escortat \u0219i depus \u00een centrul de deten\u021bie al I.P.J. Mure\u0219.<\/span><\/p>\n<\/section>\n<section class=\"cb-entry-content entry-content clearfix\">\n<p data-path-to-node=\"2\"><span>Poli\u021bi\u0219tii din cadrul Biroului Investiga\u021bii Criminale Suceava au reu\u0219it, \u00een urma unei anchete complexe, s\u0103 probeze activitatea infrac\u021bional\u0103 a unui b\u0103rbat de 49 de ani, acuzat de comiterea unei fapte de viol \u00een condi\u021bii atroce. Investiga\u021biile au scos la iveal\u0103 faptul c\u0103, \u00een vara anului 2024, acesta a abordat un t\u00e2n\u0103r de 26 de ani, profit\u00e2nd de o fals\u0103 rela\u021bie de amici\u021bie. De\u0219i ini\u021bial a \u00eencercat s\u0103 \u00eei propun\u0103 raporturi sexuale contra cost \u00eentr-un mijloc de transport \u00een comun \u0219i a fost refuzat, agresorul nu a renun\u021bat. Ulterior, afl\u00e2nd c\u0103 t\u00e2n\u0103rul sufer\u0103 de un handicap de gradul I \u00een stare avansat\u0103, l-a ademenit la locuin\u021ba sa din cartierul Burdujeni sub pretextul c\u0103 are nevoie de ajutor la mutarea unor obiecte.<\/span><\/p>\n<p data-path-to-node=\"3\"><span>Victima, a c\u0103rei stare de s\u0103n\u0103tate nu i-a permis s\u0103 con\u0219tientizeze riscul la care se expune, a acceptat invita\u021bia \u0219i a fost condus\u0103 \u00eentr-un imobil de pe strada Amurgului. Acolo, autorul l-a determinat pe t\u00e2n\u0103r s\u0103 consume alcool p\u00e2n\u0103 c\u00e2nd acesta a ajuns \u00eentr-o stare de ebrietate avansat\u0103 \u0219i a adormit pe o saltea. Profit\u00e2nd de neputin\u021ba \u0219i de dizabilitatea victimei, b\u0103rbatul a \u00eentre\u021binut rela\u021bii sexuale for\u021bate. \u00cen urma probatoriului administrat, poli\u021bi\u0219tii BIC au pus \u00een executare un mandat de aducere, iar procurorii au dispus re\u021binerea suspectului. Prezentat \u00een fa\u021ba Judec\u0103toriei Suceava la data de 24 februarie 2026, magistra\u021bii au admis propunerea de arestare preventiv\u0103 pentru 30 de zile, inculpatul fiind escortat \u0219i depus \u00een centrul de deten\u021bie al I.P.J. Mure\u0219.<\/span><\/p>\n<\/section>\n<p>[analyse_source url=&#8221;https:\/\/suceavalive.ro\/individ-din-suceava-arestat-preventiv-dupa-ce-a-profitat-de-vulnerabilitatea-unui-tanar-cu-handicap-grav-pentru-a-l-agresa-sexual\/&#8221;]<\/p>\n","protected":false},"excerpt":{"rendered":"<p>[analyse_image type=&#8221;featured&#8221; src=&#8221;https:\/\/suceavalive.ro\/wp-content\/uploads\/2025\/12\/politia.webphttps:\/\/suceavalive.ro\/wp-content\/uploads\/2025\/12\/politia.webp&#8221;] Individ din Suceava arestat preventiv dup\u0103 ce a profitat de vulnerabilitatea unui t\u00e2n\u0103r cu handicap grav pentru a-l agresa sexual 26 februarie 2026 Poli\u021bi\u0219tii din cadrul Biroului Investiga\u021bii Criminale Suceava au reu\u0219it, \u00een urma unei anchete complexe, s\u0103 probeze activitatea infrac\u021bional\u0103 a unui b\u0103rbat de 49 de ani, acuzat de comiterea unei [&hellip;]<\/p>\n","protected":false},"author":1,"featured_media":0,"comment_status":"open","ping_status":"","sticky":false,"template":"","format":"standard","meta":{"footnotes":""},"categories":[89],"tags":[226,173],"class_list":["post-1796769","post","type-post","status-publish","format-standard","hentry","category-romania","tag-crawlmanager","tag-suceavalive-ro"],"_links":{"self":[{"href":"https:\/\/analyse.optim.biz\/index.php?rest_route=\/wp\/v2\/posts\/1796769","targetHints":{"allow":["GET"]}}],"collection":[{"href":"https:\/\/analyse.optim.biz\/index.php?rest_route=\/wp\/v2\/posts"}],"about":[{"href":"https:\/\/analyse.optim.biz\/index.php?rest_route=\/wp\/v2\/types\/post"}],"author":[{"embeddable":true,"href":"https:\/\/analyse.optim.biz\/index.php?rest_route=\/wp\/v2\/users\/1"}],"replies":[{"embeddable":true,"href":"https:\/\/analyse.optim.biz\/index.php?rest_route=%2Fwp%2Fv2%2Fcomments&post=1796769"}],"version-history":[{"count":0,"href":"https:\/\/analyse.optim.biz\/index.php?rest_route=\/wp\/v2\/posts\/1796769\/revisions"}],"wp:attachment":[{"href":"https:\/\/analyse.optim.biz\/index.php?rest_route=%2Fwp%2Fv2%2Fmedia&parent=1796769"}],"wp:term":[{"taxonomy":"category","embeddable":true,"href":"https:\/\/analyse.optim.biz\/index.php?rest_route=%2Fwp%2Fv2%2Fcategories&post=1796769"},{"taxonomy":"post_tag","embeddable":true,"href":"https:\/\/analyse.optim.biz\/index.php?rest_route=%2Fwp%2Fv2%2Ftags&post=1796769"}],"curies":[{"name":"wp","href":"https:\/\/api.w.org\/{rel}","templated":true}]}}