{"id":1796138,"date":"2026-02-27T06:42:12","date_gmt":"2026-02-27T03:42:12","guid":{"rendered":"https:\/\/analyse.optim.biz\/?p=1796138"},"modified":"2026-02-27T06:42:12","modified_gmt":"2026-02-27T03:42:12","slug":"imagini-elevii-de-la-liceul-preda-buzescu-berbesti-vizitati-de-politisti-gazeta-valceana","status":"publish","type":"post","link":"https:\/\/analyse.optim.biz\/?p=1796138","title":{"rendered":"IMAGINI. Elevii de la Liceul \u201ePreda Buzescu\u201d Berbe\u0219ti, vizita\u021bi de poli\u021bi\u0219ti &#8211; Gazeta V\u00e2lcean\u0103"},"content":{"rendered":"<p>[analyse_image type=&#8221;featured&#8221; src=&#8221;https:\/\/www.gazeta-valceana.ro\/wp-content\/uploads\/2026\/02\/IPJ-Politia-Elevi-Scoala-Berbesti-3.jpg&#8221;]<\/p>\n<article id=\"template-id-91645\" class=\"post-91645 tdb_templates type-tdb_templates status-publish post\">\n<div id=\"tdi_49\" class=\"tdc-zone\">\n<div class=\"tdc_zone tdi_50  wpb_row td-pb-row\">\n<div id=\"tdi_51\" class=\"tdc-row stretch_row_1200 td-stretch-content\">\n<div class=\"vc_row tdi_52  wpb_row td-pb-row\">\n<div class=\"vc_column tdi_54  wpb_column vc_column_container tdc-column td-pb-span8\">\n<div class=\"wpb_wrapper\">\n<div class=\"td_block_wrap tdb_title tdi_55 tdb-single-title td-pb-border-top td_block_template_1\" data-td-block-uid=\"tdi_55\">\n<div class=\"tdb-block-inner td-fix-index\">\n<h1 class=\"tdb-title-text\">IMAGINI. Elevii de la Liceul \u201ePreda Buzescu\u201d Berbe\u0219ti, vizita\u021bi de poli\u021bi\u0219ti<\/h1>\n<\/div>\n<\/div>\n<div class=\"vc_row_inner tdi_58  vc_row vc_inner wpb_row td-pb-row tdc-row-content-vert-center\">\n<div class=\"vc_column_inner tdi_60  wpb_column vc_column_container tdc-inner-column td-pb-span12\">\n<div class=\"vc_column-inner\">\n<div class=\"wpb_wrapper\">\n<div class=\"td_block_wrap tdb_single_categories tdi_61 td-pb-border-top td_block_template_1 \" data-td-block-uid=\"tdi_61\">\n<div class=\"tdb-category td-fix-index\"><a class=\"tdb-entry-category\" href=\"https:\/\/www.gazeta-valceana.ro\/category\/fapt-divers\/\">Fapt divers<\/a><a class=\"tdb-entry-category\" href=\"https:\/\/www.gazeta-valceana.ro\/category\/i\/\">I<\/a><a class=\"tdb-entry-category\" href=\"https:\/\/www.gazeta-valceana.ro\/category\/invatamant\/\">\u00cenv\u0103\u0163\u0103m\u00e2nt<\/a><\/div>\n<\/div>\n<div class=\"td_block_wrap tdb_single_date tdi_62 td-pb-border-top td_block_template_1 tdb-post-meta\" data-td-block-uid=\"tdi_62\">\n<div class=\"tdb-block-inner td-fix-index\"><time class=\"entry-date updated td-module-date\" datetime=\"2026-02-27T08:42:12+02:00\">27 februarie 2026<\/time><\/div>\n<\/div>\n<\/div>\n<\/div>\n<\/div>\n<\/div>\n<\/div>\n<\/div>\n<\/div>\n<\/div>\n<div id=\"tdi_65\" class=\"tdc-row stretch_row_1200 td-stretch-content\">\n<div class=\"vc_row tdi_66  wpb_row td-pb-row\">\n<div class=\"vc_column tdi_68  wpb_column vc_column_container tdc-column td-pb-span8\">\n<div class=\"wpb_wrapper\">\n<div class=\"td_block_wrap tdb_single_featured_image tdi_69 tdb-content-horiz-left td-pb-border-top td_block_template_1\" data-td-block-uid=\"tdi_69\">\n<div class=\"tdb-block-inner td-fix-index\"><img loading=\"lazy\" decoding=\"async\" width=\"696\" height=\"392\" class=\"entry-thumb\" src=\"https:\/\/www.gazeta-valceana.ro\/wp-content\/uploads\/2026\/02\/IPJ-Politia-Elevi-Scoala-Berbesti-3-696x392.jpg\" alt title=\"IPJ Politia Elevi Scoala Berbesti 3\"><\/div>\n<\/div>\n<div class=\"td_block_wrap tdb_single_post_share tdi_70  td-pb-border-top td_block_template_1\" data-td-block-uid=\"tdi_70\">\n<div id=\"tdi_70\" class=\"td-post-sharing tdb-block td-ps-border td-ps-border-grey td-ps-notext td-ps-icon-color td-ps-text-color td-post-sharing-style16 \">\n<div class=\"td-post-sharing-visible\">\n<div class=\"td-social-sharing-button td-social-sharing-button-js td-social-handler td-social-share-text\">\n<div class=\"td-social-but-text\">Ac\u021biune<\/div>\n<\/div>\n<p><a class=\"td-social-sharing-button td-social-sharing-button-js td-social-network td-social-facebook\" href=\"https:\/\/www.facebook.com\/sharer.php?u=https%3A%2F%2Fwww.gazeta-valceana.ro%2Ffapt-divers%2Fimagini-elevii-de-la-liceul-preda-buzescu-berbesti-vizitati-de-politisti%2F\" title=\"Facebook\"><\/p>\n<div class=\"td-social-but-text\">Facebook<\/div>\n<p><\/a><a class=\"td-social-sharing-button td-social-sharing-button-js td-social-network td-social-twitter\" href=\"https:\/\/twitter.com\/intent\/tweet?text=IMAGINI.+Elevii+de+la+Liceul+%E2%80%9EPreda+Buzescu%E2%80%9D+Berbe%C8%99ti%2C+vizita%C8%9Bi+de+poli%C8%9Bi%C8%99ti&amp;url=https%3A%2F%2Fwww.gazeta-valceana.ro%2Ffapt-divers%2Fimagini-elevii-de-la-liceul-preda-buzescu-berbesti-vizitati-de-politisti%2F&amp;via=Gazeta+V%C3%A2lcean%C4%83\" title=\"Twitter\"><\/p>\n<div class=\"td-social-but-text\">Twitter<\/div>\n<p><\/a><a class=\"td-social-sharing-button td-social-sharing-button-js td-social-network td-social-pinterest\" href=\"https:\/\/pinterest.com\/pin\/create\/button\/?url=https:\/\/www.gazeta-valceana.ro\/fapt-divers\/imagini-elevii-de-la-liceul-preda-buzescu-berbesti-vizitati-de-politisti\/&amp;media=https:\/\/www.gazeta-valceana.ro\/wp-content\/uploads\/2026\/02\/IPJ-Politia-Elevi-Scoala-Berbesti-3.jpg&amp;description=IMAGINI.+Elevii+de+la+Liceul+%E2%80%9EPreda+Buzescu%E2%80%9D+Berbe%C8%99ti%2C+vizita%C8%9Bi+de+poli%C8%9Bi%C8%99ti\" title=\"Pinterest\"><\/p>\n<div class=\"td-social-but-text\">Pinterest<\/div>\n<p><\/a><a class=\"td-social-sharing-button td-social-sharing-button-js td-social-network td-social-whatsapp\" href=\"https:\/\/api.whatsapp.com\/send?text=IMAGINI.+Elevii+de+la+Liceul+%E2%80%9EPreda+Buzescu%E2%80%9D+Berbe%C8%99ti%2C+vizita%C8%9Bi+de+poli%C8%9Bi%C8%99ti%20%0A%0A%20https:\/\/www.gazeta-valceana.ro\/fapt-divers\/imagini-elevii-de-la-liceul-preda-buzescu-berbesti-vizitati-de-politisti\/\" title=\"WhatsApp\"><\/p>\n<div class=\"td-social-but-text\">WhatsApp<\/div>\n<p><\/a><\/div>\n<\/div>\n<\/div>\n<div class=\"td_block_wrap tdb_single_content tdi_71 td-pb-border-top td_block_template_1 td-post-content tagdiv-type\" data-td-block-uid=\"tdi_71\">\n<div class=\"tdb-block-inner td-fix-index\">\n<p>Poli\u021bi\u0219tii din cadrul Inspectoratul de Poli\u021bie Jude\u021bean V\u00e2lcea, prin Biroul de Analiz\u0103 \u0219i Prevenire a Criminalit\u0103\u021bii, au desf\u0103\u0219urat, la data de 24 februarie 2026, activit\u0103\u021bi informativ-preventive la Liceul \u201ePreda Buzescu\u201d din Berbe\u0219ti, \u00een cadrul programelor dedicate siguran\u021bei elevilor. Ac\u021biunile au fost adaptate categoriilor de v\u00e2rst\u0103 \u0219i au avut ca obiectiv cre\u0219terea gradului de informare \u0219i responsabilizare a elevilor cu privire la riscurile la care pot fi expu\u0219i, at\u00e2t \u00een mediul real, c\u00e2t \u0219i \u00een cel online.<\/p>\n<p>\u00cen cadrul Proiectului \u201eTEDI \u2013 Siguran\u021b\u0103 pentru cei mici\u201d, elevii din ciclul primar au participat la sesiuni interactive privind regulile de siguran\u021b\u0103 personal\u0103, comportamentele de autoprotec\u021bie, recunoa\u0219terea situa\u021biilor periculoase \u0219i importan\u021ba solicit\u0103rii sprijinului din partea adul\u021bilor de \u00eencredere. De asemenea, poli\u021bi\u0219tii au abordat tema prevenirii dispari\u021biilor de minori, discut\u00e2nd despre riscurile plec\u0103rilor voluntare, pericolele interac\u021biunilor cu persoane necunoscute \u0219i importan\u021ba men\u021binerii unei comunic\u0103ri permanente cu familia.<\/p>\n<figure class=\"wp-block-image size-large\"><img loading=\"lazy\" decoding=\"async\" width=\"1024\" height=\"539\" src=\"https:\/\/www.gazeta-valceana.ro\/wp-content\/uploads\/2026\/02\/IPJ-Politia-Elevi-Scoala-Berbesti-1-1024x539.jpg\" alt class=\"wp-image-103447\"><\/figure>\n<p>\u00cen cadrul activit\u0103\u021bilor dedicate prevenirii pornografiei infantile, elevii de liceu au fost informa\u021bi despre riscurile distribuirii imaginilor cu caracter intim \u00een mediul online, implica\u021biile legale ale unor astfel de fapte \u0219i consecin\u021bele pe termen lung asupra vie\u021bii personale \u0219i profesionale. Totodat\u0103, \u00een contextul prevenirii consumului de droguri, au fost prezentate efectele substan\u021belor psihoactive asupra s\u0103n\u0103t\u0103\u021bii fizice \u0219i psihice, presiunile exercitate de anturaj \u0219i modalit\u0103\u021bile prin care tinerii pot evita situa\u021biile de risc.<\/p>\n<p>\u00cen cadrul Proiectului \u201eUn bloc salveaz\u0103 o via\u021b\u0103\u201d, elevii au primit informa\u021bii privind prevenirea violen\u021bei, adoptarea unui comportament responsabil \u0219i importan\u021ba implic\u0103rii civice \u00een comunitate.<\/p>\n<p>De asemenea, poli\u021bi\u0219tii au transmis elevilor recomand\u0103ri preventive, subliniind importan\u021ba protej\u0103rii siguran\u021bei \u0219i imaginii personale, a unei conduite prudente \u00een mediul online, a evit\u0103rii influen\u021belor negative \u0219i a lu\u0103rii unor decizii responsabile.<\/p>\n<p>Totodat\u0103, ace\u0219tia au fost \u00eencuraja\u021bi s\u0103 solicite sprijin atunci c\u00e2nd se confrunt\u0103 cu probleme \u0219i s\u0103 apeleze num\u0103rul unic de urgen\u021b\u0103 112 \u00een situa\u021bii care impun interven\u021bia imediat\u0103 a autorit\u0103\u021bilor.<\/p>\n<figure class=\"wp-block-image size-large\"><img loading=\"lazy\" decoding=\"async\" width=\"1024\" height=\"584\" src=\"https:\/\/www.gazeta-valceana.ro\/wp-content\/uploads\/2026\/02\/IPJ-Politia-Elevi-Scoala-Berbesti-2-1024x584.jpg\" alt class=\"wp-image-103448\"><\/figure>\n<\/div>\n<\/div>\n<div class=\"tdb-author-box td_block_wrap tdb_single_author_box tdi_72 tdb-content-vert-top td-pb-border-top td_block_template_1\" data-td-block-uid=\"tdi_72\">\n<div class=\"tdb-block-inner td-fix-index\"><a href=\"https:\/\/www.gazeta-valceana.ro\/author\/redactia\/\" class=\"tdb-author-photo\" title=\"Redactia\"><img decoding=\"async\" alt=\"Redactia\" src=\"https:\/\/secure.gravatar.com\/avatar\/d9699bfd17d7f55fcf6bbdfb0214d48a942c5fd23a1db27f4a803a8d0651670f?s=500&amp;d=mm&amp;r=g\" class=\"avatar avatar-500 photo\" height=\"500\" width=\"500\" loading=\"lazy\"><\/a><\/p>\n<div class=\"tdb-author-info\"><a href=\"https:\/\/www.gazeta-valceana.ro\/author\/redactia\/\" class=\"tdb-author-name\">Redactia<\/a><\/div>\n<\/div>\n<\/div>\n<\/div>\n<\/div>\n<div class=\"vc_column tdi_76  wpb_column vc_column_container tdc-column td-pb-span4 td-is-sticky\">\n<div class=\"wpb_wrapper\" data-sticky-enabled-on=\"W3RydWUsdHJ1ZSx0cnVlLHRydWVd\" data-sticky-offset=\"20\" data-sticky-is-width-auto=\"W2ZhbHNlLGZhbHNlLGZhbHNlLGZhbHNlXQ==\">\n<div class=\"vc_row_inner tdi_81  vc_row vc_inner wpb_row td-pb-row tdc-row-content-vert-center\">\n<div class=\"vc_column_inner tdi_83  wpb_column vc_column_container tdc-inner-column td-pb-span12\">\n<div class=\"vc_column-inner\">\n<div class=\"wpb_wrapper\">\n<div class=\"tdm_block td_block_wrap tdm_block_inline_text tdi_86 tdm-inline-block td-pb-border-top td_block_template_1\" data-td-block-uid=\"tdi_86\">\n<p class=\"tdm-descr\">Ultimele articole<\/p>\n<\/div>\n<\/div>\n<\/div>\n<\/div>\n<\/div>\n<div class=\"td_block_wrap td_flex_block_1 tdi_87 td-pb-border-top td_block_template_1 td_flex_block\" data-td-block-uid=\"tdi_87\">\n<div id=\"tdi_87\" class=\"td_block_inner td-mc1-wrap\">\n<div class=\"td_module_flex td_module_flex_1 td_module_wrap td-animation-stack td-cpt-post\">\n<div class=\"td-module-container td-category-pos-\">\n<div class=\"td-module-meta-info\">\n<h3 class=\"entry-title td-module-title\"><a href=\"https:\/\/www.gazeta-valceana.ro\/fapt-divers\/cutremur-in-aceasta-seara-in-romania-a-fost-resimtit-in-mai-multe-judete\/\" rel=\"bookmark\" title=\"Cutremur \u00een aceast\u0103 sear\u0103, \u00een Rom\u00e2nia. A fost resim\u021bit \u00een mai multe jude\u021be\">Cutremur \u00een aceast\u0103 sear\u0103, \u00een Rom\u00e2nia. A fost resim\u021bit \u00een mai multe jude\u021be<\/a><\/h3>\n<div class=\"td-editor-date\"><span class=\"td-author-date\"><span class=\"td-post-date\"><time class=\"entry-date updated td-module-date\" datetime=\"2026-02-26T21:07:22+02:00\">26 februarie 2026<\/time><\/span><\/span><\/div>\n<\/div>\n<\/div>\n<\/div>\n<div class=\"td_module_flex td_module_flex_1 td_module_wrap td-animation-stack td-cpt-post\">\n<div class=\"td-module-container td-category-pos-\">\n<div class=\"td-module-meta-info\">\n<h3 class=\"entry-title td-module-title\"><a href=\"https:\/\/www.gazeta-valceana.ro\/administratie\/m-as-fi-dus-sa-stau-in-fruntea-oamenilor-din-perisani-la-acel-miting-spune-presedintele-radulescu-referitor-la-problemele-cauzate-de-constructia-autostrazii\/\" rel=\"bookmark\" title=\"\u201eM-a\u0219 fi dus s\u0103 stau \u00een fruntea oamenilor din Peri\u0219ani, la acel miting\u201d, spune pre\u0219edintele R\u0103dulescu, referitor la problemele cauzate de construc\u021bia autostr\u0103zii\">\u201eM-a\u0219 fi dus s\u0103 stau \u00een fruntea oamenilor din Peri\u0219ani, la acel miting\u201d, spune pre\u0219edintele R\u0103dulescu, referitor la problemele cauzate de construc\u021bia autostr\u0103zii<\/a><\/h3>\n<div class=\"td-editor-date\"><span class=\"td-author-date\"><span class=\"td-post-date\"><time class=\"entry-date updated td-module-date\" datetime=\"2026-02-26T12:52:52+02:00\">26 februarie 2026<\/time><\/span><\/span><\/div>\n<\/div>\n<\/div>\n<\/div>\n<div class=\"td_module_flex td_module_flex_1 td_module_wrap td-animation-stack td-cpt-post\">\n<div class=\"td-module-container td-category-pos-\">\n<div class=\"td-module-meta-info\">\n<h3 class=\"entry-title td-module-title\"><a href=\"https:\/\/www.gazeta-valceana.ro\/fapt-divers\/politia-in-actiune-pe-dn-65c-si-dj-676-in-judetul-valcea-amenzi-permise-de-conducere-retinute\/\" rel=\"bookmark\" title=\"POLI\u021aIA \u00een ac\u021biune pe DN 65C \u0219i DJ 676, \u00een jude\u021bul V\u00e2lcea. AMENZI, permise de conducere re\u021binute\u2026\">POLI\u021aIA \u00een ac\u021biune pe DN 65C \u0219i DJ 676, \u00een jude\u021bul V\u00e2lcea. AMENZI, permise de conducere re\u021binute\u2026<\/a><\/h3>\n<div class=\"td-editor-date\"><span class=\"td-author-date\"><span class=\"td-post-date\"><time class=\"entry-date updated td-module-date\" datetime=\"2026-02-26T11:19:15+02:00\">26 februarie 2026<\/time><\/span><\/span><\/div>\n<\/div>\n<\/div>\n<\/div>\n<div class=\"td_module_flex td_module_flex_1 td_module_wrap td-animation-stack td-cpt-post\">\n<div class=\"td-module-container td-category-pos-\">\n<div class=\"td-module-meta-info\">\n<h3 class=\"entry-title td-module-title\"><a href=\"https:\/\/www.gazeta-valceana.ro\/justitie\/video-in-articol-politistii-l-au-ridicat-pe-scandalagiul-din-maldaresti-noaptea-a-batut-un-tanar-din-vaideeni\/\" rel=\"bookmark\" title=\"VIDEO \u00een articol. Poli\u021bi\u0219tii l-au ridicat pe scandalagiul din M\u0103ld\u0103re\u0219ti. Noaptea, a b\u0103tut un t\u00e2n\u0103r din Vaideeni\">VIDEO \u00een articol. Poli\u021bi\u0219tii l-au ridicat pe scandalagiul din M\u0103ld\u0103re\u0219ti. Noaptea, a b\u0103tut un t\u00e2n\u0103r din Vaideeni<\/a><\/h3>\n<div class=\"td-editor-date\"><span class=\"td-author-date\"><span class=\"td-post-date\"><time class=\"entry-date updated td-module-date\" datetime=\"2026-02-26T11:01:22+02:00\">26 februarie 2026<\/time><\/span><\/span><\/div>\n<\/div>\n<\/div>\n<\/div>\n<\/div>\n<\/div>\n<div class=\"td_block_wrap td-a-rec td-a-rec-id-custom-spot td-a-rec-img tdi_88 td_block_template_1\">\n<div><a href=\"https:\/\/www.gazeta-valceana.ro\/fapt-divers\/imagini-elevii-de-la-liceul-preda-buzescu-berbesti-vizitati-de-politisti\/\" class=\"td_spot_img_all\"><img loading=\"lazy\" decoding=\"async\" src=\"https:\/\/www.gazeta-valceana.ro\/wp-content\/uploads\/2025\/01\/image-5.jpg\" alt=\"spot_img\" width=\"347\" height=\"277\"><\/a><a href=\"https:\/\/www.gazeta-valceana.ro\/fapt-divers\/imagini-elevii-de-la-liceul-preda-buzescu-berbesti-vizitati-de-politisti\/\" class=\"td_spot_img_mob\"><img loading=\"lazy\" decoding=\"async\" src=\"https:\/\/www.gazeta-valceana.ro\/wp-content\/uploads\/2025\/01\/image-5.jpg\" alt=\"spot_img\" width=\"347\" height=\"247\"><\/a><\/div>\n<\/div>\n<div class=\"td_block_wrap td-a-rec td-a-rec-id-custom-spot td-a-rec-img tdi_89 td_block_template_1\">\n<div><a href=\"https:\/\/www.gazeta-valceana.ro\/fapt-divers\/imagini-elevii-de-la-liceul-preda-buzescu-berbesti-vizitati-de-politisti\/\" class=\"td_spot_img_all\"><img loading=\"lazy\" decoding=\"async\" src=\"https:\/\/www.gazeta-valceana.ro\/wp-content\/uploads\/2025\/01\/image-3.jpeg\" alt=\"spot_img\" width=\"347\" height=\"277\"><\/a><a href=\"https:\/\/www.gazeta-valceana.ro\/fapt-divers\/imagini-elevii-de-la-liceul-preda-buzescu-berbesti-vizitati-de-politisti\/\" class=\"td_spot_img_mob\"><img loading=\"lazy\" decoding=\"async\" src=\"https:\/\/www.gazeta-valceana.ro\/wp-content\/uploads\/2025\/01\/image-3.jpeg\" alt=\"spot_img\" width=\"347\" height=\"247\"><\/a><\/div>\n<\/div>\n<\/div>\n<\/div>\n<\/div>\n<\/div>\n<div id=\"tdi_97\" class=\"tdc-row stretch_row_1200 td-stretch-content\">\n<div class=\"vc_row tdi_98  wpb_row td-pb-row\">\n<div class=\"vc_column tdi_100  wpb_column vc_column_container tdc-column td-pb-span12\">\n<div class=\"wpb_wrapper\">\n<div class=\"td_block_wrap tdb_single_next_prev tdi_101 td-pb-border-top td_block_template_1\" data-td-block-uid=\"tdi_101\">\n<div class=\"tdb-block-inner td-fix-index\">\n<div class=\"tdb-next-post tdb-next-post-bg tdb-post-prev\"><span>Articolul precedent<\/span><\/p>\n<div class=\"td-module-container\">\n<div class=\"next-prev-title\"><a href=\"https:\/\/www.gazeta-valceana.ro\/fapt-divers\/cutremur-in-aceasta-seara-in-romania-a-fost-resimtit-in-mai-multe-judete\/\">Cutremur \u00een aceast\u0103 sear\u0103, \u00een Rom\u00e2nia. A fost resim\u021bit \u00een mai multe jude\u021be<\/a><\/div>\n<\/div>\n<\/div>\n<\/div>\n<\/div>\n<div class=\"vc_row_inner tdi_103  vc_row vc_inner wpb_row td-pb-row tdc-row-content-vert-center\">\n<div class=\"vc_column_inner tdi_105  wpb_column vc_column_container tdc-inner-column td-pb-span12\">\n<div class=\"vc_column-inner\">\n<div class=\"wpb_wrapper\">\n<div class=\"tdm_block td_block_wrap tdm_block_inline_text tdi_108 tdm-inline-block td-pb-border-top td_block_template_1\" data-td-block-uid=\"tdi_108\">\n<p class=\"tdm-descr\">Related articles<\/p>\n<\/div>\n<\/div>\n<\/div>\n<\/div>\n<\/div>\n<div class=\"td_block_wrap tdb_single_related tdi_109 td_with_ajax_pagination td-pb-border-top td_block_template_1 tdb-single-related-posts\" data-td-block-uid=\"tdi_109\">\n<div id=\"tdi_109\" class=\"td_block_inner tdb-block-inner td-fix-index\">\n<div class=\"tdb_module_related td_module_wrap td-animation-stack\">\n<div class=\"td-module-container td-category-pos-\">\n<div class=\"td-module-meta-info\">\n<h3 class=\"entry-title td-module-title\"><a href=\"https:\/\/www.gazeta-valceana.ro\/fapt-divers\/cutremur-in-aceasta-seara-in-romania-a-fost-resimtit-in-mai-multe-judete\/\" rel=\"bookmark\" title=\"Cutremur \u00een aceast\u0103 sear\u0103, \u00een Rom\u00e2nia. A fost resim\u021bit \u00een mai multe jude\u021be\">Cutremur \u00een aceast\u0103 sear\u0103, \u00een Rom\u00e2nia. A fost resim\u021bit \u00een mai multe jude\u021be<\/a><\/h3>\n<div class=\"td-editor-date\"><a href=\"https:\/\/www.gazeta-valceana.ro\/category\/fapt-divers\/\" class=\"td-post-category\">Fapt divers<\/a><span class=\"td-author-date\"><span class=\"td-post-date\"><time class=\"entry-date updated td-module-date\" datetime=\"2026-02-26T21:07:22+02:00\">26 februarie 2026<\/time><\/span><\/span><\/div>\n<\/div>\n<\/div>\n<\/div>\n<div class=\"tdb_module_related td_module_wrap td-animation-stack\">\n<div class=\"td-module-container td-category-pos-\">\n<div class=\"td-module-meta-info\">\n<h3 class=\"entry-title td-module-title\"><a href=\"https:\/\/www.gazeta-valceana.ro\/administratie\/m-as-fi-dus-sa-stau-in-fruntea-oamenilor-din-perisani-la-acel-miting-spune-presedintele-radulescu-referitor-la-problemele-cauzate-de-constructia-autostrazii\/\" rel=\"bookmark\" title=\"\u201eM-a\u0219 fi dus s\u0103 stau \u00een fruntea oamenilor din Peri\u0219ani, la acel miting\u201d, spune pre\u0219edintele R\u0103dulescu, referitor la problemele cauzate de construc\u021bia autostr\u0103zii\">\u201eM-a\u0219 fi dus s\u0103 stau \u00een fruntea oamenilor din Peri\u0219ani, la acel miting\u201d, spune pre\u0219edintele R\u0103dulescu, referitor la problemele cauzate de construc\u021bia autostr\u0103zii<\/a><\/h3>\n<div class=\"td-editor-date\"><a href=\"https:\/\/www.gazeta-valceana.ro\/category\/administratie\/\" class=\"td-post-category\">Administra\u0163ie<\/a><span class=\"td-author-date\"><span class=\"td-post-date\"><time class=\"entry-date updated td-module-date\" datetime=\"2026-02-26T12:52:52+02:00\">26 februarie 2026<\/time><\/span><\/span><\/div>\n<\/div>\n<\/div>\n<\/div>\n<div class=\"tdb_module_related td_module_wrap td-animation-stack\">\n<div class=\"td-module-container td-category-pos-\">\n<div class=\"td-module-meta-info\">\n<h3 class=\"entry-title td-module-title\"><a href=\"https:\/\/www.gazeta-valceana.ro\/fapt-divers\/politia-in-actiune-pe-dn-65c-si-dj-676-in-judetul-valcea-amenzi-permise-de-conducere-retinute\/\" rel=\"bookmark\" title=\"POLI\u021aIA \u00een ac\u021biune pe DN 65C \u0219i DJ 676, \u00een jude\u021bul V\u00e2lcea. AMENZI, permise de conducere re\u021binute\u2026\">POLI\u021aIA \u00een ac\u021biune pe DN 65C \u0219i DJ 676, \u00een jude\u021bul V\u00e2lcea. AMENZI, permise de conducere re\u021binute\u2026<\/a><\/h3>\n<div class=\"td-editor-date\"><a href=\"https:\/\/www.gazeta-valceana.ro\/category\/fapt-divers\/\" class=\"td-post-category\">Fapt divers<\/a><span class=\"td-author-date\"><span class=\"td-post-date\"><time class=\"entry-date updated td-module-date\" datetime=\"2026-02-26T11:19:15+02:00\">26 februarie 2026<\/time><\/span><\/span><\/div>\n<\/div>\n<\/div>\n<\/div>\n<\/div>\n<\/div>\n<\/div>\n<\/div>\n<\/div>\n<\/div>\n<div id=\"tdi_116\" class=\"tdc-row stretch_row_1200 td-stretch-content\">\n<div class=\"vc_row tdi_117  wpb_row td-pb-row\">\n<div class=\"vc_column tdi_122  wpb_column vc_column_container tdc-column td-pb-span4 td-is-sticky\">\n<div class=\"wpb_wrapper\" data-sticky-enabled-on=\"W3RydWUsdHJ1ZSx0cnVlLHRydWVd\" data-sticky-offset=\"20\" data-sticky-is-width-auto=\"W2ZhbHNlLGZhbHNlLGZhbHNlLGZhbHNlXQ==\">\n<div class=\"td_block_wrap td-a-rec td-a-rec-id-custom-spot td-a-rec-img tdi_123 td_block_template_1\">\n<div><a href=\"https:\/\/www.gazeta-valceana.ro\/fapt-divers\/imagini-elevii-de-la-liceul-preda-buzescu-berbesti-vizitati-de-politisti\/\" class=\"td_spot_img_all\"><img loading=\"lazy\" decoding=\"async\" src=\"https:\/\/www.gazeta-valceana.ro\/wp-content\/uploads\/2025\/01\/image-4.jpg\" alt=\"spot_img\" width=\"347\" height=\"277\"><\/a><a href=\"https:\/\/www.gazeta-valceana.ro\/fapt-divers\/imagini-elevii-de-la-liceul-preda-buzescu-berbesti-vizitati-de-politisti\/\" class=\"td_spot_img_mob\"><img loading=\"lazy\" decoding=\"async\" src=\"https:\/\/www.gazeta-valceana.ro\/wp-content\/uploads\/2025\/01\/image-4.jpg\" alt=\"spot_img\" width=\"347\" height=\"247\"><\/a><\/div>\n<\/div>\n<div class=\"td_block_wrap td-a-rec td-a-rec-id-custom-spot td-a-rec-img tdi_124 td_block_template_1\">\n<div><a href=\"https:\/\/www.gazeta-valceana.ro\/fapt-divers\/imagini-elevii-de-la-liceul-preda-buzescu-berbesti-vizitati-de-politisti\/\" class=\"td_spot_img_all\"><img loading=\"lazy\" decoding=\"async\" src=\"https:\/\/www.gazeta-valceana.ro\/wp-content\/uploads\/2025\/01\/image-5.jpg\" alt=\"spot_img\" width=\"347\" height=\"277\"><\/a><a href=\"https:\/\/www.gazeta-valceana.ro\/fapt-divers\/imagini-elevii-de-la-liceul-preda-buzescu-berbesti-vizitati-de-politisti\/\" class=\"td_spot_img_mob\"><img loading=\"lazy\" decoding=\"async\" src=\"https:\/\/www.gazeta-valceana.ro\/wp-content\/uploads\/2025\/01\/image-5.jpg\" alt=\"spot_img\" width=\"347\" height=\"247\"><\/a><\/div>\n<\/div>\n<div class=\"td_block_wrap td-a-rec td-a-rec-id-custom-spot td-a-rec-img tdi_125 td_block_template_1\">\n<div><a href=\"https:\/\/www.gazeta-valceana.ro\/fapt-divers\/imagini-elevii-de-la-liceul-preda-buzescu-berbesti-vizitati-de-politisti\/\" class=\"td_spot_img_all\"><img loading=\"lazy\" decoding=\"async\" src=\"https:\/\/www.gazeta-valceana.ro\/wp-content\/uploads\/2025\/01\/image-3.jpeg\" alt=\"spot_img\" width=\"347\" height=\"277\"><\/a><a href=\"https:\/\/www.gazeta-valceana.ro\/fapt-divers\/imagini-elevii-de-la-liceul-preda-buzescu-berbesti-vizitati-de-politisti\/\" class=\"td_spot_img_mob\"><img loading=\"lazy\" decoding=\"async\" src=\"https:\/\/www.gazeta-valceana.ro\/wp-content\/uploads\/2025\/01\/image-3.jpeg\" alt=\"spot_img\" width=\"347\" height=\"247\"><\/a><\/div>\n<\/div>\n<\/div>\n<\/div>\n<\/div>\n<\/div>\n<\/div>\n<\/div>\n<p><span class=\"td-page-meta\"><\/span><span class=\"td-page-meta\"><span class=\"td-page-meta\"><\/span><\/span><span class=\"td-page-meta\"><\/span><\/article>\n<\/p>\n<div class=\"td_block_wrap tdb_single_content tdi_71 td-pb-border-top td_block_template_1 td-post-content tagdiv-type\" data-td-block-uid=\"tdi_71\">\n<div class=\"tdb-block-inner td-fix-index\">\n<p>Poli\u021bi\u0219tii din cadrul Inspectoratul de Poli\u021bie Jude\u021bean V\u00e2lcea, prin Biroul de Analiz\u0103 \u0219i Prevenire a Criminalit\u0103\u021bii, au desf\u0103\u0219urat, la data de 24 februarie 2026, activit\u0103\u021bi informativ-preventive la Liceul \u201ePreda Buzescu\u201d din Berbe\u0219ti, \u00een cadrul programelor dedicate siguran\u021bei elevilor. Ac\u021biunile au fost adaptate categoriilor de v\u00e2rst\u0103 \u0219i au avut ca obiectiv cre\u0219terea gradului de informare \u0219i responsabilizare a elevilor cu privire la riscurile la care pot fi expu\u0219i, at\u00e2t \u00een mediul real, c\u00e2t \u0219i \u00een cel online.<\/p>\n<p>\u00cen cadrul Proiectului \u201eTEDI \u2013 Siguran\u021b\u0103 pentru cei mici\u201d, elevii din ciclul primar au participat la sesiuni interactive privind regulile de siguran\u021b\u0103 personal\u0103, comportamentele de autoprotec\u021bie, recunoa\u0219terea situa\u021biilor periculoase \u0219i importan\u021ba solicit\u0103rii sprijinului din partea adul\u021bilor de \u00eencredere. De asemenea, poli\u021bi\u0219tii au abordat tema prevenirii dispari\u021biilor de minori, discut\u00e2nd despre riscurile plec\u0103rilor voluntare, pericolele interac\u021biunilor cu persoane necunoscute \u0219i importan\u021ba men\u021binerii unei comunic\u0103ri permanente cu familia.<\/p>\n<figure class=\"wp-block-image size-large\"><img loading=\"lazy\" decoding=\"async\" width=\"1024\" height=\"539\" src=\"https:\/\/www.gazeta-valceana.ro\/wp-content\/uploads\/2026\/02\/IPJ-Politia-Elevi-Scoala-Berbesti-1-1024x539.jpg\" alt class=\"wp-image-103447\"><\/figure>\n<p>\u00cen cadrul activit\u0103\u021bilor dedicate prevenirii pornografiei infantile, elevii de liceu au fost informa\u021bi despre riscurile distribuirii imaginilor cu caracter intim \u00een mediul online, implica\u021biile legale ale unor astfel de fapte \u0219i consecin\u021bele pe termen lung asupra vie\u021bii personale \u0219i profesionale. Totodat\u0103, \u00een contextul prevenirii consumului de droguri, au fost prezentate efectele substan\u021belor psihoactive asupra s\u0103n\u0103t\u0103\u021bii fizice \u0219i psihice, presiunile exercitate de anturaj \u0219i modalit\u0103\u021bile prin care tinerii pot evita situa\u021biile de risc.<\/p>\n<p>\u00cen cadrul Proiectului \u201eUn bloc salveaz\u0103 o via\u021b\u0103\u201d, elevii au primit informa\u021bii privind prevenirea violen\u021bei, adoptarea unui comportament responsabil \u0219i importan\u021ba implic\u0103rii civice \u00een comunitate.<\/p>\n<p>De asemenea, poli\u021bi\u0219tii au transmis elevilor recomand\u0103ri preventive, subliniind importan\u021ba protej\u0103rii siguran\u021bei \u0219i imaginii personale, a unei conduite prudente \u00een mediul online, a evit\u0103rii influen\u021belor negative \u0219i a lu\u0103rii unor decizii responsabile.<\/p>\n<p>Totodat\u0103, ace\u0219tia au fost \u00eencuraja\u021bi s\u0103 solicite sprijin atunci c\u00e2nd se confrunt\u0103 cu probleme \u0219i s\u0103 apeleze num\u0103rul unic de urgen\u021b\u0103 112 \u00een situa\u021bii care impun interven\u021bia imediat\u0103 a autorit\u0103\u021bilor.<\/p>\n<figure class=\"wp-block-image size-large\"><img loading=\"lazy\" decoding=\"async\" width=\"1024\" height=\"584\" src=\"https:\/\/www.gazeta-valceana.ro\/wp-content\/uploads\/2026\/02\/IPJ-Politia-Elevi-Scoala-Berbesti-2-1024x584.jpg\" alt class=\"wp-image-103448\"><\/figure>\n<\/div>\n<\/div>\n<p>Poli\u021bi\u0219tii din cadrul Inspectoratul de Poli\u021bie Jude\u021bean V\u00e2lcea, prin Biroul de Analiz\u0103 \u0219i Prevenire a Criminalit\u0103\u021bii, au desf\u0103\u0219urat, la data de 24 februarie 2026, activit\u0103\u021bi informativ-preventive la Liceul \u201ePreda Buzescu\u201d din Berbe\u0219ti, \u00een cadrul programelor dedicate siguran\u021bei elevilor. Ac\u021biunile au fost adaptate categoriilor de v\u00e2rst\u0103 \u0219i au avut ca obiectiv cre\u0219terea gradului de informare \u0219i responsabilizare a elevilor cu privire la riscurile la care pot fi expu\u0219i, at\u00e2t \u00een mediul real, c\u00e2t \u0219i \u00een cel online.<\/p>\n<p>\u00cen cadrul Proiectului \u201eTEDI \u2013 Siguran\u021b\u0103 pentru cei mici\u201d, elevii din ciclul primar au participat la sesiuni interactive privind regulile de siguran\u021b\u0103 personal\u0103, comportamentele de autoprotec\u021bie, recunoa\u0219terea situa\u021biilor periculoase \u0219i importan\u021ba solicit\u0103rii sprijinului din partea adul\u021bilor de \u00eencredere. De asemenea, poli\u021bi\u0219tii au abordat tema prevenirii dispari\u021biilor de minori, discut\u00e2nd despre riscurile plec\u0103rilor voluntare, pericolele interac\u021biunilor cu persoane necunoscute \u0219i importan\u021ba men\u021binerii unei comunic\u0103ri permanente cu familia.<\/p>\n<p>\u00cen cadrul activit\u0103\u021bilor dedicate prevenirii pornografiei infantile, elevii de liceu au fost informa\u021bi despre riscurile distribuirii imaginilor cu caracter intim \u00een mediul online, implica\u021biile legale ale unor astfel de fapte \u0219i consecin\u021bele pe termen lung asupra vie\u021bii personale \u0219i profesionale. Totodat\u0103, \u00een contextul prevenirii consumului de droguri, au fost prezentate efectele substan\u021belor psihoactive asupra s\u0103n\u0103t\u0103\u021bii fizice \u0219i psihice, presiunile exercitate de anturaj \u0219i modalit\u0103\u021bile prin care tinerii pot evita situa\u021biile de risc.<\/p>\n<p>\u00cen cadrul Proiectului \u201eUn bloc salveaz\u0103 o via\u021b\u0103\u201d, elevii au primit informa\u021bii privind prevenirea violen\u021bei, adoptarea unui comportament responsabil \u0219i importan\u021ba implic\u0103rii civice \u00een comunitate.<\/p>\n<p>De asemenea, poli\u021bi\u0219tii au transmis elevilor recomand\u0103ri preventive, subliniind importan\u021ba protej\u0103rii siguran\u021bei \u0219i imaginii personale, a unei conduite prudente \u00een mediul online, a evit\u0103rii influen\u021belor negative \u0219i a lu\u0103rii unor decizii responsabile.<\/p>\n<p>Totodat\u0103, ace\u0219tia au fost \u00eencuraja\u021bi s\u0103 solicite sprijin atunci c\u00e2nd se confrunt\u0103 cu probleme \u0219i s\u0103 apeleze num\u0103rul unic de urgen\u021b\u0103 112 \u00een situa\u021bii care impun interven\u021bia imediat\u0103 a autorit\u0103\u021bilor.<\/p>\n<p>[analyse_source url=&#8221;https:\/\/www.gazeta-valceana.ro\/fapt-divers\/imagini-elevii-de-la-liceul-preda-buzescu-berbesti-vizitati-de-politisti\/&#8221;]<\/p>\n","protected":false},"excerpt":{"rendered":"<p>[analyse_image type=&#8221;featured&#8221; src=&#8221;https:\/\/www.gazeta-valceana.ro\/wp-content\/uploads\/2026\/02\/IPJ-Politia-Elevi-Scoala-Berbesti-3.jpg&#8221;] IMAGINI. Elevii de la Liceul \u201ePreda Buzescu\u201d Berbe\u0219ti, vizita\u021bi de poli\u021bi\u0219ti Fapt diversI\u00cenv\u0103\u0163\u0103m\u00e2nt 27 februarie 2026 Ac\u021biune Facebook Twitter Pinterest WhatsApp Poli\u021bi\u0219tii din cadrul Inspectoratul de Poli\u021bie Jude\u021bean V\u00e2lcea, prin Biroul de Analiz\u0103 \u0219i Prevenire a Criminalit\u0103\u021bii, au desf\u0103\u0219urat, la data de 24 februarie 2026, activit\u0103\u021bi informativ-preventive la Liceul \u201ePreda Buzescu\u201d din [&hellip;]<\/p>\n","protected":false},"author":1,"featured_media":0,"comment_status":"open","ping_status":"","sticky":false,"template":"","format":"standard","meta":{"footnotes":""},"categories":[89],"tags":[226,214],"class_list":["post-1796138","post","type-post","status-publish","format-standard","hentry","category-romania","tag-crawlmanager","tag-gazetavalceana-ro"],"_links":{"self":[{"href":"https:\/\/analyse.optim.biz\/index.php?rest_route=\/wp\/v2\/posts\/1796138","targetHints":{"allow":["GET"]}}],"collection":[{"href":"https:\/\/analyse.optim.biz\/index.php?rest_route=\/wp\/v2\/posts"}],"about":[{"href":"https:\/\/analyse.optim.biz\/index.php?rest_route=\/wp\/v2\/types\/post"}],"author":[{"embeddable":true,"href":"https:\/\/analyse.optim.biz\/index.php?rest_route=\/wp\/v2\/users\/1"}],"replies":[{"embeddable":true,"href":"https:\/\/analyse.optim.biz\/index.php?rest_route=%2Fwp%2Fv2%2Fcomments&post=1796138"}],"version-history":[{"count":0,"href":"https:\/\/analyse.optim.biz\/index.php?rest_route=\/wp\/v2\/posts\/1796138\/revisions"}],"wp:attachment":[{"href":"https:\/\/analyse.optim.biz\/index.php?rest_route=%2Fwp%2Fv2%2Fmedia&parent=1796138"}],"wp:term":[{"taxonomy":"category","embeddable":true,"href":"https:\/\/analyse.optim.biz\/index.php?rest_route=%2Fwp%2Fv2%2Fcategories&post=1796138"},{"taxonomy":"post_tag","embeddable":true,"href":"https:\/\/analyse.optim.biz\/index.php?rest_route=%2Fwp%2Fv2%2Ftags&post=1796138"}],"curies":[{"name":"wp","href":"https:\/\/api.w.org\/{rel}","templated":true}]}}