{"id":1795489,"date":"2026-02-26T07:00:15","date_gmt":"2026-02-26T04:00:15","guid":{"rendered":"https:\/\/analyse.optim.biz\/?p=1795489"},"modified":"2026-02-26T07:00:15","modified_gmt":"2026-02-26T04:00:15","slug":"concertul-de-muzica-clasica-eine-zeitreise-o-calatorie-in-timp-vineri-seara-la-casa-avramide","status":"publish","type":"post","link":"https:\/\/analyse.optim.biz\/?p=1795489","title":{"rendered":"Concertul de muzic\u0103 clasic\u0103 \u201eEine Zeitreise &#8211; O c\u0103l\u0103torie \u00een timp&#8221;, vineri sear\u0103, la Casa Avramide &#8211;"},"content":{"rendered":"<p>[analyse_image type=&#8221;featured&#8221; src=&#8221;https:\/\/ziaruldelta.ro\/wp-content\/uploads\/2026\/02\/Concertul.jpg&#8221;]<\/p>\n<article id=\"post-35519\" class=\"module single-post-module post-35519 post type-post status-publish format-standard has-post-thumbnail hentry category-cultura et-has-post-format-content et_post_format-et-post-format-standard\">\n<div class=\"post-header\">\n<h1 class=\"entry-title\">Concertul de muzic\u0103 clasic\u0103 \u201eEine Zeitreise \u2013 O c\u0103l\u0103torie \u00een timp\u201d, vineri sear\u0103, la Casa Avramide<\/h1>\n<div class=\"post-meta vcard\">\n<p>Posted by <a href=\"https:\/\/ziaruldelta.ro\/author\/claudia-ionescu\/\" class=\"url fn\" title=\"Posts by Claudia Ionescu\" rel=\"author\">Claudia Ionescu<\/a> | <span class=\"updated\">Feb 26, 2026<\/span> | <a href=\"https:\/\/ziaruldelta.ro\/category\/cultura\/\" rel=\"tag\">Cultur\u0103<\/a> | <\/p>\n<\/div>\n<\/div>\n<div class=\"post-thumbnail header\"><img decoding=\"async\" src=\"https:\/\/ziaruldelta.ro\/wp-content\/uploads\/2026\/02\/Concertul.jpg\" alt=\"Concertul de muzic\u0103 clasic\u0103 \u201eEine Zeitreise \u2013 O c\u0103l\u0103torie \u00een timp\u201d, vineri sear\u0103, la Casa Avramide\"><\/div>\n<div class=\"post-wrap\">\n<div class=\"post-content entry-content\">\n<p>Violonistul Sabin Penea \u015fi pianista Alexandra Amariei, doi muzicieni tulceni cu activitate interna\u0163ional\u0103, vor sus\u0163ine vineri un concert de muzic\u0103 clasic\u0103 intitulat \u201eEine Zeitreise \u2013 O c\u0103l\u0103torie \u00een timp\u201d la Casa Avramide din municipiu. Evenimentul va \u00eencepe la ora 19.00, iar intrarea este liber\u0103 \u00een limita locurilor disponibile. Cei doi muzicieni revin acas\u0103 pentru un recital care pro-pune o c\u0103l\u0103torie sonor\u0103 de la baroc la romantism, trec\u00e2nd prin clasicismul vienez. \u00cen program se vor reg\u0103si lucr\u0103ri de G.F. H\u00e4ndel, W.A. Mozart \u015fi J. Brahms. Seara va fi prezentat\u0103 de Petru \u0162incoca, sus\u0163in\u0103tor constant al evenimentelor muzicale locale.<\/p>\n<blockquote>\n<p>\u201ePublicul este invitat nu doar s\u0103 asculte, ci s\u0103 parcurg\u0103 o veritabil\u0103 c\u0103l\u0103torie prin istoria muzicii, descoperind contextul \u015fi spiritul epocilor muzicale traversate. Concertul se \u00eenscrie \u00een aceea\u015fi direc\u0163ie a colabor\u0103rii dintre cei doi muzicieni \u015fi Liceul de Arte, ini\u0163iat\u0103 prin proiectul Delta Chamber Music Academy, platform\u0103 sus\u0163inut\u0103 de municipalitate \u015fi dedicat\u0103 form\u0103rii \u015fi sus\u0163inerii tinerilor muzicieni tulceni. V\u0103 a\u015ftept\u0103m! Evenimentul face parte din demersul constant de a aduce la Tulcea arti\u015fti forma\u0163i aici \u015fi afirma\u0163i pe scene culturale na\u0163ionale sau europene\u201d, a transmis municipalitatea.<\/p>\n<\/blockquote>\n<p>Citi\u0163i continuarea \u00een edi\u0163ia tip\u0103rit\u0103 a ziarului Delta.<\/p>\n<\/div>\n<\/div>\n<div class=\"post-footer\">\n<div class=\"social-icons ed-social-share-icons\">\n<p class=\"share-title\">Share:<\/p>\n<\/div>\n<div class=\"rating-stars\">\n<p id=\"rate-title\" class=\"rate-title\">Rate:<\/p>\n<\/div>\n<\/div>\n<\/article>\n<div class=\"post-content entry-content\">\n<p>Violonistul Sabin Penea \u015fi pianista Alexandra Amariei, doi muzicieni tulceni cu activitate interna\u0163ional\u0103, vor sus\u0163ine vineri un concert de muzic\u0103 clasic\u0103 intitulat \u201eEine Zeitreise \u2013 O c\u0103l\u0103torie \u00een timp\u201d la Casa Avramide din municipiu. Evenimentul va \u00eencepe la ora 19.00, iar intrarea este liber\u0103 \u00een limita locurilor disponibile. Cei doi muzicieni revin acas\u0103 pentru un recital care pro-pune o c\u0103l\u0103torie sonor\u0103 de la baroc la romantism, trec\u00e2nd prin clasicismul vienez. \u00cen program se vor reg\u0103si lucr\u0103ri de G.F. H\u00e4ndel, W.A. Mozart \u015fi J. Brahms. Seara va fi prezentat\u0103 de Petru \u0162incoca, sus\u0163in\u0103tor constant al evenimentelor muzicale locale.<\/p>\n<blockquote>\n<p>\u201ePublicul este invitat nu doar s\u0103 asculte, ci s\u0103 parcurg\u0103 o veritabil\u0103 c\u0103l\u0103torie prin istoria muzicii, descoperind contextul \u015fi spiritul epocilor muzicale traversate. Concertul se \u00eenscrie \u00een aceea\u015fi direc\u0163ie a colabor\u0103rii dintre cei doi muzicieni \u015fi Liceul de Arte, ini\u0163iat\u0103 prin proiectul Delta Chamber Music Academy, platform\u0103 sus\u0163inut\u0103 de municipalitate \u015fi dedicat\u0103 form\u0103rii \u015fi sus\u0163inerii tinerilor muzicieni tulceni. V\u0103 a\u015ftept\u0103m! Evenimentul face parte din demersul constant de a aduce la Tulcea arti\u015fti forma\u0163i aici \u015fi afirma\u0163i pe scene culturale na\u0163ionale sau europene\u201d, a transmis municipalitatea.<\/p>\n<\/blockquote>\n<p>Citi\u0163i continuarea \u00een edi\u0163ia tip\u0103rit\u0103 a ziarului Delta.<\/p>\n<\/div>\n<div class=\"post-content entry-content\">\n<p>Violonistul Sabin Penea \u015fi pianista Alexandra Amariei, doi muzicieni tulceni cu activitate interna\u0163ional\u0103, vor sus\u0163ine vineri un concert de muzic\u0103 clasic\u0103 intitulat \u201eEine Zeitreise \u2013 O c\u0103l\u0103torie \u00een timp\u201d la Casa Avramide din municipiu. Evenimentul va \u00eencepe la ora 19.00, iar intrarea este liber\u0103 \u00een limita locurilor disponibile. Cei doi muzicieni revin acas\u0103 pentru un recital care pro-pune o c\u0103l\u0103torie sonor\u0103 de la baroc la romantism, trec\u00e2nd prin clasicismul vienez. \u00cen program se vor reg\u0103si lucr\u0103ri de G.F. H\u00e4ndel, W.A. Mozart \u015fi J. Brahms. Seara va fi prezentat\u0103 de Petru \u0162incoca, sus\u0163in\u0103tor constant al evenimentelor muzicale locale.<\/p>\n<blockquote>\n<p>\u201ePublicul este invitat nu doar s\u0103 asculte, ci s\u0103 parcurg\u0103 o veritabil\u0103 c\u0103l\u0103torie prin istoria muzicii, descoperind contextul \u015fi spiritul epocilor muzicale traversate. Concertul se \u00eenscrie \u00een aceea\u015fi direc\u0163ie a colabor\u0103rii dintre cei doi muzicieni \u015fi Liceul de Arte, ini\u0163iat\u0103 prin proiectul Delta Chamber Music Academy, platform\u0103 sus\u0163inut\u0103 de municipalitate \u015fi dedicat\u0103 form\u0103rii \u015fi sus\u0163inerii tinerilor muzicieni tulceni. V\u0103 a\u015ftept\u0103m! Evenimentul face parte din demersul constant de a aduce la Tulcea arti\u015fti forma\u0163i aici \u015fi afirma\u0163i pe scene culturale na\u0163ionale sau europene\u201d, a transmis municipalitatea.<\/p>\n<\/blockquote>\n<p>Citi\u0163i continuarea \u00een edi\u0163ia tip\u0103rit\u0103 a ziarului Delta.<\/p>\n<\/div>\n<p>[analyse_source url=&#8221;https:\/\/ziaruldelta.ro\/2026\/02\/26\/concertul-de-muzica-clasica-eine-zeitreise-o-calatorie-in-timp-vineri-seara-la-casa-avramide\/&#8221;]<\/p>\n","protected":false},"excerpt":{"rendered":"<p>[analyse_image type=&#8221;featured&#8221; src=&#8221;https:\/\/ziaruldelta.ro\/wp-content\/uploads\/2026\/02\/Concertul.jpg&#8221;] Concertul de muzic\u0103 clasic\u0103 \u201eEine Zeitreise \u2013 O c\u0103l\u0103torie \u00een timp\u201d, vineri sear\u0103, la Casa Avramide Posted by Claudia Ionescu | Feb 26, 2026 | Cultur\u0103 | Violonistul Sabin Penea \u015fi pianista Alexandra Amariei, doi muzicieni tulceni cu activitate interna\u0163ional\u0103, vor sus\u0163ine vineri un concert de muzic\u0103 clasic\u0103 intitulat \u201eEine Zeitreise \u2013 [&hellip;]<\/p>\n","protected":false},"author":1,"featured_media":0,"comment_status":"open","ping_status":"","sticky":false,"template":"","format":"standard","meta":{"footnotes":""},"categories":[89],"tags":[226,206],"class_list":["post-1795489","post","type-post","status-publish","format-standard","hentry","category-romania","tag-crawlmanager","tag-ziaruldelta-ro"],"_links":{"self":[{"href":"https:\/\/analyse.optim.biz\/index.php?rest_route=\/wp\/v2\/posts\/1795489","targetHints":{"allow":["GET"]}}],"collection":[{"href":"https:\/\/analyse.optim.biz\/index.php?rest_route=\/wp\/v2\/posts"}],"about":[{"href":"https:\/\/analyse.optim.biz\/index.php?rest_route=\/wp\/v2\/types\/post"}],"author":[{"embeddable":true,"href":"https:\/\/analyse.optim.biz\/index.php?rest_route=\/wp\/v2\/users\/1"}],"replies":[{"embeddable":true,"href":"https:\/\/analyse.optim.biz\/index.php?rest_route=%2Fwp%2Fv2%2Fcomments&post=1795489"}],"version-history":[{"count":0,"href":"https:\/\/analyse.optim.biz\/index.php?rest_route=\/wp\/v2\/posts\/1795489\/revisions"}],"wp:attachment":[{"href":"https:\/\/analyse.optim.biz\/index.php?rest_route=%2Fwp%2Fv2%2Fmedia&parent=1795489"}],"wp:term":[{"taxonomy":"category","embeddable":true,"href":"https:\/\/analyse.optim.biz\/index.php?rest_route=%2Fwp%2Fv2%2Fcategories&post=1795489"},{"taxonomy":"post_tag","embeddable":true,"href":"https:\/\/analyse.optim.biz\/index.php?rest_route=%2Fwp%2Fv2%2Ftags&post=1795489"}],"curies":[{"name":"wp","href":"https:\/\/api.w.org\/{rel}","templated":true}]}}