{"id":1795469,"date":"2026-02-26T16:35:18","date_gmt":"2026-02-26T13:35:18","guid":{"rendered":"https:\/\/analyse.optim.biz\/?p=1795469"},"modified":"2026-02-26T16:35:18","modified_gmt":"2026-02-26T13:35:18","slug":"finantari-europene-pentru-agricultura-si-mediul-rural-seminar-de-informare-organizat-de-ccia-timis-foto-video","status":"publish","type":"post","link":"https:\/\/analyse.optim.biz\/?p=1795469","title":{"rendered":"Finan\u021b\u0103ri europene pentru agricultur\u0103 \u0219i mediul rural, seminar de informare organizat de CCIA Timi\u0219 \/ FOTO-VIDEO"},"content":{"rendered":"<p>[analyse_image type=&#8221;featured&#8221; src=&#8221;https:\/\/www.banatulazi.ro\/wp-content\/uploads\/2026\/02\/afir-cciat-22.jpg&#8221;]<\/p>\n<div class=\"td_block_wrap tdb_single_content tdi_64 td-pb-border-top td_block_template_1 td-post-content tagdiv-type\" data-td-block-uid=\"tdi_64\">\n<div class=\"tdb-block-inner td-fix-index\">\n<p><strong>Camera de Comer\u021b, Industrie \u0219i Agricultur\u0103 Timi\u0219, \u00een calitate de partener al Enterprise Europe Network, \u00een colaborare cu Centrul Regional pentru Finan\u021barea Investi\u021biilor Rurale 5 Vest \u0219i Oficiul Jude\u021bean pentru Finan\u021barea Investi\u021biilor Rurale Timi\u0219, a organizat joi, 26 februarie, un nou seminar de informare cu tema:<\/strong><\/p>\n<p><em><strong>\u201eOportunit\u0103\u021bi de finan\u021bare prin Planul Strategic PAC 2023\u20132027\u201d<\/strong><\/em><\/p>\n<div class=\"youtube-embed\" data-video_id=\"GfKogzO0YoM\"><iframe loading=\"lazy\" title=\"Oportunit\u0103\u021bi de finan\u021bare \u00een cadrul Planului Strategic PAC 2023 - 2027\" width=\"696\" height=\"392\" src=\"https:\/\/www.youtube.com\/embed\/GfKogzO0YoM?feature=oembed&amp;enablejsapi=1\" frameborder allow=\"accelerometer; autoplay; clipboard-write; encrypted-media; gyroscope; picture-in-picture; web-share\" referrerpolicy=\"strict-origin-when-cross-origin\" allowfullscreen><\/iframe><\/div>\n<p>Seminarul s-a adresat fermierilor, investitorilor \u0219i reprezentan\u021bilor autorit\u0103\u021bilor publice locale interesa\u021bi de accesarea fondurilor europene destinate agriculturii \u0219i dezvolt\u0103rii rurale. Se \u0219tie c\u0103 \u00een agricultura rom\u00e2neasc\u0103 este o nevoie permanent\u0103 de mijloace financiare pentru noi investi\u021bii \u00een cele mai variate domenii adiacente dar \u0219i pentru a relua ciclurile de produc\u021bie.<\/p>\n<p>Planul Strategic PAC 2023-2027 include 89 de tipuri de interven\u021bii prin care fermierii pot accesa fonduri europene pentru agricultur\u0103 \u0219i dezvoltare rural\u0103, cu un buget alocat de 15,8 miliarde euro.<\/p>\n<p>Temele principale ale prezent\u0103rilor:<br \/>\n\uf0a7 Interven\u021biile prev\u0103zute \u00een Planul Strategic PAC 2023\u20132027 \u0219i sesiunile de depunere a cererilor aferente anului 2026 (Pilonul II), inclusiv: DR-12 \u2013 Investi\u021bii pentru consolidarea exploata\u021biilor tinerilor fermieri \u0219i ale fermierilor recent instala\u021bi; DR-14 \u2013 Investi\u021bii \u00een fermele de dimensiuni mici<br \/>\n\uf0a7 De la idee la proiect: cerin\u021bele finan\u021batorului, beneficiari eligibili, activit\u0103\u021bi eligibile, condi\u021bii de eligibilitate, criterii de selec\u021bie.<\/p>\n<div id=\"tdi_65\" class=\"td-gallery td-slide-on-2-columns\">\n<div class=\"post_td_gallery\">\n<div class=\"td-gallery-slide-top\">\n<div class=\"td-gallery-controls-wrapper\">\n<div class=\"td-gallery-slide-count\"><span class=\"td-gallery-slide-item-focus\">1<\/span> de 7<\/div>\n<\/div>\n<\/div>\n<div class=\"td-doubleSlider-1 \">\n<div class=\"td-slider\">\n<div class=\"td-slide-item td-item1\">\n<figure class=\"td-slide-galery-figure td-slide-popup-gallery\"><a class=\"slide-gallery-image-link\" href=\"https:\/\/www.banatulazi.ro\/wp-content\/uploads\/2026\/02\/afir-cciat-31.jpg\" title=\"afir cciat (31)\" data-caption data-description><img decoding=\"async\" src=\"https:\/\/www.banatulazi.ro\/wp-content\/uploads\/2026\/02\/afir-cciat-31-630x420.jpg\" alt><\/a><\/figure>\n<\/div>\n<div class=\"td-slide-item td-item2\">\n<figure class=\"td-slide-galery-figure td-slide-popup-gallery\"><a class=\"slide-gallery-image-link\" href=\"https:\/\/www.banatulazi.ro\/wp-content\/uploads\/2026\/02\/afir-cciat-24.jpg\" title=\"afir cciat (24)\" data-caption data-description><img decoding=\"async\" src=\"https:\/\/www.banatulazi.ro\/wp-content\/uploads\/2026\/02\/afir-cciat-24-630x420.jpg\" alt><\/a><\/figure>\n<\/div>\n<div class=\"td-slide-item td-item3\">\n<figure class=\"td-slide-galery-figure td-slide-popup-gallery\"><a class=\"slide-gallery-image-link\" href=\"https:\/\/www.banatulazi.ro\/wp-content\/uploads\/2026\/02\/afir-cciat-22.jpg\" title=\"afir cciat (22)\" data-caption data-description><img decoding=\"async\" src=\"https:\/\/www.banatulazi.ro\/wp-content\/uploads\/2026\/02\/afir-cciat-22-630x420.jpg\" alt><\/a><\/figure>\n<\/div>\n<div class=\"td-slide-item td-item4\">\n<figure class=\"td-slide-galery-figure td-slide-popup-gallery\"><a class=\"slide-gallery-image-link\" href=\"https:\/\/www.banatulazi.ro\/wp-content\/uploads\/2026\/02\/afir-cciat-16.jpg\" title=\"afir cciat (16)\" data-caption data-description><img decoding=\"async\" src=\"https:\/\/www.banatulazi.ro\/wp-content\/uploads\/2026\/02\/afir-cciat-16-630x420.jpg\" alt><\/a><\/figure>\n<\/div>\n<div class=\"td-slide-item td-item5\">\n<figure class=\"td-slide-galery-figure td-slide-popup-gallery\"><a class=\"slide-gallery-image-link\" href=\"https:\/\/www.banatulazi.ro\/wp-content\/uploads\/2026\/02\/afir-cciat-9.jpg\" title=\"afir cciat (9)\" data-caption data-description><img decoding=\"async\" src=\"https:\/\/www.banatulazi.ro\/wp-content\/uploads\/2026\/02\/afir-cciat-9-630x420.jpg\" alt><\/a><\/figure>\n<\/div>\n<div class=\"td-slide-item td-item6\">\n<figure class=\"td-slide-galery-figure td-slide-popup-gallery\"><a class=\"slide-gallery-image-link\" href=\"https:\/\/www.banatulazi.ro\/wp-content\/uploads\/2026\/02\/afir-cciat-5.jpg\" title=\"afir cciat (5)\" data-caption data-description><img decoding=\"async\" src=\"https:\/\/www.banatulazi.ro\/wp-content\/uploads\/2026\/02\/afir-cciat-5-630x420.jpg\" alt><\/a><\/figure>\n<\/div>\n<div class=\"td-slide-item td-item7\">\n<figure class=\"td-slide-galery-figure td-slide-popup-gallery\"><a class=\"slide-gallery-image-link\" href=\"https:\/\/www.banatulazi.ro\/wp-content\/uploads\/2026\/02\/afir-cciat-1.jpg\" title=\"afir cciat (1)\" data-caption data-description><img decoding=\"async\" src=\"https:\/\/www.banatulazi.ro\/wp-content\/uploads\/2026\/02\/afir-cciat-1-630x420.jpg\" alt><\/a><\/figure>\n<\/div>\n<\/div>\n<\/div>\n<\/div>\n<\/div>\n<p>Prezent\u0103rile au fost sus\u021binute de Gheorghe Nan, \u0218ef Serviciu Active Fizice \u0219i Pl\u0103\u021bi Directe.<br \/>\nAu participat peste 40 de reprezentan\u021bi ai firmelor implicate \u00een agricultura regiunii de vest.<\/p>\n<p>A mai vorbit despre implicarea \u00een finan\u021barea agriculturii \u0219i pre\u0219edintele CCIAT, Florica Chiri\u021b\u0103. Directorul general adjunct Iulian Buc\u0103taru a prezentat \u0219ui un succint bilan\u021b al realiz\u0103rilor de p\u00e2n\u0103 acum ale Agen\u0163iei pentru Finan\u021barea Investi\u021biilor Rurale (AFIR) dar \u0219i despre perspectivele de finan\u021bare de viitor.<br \/>\nDan-Ion Sarme\u0219 director la Agentia Pentru Finantarea Investitiilor Ruralea mai ad\u0103ugat date despre situa\u021bia agriculturii specifice jude\u021bului Timi\u0219.<br \/>\nSeminarul a avut un caracter deschis de \u00eentreb\u0103ri \u0219i r\u0103spunsuri punctuale la chestiuni concrete locale specifice fiec\u0103rei ferme agricole \u00een parte.<\/p>\n<\/div>\n<\/div>\n<p>[analyse_source url=&#8221;https:\/\/www.banatulazi.ro\/finantari-europene-pentru-agricultura-si-mediul-rural-seminar-de-informare-organizat-de-ccia-timis-foto-video\/&#8221;]<\/p>\n","protected":false},"excerpt":{"rendered":"<p>[analyse_image type=&#8221;featured&#8221; src=&#8221;https:\/\/www.banatulazi.ro\/wp-content\/uploads\/2026\/02\/afir-cciat-22.jpg&#8221;] Camera de Comer\u021b, Industrie \u0219i Agricultur\u0103 Timi\u0219, \u00een calitate de partener al Enterprise Europe Network, \u00een colaborare cu Centrul Regional pentru Finan\u021barea Investi\u021biilor Rurale 5 Vest \u0219i Oficiul Jude\u021bean pentru Finan\u021barea Investi\u021biilor Rurale Timi\u0219, a organizat joi, 26 februarie, un nou seminar de informare cu tema: \u201eOportunit\u0103\u021bi de finan\u021bare prin Planul Strategic [&hellip;]<\/p>\n","protected":false},"author":1,"featured_media":0,"comment_status":"open","ping_status":"","sticky":false,"template":"","format":"standard","meta":{"footnotes":""},"categories":[89],"tags":[185,226],"class_list":["post-1795469","post","type-post","status-publish","format-standard","hentry","category-romania","tag-banatulazi-ro","tag-crawlmanager"],"_links":{"self":[{"href":"https:\/\/analyse.optim.biz\/index.php?rest_route=\/wp\/v2\/posts\/1795469","targetHints":{"allow":["GET"]}}],"collection":[{"href":"https:\/\/analyse.optim.biz\/index.php?rest_route=\/wp\/v2\/posts"}],"about":[{"href":"https:\/\/analyse.optim.biz\/index.php?rest_route=\/wp\/v2\/types\/post"}],"author":[{"embeddable":true,"href":"https:\/\/analyse.optim.biz\/index.php?rest_route=\/wp\/v2\/users\/1"}],"replies":[{"embeddable":true,"href":"https:\/\/analyse.optim.biz\/index.php?rest_route=%2Fwp%2Fv2%2Fcomments&post=1795469"}],"version-history":[{"count":0,"href":"https:\/\/analyse.optim.biz\/index.php?rest_route=\/wp\/v2\/posts\/1795469\/revisions"}],"wp:attachment":[{"href":"https:\/\/analyse.optim.biz\/index.php?rest_route=%2Fwp%2Fv2%2Fmedia&parent=1795469"}],"wp:term":[{"taxonomy":"category","embeddable":true,"href":"https:\/\/analyse.optim.biz\/index.php?rest_route=%2Fwp%2Fv2%2Fcategories&post=1795469"},{"taxonomy":"post_tag","embeddable":true,"href":"https:\/\/analyse.optim.biz\/index.php?rest_route=%2Fwp%2Fv2%2Ftags&post=1795469"}],"curies":[{"name":"wp","href":"https:\/\/api.w.org\/{rel}","templated":true}]}}