{"id":1795362,"date":"2026-02-25T20:15:15","date_gmt":"2026-02-25T17:15:15","guid":{"rendered":"https:\/\/analyse.optim.biz\/?p=1795362"},"modified":"2026-02-25T20:15:15","modified_gmt":"2026-02-25T17:15:15","slug":"14-soiuri-omologate-in-2025-in-patrimoniul-national","status":"publish","type":"post","link":"https:\/\/analyse.optim.biz\/?p=1795362","title":{"rendered":"14 soiuri omologate \u00een 2025, \u00een patrimoniul na\u0163ional"},"content":{"rendered":"<p>[analyse_image type=&#8221;featured&#8221; src=&#8221;https:\/\/www.tvbuzau.ro\/wp-content\/uploads\/2026\/02\/sddefault-38.jpghttps:\/\/www.tvbuzau.ro\/wp-content\/uploads\/2026\/02\/sddefault-38.jpg&#8221;]<\/p>\n<div class=\"td-ss-main-content\">\n<article id=\"post-118148\" class=\"post-118148 post type-post status-publish format-video has-post-thumbnail hentry category-actualitate post_format-post-format-video\">\n<div class=\"td-post-header\">\n<ul class=\"td-category\">\n<li class=\"entry-category\"><a href=\"https:\/\/www.tvbuzau.ro\/category\/actualitate\/\">Actualitate<\/a><\/li>\n<\/ul>\n<header class=\"td-post-title\">\n<h1 class=\"entry-title\">14 soiuri omologate \u00een 2025, \u00een patrimoniul na\u0163ional<\/h1>\n<div class=\"td-module-meta-info\">\n<div class=\"td-post-author-name\">De c\u0103tre <a href=\"https:\/\/www.tvbuzau.ro\/author\/mihai-vasilescu\/\">TV Buz\u0103u<\/a> &#8211; <\/div>\n<p><span class=\"td-post-date\"><time class=\"entry-date updated td-module-date\" datetime=\"2026-02-25T20:15:15+00:00\">februarie 25, 2026<\/time><\/span><\/p>\n<div class=\"td-post-comments\"><a href=\"https:\/\/www.tvbuzau.ro\/14-soiuri-omologate-in-2025-in-patrimoniul-national\/#respond\">0<\/a><\/div>\n<div class=\"td-post-views\"><span class=\"td-nr-views-118148\">9<\/span><\/div>\n<\/div>\n<\/header>\n<\/div>\n<div class=\"td-post-sharing td-post-sharing-top td-with-like\">\n<div class=\"td-default-sharing\"><a class=\"td-social-sharing-buttons td-social-facebook\" href=\"http:\/\/www.facebook.com\/sharer.php?u=https%3A%2F%2Fwww.tvbuzau.ro%2F14-soiuri-omologate-in-2025-in-patrimoniul-national%2F\"><\/p>\n<div class=\"td-social-but-text\">Distribui\u021bi pe Facebook<\/div>\n<p><\/a><a class=\"td-social-sharing-buttons td-social-twitter\" href=\"https:\/\/twitter.com\/intent\/tweet?text=14+soiuri+omologate+%C3%AEn+2025%2C+%C3%AEn+patrimoniul+na%C5%A3ional&amp;url=https%3A%2F%2Fwww.tvbuzau.ro%2F14-soiuri-omologate-in-2025-in-patrimoniul-national%2F&amp;via=TV+Buz%C4%83u\"><\/p>\n<div class=\"td-social-but-text\">Distribui\u021bi pe Twitter<\/div>\n<p><\/a><\/div>\n<div class=\"td-classic-sharing\">\n<ul>\n<li class=\"td-classic-facebook\"><iframe frameborder src=\"https:\/\/www.facebook.com\/plugins\/like.php?href=https:\/\/www.tvbuzau.ro\/14-soiuri-omologate-in-2025-in-patrimoniul-national\/&amp;layout=button_count&amp;show_faces=false&amp;width=105&amp;action=like&amp;colorscheme=light&amp;height=21\"><\/iframe><\/li>\n<li class=\"td-classic-twitter\"><a href=\"https:\/\/twitter.com\/share\" class=\"twitter-share-button\" data-url=\"https:\/\/www.tvbuzau.ro\/14-soiuri-omologate-in-2025-in-patrimoniul-national\/\" data-text=\"14 soiuri omologate \u00een 2025, \u00een patrimoniul na\u0163ional\" data-via data-lang=\"en\">tweet<\/a><\/li>\n<\/ul>\n<\/div>\n<\/div>\n<div class=\"td-post-content\">\n<div class=\"td-featured-image-rec\">\n<div class=\"wpb_video_wrapper\">\n                    <iframe loading=\"lazy\" id=\"td_youtube_player\" width=\"600\" height=\"560\" src=\"https:\/\/www.youtube.com\/embed\/rrUpijzMj9c?enablejsapi=1&amp;feature=oembed&amp;wmode=opaque&amp;vq=hd720\" frameborder allowfullscreen><\/iframe><\/p><\/div>\n<\/div>\n<p>Alte 26 sunt \u00een curs de omolare \u00een 2026<br \/>\nBanca de Resurse Genetice Vegetale Buz\u0103u are biobancate p\u00e2n\u0103 \u00een prezent peste 20.000 de soiuri de plante legumicole, floricole, aromatice \u015fi medicinale care se afl\u0103 \u00een diverse stadii de ameliorare. \u00een urma evalu\u0103rii resurselor depozitate privind procentul de germinare. \u00cen anul 2025 BRGV Buz\u0103u a ob\u0163inut un num\u0103r de 14 certificate de omologare pentru speciile care au \u00eencheiat perioada de testare fiind  \u00een curs de brevetare. Totodat\u0103 alte 26 de soiuri sunt \u00een curs de omologare.<br \/>\nPrintre soiurile omologate anul precedent se num\u0103r\u0103 busuiocul ro\u015fu S\u0103v\u00e2r\u015fin, tomatele negre tip cherry, ceapa aurie Bot de vulpe, varza Licuri\u015fca sau topinamburul roz cafeniu Penteleu.<br \/>\nInstitu\u0163ia de cercetare a acordat o aten\u0163ie deosebit\u0103 activit\u0103\u0163ii de aclimatizare de noi specii care nu au mai fost cultivate p\u00e2n\u0103 acum \u00een Rom\u00e2nia. Tematica de cercetare pentru acest domeniu de activitate vizeaz\u0103 p\u00e2n\u0103 \u00een prezent peste 200 de specii care se afl\u0103 \u00een diverse stadii de aclimatizare \u015fi ameliorare. De remarcat c\u0103 speciali\u015ftii BRGV Buz\u0103u au reu\u015fit s\u0103 aclimatizeze \u015fi s\u0103 breveteze peste 20 de specii noi care se reg\u0103sesc \u00een cultur\u0103 \u015fi sunt \u00eenscrise \u00een Catalogul National \u015fi \u00een cel European al Plantelor de Cultur\u0103.<\/p>\n<div class=\"post-views post-118148 entry-meta\"><span class=\"post-views-label\">Post Views: <\/span><span class=\"post-views-count\">152<\/span><\/div>\n<\/div>\n<footer>\n<div class=\"td-post-sharing td-post-sharing-bottom td-with-like\"><span class=\"td-post-share-title\">DISTRIBUI\u021aI<\/span><\/p>\n<div class=\"td-default-sharing\"><a class=\"td-social-sharing-buttons td-social-facebook\" href=\"http:\/\/www.facebook.com\/sharer.php?u=https%3A%2F%2Fwww.tvbuzau.ro%2F14-soiuri-omologate-in-2025-in-patrimoniul-national%2F\"><\/p>\n<div class=\"td-social-but-text\">Facebook<\/div>\n<p><\/a><a class=\"td-social-sharing-buttons td-social-twitter\" href=\"https:\/\/twitter.com\/intent\/tweet?text=14+soiuri+omologate+%C3%AEn+2025%2C+%C3%AEn+patrimoniul+na%C5%A3ional&amp;url=https%3A%2F%2Fwww.tvbuzau.ro%2F14-soiuri-omologate-in-2025-in-patrimoniul-national%2F&amp;via=TV+Buz%C4%83u\"><\/p>\n<div class=\"td-social-but-text\">Twitter<\/div>\n<p><\/a><\/div>\n<div class=\"td-classic-sharing\">\n<ul>\n<li class=\"td-classic-facebook\"><iframe frameborder src=\"https:\/\/www.facebook.com\/plugins\/like.php?href=https:\/\/www.tvbuzau.ro\/14-soiuri-omologate-in-2025-in-patrimoniul-national\/&amp;layout=button_count&amp;show_faces=false&amp;width=105&amp;action=like&amp;colorscheme=light&amp;height=21\"><\/iframe><\/li>\n<li class=\"td-classic-twitter\"><a href=\"https:\/\/twitter.com\/share\" class=\"twitter-share-button\" data-url=\"https:\/\/www.tvbuzau.ro\/14-soiuri-omologate-in-2025-in-patrimoniul-national\/\" data-text=\"14 soiuri omologate \u00een 2025, \u00een patrimoniul na\u0163ional\" data-via data-lang=\"en\">tweet<\/a><\/li>\n<\/ul>\n<\/div>\n<\/div>\n<div class=\"td-author-name vcard author\"><span class=\"fn\"><a href=\"https:\/\/www.tvbuzau.ro\/author\/mihai-vasilescu\/\">TV Buz\u0103u<\/a><\/span><\/div>\n<p><span><\/span><span><span><\/span><\/span><span><\/span><\/footer>\n<\/article>\n<div class=\"td_block_wrap td_block_related_posts td_uid_1_69a0be76cc4ad_rand td_with_ajax_pagination td-pb-border-top\" data-td-block-uid=\"td_uid_1_69a0be76cc4ad\">\n<h4 class=\"td-related-title\"><a id=\"td_uid_2_69a0be76d181f\" class=\"td-related-left td-cur-simple-item\" data-td_filter_value data-td_block_id=\"td_uid_1_69a0be76cc4ad\" href=\"https:\/\/www.tvbuzau.ro\/14-soiuri-omologate-in-2025-in-patrimoniul-national\/\">ARTICOLE SIMILARE<\/a><a id=\"td_uid_3_69a0be76d185b\" class=\"td-related-right\" data-td_filter_value=\"td_related_more_from_author\" data-td_block_id=\"td_uid_1_69a0be76cc4ad\" href=\"https:\/\/www.tvbuzau.ro\/14-soiuri-omologate-in-2025-in-patrimoniul-national\/\">DE LA ACELA\u0218I AUTOR<\/a><\/h4>\n<div id=\"td_uid_1_69a0be76cc4ad\" class=\"td_block_inner\">\n<div class=\"td-related-row\">\n<div class=\"td-related-span4\">\n<div class=\"td_module_related_posts td-animation-stack td_mod_related_posts\">\n<div class=\"td-module-image\">\n<div class=\"td-module-thumb\"><a href=\"https:\/\/www.tvbuzau.ro\/marcel-ciolacu-intalnire-cu-constantin-toma\/\" rel=\"bookmark\" title=\"Marcel Ciolacu \u00eent\u00e2lnire cu Constantin Toma\"><img loading=\"lazy\" decoding=\"async\" width=\"218\" height=\"150\" class=\"entry-thumb\" src=\"https:\/\/www.tvbuzau.ro\/wp-content\/uploads\/2026\/02\/hqdefault-37-218x150.jpg\" alt title=\"Marcel Ciolacu \u00eent\u00e2lnire cu Constantin Toma\"><span class=\"td-video-play-ico\"><img loading=\"lazy\" decoding=\"async\" width=\"40\" height=\"40\" class=\"td-retina\" src=\"https:\/\/www.tvbuzau.ro\/wp-content\/themes\/Newspaper\/images\/icons\/ico-video-large.png\" alt=\"video\"><\/span><\/a><\/div>\n<p><a href=\"https:\/\/www.tvbuzau.ro\/category\/actualitate\/\" class=\"td-post-category\">Actualitate<\/a><\/div>\n<div class=\"item-details\">\n<h3 class=\"entry-title td-module-title\"><a href=\"https:\/\/www.tvbuzau.ro\/marcel-ciolacu-intalnire-cu-constantin-toma\/\" rel=\"bookmark\" title=\"Marcel Ciolacu \u00eent\u00e2lnire cu Constantin Toma\">Marcel Ciolacu \u00eent\u00e2lnire cu Constantin Toma<\/a><\/h3>\n<\/div>\n<\/div>\n<\/div>\n<div class=\"td-related-span4\">\n<div class=\"td_module_related_posts td-animation-stack td_mod_related_posts\">\n<div class=\"td-module-image\">\n<div class=\"td-module-thumb\"><a href=\"https:\/\/www.tvbuzau.ro\/aproape-30-dintre-masinile-verificate-in-buzau-de-rar-cu-probleme\/\" rel=\"bookmark\" title=\"Aproape 30% dintre ma\u015finile verificate \u00een Buz\u0103u de RAR, cu probleme\"><img loading=\"lazy\" decoding=\"async\" width=\"218\" height=\"150\" class=\"entry-thumb\" src=\"https:\/\/www.tvbuzau.ro\/wp-content\/uploads\/2026\/02\/sddefault-43-218x150.jpg\" alt title=\"Aproape 30% dintre ma\u015finile verificate \u00een Buz\u0103u de RAR, cu probleme\"><span class=\"td-video-play-ico\"><img loading=\"lazy\" decoding=\"async\" width=\"40\" height=\"40\" class=\"td-retina\" src=\"https:\/\/www.tvbuzau.ro\/wp-content\/themes\/Newspaper\/images\/icons\/ico-video-large.png\" alt=\"video\"><\/span><\/a><\/div>\n<p><a href=\"https:\/\/www.tvbuzau.ro\/category\/actualitate\/\" class=\"td-post-category\">Actualitate<\/a><\/div>\n<div class=\"item-details\">\n<h3 class=\"entry-title td-module-title\"><a href=\"https:\/\/www.tvbuzau.ro\/aproape-30-dintre-masinile-verificate-in-buzau-de-rar-cu-probleme\/\" rel=\"bookmark\" title=\"Aproape 30% dintre ma\u015finile verificate \u00een Buz\u0103u de RAR, cu probleme\">Aproape 30% dintre ma\u015finile verificate \u00een Buz\u0103u de RAR, cu probleme<\/a><\/h3>\n<\/div>\n<\/div>\n<\/div>\n<div class=\"td-related-span4\">\n<div class=\"td_module_related_posts td-animation-stack td_mod_related_posts\">\n<div class=\"td-module-image\">\n<div class=\"td-module-thumb\"><a href=\"https:\/\/www.tvbuzau.ro\/amenzi-in-valoare-de-2-milioane-lei-aplicate-de-isu-in-anul-2025\/\" rel=\"bookmark\" title=\"Amenzi \u00een valoare de 2 milioane lei aplicate de ISU \u00een anul 2025\"><img loading=\"lazy\" decoding=\"async\" width=\"218\" height=\"150\" class=\"entry-thumb\" src=\"https:\/\/www.tvbuzau.ro\/wp-content\/uploads\/2026\/02\/sddefault-42-218x150.jpg\" alt title=\"Amenzi \u00een valoare de 2 milioane lei aplicate de ISU \u00een anul 2025\"><span class=\"td-video-play-ico\"><img loading=\"lazy\" decoding=\"async\" width=\"40\" height=\"40\" class=\"td-retina\" src=\"https:\/\/www.tvbuzau.ro\/wp-content\/themes\/Newspaper\/images\/icons\/ico-video-large.png\" alt=\"video\"><\/span><\/a><\/div>\n<p><a href=\"https:\/\/www.tvbuzau.ro\/category\/actualitate\/\" class=\"td-post-category\">Actualitate<\/a><\/div>\n<div class=\"item-details\">\n<h3 class=\"entry-title td-module-title\"><a href=\"https:\/\/www.tvbuzau.ro\/amenzi-in-valoare-de-2-milioane-lei-aplicate-de-isu-in-anul-2025\/\" rel=\"bookmark\" title=\"Amenzi \u00een valoare de 2 milioane lei aplicate de ISU \u00een anul 2025\">Amenzi \u00een valoare de 2 milioane lei aplicate de ISU \u00een anul 2025<\/a><\/h3>\n<\/div>\n<\/div>\n<\/div>\n<\/div>\n<div class=\"td-related-row\">\n<div class=\"td-related-span4\">\n<div class=\"td_module_related_posts td-animation-stack td_mod_related_posts\">\n<div class=\"td-module-image\">\n<div class=\"td-module-thumb\"><a href=\"https:\/\/www.tvbuzau.ro\/file-de-pangasius-congelat-retrase-de-la-comercializare\/\" rel=\"bookmark\" title=\"File de pangasius congelat retrase de la comercializare\"><img loading=\"lazy\" decoding=\"async\" width=\"218\" height=\"150\" class=\"entry-thumb\" src=\"https:\/\/www.tvbuzau.ro\/wp-content\/uploads\/2026\/02\/maxresdefault-3-218x150.jpg\" alt title=\"File de pangasius congelat retrase de la comercializare\"><span class=\"td-video-play-ico\"><img loading=\"lazy\" decoding=\"async\" width=\"40\" height=\"40\" class=\"td-retina\" src=\"https:\/\/www.tvbuzau.ro\/wp-content\/themes\/Newspaper\/images\/icons\/ico-video-large.png\" alt=\"video\"><\/span><\/a><\/div>\n<p><a href=\"https:\/\/www.tvbuzau.ro\/category\/actualitate\/\" class=\"td-post-category\">Actualitate<\/a><\/div>\n<div class=\"item-details\">\n<h3 class=\"entry-title td-module-title\"><a href=\"https:\/\/www.tvbuzau.ro\/file-de-pangasius-congelat-retrase-de-la-comercializare\/\" rel=\"bookmark\" title=\"File de pangasius congelat retrase de la comercializare\">File de pangasius congelat retrase de la comercializare<\/a><\/h3>\n<\/div>\n<\/div>\n<\/div>\n<div class=\"td-related-span4\">\n<div class=\"td_module_related_posts td-animation-stack td_mod_related_posts\">\n<div class=\"td-module-image\">\n<div class=\"td-module-thumb\"><a href=\"https:\/\/www.tvbuzau.ro\/peste-3-000-de-someri-nu-au-avut-niciodata-un-loc-de-munca\/\" rel=\"bookmark\" title=\"Peste 3.000 de \u015fomeri nu au avut niciodat\u0103 un loc de munc\u0103\"><img loading=\"lazy\" decoding=\"async\" width=\"218\" height=\"150\" class=\"entry-thumb\" src=\"https:\/\/www.tvbuzau.ro\/wp-content\/uploads\/2026\/02\/hqdefault-36-218x150.jpg\" alt title=\"Peste 3.000 de \u015fomeri nu au avut niciodat\u0103 un loc de munc\u0103\"><span class=\"td-video-play-ico\"><img loading=\"lazy\" decoding=\"async\" width=\"40\" height=\"40\" class=\"td-retina\" src=\"https:\/\/www.tvbuzau.ro\/wp-content\/themes\/Newspaper\/images\/icons\/ico-video-large.png\" alt=\"video\"><\/span><\/a><\/div>\n<p><a href=\"https:\/\/www.tvbuzau.ro\/category\/actualitate\/\" class=\"td-post-category\">Actualitate<\/a><\/div>\n<div class=\"item-details\">\n<h3 class=\"entry-title td-module-title\"><a href=\"https:\/\/www.tvbuzau.ro\/peste-3-000-de-someri-nu-au-avut-niciodata-un-loc-de-munca\/\" rel=\"bookmark\" title=\"Peste 3.000 de \u015fomeri nu au avut niciodat\u0103 un loc de munc\u0103\">Peste 3.000 de \u015fomeri nu au avut niciodat\u0103 un loc de munc\u0103<\/a><\/h3>\n<\/div>\n<\/div>\n<\/div>\n<div class=\"td-related-span4\">\n<div class=\"td_module_related_posts td-animation-stack td_mod_related_posts\">\n<div class=\"td-module-image\">\n<div class=\"td-module-thumb\"><a href=\"https:\/\/www.tvbuzau.ro\/perchezitii-la-calvini\/\" rel=\"bookmark\" title=\"Perchezi\u0163ii la Calvini\"><img loading=\"lazy\" decoding=\"async\" width=\"218\" height=\"150\" class=\"entry-thumb\" src=\"https:\/\/www.tvbuzau.ro\/wp-content\/uploads\/2026\/02\/hqdefault-35-218x150.jpg\" alt title=\"Perchezi\u0163ii la Calvini\"><span class=\"td-video-play-ico\"><img loading=\"lazy\" decoding=\"async\" width=\"40\" height=\"40\" class=\"td-retina\" src=\"https:\/\/www.tvbuzau.ro\/wp-content\/themes\/Newspaper\/images\/icons\/ico-video-large.png\" alt=\"video\"><\/span><\/a><\/div>\n<p><a href=\"https:\/\/www.tvbuzau.ro\/category\/actualitate\/\" class=\"td-post-category\">Actualitate<\/a><\/div>\n<div class=\"item-details\">\n<h3 class=\"entry-title td-module-title\"><a href=\"https:\/\/www.tvbuzau.ro\/perchezitii-la-calvini\/\" rel=\"bookmark\" title=\"Perchezi\u0163ii la Calvini\">Perchezi\u0163ii la Calvini<\/a><\/h3>\n<\/div>\n<\/div>\n<\/div>\n<\/div>\n<\/div>\n<\/div>\n<div class=\"comments\" id=\"comments\">\n<div id=\"respond\" class=\"comment-respond\">\n<h3 id=\"reply-title\" class=\"comment-reply-title\">L\u0102SA\u021aI UN MESAJ <small><a rel=\"nofollow\" id=\"cancel-comment-reply-link\" href=\"https:\/\/www.tvbuzau.ro\/14-soiuri-omologate-in-2025-in-patrimoniul-national\/#respond\">Renun\u021ba\u021bi la r\u0103spuns<\/a><\/small><\/h3>\n<\/div>\n<\/div>\n<\/div>\n<div class=\"td-post-content\">\n<div class=\"td-featured-image-rec\">\n<div class=\"wpb_video_wrapper\">\n                    <iframe loading=\"lazy\" id=\"td_youtube_player\" width=\"600\" height=\"560\" src=\"https:\/\/www.youtube.com\/embed\/rrUpijzMj9c?enablejsapi=1&amp;feature=oembed&amp;wmode=opaque&amp;vq=hd720\" frameborder allowfullscreen><\/iframe><\/p><\/div>\n<\/div>\n<p>Alte 26 sunt \u00een curs de omolare \u00een 2026<br \/>\nBanca de Resurse Genetice Vegetale Buz\u0103u are biobancate p\u00e2n\u0103 \u00een prezent peste 20.000 de soiuri de plante legumicole, floricole, aromatice \u015fi medicinale care se afl\u0103 \u00een diverse stadii de ameliorare. \u00een urma evalu\u0103rii resurselor depozitate privind procentul de germinare. \u00cen anul 2025 BRGV Buz\u0103u a ob\u0163inut un num\u0103r de 14 certificate de omologare pentru speciile care au \u00eencheiat perioada de testare fiind  \u00een curs de brevetare. Totodat\u0103 alte 26 de soiuri sunt \u00een curs de omologare.<br \/>\nPrintre soiurile omologate anul precedent se num\u0103r\u0103 busuiocul ro\u015fu S\u0103v\u00e2r\u015fin, tomatele negre tip cherry, ceapa aurie Bot de vulpe, varza Licuri\u015fca sau topinamburul roz cafeniu Penteleu.<br \/>\nInstitu\u0163ia de cercetare a acordat o aten\u0163ie deosebit\u0103 activit\u0103\u0163ii de aclimatizare de noi specii care nu au mai fost cultivate p\u00e2n\u0103 acum \u00een Rom\u00e2nia. Tematica de cercetare pentru acest domeniu de activitate vizeaz\u0103 p\u00e2n\u0103 \u00een prezent peste 200 de specii care se afl\u0103 \u00een diverse stadii de aclimatizare \u015fi ameliorare. De remarcat c\u0103 speciali\u015ftii BRGV Buz\u0103u au reu\u015fit s\u0103 aclimatizeze \u015fi s\u0103 breveteze peste 20 de specii noi care se reg\u0103sesc \u00een cultur\u0103 \u015fi sunt \u00eenscrise \u00een Catalogul National \u015fi \u00een cel European al Plantelor de Cultur\u0103.<\/p>\n<div class=\"post-views post-118148 entry-meta\"><span class=\"post-views-label\">Post Views: <\/span><span class=\"post-views-count\">152<\/span><\/div>\n<\/div>\n<p>[analyse_source url=&#8221;https:\/\/www.tvbuzau.ro\/14-soiuri-omologate-in-2025-in-patrimoniul-national\/&#8221;]<\/p>\n","protected":false},"excerpt":{"rendered":"<p>[analyse_image type=&#8221;featured&#8221; src=&#8221;https:\/\/www.tvbuzau.ro\/wp-content\/uploads\/2026\/02\/sddefault-38.jpghttps:\/\/www.tvbuzau.ro\/wp-content\/uploads\/2026\/02\/sddefault-38.jpg&#8221;] Actualitate 14 soiuri omologate \u00een 2025, \u00een patrimoniul na\u0163ional De c\u0103tre TV Buz\u0103u &#8211; februarie 25, 2026 0 9 Distribui\u021bi pe Facebook Distribui\u021bi pe Twitter tweet Alte 26 sunt \u00een curs de omolare \u00een 2026 Banca de Resurse Genetice Vegetale Buz\u0103u are biobancate p\u00e2n\u0103 \u00een prezent peste 20.000 de soiuri de plante [&hellip;]<\/p>\n","protected":false},"author":1,"featured_media":0,"comment_status":"open","ping_status":"","sticky":false,"template":"","format":"standard","meta":{"footnotes":""},"categories":[2],"tags":[226,116],"class_list":["post-1795362","post","type-post","status-publish","format-standard","hentry","category-politics","tag-crawlmanager","tag-tvbuzau-ro"],"_links":{"self":[{"href":"https:\/\/analyse.optim.biz\/index.php?rest_route=\/wp\/v2\/posts\/1795362","targetHints":{"allow":["GET"]}}],"collection":[{"href":"https:\/\/analyse.optim.biz\/index.php?rest_route=\/wp\/v2\/posts"}],"about":[{"href":"https:\/\/analyse.optim.biz\/index.php?rest_route=\/wp\/v2\/types\/post"}],"author":[{"embeddable":true,"href":"https:\/\/analyse.optim.biz\/index.php?rest_route=\/wp\/v2\/users\/1"}],"replies":[{"embeddable":true,"href":"https:\/\/analyse.optim.biz\/index.php?rest_route=%2Fwp%2Fv2%2Fcomments&post=1795362"}],"version-history":[{"count":0,"href":"https:\/\/analyse.optim.biz\/index.php?rest_route=\/wp\/v2\/posts\/1795362\/revisions"}],"wp:attachment":[{"href":"https:\/\/analyse.optim.biz\/index.php?rest_route=%2Fwp%2Fv2%2Fmedia&parent=1795362"}],"wp:term":[{"taxonomy":"category","embeddable":true,"href":"https:\/\/analyse.optim.biz\/index.php?rest_route=%2Fwp%2Fv2%2Fcategories&post=1795362"},{"taxonomy":"post_tag","embeddable":true,"href":"https:\/\/analyse.optim.biz\/index.php?rest_route=%2Fwp%2Fv2%2Ftags&post=1795362"}],"curies":[{"name":"wp","href":"https:\/\/api.w.org\/{rel}","templated":true}]}}