{"id":1795118,"date":"2026-02-26T19:07:22","date_gmt":"2026-02-26T16:07:22","guid":{"rendered":"https:\/\/analyse.optim.biz\/?p=1795118"},"modified":"2026-02-26T19:07:22","modified_gmt":"2026-02-26T16:07:22","slug":"cutremur-in-aceasta-seara-in-romania-a-fost-resimtit-in-mai-multe-judete-gazeta-valceana","status":"publish","type":"post","link":"https:\/\/analyse.optim.biz\/?p=1795118","title":{"rendered":"Cutremur \u00een aceast\u0103 sear\u0103, \u00een Rom\u00e2nia. A fost resim\u021bit \u00een mai multe jude\u021be &#8211; Gazeta V\u00e2lcean\u0103"},"content":{"rendered":"<p>[analyse_image type=&#8221;featured&#8221; src=&#8221;https:\/\/www.gazeta-valceana.ro\/wp-content\/uploads\/2024\/09\/CUTREMUR.jpg&#8221;]<\/p>\n<article id=\"template-id-91645\" class=\"post-91645 tdb_templates type-tdb_templates status-publish post\">\n<div id=\"tdi_49\" class=\"tdc-zone\">\n<div class=\"tdc_zone tdi_50  wpb_row td-pb-row\">\n<div id=\"tdi_51\" class=\"tdc-row stretch_row_1200 td-stretch-content\">\n<div class=\"vc_row tdi_52  wpb_row td-pb-row\">\n<div class=\"vc_column tdi_54  wpb_column vc_column_container tdc-column td-pb-span8\">\n<div class=\"wpb_wrapper\">\n<div class=\"td_block_wrap tdb_title tdi_55 tdb-single-title td-pb-border-top td_block_template_1\" data-td-block-uid=\"tdi_55\">\n<div class=\"tdb-block-inner td-fix-index\">\n<h1 class=\"tdb-title-text\">Cutremur \u00een aceast\u0103 sear\u0103, \u00een Rom\u00e2nia. A fost resim\u021bit \u00een mai multe jude\u021be<\/h1>\n<\/div>\n<\/div>\n<div class=\"vc_row_inner tdi_58  vc_row vc_inner wpb_row td-pb-row tdc-row-content-vert-center\">\n<div class=\"vc_column_inner tdi_60  wpb_column vc_column_container tdc-inner-column td-pb-span12\">\n<div class=\"vc_column-inner\">\n<div class=\"wpb_wrapper\">\n<div class=\"td_block_wrap tdb_single_categories tdi_61 td-pb-border-top td_block_template_1 \" data-td-block-uid=\"tdi_61\">\n<div class=\"tdb-category td-fix-index\"><a class=\"tdb-entry-category\" href=\"https:\/\/www.gazeta-valceana.ro\/category\/fapt-divers\/\">Fapt divers<\/a><a class=\"tdb-entry-category\" href=\"https:\/\/www.gazeta-valceana.ro\/category\/i\/\">I<\/a><\/div>\n<\/div>\n<div class=\"td_block_wrap tdb_single_date tdi_62 td-pb-border-top td_block_template_1 tdb-post-meta\" data-td-block-uid=\"tdi_62\">\n<div class=\"tdb-block-inner td-fix-index\"><time class=\"entry-date updated td-module-date\" datetime=\"2026-02-26T21:07:22+02:00\">26 februarie 2026<\/time><\/div>\n<\/div>\n<\/div>\n<\/div>\n<\/div>\n<\/div>\n<\/div>\n<\/div>\n<\/div>\n<\/div>\n<div id=\"tdi_65\" class=\"tdc-row stretch_row_1200 td-stretch-content\">\n<div class=\"vc_row tdi_66  wpb_row td-pb-row\">\n<div class=\"vc_column tdi_68  wpb_column vc_column_container tdc-column td-pb-span8\">\n<div class=\"wpb_wrapper\">\n<div class=\"td_block_wrap tdb_single_featured_image tdi_69 tdb-content-horiz-left td-pb-border-top td_block_template_1\" data-td-block-uid=\"tdi_69\">\n<div class=\"tdb-block-inner td-fix-index\"><img loading=\"lazy\" decoding=\"async\" width=\"696\" height=\"392\" class=\"entry-thumb\" src=\"https:\/\/www.gazeta-valceana.ro\/wp-content\/uploads\/2024\/09\/CUTREMUR.jpg\" alt title=\"CUTREMUR\"><\/div>\n<\/div>\n<div class=\"td_block_wrap tdb_single_post_share tdi_70  td-pb-border-top td_block_template_1\" data-td-block-uid=\"tdi_70\">\n<div id=\"tdi_70\" class=\"td-post-sharing tdb-block td-ps-border td-ps-border-grey td-ps-notext td-ps-icon-color td-ps-text-color td-post-sharing-style16 \">\n<div class=\"td-post-sharing-visible\">\n<div class=\"td-social-sharing-button td-social-sharing-button-js td-social-handler td-social-share-text\">\n<div class=\"td-social-but-text\">Ac\u021biune<\/div>\n<\/div>\n<p><a class=\"td-social-sharing-button td-social-sharing-button-js td-social-network td-social-facebook\" href=\"https:\/\/www.facebook.com\/sharer.php?u=https%3A%2F%2Fwww.gazeta-valceana.ro%2Ffapt-divers%2Fcutremur-in-aceasta-seara-in-romania-a-fost-resimtit-in-mai-multe-judete%2F\" title=\"Facebook\"><\/p>\n<div class=\"td-social-but-text\">Facebook<\/div>\n<p><\/a><a class=\"td-social-sharing-button td-social-sharing-button-js td-social-network td-social-twitter\" href=\"https:\/\/twitter.com\/intent\/tweet?text=Cutremur+%C3%AEn+aceast%C4%83+sear%C4%83%2C+%C3%AEn+Rom%C3%A2nia.+A+fost+resim%C8%9Bit+%C3%AEn+mai+multe+jude%C8%9Be&amp;url=https%3A%2F%2Fwww.gazeta-valceana.ro%2Ffapt-divers%2Fcutremur-in-aceasta-seara-in-romania-a-fost-resimtit-in-mai-multe-judete%2F&amp;via=Gazeta+V%C3%A2lcean%C4%83\" title=\"Twitter\"><\/p>\n<div class=\"td-social-but-text\">Twitter<\/div>\n<p><\/a><a class=\"td-social-sharing-button td-social-sharing-button-js td-social-network td-social-pinterest\" href=\"https:\/\/pinterest.com\/pin\/create\/button\/?url=https:\/\/www.gazeta-valceana.ro\/fapt-divers\/cutremur-in-aceasta-seara-in-romania-a-fost-resimtit-in-mai-multe-judete\/&amp;media=https:\/\/www.gazeta-valceana.ro\/wp-content\/uploads\/2024\/09\/CUTREMUR.jpg&amp;description=Cutremur+%C3%AEn+aceast%C4%83+sear%C4%83%2C+%C3%AEn+Rom%C3%A2nia.+A+fost+resim%C8%9Bit+%C3%AEn+mai+multe+jude%C8%9Be\" title=\"Pinterest\"><\/p>\n<div class=\"td-social-but-text\">Pinterest<\/div>\n<p><\/a><a class=\"td-social-sharing-button td-social-sharing-button-js td-social-network td-social-whatsapp\" href=\"https:\/\/api.whatsapp.com\/send?text=Cutremur+%C3%AEn+aceast%C4%83+sear%C4%83%2C+%C3%AEn+Rom%C3%A2nia.+A+fost+resim%C8%9Bit+%C3%AEn+mai+multe+jude%C8%9Be%20%0A%0A%20https:\/\/www.gazeta-valceana.ro\/fapt-divers\/cutremur-in-aceasta-seara-in-romania-a-fost-resimtit-in-mai-multe-judete\/\" title=\"WhatsApp\"><\/p>\n<div class=\"td-social-but-text\">WhatsApp<\/div>\n<p><\/a><\/div>\n<\/div>\n<\/div>\n<div class=\"td_block_wrap tdb_single_content tdi_71 td-pb-border-top td_block_template_1 td-post-content tagdiv-type\" data-td-block-uid=\"tdi_71\">\n<div class=\"tdb-block-inner td-fix-index\">\n<p>Un cutremur s-a produs, joi sear\u0103, \u00een zona seismic\u0103 Vrancea, fiind \u00eenregistrat de aparatele Institutului Na\u021bional de Cercetare-Dezvoltare pentru Fizica P\u0103m\u00e2ntului. Conform datelor oficiale, seismul a avut loc \u00een data de 26 februarie 2026, la ora local\u0103 19.21.52. Acesta a fost clasificat ca un cutremur mediu, av\u00e2nd o magnitudine de 4,5 grade.<\/p>\n<p>Seismul s-a produs la o ad\u00e2ncime de 107,9 km. \u00cen zona epicentral\u0103, intensitatea resim\u021bit\u0103 a fost de III pe scara Mercalli. Autorit\u0103\u021bile au confirmat c\u0103 datele au fost transmise oficial imediat dup\u0103 producerea fenomenului pentru a informa popula\u021bia.<\/p>\n<p>Cutremurul a fost resim\u021bit \u00een special \u00een jude\u021bele din sudul Moldovei (Vrancea, Gala\u021bi, Vaslui). Din c\u00e2te se pare, locuitorii din Bucure\u0219ti nu l-au sim\u021bit.<\/p>\n<\/div>\n<\/div>\n<div class=\"tdb-author-box td_block_wrap tdb_single_author_box tdi_72 tdb-content-vert-top td-pb-border-top td_block_template_1\" data-td-block-uid=\"tdi_72\">\n<div class=\"tdb-block-inner td-fix-index\"><a href=\"https:\/\/www.gazeta-valceana.ro\/author\/redactia\/\" class=\"tdb-author-photo\" title=\"Redactia\"><img decoding=\"async\" alt=\"Redactia\" src=\"https:\/\/secure.gravatar.com\/avatar\/d9699bfd17d7f55fcf6bbdfb0214d48a942c5fd23a1db27f4a803a8d0651670f?s=500&amp;d=mm&amp;r=g\" class=\"avatar avatar-500 photo\" height=\"500\" width=\"500\" loading=\"lazy\"><\/a><\/p>\n<div class=\"tdb-author-info\"><a href=\"https:\/\/www.gazeta-valceana.ro\/author\/redactia\/\" class=\"tdb-author-name\">Redactia<\/a><\/div>\n<\/div>\n<\/div>\n<\/div>\n<\/div>\n<div class=\"vc_column tdi_76  wpb_column vc_column_container tdc-column td-pb-span4 td-is-sticky\">\n<div class=\"wpb_wrapper\" data-sticky-enabled-on=\"W3RydWUsdHJ1ZSx0cnVlLHRydWVd\" data-sticky-offset=\"20\" data-sticky-is-width-auto=\"W2ZhbHNlLGZhbHNlLGZhbHNlLGZhbHNlXQ==\">\n<div class=\"vc_row_inner tdi_81  vc_row vc_inner wpb_row td-pb-row tdc-row-content-vert-center\">\n<div class=\"vc_column_inner tdi_83  wpb_column vc_column_container tdc-inner-column td-pb-span12\">\n<div class=\"vc_column-inner\">\n<div class=\"wpb_wrapper\">\n<div class=\"tdm_block td_block_wrap tdm_block_inline_text tdi_86 tdm-inline-block td-pb-border-top td_block_template_1\" data-td-block-uid=\"tdi_86\">\n<p class=\"tdm-descr\">Ultimele articole<\/p>\n<\/div>\n<\/div>\n<\/div>\n<\/div>\n<\/div>\n<div class=\"td_block_wrap td_flex_block_1 tdi_87 td-pb-border-top td_block_template_1 td_flex_block\" data-td-block-uid=\"tdi_87\">\n<div id=\"tdi_87\" class=\"td_block_inner td-mc1-wrap\">\n<div class=\"td_module_flex td_module_flex_1 td_module_wrap td-animation-stack td-cpt-post\">\n<div class=\"td-module-container td-category-pos-\">\n<div class=\"td-module-meta-info\">\n<h3 class=\"entry-title td-module-title\"><a href=\"https:\/\/www.gazeta-valceana.ro\/administratie\/m-as-fi-dus-sa-stau-in-fruntea-oamenilor-din-perisani-la-acel-miting-spune-presedintele-radulescu-referitor-la-problemele-cauzate-de-constructia-autostrazii\/\" rel=\"bookmark\" title=\"\u201eM-a\u0219 fi dus s\u0103 stau \u00een fruntea oamenilor din Peri\u0219ani, la acel miting\u201d, spune pre\u0219edintele R\u0103dulescu, referitor la problemele cauzate de construc\u021bia autostr\u0103zii\">\u201eM-a\u0219 fi dus s\u0103 stau \u00een fruntea oamenilor din Peri\u0219ani, la acel miting\u201d, spune pre\u0219edintele R\u0103dulescu, referitor la problemele cauzate de construc\u021bia autostr\u0103zii<\/a><\/h3>\n<div class=\"td-editor-date\"><span class=\"td-author-date\"><span class=\"td-post-date\"><time class=\"entry-date updated td-module-date\" datetime=\"2026-02-26T12:52:52+02:00\">26 februarie 2026<\/time><\/span><\/span><\/div>\n<\/div>\n<\/div>\n<\/div>\n<div class=\"td_module_flex td_module_flex_1 td_module_wrap td-animation-stack td-cpt-post\">\n<div class=\"td-module-container td-category-pos-\">\n<div class=\"td-module-meta-info\">\n<h3 class=\"entry-title td-module-title\"><a href=\"https:\/\/www.gazeta-valceana.ro\/fapt-divers\/politia-in-actiune-pe-dn-65c-si-dj-676-in-judetul-valcea-amenzi-permise-de-conducere-retinute\/\" rel=\"bookmark\" title=\"POLI\u021aIA \u00een ac\u021biune pe DN 65C \u0219i DJ 676, \u00een jude\u021bul V\u00e2lcea. AMENZI, permise de conducere re\u021binute\u2026\">POLI\u021aIA \u00een ac\u021biune pe DN 65C \u0219i DJ 676, \u00een jude\u021bul V\u00e2lcea. AMENZI, permise de conducere re\u021binute\u2026<\/a><\/h3>\n<div class=\"td-editor-date\"><span class=\"td-author-date\"><span class=\"td-post-date\"><time class=\"entry-date updated td-module-date\" datetime=\"2026-02-26T11:19:15+02:00\">26 februarie 2026<\/time><\/span><\/span><\/div>\n<\/div>\n<\/div>\n<\/div>\n<div class=\"td_module_flex td_module_flex_1 td_module_wrap td-animation-stack td-cpt-post\">\n<div class=\"td-module-container td-category-pos-\">\n<div class=\"td-module-meta-info\">\n<h3 class=\"entry-title td-module-title\"><a href=\"https:\/\/www.gazeta-valceana.ro\/justitie\/video-in-articol-politistii-l-au-ridicat-pe-scandalagiul-din-maldaresti-noaptea-a-batut-un-tanar-din-vaideeni\/\" rel=\"bookmark\" title=\"VIDEO \u00een articol. Poli\u021bi\u0219tii l-au ridicat pe scandalagiul din M\u0103ld\u0103re\u0219ti. Noaptea, a b\u0103tut un t\u00e2n\u0103r din Vaideeni\">VIDEO \u00een articol. Poli\u021bi\u0219tii l-au ridicat pe scandalagiul din M\u0103ld\u0103re\u0219ti. Noaptea, a b\u0103tut un t\u00e2n\u0103r din Vaideeni<\/a><\/h3>\n<div class=\"td-editor-date\"><span class=\"td-author-date\"><span class=\"td-post-date\"><time class=\"entry-date updated td-module-date\" datetime=\"2026-02-26T11:01:22+02:00\">26 februarie 2026<\/time><\/span><\/span><\/div>\n<\/div>\n<\/div>\n<\/div>\n<div class=\"td_module_flex td_module_flex_1 td_module_wrap td-animation-stack td-cpt-post\">\n<div class=\"td-module-container td-category-pos-\">\n<div class=\"td-module-meta-info\">\n<h3 class=\"entry-title td-module-title\"><a href=\"https:\/\/www.gazeta-valceana.ro\/anchetedezvaluri\/controale-in-lalosu-si-popesti-politistii-suspecteaza-ca-se-vindeau-tigari-de-contrabanda-dar-si-diverse-produse-alimentare-si-nealimentare\/\" rel=\"bookmark\" title=\"Controale \u00een Lalo\u0219u \u0219i Pope\u0219ti. Poli\u021bi\u0219tii suspecteaz\u0103 c\u0103 se vindeau \u021big\u0103ri de contraband\u0103, dar \u0219i diverse produse alimentare \u0219i nealimentare\">Controale \u00een Lalo\u0219u \u0219i Pope\u0219ti. Poli\u021bi\u0219tii suspecteaz\u0103 c\u0103 se vindeau \u021big\u0103ri de contraband\u0103, dar \u0219i diverse produse alimentare \u0219i nealimentare<\/a><\/h3>\n<div class=\"td-editor-date\"><span class=\"td-author-date\"><span class=\"td-post-date\"><time class=\"entry-date updated td-module-date\" datetime=\"2026-02-26T10:36:02+02:00\">26 februarie 2026<\/time><\/span><\/span><\/div>\n<\/div>\n<\/div>\n<\/div>\n<\/div>\n<\/div>\n<div class=\"td_block_wrap td-a-rec td-a-rec-id-custom-spot td-a-rec-img tdi_88 td_block_template_1\">\n<div><a href=\"https:\/\/www.gazeta-valceana.ro\/fapt-divers\/cutremur-in-aceasta-seara-in-romania-a-fost-resimtit-in-mai-multe-judete\/\" class=\"td_spot_img_all\"><img loading=\"lazy\" decoding=\"async\" src=\"https:\/\/www.gazeta-valceana.ro\/wp-content\/uploads\/2025\/01\/image-5.jpg\" alt=\"spot_img\" width=\"347\" height=\"277\"><\/a><a href=\"https:\/\/www.gazeta-valceana.ro\/fapt-divers\/cutremur-in-aceasta-seara-in-romania-a-fost-resimtit-in-mai-multe-judete\/\" class=\"td_spot_img_mob\"><img loading=\"lazy\" decoding=\"async\" src=\"https:\/\/www.gazeta-valceana.ro\/wp-content\/uploads\/2025\/01\/image-5.jpg\" alt=\"spot_img\" width=\"347\" height=\"247\"><\/a><\/div>\n<\/div>\n<div class=\"td_block_wrap td-a-rec td-a-rec-id-custom-spot td-a-rec-img tdi_89 td_block_template_1\">\n<div><a href=\"https:\/\/www.gazeta-valceana.ro\/fapt-divers\/cutremur-in-aceasta-seara-in-romania-a-fost-resimtit-in-mai-multe-judete\/\" class=\"td_spot_img_all\"><img loading=\"lazy\" decoding=\"async\" src=\"https:\/\/www.gazeta-valceana.ro\/wp-content\/uploads\/2025\/01\/image-3.jpeg\" alt=\"spot_img\" width=\"347\" height=\"277\"><\/a><a href=\"https:\/\/www.gazeta-valceana.ro\/fapt-divers\/cutremur-in-aceasta-seara-in-romania-a-fost-resimtit-in-mai-multe-judete\/\" class=\"td_spot_img_mob\"><img loading=\"lazy\" decoding=\"async\" src=\"https:\/\/www.gazeta-valceana.ro\/wp-content\/uploads\/2025\/01\/image-3.jpeg\" alt=\"spot_img\" width=\"347\" height=\"247\"><\/a><\/div>\n<\/div>\n<\/div>\n<\/div>\n<\/div>\n<\/div>\n<div id=\"tdi_97\" class=\"tdc-row stretch_row_1200 td-stretch-content\">\n<div class=\"vc_row tdi_98  wpb_row td-pb-row\">\n<div class=\"vc_column tdi_100  wpb_column vc_column_container tdc-column td-pb-span12\">\n<div class=\"wpb_wrapper\">\n<div class=\"td_block_wrap tdb_single_next_prev tdi_101 td-pb-border-top td_block_template_1\" data-td-block-uid=\"tdi_101\">\n<div class=\"tdb-block-inner td-fix-index\">\n<div class=\"tdb-next-post tdb-next-post-bg tdb-post-prev\"><span>Articolul precedent<\/span><\/p>\n<div class=\"td-module-container\">\n<div class=\"next-prev-title\"><a href=\"https:\/\/www.gazeta-valceana.ro\/administratie\/m-as-fi-dus-sa-stau-in-fruntea-oamenilor-din-perisani-la-acel-miting-spune-presedintele-radulescu-referitor-la-problemele-cauzate-de-constructia-autostrazii\/\">\u201eM-a\u0219 fi dus s\u0103 stau \u00een fruntea oamenilor din Peri\u0219ani, la acel miting\u201d, spune pre\u0219edintele R\u0103dulescu, referitor la problemele cauzate de construc\u021bia autostr\u0103zii<\/a><\/div>\n<\/div>\n<\/div>\n<\/div>\n<\/div>\n<div class=\"vc_row_inner tdi_103  vc_row vc_inner wpb_row td-pb-row tdc-row-content-vert-center\">\n<div class=\"vc_column_inner tdi_105  wpb_column vc_column_container tdc-inner-column td-pb-span12\">\n<div class=\"vc_column-inner\">\n<div class=\"wpb_wrapper\">\n<div class=\"tdm_block td_block_wrap tdm_block_inline_text tdi_108 tdm-inline-block td-pb-border-top td_block_template_1\" data-td-block-uid=\"tdi_108\">\n<p class=\"tdm-descr\">Related articles<\/p>\n<\/div>\n<\/div>\n<\/div>\n<\/div>\n<\/div>\n<div class=\"td_block_wrap tdb_single_related tdi_109 td_with_ajax_pagination td-pb-border-top td_block_template_1 tdb-single-related-posts\" data-td-block-uid=\"tdi_109\">\n<div id=\"tdi_109\" class=\"td_block_inner tdb-block-inner td-fix-index\">\n<div class=\"tdb_module_related td_module_wrap td-animation-stack\">\n<div class=\"td-module-container td-category-pos-\">\n<div class=\"td-module-meta-info\">\n<h3 class=\"entry-title td-module-title\"><a href=\"https:\/\/www.gazeta-valceana.ro\/administratie\/m-as-fi-dus-sa-stau-in-fruntea-oamenilor-din-perisani-la-acel-miting-spune-presedintele-radulescu-referitor-la-problemele-cauzate-de-constructia-autostrazii\/\" rel=\"bookmark\" title=\"\u201eM-a\u0219 fi dus s\u0103 stau \u00een fruntea oamenilor din Peri\u0219ani, la acel miting\u201d, spune pre\u0219edintele R\u0103dulescu, referitor la problemele cauzate de construc\u021bia autostr\u0103zii\">\u201eM-a\u0219 fi dus s\u0103 stau \u00een fruntea oamenilor din Peri\u0219ani, la acel miting\u201d, spune pre\u0219edintele R\u0103dulescu, referitor la problemele cauzate de construc\u021bia autostr\u0103zii<\/a><\/h3>\n<div class=\"td-editor-date\"><a href=\"https:\/\/www.gazeta-valceana.ro\/category\/administratie\/\" class=\"td-post-category\">Administra\u0163ie<\/a><span class=\"td-author-date\"><span class=\"td-post-date\"><time class=\"entry-date updated td-module-date\" datetime=\"2026-02-26T12:52:52+02:00\">26 februarie 2026<\/time><\/span><\/span><\/div>\n<\/div>\n<\/div>\n<\/div>\n<div class=\"tdb_module_related td_module_wrap td-animation-stack\">\n<div class=\"td-module-container td-category-pos-\">\n<div class=\"td-module-meta-info\">\n<h3 class=\"entry-title td-module-title\"><a href=\"https:\/\/www.gazeta-valceana.ro\/fapt-divers\/politia-in-actiune-pe-dn-65c-si-dj-676-in-judetul-valcea-amenzi-permise-de-conducere-retinute\/\" rel=\"bookmark\" title=\"POLI\u021aIA \u00een ac\u021biune pe DN 65C \u0219i DJ 676, \u00een jude\u021bul V\u00e2lcea. AMENZI, permise de conducere re\u021binute\u2026\">POLI\u021aIA \u00een ac\u021biune pe DN 65C \u0219i DJ 676, \u00een jude\u021bul V\u00e2lcea. AMENZI, permise de conducere re\u021binute\u2026<\/a><\/h3>\n<div class=\"td-editor-date\"><a href=\"https:\/\/www.gazeta-valceana.ro\/category\/fapt-divers\/\" class=\"td-post-category\">Fapt divers<\/a><span class=\"td-author-date\"><span class=\"td-post-date\"><time class=\"entry-date updated td-module-date\" datetime=\"2026-02-26T11:19:15+02:00\">26 februarie 2026<\/time><\/span><\/span><\/div>\n<\/div>\n<\/div>\n<\/div>\n<div class=\"tdb_module_related td_module_wrap td-animation-stack\">\n<div class=\"td-module-container td-category-pos-\">\n<div class=\"td-module-meta-info\">\n<h3 class=\"entry-title td-module-title\"><a href=\"https:\/\/www.gazeta-valceana.ro\/justitie\/video-in-articol-politistii-l-au-ridicat-pe-scandalagiul-din-maldaresti-noaptea-a-batut-un-tanar-din-vaideeni\/\" rel=\"bookmark\" title=\"VIDEO \u00een articol. Poli\u021bi\u0219tii l-au ridicat pe scandalagiul din M\u0103ld\u0103re\u0219ti. Noaptea, a b\u0103tut un t\u00e2n\u0103r din Vaideeni\">VIDEO \u00een articol. Poli\u021bi\u0219tii l-au ridicat pe scandalagiul din M\u0103ld\u0103re\u0219ti. Noaptea, a b\u0103tut un t\u00e2n\u0103r din Vaideeni<\/a><\/h3>\n<div class=\"td-editor-date\"><a href=\"https:\/\/www.gazeta-valceana.ro\/category\/anchetedezvaluri\/\" class=\"td-post-category\">Anchete\/Dezv\u0103luri<\/a><span class=\"td-author-date\"><span class=\"td-post-date\"><time class=\"entry-date updated td-module-date\" datetime=\"2026-02-26T11:01:22+02:00\">26 februarie 2026<\/time><\/span><\/span><\/div>\n<\/div>\n<\/div>\n<\/div>\n<\/div>\n<\/div>\n<\/div>\n<\/div>\n<\/div>\n<\/div>\n<div id=\"tdi_116\" class=\"tdc-row stretch_row_1200 td-stretch-content\">\n<div class=\"vc_row tdi_117  wpb_row td-pb-row\">\n<div class=\"vc_column tdi_122  wpb_column vc_column_container tdc-column td-pb-span4 td-is-sticky\">\n<div class=\"wpb_wrapper\" data-sticky-enabled-on=\"W3RydWUsdHJ1ZSx0cnVlLHRydWVd\" data-sticky-offset=\"20\" data-sticky-is-width-auto=\"W2ZhbHNlLGZhbHNlLGZhbHNlLGZhbHNlXQ==\">\n<div class=\"td_block_wrap td-a-rec td-a-rec-id-custom-spot td-a-rec-img tdi_123 td_block_template_1\">\n<div><a href=\"https:\/\/www.gazeta-valceana.ro\/fapt-divers\/cutremur-in-aceasta-seara-in-romania-a-fost-resimtit-in-mai-multe-judete\/\" class=\"td_spot_img_all\"><img loading=\"lazy\" decoding=\"async\" src=\"https:\/\/www.gazeta-valceana.ro\/wp-content\/uploads\/2025\/01\/image-4.jpg\" alt=\"spot_img\" width=\"347\" height=\"277\"><\/a><a href=\"https:\/\/www.gazeta-valceana.ro\/fapt-divers\/cutremur-in-aceasta-seara-in-romania-a-fost-resimtit-in-mai-multe-judete\/\" class=\"td_spot_img_mob\"><img loading=\"lazy\" decoding=\"async\" src=\"https:\/\/www.gazeta-valceana.ro\/wp-content\/uploads\/2025\/01\/image-4.jpg\" alt=\"spot_img\" width=\"347\" height=\"247\"><\/a><\/div>\n<\/div>\n<div class=\"td_block_wrap td-a-rec td-a-rec-id-custom-spot td-a-rec-img tdi_124 td_block_template_1\">\n<div><a href=\"https:\/\/www.gazeta-valceana.ro\/fapt-divers\/cutremur-in-aceasta-seara-in-romania-a-fost-resimtit-in-mai-multe-judete\/\" class=\"td_spot_img_all\"><img loading=\"lazy\" decoding=\"async\" src=\"https:\/\/www.gazeta-valceana.ro\/wp-content\/uploads\/2025\/01\/image-5.jpg\" alt=\"spot_img\" width=\"347\" height=\"277\"><\/a><a href=\"https:\/\/www.gazeta-valceana.ro\/fapt-divers\/cutremur-in-aceasta-seara-in-romania-a-fost-resimtit-in-mai-multe-judete\/\" class=\"td_spot_img_mob\"><img loading=\"lazy\" decoding=\"async\" src=\"https:\/\/www.gazeta-valceana.ro\/wp-content\/uploads\/2025\/01\/image-5.jpg\" alt=\"spot_img\" width=\"347\" height=\"247\"><\/a><\/div>\n<\/div>\n<div class=\"td_block_wrap td-a-rec td-a-rec-id-custom-spot td-a-rec-img tdi_125 td_block_template_1\">\n<div><a href=\"https:\/\/www.gazeta-valceana.ro\/fapt-divers\/cutremur-in-aceasta-seara-in-romania-a-fost-resimtit-in-mai-multe-judete\/\" class=\"td_spot_img_all\"><img loading=\"lazy\" decoding=\"async\" src=\"https:\/\/www.gazeta-valceana.ro\/wp-content\/uploads\/2025\/01\/image-3.jpeg\" alt=\"spot_img\" width=\"347\" height=\"277\"><\/a><a href=\"https:\/\/www.gazeta-valceana.ro\/fapt-divers\/cutremur-in-aceasta-seara-in-romania-a-fost-resimtit-in-mai-multe-judete\/\" class=\"td_spot_img_mob\"><img loading=\"lazy\" decoding=\"async\" src=\"https:\/\/www.gazeta-valceana.ro\/wp-content\/uploads\/2025\/01\/image-3.jpeg\" alt=\"spot_img\" width=\"347\" height=\"247\"><\/a><\/div>\n<\/div>\n<\/div>\n<\/div>\n<\/div>\n<\/div>\n<\/div>\n<\/div>\n<p><span class=\"td-page-meta\"><\/span><span class=\"td-page-meta\"><span class=\"td-page-meta\"><\/span><\/span><span class=\"td-page-meta\"><\/span><\/article>\n<\/p>\n<div class=\"td_block_wrap tdb_single_content tdi_71 td-pb-border-top td_block_template_1 td-post-content tagdiv-type\" data-td-block-uid=\"tdi_71\">\n<div class=\"tdb-block-inner td-fix-index\">\n<p>Un cutremur s-a produs, joi sear\u0103, \u00een zona seismic\u0103 Vrancea, fiind \u00eenregistrat de aparatele Institutului Na\u021bional de Cercetare-Dezvoltare pentru Fizica P\u0103m\u00e2ntului. Conform datelor oficiale, seismul a avut loc \u00een data de 26 februarie 2026, la ora local\u0103 19.21.52. Acesta a fost clasificat ca un cutremur mediu, av\u00e2nd o magnitudine de 4,5 grade.<\/p>\n<p>Seismul s-a produs la o ad\u00e2ncime de 107,9 km. \u00cen zona epicentral\u0103, intensitatea resim\u021bit\u0103 a fost de III pe scara Mercalli. Autorit\u0103\u021bile au confirmat c\u0103 datele au fost transmise oficial imediat dup\u0103 producerea fenomenului pentru a informa popula\u021bia.<\/p>\n<p>Cutremurul a fost resim\u021bit \u00een special \u00een jude\u021bele din sudul Moldovei (Vrancea, Gala\u021bi, Vaslui). Din c\u00e2te se pare, locuitorii din Bucure\u0219ti nu l-au sim\u021bit.<\/p>\n<\/div>\n<\/div>\n<p>Un cutremur s-a produs, joi sear\u0103, \u00een zona seismic\u0103 Vrancea, fiind \u00eenregistrat de aparatele Institutului Na\u021bional de Cercetare-Dezvoltare pentru Fizica P\u0103m\u00e2ntului. Conform datelor oficiale, seismul a avut loc \u00een data de 26 februarie 2026, la ora local\u0103 19.21.52. Acesta a fost clasificat ca un cutremur mediu, av\u00e2nd o magnitudine de 4,5 grade.<\/p>\n<p>Seismul s-a produs la o ad\u00e2ncime de 107,9 km. \u00cen zona epicentral\u0103, intensitatea resim\u021bit\u0103 a fost de III pe scara Mercalli. Autorit\u0103\u021bile au confirmat c\u0103 datele au fost transmise oficial imediat dup\u0103 producerea fenomenului pentru a informa popula\u021bia.<\/p>\n<p>Cutremurul a fost resim\u021bit \u00een special \u00een jude\u021bele din sudul Moldovei (Vrancea, Gala\u021bi, Vaslui). Din c\u00e2te se pare, locuitorii din Bucure\u0219ti nu l-au sim\u021bit.<\/p>\n<p>[analyse_source url=&#8221;https:\/\/www.gazeta-valceana.ro\/fapt-divers\/cutremur-in-aceasta-seara-in-romania-a-fost-resimtit-in-mai-multe-judete\/&#8221;]<\/p>\n","protected":false},"excerpt":{"rendered":"<p>[analyse_image type=&#8221;featured&#8221; src=&#8221;https:\/\/www.gazeta-valceana.ro\/wp-content\/uploads\/2024\/09\/CUTREMUR.jpg&#8221;] Cutremur \u00een aceast\u0103 sear\u0103, \u00een Rom\u00e2nia. A fost resim\u021bit \u00een mai multe jude\u021be Fapt diversI 26 februarie 2026 Ac\u021biune Facebook Twitter Pinterest WhatsApp Un cutremur s-a produs, joi sear\u0103, \u00een zona seismic\u0103 Vrancea, fiind \u00eenregistrat de aparatele Institutului Na\u021bional de Cercetare-Dezvoltare pentru Fizica P\u0103m\u00e2ntului. Conform datelor oficiale, seismul a avut loc \u00een [&hellip;]<\/p>\n","protected":false},"author":1,"featured_media":0,"comment_status":"open","ping_status":"","sticky":false,"template":"","format":"standard","meta":{"footnotes":""},"categories":[89],"tags":[226,214],"class_list":["post-1795118","post","type-post","status-publish","format-standard","hentry","category-romania","tag-crawlmanager","tag-gazetavalceana-ro"],"_links":{"self":[{"href":"https:\/\/analyse.optim.biz\/index.php?rest_route=\/wp\/v2\/posts\/1795118","targetHints":{"allow":["GET"]}}],"collection":[{"href":"https:\/\/analyse.optim.biz\/index.php?rest_route=\/wp\/v2\/posts"}],"about":[{"href":"https:\/\/analyse.optim.biz\/index.php?rest_route=\/wp\/v2\/types\/post"}],"author":[{"embeddable":true,"href":"https:\/\/analyse.optim.biz\/index.php?rest_route=\/wp\/v2\/users\/1"}],"replies":[{"embeddable":true,"href":"https:\/\/analyse.optim.biz\/index.php?rest_route=%2Fwp%2Fv2%2Fcomments&post=1795118"}],"version-history":[{"count":0,"href":"https:\/\/analyse.optim.biz\/index.php?rest_route=\/wp\/v2\/posts\/1795118\/revisions"}],"wp:attachment":[{"href":"https:\/\/analyse.optim.biz\/index.php?rest_route=%2Fwp%2Fv2%2Fmedia&parent=1795118"}],"wp:term":[{"taxonomy":"category","embeddable":true,"href":"https:\/\/analyse.optim.biz\/index.php?rest_route=%2Fwp%2Fv2%2Fcategories&post=1795118"},{"taxonomy":"post_tag","embeddable":true,"href":"https:\/\/analyse.optim.biz\/index.php?rest_route=%2Fwp%2Fv2%2Ftags&post=1795118"}],"curies":[{"name":"wp","href":"https:\/\/api.w.org\/{rel}","templated":true}]}}