{"id":1795040,"date":"2026-02-25T20:18:55","date_gmt":"2026-02-25T17:18:55","guid":{"rendered":"https:\/\/analyse.optim.biz\/?p=1795040"},"modified":"2026-02-25T20:18:55","modified_gmt":"2026-02-25T17:18:55","slug":"centrul-de-monitorizare-al-traficului-avanseaza-in-ritm-accelerat","status":"publish","type":"post","link":"https:\/\/analyse.optim.biz\/?p=1795040","title":{"rendered":"Centrul de monitorizare al traficului avanseaz\u0103 \u00een ritm accelerat"},"content":{"rendered":"<p>[analyse_image type=&#8221;featured&#8221; src=&#8221;https:\/\/www.tvbuzau.ro\/wp-content\/uploads\/2026\/02\/sddefault-40.jpghttps:\/\/www.tvbuzau.ro\/wp-content\/uploads\/2026\/02\/sddefault-40.jpg&#8221;]<\/p>\n<div class=\"td-ss-main-content\">\n<article id=\"post-118157\" class=\"post-118157 post type-post status-publish format-video has-post-thumbnail hentry category-actualitate post_format-post-format-video\">\n<div class=\"td-post-header\">\n<ul class=\"td-category\">\n<li class=\"entry-category\"><a href=\"https:\/\/www.tvbuzau.ro\/category\/actualitate\/\">Actualitate<\/a><\/li>\n<\/ul>\n<header class=\"td-post-title\">\n<h1 class=\"entry-title\">Centrul de monitorizare al traficului avanseaz\u0103 \u00een ritm accelerat<\/h1>\n<div class=\"td-module-meta-info\">\n<div class=\"td-post-author-name\">De c\u0103tre <a href=\"https:\/\/www.tvbuzau.ro\/author\/mihai-vasilescu\/\">TV Buz\u0103u<\/a> &#8211; <\/div>\n<p><span class=\"td-post-date\"><time class=\"entry-date updated td-module-date\" datetime=\"2026-02-25T20:18:55+00:00\">februarie 25, 2026<\/time><\/span><\/p>\n<div class=\"td-post-comments\"><a href=\"https:\/\/www.tvbuzau.ro\/centrul-de-monitorizare-al-traficului-avanseaza-in-ritm-accelerat\/#respond\">0<\/a><\/div>\n<div class=\"td-post-views\"><span class=\"td-nr-views-118157\">14<\/span><\/div>\n<\/div>\n<\/header>\n<\/div>\n<div class=\"td-post-sharing td-post-sharing-top td-with-like\">\n<div class=\"td-default-sharing\"><a class=\"td-social-sharing-buttons td-social-facebook\" href=\"http:\/\/www.facebook.com\/sharer.php?u=https%3A%2F%2Fwww.tvbuzau.ro%2Fcentrul-de-monitorizare-al-traficului-avanseaza-in-ritm-accelerat%2F\"><\/p>\n<div class=\"td-social-but-text\">Distribui\u021bi pe Facebook<\/div>\n<p><\/a><a class=\"td-social-sharing-buttons td-social-twitter\" href=\"https:\/\/twitter.com\/intent\/tweet?text=Centrul+de+monitorizare+al+traficului+avanseaz%C4%83+%C3%AEn+ritm+accelerat&amp;url=https%3A%2F%2Fwww.tvbuzau.ro%2Fcentrul-de-monitorizare-al-traficului-avanseaza-in-ritm-accelerat%2F&amp;via=TV+Buz%C4%83u\"><\/p>\n<div class=\"td-social-but-text\">Distribui\u021bi pe Twitter<\/div>\n<p><\/a><\/div>\n<div class=\"td-classic-sharing\">\n<ul>\n<li class=\"td-classic-facebook\"><iframe frameborder src=\"https:\/\/www.facebook.com\/plugins\/like.php?href=https:\/\/www.tvbuzau.ro\/centrul-de-monitorizare-al-traficului-avanseaza-in-ritm-accelerat\/&amp;layout=button_count&amp;show_faces=false&amp;width=105&amp;action=like&amp;colorscheme=light&amp;height=21\"><\/iframe><\/li>\n<li class=\"td-classic-twitter\"><a href=\"https:\/\/twitter.com\/share\" class=\"twitter-share-button\" data-url=\"https:\/\/www.tvbuzau.ro\/centrul-de-monitorizare-al-traficului-avanseaza-in-ritm-accelerat\/\" data-text=\"Centrul de monitorizare al traficului avanseaz\u0103 \u00een ritm accelerat\" data-via data-lang=\"en\">tweet<\/a><\/li>\n<\/ul>\n<\/div>\n<\/div>\n<div class=\"td-post-content\">\n<div class=\"td-featured-image-rec\">\n<div class=\"wpb_video_wrapper\">\n                    <iframe loading=\"lazy\" id=\"td_youtube_player\" width=\"600\" height=\"560\" src=\"https:\/\/www.youtube.com\/embed\/R8DCFwxZ8lE?enablejsapi=1&amp;feature=oembed&amp;wmode=opaque&amp;vq=hd720\" frameborder allowfullscreen><\/iframe><\/p><\/div>\n<\/div>\n<p>Traficul pe autostrad\u0103 va fi supravegheat de DRDP Buz\u0103u<br \/>\nLucr\u0103rile pentru punerea \u00een func\u021biune a sistemului de informare \u0219i monitorizare a traficului pe sectoarele de autostrad\u0103 avanseaz\u0103 \u00eentr-un ritm accelerat, anun\u0163\u0103 Direc\u0163ia Regional\u0103 de Drumuri \u015fi Poduri Buz\u0103u.<br \/>\nCentrul de Monitorizare \u0219i Informare a traficului se afl\u0103 \u00een nodul rutier al A7, de la Sp\u0103taru, \u0219i va fi un hub opera\u021bional centralizat care utilizeaz\u0103 camere video, senzori \u0219i panouri cu mesaje variabile pentru a supraveghea circula\u021bia \u00een timp real.<br \/>\n\u00cen plus, gestioneaz\u0103 incidentele, condi\u021biile meteo \u0219i informeaz\u0103 \u0219oferii rapid, asigur\u00e2nd astfel fluiditatea \u0219i siguran\u021ba rutier\u0103 pe sectoarele monitorizate.<br \/>\nUn Centru de Management al Traficului, \u00een valoare de peste 31 de milioane de lei, va fi construit la Buz\u0103u pe locul fostei maternit\u0103\u0163i. Cl\u0103direa va avea subsol, parter \u015fi cinci etaje.<br \/>\nCentrul  urmeaz\u0103 s\u0103 deserveasc\u0103 \u00eentreaga zon\u0103 administrativ\u0103 a DRDP Buz\u0103u ca suport al Centrului Na\u0163ional de Management al Traficului, \u00een managementul incidentelor rutiere cu optimizarea timpilor de detec\u0163ie \u015fi interven\u0163ie, \u00een prevenirea incidentelor rutiere prin aducerea la cunostin\u0163\u0103 \u00een timp real, la nivelul utilizatorilor, a riscurilor existente datorate fenomenelor meteorologice sau ap\u0103rute ca urmare a unor incidente rutiere. De asemenea, viitorul centru va furniza date \u00een timp real privind traficul rutier.<\/p>\n<div class=\"post-views post-118157 entry-meta\"><span class=\"post-views-label\">Post Views: <\/span><span class=\"post-views-count\">176<\/span><\/div>\n<\/div>\n<footer>\n<div class=\"td-post-sharing td-post-sharing-bottom td-with-like\"><span class=\"td-post-share-title\">DISTRIBUI\u021aI<\/span><\/p>\n<div class=\"td-default-sharing\"><a class=\"td-social-sharing-buttons td-social-facebook\" href=\"http:\/\/www.facebook.com\/sharer.php?u=https%3A%2F%2Fwww.tvbuzau.ro%2Fcentrul-de-monitorizare-al-traficului-avanseaza-in-ritm-accelerat%2F\"><\/p>\n<div class=\"td-social-but-text\">Facebook<\/div>\n<p><\/a><a class=\"td-social-sharing-buttons td-social-twitter\" href=\"https:\/\/twitter.com\/intent\/tweet?text=Centrul+de+monitorizare+al+traficului+avanseaz%C4%83+%C3%AEn+ritm+accelerat&amp;url=https%3A%2F%2Fwww.tvbuzau.ro%2Fcentrul-de-monitorizare-al-traficului-avanseaza-in-ritm-accelerat%2F&amp;via=TV+Buz%C4%83u\"><\/p>\n<div class=\"td-social-but-text\">Twitter<\/div>\n<p><\/a><\/div>\n<div class=\"td-classic-sharing\">\n<ul>\n<li class=\"td-classic-facebook\"><iframe frameborder src=\"https:\/\/www.facebook.com\/plugins\/like.php?href=https:\/\/www.tvbuzau.ro\/centrul-de-monitorizare-al-traficului-avanseaza-in-ritm-accelerat\/&amp;layout=button_count&amp;show_faces=false&amp;width=105&amp;action=like&amp;colorscheme=light&amp;height=21\"><\/iframe><\/li>\n<li class=\"td-classic-twitter\"><a href=\"https:\/\/twitter.com\/share\" class=\"twitter-share-button\" data-url=\"https:\/\/www.tvbuzau.ro\/centrul-de-monitorizare-al-traficului-avanseaza-in-ritm-accelerat\/\" data-text=\"Centrul de monitorizare al traficului avanseaz\u0103 \u00een ritm accelerat\" data-via data-lang=\"en\">tweet<\/a><\/li>\n<\/ul>\n<\/div>\n<\/div>\n<div class=\"td-author-name vcard author\"><span class=\"fn\"><a href=\"https:\/\/www.tvbuzau.ro\/author\/mihai-vasilescu\/\">TV Buz\u0103u<\/a><\/span><\/div>\n<p><span><\/span><span><span><\/span><\/span><span><\/span><\/footer>\n<\/article>\n<div class=\"td_block_wrap td_block_related_posts td_uid_1_69a091f0cdaa0_rand td_with_ajax_pagination td-pb-border-top\" data-td-block-uid=\"td_uid_1_69a091f0cdaa0\">\n<h4 class=\"td-related-title\"><a id=\"td_uid_2_69a091f0d2df9\" class=\"td-related-left td-cur-simple-item\" data-td_filter_value data-td_block_id=\"td_uid_1_69a091f0cdaa0\" href=\"https:\/\/www.tvbuzau.ro\/centrul-de-monitorizare-al-traficului-avanseaza-in-ritm-accelerat\/\">ARTICOLE SIMILARE<\/a><a id=\"td_uid_3_69a091f0d2e32\" class=\"td-related-right\" data-td_filter_value=\"td_related_more_from_author\" data-td_block_id=\"td_uid_1_69a091f0cdaa0\" href=\"https:\/\/www.tvbuzau.ro\/centrul-de-monitorizare-al-traficului-avanseaza-in-ritm-accelerat\/\">DE LA ACELA\u0218I AUTOR<\/a><\/h4>\n<div id=\"td_uid_1_69a091f0cdaa0\" class=\"td_block_inner\">\n<div class=\"td-related-row\">\n<div class=\"td-related-span4\">\n<div class=\"td_module_related_posts td-animation-stack td_mod_related_posts\">\n<div class=\"td-module-image\">\n<div class=\"td-module-thumb\"><a href=\"https:\/\/www.tvbuzau.ro\/marcel-ciolacu-intalnire-cu-constantin-toma\/\" rel=\"bookmark\" title=\"Marcel Ciolacu \u00eent\u00e2lnire cu Constantin Toma\"><img loading=\"lazy\" decoding=\"async\" width=\"218\" height=\"150\" class=\"entry-thumb\" src=\"https:\/\/www.tvbuzau.ro\/wp-content\/uploads\/2026\/02\/hqdefault-37-218x150.jpg\" alt title=\"Marcel Ciolacu \u00eent\u00e2lnire cu Constantin Toma\"><span class=\"td-video-play-ico\"><img loading=\"lazy\" decoding=\"async\" width=\"40\" height=\"40\" class=\"td-retina\" src=\"https:\/\/www.tvbuzau.ro\/wp-content\/themes\/Newspaper\/images\/icons\/ico-video-large.png\" alt=\"video\"><\/span><\/a><\/div>\n<p><a href=\"https:\/\/www.tvbuzau.ro\/category\/actualitate\/\" class=\"td-post-category\">Actualitate<\/a><\/div>\n<div class=\"item-details\">\n<h3 class=\"entry-title td-module-title\"><a href=\"https:\/\/www.tvbuzau.ro\/marcel-ciolacu-intalnire-cu-constantin-toma\/\" rel=\"bookmark\" title=\"Marcel Ciolacu \u00eent\u00e2lnire cu Constantin Toma\">Marcel Ciolacu \u00eent\u00e2lnire cu Constantin Toma<\/a><\/h3>\n<\/div>\n<\/div>\n<\/div>\n<div class=\"td-related-span4\">\n<div class=\"td_module_related_posts td-animation-stack td_mod_related_posts\">\n<div class=\"td-module-image\">\n<div class=\"td-module-thumb\"><a href=\"https:\/\/www.tvbuzau.ro\/aproape-30-dintre-masinile-verificate-in-buzau-de-rar-cu-probleme\/\" rel=\"bookmark\" title=\"Aproape 30% dintre ma\u015finile verificate \u00een Buz\u0103u de RAR, cu probleme\"><img loading=\"lazy\" decoding=\"async\" width=\"218\" height=\"150\" class=\"entry-thumb\" src=\"https:\/\/www.tvbuzau.ro\/wp-content\/uploads\/2026\/02\/sddefault-43-218x150.jpg\" alt title=\"Aproape 30% dintre ma\u015finile verificate \u00een Buz\u0103u de RAR, cu probleme\"><span class=\"td-video-play-ico\"><img loading=\"lazy\" decoding=\"async\" width=\"40\" height=\"40\" class=\"td-retina\" src=\"https:\/\/www.tvbuzau.ro\/wp-content\/themes\/Newspaper\/images\/icons\/ico-video-large.png\" alt=\"video\"><\/span><\/a><\/div>\n<p><a href=\"https:\/\/www.tvbuzau.ro\/category\/actualitate\/\" class=\"td-post-category\">Actualitate<\/a><\/div>\n<div class=\"item-details\">\n<h3 class=\"entry-title td-module-title\"><a href=\"https:\/\/www.tvbuzau.ro\/aproape-30-dintre-masinile-verificate-in-buzau-de-rar-cu-probleme\/\" rel=\"bookmark\" title=\"Aproape 30% dintre ma\u015finile verificate \u00een Buz\u0103u de RAR, cu probleme\">Aproape 30% dintre ma\u015finile verificate \u00een Buz\u0103u de RAR, cu probleme<\/a><\/h3>\n<\/div>\n<\/div>\n<\/div>\n<div class=\"td-related-span4\">\n<div class=\"td_module_related_posts td-animation-stack td_mod_related_posts\">\n<div class=\"td-module-image\">\n<div class=\"td-module-thumb\"><a href=\"https:\/\/www.tvbuzau.ro\/amenzi-in-valoare-de-2-milioane-lei-aplicate-de-isu-in-anul-2025\/\" rel=\"bookmark\" title=\"Amenzi \u00een valoare de 2 milioane lei aplicate de ISU \u00een anul 2025\"><img loading=\"lazy\" decoding=\"async\" width=\"218\" height=\"150\" class=\"entry-thumb\" src=\"https:\/\/www.tvbuzau.ro\/wp-content\/uploads\/2026\/02\/sddefault-42-218x150.jpg\" alt title=\"Amenzi \u00een valoare de 2 milioane lei aplicate de ISU \u00een anul 2025\"><span class=\"td-video-play-ico\"><img loading=\"lazy\" decoding=\"async\" width=\"40\" height=\"40\" class=\"td-retina\" src=\"https:\/\/www.tvbuzau.ro\/wp-content\/themes\/Newspaper\/images\/icons\/ico-video-large.png\" alt=\"video\"><\/span><\/a><\/div>\n<p><a href=\"https:\/\/www.tvbuzau.ro\/category\/actualitate\/\" class=\"td-post-category\">Actualitate<\/a><\/div>\n<div class=\"item-details\">\n<h3 class=\"entry-title td-module-title\"><a href=\"https:\/\/www.tvbuzau.ro\/amenzi-in-valoare-de-2-milioane-lei-aplicate-de-isu-in-anul-2025\/\" rel=\"bookmark\" title=\"Amenzi \u00een valoare de 2 milioane lei aplicate de ISU \u00een anul 2025\">Amenzi \u00een valoare de 2 milioane lei aplicate de ISU \u00een anul 2025<\/a><\/h3>\n<\/div>\n<\/div>\n<\/div>\n<\/div>\n<div class=\"td-related-row\">\n<div class=\"td-related-span4\">\n<div class=\"td_module_related_posts td-animation-stack td_mod_related_posts\">\n<div class=\"td-module-image\">\n<div class=\"td-module-thumb\"><a href=\"https:\/\/www.tvbuzau.ro\/file-de-pangasius-congelat-retrase-de-la-comercializare\/\" rel=\"bookmark\" title=\"File de pangasius congelat retrase de la comercializare\"><img loading=\"lazy\" decoding=\"async\" width=\"218\" height=\"150\" class=\"entry-thumb\" src=\"https:\/\/www.tvbuzau.ro\/wp-content\/uploads\/2026\/02\/maxresdefault-3-218x150.jpg\" alt title=\"File de pangasius congelat retrase de la comercializare\"><span class=\"td-video-play-ico\"><img loading=\"lazy\" decoding=\"async\" width=\"40\" height=\"40\" class=\"td-retina\" src=\"https:\/\/www.tvbuzau.ro\/wp-content\/themes\/Newspaper\/images\/icons\/ico-video-large.png\" alt=\"video\"><\/span><\/a><\/div>\n<p><a href=\"https:\/\/www.tvbuzau.ro\/category\/actualitate\/\" class=\"td-post-category\">Actualitate<\/a><\/div>\n<div class=\"item-details\">\n<h3 class=\"entry-title td-module-title\"><a href=\"https:\/\/www.tvbuzau.ro\/file-de-pangasius-congelat-retrase-de-la-comercializare\/\" rel=\"bookmark\" title=\"File de pangasius congelat retrase de la comercializare\">File de pangasius congelat retrase de la comercializare<\/a><\/h3>\n<\/div>\n<\/div>\n<\/div>\n<div class=\"td-related-span4\">\n<div class=\"td_module_related_posts td-animation-stack td_mod_related_posts\">\n<div class=\"td-module-image\">\n<div class=\"td-module-thumb\"><a href=\"https:\/\/www.tvbuzau.ro\/peste-3-000-de-someri-nu-au-avut-niciodata-un-loc-de-munca\/\" rel=\"bookmark\" title=\"Peste 3.000 de \u015fomeri nu au avut niciodat\u0103 un loc de munc\u0103\"><img loading=\"lazy\" decoding=\"async\" width=\"218\" height=\"150\" class=\"entry-thumb\" src=\"https:\/\/www.tvbuzau.ro\/wp-content\/uploads\/2026\/02\/hqdefault-36-218x150.jpg\" alt title=\"Peste 3.000 de \u015fomeri nu au avut niciodat\u0103 un loc de munc\u0103\"><span class=\"td-video-play-ico\"><img loading=\"lazy\" decoding=\"async\" width=\"40\" height=\"40\" class=\"td-retina\" src=\"https:\/\/www.tvbuzau.ro\/wp-content\/themes\/Newspaper\/images\/icons\/ico-video-large.png\" alt=\"video\"><\/span><\/a><\/div>\n<p><a href=\"https:\/\/www.tvbuzau.ro\/category\/actualitate\/\" class=\"td-post-category\">Actualitate<\/a><\/div>\n<div class=\"item-details\">\n<h3 class=\"entry-title td-module-title\"><a href=\"https:\/\/www.tvbuzau.ro\/peste-3-000-de-someri-nu-au-avut-niciodata-un-loc-de-munca\/\" rel=\"bookmark\" title=\"Peste 3.000 de \u015fomeri nu au avut niciodat\u0103 un loc de munc\u0103\">Peste 3.000 de \u015fomeri nu au avut niciodat\u0103 un loc de munc\u0103<\/a><\/h3>\n<\/div>\n<\/div>\n<\/div>\n<div class=\"td-related-span4\">\n<div class=\"td_module_related_posts td-animation-stack td_mod_related_posts\">\n<div class=\"td-module-image\">\n<div class=\"td-module-thumb\"><a href=\"https:\/\/www.tvbuzau.ro\/perchezitii-la-calvini\/\" rel=\"bookmark\" title=\"Perchezi\u0163ii la Calvini\"><img loading=\"lazy\" decoding=\"async\" width=\"218\" height=\"150\" class=\"entry-thumb\" src=\"https:\/\/www.tvbuzau.ro\/wp-content\/uploads\/2026\/02\/hqdefault-35-218x150.jpg\" alt title=\"Perchezi\u0163ii la Calvini\"><span class=\"td-video-play-ico\"><img loading=\"lazy\" decoding=\"async\" width=\"40\" height=\"40\" class=\"td-retina\" src=\"https:\/\/www.tvbuzau.ro\/wp-content\/themes\/Newspaper\/images\/icons\/ico-video-large.png\" alt=\"video\"><\/span><\/a><\/div>\n<p><a href=\"https:\/\/www.tvbuzau.ro\/category\/actualitate\/\" class=\"td-post-category\">Actualitate<\/a><\/div>\n<div class=\"item-details\">\n<h3 class=\"entry-title td-module-title\"><a href=\"https:\/\/www.tvbuzau.ro\/perchezitii-la-calvini\/\" rel=\"bookmark\" title=\"Perchezi\u0163ii la Calvini\">Perchezi\u0163ii la Calvini<\/a><\/h3>\n<\/div>\n<\/div>\n<\/div>\n<\/div>\n<\/div>\n<\/div>\n<div class=\"comments\" id=\"comments\">\n<div id=\"respond\" class=\"comment-respond\">\n<h3 id=\"reply-title\" class=\"comment-reply-title\">L\u0102SA\u021aI UN MESAJ <small><a rel=\"nofollow\" id=\"cancel-comment-reply-link\" href=\"https:\/\/www.tvbuzau.ro\/centrul-de-monitorizare-al-traficului-avanseaza-in-ritm-accelerat\/#respond\">Renun\u021ba\u021bi la r\u0103spuns<\/a><\/small><\/h3>\n<\/div>\n<\/div>\n<\/div>\n<div class=\"td-post-content\">\n<div class=\"td-featured-image-rec\">\n<div class=\"wpb_video_wrapper\">\n                    <iframe loading=\"lazy\" id=\"td_youtube_player\" width=\"600\" height=\"560\" src=\"https:\/\/www.youtube.com\/embed\/R8DCFwxZ8lE?enablejsapi=1&amp;feature=oembed&amp;wmode=opaque&amp;vq=hd720\" frameborder allowfullscreen><\/iframe><\/p><\/div>\n<\/div>\n<p>Traficul pe autostrad\u0103 va fi supravegheat de DRDP Buz\u0103u<br \/>\nLucr\u0103rile pentru punerea \u00een func\u021biune a sistemului de informare \u0219i monitorizare a traficului pe sectoarele de autostrad\u0103 avanseaz\u0103 \u00eentr-un ritm accelerat, anun\u0163\u0103 Direc\u0163ia Regional\u0103 de Drumuri \u015fi Poduri Buz\u0103u.<br \/>\nCentrul de Monitorizare \u0219i Informare a traficului se afl\u0103 \u00een nodul rutier al A7, de la Sp\u0103taru, \u0219i va fi un hub opera\u021bional centralizat care utilizeaz\u0103 camere video, senzori \u0219i panouri cu mesaje variabile pentru a supraveghea circula\u021bia \u00een timp real.<br \/>\n\u00cen plus, gestioneaz\u0103 incidentele, condi\u021biile meteo \u0219i informeaz\u0103 \u0219oferii rapid, asigur\u00e2nd astfel fluiditatea \u0219i siguran\u021ba rutier\u0103 pe sectoarele monitorizate.<br \/>\nUn Centru de Management al Traficului, \u00een valoare de peste 31 de milioane de lei, va fi construit la Buz\u0103u pe locul fostei maternit\u0103\u0163i. Cl\u0103direa va avea subsol, parter \u015fi cinci etaje.<br \/>\nCentrul  urmeaz\u0103 s\u0103 deserveasc\u0103 \u00eentreaga zon\u0103 administrativ\u0103 a DRDP Buz\u0103u ca suport al Centrului Na\u0163ional de Management al Traficului, \u00een managementul incidentelor rutiere cu optimizarea timpilor de detec\u0163ie \u015fi interven\u0163ie, \u00een prevenirea incidentelor rutiere prin aducerea la cunostin\u0163\u0103 \u00een timp real, la nivelul utilizatorilor, a riscurilor existente datorate fenomenelor meteorologice sau ap\u0103rute ca urmare a unor incidente rutiere. De asemenea, viitorul centru va furniza date \u00een timp real privind traficul rutier.<\/p>\n<div class=\"post-views post-118157 entry-meta\"><span class=\"post-views-label\">Post Views: <\/span><span class=\"post-views-count\">176<\/span><\/div>\n<\/div>\n<p>[analyse_source url=&#8221;https:\/\/www.tvbuzau.ro\/centrul-de-monitorizare-al-traficului-avanseaza-in-ritm-accelerat\/&#8221;]<\/p>\n","protected":false},"excerpt":{"rendered":"<p>[analyse_image type=&#8221;featured&#8221; src=&#8221;https:\/\/www.tvbuzau.ro\/wp-content\/uploads\/2026\/02\/sddefault-40.jpghttps:\/\/www.tvbuzau.ro\/wp-content\/uploads\/2026\/02\/sddefault-40.jpg&#8221;] Actualitate Centrul de monitorizare al traficului avanseaz\u0103 \u00een ritm accelerat De c\u0103tre TV Buz\u0103u &#8211; februarie 25, 2026 0 14 Distribui\u021bi pe Facebook Distribui\u021bi pe Twitter tweet Traficul pe autostrad\u0103 va fi supravegheat de DRDP Buz\u0103u Lucr\u0103rile pentru punerea \u00een func\u021biune a sistemului de informare \u0219i monitorizare a traficului pe sectoarele de [&hellip;]<\/p>\n","protected":false},"author":1,"featured_media":0,"comment_status":"open","ping_status":"","sticky":false,"template":"","format":"standard","meta":{"footnotes":""},"categories":[2],"tags":[226,116],"class_list":["post-1795040","post","type-post","status-publish","format-standard","hentry","category-politics","tag-crawlmanager","tag-tvbuzau-ro"],"_links":{"self":[{"href":"https:\/\/analyse.optim.biz\/index.php?rest_route=\/wp\/v2\/posts\/1795040","targetHints":{"allow":["GET"]}}],"collection":[{"href":"https:\/\/analyse.optim.biz\/index.php?rest_route=\/wp\/v2\/posts"}],"about":[{"href":"https:\/\/analyse.optim.biz\/index.php?rest_route=\/wp\/v2\/types\/post"}],"author":[{"embeddable":true,"href":"https:\/\/analyse.optim.biz\/index.php?rest_route=\/wp\/v2\/users\/1"}],"replies":[{"embeddable":true,"href":"https:\/\/analyse.optim.biz\/index.php?rest_route=%2Fwp%2Fv2%2Fcomments&post=1795040"}],"version-history":[{"count":0,"href":"https:\/\/analyse.optim.biz\/index.php?rest_route=\/wp\/v2\/posts\/1795040\/revisions"}],"wp:attachment":[{"href":"https:\/\/analyse.optim.biz\/index.php?rest_route=%2Fwp%2Fv2%2Fmedia&parent=1795040"}],"wp:term":[{"taxonomy":"category","embeddable":true,"href":"https:\/\/analyse.optim.biz\/index.php?rest_route=%2Fwp%2Fv2%2Fcategories&post=1795040"},{"taxonomy":"post_tag","embeddable":true,"href":"https:\/\/analyse.optim.biz\/index.php?rest_route=%2Fwp%2Fv2%2Ftags&post=1795040"}],"curies":[{"name":"wp","href":"https:\/\/api.w.org\/{rel}","templated":true}]}}