{"id":1795038,"date":"2026-02-25T20:17:41","date_gmt":"2026-02-25T17:17:41","guid":{"rendered":"https:\/\/analyse.optim.biz\/?p=1795038"},"modified":"2026-02-25T20:17:41","modified_gmt":"2026-02-25T17:17:41","slug":"consiliul-judetean-buzau-inscrie-sase-destinatii-pentru-destinatia-anului-2026","status":"publish","type":"post","link":"https:\/\/analyse.optim.biz\/?p=1795038","title":{"rendered":"Consiliul Jude\u021bean Buz\u0103u \u00eenscrie \u0219ase destina\u021bii pentru \u201eDestina\u021bia Anului 2026\u201d"},"content":{"rendered":"<p>[analyse_image type=&#8221;featured&#8221; src=&#8221;https:\/\/www.tvbuzau.ro\/wp-content\/uploads\/2026\/02\/sddefault-39.jpghttps:\/\/www.tvbuzau.ro\/wp-content\/uploads\/2026\/02\/sddefault-39.jpg&#8221;]<\/p>\n<div class=\"td-ss-main-content\">\n<article id=\"post-118154\" class=\"post-118154 post type-post status-publish format-video has-post-thumbnail hentry category-actualitate post_format-post-format-video\">\n<div class=\"td-post-header\">\n<ul class=\"td-category\">\n<li class=\"entry-category\"><a href=\"https:\/\/www.tvbuzau.ro\/category\/actualitate\/\">Actualitate<\/a><\/li>\n<\/ul>\n<header class=\"td-post-title\">\n<h1 class=\"entry-title\">Consiliul Jude\u021bean Buz\u0103u \u00eenscrie \u0219ase destina\u021bii pentru \u201eDestina\u021bia Anului 2026\u201d<\/h1>\n<div class=\"td-module-meta-info\">\n<div class=\"td-post-author-name\">De c\u0103tre <a href=\"https:\/\/www.tvbuzau.ro\/author\/mihai-vasilescu\/\">TV Buz\u0103u<\/a> &#8211; <\/div>\n<p><span class=\"td-post-date\"><time class=\"entry-date updated td-module-date\" datetime=\"2026-02-25T20:17:41+00:00\">februarie 25, 2026<\/time><\/span><\/p>\n<div class=\"td-post-comments\"><a href=\"https:\/\/www.tvbuzau.ro\/consiliul-judetean-buzau-inscrie-sase-destinatii-pentru-destinatia-anului-2026\/#respond\">0<\/a><\/div>\n<div class=\"td-post-views\"><span class=\"td-nr-views-118154\">2<\/span><\/div>\n<\/div>\n<\/header>\n<\/div>\n<div class=\"td-post-sharing td-post-sharing-top td-with-like\">\n<div class=\"td-default-sharing\"><a class=\"td-social-sharing-buttons td-social-facebook\" href=\"http:\/\/www.facebook.com\/sharer.php?u=https%3A%2F%2Fwww.tvbuzau.ro%2Fconsiliul-judetean-buzau-inscrie-sase-destinatii-pentru-destinatia-anului-2026%2F\"><\/p>\n<div class=\"td-social-but-text\">Distribui\u021bi pe Facebook<\/div>\n<p><\/a><a class=\"td-social-sharing-buttons td-social-twitter\" href=\"https:\/\/twitter.com\/intent\/tweet?text=Consiliul+Jude%C8%9Bean+Buz%C4%83u+%C3%AEnscrie+%C8%99ase+destina%C8%9Bii+pentru+%E2%80%9EDestina%C8%9Bia+Anului+2026%E2%80%9D&amp;url=https%3A%2F%2Fwww.tvbuzau.ro%2Fconsiliul-judetean-buzau-inscrie-sase-destinatii-pentru-destinatia-anului-2026%2F&amp;via=TV+Buz%C4%83u\"><\/p>\n<div class=\"td-social-but-text\">Distribui\u021bi pe Twitter<\/div>\n<p><\/a><\/div>\n<div class=\"td-classic-sharing\">\n<ul>\n<li class=\"td-classic-facebook\"><iframe frameborder src=\"https:\/\/www.facebook.com\/plugins\/like.php?href=https:\/\/www.tvbuzau.ro\/consiliul-judetean-buzau-inscrie-sase-destinatii-pentru-destinatia-anului-2026\/&amp;layout=button_count&amp;show_faces=false&amp;width=105&amp;action=like&amp;colorscheme=light&amp;height=21\"><\/iframe><\/li>\n<li class=\"td-classic-twitter\"><a href=\"https:\/\/twitter.com\/share\" class=\"twitter-share-button\" data-url=\"https:\/\/www.tvbuzau.ro\/consiliul-judetean-buzau-inscrie-sase-destinatii-pentru-destinatia-anului-2026\/\" data-text=\"Consiliul Jude\u021bean Buz\u0103u \u00eenscrie \u0219ase destina\u021bii pentru \u201eDestina\u021bia Anului 2026\u201d\" data-via data-lang=\"en\">tweet<\/a><\/li>\n<\/ul>\n<\/div>\n<\/div>\n<div class=\"td-post-content\">\n<div class=\"td-featured-image-rec\">\n<div class=\"wpb_video_wrapper\">\n                    <iframe loading=\"lazy\" id=\"td_youtube_player\" width=\"600\" height=\"560\" src=\"https:\/\/www.youtube.com\/embed\/8X8tsF2hlXA?enablejsapi=1&amp;feature=oembed&amp;wmode=opaque&amp;vq=hd720\" frameborder allowfullscreen><\/iframe><\/p><\/div>\n<\/div>\n<p>Care sunt cele  \u015fase destina\u0163ii din jude\u0163?<br \/>\n\u00cencheierea etapei de nominaliz\u0103ri \u00een competi\u021bia Destina\u021bia Anului 2026 marcheaz\u0103 deschiderea oficial\u0103 a sezonului competi\u021bional 2026 pentru titlul \u201cDestina\u021bia Anului \u00een Rom\u00e2nia\u201d. Consiliul Jude\u021bean Buz\u0103u a nominalizat \u0219ase atrac\u021bii turistice din jude\u021b \u00een aceast\u0103 etap\u0103 a competi\u021biei, sus\u021bin\u00e2nd promovarea unitar\u0103 a patrimoniului natural, cultural \u0219i istoric buzoian.<\/p>\n<p>\u201cDestina\u021biile nominalizate de Consiliul Jude\u021bean Buz\u0103u sunt:<br \/>\n\u2022 Categoria T\u0103r\u00e2muri fermecate \u2013 zone geografice sau localit\u0103\u021bi cu un bogat tezaur de natur\u0103, istorie \u0219i tradi\u021bie: Geoparcul Interna\u021bional UNESCO \u021ainutul Buz\u0103ului;<br \/>\n\u2022 Categoria Sate de poveste: Siriu;<br \/>\n\u2022 Categoria Sanctuare ale Istoriei \u2013 obiective de patrimoniu istoric \u0219i spiritual ce pun \u00een valoare arhitectura, tradi\u021biile \u0219i mo\u0219tenirea trecutului: A\u0219ez\u0103rile rupestre din Mun\u021bii Buz\u0103ului;<br \/>\n\u2022 Categoria T\u0103r\u00e2mul cunoa\u0219terii \u2013 obiective cu rol educativ, ce promoveaz\u0103 cunoa\u0219terea, \u0219tiin\u021ba, arta \u0219i cultura prin colec\u021bii, expozi\u021bii \u0219i programe interactive pentru public: Muzeul Chihlimbarului Col\u021bi;<br \/>\n\u2022 Categoria Comori naturale \u2013 forma\u021biuni\/atrac\u021bii geologice, pe\u0219teri, ape sau alte atrac\u021bii naturale cu acces amenajat \u0219i management de obiectiv turistic, oferind experien\u021be autentice \u00een aer liber: Vulcanii Noroio\u0219i;<br \/>\n\u2022 Landmark \u2013 embleme ale turismului cultural, remarcabile prin valoarea artistic\u0103, arhitectural\u0103 \u0219i simbolic\u0103: Casa cu Blazoane Chiojdu\u201d, informeaz\u0103 Consiliul Jude\u0163ean Buz\u0103u.<\/p>\n<p>Urm\u0103toarea etap\u0103 presupune selec\u021bia destina\u021biilor finaliste, \u00een special pe baza num\u0103rului de recomand\u0103ri primite de la public \u0219i juriu. Ultima etap\u0103, care decide c\u00e2\u0219tig\u0103torii, va avea loc \u00een luna aprilie, c\u00e2nd destina\u021biile finaliste vor fi supuse votului publicului, votului juriului dar \u0219i unui sondaj cu reprezentativitate na\u021bional\u0103, \u201cCercetarea Destina\u021bia Anului\u201d, pentru a asigura un rezultat reprezentativ \u0219i echilibrat.<\/p>\n<p>\u201dAmploarea nominaliz\u0103rilor din acest an confirm\u0103 c\u0103 interesul rom\u00e2nilor pentru propria \u021bar\u0103 este \u00een cre\u0219tere. Destina\u021bia Anului nu este doar o competi\u021bie, ci un mijloc de a aduce \u00een prim-plan locuri, comunit\u0103\u021bi \u0219i ini\u021biative care merit\u0103 cunoscute \u0219i sus\u021binute. Prin mecanismul s\u0103u, care combin\u0103 implicarea publicului, expertiza juriului \u0219i analiza obiectiv\u0103, contribuie la consolidarea \u00eencrederii \u00een turismul rom\u00e2nesc \u0219i la orientarea alegerilor de vacan\u021b\u0103 c\u0103tre destina\u021bii din Rom\u00e2nia.\u201d, au declarat organizatorii Destina\u021bia Anului.<\/p>\n<div class=\"post-views post-118154 entry-meta\"><span class=\"post-views-label\">Post Views: <\/span><span class=\"post-views-count\">136<\/span><\/div>\n<\/div>\n<footer>\n<div class=\"td-post-sharing td-post-sharing-bottom td-with-like\"><span class=\"td-post-share-title\">DISTRIBUI\u021aI<\/span><\/p>\n<div class=\"td-default-sharing\"><a class=\"td-social-sharing-buttons td-social-facebook\" href=\"http:\/\/www.facebook.com\/sharer.php?u=https%3A%2F%2Fwww.tvbuzau.ro%2Fconsiliul-judetean-buzau-inscrie-sase-destinatii-pentru-destinatia-anului-2026%2F\"><\/p>\n<div class=\"td-social-but-text\">Facebook<\/div>\n<p><\/a><a class=\"td-social-sharing-buttons td-social-twitter\" href=\"https:\/\/twitter.com\/intent\/tweet?text=Consiliul+Jude%C8%9Bean+Buz%C4%83u+%C3%AEnscrie+%C8%99ase+destina%C8%9Bii+pentru+%E2%80%9EDestina%C8%9Bia+Anului+2026%E2%80%9D&amp;url=https%3A%2F%2Fwww.tvbuzau.ro%2Fconsiliul-judetean-buzau-inscrie-sase-destinatii-pentru-destinatia-anului-2026%2F&amp;via=TV+Buz%C4%83u\"><\/p>\n<div class=\"td-social-but-text\">Twitter<\/div>\n<p><\/a><\/div>\n<div class=\"td-classic-sharing\">\n<ul>\n<li class=\"td-classic-facebook\"><iframe frameborder src=\"https:\/\/www.facebook.com\/plugins\/like.php?href=https:\/\/www.tvbuzau.ro\/consiliul-judetean-buzau-inscrie-sase-destinatii-pentru-destinatia-anului-2026\/&amp;layout=button_count&amp;show_faces=false&amp;width=105&amp;action=like&amp;colorscheme=light&amp;height=21\"><\/iframe><\/li>\n<li class=\"td-classic-twitter\"><a href=\"https:\/\/twitter.com\/share\" class=\"twitter-share-button\" data-url=\"https:\/\/www.tvbuzau.ro\/consiliul-judetean-buzau-inscrie-sase-destinatii-pentru-destinatia-anului-2026\/\" data-text=\"Consiliul Jude\u021bean Buz\u0103u \u00eenscrie \u0219ase destina\u021bii pentru \u201eDestina\u021bia Anului 2026\u201d\" data-via data-lang=\"en\">tweet<\/a><\/li>\n<\/ul>\n<\/div>\n<\/div>\n<div class=\"td-author-name vcard author\"><span class=\"fn\"><a href=\"https:\/\/www.tvbuzau.ro\/author\/mihai-vasilescu\/\">TV Buz\u0103u<\/a><\/span><\/div>\n<p><span><\/span><span><span><\/span><\/span><span><\/span><\/footer>\n<\/article>\n<div class=\"td_block_wrap td_block_related_posts td_uid_1_69a091c1d7c68_rand td_with_ajax_pagination td-pb-border-top\" data-td-block-uid=\"td_uid_1_69a091c1d7c68\">\n<h4 class=\"td-related-title\"><a id=\"td_uid_2_69a091c1dd382\" class=\"td-related-left td-cur-simple-item\" data-td_filter_value data-td_block_id=\"td_uid_1_69a091c1d7c68\" href=\"https:\/\/www.tvbuzau.ro\/consiliul-judetean-buzau-inscrie-sase-destinatii-pentru-destinatia-anului-2026\/\">ARTICOLE SIMILARE<\/a><a id=\"td_uid_3_69a091c1dd3be\" class=\"td-related-right\" data-td_filter_value=\"td_related_more_from_author\" data-td_block_id=\"td_uid_1_69a091c1d7c68\" href=\"https:\/\/www.tvbuzau.ro\/consiliul-judetean-buzau-inscrie-sase-destinatii-pentru-destinatia-anului-2026\/\">DE LA ACELA\u0218I AUTOR<\/a><\/h4>\n<div id=\"td_uid_1_69a091c1d7c68\" class=\"td_block_inner\">\n<div class=\"td-related-row\">\n<div class=\"td-related-span4\">\n<div class=\"td_module_related_posts td-animation-stack td_mod_related_posts\">\n<div class=\"td-module-image\">\n<div class=\"td-module-thumb\"><a href=\"https:\/\/www.tvbuzau.ro\/marcel-ciolacu-intalnire-cu-constantin-toma\/\" rel=\"bookmark\" title=\"Marcel Ciolacu \u00eent\u00e2lnire cu Constantin Toma\"><img loading=\"lazy\" decoding=\"async\" width=\"218\" height=\"150\" class=\"entry-thumb\" src=\"https:\/\/www.tvbuzau.ro\/wp-content\/uploads\/2026\/02\/hqdefault-37-218x150.jpg\" alt title=\"Marcel Ciolacu \u00eent\u00e2lnire cu Constantin Toma\"><span class=\"td-video-play-ico\"><img loading=\"lazy\" decoding=\"async\" width=\"40\" height=\"40\" class=\"td-retina\" src=\"https:\/\/www.tvbuzau.ro\/wp-content\/themes\/Newspaper\/images\/icons\/ico-video-large.png\" alt=\"video\"><\/span><\/a><\/div>\n<p><a href=\"https:\/\/www.tvbuzau.ro\/category\/actualitate\/\" class=\"td-post-category\">Actualitate<\/a><\/div>\n<div class=\"item-details\">\n<h3 class=\"entry-title td-module-title\"><a href=\"https:\/\/www.tvbuzau.ro\/marcel-ciolacu-intalnire-cu-constantin-toma\/\" rel=\"bookmark\" title=\"Marcel Ciolacu \u00eent\u00e2lnire cu Constantin Toma\">Marcel Ciolacu \u00eent\u00e2lnire cu Constantin Toma<\/a><\/h3>\n<\/div>\n<\/div>\n<\/div>\n<div class=\"td-related-span4\">\n<div class=\"td_module_related_posts td-animation-stack td_mod_related_posts\">\n<div class=\"td-module-image\">\n<div class=\"td-module-thumb\"><a href=\"https:\/\/www.tvbuzau.ro\/aproape-30-dintre-masinile-verificate-in-buzau-de-rar-cu-probleme\/\" rel=\"bookmark\" title=\"Aproape 30% dintre ma\u015finile verificate \u00een Buz\u0103u de RAR, cu probleme\"><img loading=\"lazy\" decoding=\"async\" width=\"218\" height=\"150\" class=\"entry-thumb\" src=\"https:\/\/www.tvbuzau.ro\/wp-content\/uploads\/2026\/02\/sddefault-43-218x150.jpg\" alt title=\"Aproape 30% dintre ma\u015finile verificate \u00een Buz\u0103u de RAR, cu probleme\"><span class=\"td-video-play-ico\"><img loading=\"lazy\" decoding=\"async\" width=\"40\" height=\"40\" class=\"td-retina\" src=\"https:\/\/www.tvbuzau.ro\/wp-content\/themes\/Newspaper\/images\/icons\/ico-video-large.png\" alt=\"video\"><\/span><\/a><\/div>\n<p><a href=\"https:\/\/www.tvbuzau.ro\/category\/actualitate\/\" class=\"td-post-category\">Actualitate<\/a><\/div>\n<div class=\"item-details\">\n<h3 class=\"entry-title td-module-title\"><a href=\"https:\/\/www.tvbuzau.ro\/aproape-30-dintre-masinile-verificate-in-buzau-de-rar-cu-probleme\/\" rel=\"bookmark\" title=\"Aproape 30% dintre ma\u015finile verificate \u00een Buz\u0103u de RAR, cu probleme\">Aproape 30% dintre ma\u015finile verificate \u00een Buz\u0103u de RAR, cu probleme<\/a><\/h3>\n<\/div>\n<\/div>\n<\/div>\n<div class=\"td-related-span4\">\n<div class=\"td_module_related_posts td-animation-stack td_mod_related_posts\">\n<div class=\"td-module-image\">\n<div class=\"td-module-thumb\"><a href=\"https:\/\/www.tvbuzau.ro\/amenzi-in-valoare-de-2-milioane-lei-aplicate-de-isu-in-anul-2025\/\" rel=\"bookmark\" title=\"Amenzi \u00een valoare de 2 milioane lei aplicate de ISU \u00een anul 2025\"><img loading=\"lazy\" decoding=\"async\" width=\"218\" height=\"150\" class=\"entry-thumb\" src=\"https:\/\/www.tvbuzau.ro\/wp-content\/uploads\/2026\/02\/sddefault-42-218x150.jpg\" alt title=\"Amenzi \u00een valoare de 2 milioane lei aplicate de ISU \u00een anul 2025\"><span class=\"td-video-play-ico\"><img loading=\"lazy\" decoding=\"async\" width=\"40\" height=\"40\" class=\"td-retina\" src=\"https:\/\/www.tvbuzau.ro\/wp-content\/themes\/Newspaper\/images\/icons\/ico-video-large.png\" alt=\"video\"><\/span><\/a><\/div>\n<p><a href=\"https:\/\/www.tvbuzau.ro\/category\/actualitate\/\" class=\"td-post-category\">Actualitate<\/a><\/div>\n<div class=\"item-details\">\n<h3 class=\"entry-title td-module-title\"><a href=\"https:\/\/www.tvbuzau.ro\/amenzi-in-valoare-de-2-milioane-lei-aplicate-de-isu-in-anul-2025\/\" rel=\"bookmark\" title=\"Amenzi \u00een valoare de 2 milioane lei aplicate de ISU \u00een anul 2025\">Amenzi \u00een valoare de 2 milioane lei aplicate de ISU \u00een anul 2025<\/a><\/h3>\n<\/div>\n<\/div>\n<\/div>\n<\/div>\n<div class=\"td-related-row\">\n<div class=\"td-related-span4\">\n<div class=\"td_module_related_posts td-animation-stack td_mod_related_posts\">\n<div class=\"td-module-image\">\n<div class=\"td-module-thumb\"><a href=\"https:\/\/www.tvbuzau.ro\/file-de-pangasius-congelat-retrase-de-la-comercializare\/\" rel=\"bookmark\" title=\"File de pangasius congelat retrase de la comercializare\"><img loading=\"lazy\" decoding=\"async\" width=\"218\" height=\"150\" class=\"entry-thumb\" src=\"https:\/\/www.tvbuzau.ro\/wp-content\/uploads\/2026\/02\/maxresdefault-3-218x150.jpg\" alt title=\"File de pangasius congelat retrase de la comercializare\"><span class=\"td-video-play-ico\"><img loading=\"lazy\" decoding=\"async\" width=\"40\" height=\"40\" class=\"td-retina\" src=\"https:\/\/www.tvbuzau.ro\/wp-content\/themes\/Newspaper\/images\/icons\/ico-video-large.png\" alt=\"video\"><\/span><\/a><\/div>\n<p><a href=\"https:\/\/www.tvbuzau.ro\/category\/actualitate\/\" class=\"td-post-category\">Actualitate<\/a><\/div>\n<div class=\"item-details\">\n<h3 class=\"entry-title td-module-title\"><a href=\"https:\/\/www.tvbuzau.ro\/file-de-pangasius-congelat-retrase-de-la-comercializare\/\" rel=\"bookmark\" title=\"File de pangasius congelat retrase de la comercializare\">File de pangasius congelat retrase de la comercializare<\/a><\/h3>\n<\/div>\n<\/div>\n<\/div>\n<div class=\"td-related-span4\">\n<div class=\"td_module_related_posts td-animation-stack td_mod_related_posts\">\n<div class=\"td-module-image\">\n<div class=\"td-module-thumb\"><a href=\"https:\/\/www.tvbuzau.ro\/peste-3-000-de-someri-nu-au-avut-niciodata-un-loc-de-munca\/\" rel=\"bookmark\" title=\"Peste 3.000 de \u015fomeri nu au avut niciodat\u0103 un loc de munc\u0103\"><img loading=\"lazy\" decoding=\"async\" width=\"218\" height=\"150\" class=\"entry-thumb\" src=\"https:\/\/www.tvbuzau.ro\/wp-content\/uploads\/2026\/02\/hqdefault-36-218x150.jpg\" alt title=\"Peste 3.000 de \u015fomeri nu au avut niciodat\u0103 un loc de munc\u0103\"><span class=\"td-video-play-ico\"><img loading=\"lazy\" decoding=\"async\" width=\"40\" height=\"40\" class=\"td-retina\" src=\"https:\/\/www.tvbuzau.ro\/wp-content\/themes\/Newspaper\/images\/icons\/ico-video-large.png\" alt=\"video\"><\/span><\/a><\/div>\n<p><a href=\"https:\/\/www.tvbuzau.ro\/category\/actualitate\/\" class=\"td-post-category\">Actualitate<\/a><\/div>\n<div class=\"item-details\">\n<h3 class=\"entry-title td-module-title\"><a href=\"https:\/\/www.tvbuzau.ro\/peste-3-000-de-someri-nu-au-avut-niciodata-un-loc-de-munca\/\" rel=\"bookmark\" title=\"Peste 3.000 de \u015fomeri nu au avut niciodat\u0103 un loc de munc\u0103\">Peste 3.000 de \u015fomeri nu au avut niciodat\u0103 un loc de munc\u0103<\/a><\/h3>\n<\/div>\n<\/div>\n<\/div>\n<div class=\"td-related-span4\">\n<div class=\"td_module_related_posts td-animation-stack td_mod_related_posts\">\n<div class=\"td-module-image\">\n<div class=\"td-module-thumb\"><a href=\"https:\/\/www.tvbuzau.ro\/perchezitii-la-calvini\/\" rel=\"bookmark\" title=\"Perchezi\u0163ii la Calvini\"><img loading=\"lazy\" decoding=\"async\" width=\"218\" height=\"150\" class=\"entry-thumb\" src=\"https:\/\/www.tvbuzau.ro\/wp-content\/uploads\/2026\/02\/hqdefault-35-218x150.jpg\" alt title=\"Perchezi\u0163ii la Calvini\"><span class=\"td-video-play-ico\"><img loading=\"lazy\" decoding=\"async\" width=\"40\" height=\"40\" class=\"td-retina\" src=\"https:\/\/www.tvbuzau.ro\/wp-content\/themes\/Newspaper\/images\/icons\/ico-video-large.png\" alt=\"video\"><\/span><\/a><\/div>\n<p><a href=\"https:\/\/www.tvbuzau.ro\/category\/actualitate\/\" class=\"td-post-category\">Actualitate<\/a><\/div>\n<div class=\"item-details\">\n<h3 class=\"entry-title td-module-title\"><a href=\"https:\/\/www.tvbuzau.ro\/perchezitii-la-calvini\/\" rel=\"bookmark\" title=\"Perchezi\u0163ii la Calvini\">Perchezi\u0163ii la Calvini<\/a><\/h3>\n<\/div>\n<\/div>\n<\/div>\n<\/div>\n<\/div>\n<\/div>\n<div class=\"comments\" id=\"comments\">\n<div id=\"respond\" class=\"comment-respond\">\n<h3 id=\"reply-title\" class=\"comment-reply-title\">L\u0102SA\u021aI UN MESAJ <small><a rel=\"nofollow\" id=\"cancel-comment-reply-link\" href=\"https:\/\/www.tvbuzau.ro\/consiliul-judetean-buzau-inscrie-sase-destinatii-pentru-destinatia-anului-2026\/#respond\">Renun\u021ba\u021bi la r\u0103spuns<\/a><\/small><\/h3>\n<\/div>\n<\/div>\n<\/div>\n<div class=\"td-post-content\">\n<div class=\"td-featured-image-rec\">\n<div class=\"wpb_video_wrapper\">\n                    <iframe loading=\"lazy\" id=\"td_youtube_player\" width=\"600\" height=\"560\" src=\"https:\/\/www.youtube.com\/embed\/8X8tsF2hlXA?enablejsapi=1&amp;feature=oembed&amp;wmode=opaque&amp;vq=hd720\" frameborder allowfullscreen><\/iframe><\/p><\/div>\n<\/div>\n<p>Care sunt cele  \u015fase destina\u0163ii din jude\u0163?<br \/>\n\u00cencheierea etapei de nominaliz\u0103ri \u00een competi\u021bia Destina\u021bia Anului 2026 marcheaz\u0103 deschiderea oficial\u0103 a sezonului competi\u021bional 2026 pentru titlul \u201cDestina\u021bia Anului \u00een Rom\u00e2nia\u201d. Consiliul Jude\u021bean Buz\u0103u a nominalizat \u0219ase atrac\u021bii turistice din jude\u021b \u00een aceast\u0103 etap\u0103 a competi\u021biei, sus\u021bin\u00e2nd promovarea unitar\u0103 a patrimoniului natural, cultural \u0219i istoric buzoian.<\/p>\n<p>\u201cDestina\u021biile nominalizate de Consiliul Jude\u021bean Buz\u0103u sunt:<br \/>\n\u2022 Categoria T\u0103r\u00e2muri fermecate \u2013 zone geografice sau localit\u0103\u021bi cu un bogat tezaur de natur\u0103, istorie \u0219i tradi\u021bie: Geoparcul Interna\u021bional UNESCO \u021ainutul Buz\u0103ului;<br \/>\n\u2022 Categoria Sate de poveste: Siriu;<br \/>\n\u2022 Categoria Sanctuare ale Istoriei \u2013 obiective de patrimoniu istoric \u0219i spiritual ce pun \u00een valoare arhitectura, tradi\u021biile \u0219i mo\u0219tenirea trecutului: A\u0219ez\u0103rile rupestre din Mun\u021bii Buz\u0103ului;<br \/>\n\u2022 Categoria T\u0103r\u00e2mul cunoa\u0219terii \u2013 obiective cu rol educativ, ce promoveaz\u0103 cunoa\u0219terea, \u0219tiin\u021ba, arta \u0219i cultura prin colec\u021bii, expozi\u021bii \u0219i programe interactive pentru public: Muzeul Chihlimbarului Col\u021bi;<br \/>\n\u2022 Categoria Comori naturale \u2013 forma\u021biuni\/atrac\u021bii geologice, pe\u0219teri, ape sau alte atrac\u021bii naturale cu acces amenajat \u0219i management de obiectiv turistic, oferind experien\u021be autentice \u00een aer liber: Vulcanii Noroio\u0219i;<br \/>\n\u2022 Landmark \u2013 embleme ale turismului cultural, remarcabile prin valoarea artistic\u0103, arhitectural\u0103 \u0219i simbolic\u0103: Casa cu Blazoane Chiojdu\u201d, informeaz\u0103 Consiliul Jude\u0163ean Buz\u0103u.<\/p>\n<p>Urm\u0103toarea etap\u0103 presupune selec\u021bia destina\u021biilor finaliste, \u00een special pe baza num\u0103rului de recomand\u0103ri primite de la public \u0219i juriu. Ultima etap\u0103, care decide c\u00e2\u0219tig\u0103torii, va avea loc \u00een luna aprilie, c\u00e2nd destina\u021biile finaliste vor fi supuse votului publicului, votului juriului dar \u0219i unui sondaj cu reprezentativitate na\u021bional\u0103, \u201cCercetarea Destina\u021bia Anului\u201d, pentru a asigura un rezultat reprezentativ \u0219i echilibrat.<\/p>\n<p>\u201dAmploarea nominaliz\u0103rilor din acest an confirm\u0103 c\u0103 interesul rom\u00e2nilor pentru propria \u021bar\u0103 este \u00een cre\u0219tere. Destina\u021bia Anului nu este doar o competi\u021bie, ci un mijloc de a aduce \u00een prim-plan locuri, comunit\u0103\u021bi \u0219i ini\u021biative care merit\u0103 cunoscute \u0219i sus\u021binute. Prin mecanismul s\u0103u, care combin\u0103 implicarea publicului, expertiza juriului \u0219i analiza obiectiv\u0103, contribuie la consolidarea \u00eencrederii \u00een turismul rom\u00e2nesc \u0219i la orientarea alegerilor de vacan\u021b\u0103 c\u0103tre destina\u021bii din Rom\u00e2nia.\u201d, au declarat organizatorii Destina\u021bia Anului.<\/p>\n<div class=\"post-views post-118154 entry-meta\"><span class=\"post-views-label\">Post Views: <\/span><span class=\"post-views-count\">136<\/span><\/div>\n<\/div>\n<p>[analyse_source url=&#8221;https:\/\/www.tvbuzau.ro\/consiliul-judetean-buzau-inscrie-sase-destinatii-pentru-destinatia-anului-2026\/&#8221;]<\/p>\n","protected":false},"excerpt":{"rendered":"<p>[analyse_image type=&#8221;featured&#8221; src=&#8221;https:\/\/www.tvbuzau.ro\/wp-content\/uploads\/2026\/02\/sddefault-39.jpghttps:\/\/www.tvbuzau.ro\/wp-content\/uploads\/2026\/02\/sddefault-39.jpg&#8221;] Actualitate Consiliul Jude\u021bean Buz\u0103u \u00eenscrie \u0219ase destina\u021bii pentru \u201eDestina\u021bia Anului 2026\u201d De c\u0103tre TV Buz\u0103u &#8211; februarie 25, 2026 0 2 Distribui\u021bi pe Facebook Distribui\u021bi pe Twitter tweet Care sunt cele \u015fase destina\u0163ii din jude\u0163? \u00cencheierea etapei de nominaliz\u0103ri \u00een competi\u021bia Destina\u021bia Anului 2026 marcheaz\u0103 deschiderea oficial\u0103 a sezonului competi\u021bional 2026 pentru [&hellip;]<\/p>\n","protected":false},"author":1,"featured_media":0,"comment_status":"open","ping_status":"","sticky":false,"template":"","format":"standard","meta":{"footnotes":""},"categories":[2],"tags":[226,116],"class_list":["post-1795038","post","type-post","status-publish","format-standard","hentry","category-politics","tag-crawlmanager","tag-tvbuzau-ro"],"_links":{"self":[{"href":"https:\/\/analyse.optim.biz\/index.php?rest_route=\/wp\/v2\/posts\/1795038","targetHints":{"allow":["GET"]}}],"collection":[{"href":"https:\/\/analyse.optim.biz\/index.php?rest_route=\/wp\/v2\/posts"}],"about":[{"href":"https:\/\/analyse.optim.biz\/index.php?rest_route=\/wp\/v2\/types\/post"}],"author":[{"embeddable":true,"href":"https:\/\/analyse.optim.biz\/index.php?rest_route=\/wp\/v2\/users\/1"}],"replies":[{"embeddable":true,"href":"https:\/\/analyse.optim.biz\/index.php?rest_route=%2Fwp%2Fv2%2Fcomments&post=1795038"}],"version-history":[{"count":0,"href":"https:\/\/analyse.optim.biz\/index.php?rest_route=\/wp\/v2\/posts\/1795038\/revisions"}],"wp:attachment":[{"href":"https:\/\/analyse.optim.biz\/index.php?rest_route=%2Fwp%2Fv2%2Fmedia&parent=1795038"}],"wp:term":[{"taxonomy":"category","embeddable":true,"href":"https:\/\/analyse.optim.biz\/index.php?rest_route=%2Fwp%2Fv2%2Fcategories&post=1795038"},{"taxonomy":"post_tag","embeddable":true,"href":"https:\/\/analyse.optim.biz\/index.php?rest_route=%2Fwp%2Fv2%2Ftags&post=1795038"}],"curies":[{"name":"wp","href":"https:\/\/api.w.org\/{rel}","templated":true}]}}