{"id":1794822,"date":"2026-02-26T12:11:57","date_gmt":"2026-02-26T09:11:57","guid":{"rendered":"https:\/\/analyse.optim.biz\/?p=1794822"},"modified":"2026-02-26T12:11:57","modified_gmt":"2026-02-26T09:11:57","slug":"cu-o-atmosfera-extraordinara-in-tribune-ne-vom-bate-pentru-sansele-noastre","status":"publish","type":"post","link":"https:\/\/analyse.optim.biz\/?p=1794822","title":{"rendered":"\u201eCU O ATMOSFER\u0102 EXTRAORDINAR\u0102 \u00ceN TRIBUNE, NE VOM BATE PENTRU \u0218ANSELE NOASTRE\u201d"},"content":{"rendered":"<p>[analyse_image type=&#8221;featured&#8221; src=&#8221;https:\/\/www.curierul.ro\/wp-content\/uploads\/2026\/02\/Florentin-Pera.jpghttps:\/\/i0.wp.com\/www.curierul.ro\/wp-content\/uploads\/2026\/02\/Florentin-Pera.jpg?fit=991%2C782&amp;ssl=1&#8243;]<\/p>\n<article id=\"196435\" class=\"post-196435 post type-post status-publish format-standard has-post-thumbnail hentry category-handbal category-headlines category-sport tag-csm-bucuresti tag-frh tag-handbal tag-scm-ramnicu-valcea-2 tag-titlu\">\n<header class=\"post-header\">\n<ul class=\"breadcrumbs\">\n<li><a href=\"https:\/\/www.curierul.ro\">Home<\/a><\/li>\n<li class=\"breadcrumbs-active .category-handbal\"><a href=\"https:\/\/www.curierul.ro\/index.php?cat=4\">Handbal<\/a><\/li>\n<li class=\"breadcrumbs-active .category-handbal\">\u201eCU O ATMOSFER\u0102 EXTRAORDINAR\u0102 \u00ceN TRIBUNE, NE VOM BATE PENTRU \u0218ANSELE NOASTRE\u201d<\/li>\n<\/ul>\n<div class=\"featured-photo\"><img loading=\"lazy\" decoding=\"async\" width=\"991\" height=\"782\" src=\"https:\/\/i0.wp.com\/www.curierul.ro\/wp-content\/uploads\/2026\/02\/Florentin-Pera.jpg?fit=300%2C237&amp;ssl=1\" class=\"attachment-single size-single wp-post-image\" alt><\/div>\n<h1 class=\"headline\">\u201eCU O ATMOSFER\u0102 EXTRAORDINAR\u0102 \u00ceN TRIBUNE, NE VOM BATE PENTRU \u0218ANSELE NOASTRE\u201d<\/h1>\n<p class=\"byline\">\n\t\tScris de<a href=\"https:\/\/www.curierul.ro\/author\/gabi\/\">Gabriel S\u0103ndulescu<\/a>, \t\t26 februarie 2026\t\t\t\t<\/p>\n<hr>\n<\/header>\n<h2 class=\"wp-block-heading\">CREDE <strong>FLORENTIN PERA DESPRE MECIUL DE M\u00c2INE CU CSM BUCURE\u0218TI<\/strong><\/h2>\n<ul>\n<li><strong>Florentin Pera, vineri V\u00e2lcea \u00eent\u00e2lne\u0219te o echip\u0103 CSM Bucure\u0219ti aflat\u0103 \u00eentr-un v\u00e2rf de form\u0103, cu evolu\u021bii excelente \u00een Liga Campionilor. E preg\u0103tit\u0103 SCM R\u00e2mnicu V\u00e2lcea de o surpriz\u0103?<\/strong><\/li>\n<\/ul>\n<blockquote>\n<p><em>V\u00e2lcea a abordat toate partidele din acest sezon la victorie \u0219i cu siguran\u021b\u0103! A\u0219a va face \u0219i \u00een acest meci, chiar dac\u0103 \u00eent\u00e2lnim campioana Rom\u00e2niei \u00eentr-o form\u0103 foarte bun\u0103. Adversarele vin dup\u0103 o serie de 8 victorii consecutive \u00een Liga Campionului \u2013 \u0219i nu orice jocuri-, meciuri extrem de tari \u0219i cu adversarii valoro\u0219i, pe care le-au c\u00e2\u0219tigat de o manier\u0103 clar\u0103, bravo lor. Totodat\u0103, \u00een campionat este singura echip\u0103 ne\u00eenvins\u0103. Sigur c\u0103 ne a\u0219teapt\u0103 o partid\u0103 complicat\u0103, \u00eens\u0103 vom face tot ce \u021bine de noi pentru a ob\u021bine maxim din acest joc. Cumva ne \u00eencurajeaz\u0103 jocul foarte bun ar\u0103tat \u00een turul cu CSM Bucure\u0219ti, unde ne-au mai lipsit c\u00e2teva secunde pentru a ob\u021bine m\u0103car un rezultat de egalitate, dar mai ales forma noastr\u0103 ar\u0103tat\u0103 \u00een ultima perioad\u0103 ne d\u0103 \u00eencredere \u00een vederea abord\u0103rii acestui joc.<\/em><\/p>\n<\/blockquote>\n<ul>\n<li><strong>Sunt toate juc\u0103toarele apte din punct de vedere fizic pentru joc?<\/strong><\/li>\n<\/ul>\n<blockquote>\n<p><em>Au fost probleme de s\u0103n\u0103tate, da. Rebeca Necula a avut o entors\u0103, ruptur\u0103 fibrilar\u0103, acum otit\u0103, Maria Likkergard, Mia Zsocke, Tuva Hove, cu r\u0103celi puternice. A, \u0219i Madsen la fel, c\u0103 nu a jucat nici ea la Zal\u0103u. Eu zic c\u0103 vor fi valide toate la ora meciului, cu oarecare re\u021bineri \u00eens\u0103 din punct de vedere fizic, din cauza zilelor multe \u00een care nu s-au putut antrena. Oricum, sper\u0103m s\u0103 aib\u0103 un nivel bun. Dar dincolo de asta, \u021bin neap\u0103rat s\u0103 felicit toate juc\u0103toarele pentru c\u0103 au ar\u0103tat c\u0103 avem o atmosfer\u0103 foarte bun\u0103 \u00een cadrul echipe, au jucat cu determinare, cu implicare. Am crescut nivelul jocului at\u00e2t pe faza de ap\u0103rare c\u00e2t \u0219i pe faza de atac \u0219i, \u00een pofida absen\u021belor din anumite partide, acest lucru nu s-a sim\u021bit foarte mult pentru c\u0103 \u0219tiut s\u0103 str\u00e2ng\u0103 r\u00e2ndurile \u0219i s\u0103 se mobilizeze pentru a ob\u021bine rezultatele a\u0219teptate de suporterii no\u0219tri. A\u0219adar, felicit\u0103ri juc\u0103toarelor v\u00e2lcene!<\/em><\/p>\n<\/blockquote>\n<ul>\n<li><strong>Cine va c\u00e2\u0219tiga Liga Florilor?<\/strong><\/li>\n<\/ul>\n<blockquote>\n<p><em>E greu de spus. E prematur s\u0103 vorbim, mai sunt multe jocuri p\u00e2n\u0103 la final. Bine\u00een\u021beles c\u0103 CSM Bucure\u0219ti este echipa cu cel mai valoros lot \u0219i traverseaz\u0103 \u0219i o perioad\u0103 bun\u0103, \u00eens\u0103 mai sunt multe meciuri, mai este meciul direct. Se pot \u00eent\u00e2mpla multe p\u00e2n\u0103 la final, sunt \u0219i alte echipe bune care pot \u00eencurca, s\u0103 nu uit\u0103m c\u0103 \u0219i Bistri\u021ba are un lot valoros de asemenea. Sigur, la prima vedere CSM Bucure\u0219ti pleac\u0103 cu prima \u0219ans\u0103.<\/em><\/p>\n<\/blockquote>\n<ul>\n<li><strong>Cu cine simpatiza\u021bi \u00eentre cele dou\u0103?<\/strong><\/li>\n<\/ul>\n<blockquote>\n<p><em>Haide\u021bi s\u0103 l\u0103s\u0103m specula\u021biile pentru al\u021bii. Eu simpatizez cu V\u00e2lcea. At\u00e2t! Pentru mine, V\u00e2lcea este echipa pe care o iubesc \u0219i \u00eemi doresc din tot sufletul s\u0103 ob\u021bin cele mai bune performan\u021be posibile. Dac\u0103 se poate, s\u0103 reedit\u0103m rezultatele care le-am ob\u021binut \u00een perioada 2018-2021, s\u0103 c\u00e2\u0219tig toate trofeele posibile puse \u00een joc, a\u0219a cum am f\u0103cut atunci. Sigur c\u0103 nu este deloc simplu, dar sprijin din partea autorit\u0103\u021bilor exist\u0103, suporterii sunt al\u0103turi de echip\u0103, a\u0219a c\u0103 eu cred c\u0103 vom reu\u0219i din nou s\u0103 ridic\u0103m V\u00e2lcea acolo unde merit\u0103, adic\u0103 la cel mai \u00eenalt nivel.<\/em><\/p>\n<\/blockquote>\n<ul>\n<li><strong>Apropo de \u201eridicat\u201d. Locul 3 mai poate intra \u00een discu\u021bie pentru V\u00e2lcea?<\/strong><\/li>\n<\/ul>\n<blockquote>\n<p><em>A\u0219a cum este la locul 1, se poate \u00eent\u00e2mpla \u0219i la locul 3. Nimic nu este jucat, este mult prea devreme s\u0103 vorbim de o ierarhie clar\u0103. Sunt, a\u0219a cum bine a\u021bi v\u0103zut, jocuri foarte disputate, echilibrate, primele 8-9 echipe sunt puternice \u0219i se poate \u00eent\u00e2mpla orice. Pentru noi este cert c\u0103 vom \u00eencerca s\u0103 c\u00e2\u0219tig\u0103m fiecare meci \u00een parte. Nu \u0219tiu dac\u0103 depinde numai de noi. Sunt multe partide p\u00e2n\u0103 la final, \u0219i noi \u0219i Bra\u0219ovul vom avea partide dure. \u00centr-adev\u0103r, ultima etap\u0103 vom juca pe teren propriu cu Bra\u0219ov, dar este prea devreme s\u0103 vorbim despre acest aspect. Cred c\u0103 cel mai important este s\u0103 lu\u0103m fiecare meci \u00een parte \u0219i s\u0103-l trat\u0103m cu maxim\u0103 seriozitate \u0219i concentrare.<\/em><\/p>\n<\/blockquote>\n<ul>\n<li><strong>Legat de Corona, o \u00eentrebare, totu\u0219i\u2026 \u00cen partida de la Bra\u0219ov, V\u00e2lcea a jucat foarte mult timp cu aceea\u0219i linie de 9 metri. A fost \u00een regul\u0103 a\u0219a?<\/strong><\/li>\n<\/ul>\n<blockquote>\n<p><em>Nu-mi amintesc c\u0103 am jucat foarte mult cu aceea\u0219i linie de 9 metri. Cred c\u0103 problema noastr\u0103 la Bra\u0219ov nu a fost faza de atac, pentru c\u0103 am marcat 33 de goluri. \u00cen condi\u021biile \u00een care marchezi \u00een deplasare unei echip\u0103 ca Bra\u0219ov, cu o poart\u0103 bun\u0103, care a \u0219i f\u0103cut diferen\u021ba \u00een acel joc, problema noastr\u0103 nu a fost \u00een atac. Dimpotriv\u0103, m\u0103 felicit c\u0103 am mers pe acele solu\u021bii \u00een faza de atac, pentru c\u0103 am marcat 33 de goluri \u0219i ne\u2011am mai creat cel pu\u021bin 7-8 situa\u021bii clare de a finaliza, pe care din p\u0103cate nu le-am fructificat. Desigur, pe faza de ap\u0103rare nu am fost la nivelul pe care mi l-a\u0219 fi dorit, acolo poate am fi putut realiza mai mult, sigur c\u0103 nici poarta nu a avut procente prea bune. Dar, repet, ar fi ideal ca \u00een fiecare meci \u00eempotriva unor adversari cum este Bra\u0219ovul s\u0103 marc\u0103m 33 de goluri. La modul general vorbind, \u00eens\u0103, cu un pic de concentrare \u0219i aten\u021bie la ap\u0103rare \u0219i poart\u0103, echipa noastr\u0103 poate c\u00e2\u0219tiga orice meci.<\/em><\/p>\n<\/blockquote>\n<ul>\n<li><strong>V\u00e2lcea a jucat foarte bine \u00een sala proprie, 6 victorii \u0219i un egal. La fel, cu excep\u021bia meciului de la Rapid, echipa dumneavoastr\u0103 a f\u0103cut meciuri foarte bune \u00een deplasare. Totu\u0219i, acele meciuri bune au fost mereu pierdute la un gol diferen\u021b\u0103, ad\u0103ug\u00e2nd aici \u0219i partida de la Bistri\u021ba. Are echipa o problem\u0103 \u00een a gestiona finalurile de meci? Poate psihologic\u0103, atunci c\u00e2nd joac\u0103 \u201eafar\u0103\u201d?<\/strong><\/li>\n<\/ul>\n<blockquote>\n<p><em>Nu, nu a\u0219 spune a\u0219a. Noi am f\u0103cut jocuri foarte bune \u00een deplasare, cu excep\u021bia meciului despre care a\u021bi amintit, am jucat un handbal foarte bun. S\u0103 nu uit\u0103m c\u0103 am avut contraatacuri, c\u0103 mai aveam nevoie de c\u00e2teva secunde la Bra\u0219ov \u0219i la CSM Bucure\u0219ti pentru a ob\u021bine un rezultat de egalitate. Iar \u00een alte dou\u0103 jocuri, de la Bistri\u021ba \u0219i Br\u0103ila, \u0219ti\u021bi ce s-a \u00eent\u00e2mplat, au fost al\u021bi factori care au contribuit decisiv la acele rezultate. Cred eu c\u0103 am realizat progres \u0219i V\u00e2lcea jucat la un nivel ridicat. Sunt meciuri \u0219i meciuri, am pierdut la un gol, dar iat\u0103 c\u0103 am \u0219i c\u00e2\u0219tigat la un gol acas\u0103 cu Br\u0103ila. Iar cel mai important lucru este c\u0103 ne-am \u00eembun\u0103t\u0103\u021bit faza de ap\u0103rare treptat, dincolo de faptul c\u0103 am avut aproape tot timpul unul dintre cele mai bune atacuri din Rom\u00e2nia. Sigur, am avut probleme la poart\u0103. Eu zic c\u0103 dac\u0103 noi, \u00een prima parte a campionatului am fi avut un randament mai bun \u00een poart\u0103, \u0219i la ap\u0103rare, cred c\u0103 acum vorbeam de mult mai mult \u00een acest sezon. S\u0103 fim serio\u0219i, la \u00eenceput de sezon foarte mul\u021bi spuneau c\u0103 nu termin\u0103m \u00een primele opt. \u0218i iat\u0103-ne pe locul 4, cu un joc bun, recunoscut de aproape toat\u0103 lumea.<\/em><\/p>\n<\/blockquote>\n<ul>\n<li><strong>A\u0219adar, poarta\u2026 V\u00e2lcea \u00eenc\u0103 nu a anun\u021bat nimic pe un subiect totu\u0219i fierbinte, dup\u0103 cum amintea\u021bi adineauri. Prin urbe se vorbe\u0219te chiar de doi portari noi. Care este adev\u0103rul?<\/strong><\/li>\n<\/ul>\n<blockquote>\n<p><em>\u00cen momentul de fa\u021b\u0103 avem un portar acontat pentru urm\u0103torul sezon.Vine de la o echip\u0103 de Liga Campionilor. Nu-l numesc acum, o va face clubul c\u00e2nd va fi cazul. Discu\u021bii au mai fost, nu numai pentru postul de portar. Vom vedea ce se va \u00eent\u00e2mpla \u0219i \u00een privin\u021ba legii Novak, am \u00een\u021beles c\u0103 \u00een 4 martie se va da o solu\u021bie pe spe\u021b\u0103. \u0218i \u00een func\u021bie de asta vom vedea ce vom face \u00een continuare.<\/em><\/p>\n<\/blockquote>\n<ul>\n<li><strong>Bun \u0219i asta m\u0103 duce spre urm\u0103toarea \u00eentrebare: Din sezonul viitor vor veni foarte multe juc\u0103toare str\u0103ine la SCM. Dac\u0103 e s\u0103 consider\u0103m acest criteriu, juc\u0103toare rom\u00e2nce vs. juc\u0103toare str\u0103ine, pare-se c\u0103 nu sunte\u021bi favorabil legii cu trei rom\u00e2nce \u00een teren?<\/strong><\/li>\n<\/ul>\n<blockquote>\n<p><em>Vom vedea, a\u0219tept\u0103m decizia dac\u0103 aceast\u0103 lege va intra \u00een vigoare. Dup\u0103, vom vedea dac\u0103 suntem sau nu suntem. Din c\u00e2te se pare, \u0219ansele sunt destul de mici ca legea cu trei juc\u0103tori rom\u00e2ni permanent \u00een teren s\u0103 fie validat\u0103, pentru handbal.<\/em><\/p>\n<\/blockquote>\n<ul>\n<li><strong>Sincer, sunte\u021bi pentru sau \u00eempotriva Legii Novak?<\/strong><\/li>\n<\/ul>\n<blockquote>\n<p><em>Eu tot timpul am fost pentru, \u00eens\u0103 discu\u021bia r\u0103m\u00e2ne mereu complicat\u0103. \u0218i nu o s\u0103 m\u0103 refer la aspectul tehnic, adic\u0103 la schimb\u0103rile din timpul partidei. Dincolo de asta, p\u00e2n\u0103 la urm\u0103, strategia nu poate s\u0103 vin\u0103 de la un club anume. Sau de la un antrenor anume. Strategia trebuie s\u0103 fie na\u021bional\u0103. Iar de aici, unde e lege, nu e tocmeal\u0103. Dac\u0103 este o lege, va fi respectat\u0103 de toat\u0103 lumea. Dac\u0103 nu este, p\u00e2n\u0103 la urm\u0103\u2026 Fiecare \u00eencearc\u0103 s\u0103-\u0219i g\u0103seasc\u0103 solu\u021biile cele mai bune pentru echipa pe care o antreneaz\u0103. E simplu. Noi, de exemplu, ne\u2011am dorit juc\u0103toare rom\u00e2ne \u0219i pentru urm\u0103torul sezon. Am fost \u00een discu\u021bii cu multe juc\u0103toare rom\u00e2ne, mai ales Rebeca Necula ne-am dorit s\u0103 prelungeasc\u0103 contractul \u0219i clubul a f\u0103cut tot ce a fost omene\u0219te posibil pentru ea. Dac\u0103 \u00eemi aduc aminte bine, am avut discu\u021bii cu \u0219apte juc\u0103toare rom\u00e2ne, nu le amintesc acum, se \u0219tiu foarte bine discu\u021biile respective. Pe de alt\u0103 parte, \u0219i fondul de juc\u0103toare rom\u00e2ne e destul de restr\u00e2ns \u0219i asta e o problem\u0103 nu de azi, de ieri, a\u0219adar trebuie s\u0103 \u021binem cont \u0219i de acest aspect.<\/em><\/p>\n<\/blockquote>\n<ul>\n<li><strong>\u0218i de ce nu s-au finalizat cu unele dintre ele?<\/strong><\/li>\n<\/ul>\n<blockquote>\n<p><em>Pentru c\u0103 au avut oferte mai bune dec\u00e2t la V\u00e2lcea. E simplu! Au avut oferte mai bune, fiecare e liber s\u0103 mearg\u0103 acolo unde crede de cuviin\u021b\u0103. \u00cens\u0103 noi am reu\u0219it s\u0103 complet\u0103m anumite posturi cu juc\u0103toare valoroase \u0219i experimentate \u0219i eu cred c\u0103 a fost o campanie de achizi\u021bie reu\u0219it\u0103. Mi se pare c\u0103 este cea mai reu\u0219it\u0103 campanie de transferuri de la desfiin\u021barea Oltchimului.<\/em><\/p>\n<\/blockquote>\n<ul>\n<li><strong>De acord \u0219i b\u0103nuiesc c\u0103 to\u021bi v\u00e2lcenii sunt \u00eenc\u00e2nta\u021bi s\u0103 vad\u0103 asemenea juc\u0103toare. Totu\u0219i, exist\u0103 un curent de opinie care ridic\u0103 o \u00eentrebare. Mai au, Zaadi \u0219i Arntzen, chef de handbal? M\u0103 refer la motiva\u021bie, \u00een primul r\u00e2nd, ele au c\u00e2\u0219tigat cam tot ce se poate c\u00e2\u0219tiga \u00een handbalul feminin. Pe de alt\u0103 parte, Zaadi nu a str\u0103lucit la Krim, nici Arntzen la Bucure\u0219ti.<\/strong><\/li>\n<\/ul>\n<blockquote>\n<p><em>Sut\u0103 la sut\u0103! Sut\u0103 la sut\u0103 vor avea motiva\u021bie! Cine spune altfel, n-are nicio treab\u0103 cu handbalul. Sunt juc\u0103toare foarte experimentate, a\u0219a c\u0103, dimpotriv\u0103, \u00eenseamn\u0103 un c\u00e2\u0219tig mare s\u0103 aducem juc\u0103toare cu maturitate. \u0218i, bine\u00een\u021beles, sunt juc\u0103toare care au jucat mai tot timpul la cel mai \u00eenalt nivel \u00een Liga Campionilor. Uita\u021bi-v\u0103 la Crina Pintea, care nu mai este chiar t\u00e2n\u0103r\u0103, iat\u0103 cum joac\u0103! Eu am foarte mare \u00eencredere \u00een ele \u0219i sunt convins c\u0103 vor aduce un plus clar echipei noastre.<\/em><\/p>\n<\/blockquote>\n<ul>\n<li><strong>M\u0103 g\u00e2ndesc c\u0103 bate\u021bi spre ap\u0103rare acum, cu \u201eplusul\u201d, cu Arntzen \u0219i Zaadi.<\/strong><\/li>\n<\/ul>\n<blockquote>\n<p><em>Evident. Arntzen nu mai are nevoie de prezentare. E una dintre cele mai bune ap\u0103r\u0103toare, din punctul meu de vedere, din lume. Juc\u0103toare cu experien\u021b\u0103 foarte mare \u00een faza defensiv\u0103, ba sunt multe momente de joc c\u00e2nd ajut\u0103 echipa \u0219i \u00een atac. \u00cemi amintesc foarte bine \u0219i meciuri \u00een care a reu\u0219it s\u0103 fac\u0103 diferen\u021ba chiar pe faza de atac. Arntzen \u0219tie foarte bine V\u00e2lcea, a jucat mul\u021bi ani \u00een Rom\u00e2nia, \u0219tie c\u0103 pentru mine este foarte important\u0103 faza de ap\u0103rare \u0219i se potrive\u0219te pentru ceea ce dorim noi s\u0103 facem \u00een viitor. Zaadi, de asemenea, e o juc\u0103toare complet\u0103 care poate juca at\u00e2t zon\u0103 central\u0103, intermediar, poate juca pe toat\u0103 linia de 9 metri \u0219i face ambele faze de joc la fel. O \u0219tiu de foarte mul\u021bi ani, eram adversari \u00een Rusia, ne-am \u00eent\u00e2lnit de foarte multe ori acolo, eu la TSKA, ea la Rostov. C\u00e2nd f\u0103r\u0103 doar \u0219i poate era cel mai bun centru din lume. Ulterior am fost adversari \u0219i c\u00e2nd era la CSM, cu echipa na\u021bional\u0103, a\u0219adar a avut \u00eencredere \u00een ceea ce am discutat, ba chiar a\u0219 spune c\u0103 a fost \u00eenc\u00e2ntat\u0103 de proiect.<\/em><\/p>\n<\/blockquote>\n<ul>\n<li><strong>\u00cen regul\u0103, sper\u0103m ca optimismul s\u0103 fie acoperit de fapte sezonul viitor. S\u0103 deschidem subiectul \u0218tefania Stoica \u0219i Marie-Helene Sajka. Aducerea lor \u00eenseamn\u0103 o alt\u0103 abordare a liniei de 9 metri, pe faza de atac.<\/strong><\/li>\n<\/ul>\n<blockquote>\n<p><em>Corect. Am f\u0103cut o analiz\u0103 asupra lotului actual, asupra plusurilor \u0219i minusurilor din echipa noastr\u0103. Cred c\u0103 unul dintre minusurile noastre a fost lipsa arunc\u0103rii de la 9 metri, a\u0219a c\u0103 ne-am orientat spre juc\u0103toare care ne pot ajuta \u0219i din acest punct de vedere. Am avut vitez\u0103 \u00een joc \u00een acest campionat, cursivitate bun\u0103, dar ne-a lipsit \u00een momentele critice o juc\u0103toare care s\u0103 fac\u0103 diferen\u021ba de la linia de 9 metri \u0219i, din acest punct de vedere, at\u00e2t Stoica c\u00e2t \u0219i Sajka, chiar \u0219i Arntzen, sunt juc\u0103toare care pot s\u0103 ne ajute de la distan\u021b\u0103, \u00een sezonul viitor. Urm\u0103rind planul general \u00een ceea ce prive\u0219te campania de transferuri, am c\u0103utat juc\u0103toare c\u00e2t mai complet, care fac bine \u0219i faza de ap\u0103rare. Dincolo de for\u021ba de aruncare de la 9 metri, de calit\u0103\u021bile indiscutabile ale extremelor care vor veni, eu m-am g\u00e2ndit foarte mult la faza de ap\u0103rare. C\u00e2nd am c\u00e2\u0219tigat campionatul cu V\u00e2lcea, echipa era cea mai bun\u0103 pe faza de ap\u0103rare. \u0218i de-aici am pornit cu g\u00e2ndirea, pentru c\u0103 \u00eemi doresc s\u0103 realiz\u0103m acela\u0219i lucru de-acum \u00eenainte. \u0218i m\u0103 bucur c\u0103 au avut \u00eencredere \u00een proiectul nostru. Apreciez deschiderea lor, dorin\u021ba lor, \u0219i le mul\u021bumesc. Nu a fost simplu, lua\u021bi \u00een calcul c\u0103 eu am venit la V\u00e2lcea \u00een momentul c\u00e2nd echipa terminase pe locul 8 \u0219i nu mai c\u00e2\u0219tigase nimic \u00een ultimii ani. \u00cen acest context, era foarte dificil s\u0103 convingi juc\u0103toare de o asemenea talie, de o asemenea valoare, de o asemenea experien\u021b\u0103, s\u0103 vin\u0103 la V\u00e2lcea. Dar, repet, m\u0103 bucur foarte mult c\u0103 au avut \u00eencredere \u0219i c\u0103 au acceptat s\u0103 se al\u0103ture proiectului nostru. M\u0103 cunosc foarte bine, am jucat \u00eempotriva lor, at\u00e2t la echipa de club c\u00e2t \u0219i la echipa na\u021bional\u0103, \u0219tiu c\u0103 sunt un antrenor ambi\u021bios \u0219i c\u0103 \u00eemi doresc din nou s\u0103 readuc V\u00e2lcea \u00een lupta pentru medalii, pentru revenirea \u00een Liga Campionilor, \u0219i cred c\u0103 \u0219i acest lucru a contat pentru ele s\u0103 fac\u0103 pasul spre noi.<\/em><\/p>\n<\/blockquote>\n<ul>\n<li><strong>Spunea\u021bi ceva mai devreme c\u0103 bazinul de juc\u0103toare competitive din Rom\u00e2nia este redus \u0219i pare c\u0103 se restr\u00e2nge de la an la an. Ce p\u0103rere ave\u021bi despre modul \u00een care gestioneaz\u0103 Federa\u021bia piramida handbalului rom\u00e2nesc. \u0218i am \u00een vedere aici c\u0103 anul trecut s-a desfiin\u021bat campionatul de tineret, sistemul de organizare al Diviziei A, zona de juniori unde apar nemul\u021bumiri \u0219i \u00eenc\u0103 altele.<\/strong><\/li>\n<\/ul>\n<blockquote>\n<p><em>Sigur c\u0103 \u00een ultimii ani, av\u00e2nd \u00een vedere num\u0103rul mare de juc\u0103toare str\u0103ine, care au venit \u00een venit \u00een campionatul Rom\u00e2niei, s-au redus, s\u0103 zic a\u0219a, \u0219ansele juc\u0103torilor rom\u00e2ne de a juca \u00een prima lig\u0103, de a juca la un nivel ridicat p\u00e2n\u0103 la urm\u0103. Iar acest lucru sigur c\u0103 se va sim\u021bi \u0219i \u00een urm\u0103torii ani, pentru c\u0103 m\u00e2ine dac\u0103 ar ap\u0103rea o lege care vine \u00een sprijinul juc\u0103toarelor rom\u00e2ne, pentru a juca mai mult, acest lucru nu poate s\u0103 ajute peste noapte handbalul rom\u00e2nesc. E un proces de durat\u0103. Eu cred c\u0103 la nivel de copii \u0219i juniori trebuie s\u0103 fim mai implica\u021bi. Trebuie s\u0103 investim mai mult din toate punctele de vedere \u0219i aici m\u0103 refer \u0219i la condi\u021bii la condi\u021biile de preg\u0103tire, la infrastructur\u0103, la staff. Sunt pu\u021bine echipe de junioare de copii care au preparatori fizici, care au condi\u021bii de refacere, care au medica\u021bie, cantonamente, turnee de preg\u0103tire \u0219i a\u0219a mai departe.\u00a0 Din acest punct de vedere, to\u021bi cei care suntem implica\u021bi \u00een acest fenomen trebuie s\u0103 ajut\u0103m \u0219i s\u0103 sprijinim mai mult. Mi se pare imperios necesar s\u0103 revin\u0103 handbalul \u00een \u0219coli, a\u0219a cum era odat\u0103. \u00cenc\u0103 de la clasele 1-4 cred c\u0103 trebuie s\u0103 facem ceva \u00een acest sens. De asemenea, la Centrele de Excelen\u021b\u0103, care, din punctul meu de vedere, nu mai produc a\u0219a cum au produs odat\u0103. Mi-amintesc c\u0103 acum foarte mul\u021bi ani era b\u0103taie \u00een momentul c\u00e2nd o genera\u021bie termina liceul \u0219i trebuia s\u0103 fac\u0103 pasul spre senioare, erau licita\u021bii \u0219i era o lupt\u0103 \u00eentre echipele de lig\u0103 s\u0103 ia juc\u0103toare tinere de la centre. \u00cen momentul de fa\u021b\u0103 acest lucru nu prea se mai \u00eent\u00e2mpl\u0103.<\/em><\/p>\n<\/blockquote>\n<ul>\n<li><strong>De ce nu se mai \u00eent\u00e2mpl\u0103? <\/strong><\/li>\n<\/ul>\n<blockquote>\n<p><em>Probabil c\u0103 nici juc\u0103toarele\u2026.Nici cele mai bune juc\u0103toare nu vin \u0219i aici este o problem\u0103 esen\u021bial\u0103 a centrelor de excelen\u021b\u0103. Eu consider c\u0103 dac\u0103 nu vin cele mai bune juc\u0103toare la nivelul respectiv de v\u00e2rst\u0103, nu \u0219tiu dac\u0103 acest centru o s\u0103 aib\u0103 finalitatea pe care \u0219i-o propune. Nu e normal ca juc\u0103toare de la echipe de junioare din \u021bar\u0103 s\u0103 fie mai valoroase dec\u00e2t juc\u0103toarele care sunt \u00een centre \u0219i aici trebuie s\u0103 identificat\u0103 o variant\u0103 de a g\u0103si o colaborare \u00eentre Federa\u021bia Rom\u00e2n\u0103 de Handbal \u0219i cluburile de copii \u0219i juniori pentru a aduce cei mai buni copii \u00een centre. \u0218i atunci, cu siguran\u021b\u0103, cu un program foarte bine conturat, cu o linie metodic\u0103 unitar\u0103, cu condi\u021bii optime, cred c\u0103 vor ap\u0103rea \u0219i mai multe juc\u0103toare valoroase. Dar a\u0219a, dac\u0103 vin doar anumite juc\u0103toare, este greu s\u0103 producem. Mai mult dec\u00e2t at\u00e2t, aici cred c\u0103 scopul principal este s\u0103 form\u0103m juc\u0103toare. Adic\u0103 trebuie s\u0103 avem un obiectiv \u021bintit. Dac\u0103 la nivel de echip\u0103 na\u021bional\u0103 a Rom\u00e2niei de senioare noi nu avem st\u00e2ngace inter dreapta, de exemplu, noi trebuie de la nivel de cadete p\u00e2n\u0103 la nivel de tineret, loturi na\u021bionale, s\u0103 lucr\u0103m \u00een centrele olimpice. Nu avem ap\u0103r\u0103tori centrali, c\u0103 vorbeam despre situa\u021bia de la echipa na\u021bional\u0103. La fel, echipa na\u021bional\u0103 nu mai are, eu \u0219tiu, \u00een 10 ani de zile a fost Melinda Geiger, o mai are pe Alice Gog\u00e2rl\u0103, poate Alina Ilie, deci foarte pu\u021bine juc\u0103toare, vorbim de 2-3 juc\u0103toare \u00een 10 ani, 15 ani, inter dreapta de m\u00e2na st\u00e2ng\u0103. \u0218i noi ce-am f\u0103cut \u00een tot acest timp? De ce la nivel de copii \u0219i juniori n-am reu\u0219it s\u0103 aducem cele mai bune juc\u0103toare tinere, talentate, st\u00e2ngace, s\u0103 le aducem \u00een centre \u0219i s\u0103 lucr\u0103m, s\u0103 implement\u0103m un program de preg\u0103tire \u00een care ele, poate la 18 ani, vor un alt nivel de exprimare \u0219i vor fi capabile s\u0103 fac\u0103 pasul spre Liga sau spre loturile na\u021bionale?! Atunci haide\u021bi s\u0103 identific\u0103m \u0219i s\u0103 preg\u0103tim, la nivel de centre, posturile respective. Noi trebuie s\u0103 facem lucrul \u0103sta, \u00een centrele olimpice trebuie s\u0103 producem, s\u0103 identific\u0103m care sunt acele juc\u0103toare pe <strong>posturile respective<\/strong>, da?<\/em><\/p>\n<\/blockquote>\n<ul>\n<li><strong>Legat de cele de mai sus. Peste mai pu\u021bin de dou\u0103 luni, vor fi alegeri la\u2026\u2026<\/strong><\/li>\n<\/ul>\n<blockquote>\n<p><em>Nu comentez.<\/em><\/p>\n<\/blockquote>\n<ul>\n<li><strong>De ce?<\/strong><\/li>\n<\/ul>\n<blockquote>\n<p><em>Nu comentez.<\/em><\/p>\n<\/blockquote>\n<ul>\n<li><strong>Despre na\u021bional\u0103 atunci, foarte scurt. Rebeca Necula a r\u0103mas singura juc\u0103toare de la SCM convocat\u0103. Asma Elgahoui nu, de\u0219i a jucat la Mondiale. Ce p\u0103rere ave\u021bi despre neconvocarea ei?<\/strong><\/li>\n<\/ul>\n<blockquote>\n<p><em>Da, am discutat \u0219i cu Asma pe aceast\u0103 tem\u0103. Probabil c\u0103 au luat \u00een considerare faptul c\u0103 nu au mul\u021bi ap\u0103r\u0103tori centrali \u00een acest moment, \u021bin\u00e2nd cont de absen\u021ba lui Skrobic \u0219i bine\u00een\u021beles Bazaliu, neconvocat\u0103 din nou. Sunt dou\u0103 juc\u0103toare care ar fi putut s\u0103 ajute echipa na\u021bional\u0103 \u00een zona central\u0103 pe faza de ap\u0103rare. \u00cen aceste condi\u021bii echipa na\u021bional\u0103 pentru aceast\u0103 ac\u021biune care urmeaz\u0103 nu are foarte multe solu\u021bii acolo, \u00een zona central\u0103, except\u00e2ndu-o pe Lorena Ostase care joac\u0103 constant \u0219i este ap\u0103r\u0103tor central. \u00cen rest, Lix\u0103ndroiu mai poate juca \u00een zon\u0103 central\u0103, dar a jucat destul de pu\u021bin la echipa de club. Burlachenko de asemenea, \u00een fine nu vreau s\u0103 comentez prea mult aici. P\u00e2n\u0103 la urm\u0103 m-am bucurat c\u0103 revine \u0218tefania Stoica.<\/em><\/p>\n<\/blockquote>\n<ul>\n<li><strong> Haide\u021bi s\u0103 ne \u00eentoarcem la meciul de vineri. Ce a\u0219tept\u0103ri ave\u021bi?<\/strong><\/li>\n<\/ul>\n<p><em><strong>\u00cen primul r\u00e2nd \u00eemi doresc ca echipa noastr\u0103 s\u0103 lupte p\u00e2n\u0103 la ultima pic\u0103tur\u0103 de energie, s\u0103 aib\u0103 atitudine, s\u0103 fie determinat\u0103, s\u0103 cread\u0103 \u00een \u0219ansa ei, s\u0103 nu \u021bin\u0103 cont nici o secund\u0103 de nivelul adversarului. Pentru c\u0103, trebuie s\u0103 fim corec\u021bi, CSM Bucure\u0219ti \u00een acest moment este o echip\u0103 foarte puternic\u0103. \u00cens\u0103 \u00een sport prima condi\u021bie este s\u0103 crezi \u00een \u0219ansa ta \u0219i c\u00e2t de mic\u0103 este aceast\u0103 \u0219ans\u0103, trebuie s\u0103 d\u0103m tot ce avem noi mai bun p\u00e2n\u0103 \u00een ultima secunda jocului. \u00cemi doresc o atmosfer\u0103 extraordinar\u0103 \u00een tribune, o atmosfer\u0103 care s\u0103 \u00eemping\u0103 echipa noastr\u0103 spre un rezultat pozitiv \u0219i, indiferent care va fi rezultatul final, s\u0103 ie\u0219im de pe teren cu g\u00e2ndul c\u0103 am dat tot pentru a ob\u021bine maxim din acest meci.<\/strong><\/em><\/p>\n<ul>\n<li><strong>Succes SCM-ului din R\u00e2mnicu V\u00e2lcea!<\/strong><\/li>\n<\/ul>\n<blockquote>\n<p><em>Mul\u021bumim!<\/em><\/p>\n<\/blockquote>\n<div class=\"sharedaddy sd-sharing-enabled\">\n<div class=\"robots-nocontent sd-block sd-social sd-social-official sd-sharing\">\n<h3 class=\"sd-title\">Distribuie pe:<\/h3>\n<div class=\"sd-content\">\n<ul>\n<li class=\"share-facebook\">\n<li class=\"share-twitter\"><a href=\"https:\/\/twitter.com\/share\" class=\"twitter-share-button\" data-url=\"https:\/\/www.curierul.ro\/cu-o-atmosfera-extraordinara-in-tribune-ne-vom-bate-pentru-sansele-noastre\/\" data-text=\"\u201eCU O ATMOSFER\u0102 EXTRAORDINAR\u0102 \u00ceN TRIBUNE, NE VOM BATE PENTRU \u0218ANSELE NOASTRE\u201d\" data-via=\"curierulvl\">Tweet<\/a><\/li>\n<li class=\"share-jetpack-whatsapp\"><a rel=\"nofollow noopener noreferrer\" data-shared=\"sharing-whatsapp-196435\" class=\"share-jetpack-whatsapp sd-button\" href=\"https:\/\/www.curierul.ro\/cu-o-atmosfera-extraordinara-in-tribune-ne-vom-bate-pentru-sansele-noastre\/?share=jetpack-whatsapp\" target=\"_blank\" aria-labelledby=\"sharing-whatsapp-196435\"><span id=\"sharing-whatsapp-196435\" hidden>D\u0103 clic pentru partajare pe WhatsApp(Se deschide \u00eentr-o fereastr\u0103 nou\u0103)<\/span><span>WhatsApp<\/span><\/a><\/li>\n<li><a href=\"https:\/\/www.curierul.ro\/cu-o-atmosfera-extraordinara-in-tribune-ne-vom-bate-pentru-sansele-noastre\/\" class=\"sharing-anchor sd-button share-more\"><span>Mai mult<\/span><\/a><\/li>\n<li class=\"share-end\"><\/ul>\n<div class=\"sharing-hidden\">\n<div class=\"inner\">\n<ul>\n<li class=\"share-email\"><a rel=\"nofollow noopener noreferrer\" data-shared=\"sharing-email-196435\" class=\"share-email sd-button\" href=\"mailto:?subject=%5BArticol%20partajat%5D%20%E2%80%9ECU%20O%20ATMOSFER%C4%82%20EXTRAORDINAR%C4%82%20%C3%8EN%20TRIBUNE%2C%20NE%20VOM%20BATE%20PENTRU%20%C8%98ANSELE%20NOASTRE%E2%80%9D&amp;body=https%3A%2F%2Fwww.curierul.ro%2Fcu-o-atmosfera-extraordinara-in-tribune-ne-vom-bate-pentru-sansele-noastre%2F&amp;share=email\" target=\"_blank\" aria-labelledby=\"sharing-email-196435\" data-email-share-error-title=\"\u021ai-ai configurat emailul?\" data-email-share-error-text=\"Dac\u0103 ai probleme la partajarea prin email, probabil nu ai configurat emailul pentru navigator. Poate trebuie s\u0103 creezi singur un email nou.\" data-email-share-nonce=\"2f9550954c\" data-email-share-track-url=\"https:\/\/www.curierul.ro\/cu-o-atmosfera-extraordinara-in-tribune-ne-vom-bate-pentru-sansele-noastre\/?share=email\"><span id=\"sharing-email-196435\" hidden>D\u0103 clic pentru a trimite o leg\u0103tur\u0103 prin email unui prieten(Se deschide \u00eentr-o fereastr\u0103 nou\u0103)<\/span><span>Email<\/span><\/a><\/li>\n<li class=\"share-print\"><a rel=\"nofollow noopener noreferrer\" data-shared=\"sharing-print-196435\" class=\"share-print sd-button\" href=\"https:\/\/www.curierul.ro\/cu-o-atmosfera-extraordinara-in-tribune-ne-vom-bate-pentru-sansele-noastre\/#print?share=print\" target=\"_blank\" aria-labelledby=\"sharing-print-196435\"><span id=\"sharing-print-196435\" hidden>D\u0103 clic pentru a imprima(Se deschide \u00eentr-o fereastr\u0103 nou\u0103)<\/span><span>Imprimare<\/span><\/a><\/li>\n<li class=\"share-end\"><\/ul>\n<\/div>\n<\/div>\n<\/div>\n<\/div>\n<\/div>\n<div id=\"jp-relatedposts\" class=\"jp-relatedposts\">\n<h3 class=\"jp-relatedposts-headline\"><em>Similare<\/em><\/h3>\n<\/div>\n<footer class=\"post-footer\">\n<p class=\"tags\"><strong>Tags: <\/strong><a href=\"https:\/\/www.curierul.ro\/tag\/csm-bucuresti\/\" rel=\"tag\">CSM Bucure\u015fti<\/a>, <a href=\"https:\/\/www.curierul.ro\/tag\/frh\/\" rel=\"tag\">FRH<\/a>, <a href=\"https:\/\/www.curierul.ro\/tag\/handbal\/\" rel=\"tag\">handbal<\/a>, <a href=\"https:\/\/www.curierul.ro\/tag\/scm-ramnicu-valcea-2\/\" rel=\"tag\">scm ramnicu v\u00e2lcea<\/a>, <a href=\"https:\/\/www.curierul.ro\/tag\/titlu\/\" rel=\"tag\">titlu<\/a><\/p>\n<div class=\"post-navigation clearfix\">\n<div class=\"previous-post\">\n<div class=\"featured-photo\"><img loading=\"lazy\" decoding=\"async\" width=\"982\" height=\"611\" src=\"https:\/\/i0.wp.com\/www.curierul.ro\/wp-content\/uploads\/2020\/04\/OLTCHIM.jpg?fit=300%2C187&amp;ssl=1\" class=\"attachment-post-thumbnail size-post-thumbnail wp-post-image\" alt><\/div>\n<p class=\"paginate-title\">\u00ab\u00ab <a href=\"https:\/\/www.curierul.ro\/abur-gros-pe-platforma-chimica-concedieri-inchiderea-unor-sectii-sau-doar-zvonuri\/\" rel=\"prev\">\u00abAbur gros\u00bb pe platforma chimic\u0103\u2026concedieri, \u00eenchiderea unor sec\u021bii, sau doar zvonuri?<\/a><\/p>\n<\/div>\n<\/div>\n<div id=\"comments\" class=\"comments-area\">\n<div id=\"respond\" class=\"comment-respond\">\n<h3 id=\"reply-title\" class=\"comment-reply-title\">Po\u021bi comenta aici<small><a rel=\"nofollow\" id=\"cancel-comment-reply-link\" href=\"https:\/\/www.curierul.ro\/cu-o-atmosfera-extraordinara-in-tribune-ne-vom-bate-pentru-sansele-noastre\/#respond\">Anuleaz\u0103 r\u0103spunsul<\/a><\/small><\/h3>\n<\/div>\n<p class=\"akismet_comment_form_privacy_notice\">Acest site folose\u0219te Akismet pentru a reduce spamul. <a href=\"https:\/\/akismet.com\/privacy\/\" target=\"_blank\" rel=\"nofollow noopener\">Afl\u0103 cum sunt procesate datele comentariilor tale<\/a>.<\/p>\n<\/div>\n<section class=\"related-stories\">\n<h2>Related Stories<\/h2>\n<div class=\"stories-container\">\n<article id=\"latest-192029\" class=\"story post-192029 post type-post status-publish format-standard has-post-thumbnail hentry category-handbal category-headlines category-sport tag-csm-bucuresti tag-cupa-romanie tag-handbal tag-scm-rm-valcea\">\n<div class=\"photo\"><img decoding=\"async\" width=\"735\" height=\"440\" src=\"https:\/\/i0.wp.com\/www.curierul.ro\/wp-content\/uploads\/2025\/02\/CR-CSM-SCM-1-e1738783556287.jpg?fit=300%2C175&amp;ssl=1\" class=\"attachment-giornalismo-single size-giornalismo-single wp-post-image\" alt loading=\"lazy\"><\/div>\n<p class=\"headline\"><a href=\"https:\/\/www.curierul.ro\/handbal-cupa-romanieiscm-ramnicu-valcea-pierde-clar-la-bucuresti-22-36\/\">Handbal, Cupa Rom\u00e2niei<br \/>SCM R\u00c2MNICU V\u00c2LCEA PIERDE CLAR LA BUCURE\u0218TI: 22-36<\/a><\/p>\n<\/article>\n<article id=\"latest-192009\" class=\"story post-192009 post type-post status-publish format-standard has-post-thumbnail hentry category-handbal category-headlines category-sport tag-csm-bucuresti tag-cupa-romanie tag-handbal tag-scm-ramnicu-valcea-2\">\n<div class=\"photo\"><img decoding=\"async\" width=\"735\" height=\"440\" src=\"https:\/\/i0.wp.com\/www.curierul.ro\/wp-content\/uploads\/2025\/02\/SCM-CSM-handbal.jpg?fit=300%2C169&amp;ssl=1\" class=\"attachment-giornalismo-single size-giornalismo-single wp-post-image\" alt loading=\"lazy\"><\/div>\n<p class=\"headline\"><a href=\"https:\/\/www.curierul.ro\/astazi-de-la-ora-17-in-cupa-romanieicsm-bucuresti-scm-ramnicu-valcea\/\">AST\u0102ZI, DE LA ORA 17, \u00ceN CUPA ROM\u00c2NIEI<br \/>CSM BUCURE\u0218TI \u2013 SCM R\u00c2MNICU V\u00c2LCEA<\/a><\/p>\n<\/article>\n<article id=\"latest-189882\" class=\"story post-189882 post type-post status-publish format-standard has-post-thumbnail hentry category-handbal category-headlines category-sport tag-benth-dahl tag-cristina-neagu tag-csm-bucuresti tag-florentin-pera tag-florin-verigeanu tag-gloria-bistrita tag-hagmann tag-handbal tag-oulblanc tag-rapid tag-scm-ramnicu-valcea\">\n<div class=\"photo\"><img decoding=\"async\" width=\"735\" height=\"440\" src=\"https:\/\/i0.wp.com\/www.curierul.ro\/wp-content\/uploads\/2024\/09\/Handbal-intrebari.jpg?fit=300%2C300&amp;ssl=1\" class=\"attachment-giornalismo-single size-giornalismo-single wp-post-image\" alt loading=\"lazy\"><\/div>\n<p class=\"headline\"><a href=\"https:\/\/www.curierul.ro\/nimic-despre-fotbal-doar-o-intrebare-in-plina-criza-pe-semicerc-ce-vrea-orasul-ramnicu-valcea-de-la-handbal\/\">Nimic despre fotbal, doar o \u00eentrebare \u00een plin\u0103 criz\u0103 pe semicerc: CE VREA ORA\u0218UL R\u00c2MNICU V\u00c2LCEA DE LA HANDBAL?<\/a><\/p>\n<\/article>\n<\/div>\n<\/section>\n<section class=\"latest-category clearfix\">\n<h2 class=\"title\">More Stories From Handbal<\/h2>\n<div class=\"stories-container\">\n<article id=\"related-196393\" class=\"story post-196393 post type-post status-publish format-standard has-post-thumbnail hentry category-handbal category-headlines category-sport tag-cupa-romaniei tag-handbal tag-scm-ramnicu-valcea\">\n<div class=\"photo\"><img decoding=\"async\" width=\"735\" height=\"440\" src=\"https:\/\/i0.wp.com\/www.curierul.ro\/wp-content\/uploads\/2026\/02\/IMG-20260218-WA0009.jpg?fit=298%2C300&amp;ssl=1\" class=\"attachment-giornalismo-single size-giornalismo-single wp-post-image\" alt loading=\"lazy\"><\/div>\n<p class=\"headline\"><a href=\"https:\/\/www.curierul.ro\/scm-ramnicu-valcea-este-in-sferturile-cupei-romaniei-la-handbal-feminin-39-2415-15-cu-stiinta-bucuresti\/\">SCM R\u00c2MNICU V\u00c2LCEA ESTE \u00ceN SFERTURILE CUPEI ROMANIEI LA HANDBAL FEMININ. 39-24(15-15) CU \u0218TIIN\u021aA BUCURE\u0218TI<\/a><\/p>\n<\/article>\n<article id=\"related-196314\" class=\"story post-196314 post type-post status-publish format-standard has-post-thumbnail hentry category-handbal category-headlines category-sport\">\n<div class=\"photo\"><img decoding=\"async\" width=\"735\" height=\"440\" src=\"https:\/\/i0.wp.com\/www.curierul.ro\/wp-content\/uploads\/2026\/02\/IMG-20260214-WA0014.jpg?fit=300%2C292&amp;ssl=1\" class=\"attachment-giornalismo-single size-giornalismo-single wp-post-image\" alt loading=\"lazy\"><\/div>\n<p class=\"headline\"><a href=\"https:\/\/www.curierul.ro\/liga-florilor-etapa-15-la-relanti-scm-ramnicu-valcea-castiga-la-zalau-34-21\/\">LIGA FLORILOR, ETAPA 15. LA RELANTI. SCM R\u00c2MNICU V\u00c2LCEA C\u00c2\u0218TIG\u0102 LA ZAL\u0102U, 34-21.<\/a><\/p>\n<\/article>\n<article id=\"related-196312\" class=\"story post-196312 post type-post status-publish format-standard has-post-thumbnail hentry category-handbal category-headlines category-sport\">\n<div class=\"photo\"><img decoding=\"async\" width=\"735\" height=\"440\" src=\"https:\/\/i0.wp.com\/www.curierul.ro\/wp-content\/uploads\/2026\/02\/IMG-20260214-WA0007.jpg?fit=300%2C276&amp;ssl=1\" class=\"attachment-giornalismo-single size-giornalismo-single wp-post-image\" alt loading=\"lazy\"><\/div>\n<p class=\"headline\"><a href=\"https:\/\/www.curierul.ro\/liga-florilor-etapa-15-scm-ramnicu-valcea-joaca-la-zalau-ora-17\/\">LIGA FLORILOR, ETAPA 15. SCM R\u00c2MNICU V\u00c2LCEA JOAC\u0102 LA ZAL\u0102U, ORA 17.<\/a><\/p>\n<\/article>\n<\/div>\n<\/section>\n<section class=\"author-bio clearfix\">\n<div class=\"mug-shot\"><img decoding=\"async\" alt src=\"https:\/\/secure.gravatar.com\/avatar\/38348b3eaa7d589402948e297c539169e25c956b894b08c27e56c621c3536fa4?s=96&amp;d=mm&amp;r=g\" class=\"avatar avatar-96 photo\" height=\"96\" width=\"96\" loading=\"lazy\"><\/div>\n<div class=\"author-info\">\n<p class=\"title\">About Gabriel S\u0103ndulescu, <\/p>\n<div class=\"author-social-area\"><a href=\"mailto:gbrlsandulescu@yahoo.com\"><span class=\"fal fa-envelope\"><span class=\"screen-reader-text\">Email the Author<\/span><\/span><\/a><\/div>\n<\/div>\n<\/section>\n<\/footer>\n<\/article>\n<article id=\"196435\" class=\"post-196435 post type-post status-publish format-standard has-post-thumbnail hentry category-handbal category-headlines category-sport tag-csm-bucuresti tag-frh tag-handbal tag-scm-ramnicu-valcea-2 tag-titlu\">\n<header class=\"post-header\">\n<ul class=\"breadcrumbs\">\n<li><a href=\"https:\/\/www.curierul.ro\">Home<\/a><\/li>\n<li class=\"breadcrumbs-active .category-handbal\"><a href=\"https:\/\/www.curierul.ro\/index.php?cat=4\">Handbal<\/a><\/li>\n<li class=\"breadcrumbs-active .category-handbal\">\u201eCU O ATMOSFER\u0102 EXTRAORDINAR\u0102 \u00ceN TRIBUNE, NE VOM BATE PENTRU \u0218ANSELE NOASTRE\u201d<\/li>\n<\/ul>\n<div class=\"featured-photo\"><img loading=\"lazy\" decoding=\"async\" width=\"991\" height=\"782\" src=\"https:\/\/i0.wp.com\/www.curierul.ro\/wp-content\/uploads\/2026\/02\/Florentin-Pera.jpg?fit=300%2C237&amp;ssl=1\" class=\"attachment-single size-single wp-post-image\" alt><\/div>\n<h1 class=\"headline\">\u201eCU O ATMOSFER\u0102 EXTRAORDINAR\u0102 \u00ceN TRIBUNE, NE VOM BATE PENTRU \u0218ANSELE NOASTRE\u201d<\/h1>\n<p class=\"byline\">\n\t\tScris de<a href=\"https:\/\/www.curierul.ro\/author\/gabi\/\">Gabriel S\u0103ndulescu<\/a>, \t\t26 februarie 2026\t\t\t\t<\/p>\n<hr>\n<\/header>\n<h2 class=\"wp-block-heading\">CREDE <strong>FLORENTIN PERA DESPRE MECIUL DE M\u00c2INE CU CSM BUCURE\u0218TI<\/strong><\/h2>\n<ul>\n<li><strong>Florentin Pera, vineri V\u00e2lcea \u00eent\u00e2lne\u0219te o echip\u0103 CSM Bucure\u0219ti aflat\u0103 \u00eentr-un v\u00e2rf de form\u0103, cu evolu\u021bii excelente \u00een Liga Campionilor. E preg\u0103tit\u0103 SCM R\u00e2mnicu V\u00e2lcea de o surpriz\u0103?<\/strong><\/li>\n<\/ul>\n<blockquote>\n<p><em>V\u00e2lcea a abordat toate partidele din acest sezon la victorie \u0219i cu siguran\u021b\u0103! A\u0219a va face \u0219i \u00een acest meci, chiar dac\u0103 \u00eent\u00e2lnim campioana Rom\u00e2niei \u00eentr-o form\u0103 foarte bun\u0103. Adversarele vin dup\u0103 o serie de 8 victorii consecutive \u00een Liga Campionului \u2013 \u0219i nu orice jocuri-, meciuri extrem de tari \u0219i cu adversarii valoro\u0219i, pe care le-au c\u00e2\u0219tigat de o manier\u0103 clar\u0103, bravo lor. Totodat\u0103, \u00een campionat este singura echip\u0103 ne\u00eenvins\u0103. Sigur c\u0103 ne a\u0219teapt\u0103 o partid\u0103 complicat\u0103, \u00eens\u0103 vom face tot ce \u021bine de noi pentru a ob\u021bine maxim din acest joc. Cumva ne \u00eencurajeaz\u0103 jocul foarte bun ar\u0103tat \u00een turul cu CSM Bucure\u0219ti, unde ne-au mai lipsit c\u00e2teva secunde pentru a ob\u021bine m\u0103car un rezultat de egalitate, dar mai ales forma noastr\u0103 ar\u0103tat\u0103 \u00een ultima perioad\u0103 ne d\u0103 \u00eencredere \u00een vederea abord\u0103rii acestui joc.<\/em><\/p>\n<\/blockquote>\n<ul>\n<li><strong>Sunt toate juc\u0103toarele apte din punct de vedere fizic pentru joc?<\/strong><\/li>\n<\/ul>\n<blockquote>\n<p><em>Au fost probleme de s\u0103n\u0103tate, da. Rebeca Necula a avut o entors\u0103, ruptur\u0103 fibrilar\u0103, acum otit\u0103, Maria Likkergard, Mia Zsocke, Tuva Hove, cu r\u0103celi puternice. A, \u0219i Madsen la fel, c\u0103 nu a jucat nici ea la Zal\u0103u. Eu zic c\u0103 vor fi valide toate la ora meciului, cu oarecare re\u021bineri \u00eens\u0103 din punct de vedere fizic, din cauza zilelor multe \u00een care nu s-au putut antrena. Oricum, sper\u0103m s\u0103 aib\u0103 un nivel bun. Dar dincolo de asta, \u021bin neap\u0103rat s\u0103 felicit toate juc\u0103toarele pentru c\u0103 au ar\u0103tat c\u0103 avem o atmosfer\u0103 foarte bun\u0103 \u00een cadrul echipe, au jucat cu determinare, cu implicare. Am crescut nivelul jocului at\u00e2t pe faza de ap\u0103rare c\u00e2t \u0219i pe faza de atac \u0219i, \u00een pofida absen\u021belor din anumite partide, acest lucru nu s-a sim\u021bit foarte mult pentru c\u0103 \u0219tiut s\u0103 str\u00e2ng\u0103 r\u00e2ndurile \u0219i s\u0103 se mobilizeze pentru a ob\u021bine rezultatele a\u0219teptate de suporterii no\u0219tri. A\u0219adar, felicit\u0103ri juc\u0103toarelor v\u00e2lcene!<\/em><\/p>\n<\/blockquote>\n<ul>\n<li><strong>Cine va c\u00e2\u0219tiga Liga Florilor?<\/strong><\/li>\n<\/ul>\n<blockquote>\n<p><em>E greu de spus. E prematur s\u0103 vorbim, mai sunt multe jocuri p\u00e2n\u0103 la final. Bine\u00een\u021beles c\u0103 CSM Bucure\u0219ti este echipa cu cel mai valoros lot \u0219i traverseaz\u0103 \u0219i o perioad\u0103 bun\u0103, \u00eens\u0103 mai sunt multe meciuri, mai este meciul direct. Se pot \u00eent\u00e2mpla multe p\u00e2n\u0103 la final, sunt \u0219i alte echipe bune care pot \u00eencurca, s\u0103 nu uit\u0103m c\u0103 \u0219i Bistri\u021ba are un lot valoros de asemenea. Sigur, la prima vedere CSM Bucure\u0219ti pleac\u0103 cu prima \u0219ans\u0103.<\/em><\/p>\n<\/blockquote>\n<ul>\n<li><strong>Cu cine simpatiza\u021bi \u00eentre cele dou\u0103?<\/strong><\/li>\n<\/ul>\n<blockquote>\n<p><em>Haide\u021bi s\u0103 l\u0103s\u0103m specula\u021biile pentru al\u021bii. Eu simpatizez cu V\u00e2lcea. At\u00e2t! Pentru mine, V\u00e2lcea este echipa pe care o iubesc \u0219i \u00eemi doresc din tot sufletul s\u0103 ob\u021bin cele mai bune performan\u021be posibile. Dac\u0103 se poate, s\u0103 reedit\u0103m rezultatele care le-am ob\u021binut \u00een perioada 2018-2021, s\u0103 c\u00e2\u0219tig toate trofeele posibile puse \u00een joc, a\u0219a cum am f\u0103cut atunci. Sigur c\u0103 nu este deloc simplu, dar sprijin din partea autorit\u0103\u021bilor exist\u0103, suporterii sunt al\u0103turi de echip\u0103, a\u0219a c\u0103 eu cred c\u0103 vom reu\u0219i din nou s\u0103 ridic\u0103m V\u00e2lcea acolo unde merit\u0103, adic\u0103 la cel mai \u00eenalt nivel.<\/em><\/p>\n<\/blockquote>\n<ul>\n<li><strong>Apropo de \u201eridicat\u201d. Locul 3 mai poate intra \u00een discu\u021bie pentru V\u00e2lcea?<\/strong><\/li>\n<\/ul>\n<blockquote>\n<p><em>A\u0219a cum este la locul 1, se poate \u00eent\u00e2mpla \u0219i la locul 3. Nimic nu este jucat, este mult prea devreme s\u0103 vorbim de o ierarhie clar\u0103. Sunt, a\u0219a cum bine a\u021bi v\u0103zut, jocuri foarte disputate, echilibrate, primele 8-9 echipe sunt puternice \u0219i se poate \u00eent\u00e2mpla orice. Pentru noi este cert c\u0103 vom \u00eencerca s\u0103 c\u00e2\u0219tig\u0103m fiecare meci \u00een parte. Nu \u0219tiu dac\u0103 depinde numai de noi. Sunt multe partide p\u00e2n\u0103 la final, \u0219i noi \u0219i Bra\u0219ovul vom avea partide dure. \u00centr-adev\u0103r, ultima etap\u0103 vom juca pe teren propriu cu Bra\u0219ov, dar este prea devreme s\u0103 vorbim despre acest aspect. Cred c\u0103 cel mai important este s\u0103 lu\u0103m fiecare meci \u00een parte \u0219i s\u0103-l trat\u0103m cu maxim\u0103 seriozitate \u0219i concentrare.<\/em><\/p>\n<\/blockquote>\n<ul>\n<li><strong>Legat de Corona, o \u00eentrebare, totu\u0219i\u2026 \u00cen partida de la Bra\u0219ov, V\u00e2lcea a jucat foarte mult timp cu aceea\u0219i linie de 9 metri. A fost \u00een regul\u0103 a\u0219a?<\/strong><\/li>\n<\/ul>\n<blockquote>\n<p><em>Nu-mi amintesc c\u0103 am jucat foarte mult cu aceea\u0219i linie de 9 metri. Cred c\u0103 problema noastr\u0103 la Bra\u0219ov nu a fost faza de atac, pentru c\u0103 am marcat 33 de goluri. \u00cen condi\u021biile \u00een care marchezi \u00een deplasare unei echip\u0103 ca Bra\u0219ov, cu o poart\u0103 bun\u0103, care a \u0219i f\u0103cut diferen\u021ba \u00een acel joc, problema noastr\u0103 nu a fost \u00een atac. Dimpotriv\u0103, m\u0103 felicit c\u0103 am mers pe acele solu\u021bii \u00een faza de atac, pentru c\u0103 am marcat 33 de goluri \u0219i ne\u2011am mai creat cel pu\u021bin 7-8 situa\u021bii clare de a finaliza, pe care din p\u0103cate nu le-am fructificat. Desigur, pe faza de ap\u0103rare nu am fost la nivelul pe care mi l-a\u0219 fi dorit, acolo poate am fi putut realiza mai mult, sigur c\u0103 nici poarta nu a avut procente prea bune. Dar, repet, ar fi ideal ca \u00een fiecare meci \u00eempotriva unor adversari cum este Bra\u0219ovul s\u0103 marc\u0103m 33 de goluri. La modul general vorbind, \u00eens\u0103, cu un pic de concentrare \u0219i aten\u021bie la ap\u0103rare \u0219i poart\u0103, echipa noastr\u0103 poate c\u00e2\u0219tiga orice meci.<\/em><\/p>\n<\/blockquote>\n<ul>\n<li><strong>V\u00e2lcea a jucat foarte bine \u00een sala proprie, 6 victorii \u0219i un egal. La fel, cu excep\u021bia meciului de la Rapid, echipa dumneavoastr\u0103 a f\u0103cut meciuri foarte bune \u00een deplasare. Totu\u0219i, acele meciuri bune au fost mereu pierdute la un gol diferen\u021b\u0103, ad\u0103ug\u00e2nd aici \u0219i partida de la Bistri\u021ba. Are echipa o problem\u0103 \u00een a gestiona finalurile de meci? Poate psihologic\u0103, atunci c\u00e2nd joac\u0103 \u201eafar\u0103\u201d?<\/strong><\/li>\n<\/ul>\n<blockquote>\n<p><em>Nu, nu a\u0219 spune a\u0219a. Noi am f\u0103cut jocuri foarte bune \u00een deplasare, cu excep\u021bia meciului despre care a\u021bi amintit, am jucat un handbal foarte bun. S\u0103 nu uit\u0103m c\u0103 am avut contraatacuri, c\u0103 mai aveam nevoie de c\u00e2teva secunde la Bra\u0219ov \u0219i la CSM Bucure\u0219ti pentru a ob\u021bine un rezultat de egalitate. Iar \u00een alte dou\u0103 jocuri, de la Bistri\u021ba \u0219i Br\u0103ila, \u0219ti\u021bi ce s-a \u00eent\u00e2mplat, au fost al\u021bi factori care au contribuit decisiv la acele rezultate. Cred eu c\u0103 am realizat progres \u0219i V\u00e2lcea jucat la un nivel ridicat. Sunt meciuri \u0219i meciuri, am pierdut la un gol, dar iat\u0103 c\u0103 am \u0219i c\u00e2\u0219tigat la un gol acas\u0103 cu Br\u0103ila. Iar cel mai important lucru este c\u0103 ne-am \u00eembun\u0103t\u0103\u021bit faza de ap\u0103rare treptat, dincolo de faptul c\u0103 am avut aproape tot timpul unul dintre cele mai bune atacuri din Rom\u00e2nia. Sigur, am avut probleme la poart\u0103. Eu zic c\u0103 dac\u0103 noi, \u00een prima parte a campionatului am fi avut un randament mai bun \u00een poart\u0103, \u0219i la ap\u0103rare, cred c\u0103 acum vorbeam de mult mai mult \u00een acest sezon. S\u0103 fim serio\u0219i, la \u00eenceput de sezon foarte mul\u021bi spuneau c\u0103 nu termin\u0103m \u00een primele opt. \u0218i iat\u0103-ne pe locul 4, cu un joc bun, recunoscut de aproape toat\u0103 lumea.<\/em><\/p>\n<\/blockquote>\n<ul>\n<li><strong>A\u0219adar, poarta\u2026 V\u00e2lcea \u00eenc\u0103 nu a anun\u021bat nimic pe un subiect totu\u0219i fierbinte, dup\u0103 cum amintea\u021bi adineauri. Prin urbe se vorbe\u0219te chiar de doi portari noi. Care este adev\u0103rul?<\/strong><\/li>\n<\/ul>\n<blockquote>\n<p><em>\u00cen momentul de fa\u021b\u0103 avem un portar acontat pentru urm\u0103torul sezon.Vine de la o echip\u0103 de Liga Campionilor. Nu-l numesc acum, o va face clubul c\u00e2nd va fi cazul. Discu\u021bii au mai fost, nu numai pentru postul de portar. Vom vedea ce se va \u00eent\u00e2mpla \u0219i \u00een privin\u021ba legii Novak, am \u00een\u021beles c\u0103 \u00een 4 martie se va da o solu\u021bie pe spe\u021b\u0103. \u0218i \u00een func\u021bie de asta vom vedea ce vom face \u00een continuare.<\/em><\/p>\n<\/blockquote>\n<ul>\n<li><strong>Bun \u0219i asta m\u0103 duce spre urm\u0103toarea \u00eentrebare: Din sezonul viitor vor veni foarte multe juc\u0103toare str\u0103ine la SCM. Dac\u0103 e s\u0103 consider\u0103m acest criteriu, juc\u0103toare rom\u00e2nce vs. juc\u0103toare str\u0103ine, pare-se c\u0103 nu sunte\u021bi favorabil legii cu trei rom\u00e2nce \u00een teren?<\/strong><\/li>\n<\/ul>\n<blockquote>\n<p><em>Vom vedea, a\u0219tept\u0103m decizia dac\u0103 aceast\u0103 lege va intra \u00een vigoare. Dup\u0103, vom vedea dac\u0103 suntem sau nu suntem. Din c\u00e2te se pare, \u0219ansele sunt destul de mici ca legea cu trei juc\u0103tori rom\u00e2ni permanent \u00een teren s\u0103 fie validat\u0103, pentru handbal.<\/em><\/p>\n<\/blockquote>\n<ul>\n<li><strong>Sincer, sunte\u021bi pentru sau \u00eempotriva Legii Novak?<\/strong><\/li>\n<\/ul>\n<blockquote>\n<p><em>Eu tot timpul am fost pentru, \u00eens\u0103 discu\u021bia r\u0103m\u00e2ne mereu complicat\u0103. \u0218i nu o s\u0103 m\u0103 refer la aspectul tehnic, adic\u0103 la schimb\u0103rile din timpul partidei. Dincolo de asta, p\u00e2n\u0103 la urm\u0103, strategia nu poate s\u0103 vin\u0103 de la un club anume. Sau de la un antrenor anume. Strategia trebuie s\u0103 fie na\u021bional\u0103. Iar de aici, unde e lege, nu e tocmeal\u0103. Dac\u0103 este o lege, va fi respectat\u0103 de toat\u0103 lumea. Dac\u0103 nu este, p\u00e2n\u0103 la urm\u0103\u2026 Fiecare \u00eencearc\u0103 s\u0103-\u0219i g\u0103seasc\u0103 solu\u021biile cele mai bune pentru echipa pe care o antreneaz\u0103. E simplu. Noi, de exemplu, ne\u2011am dorit juc\u0103toare rom\u00e2ne \u0219i pentru urm\u0103torul sezon. Am fost \u00een discu\u021bii cu multe juc\u0103toare rom\u00e2ne, mai ales Rebeca Necula ne-am dorit s\u0103 prelungeasc\u0103 contractul \u0219i clubul a f\u0103cut tot ce a fost omene\u0219te posibil pentru ea. Dac\u0103 \u00eemi aduc aminte bine, am avut discu\u021bii cu \u0219apte juc\u0103toare rom\u00e2ne, nu le amintesc acum, se \u0219tiu foarte bine discu\u021biile respective. Pe de alt\u0103 parte, \u0219i fondul de juc\u0103toare rom\u00e2ne e destul de restr\u00e2ns \u0219i asta e o problem\u0103 nu de azi, de ieri, a\u0219adar trebuie s\u0103 \u021binem cont \u0219i de acest aspect.<\/em><\/p>\n<\/blockquote>\n<ul>\n<li><strong>\u0218i de ce nu s-au finalizat cu unele dintre ele?<\/strong><\/li>\n<\/ul>\n<blockquote>\n<p><em>Pentru c\u0103 au avut oferte mai bune dec\u00e2t la V\u00e2lcea. E simplu! Au avut oferte mai bune, fiecare e liber s\u0103 mearg\u0103 acolo unde crede de cuviin\u021b\u0103. \u00cens\u0103 noi am reu\u0219it s\u0103 complet\u0103m anumite posturi cu juc\u0103toare valoroase \u0219i experimentate \u0219i eu cred c\u0103 a fost o campanie de achizi\u021bie reu\u0219it\u0103. Mi se pare c\u0103 este cea mai reu\u0219it\u0103 campanie de transferuri de la desfiin\u021barea Oltchimului.<\/em><\/p>\n<\/blockquote>\n<ul>\n<li><strong>De acord \u0219i b\u0103nuiesc c\u0103 to\u021bi v\u00e2lcenii sunt \u00eenc\u00e2nta\u021bi s\u0103 vad\u0103 asemenea juc\u0103toare. Totu\u0219i, exist\u0103 un curent de opinie care ridic\u0103 o \u00eentrebare. Mai au, Zaadi \u0219i Arntzen, chef de handbal? M\u0103 refer la motiva\u021bie, \u00een primul r\u00e2nd, ele au c\u00e2\u0219tigat cam tot ce se poate c\u00e2\u0219tiga \u00een handbalul feminin. Pe de alt\u0103 parte, Zaadi nu a str\u0103lucit la Krim, nici Arntzen la Bucure\u0219ti.<\/strong><\/li>\n<\/ul>\n<blockquote>\n<p><em>Sut\u0103 la sut\u0103! Sut\u0103 la sut\u0103 vor avea motiva\u021bie! Cine spune altfel, n-are nicio treab\u0103 cu handbalul. Sunt juc\u0103toare foarte experimentate, a\u0219a c\u0103, dimpotriv\u0103, \u00eenseamn\u0103 un c\u00e2\u0219tig mare s\u0103 aducem juc\u0103toare cu maturitate. \u0218i, bine\u00een\u021beles, sunt juc\u0103toare care au jucat mai tot timpul la cel mai \u00eenalt nivel \u00een Liga Campionilor. Uita\u021bi-v\u0103 la Crina Pintea, care nu mai este chiar t\u00e2n\u0103r\u0103, iat\u0103 cum joac\u0103! Eu am foarte mare \u00eencredere \u00een ele \u0219i sunt convins c\u0103 vor aduce un plus clar echipei noastre.<\/em><\/p>\n<\/blockquote>\n<ul>\n<li><strong>M\u0103 g\u00e2ndesc c\u0103 bate\u021bi spre ap\u0103rare acum, cu \u201eplusul\u201d, cu Arntzen \u0219i Zaadi.<\/strong><\/li>\n<\/ul>\n<blockquote>\n<p><em>Evident. Arntzen nu mai are nevoie de prezentare. E una dintre cele mai bune ap\u0103r\u0103toare, din punctul meu de vedere, din lume. Juc\u0103toare cu experien\u021b\u0103 foarte mare \u00een faza defensiv\u0103, ba sunt multe momente de joc c\u00e2nd ajut\u0103 echipa \u0219i \u00een atac. \u00cemi amintesc foarte bine \u0219i meciuri \u00een care a reu\u0219it s\u0103 fac\u0103 diferen\u021ba chiar pe faza de atac. Arntzen \u0219tie foarte bine V\u00e2lcea, a jucat mul\u021bi ani \u00een Rom\u00e2nia, \u0219tie c\u0103 pentru mine este foarte important\u0103 faza de ap\u0103rare \u0219i se potrive\u0219te pentru ceea ce dorim noi s\u0103 facem \u00een viitor. Zaadi, de asemenea, e o juc\u0103toare complet\u0103 care poate juca at\u00e2t zon\u0103 central\u0103, intermediar, poate juca pe toat\u0103 linia de 9 metri \u0219i face ambele faze de joc la fel. O \u0219tiu de foarte mul\u021bi ani, eram adversari \u00een Rusia, ne-am \u00eent\u00e2lnit de foarte multe ori acolo, eu la TSKA, ea la Rostov. C\u00e2nd f\u0103r\u0103 doar \u0219i poate era cel mai bun centru din lume. Ulterior am fost adversari \u0219i c\u00e2nd era la CSM, cu echipa na\u021bional\u0103, a\u0219adar a avut \u00eencredere \u00een ceea ce am discutat, ba chiar a\u0219 spune c\u0103 a fost \u00eenc\u00e2ntat\u0103 de proiect.<\/em><\/p>\n<\/blockquote>\n<ul>\n<li><strong>\u00cen regul\u0103, sper\u0103m ca optimismul s\u0103 fie acoperit de fapte sezonul viitor. S\u0103 deschidem subiectul \u0218tefania Stoica \u0219i Marie-Helene Sajka. Aducerea lor \u00eenseamn\u0103 o alt\u0103 abordare a liniei de 9 metri, pe faza de atac.<\/strong><\/li>\n<\/ul>\n<blockquote>\n<p><em>Corect. Am f\u0103cut o analiz\u0103 asupra lotului actual, asupra plusurilor \u0219i minusurilor din echipa noastr\u0103. Cred c\u0103 unul dintre minusurile noastre a fost lipsa arunc\u0103rii de la 9 metri, a\u0219a c\u0103 ne-am orientat spre juc\u0103toare care ne pot ajuta \u0219i din acest punct de vedere. Am avut vitez\u0103 \u00een joc \u00een acest campionat, cursivitate bun\u0103, dar ne-a lipsit \u00een momentele critice o juc\u0103toare care s\u0103 fac\u0103 diferen\u021ba de la linia de 9 metri \u0219i, din acest punct de vedere, at\u00e2t Stoica c\u00e2t \u0219i Sajka, chiar \u0219i Arntzen, sunt juc\u0103toare care pot s\u0103 ne ajute de la distan\u021b\u0103, \u00een sezonul viitor. Urm\u0103rind planul general \u00een ceea ce prive\u0219te campania de transferuri, am c\u0103utat juc\u0103toare c\u00e2t mai complet, care fac bine \u0219i faza de ap\u0103rare. Dincolo de for\u021ba de aruncare de la 9 metri, de calit\u0103\u021bile indiscutabile ale extremelor care vor veni, eu m-am g\u00e2ndit foarte mult la faza de ap\u0103rare. C\u00e2nd am c\u00e2\u0219tigat campionatul cu V\u00e2lcea, echipa era cea mai bun\u0103 pe faza de ap\u0103rare. \u0218i de-aici am pornit cu g\u00e2ndirea, pentru c\u0103 \u00eemi doresc s\u0103 realiz\u0103m acela\u0219i lucru de-acum \u00eenainte. \u0218i m\u0103 bucur c\u0103 au avut \u00eencredere \u00een proiectul nostru. Apreciez deschiderea lor, dorin\u021ba lor, \u0219i le mul\u021bumesc. Nu a fost simplu, lua\u021bi \u00een calcul c\u0103 eu am venit la V\u00e2lcea \u00een momentul c\u00e2nd echipa terminase pe locul 8 \u0219i nu mai c\u00e2\u0219tigase nimic \u00een ultimii ani. \u00cen acest context, era foarte dificil s\u0103 convingi juc\u0103toare de o asemenea talie, de o asemenea valoare, de o asemenea experien\u021b\u0103, s\u0103 vin\u0103 la V\u00e2lcea. Dar, repet, m\u0103 bucur foarte mult c\u0103 au avut \u00eencredere \u0219i c\u0103 au acceptat s\u0103 se al\u0103ture proiectului nostru. M\u0103 cunosc foarte bine, am jucat \u00eempotriva lor, at\u00e2t la echipa de club c\u00e2t \u0219i la echipa na\u021bional\u0103, \u0219tiu c\u0103 sunt un antrenor ambi\u021bios \u0219i c\u0103 \u00eemi doresc din nou s\u0103 readuc V\u00e2lcea \u00een lupta pentru medalii, pentru revenirea \u00een Liga Campionilor, \u0219i cred c\u0103 \u0219i acest lucru a contat pentru ele s\u0103 fac\u0103 pasul spre noi.<\/em><\/p>\n<\/blockquote>\n<ul>\n<li><strong>Spunea\u021bi ceva mai devreme c\u0103 bazinul de juc\u0103toare competitive din Rom\u00e2nia este redus \u0219i pare c\u0103 se restr\u00e2nge de la an la an. Ce p\u0103rere ave\u021bi despre modul \u00een care gestioneaz\u0103 Federa\u021bia piramida handbalului rom\u00e2nesc. \u0218i am \u00een vedere aici c\u0103 anul trecut s-a desfiin\u021bat campionatul de tineret, sistemul de organizare al Diviziei A, zona de juniori unde apar nemul\u021bumiri \u0219i \u00eenc\u0103 altele.<\/strong><\/li>\n<\/ul>\n<blockquote>\n<p><em>Sigur c\u0103 \u00een ultimii ani, av\u00e2nd \u00een vedere num\u0103rul mare de juc\u0103toare str\u0103ine, care au venit \u00een venit \u00een campionatul Rom\u00e2niei, s-au redus, s\u0103 zic a\u0219a, \u0219ansele juc\u0103torilor rom\u00e2ne de a juca \u00een prima lig\u0103, de a juca la un nivel ridicat p\u00e2n\u0103 la urm\u0103. Iar acest lucru sigur c\u0103 se va sim\u021bi \u0219i \u00een urm\u0103torii ani, pentru c\u0103 m\u00e2ine dac\u0103 ar ap\u0103rea o lege care vine \u00een sprijinul juc\u0103toarelor rom\u00e2ne, pentru a juca mai mult, acest lucru nu poate s\u0103 ajute peste noapte handbalul rom\u00e2nesc. E un proces de durat\u0103. Eu cred c\u0103 la nivel de copii \u0219i juniori trebuie s\u0103 fim mai implica\u021bi. Trebuie s\u0103 investim mai mult din toate punctele de vedere \u0219i aici m\u0103 refer \u0219i la condi\u021bii la condi\u021biile de preg\u0103tire, la infrastructur\u0103, la staff. Sunt pu\u021bine echipe de junioare de copii care au preparatori fizici, care au condi\u021bii de refacere, care au medica\u021bie, cantonamente, turnee de preg\u0103tire \u0219i a\u0219a mai departe.\u00a0 Din acest punct de vedere, to\u021bi cei care suntem implica\u021bi \u00een acest fenomen trebuie s\u0103 ajut\u0103m \u0219i s\u0103 sprijinim mai mult. Mi se pare imperios necesar s\u0103 revin\u0103 handbalul \u00een \u0219coli, a\u0219a cum era odat\u0103. \u00cenc\u0103 de la clasele 1-4 cred c\u0103 trebuie s\u0103 facem ceva \u00een acest sens. De asemenea, la Centrele de Excelen\u021b\u0103, care, din punctul meu de vedere, nu mai produc a\u0219a cum au produs odat\u0103. Mi-amintesc c\u0103 acum foarte mul\u021bi ani era b\u0103taie \u00een momentul c\u00e2nd o genera\u021bie termina liceul \u0219i trebuia s\u0103 fac\u0103 pasul spre senioare, erau licita\u021bii \u0219i era o lupt\u0103 \u00eentre echipele de lig\u0103 s\u0103 ia juc\u0103toare tinere de la centre. \u00cen momentul de fa\u021b\u0103 acest lucru nu prea se mai \u00eent\u00e2mpl\u0103.<\/em><\/p>\n<\/blockquote>\n<ul>\n<li><strong>De ce nu se mai \u00eent\u00e2mpl\u0103? <\/strong><\/li>\n<\/ul>\n<blockquote>\n<p><em>Probabil c\u0103 nici juc\u0103toarele\u2026.Nici cele mai bune juc\u0103toare nu vin \u0219i aici este o problem\u0103 esen\u021bial\u0103 a centrelor de excelen\u021b\u0103. Eu consider c\u0103 dac\u0103 nu vin cele mai bune juc\u0103toare la nivelul respectiv de v\u00e2rst\u0103, nu \u0219tiu dac\u0103 acest centru o s\u0103 aib\u0103 finalitatea pe care \u0219i-o propune. Nu e normal ca juc\u0103toare de la echipe de junioare din \u021bar\u0103 s\u0103 fie mai valoroase dec\u00e2t juc\u0103toarele care sunt \u00een centre \u0219i aici trebuie s\u0103 identificat\u0103 o variant\u0103 de a g\u0103si o colaborare \u00eentre Federa\u021bia Rom\u00e2n\u0103 de Handbal \u0219i cluburile de copii \u0219i juniori pentru a aduce cei mai buni copii \u00een centre. \u0218i atunci, cu siguran\u021b\u0103, cu un program foarte bine conturat, cu o linie metodic\u0103 unitar\u0103, cu condi\u021bii optime, cred c\u0103 vor ap\u0103rea \u0219i mai multe juc\u0103toare valoroase. Dar a\u0219a, dac\u0103 vin doar anumite juc\u0103toare, este greu s\u0103 producem. Mai mult dec\u00e2t at\u00e2t, aici cred c\u0103 scopul principal este s\u0103 form\u0103m juc\u0103toare. Adic\u0103 trebuie s\u0103 avem un obiectiv \u021bintit. Dac\u0103 la nivel de echip\u0103 na\u021bional\u0103 a Rom\u00e2niei de senioare noi nu avem st\u00e2ngace inter dreapta, de exemplu, noi trebuie de la nivel de cadete p\u00e2n\u0103 la nivel de tineret, loturi na\u021bionale, s\u0103 lucr\u0103m \u00een centrele olimpice. Nu avem ap\u0103r\u0103tori centrali, c\u0103 vorbeam despre situa\u021bia de la echipa na\u021bional\u0103. La fel, echipa na\u021bional\u0103 nu mai are, eu \u0219tiu, \u00een 10 ani de zile a fost Melinda Geiger, o mai are pe Alice Gog\u00e2rl\u0103, poate Alina Ilie, deci foarte pu\u021bine juc\u0103toare, vorbim de 2-3 juc\u0103toare \u00een 10 ani, 15 ani, inter dreapta de m\u00e2na st\u00e2ng\u0103. \u0218i noi ce-am f\u0103cut \u00een tot acest timp? De ce la nivel de copii \u0219i juniori n-am reu\u0219it s\u0103 aducem cele mai bune juc\u0103toare tinere, talentate, st\u00e2ngace, s\u0103 le aducem \u00een centre \u0219i s\u0103 lucr\u0103m, s\u0103 implement\u0103m un program de preg\u0103tire \u00een care ele, poate la 18 ani, vor un alt nivel de exprimare \u0219i vor fi capabile s\u0103 fac\u0103 pasul spre Liga sau spre loturile na\u021bionale?! Atunci haide\u021bi s\u0103 identific\u0103m \u0219i s\u0103 preg\u0103tim, la nivel de centre, posturile respective. Noi trebuie s\u0103 facem lucrul \u0103sta, \u00een centrele olimpice trebuie s\u0103 producem, s\u0103 identific\u0103m care sunt acele juc\u0103toare pe <strong>posturile respective<\/strong>, da?<\/em><\/p>\n<\/blockquote>\n<ul>\n<li><strong>Legat de cele de mai sus. Peste mai pu\u021bin de dou\u0103 luni, vor fi alegeri la\u2026\u2026<\/strong><\/li>\n<\/ul>\n<blockquote>\n<p><em>Nu comentez.<\/em><\/p>\n<\/blockquote>\n<ul>\n<li><strong>De ce?<\/strong><\/li>\n<\/ul>\n<blockquote>\n<p><em>Nu comentez.<\/em><\/p>\n<\/blockquote>\n<ul>\n<li><strong>Despre na\u021bional\u0103 atunci, foarte scurt. Rebeca Necula a r\u0103mas singura juc\u0103toare de la SCM convocat\u0103. Asma Elgahoui nu, de\u0219i a jucat la Mondiale. Ce p\u0103rere ave\u021bi despre neconvocarea ei?<\/strong><\/li>\n<\/ul>\n<blockquote>\n<p><em>Da, am discutat \u0219i cu Asma pe aceast\u0103 tem\u0103. Probabil c\u0103 au luat \u00een considerare faptul c\u0103 nu au mul\u021bi ap\u0103r\u0103tori centrali \u00een acest moment, \u021bin\u00e2nd cont de absen\u021ba lui Skrobic \u0219i bine\u00een\u021beles Bazaliu, neconvocat\u0103 din nou. Sunt dou\u0103 juc\u0103toare care ar fi putut s\u0103 ajute echipa na\u021bional\u0103 \u00een zona central\u0103 pe faza de ap\u0103rare. \u00cen aceste condi\u021bii echipa na\u021bional\u0103 pentru aceast\u0103 ac\u021biune care urmeaz\u0103 nu are foarte multe solu\u021bii acolo, \u00een zona central\u0103, except\u00e2ndu-o pe Lorena Ostase care joac\u0103 constant \u0219i este ap\u0103r\u0103tor central. \u00cen rest, Lix\u0103ndroiu mai poate juca \u00een zon\u0103 central\u0103, dar a jucat destul de pu\u021bin la echipa de club. Burlachenko de asemenea, \u00een fine nu vreau s\u0103 comentez prea mult aici. P\u00e2n\u0103 la urm\u0103 m-am bucurat c\u0103 revine \u0218tefania Stoica.<\/em><\/p>\n<\/blockquote>\n<ul>\n<li><strong> Haide\u021bi s\u0103 ne \u00eentoarcem la meciul de vineri. Ce a\u0219tept\u0103ri ave\u021bi?<\/strong><\/li>\n<\/ul>\n<p><em><strong>\u00cen primul r\u00e2nd \u00eemi doresc ca echipa noastr\u0103 s\u0103 lupte p\u00e2n\u0103 la ultima pic\u0103tur\u0103 de energie, s\u0103 aib\u0103 atitudine, s\u0103 fie determinat\u0103, s\u0103 cread\u0103 \u00een \u0219ansa ei, s\u0103 nu \u021bin\u0103 cont nici o secund\u0103 de nivelul adversarului. Pentru c\u0103, trebuie s\u0103 fim corec\u021bi, CSM Bucure\u0219ti \u00een acest moment este o echip\u0103 foarte puternic\u0103. \u00cens\u0103 \u00een sport prima condi\u021bie este s\u0103 crezi \u00een \u0219ansa ta \u0219i c\u00e2t de mic\u0103 este aceast\u0103 \u0219ans\u0103, trebuie s\u0103 d\u0103m tot ce avem noi mai bun p\u00e2n\u0103 \u00een ultima secunda jocului. \u00cemi doresc o atmosfer\u0103 extraordinar\u0103 \u00een tribune, o atmosfer\u0103 care s\u0103 \u00eemping\u0103 echipa noastr\u0103 spre un rezultat pozitiv \u0219i, indiferent care va fi rezultatul final, s\u0103 ie\u0219im de pe teren cu g\u00e2ndul c\u0103 am dat tot pentru a ob\u021bine maxim din acest meci.<\/strong><\/em><\/p>\n<ul>\n<li><strong>Succes SCM-ului din R\u00e2mnicu V\u00e2lcea!<\/strong><\/li>\n<\/ul>\n<blockquote>\n<p><em>Mul\u021bumim!<\/em><\/p>\n<\/blockquote>\n<div class=\"sharedaddy sd-sharing-enabled\">\n<div class=\"robots-nocontent sd-block sd-social sd-social-official sd-sharing\">\n<h3 class=\"sd-title\">Distribuie pe:<\/h3>\n<div class=\"sd-content\">\n<ul>\n<li class=\"share-facebook\">\n<li class=\"share-twitter\"><a href=\"https:\/\/twitter.com\/share\" class=\"twitter-share-button\" data-url=\"https:\/\/www.curierul.ro\/cu-o-atmosfera-extraordinara-in-tribune-ne-vom-bate-pentru-sansele-noastre\/\" data-text=\"\u201eCU O ATMOSFER\u0102 EXTRAORDINAR\u0102 \u00ceN TRIBUNE, NE VOM BATE PENTRU \u0218ANSELE NOASTRE\u201d\" data-via=\"curierulvl\">Tweet<\/a><\/li>\n<li class=\"share-jetpack-whatsapp\"><a rel=\"nofollow noopener noreferrer\" data-shared=\"sharing-whatsapp-196435\" class=\"share-jetpack-whatsapp sd-button\" href=\"https:\/\/www.curierul.ro\/cu-o-atmosfera-extraordinara-in-tribune-ne-vom-bate-pentru-sansele-noastre\/?share=jetpack-whatsapp\" target=\"_blank\" aria-labelledby=\"sharing-whatsapp-196435\"><span id=\"sharing-whatsapp-196435\" hidden>D\u0103 clic pentru partajare pe WhatsApp(Se deschide \u00eentr-o fereastr\u0103 nou\u0103)<\/span><span>WhatsApp<\/span><\/a><\/li>\n<li><a href=\"https:\/\/www.curierul.ro\/cu-o-atmosfera-extraordinara-in-tribune-ne-vom-bate-pentru-sansele-noastre\/\" class=\"sharing-anchor sd-button share-more\"><span>Mai mult<\/span><\/a><\/li>\n<li class=\"share-end\"><\/ul>\n<div class=\"sharing-hidden\">\n<div class=\"inner\">\n<ul>\n<li class=\"share-email\"><a rel=\"nofollow noopener noreferrer\" data-shared=\"sharing-email-196435\" class=\"share-email sd-button\" href=\"mailto:?subject=%5BArticol%20partajat%5D%20%E2%80%9ECU%20O%20ATMOSFER%C4%82%20EXTRAORDINAR%C4%82%20%C3%8EN%20TRIBUNE%2C%20NE%20VOM%20BATE%20PENTRU%20%C8%98ANSELE%20NOASTRE%E2%80%9D&amp;body=https%3A%2F%2Fwww.curierul.ro%2Fcu-o-atmosfera-extraordinara-in-tribune-ne-vom-bate-pentru-sansele-noastre%2F&amp;share=email\" target=\"_blank\" aria-labelledby=\"sharing-email-196435\" data-email-share-error-title=\"\u021ai-ai configurat emailul?\" data-email-share-error-text=\"Dac\u0103 ai probleme la partajarea prin email, probabil nu ai configurat emailul pentru navigator. Poate trebuie s\u0103 creezi singur un email nou.\" data-email-share-nonce=\"2f9550954c\" data-email-share-track-url=\"https:\/\/www.curierul.ro\/cu-o-atmosfera-extraordinara-in-tribune-ne-vom-bate-pentru-sansele-noastre\/?share=email\"><span id=\"sharing-email-196435\" hidden>D\u0103 clic pentru a trimite o leg\u0103tur\u0103 prin email unui prieten(Se deschide \u00eentr-o fereastr\u0103 nou\u0103)<\/span><span>Email<\/span><\/a><\/li>\n<li class=\"share-print\"><a rel=\"nofollow noopener noreferrer\" data-shared=\"sharing-print-196435\" class=\"share-print sd-button\" href=\"https:\/\/www.curierul.ro\/cu-o-atmosfera-extraordinara-in-tribune-ne-vom-bate-pentru-sansele-noastre\/#print?share=print\" target=\"_blank\" aria-labelledby=\"sharing-print-196435\"><span id=\"sharing-print-196435\" hidden>D\u0103 clic pentru a imprima(Se deschide \u00eentr-o fereastr\u0103 nou\u0103)<\/span><span>Imprimare<\/span><\/a><\/li>\n<li class=\"share-end\"><\/ul>\n<\/div>\n<\/div>\n<\/div>\n<\/div>\n<\/div>\n<div id=\"jp-relatedposts\" class=\"jp-relatedposts\">\n<h3 class=\"jp-relatedposts-headline\"><em>Similare<\/em><\/h3>\n<\/div>\n<footer class=\"post-footer\">\n<p class=\"tags\"><strong>Tags: <\/strong><a href=\"https:\/\/www.curierul.ro\/tag\/csm-bucuresti\/\" rel=\"tag\">CSM Bucure\u015fti<\/a>, <a href=\"https:\/\/www.curierul.ro\/tag\/frh\/\" rel=\"tag\">FRH<\/a>, <a href=\"https:\/\/www.curierul.ro\/tag\/handbal\/\" rel=\"tag\">handbal<\/a>, <a href=\"https:\/\/www.curierul.ro\/tag\/scm-ramnicu-valcea-2\/\" rel=\"tag\">scm ramnicu v\u00e2lcea<\/a>, <a href=\"https:\/\/www.curierul.ro\/tag\/titlu\/\" rel=\"tag\">titlu<\/a><\/p>\n<div class=\"post-navigation clearfix\">\n<div class=\"previous-post\">\n<div class=\"featured-photo\"><img loading=\"lazy\" decoding=\"async\" width=\"982\" height=\"611\" src=\"https:\/\/i0.wp.com\/www.curierul.ro\/wp-content\/uploads\/2020\/04\/OLTCHIM.jpg?fit=300%2C187&amp;ssl=1\" class=\"attachment-post-thumbnail size-post-thumbnail wp-post-image\" alt><\/div>\n<p class=\"paginate-title\">\u00ab\u00ab <a href=\"https:\/\/www.curierul.ro\/abur-gros-pe-platforma-chimica-concedieri-inchiderea-unor-sectii-sau-doar-zvonuri\/\" rel=\"prev\">\u00abAbur gros\u00bb pe platforma chimic\u0103\u2026concedieri, \u00eenchiderea unor sec\u021bii, sau doar zvonuri?<\/a><\/p>\n<\/div>\n<\/div>\n<div id=\"comments\" class=\"comments-area\">\n<div id=\"respond\" class=\"comment-respond\">\n<h3 id=\"reply-title\" class=\"comment-reply-title\">Po\u021bi comenta aici<small><a rel=\"nofollow\" id=\"cancel-comment-reply-link\" href=\"https:\/\/www.curierul.ro\/cu-o-atmosfera-extraordinara-in-tribune-ne-vom-bate-pentru-sansele-noastre\/#respond\">Anuleaz\u0103 r\u0103spunsul<\/a><\/small><\/h3>\n<\/div>\n<p class=\"akismet_comment_form_privacy_notice\">Acest site folose\u0219te Akismet pentru a reduce spamul. <a href=\"https:\/\/akismet.com\/privacy\/\" target=\"_blank\" rel=\"nofollow noopener\">Afl\u0103 cum sunt procesate datele comentariilor tale<\/a>.<\/p>\n<\/div>\n<section class=\"related-stories\">\n<h2>Related Stories<\/h2>\n<div class=\"stories-container\">\n<article id=\"latest-192029\" class=\"story post-192029 post type-post status-publish format-standard has-post-thumbnail hentry category-handbal category-headlines category-sport tag-csm-bucuresti tag-cupa-romanie tag-handbal tag-scm-rm-valcea\">\n<div class=\"photo\"><img decoding=\"async\" width=\"735\" height=\"440\" src=\"https:\/\/i0.wp.com\/www.curierul.ro\/wp-content\/uploads\/2025\/02\/CR-CSM-SCM-1-e1738783556287.jpg?fit=300%2C175&amp;ssl=1\" class=\"attachment-giornalismo-single size-giornalismo-single wp-post-image\" alt loading=\"lazy\"><\/div>\n<p class=\"headline\"><a href=\"https:\/\/www.curierul.ro\/handbal-cupa-romanieiscm-ramnicu-valcea-pierde-clar-la-bucuresti-22-36\/\">Handbal, Cupa Rom\u00e2niei<br \/>SCM R\u00c2MNICU V\u00c2LCEA PIERDE CLAR LA BUCURE\u0218TI: 22-36<\/a><\/p>\n<\/article>\n<article id=\"latest-192009\" class=\"story post-192009 post type-post status-publish format-standard has-post-thumbnail hentry category-handbal category-headlines category-sport tag-csm-bucuresti tag-cupa-romanie tag-handbal tag-scm-ramnicu-valcea-2\">\n<div class=\"photo\"><img decoding=\"async\" width=\"735\" height=\"440\" src=\"https:\/\/i0.wp.com\/www.curierul.ro\/wp-content\/uploads\/2025\/02\/SCM-CSM-handbal.jpg?fit=300%2C169&amp;ssl=1\" class=\"attachment-giornalismo-single size-giornalismo-single wp-post-image\" alt loading=\"lazy\"><\/div>\n<p class=\"headline\"><a href=\"https:\/\/www.curierul.ro\/astazi-de-la-ora-17-in-cupa-romanieicsm-bucuresti-scm-ramnicu-valcea\/\">AST\u0102ZI, DE LA ORA 17, \u00ceN CUPA ROM\u00c2NIEI<br \/>CSM BUCURE\u0218TI \u2013 SCM R\u00c2MNICU V\u00c2LCEA<\/a><\/p>\n<\/article>\n<article id=\"latest-189882\" class=\"story post-189882 post type-post status-publish format-standard has-post-thumbnail hentry category-handbal category-headlines category-sport tag-benth-dahl tag-cristina-neagu tag-csm-bucuresti tag-florentin-pera tag-florin-verigeanu tag-gloria-bistrita tag-hagmann tag-handbal tag-oulblanc tag-rapid tag-scm-ramnicu-valcea\">\n<div class=\"photo\"><img decoding=\"async\" width=\"735\" height=\"440\" src=\"https:\/\/i0.wp.com\/www.curierul.ro\/wp-content\/uploads\/2024\/09\/Handbal-intrebari.jpg?fit=300%2C300&amp;ssl=1\" class=\"attachment-giornalismo-single size-giornalismo-single wp-post-image\" alt loading=\"lazy\"><\/div>\n<p class=\"headline\"><a href=\"https:\/\/www.curierul.ro\/nimic-despre-fotbal-doar-o-intrebare-in-plina-criza-pe-semicerc-ce-vrea-orasul-ramnicu-valcea-de-la-handbal\/\">Nimic despre fotbal, doar o \u00eentrebare \u00een plin\u0103 criz\u0103 pe semicerc: CE VREA ORA\u0218UL R\u00c2MNICU V\u00c2LCEA DE LA HANDBAL?<\/a><\/p>\n<\/article>\n<\/div>\n<\/section>\n<section class=\"latest-category clearfix\">\n<h2 class=\"title\">More Stories From Handbal<\/h2>\n<div class=\"stories-container\">\n<article id=\"related-196393\" class=\"story post-196393 post type-post status-publish format-standard has-post-thumbnail hentry category-handbal category-headlines category-sport tag-cupa-romaniei tag-handbal tag-scm-ramnicu-valcea\">\n<div class=\"photo\"><img decoding=\"async\" width=\"735\" height=\"440\" src=\"https:\/\/i0.wp.com\/www.curierul.ro\/wp-content\/uploads\/2026\/02\/IMG-20260218-WA0009.jpg?fit=298%2C300&amp;ssl=1\" class=\"attachment-giornalismo-single size-giornalismo-single wp-post-image\" alt loading=\"lazy\"><\/div>\n<p class=\"headline\"><a href=\"https:\/\/www.curierul.ro\/scm-ramnicu-valcea-este-in-sferturile-cupei-romaniei-la-handbal-feminin-39-2415-15-cu-stiinta-bucuresti\/\">SCM R\u00c2MNICU V\u00c2LCEA ESTE \u00ceN SFERTURILE CUPEI ROMANIEI LA HANDBAL FEMININ. 39-24(15-15) CU \u0218TIIN\u021aA BUCURE\u0218TI<\/a><\/p>\n<\/article>\n<article id=\"related-196314\" class=\"story post-196314 post type-post status-publish format-standard has-post-thumbnail hentry category-handbal category-headlines category-sport\">\n<div class=\"photo\"><img decoding=\"async\" width=\"735\" height=\"440\" src=\"https:\/\/i0.wp.com\/www.curierul.ro\/wp-content\/uploads\/2026\/02\/IMG-20260214-WA0014.jpg?fit=300%2C292&amp;ssl=1\" class=\"attachment-giornalismo-single size-giornalismo-single wp-post-image\" alt loading=\"lazy\"><\/div>\n<p class=\"headline\"><a href=\"https:\/\/www.curierul.ro\/liga-florilor-etapa-15-la-relanti-scm-ramnicu-valcea-castiga-la-zalau-34-21\/\">LIGA FLORILOR, ETAPA 15. LA RELANTI. SCM R\u00c2MNICU V\u00c2LCEA C\u00c2\u0218TIG\u0102 LA ZAL\u0102U, 34-21.<\/a><\/p>\n<\/article>\n<article id=\"related-196312\" class=\"story post-196312 post type-post status-publish format-standard has-post-thumbnail hentry category-handbal category-headlines category-sport\">\n<div class=\"photo\"><img decoding=\"async\" width=\"735\" height=\"440\" src=\"https:\/\/i0.wp.com\/www.curierul.ro\/wp-content\/uploads\/2026\/02\/IMG-20260214-WA0007.jpg?fit=300%2C276&amp;ssl=1\" class=\"attachment-giornalismo-single size-giornalismo-single wp-post-image\" alt loading=\"lazy\"><\/div>\n<p class=\"headline\"><a href=\"https:\/\/www.curierul.ro\/liga-florilor-etapa-15-scm-ramnicu-valcea-joaca-la-zalau-ora-17\/\">LIGA FLORILOR, ETAPA 15. SCM R\u00c2MNICU V\u00c2LCEA JOAC\u0102 LA ZAL\u0102U, ORA 17.<\/a><\/p>\n<\/article>\n<\/div>\n<\/section>\n<section class=\"author-bio clearfix\">\n<div class=\"mug-shot\"><img decoding=\"async\" alt src=\"https:\/\/secure.gravatar.com\/avatar\/38348b3eaa7d589402948e297c539169e25c956b894b08c27e56c621c3536fa4?s=96&amp;d=mm&amp;r=g\" class=\"avatar avatar-96 photo\" height=\"96\" width=\"96\" loading=\"lazy\"><\/div>\n<div class=\"author-info\">\n<p class=\"title\">About Gabriel S\u0103ndulescu, <\/p>\n<div class=\"author-social-area\"><a href=\"mailto:gbrlsandulescu@yahoo.com\"><span class=\"fal fa-envelope\"><span class=\"screen-reader-text\">Email the Author<\/span><\/span><\/a><\/div>\n<\/div>\n<\/section>\n<\/footer>\n<\/article>\n<article id=\"latest-192029\" class=\"story post-192029 post type-post status-publish format-standard has-post-thumbnail hentry category-handbal category-headlines category-sport tag-csm-bucuresti tag-cupa-romanie tag-handbal tag-scm-rm-valcea\">\n<div class=\"photo\"><img decoding=\"async\" width=\"735\" height=\"440\" src=\"https:\/\/i0.wp.com\/www.curierul.ro\/wp-content\/uploads\/2025\/02\/CR-CSM-SCM-1-e1738783556287.jpg?fit=300%2C175&amp;ssl=1\" class=\"attachment-giornalismo-single size-giornalismo-single wp-post-image\" alt loading=\"lazy\"><\/div>\n<p class=\"headline\"><a href=\"https:\/\/www.curierul.ro\/handbal-cupa-romanieiscm-ramnicu-valcea-pierde-clar-la-bucuresti-22-36\/\">Handbal, Cupa Rom\u00e2niei<br \/>SCM R\u00c2MNICU V\u00c2LCEA PIERDE CLAR LA BUCURE\u0218TI: 22-36<\/a><\/p>\n<\/article>\n<article id=\"latest-192009\" class=\"story post-192009 post type-post status-publish format-standard has-post-thumbnail hentry category-handbal category-headlines category-sport tag-csm-bucuresti tag-cupa-romanie tag-handbal tag-scm-ramnicu-valcea-2\">\n<div class=\"photo\"><img decoding=\"async\" width=\"735\" height=\"440\" src=\"https:\/\/i0.wp.com\/www.curierul.ro\/wp-content\/uploads\/2025\/02\/SCM-CSM-handbal.jpg?fit=300%2C169&amp;ssl=1\" class=\"attachment-giornalismo-single size-giornalismo-single wp-post-image\" alt loading=\"lazy\"><\/div>\n<p class=\"headline\"><a href=\"https:\/\/www.curierul.ro\/astazi-de-la-ora-17-in-cupa-romanieicsm-bucuresti-scm-ramnicu-valcea\/\">AST\u0102ZI, DE LA ORA 17, \u00ceN CUPA ROM\u00c2NIEI<br \/>CSM BUCURE\u0218TI \u2013 SCM R\u00c2MNICU V\u00c2LCEA<\/a><\/p>\n<\/article>\n<article id=\"latest-189882\" class=\"story post-189882 post type-post status-publish format-standard has-post-thumbnail hentry category-handbal category-headlines category-sport tag-benth-dahl tag-cristina-neagu tag-csm-bucuresti tag-florentin-pera tag-florin-verigeanu tag-gloria-bistrita tag-hagmann tag-handbal tag-oulblanc tag-rapid tag-scm-ramnicu-valcea\">\n<div class=\"photo\"><img decoding=\"async\" width=\"735\" height=\"440\" src=\"https:\/\/i0.wp.com\/www.curierul.ro\/wp-content\/uploads\/2024\/09\/Handbal-intrebari.jpg?fit=300%2C300&amp;ssl=1\" class=\"attachment-giornalismo-single size-giornalismo-single wp-post-image\" alt loading=\"lazy\"><\/div>\n<p class=\"headline\"><a href=\"https:\/\/www.curierul.ro\/nimic-despre-fotbal-doar-o-intrebare-in-plina-criza-pe-semicerc-ce-vrea-orasul-ramnicu-valcea-de-la-handbal\/\">Nimic despre fotbal, doar o \u00eentrebare \u00een plin\u0103 criz\u0103 pe semicerc: CE VREA ORA\u0218UL R\u00c2MNICU V\u00c2LCEA DE LA HANDBAL?<\/a><\/p>\n<\/article>\n<article id=\"related-196393\" class=\"story post-196393 post type-post status-publish format-standard has-post-thumbnail hentry category-handbal category-headlines category-sport tag-cupa-romaniei tag-handbal tag-scm-ramnicu-valcea\">\n<div class=\"photo\"><img decoding=\"async\" width=\"735\" height=\"440\" src=\"https:\/\/i0.wp.com\/www.curierul.ro\/wp-content\/uploads\/2026\/02\/IMG-20260218-WA0009.jpg?fit=298%2C300&amp;ssl=1\" class=\"attachment-giornalismo-single size-giornalismo-single wp-post-image\" alt loading=\"lazy\"><\/div>\n<p class=\"headline\"><a href=\"https:\/\/www.curierul.ro\/scm-ramnicu-valcea-este-in-sferturile-cupei-romaniei-la-handbal-feminin-39-2415-15-cu-stiinta-bucuresti\/\">SCM R\u00c2MNICU V\u00c2LCEA ESTE \u00ceN SFERTURILE CUPEI ROMANIEI LA HANDBAL FEMININ. 39-24(15-15) CU \u0218TIIN\u021aA BUCURE\u0218TI<\/a><\/p>\n<\/article>\n<article id=\"related-196314\" class=\"story post-196314 post type-post status-publish format-standard has-post-thumbnail hentry category-handbal category-headlines category-sport\">\n<div class=\"photo\"><img decoding=\"async\" width=\"735\" height=\"440\" src=\"https:\/\/i0.wp.com\/www.curierul.ro\/wp-content\/uploads\/2026\/02\/IMG-20260214-WA0014.jpg?fit=300%2C292&amp;ssl=1\" class=\"attachment-giornalismo-single size-giornalismo-single wp-post-image\" alt loading=\"lazy\"><\/div>\n<p class=\"headline\"><a href=\"https:\/\/www.curierul.ro\/liga-florilor-etapa-15-la-relanti-scm-ramnicu-valcea-castiga-la-zalau-34-21\/\">LIGA FLORILOR, ETAPA 15. LA RELANTI. SCM R\u00c2MNICU V\u00c2LCEA C\u00c2\u0218TIG\u0102 LA ZAL\u0102U, 34-21.<\/a><\/p>\n<\/article>\n<article id=\"related-196312\" class=\"story post-196312 post type-post status-publish format-standard has-post-thumbnail hentry category-handbal category-headlines category-sport\">\n<div class=\"photo\"><img decoding=\"async\" width=\"735\" height=\"440\" src=\"https:\/\/i0.wp.com\/www.curierul.ro\/wp-content\/uploads\/2026\/02\/IMG-20260214-WA0007.jpg?fit=300%2C276&amp;ssl=1\" class=\"attachment-giornalismo-single size-giornalismo-single wp-post-image\" alt loading=\"lazy\"><\/div>\n<p class=\"headline\"><a href=\"https:\/\/www.curierul.ro\/liga-florilor-etapa-15-scm-ramnicu-valcea-joaca-la-zalau-ora-17\/\">LIGA FLORILOR, ETAPA 15. SCM R\u00c2MNICU V\u00c2LCEA JOAC\u0102 LA ZAL\u0102U, ORA 17.<\/a><\/p>\n<\/article>\n<p>[analyse_source url=&#8221;https:\/\/www.curierul.ro\/cu-o-atmosfera-extraordinara-in-tribune-ne-vom-bate-pentru-sansele-noastre\/&#8221;]<\/p>\n","protected":false},"excerpt":{"rendered":"<p>[analyse_image type=&#8221;featured&#8221; src=&#8221;https:\/\/www.curierul.ro\/wp-content\/uploads\/2026\/02\/Florentin-Pera.jpghttps:\/\/i0.wp.com\/www.curierul.ro\/wp-content\/uploads\/2026\/02\/Florentin-Pera.jpg?fit=991%2C782&amp;ssl=1&#8243;] Home Handbal \u201eCU O ATMOSFER\u0102 EXTRAORDINAR\u0102 \u00ceN TRIBUNE, NE VOM BATE PENTRU \u0218ANSELE NOASTRE\u201d \u201eCU O ATMOSFER\u0102 EXTRAORDINAR\u0102 \u00ceN TRIBUNE, NE VOM BATE PENTRU \u0218ANSELE NOASTRE\u201d Scris deGabriel S\u0103ndulescu, 26 februarie 2026 CREDE FLORENTIN PERA DESPRE MECIUL DE M\u00c2INE CU CSM BUCURE\u0218TI Florentin Pera, vineri V\u00e2lcea \u00eent\u00e2lne\u0219te o echip\u0103 CSM Bucure\u0219ti aflat\u0103 [&hellip;]<\/p>\n","protected":false},"author":1,"featured_media":0,"comment_status":"open","ping_status":"","sticky":false,"template":"","format":"standard","meta":{"footnotes":""},"categories":[89],"tags":[226,213],"class_list":["post-1794822","post","type-post","status-publish","format-standard","hentry","category-romania","tag-crawlmanager","tag-curierul-ro"],"_links":{"self":[{"href":"https:\/\/analyse.optim.biz\/index.php?rest_route=\/wp\/v2\/posts\/1794822","targetHints":{"allow":["GET"]}}],"collection":[{"href":"https:\/\/analyse.optim.biz\/index.php?rest_route=\/wp\/v2\/posts"}],"about":[{"href":"https:\/\/analyse.optim.biz\/index.php?rest_route=\/wp\/v2\/types\/post"}],"author":[{"embeddable":true,"href":"https:\/\/analyse.optim.biz\/index.php?rest_route=\/wp\/v2\/users\/1"}],"replies":[{"embeddable":true,"href":"https:\/\/analyse.optim.biz\/index.php?rest_route=%2Fwp%2Fv2%2Fcomments&post=1794822"}],"version-history":[{"count":0,"href":"https:\/\/analyse.optim.biz\/index.php?rest_route=\/wp\/v2\/posts\/1794822\/revisions"}],"wp:attachment":[{"href":"https:\/\/analyse.optim.biz\/index.php?rest_route=%2Fwp%2Fv2%2Fmedia&parent=1794822"}],"wp:term":[{"taxonomy":"category","embeddable":true,"href":"https:\/\/analyse.optim.biz\/index.php?rest_route=%2Fwp%2Fv2%2Fcategories&post=1794822"},{"taxonomy":"post_tag","embeddable":true,"href":"https:\/\/analyse.optim.biz\/index.php?rest_route=%2Fwp%2Fv2%2Ftags&post=1794822"}],"curies":[{"name":"wp","href":"https:\/\/api.w.org\/{rel}","templated":true}]}}