{"id":1794821,"date":"2026-02-25T07:40:53","date_gmt":"2026-02-25T04:40:53","guid":{"rendered":"https:\/\/analyse.optim.biz\/?p=1794821"},"modified":"2026-02-25T07:40:53","modified_gmt":"2026-02-25T04:40:53","slug":"cu-doua-zile-inainte-de-reluarea-ligii-3-la-fotbal-constantin-schumacher-antrenorul-scm-ramnicu-valcea-cheama-suporterii-pe-stadion-jucatorii-au-nevoie-de-energia-din-tribune","status":"publish","type":"post","link":"https:\/\/analyse.optim.biz\/?p=1794821","title":{"rendered":"Cu dou\u0103 zile \u00eenainte de reluarea Ligii 3 la fotbal, Constantin Schumacher, antrenorul SCM R\u00e2mnicu V\u00e2lcea, cheam\u0103 suporterii pe stadion: \u201eJuc\u0103torii au nevoie de energia din tribune!\u201d"},"content":{"rendered":"<p>[analyse_image type=&#8221;featured&#8221; src=&#8221;https:\/\/www.curierul.ro\/wp-content\/uploads\/2026\/02\/Constantin-Schumacher-1-e1772005069225.jpghttps:\/\/i0.wp.com\/www.curierul.ro\/wp-content\/uploads\/2026\/02\/Constantin-Schumacher-1-e1772005069225.jpg?fit=983%2C585&amp;ssl=1&#8243;]<\/p>\n<article id=\"196426\" class=\"post-196426 post type-post status-publish format-standard has-post-thumbnail hentry category-fotbal category-headlines category-sport\">\n<header class=\"post-header\">\n<ul class=\"breadcrumbs\">\n<li><a href=\"https:\/\/www.curierul.ro\">Home<\/a><\/li>\n<li class=\"breadcrumbs-active .category-fotbal\"><a href=\"https:\/\/www.curierul.ro\/index.php?cat=3\">Fotbal<\/a><\/li>\n<li class=\"breadcrumbs-active .category-fotbal\">Cu dou\u0103 zile \u00eenainte de reluarea Ligii 3 la fotbal, Constantin Schumacher, antrenorul SCM R\u00e2mnicu V\u00e2lcea, cheam\u0103 suporterii pe stadion: \u201eJuc\u0103torii au nevoie de energia din tribune!\u201d<\/li>\n<\/ul>\n<div class=\"featured-photo\"><img loading=\"lazy\" decoding=\"async\" width=\"983\" height=\"585\" src=\"https:\/\/i0.wp.com\/www.curierul.ro\/wp-content\/uploads\/2026\/02\/Constantin-Schumacher-1-e1772005069225.jpg?fit=300%2C179&amp;ssl=1\" class=\"attachment-single size-single wp-post-image\" alt><\/div>\n<h1 class=\"headline\">Cu dou\u0103 zile \u00eenainte de reluarea Ligii 3 la fotbal, Constantin Schumacher, antrenorul SCM R\u00e2mnicu V\u00e2lcea, cheam\u0103 suporterii pe stadion: \u201eJuc\u0103torii au nevoie de energia din tribune!\u201d<\/h1>\n<p class=\"byline\">\n\t\tScris de<a href=\"https:\/\/www.curierul.ro\/author\/gabi\/\">Gabriel S\u0103ndulescu<\/a>, \t\t25 februarie 2026\t\t\t\t<\/p>\n<hr>\n<\/header>\n<ul>\n<li><strong>Constantin Schumacher, meciul de s\u0103pt\u0103m\u00e2na trecut\u0103 cu \u0218elimb\u0103r a fost ultimul de preg\u0103tire \u00eenaintea relu\u0103rii mini-returului Ligii 3. Final de preg\u0103tire, 2 victorii, 4 \u00eenfr\u00e2ngeri, e adev\u0103rat, e\u0219ecurile au fost cu echipe de Liga 2-a. Cum interpreta\u021bi perioada de preg\u0103tire? Care sunt concluziile? Ce a fost bine \u0219i ce anume ar mai fi de corectat, dac\u0103 este cazul?<\/strong><\/li>\n<\/ul>\n<blockquote>\n<p><em>\u00cen primul r\u00e2nd sunt bucuros c\u0103 am luat meciuri cu echipe tari. Nu ne-am dorit meciuri cu echipe u\u0219oare, pentru c\u0103 atunci c\u00e2nd joci cu Liga 2-a, vezi la ce nivel sunt echipele respective \u0219i atunci realizezi \u0219i problemele pe care le ai tu ca echip\u0103. Sunt bucuros de juc\u0103torii mei \u00een momentul acesta. Perioada de preg\u0103tire a fost foarte lung\u0103. Cred c\u0103, din acest punct de vedere, juc\u0103torii, toat\u0103 lumea abia a\u0219teapt\u0103 reluarea campionatului. Pe ansamblu, sunt mul\u021bumit de echip\u0103, juc\u0103torii sunt \u00eenc\u0103rca\u021bi psihic pentru realizarea obiectivului de promovare. Desigur, mai sunt unele-altele de pus la punct, dar asta e buc\u0103t\u0103ria noastr\u0103 deocamdat\u0103. Ne g\u00e2ndim la un nou sistem de joc, am \u00eencredere c\u0103 juc\u0103torii se vor adapta. Apropo de adaptare, o problem\u0103 a fost c\u0103 am f\u0103cut aproape toat\u0103 preg\u0103tirea pe sintetic. E foarte greu s\u0103 faci pe sintetic. Noi avem juc\u0103tori cu foarte mare experien\u021b\u0103 \u00een echip\u0103 \u0219i cu o v\u00e2rst\u0103 destul de \u00eenaintat\u0103, la care conteaz\u0103 terenul de antrenament. De aceea, i-am \u0219i menajat la partida cu \u0218elimb\u0103r de acas\u0103, pe Doman \u0219i Achim, dup\u0103 pauz\u0103. Plus de asta, terenul de sintetic este mai mic dec\u00e2t cel de iarb\u0103 \u0219i lucrul \u0103sta se simte. Dar acum sper s\u0103 vin\u0103 vremea bun\u0103 \u0219i s\u0103 putem s\u0103 ne antren\u0103m pe iarb\u0103. Acolo altele sunt mi\u0219c\u0103rile, altele sunt traseele de joc.<\/em><\/p>\n<\/blockquote>\n<ul>\n<li><strong>Cum aprecia\u021bi pe noii veni\u021bi? M\u0103 refer la Lemac \u0219i la Georgescu, \u00een primul r\u00e2nd, pentru c\u0103 Vladu \u0219i Ghi\u021b\u0103 au venit mai t\u00e2rziu.<\/strong><\/li>\n<\/ul>\n<blockquote>\n<p><em>Sunt juc\u0103tori care au experien\u021b\u0103 de nivelul Ligii 3. Georgescu chiar are Liga 2 jucat\u0103 anul trecut, are 17 meciuri jucate la Dinamo II. Lemac este un v\u00e2rf puternic, eu zic c\u0103 avem nevoie de for\u021ba lui de penetrare. Dar eu sper ca to\u021bi s\u0103 \u00eensemne juc\u0103tori pe care s\u0103 ne baz\u0103m \u0219i s\u0103 ne ajute.<\/em><\/p>\n<\/blockquote>\n<ul>\n<li><strong>L-am l\u0103sat la urm\u0103 pe portarul Grigorie. A fost folosit destul de mult \u00een amicale, ceea ce ar putea sugera c\u0103 ar putea fi titularizat. Va fi el juniorul 2007 pe care-l c\u0103uta\u021bi?<\/strong><\/li>\n<\/ul>\n<blockquote>\n<p><em>Nu neap\u0103rat. Vedem care e mai bun \u00een poart\u0103 \u0219i \u00een func\u021bie de asta decidem. Pe de alt\u0103 parte, vorbim \u0219i despre strategia clubului de a promova juniori. G\u00e2ndi\u021bi-v\u0103 c\u0103 am debutat pe Saraolu, pe Ciortan, pe Ionic\u0103, juc\u0103tori pe care i-am v\u0103zut \u0219i o s\u0103-i mai v\u0103d \u00een continuare. Este important s\u0103-i integr\u0103m la echipa mare, pentru c\u0103 sunt juc\u0103tori de care avem nevoie. Sigur, cu Grigorie \u00een poart\u0103 se schimb\u0103 formula \u00een c\u00e2mp, dar, \u00eenc\u0103 o dat\u0103, nu vorbim despre asta acum. Cu siguran\u021b\u0103, vor fi meciuri c\u00e2nd o s\u0103 fie \u0219i el \u00een poart\u0103, dar criteriul principal va fi care dintre cei trei portari este mai \u00een form\u0103. Acela va juca!<\/em><\/p>\n<\/blockquote>\n<ul>\n<li><strong>Ce-i cu Dandea?<\/strong><\/li>\n<\/ul>\n<blockquote>\n<p><em>Sigur nu va juca \u00een prima partid\u0103, fiind incert \u0219i pentru urm\u0103toarea. Dar va fi acolo c\u00e2nd este nevoie, \u00eel \u0219tim cu to\u021bii pe c\u0103pitanul V\u00e2lcii.<\/em><\/p>\n<\/blockquote>\n<ul>\n<li><strong>Peste dou\u0103 zile, se reia campionatul. Vine F\u0103rc\u0103\u0219e\u0219ti aici, o echip\u0103 care se bate la play-off. Sunt emo\u021bii pentru aceast\u0103 partid\u0103?<\/strong><\/li>\n<\/ul>\n<blockquote>\n<p><em>Domnule, nu e vorba despre emo\u021bii. Trebuie s\u0103 fim aten\u021bi, este un meci cu o echip\u0103 posibil \u00een play-off la final de sezon regulat. Dar mie \u00eemi convine c\u0103 joc cu o echip\u0103 bun\u0103, pentru c\u0103 sunt sigur c\u0103 juc\u0103torii no\u0219tri se motiveaz\u0103 suplimentar. E simplu: Atitudine \u0219i trei puncte. Pe de alt\u0103 parte, noi avem trei meciuri foarte, foarte grele. Cu F\u0103rc\u0103\u0219esti, cu Lupeni \u0219i cu Media\u0219, p\u00e2n\u0103 vom \u00eencepe play-off-ul. Niciun secret, ideea este c\u0103 \u00eencerc\u0103m s\u0103 le c\u00e2\u0219tig\u0103m pe toate trei. C\u00e2t mai multe puncte la intrarea \u00een play-off, asta \u00eenseamn\u0103 o gestionare favorabil\u0103 a situa\u021biei de acolo. Nu va fi simplu, Lupeni nu a renun\u021bat la promovare \u0219i are echip\u0103 cu calitate la acest nivel, iar la Media\u0219 s-au \u00eent\u00e2mplat ni\u0219te lucruri bune, motiva\u021bionale, \u00een perioada de iarn\u0103. \u00cens\u0103 am \u00eencredere total\u0103 \u00een juc\u0103torii mei.<\/em><\/p>\n<\/blockquote>\n<ul>\n<li><strong>Mul\u021bumesc, succes!<\/strong><\/li>\n<\/ul>\n<blockquote>\n<p><em>\u00cenc\u0103 nu \u00eencheiem, v\u0103 rog. Eu rog to\u021bi iubitorii de fotbal din ora\u0219 s\u0103 vin\u0103 la meciuri. V\u00e2lcea se afl\u0103 \u00eentr-o pozi\u021bie bun\u0103 pentru promovare, iar echipa trebuie sus\u021binut\u0103 de mai mul\u021bi suporteri. V\u0103 rog s\u0103 m\u0103 crede\u021bi c\u0103 am vorbit \u0219i cu juc\u0103torii despre acest lucru, iar ei simt la fel, c\u0103 au nevoie de energie venit\u0103 din tribune.<\/em><\/p>\n<\/blockquote>\n<ul>\n<li><strong>Vom transmite mesajul dumneavoastr\u0103 \u0219i al juc\u0103torilor.<\/strong><\/li>\n<\/ul>\n<div class=\"sharedaddy sd-sharing-enabled\">\n<div class=\"robots-nocontent sd-block sd-social sd-social-official sd-sharing\">\n<h3 class=\"sd-title\">Distribuie pe:<\/h3>\n<div class=\"sd-content\">\n<ul>\n<li class=\"share-facebook\">\n<li class=\"share-twitter\"><a href=\"https:\/\/twitter.com\/share\" class=\"twitter-share-button\" data-url=\"https:\/\/www.curierul.ro\/cu-doua-zile-inainte-de-reluarea-ligii-3-la-fotbal-constantin-schumacher-antrenorul-scm-ramnicu-valcea-cheama-suporterii-pe-stadion-jucatorii-au-nevoie-de-energia-din-tribune\/\" data-text=\"Cu dou\u0103 zile \u00eenainte de reluarea Ligii 3 la fotbal, Constantin Schumacher, antrenorul SCM R\u00e2mnicu V\u00e2lcea, cheam\u0103 suporterii pe stadion: \u201eJuc\u0103torii au nevoie de energia din tribune!\u201d\" data-via=\"curierulvl\">Tweet<\/a><\/li>\n<li class=\"share-jetpack-whatsapp\"><a rel=\"nofollow noopener noreferrer\" data-shared=\"sharing-whatsapp-196426\" class=\"share-jetpack-whatsapp sd-button\" href=\"https:\/\/www.curierul.ro\/cu-doua-zile-inainte-de-reluarea-ligii-3-la-fotbal-constantin-schumacher-antrenorul-scm-ramnicu-valcea-cheama-suporterii-pe-stadion-jucatorii-au-nevoie-de-energia-din-tribune\/?share=jetpack-whatsapp\" target=\"_blank\" aria-labelledby=\"sharing-whatsapp-196426\"><span id=\"sharing-whatsapp-196426\" hidden>D\u0103 clic pentru partajare pe WhatsApp(Se deschide \u00eentr-o fereastr\u0103 nou\u0103)<\/span><span>WhatsApp<\/span><\/a><\/li>\n<li><a href=\"https:\/\/www.curierul.ro\/cu-doua-zile-inainte-de-reluarea-ligii-3-la-fotbal-constantin-schumacher-antrenorul-scm-ramnicu-valcea-cheama-suporterii-pe-stadion-jucatorii-au-nevoie-de-energia-din-tribune\/\" class=\"sharing-anchor sd-button share-more\"><span>Mai mult<\/span><\/a><\/li>\n<li class=\"share-end\"><\/ul>\n<div class=\"sharing-hidden\">\n<div class=\"inner\">\n<ul>\n<li class=\"share-email\"><a rel=\"nofollow noopener noreferrer\" data-shared=\"sharing-email-196426\" class=\"share-email sd-button\" href=\"mailto:?subject=%5BArticol%20partajat%5D%20Cu%20dou%C4%83%20zile%20%C3%AEnainte%20de%20reluarea%20Ligii%203%20la%20fotbal%2C%20Constantin%20Schumacher%2C%20antrenorul%20SCM%20R%C3%A2mnicu%20V%C3%A2lcea%2C%20cheam%C4%83%20suporterii%20pe%20stadion%3A%20%E2%80%9EJuc%C4%83torii%20au%20nevoie%20de%20energia%20din%20tribune%21%E2%80%9D&amp;body=https%3A%2F%2Fwww.curierul.ro%2Fcu-doua-zile-inainte-de-reluarea-ligii-3-la-fotbal-constantin-schumacher-antrenorul-scm-ramnicu-valcea-cheama-suporterii-pe-stadion-jucatorii-au-nevoie-de-energia-din-tribune%2F&amp;share=email\" target=\"_blank\" aria-labelledby=\"sharing-email-196426\" data-email-share-error-title=\"\u021ai-ai configurat emailul?\" data-email-share-error-text=\"Dac\u0103 ai probleme la partajarea prin email, probabil nu ai configurat emailul pentru navigator. Poate trebuie s\u0103 creezi singur un email nou.\" data-email-share-nonce=\"76846eac7d\" data-email-share-track-url=\"https:\/\/www.curierul.ro\/cu-doua-zile-inainte-de-reluarea-ligii-3-la-fotbal-constantin-schumacher-antrenorul-scm-ramnicu-valcea-cheama-suporterii-pe-stadion-jucatorii-au-nevoie-de-energia-din-tribune\/?share=email\"><span id=\"sharing-email-196426\" hidden>D\u0103 clic pentru a trimite o leg\u0103tur\u0103 prin email unui prieten(Se deschide \u00eentr-o fereastr\u0103 nou\u0103)<\/span><span>Email<\/span><\/a><\/li>\n<li class=\"share-print\"><a rel=\"nofollow noopener noreferrer\" data-shared=\"sharing-print-196426\" class=\"share-print sd-button\" href=\"https:\/\/www.curierul.ro\/cu-doua-zile-inainte-de-reluarea-ligii-3-la-fotbal-constantin-schumacher-antrenorul-scm-ramnicu-valcea-cheama-suporterii-pe-stadion-jucatorii-au-nevoie-de-energia-din-tribune\/#print?share=print\" target=\"_blank\" aria-labelledby=\"sharing-print-196426\"><span id=\"sharing-print-196426\" hidden>D\u0103 clic pentru a imprima(Se deschide \u00eentr-o fereastr\u0103 nou\u0103)<\/span><span>Imprimare<\/span><\/a><\/li>\n<li class=\"share-end\"><\/ul>\n<\/div>\n<\/div>\n<\/div>\n<\/div>\n<\/div>\n<div id=\"jp-relatedposts\" class=\"jp-relatedposts\">\n<h3 class=\"jp-relatedposts-headline\"><em>Similare<\/em><\/h3>\n<\/div>\n<footer class=\"post-footer\">\n<div class=\"post-navigation clearfix\">\n<div class=\"previous-post\">\n<p class=\"paginate-title\">\u00ab\u00ab <a href=\"https:\/\/www.curierul.ro\/comunicat-de-presa-finalizare-proiect\/\" rel=\"prev\">COMUNICAT DE PRES\u0102 FINALIZARE \u00a0PROIECT<\/a><\/p>\n<\/div>\n<div class=\"next-post\">\n<div class=\"featured-photo\"><img loading=\"lazy\" decoding=\"async\" width=\"982\" height=\"611\" src=\"https:\/\/i0.wp.com\/www.curierul.ro\/wp-content\/uploads\/2020\/04\/OLTCHIM.jpg?fit=300%2C187&amp;ssl=1\" class=\"attachment-post-thumbnail size-post-thumbnail wp-post-image\" alt><\/div>\n<p class=\"paginate-title\"><a href=\"https:\/\/www.curierul.ro\/abur-gros-pe-platforma-chimica-concedieri-inchiderea-unor-sectii-sau-doar-zvonuri\/\" rel=\"next\">\u00abAbur gros\u00bb pe platforma chimic\u0103\u2026concedieri, \u00eenchiderea unor sec\u021bii, sau doar zvonuri?<\/a> \u00bb\u00bb<\/p>\n<\/div>\n<\/div>\n<div id=\"comments\" class=\"comments-area\">\n<div id=\"respond\" class=\"comment-respond\">\n<h3 id=\"reply-title\" class=\"comment-reply-title\">Po\u021bi comenta aici<small><a rel=\"nofollow\" id=\"cancel-comment-reply-link\" href=\"https:\/\/www.curierul.ro\/cu-doua-zile-inainte-de-reluarea-ligii-3-la-fotbal-constantin-schumacher-antrenorul-scm-ramnicu-valcea-cheama-suporterii-pe-stadion-jucatorii-au-nevoie-de-energia-din-tribune\/#respond\">Anuleaz\u0103 r\u0103spunsul<\/a><\/small><\/h3>\n<\/div>\n<p class=\"akismet_comment_form_privacy_notice\">Acest site folose\u0219te Akismet pentru a reduce spamul. <a href=\"https:\/\/akismet.com\/privacy\/\" target=\"_blank\" rel=\"nofollow noopener\">Afl\u0103 cum sunt procesate datele comentariilor tale<\/a>.<\/p>\n<\/div>\n<section class=\"latest-category clearfix\">\n<h2 class=\"title\">More Stories From Fotbal<\/h2>\n<div class=\"stories-container\">\n<article id=\"related-196410\" class=\"story post-196410 post type-post status-publish format-standard has-post-thumbnail hentry category-fotbal category-headlines category-sport\">\n<div class=\"photo\"><img decoding=\"async\" width=\"735\" height=\"440\" src=\"https:\/\/i0.wp.com\/www.curierul.ro\/wp-content\/uploads\/2026\/02\/IMG-20260220-WA0011-1.jpg?fit=240%2C300&amp;ssl=1\" class=\"attachment-giornalismo-single size-giornalismo-single wp-post-image\" alt loading=\"lazy\"><\/div>\n<p class=\"headline\"><a href=\"https:\/\/www.curierul.ro\/scm-ramnicu-valcea-castiga-ultimul-amical-inainte-de-reluarea-ligii-3-1-0-cu-inter-sibiu\/\">SCM R\u00c2MNICU V\u00c2LCEA C\u00c2\u0218TIG\u0102 ULTIMUL AMICAL \u00ceNAINTE DE RELUAREA LIGII 3. 1-0 CU INTER SIBIU<\/a><\/p>\n<\/article>\n<article id=\"related-196316\" class=\"story post-196316 post type-post status-publish format-standard has-post-thumbnail hentry category-fotbal category-sport\">\n<div class=\"photo\"><img decoding=\"async\" width=\"735\" height=\"440\" src=\"https:\/\/i0.wp.com\/www.curierul.ro\/wp-content\/uploads\/2026\/02\/IMG-20260214-WA0015.jpg?fit=300%2C233&amp;ssl=1\" class=\"attachment-giornalismo-single size-giornalismo-single wp-post-image\" alt loading=\"lazy\"><\/div>\n<p class=\"headline\"><a href=\"https:\/\/www.curierul.ro\/amical-scm-ramnicu-valcea-pierde-returul-cu-selimbar-2-3\/\">AMICAL. SCM R\u00c2MNICU V\u00c2LCEA PIERDE \u201eRETURUL\u201d CU \u0218ELIMB\u0102R, 2-3<\/a><\/p>\n<\/article>\n<article id=\"related-196310\" class=\"story post-196310 post type-post status-publish format-standard has-post-thumbnail hentry category-fotbal category-headlines category-sport\">\n<div class=\"photo\"><img decoding=\"async\" width=\"735\" height=\"440\" src=\"https:\/\/i0.wp.com\/www.curierul.ro\/wp-content\/uploads\/2026\/02\/IMG-20260214-WA0000.jpg?fit=276%2C300&amp;ssl=1\" class=\"attachment-giornalismo-single size-giornalismo-single wp-post-image\" alt loading=\"lazy\"><\/div>\n<p class=\"headline\"><a href=\"https:\/\/www.curierul.ro\/astazi-in-zavoi-scm-ramnicu-valcea-selimbar-liga-2-amical-ora-12\/\">AST\u0102ZI, \u00ceN Z\u0102VOI. SCM R\u00c2MNICU V\u00c2LCEA \u2013 \u0218ELIMB\u0102R (LIGA 2), AMICAL, ORA 12<\/a><\/p>\n<\/article>\n<\/div>\n<\/section>\n<section class=\"author-bio clearfix\">\n<div class=\"mug-shot\"><img decoding=\"async\" alt src=\"https:\/\/secure.gravatar.com\/avatar\/38348b3eaa7d589402948e297c539169e25c956b894b08c27e56c621c3536fa4?s=96&amp;d=mm&amp;r=g\" class=\"avatar avatar-96 photo\" height=\"96\" width=\"96\" loading=\"lazy\"><\/div>\n<div class=\"author-info\">\n<p class=\"title\">About Gabriel S\u0103ndulescu, <\/p>\n<div class=\"author-social-area\"><a href=\"mailto:gbrlsandulescu@yahoo.com\"><span class=\"fal fa-envelope\"><span class=\"screen-reader-text\">Email the Author<\/span><\/span><\/a><\/div>\n<\/div>\n<\/section>\n<\/footer>\n<\/article>\n<article id=\"196426\" class=\"post-196426 post type-post status-publish format-standard has-post-thumbnail hentry category-fotbal category-headlines category-sport\">\n<header class=\"post-header\">\n<ul class=\"breadcrumbs\">\n<li><a href=\"https:\/\/www.curierul.ro\">Home<\/a><\/li>\n<li class=\"breadcrumbs-active .category-fotbal\"><a href=\"https:\/\/www.curierul.ro\/index.php?cat=3\">Fotbal<\/a><\/li>\n<li class=\"breadcrumbs-active .category-fotbal\">Cu dou\u0103 zile \u00eenainte de reluarea Ligii 3 la fotbal, Constantin Schumacher, antrenorul SCM R\u00e2mnicu V\u00e2lcea, cheam\u0103 suporterii pe stadion: \u201eJuc\u0103torii au nevoie de energia din tribune!\u201d<\/li>\n<\/ul>\n<div class=\"featured-photo\"><img loading=\"lazy\" decoding=\"async\" width=\"983\" height=\"585\" src=\"https:\/\/i0.wp.com\/www.curierul.ro\/wp-content\/uploads\/2026\/02\/Constantin-Schumacher-1-e1772005069225.jpg?fit=300%2C179&amp;ssl=1\" class=\"attachment-single size-single wp-post-image\" alt><\/div>\n<h1 class=\"headline\">Cu dou\u0103 zile \u00eenainte de reluarea Ligii 3 la fotbal, Constantin Schumacher, antrenorul SCM R\u00e2mnicu V\u00e2lcea, cheam\u0103 suporterii pe stadion: \u201eJuc\u0103torii au nevoie de energia din tribune!\u201d<\/h1>\n<p class=\"byline\">\n\t\tScris de<a href=\"https:\/\/www.curierul.ro\/author\/gabi\/\">Gabriel S\u0103ndulescu<\/a>, \t\t25 februarie 2026\t\t\t\t<\/p>\n<hr>\n<\/header>\n<ul>\n<li><strong>Constantin Schumacher, meciul de s\u0103pt\u0103m\u00e2na trecut\u0103 cu \u0218elimb\u0103r a fost ultimul de preg\u0103tire \u00eenaintea relu\u0103rii mini-returului Ligii 3. Final de preg\u0103tire, 2 victorii, 4 \u00eenfr\u00e2ngeri, e adev\u0103rat, e\u0219ecurile au fost cu echipe de Liga 2-a. Cum interpreta\u021bi perioada de preg\u0103tire? Care sunt concluziile? Ce a fost bine \u0219i ce anume ar mai fi de corectat, dac\u0103 este cazul?<\/strong><\/li>\n<\/ul>\n<blockquote>\n<p><em>\u00cen primul r\u00e2nd sunt bucuros c\u0103 am luat meciuri cu echipe tari. Nu ne-am dorit meciuri cu echipe u\u0219oare, pentru c\u0103 atunci c\u00e2nd joci cu Liga 2-a, vezi la ce nivel sunt echipele respective \u0219i atunci realizezi \u0219i problemele pe care le ai tu ca echip\u0103. Sunt bucuros de juc\u0103torii mei \u00een momentul acesta. Perioada de preg\u0103tire a fost foarte lung\u0103. Cred c\u0103, din acest punct de vedere, juc\u0103torii, toat\u0103 lumea abia a\u0219teapt\u0103 reluarea campionatului. Pe ansamblu, sunt mul\u021bumit de echip\u0103, juc\u0103torii sunt \u00eenc\u0103rca\u021bi psihic pentru realizarea obiectivului de promovare. Desigur, mai sunt unele-altele de pus la punct, dar asta e buc\u0103t\u0103ria noastr\u0103 deocamdat\u0103. Ne g\u00e2ndim la un nou sistem de joc, am \u00eencredere c\u0103 juc\u0103torii se vor adapta. Apropo de adaptare, o problem\u0103 a fost c\u0103 am f\u0103cut aproape toat\u0103 preg\u0103tirea pe sintetic. E foarte greu s\u0103 faci pe sintetic. Noi avem juc\u0103tori cu foarte mare experien\u021b\u0103 \u00een echip\u0103 \u0219i cu o v\u00e2rst\u0103 destul de \u00eenaintat\u0103, la care conteaz\u0103 terenul de antrenament. De aceea, i-am \u0219i menajat la partida cu \u0218elimb\u0103r de acas\u0103, pe Doman \u0219i Achim, dup\u0103 pauz\u0103. Plus de asta, terenul de sintetic este mai mic dec\u00e2t cel de iarb\u0103 \u0219i lucrul \u0103sta se simte. Dar acum sper s\u0103 vin\u0103 vremea bun\u0103 \u0219i s\u0103 putem s\u0103 ne antren\u0103m pe iarb\u0103. Acolo altele sunt mi\u0219c\u0103rile, altele sunt traseele de joc.<\/em><\/p>\n<\/blockquote>\n<ul>\n<li><strong>Cum aprecia\u021bi pe noii veni\u021bi? M\u0103 refer la Lemac \u0219i la Georgescu, \u00een primul r\u00e2nd, pentru c\u0103 Vladu \u0219i Ghi\u021b\u0103 au venit mai t\u00e2rziu.<\/strong><\/li>\n<\/ul>\n<blockquote>\n<p><em>Sunt juc\u0103tori care au experien\u021b\u0103 de nivelul Ligii 3. Georgescu chiar are Liga 2 jucat\u0103 anul trecut, are 17 meciuri jucate la Dinamo II. Lemac este un v\u00e2rf puternic, eu zic c\u0103 avem nevoie de for\u021ba lui de penetrare. Dar eu sper ca to\u021bi s\u0103 \u00eensemne juc\u0103tori pe care s\u0103 ne baz\u0103m \u0219i s\u0103 ne ajute.<\/em><\/p>\n<\/blockquote>\n<ul>\n<li><strong>L-am l\u0103sat la urm\u0103 pe portarul Grigorie. A fost folosit destul de mult \u00een amicale, ceea ce ar putea sugera c\u0103 ar putea fi titularizat. Va fi el juniorul 2007 pe care-l c\u0103uta\u021bi?<\/strong><\/li>\n<\/ul>\n<blockquote>\n<p><em>Nu neap\u0103rat. Vedem care e mai bun \u00een poart\u0103 \u0219i \u00een func\u021bie de asta decidem. Pe de alt\u0103 parte, vorbim \u0219i despre strategia clubului de a promova juniori. G\u00e2ndi\u021bi-v\u0103 c\u0103 am debutat pe Saraolu, pe Ciortan, pe Ionic\u0103, juc\u0103tori pe care i-am v\u0103zut \u0219i o s\u0103-i mai v\u0103d \u00een continuare. Este important s\u0103-i integr\u0103m la echipa mare, pentru c\u0103 sunt juc\u0103tori de care avem nevoie. Sigur, cu Grigorie \u00een poart\u0103 se schimb\u0103 formula \u00een c\u00e2mp, dar, \u00eenc\u0103 o dat\u0103, nu vorbim despre asta acum. Cu siguran\u021b\u0103, vor fi meciuri c\u00e2nd o s\u0103 fie \u0219i el \u00een poart\u0103, dar criteriul principal va fi care dintre cei trei portari este mai \u00een form\u0103. Acela va juca!<\/em><\/p>\n<\/blockquote>\n<ul>\n<li><strong>Ce-i cu Dandea?<\/strong><\/li>\n<\/ul>\n<blockquote>\n<p><em>Sigur nu va juca \u00een prima partid\u0103, fiind incert \u0219i pentru urm\u0103toarea. Dar va fi acolo c\u00e2nd este nevoie, \u00eel \u0219tim cu to\u021bii pe c\u0103pitanul V\u00e2lcii.<\/em><\/p>\n<\/blockquote>\n<ul>\n<li><strong>Peste dou\u0103 zile, se reia campionatul. Vine F\u0103rc\u0103\u0219e\u0219ti aici, o echip\u0103 care se bate la play-off. Sunt emo\u021bii pentru aceast\u0103 partid\u0103?<\/strong><\/li>\n<\/ul>\n<blockquote>\n<p><em>Domnule, nu e vorba despre emo\u021bii. Trebuie s\u0103 fim aten\u021bi, este un meci cu o echip\u0103 posibil \u00een play-off la final de sezon regulat. Dar mie \u00eemi convine c\u0103 joc cu o echip\u0103 bun\u0103, pentru c\u0103 sunt sigur c\u0103 juc\u0103torii no\u0219tri se motiveaz\u0103 suplimentar. E simplu: Atitudine \u0219i trei puncte. Pe de alt\u0103 parte, noi avem trei meciuri foarte, foarte grele. Cu F\u0103rc\u0103\u0219esti, cu Lupeni \u0219i cu Media\u0219, p\u00e2n\u0103 vom \u00eencepe play-off-ul. Niciun secret, ideea este c\u0103 \u00eencerc\u0103m s\u0103 le c\u00e2\u0219tig\u0103m pe toate trei. C\u00e2t mai multe puncte la intrarea \u00een play-off, asta \u00eenseamn\u0103 o gestionare favorabil\u0103 a situa\u021biei de acolo. Nu va fi simplu, Lupeni nu a renun\u021bat la promovare \u0219i are echip\u0103 cu calitate la acest nivel, iar la Media\u0219 s-au \u00eent\u00e2mplat ni\u0219te lucruri bune, motiva\u021bionale, \u00een perioada de iarn\u0103. \u00cens\u0103 am \u00eencredere total\u0103 \u00een juc\u0103torii mei.<\/em><\/p>\n<\/blockquote>\n<ul>\n<li><strong>Mul\u021bumesc, succes!<\/strong><\/li>\n<\/ul>\n<blockquote>\n<p><em>\u00cenc\u0103 nu \u00eencheiem, v\u0103 rog. Eu rog to\u021bi iubitorii de fotbal din ora\u0219 s\u0103 vin\u0103 la meciuri. V\u00e2lcea se afl\u0103 \u00eentr-o pozi\u021bie bun\u0103 pentru promovare, iar echipa trebuie sus\u021binut\u0103 de mai mul\u021bi suporteri. V\u0103 rog s\u0103 m\u0103 crede\u021bi c\u0103 am vorbit \u0219i cu juc\u0103torii despre acest lucru, iar ei simt la fel, c\u0103 au nevoie de energie venit\u0103 din tribune.<\/em><\/p>\n<\/blockquote>\n<ul>\n<li><strong>Vom transmite mesajul dumneavoastr\u0103 \u0219i al juc\u0103torilor.<\/strong><\/li>\n<\/ul>\n<div class=\"sharedaddy sd-sharing-enabled\">\n<div class=\"robots-nocontent sd-block sd-social sd-social-official sd-sharing\">\n<h3 class=\"sd-title\">Distribuie pe:<\/h3>\n<div class=\"sd-content\">\n<ul>\n<li class=\"share-facebook\">\n<li class=\"share-twitter\"><a href=\"https:\/\/twitter.com\/share\" class=\"twitter-share-button\" data-url=\"https:\/\/www.curierul.ro\/cu-doua-zile-inainte-de-reluarea-ligii-3-la-fotbal-constantin-schumacher-antrenorul-scm-ramnicu-valcea-cheama-suporterii-pe-stadion-jucatorii-au-nevoie-de-energia-din-tribune\/\" data-text=\"Cu dou\u0103 zile \u00eenainte de reluarea Ligii 3 la fotbal, Constantin Schumacher, antrenorul SCM R\u00e2mnicu V\u00e2lcea, cheam\u0103 suporterii pe stadion: \u201eJuc\u0103torii au nevoie de energia din tribune!\u201d\" data-via=\"curierulvl\">Tweet<\/a><\/li>\n<li class=\"share-jetpack-whatsapp\"><a rel=\"nofollow noopener noreferrer\" data-shared=\"sharing-whatsapp-196426\" class=\"share-jetpack-whatsapp sd-button\" href=\"https:\/\/www.curierul.ro\/cu-doua-zile-inainte-de-reluarea-ligii-3-la-fotbal-constantin-schumacher-antrenorul-scm-ramnicu-valcea-cheama-suporterii-pe-stadion-jucatorii-au-nevoie-de-energia-din-tribune\/?share=jetpack-whatsapp\" target=\"_blank\" aria-labelledby=\"sharing-whatsapp-196426\"><span id=\"sharing-whatsapp-196426\" hidden>D\u0103 clic pentru partajare pe WhatsApp(Se deschide \u00eentr-o fereastr\u0103 nou\u0103)<\/span><span>WhatsApp<\/span><\/a><\/li>\n<li><a href=\"https:\/\/www.curierul.ro\/cu-doua-zile-inainte-de-reluarea-ligii-3-la-fotbal-constantin-schumacher-antrenorul-scm-ramnicu-valcea-cheama-suporterii-pe-stadion-jucatorii-au-nevoie-de-energia-din-tribune\/\" class=\"sharing-anchor sd-button share-more\"><span>Mai mult<\/span><\/a><\/li>\n<li class=\"share-end\"><\/ul>\n<div class=\"sharing-hidden\">\n<div class=\"inner\">\n<ul>\n<li class=\"share-email\"><a rel=\"nofollow noopener noreferrer\" data-shared=\"sharing-email-196426\" class=\"share-email sd-button\" href=\"mailto:?subject=%5BArticol%20partajat%5D%20Cu%20dou%C4%83%20zile%20%C3%AEnainte%20de%20reluarea%20Ligii%203%20la%20fotbal%2C%20Constantin%20Schumacher%2C%20antrenorul%20SCM%20R%C3%A2mnicu%20V%C3%A2lcea%2C%20cheam%C4%83%20suporterii%20pe%20stadion%3A%20%E2%80%9EJuc%C4%83torii%20au%20nevoie%20de%20energia%20din%20tribune%21%E2%80%9D&amp;body=https%3A%2F%2Fwww.curierul.ro%2Fcu-doua-zile-inainte-de-reluarea-ligii-3-la-fotbal-constantin-schumacher-antrenorul-scm-ramnicu-valcea-cheama-suporterii-pe-stadion-jucatorii-au-nevoie-de-energia-din-tribune%2F&amp;share=email\" target=\"_blank\" aria-labelledby=\"sharing-email-196426\" data-email-share-error-title=\"\u021ai-ai configurat emailul?\" data-email-share-error-text=\"Dac\u0103 ai probleme la partajarea prin email, probabil nu ai configurat emailul pentru navigator. Poate trebuie s\u0103 creezi singur un email nou.\" data-email-share-nonce=\"76846eac7d\" data-email-share-track-url=\"https:\/\/www.curierul.ro\/cu-doua-zile-inainte-de-reluarea-ligii-3-la-fotbal-constantin-schumacher-antrenorul-scm-ramnicu-valcea-cheama-suporterii-pe-stadion-jucatorii-au-nevoie-de-energia-din-tribune\/?share=email\"><span id=\"sharing-email-196426\" hidden>D\u0103 clic pentru a trimite o leg\u0103tur\u0103 prin email unui prieten(Se deschide \u00eentr-o fereastr\u0103 nou\u0103)<\/span><span>Email<\/span><\/a><\/li>\n<li class=\"share-print\"><a rel=\"nofollow noopener noreferrer\" data-shared=\"sharing-print-196426\" class=\"share-print sd-button\" href=\"https:\/\/www.curierul.ro\/cu-doua-zile-inainte-de-reluarea-ligii-3-la-fotbal-constantin-schumacher-antrenorul-scm-ramnicu-valcea-cheama-suporterii-pe-stadion-jucatorii-au-nevoie-de-energia-din-tribune\/#print?share=print\" target=\"_blank\" aria-labelledby=\"sharing-print-196426\"><span id=\"sharing-print-196426\" hidden>D\u0103 clic pentru a imprima(Se deschide \u00eentr-o fereastr\u0103 nou\u0103)<\/span><span>Imprimare<\/span><\/a><\/li>\n<li class=\"share-end\"><\/ul>\n<\/div>\n<\/div>\n<\/div>\n<\/div>\n<\/div>\n<div id=\"jp-relatedposts\" class=\"jp-relatedposts\">\n<h3 class=\"jp-relatedposts-headline\"><em>Similare<\/em><\/h3>\n<\/div>\n<footer class=\"post-footer\">\n<div class=\"post-navigation clearfix\">\n<div class=\"previous-post\">\n<p class=\"paginate-title\">\u00ab\u00ab <a href=\"https:\/\/www.curierul.ro\/comunicat-de-presa-finalizare-proiect\/\" rel=\"prev\">COMUNICAT DE PRES\u0102 FINALIZARE \u00a0PROIECT<\/a><\/p>\n<\/div>\n<div class=\"next-post\">\n<div class=\"featured-photo\"><img loading=\"lazy\" decoding=\"async\" width=\"982\" height=\"611\" src=\"https:\/\/i0.wp.com\/www.curierul.ro\/wp-content\/uploads\/2020\/04\/OLTCHIM.jpg?fit=300%2C187&amp;ssl=1\" class=\"attachment-post-thumbnail size-post-thumbnail wp-post-image\" alt><\/div>\n<p class=\"paginate-title\"><a href=\"https:\/\/www.curierul.ro\/abur-gros-pe-platforma-chimica-concedieri-inchiderea-unor-sectii-sau-doar-zvonuri\/\" rel=\"next\">\u00abAbur gros\u00bb pe platforma chimic\u0103\u2026concedieri, \u00eenchiderea unor sec\u021bii, sau doar zvonuri?<\/a> \u00bb\u00bb<\/p>\n<\/div>\n<\/div>\n<div id=\"comments\" class=\"comments-area\">\n<div id=\"respond\" class=\"comment-respond\">\n<h3 id=\"reply-title\" class=\"comment-reply-title\">Po\u021bi comenta aici<small><a rel=\"nofollow\" id=\"cancel-comment-reply-link\" href=\"https:\/\/www.curierul.ro\/cu-doua-zile-inainte-de-reluarea-ligii-3-la-fotbal-constantin-schumacher-antrenorul-scm-ramnicu-valcea-cheama-suporterii-pe-stadion-jucatorii-au-nevoie-de-energia-din-tribune\/#respond\">Anuleaz\u0103 r\u0103spunsul<\/a><\/small><\/h3>\n<\/div>\n<p class=\"akismet_comment_form_privacy_notice\">Acest site folose\u0219te Akismet pentru a reduce spamul. <a href=\"https:\/\/akismet.com\/privacy\/\" target=\"_blank\" rel=\"nofollow noopener\">Afl\u0103 cum sunt procesate datele comentariilor tale<\/a>.<\/p>\n<\/div>\n<section class=\"latest-category clearfix\">\n<h2 class=\"title\">More Stories From Fotbal<\/h2>\n<div class=\"stories-container\">\n<article id=\"related-196410\" class=\"story post-196410 post type-post status-publish format-standard has-post-thumbnail hentry category-fotbal category-headlines category-sport\">\n<div class=\"photo\"><img decoding=\"async\" width=\"735\" height=\"440\" src=\"https:\/\/i0.wp.com\/www.curierul.ro\/wp-content\/uploads\/2026\/02\/IMG-20260220-WA0011-1.jpg?fit=240%2C300&amp;ssl=1\" class=\"attachment-giornalismo-single size-giornalismo-single wp-post-image\" alt loading=\"lazy\"><\/div>\n<p class=\"headline\"><a href=\"https:\/\/www.curierul.ro\/scm-ramnicu-valcea-castiga-ultimul-amical-inainte-de-reluarea-ligii-3-1-0-cu-inter-sibiu\/\">SCM R\u00c2MNICU V\u00c2LCEA C\u00c2\u0218TIG\u0102 ULTIMUL AMICAL \u00ceNAINTE DE RELUAREA LIGII 3. 1-0 CU INTER SIBIU<\/a><\/p>\n<\/article>\n<article id=\"related-196316\" class=\"story post-196316 post type-post status-publish format-standard has-post-thumbnail hentry category-fotbal category-sport\">\n<div class=\"photo\"><img decoding=\"async\" width=\"735\" height=\"440\" src=\"https:\/\/i0.wp.com\/www.curierul.ro\/wp-content\/uploads\/2026\/02\/IMG-20260214-WA0015.jpg?fit=300%2C233&amp;ssl=1\" class=\"attachment-giornalismo-single size-giornalismo-single wp-post-image\" alt loading=\"lazy\"><\/div>\n<p class=\"headline\"><a href=\"https:\/\/www.curierul.ro\/amical-scm-ramnicu-valcea-pierde-returul-cu-selimbar-2-3\/\">AMICAL. SCM R\u00c2MNICU V\u00c2LCEA PIERDE \u201eRETURUL\u201d CU \u0218ELIMB\u0102R, 2-3<\/a><\/p>\n<\/article>\n<article id=\"related-196310\" class=\"story post-196310 post type-post status-publish format-standard has-post-thumbnail hentry category-fotbal category-headlines category-sport\">\n<div class=\"photo\"><img decoding=\"async\" width=\"735\" height=\"440\" src=\"https:\/\/i0.wp.com\/www.curierul.ro\/wp-content\/uploads\/2026\/02\/IMG-20260214-WA0000.jpg?fit=276%2C300&amp;ssl=1\" class=\"attachment-giornalismo-single size-giornalismo-single wp-post-image\" alt loading=\"lazy\"><\/div>\n<p class=\"headline\"><a href=\"https:\/\/www.curierul.ro\/astazi-in-zavoi-scm-ramnicu-valcea-selimbar-liga-2-amical-ora-12\/\">AST\u0102ZI, \u00ceN Z\u0102VOI. SCM R\u00c2MNICU V\u00c2LCEA \u2013 \u0218ELIMB\u0102R (LIGA 2), AMICAL, ORA 12<\/a><\/p>\n<\/article>\n<\/div>\n<\/section>\n<section class=\"author-bio clearfix\">\n<div class=\"mug-shot\"><img decoding=\"async\" alt src=\"https:\/\/secure.gravatar.com\/avatar\/38348b3eaa7d589402948e297c539169e25c956b894b08c27e56c621c3536fa4?s=96&amp;d=mm&amp;r=g\" class=\"avatar avatar-96 photo\" height=\"96\" width=\"96\" loading=\"lazy\"><\/div>\n<div class=\"author-info\">\n<p class=\"title\">About Gabriel S\u0103ndulescu, <\/p>\n<div class=\"author-social-area\"><a href=\"mailto:gbrlsandulescu@yahoo.com\"><span class=\"fal fa-envelope\"><span class=\"screen-reader-text\">Email the Author<\/span><\/span><\/a><\/div>\n<\/div>\n<\/section>\n<\/footer>\n<\/article>\n<article id=\"related-196410\" class=\"story post-196410 post type-post status-publish format-standard has-post-thumbnail hentry category-fotbal category-headlines category-sport\">\n<div class=\"photo\"><img decoding=\"async\" width=\"735\" height=\"440\" src=\"https:\/\/i0.wp.com\/www.curierul.ro\/wp-content\/uploads\/2026\/02\/IMG-20260220-WA0011-1.jpg?fit=240%2C300&amp;ssl=1\" class=\"attachment-giornalismo-single size-giornalismo-single wp-post-image\" alt loading=\"lazy\"><\/div>\n<p class=\"headline\"><a href=\"https:\/\/www.curierul.ro\/scm-ramnicu-valcea-castiga-ultimul-amical-inainte-de-reluarea-ligii-3-1-0-cu-inter-sibiu\/\">SCM R\u00c2MNICU V\u00c2LCEA C\u00c2\u0218TIG\u0102 ULTIMUL AMICAL \u00ceNAINTE DE RELUAREA LIGII 3. 1-0 CU INTER SIBIU<\/a><\/p>\n<\/article>\n<article id=\"related-196316\" class=\"story post-196316 post type-post status-publish format-standard has-post-thumbnail hentry category-fotbal category-sport\">\n<div class=\"photo\"><img decoding=\"async\" width=\"735\" height=\"440\" src=\"https:\/\/i0.wp.com\/www.curierul.ro\/wp-content\/uploads\/2026\/02\/IMG-20260214-WA0015.jpg?fit=300%2C233&amp;ssl=1\" class=\"attachment-giornalismo-single size-giornalismo-single wp-post-image\" alt loading=\"lazy\"><\/div>\n<p class=\"headline\"><a href=\"https:\/\/www.curierul.ro\/amical-scm-ramnicu-valcea-pierde-returul-cu-selimbar-2-3\/\">AMICAL. SCM R\u00c2MNICU V\u00c2LCEA PIERDE \u201eRETURUL\u201d CU \u0218ELIMB\u0102R, 2-3<\/a><\/p>\n<\/article>\n<article id=\"related-196310\" class=\"story post-196310 post type-post status-publish format-standard has-post-thumbnail hentry category-fotbal category-headlines category-sport\">\n<div class=\"photo\"><img decoding=\"async\" width=\"735\" height=\"440\" src=\"https:\/\/i0.wp.com\/www.curierul.ro\/wp-content\/uploads\/2026\/02\/IMG-20260214-WA0000.jpg?fit=276%2C300&amp;ssl=1\" class=\"attachment-giornalismo-single size-giornalismo-single wp-post-image\" alt loading=\"lazy\"><\/div>\n<p class=\"headline\"><a href=\"https:\/\/www.curierul.ro\/astazi-in-zavoi-scm-ramnicu-valcea-selimbar-liga-2-amical-ora-12\/\">AST\u0102ZI, \u00ceN Z\u0102VOI. SCM R\u00c2MNICU V\u00c2LCEA \u2013 \u0218ELIMB\u0102R (LIGA 2), AMICAL, ORA 12<\/a><\/p>\n<\/article>\n<p>[analyse_source url=&#8221;https:\/\/www.curierul.ro\/cu-doua-zile-inainte-de-reluarea-ligii-3-la-fotbal-constantin-schumacher-antrenorul-scm-ramnicu-valcea-cheama-suporterii-pe-stadion-jucatorii-au-nevoie-de-energia-din-tribune\/&#8221;]<\/p>\n","protected":false},"excerpt":{"rendered":"<p>[analyse_image type=&#8221;featured&#8221; src=&#8221;https:\/\/www.curierul.ro\/wp-content\/uploads\/2026\/02\/Constantin-Schumacher-1-e1772005069225.jpghttps:\/\/i0.wp.com\/www.curierul.ro\/wp-content\/uploads\/2026\/02\/Constantin-Schumacher-1-e1772005069225.jpg?fit=983%2C585&amp;ssl=1&#8243;] Home Fotbal Cu dou\u0103 zile \u00eenainte de reluarea Ligii 3 la fotbal, Constantin Schumacher, antrenorul SCM R\u00e2mnicu V\u00e2lcea, cheam\u0103 suporterii pe stadion: \u201eJuc\u0103torii au nevoie de energia din tribune!\u201d Cu dou\u0103 zile \u00eenainte de reluarea Ligii 3 la fotbal, Constantin Schumacher, antrenorul SCM R\u00e2mnicu V\u00e2lcea, cheam\u0103 suporterii pe stadion: \u201eJuc\u0103torii au nevoie [&hellip;]<\/p>\n","protected":false},"author":1,"featured_media":0,"comment_status":"open","ping_status":"","sticky":false,"template":"","format":"standard","meta":{"footnotes":""},"categories":[89],"tags":[226,213],"class_list":["post-1794821","post","type-post","status-publish","format-standard","hentry","category-romania","tag-crawlmanager","tag-curierul-ro"],"_links":{"self":[{"href":"https:\/\/analyse.optim.biz\/index.php?rest_route=\/wp\/v2\/posts\/1794821","targetHints":{"allow":["GET"]}}],"collection":[{"href":"https:\/\/analyse.optim.biz\/index.php?rest_route=\/wp\/v2\/posts"}],"about":[{"href":"https:\/\/analyse.optim.biz\/index.php?rest_route=\/wp\/v2\/types\/post"}],"author":[{"embeddable":true,"href":"https:\/\/analyse.optim.biz\/index.php?rest_route=\/wp\/v2\/users\/1"}],"replies":[{"embeddable":true,"href":"https:\/\/analyse.optim.biz\/index.php?rest_route=%2Fwp%2Fv2%2Fcomments&post=1794821"}],"version-history":[{"count":0,"href":"https:\/\/analyse.optim.biz\/index.php?rest_route=\/wp\/v2\/posts\/1794821\/revisions"}],"wp:attachment":[{"href":"https:\/\/analyse.optim.biz\/index.php?rest_route=%2Fwp%2Fv2%2Fmedia&parent=1794821"}],"wp:term":[{"taxonomy":"category","embeddable":true,"href":"https:\/\/analyse.optim.biz\/index.php?rest_route=%2Fwp%2Fv2%2Fcategories&post=1794821"},{"taxonomy":"post_tag","embeddable":true,"href":"https:\/\/analyse.optim.biz\/index.php?rest_route=%2Fwp%2Fv2%2Ftags&post=1794821"}],"curies":[{"name":"wp","href":"https:\/\/api.w.org\/{rel}","templated":true}]}}