{"id":1794820,"date":"2026-02-25T13:45:18","date_gmt":"2026-02-25T10:45:18","guid":{"rendered":"https:\/\/analyse.optim.biz\/?p=1794820"},"modified":"2026-02-25T13:45:18","modified_gmt":"2026-02-25T10:45:18","slug":"abur-gros-pe-platforma-chimicaconcedieri-inchiderea-unor-sectii-sau-doar-zvonuri","status":"publish","type":"post","link":"https:\/\/analyse.optim.biz\/?p=1794820","title":{"rendered":"\u00abAbur gros\u00bb pe platforma chimic\u0103\u2026concedieri, \u00eenchiderea unor sec\u021bii, sau doar zvonuri?"},"content":{"rendered":"<p>[analyse_image type=&#8221;featured&#8221; src=&#8221;https:\/\/www.curierul.ro\/wp-content\/uploads\/2020\/04\/OLTCHIM.jpghttps:\/\/i0.wp.com\/www.curierul.ro\/wp-content\/uploads\/2020\/04\/OLTCHIM.jpg?fit=982%2C611&amp;ssl=1&#8243;]<\/p>\n<article id=\"196433\" class=\"post-196433 post type-post status-publish format-standard has-post-thumbnail hentry category-actualitate category-economie category-headlines tag-concedieri tag-inchidere-sectii tag-platforma-chimica tag-zvonuri\">\n<header class=\"post-header\">\n<ul class=\"breadcrumbs\">\n<li><a href=\"https:\/\/www.curierul.ro\">Home<\/a><\/li>\n<li class=\"breadcrumbs-active .category-actualitate\"><a href=\"https:\/\/www.curierul.ro\/index.php?cat=1615\">Actualitate<\/a><\/li>\n<li class=\"breadcrumbs-active .category-actualitate\">\u00abAbur gros\u00bb pe platforma chimic\u0103\u2026concedieri, \u00eenchiderea unor sec\u021bii, sau doar zvonuri?<\/li>\n<\/ul>\n<div class=\"featured-photo\"><img loading=\"lazy\" decoding=\"async\" width=\"982\" height=\"611\" src=\"https:\/\/i0.wp.com\/www.curierul.ro\/wp-content\/uploads\/2020\/04\/OLTCHIM.jpg?fit=300%2C187&amp;ssl=1\" class=\"attachment-single size-single wp-post-image\" alt><\/div>\n<h1 class=\"headline\">\u00abAbur gros\u00bb pe platforma chimic\u0103\u2026concedieri, \u00eenchiderea unor sec\u021bii, sau doar zvonuri?<\/h1>\n<p class=\"byline\">\n\t\tScris de<a href=\"https:\/\/www.curierul.ro\/author\/alin\/\">Alin Emilian Tudoroiu<\/a>, \t\t25 februarie 2026\t\t\t\t<\/p>\n<hr>\n<\/header>\n<div>O serie de zvonurile au ap\u0103rut pe Platforma Chimic\u0103, legate de Chimcomplex R\u00e2mnicu V\u00e2lcea. Acestea aduc \u00een discu\u021bie o posibil\u0103 restructurare \u2013 concedieri de personal aflat la pensie \u0219i nu numai, \u00eenchiderea unor sec\u021bii, reducerea volumului de produc\u021bie.<\/div>\n<div>Dac\u0103 s-ar \u00eent\u00e2mpla a\u0219a, aceste m\u0103suri ar avea un impact negativ major asupra jude\u021bului V\u00e2lcea, \u00eentr-un context deja dificil: \u00eenchiderea Chiech Soda, urmeaz\u0103 restructurarea CET-ul din var\u0103. Probabil, platforma chimic\u0103 va fi istorie \u00een scurt timp. Vom reveni cu am\u0103nunte legate de aceste aspecte, \u00een speran\u021ba c\u0103 zvonurile nu se vor adeveri. A\u0219a c\u0103 vom cere \u0219i o pozi\u021bie oficial\u0103 a reprezentan\u021bilor Chimcomplex, pe care-i rug\u0103m, dac\u0103 sunt \u00abpe fir\u00bb s\u0103 o trimit\u0103, ca o completare a celor de mai sus, la e-mail: redactia@curierul.ro<\/div>\n<div>\u00a0<\/div>\n<div class=\"sharedaddy sd-sharing-enabled\">\n<div class=\"robots-nocontent sd-block sd-social sd-social-official sd-sharing\">\n<h3 class=\"sd-title\">Distribuie pe:<\/h3>\n<div class=\"sd-content\">\n<ul>\n<li class=\"share-facebook\">\n<li class=\"share-twitter\"><a href=\"https:\/\/twitter.com\/share\" class=\"twitter-share-button\" data-url=\"https:\/\/www.curierul.ro\/abur-gros-pe-platforma-chimica-concedieri-inchiderea-unor-sectii-sau-doar-zvonuri\/\" data-text=\"\u00abAbur gros\u00bb pe platforma chimic\u0103...concedieri, \u00eenchiderea unor sec\u021bii, sau doar zvonuri?\" data-via=\"curierulvl\">Tweet<\/a><\/li>\n<li class=\"share-jetpack-whatsapp\"><a rel=\"nofollow noopener noreferrer\" data-shared=\"sharing-whatsapp-196433\" class=\"share-jetpack-whatsapp sd-button\" href=\"https:\/\/www.curierul.ro\/abur-gros-pe-platforma-chimica-concedieri-inchiderea-unor-sectii-sau-doar-zvonuri\/?share=jetpack-whatsapp\" target=\"_blank\" aria-labelledby=\"sharing-whatsapp-196433\"><span id=\"sharing-whatsapp-196433\" hidden>D\u0103 clic pentru partajare pe WhatsApp(Se deschide \u00eentr-o fereastr\u0103 nou\u0103)<\/span><span>WhatsApp<\/span><\/a><\/li>\n<li><a href=\"https:\/\/www.curierul.ro\/abur-gros-pe-platforma-chimica-concedieri-inchiderea-unor-sectii-sau-doar-zvonuri\/\" class=\"sharing-anchor sd-button share-more\"><span>Mai mult<\/span><\/a><\/li>\n<li class=\"share-end\"><\/ul>\n<div class=\"sharing-hidden\">\n<div class=\"inner\">\n<ul>\n<li class=\"share-email\"><a rel=\"nofollow noopener noreferrer\" data-shared=\"sharing-email-196433\" class=\"share-email sd-button\" href=\"mailto:?subject=%5BArticol%20partajat%5D%20%C2%ABAbur%20gros%C2%BB%20pe%20platforma%20chimic%C4%83...concedieri%2C%20%C3%AEnchiderea%20unor%20sec%C8%9Bii%2C%20sau%20doar%20zvonuri%3F&amp;body=https%3A%2F%2Fwww.curierul.ro%2Fabur-gros-pe-platforma-chimica-concedieri-inchiderea-unor-sectii-sau-doar-zvonuri%2F&amp;share=email\" target=\"_blank\" aria-labelledby=\"sharing-email-196433\" data-email-share-error-title=\"\u021ai-ai configurat emailul?\" data-email-share-error-text=\"Dac\u0103 ai probleme la partajarea prin email, probabil nu ai configurat emailul pentru navigator. Poate trebuie s\u0103 creezi singur un email nou.\" data-email-share-nonce=\"fab87d3017\" data-email-share-track-url=\"https:\/\/www.curierul.ro\/abur-gros-pe-platforma-chimica-concedieri-inchiderea-unor-sectii-sau-doar-zvonuri\/?share=email\"><span id=\"sharing-email-196433\" hidden>D\u0103 clic pentru a trimite o leg\u0103tur\u0103 prin email unui prieten(Se deschide \u00eentr-o fereastr\u0103 nou\u0103)<\/span><span>Email<\/span><\/a><\/li>\n<li class=\"share-print\"><a rel=\"nofollow noopener noreferrer\" data-shared=\"sharing-print-196433\" class=\"share-print sd-button\" href=\"https:\/\/www.curierul.ro\/abur-gros-pe-platforma-chimica-concedieri-inchiderea-unor-sectii-sau-doar-zvonuri\/#print?share=print\" target=\"_blank\" aria-labelledby=\"sharing-print-196433\"><span id=\"sharing-print-196433\" hidden>D\u0103 clic pentru a imprima(Se deschide \u00eentr-o fereastr\u0103 nou\u0103)<\/span><span>Imprimare<\/span><\/a><\/li>\n<li class=\"share-end\"><\/ul>\n<\/div>\n<\/div>\n<\/div>\n<\/div>\n<\/div>\n<div id=\"jp-relatedposts\" class=\"jp-relatedposts\">\n<h3 class=\"jp-relatedposts-headline\"><em>Similare<\/em><\/h3>\n<\/div>\n<footer class=\"post-footer\">\n<p class=\"tags\"><strong>Tags: <\/strong><a href=\"https:\/\/www.curierul.ro\/tag\/concedieri\/\" rel=\"tag\">concedieri<\/a>, <a href=\"https:\/\/www.curierul.ro\/tag\/inchidere-sectii\/\" rel=\"tag\">\u00eenchidere sec\u021bii<\/a>, <a href=\"https:\/\/www.curierul.ro\/tag\/platforma-chimica\/\" rel=\"tag\">platforma chimic\u0103<\/a>, <a href=\"https:\/\/www.curierul.ro\/tag\/zvonuri\/\" rel=\"tag\">zvonuri<\/a><\/p>\n<div class=\"post-navigation clearfix\">\n<div class=\"previous-post\">\n<div class=\"featured-photo\"><img loading=\"lazy\" decoding=\"async\" width=\"983\" height=\"585\" src=\"https:\/\/i0.wp.com\/www.curierul.ro\/wp-content\/uploads\/2026\/02\/Constantin-Schumacher-1-e1772005069225.jpg?fit=300%2C179&amp;ssl=1\" class=\"attachment-post-thumbnail size-post-thumbnail wp-post-image\" alt><\/div>\n<p class=\"paginate-title\">\u00ab\u00ab <a href=\"https:\/\/www.curierul.ro\/cu-doua-zile-inainte-de-reluarea-ligii-3-la-fotbal-constantin-schumacher-antrenorul-scm-ramnicu-valcea-cheama-suporterii-pe-stadion-jucatorii-au-nevoie-de-energia-din-tribune\/\" rel=\"prev\">Cu dou\u0103 zile \u00eenainte de reluarea Ligii 3 la fotbal, Constantin Schumacher, antrenorul SCM R\u00e2mnicu V\u00e2lcea, cheam\u0103 suporterii pe stadion: \u201eJuc\u0103torii au nevoie de energia din tribune!\u201d<\/a><\/p>\n<\/div>\n<div class=\"next-post\">\n<div class=\"featured-photo\"><img decoding=\"async\" width=\"991\" height=\"782\" src=\"https:\/\/i0.wp.com\/www.curierul.ro\/wp-content\/uploads\/2026\/02\/Florentin-Pera.jpg?fit=300%2C237&amp;ssl=1\" class=\"attachment-post-thumbnail size-post-thumbnail wp-post-image\" alt loading=\"lazy\"><\/div>\n<p class=\"paginate-title\"><a href=\"https:\/\/www.curierul.ro\/cu-o-atmosfera-extraordinara-in-tribune-ne-vom-bate-pentru-sansele-noastre\/\" rel=\"next\">\u201eCU O ATMOSFER\u0102 EXTRAORDINAR\u0102 \u00ceN TRIBUNE, NE VOM BATE PENTRU \u0218ANSELE NOASTRE\u201d<\/a> \u00bb\u00bb<\/p>\n<\/div>\n<\/div>\n<div id=\"comments\" class=\"comments-area\">\n<div id=\"respond\" class=\"comment-respond\">\n<h3 id=\"reply-title\" class=\"comment-reply-title\">Po\u021bi comenta aici<small><a rel=\"nofollow\" id=\"cancel-comment-reply-link\" href=\"https:\/\/www.curierul.ro\/abur-gros-pe-platforma-chimica-concedieri-inchiderea-unor-sectii-sau-doar-zvonuri\/#respond\">Anuleaz\u0103 r\u0103spunsul<\/a><\/small><\/h3>\n<\/div>\n<p class=\"akismet_comment_form_privacy_notice\">Acest site folose\u0219te Akismet pentru a reduce spamul. <a href=\"https:\/\/akismet.com\/privacy\/\" target=\"_blank\" rel=\"nofollow noopener\">Afl\u0103 cum sunt procesate datele comentariilor tale<\/a>.<\/p>\n<\/div>\n<section class=\"related-stories\">\n<h2>Related Stories<\/h2>\n<div class=\"stories-container\">\n<article id=\"latest-147952\" class=\"story post-147952 post type-post status-publish format-standard has-post-thumbnail hentry category-actualitate category-comunicate category-economie category-impact category-politica tag-bugetari tag-concedieri tag-desfiintare-posturi tag-guvern tag-ist\">\n<div class=\"photo\"><img decoding=\"async\" width=\"448\" height=\"288\" src=\"https:\/\/i0.wp.com\/www.curierul.ro\/wp-content\/uploads\/2019\/04\/GUVERN-1.jpg?fit=300%2C193&amp;ssl=1\" class=\"attachment-giornalismo-single size-giornalismo-single wp-post-image\" alt loading=\"lazy\"><\/div>\n<p class=\"headline\"><a href=\"https:\/\/www.curierul.ro\/guvernul-anunta-taieri-inspectoratele-in-constructii-urmeaza-sa-fie-subtiate-de-posturi\/\">GUVERNUL ANUN\u021a\u0102 T\u0102IERI: Inspectoratele \u00een construc\u021bii urmeaz\u0103 s\u0103 fie \u201esub\u021biate\u201d de posturi<\/a><\/p>\n<\/article>\n<article id=\"latest-62261\" class=\"story post-62261 post type-post status-publish format-standard has-post-thumbnail hentry category-actualitate category-economie category-headlines tag-albinaru tag-concedieri tag-oltchim\">\n<div class=\"photo\"><img decoding=\"async\" width=\"735\" height=\"440\" src=\"https:\/\/i0.wp.com\/www.curierul.ro\/wp-content\/uploads\/2015\/08\/gabi-albinaru-somaj.jpg?fit=225%2C300&amp;ssl=1\" class=\"attachment-giornalismo-single size-giornalismo-single wp-post-image\" alt loading=\"lazy\"><\/div>\n<p class=\"headline\"><a href=\"https:\/\/www.curierul.ro\/se-anunta-noi-concedieri-colective-la-oltchim\/\">Se anun\u021b\u0103 noi concedieri colective la Oltchim!<\/a><\/p>\n<\/article>\n<\/div>\n<\/section>\n<section class=\"latest-category clearfix\">\n<h2 class=\"title\">More Stories From Actualitate<\/h2>\n<div class=\"stories-container\">\n<article id=\"related-196413\" class=\"story post-196413 post type-post status-publish format-standard has-post-thumbnail hentry category-actualitate category-fraze tag-criza tag-demografica tag-marius-carbunescu-2\">\n<div class=\"photo\"><img decoding=\"async\" width=\"530\" height=\"213\" src=\"https:\/\/i0.wp.com\/www.curierul.ro\/wp-content\/uploads\/2022\/08\/MARIUS-CARBUNESCU.jpg?fit=300%2C121&amp;ssl=1\" class=\"attachment-giornalismo-single size-giornalismo-single wp-post-image\" alt loading=\"lazy\"><\/div>\n<p class=\"headline\"><a href=\"https:\/\/www.curierul.ro\/criza-demografica\/\">Criza demografic\u0103<\/a><\/p>\n<\/article>\n<article id=\"related-196404\" class=\"story post-196404 post type-post status-publish format-standard has-post-thumbnail hentry category-actualitate category-economie tag-dezvoltare tag-filiala-sibiu-valcea tag-judetul-valcea tag-ordinul-arhitectilor tag-turism tag-zona-montana\">\n<div class=\"photo\"><img decoding=\"async\" width=\"735\" height=\"440\" src=\"https:\/\/i0.wp.com\/www.curierul.ro\/wp-content\/uploads\/2026\/02\/Agora.jpg?fit=300%2C157&amp;ssl=1\" class=\"attachment-giornalismo-single size-giornalismo-single wp-post-image\" alt loading=\"lazy\"><\/div>\n<p class=\"headline\"><a href=\"https:\/\/www.curierul.ro\/ordinul-arhitectilor-din-romania-filiala-sibiu-valcea-despre-dezvoltarea-turismului-in-zona-montana-a-judetului-valcea\/\">Ordinul Arhitec\u021bilor din Rom\u00e2nia Filiala Sibiu V\u00e2lcea, despre \u201eDezvoltarea turismului \u00een zona montan\u0103 a jude\u021bului V\u00e2lcea\u201d<\/a><\/p>\n<\/article>\n<article id=\"related-196398\" class=\"story post-196398 post type-post status-publish format-standard has-post-thumbnail hentry category-actualitate category-economie category-politica tag-decshide tag-martisor tag-targ tag-weekend\">\n<div class=\"photo\"><img decoding=\"async\" width=\"735\" height=\"440\" src=\"https:\/\/i0.wp.com\/www.curierul.ro\/wp-content\/uploads\/2026\/02\/Martisor2026.jpg?fit=300%2C200&amp;ssl=1\" class=\"attachment-giornalismo-single size-giornalismo-single wp-post-image\" alt loading=\"lazy\"><\/div>\n<p class=\"headline\"><a href=\"https:\/\/www.curierul.ro\/targul-martisor-2026-se-deschide-din-acest-week-end\/\">T\u00e2rgul M\u0103r\u021bi\u0219or 2026 se deschide din acest week-end<\/a><\/p>\n<\/article>\n<\/div>\n<\/section>\n<section class=\"author-bio clearfix\">\n<div class=\"mug-shot\"><img decoding=\"async\" alt src=\"https:\/\/secure.gravatar.com\/avatar\/ae634844e12be63a4f063a6c7bef885da670fd420e0dedd39ed80eacd6e6979c?s=96&amp;d=mm&amp;r=g\" class=\"avatar avatar-96 photo\" height=\"96\" width=\"96\" loading=\"lazy\"><\/div>\n<div class=\"author-info\">\n<p class=\"title\">About Alin Emilian Tudoroiu, <\/p>\n<div class=\"author-social-area\"><a href=\"mailto:alintudoroiu@curierul.ro\"><span class=\"fal fa-envelope\"><span class=\"screen-reader-text\">Email the Author<\/span><\/span><\/a><\/div>\n<\/div>\n<\/section>\n<\/footer>\n<\/article>\n<article id=\"196433\" class=\"post-196433 post type-post status-publish format-standard has-post-thumbnail hentry category-actualitate category-economie category-headlines tag-concedieri tag-inchidere-sectii tag-platforma-chimica tag-zvonuri\">\n<header class=\"post-header\">\n<ul class=\"breadcrumbs\">\n<li><a href=\"https:\/\/www.curierul.ro\">Home<\/a><\/li>\n<li class=\"breadcrumbs-active .category-actualitate\"><a href=\"https:\/\/www.curierul.ro\/index.php?cat=1615\">Actualitate<\/a><\/li>\n<li class=\"breadcrumbs-active .category-actualitate\">\u00abAbur gros\u00bb pe platforma chimic\u0103\u2026concedieri, \u00eenchiderea unor sec\u021bii, sau doar zvonuri?<\/li>\n<\/ul>\n<div class=\"featured-photo\"><img loading=\"lazy\" decoding=\"async\" width=\"982\" height=\"611\" src=\"https:\/\/i0.wp.com\/www.curierul.ro\/wp-content\/uploads\/2020\/04\/OLTCHIM.jpg?fit=300%2C187&amp;ssl=1\" class=\"attachment-single size-single wp-post-image\" alt><\/div>\n<h1 class=\"headline\">\u00abAbur gros\u00bb pe platforma chimic\u0103\u2026concedieri, \u00eenchiderea unor sec\u021bii, sau doar zvonuri?<\/h1>\n<p class=\"byline\">\n\t\tScris de<a href=\"https:\/\/www.curierul.ro\/author\/alin\/\">Alin Emilian Tudoroiu<\/a>, \t\t25 februarie 2026\t\t\t\t<\/p>\n<hr>\n<\/header>\n<div>O serie de zvonurile au ap\u0103rut pe Platforma Chimic\u0103, legate de Chimcomplex R\u00e2mnicu V\u00e2lcea. Acestea aduc \u00een discu\u021bie o posibil\u0103 restructurare \u2013 concedieri de personal aflat la pensie \u0219i nu numai, \u00eenchiderea unor sec\u021bii, reducerea volumului de produc\u021bie.<\/div>\n<div>Dac\u0103 s-ar \u00eent\u00e2mpla a\u0219a, aceste m\u0103suri ar avea un impact negativ major asupra jude\u021bului V\u00e2lcea, \u00eentr-un context deja dificil: \u00eenchiderea Chiech Soda, urmeaz\u0103 restructurarea CET-ul din var\u0103. Probabil, platforma chimic\u0103 va fi istorie \u00een scurt timp. Vom reveni cu am\u0103nunte legate de aceste aspecte, \u00een speran\u021ba c\u0103 zvonurile nu se vor adeveri. A\u0219a c\u0103 vom cere \u0219i o pozi\u021bie oficial\u0103 a reprezentan\u021bilor Chimcomplex, pe care-i rug\u0103m, dac\u0103 sunt \u00abpe fir\u00bb s\u0103 o trimit\u0103, ca o completare a celor de mai sus, la e-mail: redactia@curierul.ro<\/div>\n<div>\u00a0<\/div>\n<div class=\"sharedaddy sd-sharing-enabled\">\n<div class=\"robots-nocontent sd-block sd-social sd-social-official sd-sharing\">\n<h3 class=\"sd-title\">Distribuie pe:<\/h3>\n<div class=\"sd-content\">\n<ul>\n<li class=\"share-facebook\">\n<li class=\"share-twitter\"><a href=\"https:\/\/twitter.com\/share\" class=\"twitter-share-button\" data-url=\"https:\/\/www.curierul.ro\/abur-gros-pe-platforma-chimica-concedieri-inchiderea-unor-sectii-sau-doar-zvonuri\/\" data-text=\"\u00abAbur gros\u00bb pe platforma chimic\u0103...concedieri, \u00eenchiderea unor sec\u021bii, sau doar zvonuri?\" data-via=\"curierulvl\">Tweet<\/a><\/li>\n<li class=\"share-jetpack-whatsapp\"><a rel=\"nofollow noopener noreferrer\" data-shared=\"sharing-whatsapp-196433\" class=\"share-jetpack-whatsapp sd-button\" href=\"https:\/\/www.curierul.ro\/abur-gros-pe-platforma-chimica-concedieri-inchiderea-unor-sectii-sau-doar-zvonuri\/?share=jetpack-whatsapp\" target=\"_blank\" aria-labelledby=\"sharing-whatsapp-196433\"><span id=\"sharing-whatsapp-196433\" hidden>D\u0103 clic pentru partajare pe WhatsApp(Se deschide \u00eentr-o fereastr\u0103 nou\u0103)<\/span><span>WhatsApp<\/span><\/a><\/li>\n<li><a href=\"https:\/\/www.curierul.ro\/abur-gros-pe-platforma-chimica-concedieri-inchiderea-unor-sectii-sau-doar-zvonuri\/\" class=\"sharing-anchor sd-button share-more\"><span>Mai mult<\/span><\/a><\/li>\n<li class=\"share-end\"><\/ul>\n<div class=\"sharing-hidden\">\n<div class=\"inner\">\n<ul>\n<li class=\"share-email\"><a rel=\"nofollow noopener noreferrer\" data-shared=\"sharing-email-196433\" class=\"share-email sd-button\" href=\"mailto:?subject=%5BArticol%20partajat%5D%20%C2%ABAbur%20gros%C2%BB%20pe%20platforma%20chimic%C4%83...concedieri%2C%20%C3%AEnchiderea%20unor%20sec%C8%9Bii%2C%20sau%20doar%20zvonuri%3F&amp;body=https%3A%2F%2Fwww.curierul.ro%2Fabur-gros-pe-platforma-chimica-concedieri-inchiderea-unor-sectii-sau-doar-zvonuri%2F&amp;share=email\" target=\"_blank\" aria-labelledby=\"sharing-email-196433\" data-email-share-error-title=\"\u021ai-ai configurat emailul?\" data-email-share-error-text=\"Dac\u0103 ai probleme la partajarea prin email, probabil nu ai configurat emailul pentru navigator. Poate trebuie s\u0103 creezi singur un email nou.\" data-email-share-nonce=\"fab87d3017\" data-email-share-track-url=\"https:\/\/www.curierul.ro\/abur-gros-pe-platforma-chimica-concedieri-inchiderea-unor-sectii-sau-doar-zvonuri\/?share=email\"><span id=\"sharing-email-196433\" hidden>D\u0103 clic pentru a trimite o leg\u0103tur\u0103 prin email unui prieten(Se deschide \u00eentr-o fereastr\u0103 nou\u0103)<\/span><span>Email<\/span><\/a><\/li>\n<li class=\"share-print\"><a rel=\"nofollow noopener noreferrer\" data-shared=\"sharing-print-196433\" class=\"share-print sd-button\" href=\"https:\/\/www.curierul.ro\/abur-gros-pe-platforma-chimica-concedieri-inchiderea-unor-sectii-sau-doar-zvonuri\/#print?share=print\" target=\"_blank\" aria-labelledby=\"sharing-print-196433\"><span id=\"sharing-print-196433\" hidden>D\u0103 clic pentru a imprima(Se deschide \u00eentr-o fereastr\u0103 nou\u0103)<\/span><span>Imprimare<\/span><\/a><\/li>\n<li class=\"share-end\"><\/ul>\n<\/div>\n<\/div>\n<\/div>\n<\/div>\n<\/div>\n<div id=\"jp-relatedposts\" class=\"jp-relatedposts\">\n<h3 class=\"jp-relatedposts-headline\"><em>Similare<\/em><\/h3>\n<\/div>\n<footer class=\"post-footer\">\n<p class=\"tags\"><strong>Tags: <\/strong><a href=\"https:\/\/www.curierul.ro\/tag\/concedieri\/\" rel=\"tag\">concedieri<\/a>, <a href=\"https:\/\/www.curierul.ro\/tag\/inchidere-sectii\/\" rel=\"tag\">\u00eenchidere sec\u021bii<\/a>, <a href=\"https:\/\/www.curierul.ro\/tag\/platforma-chimica\/\" rel=\"tag\">platforma chimic\u0103<\/a>, <a href=\"https:\/\/www.curierul.ro\/tag\/zvonuri\/\" rel=\"tag\">zvonuri<\/a><\/p>\n<div class=\"post-navigation clearfix\">\n<div class=\"previous-post\">\n<div class=\"featured-photo\"><img loading=\"lazy\" decoding=\"async\" width=\"983\" height=\"585\" src=\"https:\/\/i0.wp.com\/www.curierul.ro\/wp-content\/uploads\/2026\/02\/Constantin-Schumacher-1-e1772005069225.jpg?fit=300%2C179&amp;ssl=1\" class=\"attachment-post-thumbnail size-post-thumbnail wp-post-image\" alt><\/div>\n<p class=\"paginate-title\">\u00ab\u00ab <a href=\"https:\/\/www.curierul.ro\/cu-doua-zile-inainte-de-reluarea-ligii-3-la-fotbal-constantin-schumacher-antrenorul-scm-ramnicu-valcea-cheama-suporterii-pe-stadion-jucatorii-au-nevoie-de-energia-din-tribune\/\" rel=\"prev\">Cu dou\u0103 zile \u00eenainte de reluarea Ligii 3 la fotbal, Constantin Schumacher, antrenorul SCM R\u00e2mnicu V\u00e2lcea, cheam\u0103 suporterii pe stadion: \u201eJuc\u0103torii au nevoie de energia din tribune!\u201d<\/a><\/p>\n<\/div>\n<div class=\"next-post\">\n<div class=\"featured-photo\"><img decoding=\"async\" width=\"991\" height=\"782\" src=\"https:\/\/i0.wp.com\/www.curierul.ro\/wp-content\/uploads\/2026\/02\/Florentin-Pera.jpg?fit=300%2C237&amp;ssl=1\" class=\"attachment-post-thumbnail size-post-thumbnail wp-post-image\" alt loading=\"lazy\"><\/div>\n<p class=\"paginate-title\"><a href=\"https:\/\/www.curierul.ro\/cu-o-atmosfera-extraordinara-in-tribune-ne-vom-bate-pentru-sansele-noastre\/\" rel=\"next\">\u201eCU O ATMOSFER\u0102 EXTRAORDINAR\u0102 \u00ceN TRIBUNE, NE VOM BATE PENTRU \u0218ANSELE NOASTRE\u201d<\/a> \u00bb\u00bb<\/p>\n<\/div>\n<\/div>\n<div id=\"comments\" class=\"comments-area\">\n<div id=\"respond\" class=\"comment-respond\">\n<h3 id=\"reply-title\" class=\"comment-reply-title\">Po\u021bi comenta aici<small><a rel=\"nofollow\" id=\"cancel-comment-reply-link\" href=\"https:\/\/www.curierul.ro\/abur-gros-pe-platforma-chimica-concedieri-inchiderea-unor-sectii-sau-doar-zvonuri\/#respond\">Anuleaz\u0103 r\u0103spunsul<\/a><\/small><\/h3>\n<\/div>\n<p class=\"akismet_comment_form_privacy_notice\">Acest site folose\u0219te Akismet pentru a reduce spamul. <a href=\"https:\/\/akismet.com\/privacy\/\" target=\"_blank\" rel=\"nofollow noopener\">Afl\u0103 cum sunt procesate datele comentariilor tale<\/a>.<\/p>\n<\/div>\n<section class=\"related-stories\">\n<h2>Related Stories<\/h2>\n<div class=\"stories-container\">\n<article id=\"latest-147952\" class=\"story post-147952 post type-post status-publish format-standard has-post-thumbnail hentry category-actualitate category-comunicate category-economie category-impact category-politica tag-bugetari tag-concedieri tag-desfiintare-posturi tag-guvern tag-ist\">\n<div class=\"photo\"><img decoding=\"async\" width=\"448\" height=\"288\" src=\"https:\/\/i0.wp.com\/www.curierul.ro\/wp-content\/uploads\/2019\/04\/GUVERN-1.jpg?fit=300%2C193&amp;ssl=1\" class=\"attachment-giornalismo-single size-giornalismo-single wp-post-image\" alt loading=\"lazy\"><\/div>\n<p class=\"headline\"><a href=\"https:\/\/www.curierul.ro\/guvernul-anunta-taieri-inspectoratele-in-constructii-urmeaza-sa-fie-subtiate-de-posturi\/\">GUVERNUL ANUN\u021a\u0102 T\u0102IERI: Inspectoratele \u00een construc\u021bii urmeaz\u0103 s\u0103 fie \u201esub\u021biate\u201d de posturi<\/a><\/p>\n<\/article>\n<article id=\"latest-62261\" class=\"story post-62261 post type-post status-publish format-standard has-post-thumbnail hentry category-actualitate category-economie category-headlines tag-albinaru tag-concedieri tag-oltchim\">\n<div class=\"photo\"><img decoding=\"async\" width=\"735\" height=\"440\" src=\"https:\/\/i0.wp.com\/www.curierul.ro\/wp-content\/uploads\/2015\/08\/gabi-albinaru-somaj.jpg?fit=225%2C300&amp;ssl=1\" class=\"attachment-giornalismo-single size-giornalismo-single wp-post-image\" alt loading=\"lazy\"><\/div>\n<p class=\"headline\"><a href=\"https:\/\/www.curierul.ro\/se-anunta-noi-concedieri-colective-la-oltchim\/\">Se anun\u021b\u0103 noi concedieri colective la Oltchim!<\/a><\/p>\n<\/article>\n<\/div>\n<\/section>\n<section class=\"latest-category clearfix\">\n<h2 class=\"title\">More Stories From Actualitate<\/h2>\n<div class=\"stories-container\">\n<article id=\"related-196413\" class=\"story post-196413 post type-post status-publish format-standard has-post-thumbnail hentry category-actualitate category-fraze tag-criza tag-demografica tag-marius-carbunescu-2\">\n<div class=\"photo\"><img decoding=\"async\" width=\"530\" height=\"213\" src=\"https:\/\/i0.wp.com\/www.curierul.ro\/wp-content\/uploads\/2022\/08\/MARIUS-CARBUNESCU.jpg?fit=300%2C121&amp;ssl=1\" class=\"attachment-giornalismo-single size-giornalismo-single wp-post-image\" alt loading=\"lazy\"><\/div>\n<p class=\"headline\"><a href=\"https:\/\/www.curierul.ro\/criza-demografica\/\">Criza demografic\u0103<\/a><\/p>\n<\/article>\n<article id=\"related-196404\" class=\"story post-196404 post type-post status-publish format-standard has-post-thumbnail hentry category-actualitate category-economie tag-dezvoltare tag-filiala-sibiu-valcea tag-judetul-valcea tag-ordinul-arhitectilor tag-turism tag-zona-montana\">\n<div class=\"photo\"><img decoding=\"async\" width=\"735\" height=\"440\" src=\"https:\/\/i0.wp.com\/www.curierul.ro\/wp-content\/uploads\/2026\/02\/Agora.jpg?fit=300%2C157&amp;ssl=1\" class=\"attachment-giornalismo-single size-giornalismo-single wp-post-image\" alt loading=\"lazy\"><\/div>\n<p class=\"headline\"><a href=\"https:\/\/www.curierul.ro\/ordinul-arhitectilor-din-romania-filiala-sibiu-valcea-despre-dezvoltarea-turismului-in-zona-montana-a-judetului-valcea\/\">Ordinul Arhitec\u021bilor din Rom\u00e2nia Filiala Sibiu V\u00e2lcea, despre \u201eDezvoltarea turismului \u00een zona montan\u0103 a jude\u021bului V\u00e2lcea\u201d<\/a><\/p>\n<\/article>\n<article id=\"related-196398\" class=\"story post-196398 post type-post status-publish format-standard has-post-thumbnail hentry category-actualitate category-economie category-politica tag-decshide tag-martisor tag-targ tag-weekend\">\n<div class=\"photo\"><img decoding=\"async\" width=\"735\" height=\"440\" src=\"https:\/\/i0.wp.com\/www.curierul.ro\/wp-content\/uploads\/2026\/02\/Martisor2026.jpg?fit=300%2C200&amp;ssl=1\" class=\"attachment-giornalismo-single size-giornalismo-single wp-post-image\" alt loading=\"lazy\"><\/div>\n<p class=\"headline\"><a href=\"https:\/\/www.curierul.ro\/targul-martisor-2026-se-deschide-din-acest-week-end\/\">T\u00e2rgul M\u0103r\u021bi\u0219or 2026 se deschide din acest week-end<\/a><\/p>\n<\/article>\n<\/div>\n<\/section>\n<section class=\"author-bio clearfix\">\n<div class=\"mug-shot\"><img decoding=\"async\" alt src=\"https:\/\/secure.gravatar.com\/avatar\/ae634844e12be63a4f063a6c7bef885da670fd420e0dedd39ed80eacd6e6979c?s=96&amp;d=mm&amp;r=g\" class=\"avatar avatar-96 photo\" height=\"96\" width=\"96\" loading=\"lazy\"><\/div>\n<div class=\"author-info\">\n<p class=\"title\">About Alin Emilian Tudoroiu, <\/p>\n<div class=\"author-social-area\"><a href=\"mailto:alintudoroiu@curierul.ro\"><span class=\"fal fa-envelope\"><span class=\"screen-reader-text\">Email the Author<\/span><\/span><\/a><\/div>\n<\/div>\n<\/section>\n<\/footer>\n<\/article>\n<article id=\"latest-147952\" class=\"story post-147952 post type-post status-publish format-standard has-post-thumbnail hentry category-actualitate category-comunicate category-economie category-impact category-politica tag-bugetari tag-concedieri tag-desfiintare-posturi tag-guvern tag-ist\">\n<div class=\"photo\"><img decoding=\"async\" width=\"448\" height=\"288\" src=\"https:\/\/i0.wp.com\/www.curierul.ro\/wp-content\/uploads\/2019\/04\/GUVERN-1.jpg?fit=300%2C193&amp;ssl=1\" class=\"attachment-giornalismo-single size-giornalismo-single wp-post-image\" alt loading=\"lazy\"><\/div>\n<p class=\"headline\"><a href=\"https:\/\/www.curierul.ro\/guvernul-anunta-taieri-inspectoratele-in-constructii-urmeaza-sa-fie-subtiate-de-posturi\/\">GUVERNUL ANUN\u021a\u0102 T\u0102IERI: Inspectoratele \u00een construc\u021bii urmeaz\u0103 s\u0103 fie \u201esub\u021biate\u201d de posturi<\/a><\/p>\n<\/article>\n<article id=\"latest-62261\" class=\"story post-62261 post type-post status-publish format-standard has-post-thumbnail hentry category-actualitate category-economie category-headlines tag-albinaru tag-concedieri tag-oltchim\">\n<div class=\"photo\"><img decoding=\"async\" width=\"735\" height=\"440\" src=\"https:\/\/i0.wp.com\/www.curierul.ro\/wp-content\/uploads\/2015\/08\/gabi-albinaru-somaj.jpg?fit=225%2C300&amp;ssl=1\" class=\"attachment-giornalismo-single size-giornalismo-single wp-post-image\" alt loading=\"lazy\"><\/div>\n<p class=\"headline\"><a href=\"https:\/\/www.curierul.ro\/se-anunta-noi-concedieri-colective-la-oltchim\/\">Se anun\u021b\u0103 noi concedieri colective la Oltchim!<\/a><\/p>\n<\/article>\n<article id=\"related-196413\" class=\"story post-196413 post type-post status-publish format-standard has-post-thumbnail hentry category-actualitate category-fraze tag-criza tag-demografica tag-marius-carbunescu-2\">\n<div class=\"photo\"><img decoding=\"async\" width=\"530\" height=\"213\" src=\"https:\/\/i0.wp.com\/www.curierul.ro\/wp-content\/uploads\/2022\/08\/MARIUS-CARBUNESCU.jpg?fit=300%2C121&amp;ssl=1\" class=\"attachment-giornalismo-single size-giornalismo-single wp-post-image\" alt loading=\"lazy\"><\/div>\n<p class=\"headline\"><a href=\"https:\/\/www.curierul.ro\/criza-demografica\/\">Criza demografic\u0103<\/a><\/p>\n<\/article>\n<article id=\"related-196404\" class=\"story post-196404 post type-post status-publish format-standard has-post-thumbnail hentry category-actualitate category-economie tag-dezvoltare tag-filiala-sibiu-valcea tag-judetul-valcea tag-ordinul-arhitectilor tag-turism tag-zona-montana\">\n<div class=\"photo\"><img decoding=\"async\" width=\"735\" height=\"440\" src=\"https:\/\/i0.wp.com\/www.curierul.ro\/wp-content\/uploads\/2026\/02\/Agora.jpg?fit=300%2C157&amp;ssl=1\" class=\"attachment-giornalismo-single size-giornalismo-single wp-post-image\" alt loading=\"lazy\"><\/div>\n<p class=\"headline\"><a href=\"https:\/\/www.curierul.ro\/ordinul-arhitectilor-din-romania-filiala-sibiu-valcea-despre-dezvoltarea-turismului-in-zona-montana-a-judetului-valcea\/\">Ordinul Arhitec\u021bilor din Rom\u00e2nia Filiala Sibiu V\u00e2lcea, despre \u201eDezvoltarea turismului \u00een zona montan\u0103 a jude\u021bului V\u00e2lcea\u201d<\/a><\/p>\n<\/article>\n<article id=\"related-196398\" class=\"story post-196398 post type-post status-publish format-standard has-post-thumbnail hentry category-actualitate category-economie category-politica tag-decshide tag-martisor tag-targ tag-weekend\">\n<div class=\"photo\"><img decoding=\"async\" width=\"735\" height=\"440\" src=\"https:\/\/i0.wp.com\/www.curierul.ro\/wp-content\/uploads\/2026\/02\/Martisor2026.jpg?fit=300%2C200&amp;ssl=1\" class=\"attachment-giornalismo-single size-giornalismo-single wp-post-image\" alt loading=\"lazy\"><\/div>\n<p class=\"headline\"><a href=\"https:\/\/www.curierul.ro\/targul-martisor-2026-se-deschide-din-acest-week-end\/\">T\u00e2rgul M\u0103r\u021bi\u0219or 2026 se deschide din acest week-end<\/a><\/p>\n<\/article>\n<p>[analyse_source url=&#8221;https:\/\/www.curierul.ro\/abur-gros-pe-platforma-chimica-concedieri-inchiderea-unor-sectii-sau-doar-zvonuri\/&#8221;]<\/p>\n","protected":false},"excerpt":{"rendered":"<p>[analyse_image type=&#8221;featured&#8221; src=&#8221;https:\/\/www.curierul.ro\/wp-content\/uploads\/2020\/04\/OLTCHIM.jpghttps:\/\/i0.wp.com\/www.curierul.ro\/wp-content\/uploads\/2020\/04\/OLTCHIM.jpg?fit=982%2C611&amp;ssl=1&#8243;] Home Actualitate \u00abAbur gros\u00bb pe platforma chimic\u0103\u2026concedieri, \u00eenchiderea unor sec\u021bii, sau doar zvonuri? \u00abAbur gros\u00bb pe platforma chimic\u0103\u2026concedieri, \u00eenchiderea unor sec\u021bii, sau doar zvonuri? Scris deAlin Emilian Tudoroiu, 25 februarie 2026 O serie de zvonurile au ap\u0103rut pe Platforma Chimic\u0103, legate de Chimcomplex R\u00e2mnicu V\u00e2lcea. Acestea aduc \u00een discu\u021bie o posibil\u0103 restructurare [&hellip;]<\/p>\n","protected":false},"author":1,"featured_media":0,"comment_status":"open","ping_status":"","sticky":false,"template":"","format":"standard","meta":{"footnotes":""},"categories":[89],"tags":[226,213],"class_list":["post-1794820","post","type-post","status-publish","format-standard","hentry","category-romania","tag-crawlmanager","tag-curierul-ro"],"_links":{"self":[{"href":"https:\/\/analyse.optim.biz\/index.php?rest_route=\/wp\/v2\/posts\/1794820","targetHints":{"allow":["GET"]}}],"collection":[{"href":"https:\/\/analyse.optim.biz\/index.php?rest_route=\/wp\/v2\/posts"}],"about":[{"href":"https:\/\/analyse.optim.biz\/index.php?rest_route=\/wp\/v2\/types\/post"}],"author":[{"embeddable":true,"href":"https:\/\/analyse.optim.biz\/index.php?rest_route=\/wp\/v2\/users\/1"}],"replies":[{"embeddable":true,"href":"https:\/\/analyse.optim.biz\/index.php?rest_route=%2Fwp%2Fv2%2Fcomments&post=1794820"}],"version-history":[{"count":0,"href":"https:\/\/analyse.optim.biz\/index.php?rest_route=\/wp\/v2\/posts\/1794820\/revisions"}],"wp:attachment":[{"href":"https:\/\/analyse.optim.biz\/index.php?rest_route=%2Fwp%2Fv2%2Fmedia&parent=1794820"}],"wp:term":[{"taxonomy":"category","embeddable":true,"href":"https:\/\/analyse.optim.biz\/index.php?rest_route=%2Fwp%2Fv2%2Fcategories&post=1794820"},{"taxonomy":"post_tag","embeddable":true,"href":"https:\/\/analyse.optim.biz\/index.php?rest_route=%2Fwp%2Fv2%2Ftags&post=1794820"}],"curies":[{"name":"wp","href":"https:\/\/api.w.org\/{rel}","templated":true}]}}