{"id":1794818,"date":"2026-02-25T10:47:53","date_gmt":"2026-02-25T07:47:53","guid":{"rendered":"https:\/\/analyse.optim.biz\/?p=1794818"},"modified":"2026-02-25T10:47:53","modified_gmt":"2026-02-25T07:47:53","slug":"anunt-public-privind-luarea-deciziei-etapei-de-incadrare","status":"publish","type":"post","link":"https:\/\/analyse.optim.biz\/?p=1794818","title":{"rendered":"Anun\u021b public privind luarea deciziei etapei de \u00eencadrare"},"content":{"rendered":"<p>[analyse_image type=&#8221;featured&#8221; src=&#8221;http:\/\/www.ziaruldevaslui.ro\/wp-content\/uploads\/2022\/12\/Anunt-public.jpg&#8221;]<\/p>\n<article id=\"post-47646\" class=\"post-47646 post type-post status-publish format-standard has-post-thumbnail hentry category-anunturi category-local\">\n<div class=\"featured-image\"><a href=\"https:\/\/www.ziaruldevaslui.ro\/wp-content\/uploads\/2022\/12\/Anunt-public.jpg\" class=\"image-popup\"><img decoding=\"async\" width=\"800\" height=\"445\" src=\"https:\/\/www.ziaruldevaslui.ro\/wp-content\/uploads\/2022\/12\/Anunt-public-800x445.jpg\" class=\"attachment-colormag-featured-image size-colormag-featured-image wp-post-image\" alt loading=\"lazy\"><\/a><\/div>\n<div class=\"article-content clearfix\">\n<div class=\"above-entry-meta\"><span class=\"cat-links\"><a href=\"https:\/\/www.ziaruldevaslui.ro\/anunturi\/\" rel=\"category tag\">Anun\u021buri<\/a>\u00a0<a href=\"https:\/\/www.ziaruldevaslui.ro\/local\/\" rel=\"category tag\">Local<\/a>\u00a0<\/span><\/div>\n<header class=\"entry-header\">\n<h1 class=\"entry-title\">\n\t\t\t\tAnun\u021b public privind luarea deciziei etapei de \u00eencadrare\t\t\t<\/h1>\n<\/header>\n<div class=\"below-entry-meta\"><span class=\"posted-on\"><a href=\"https:\/\/www.ziaruldevaslui.ro\/anunt-public-privind-luarea-deciziei-etapei-de-incadrare-2\/\" title=\"12:47\" rel=\"bookmark\"><time class=\"entry-date published\" datetime=\"2026-02-25T12:47:53+02:00\">25 februarie 2026<\/time><time class=\"updated\" datetime=\"2026-02-25T12:47:54+02:00\">25 februarie 2026<\/time><\/a><\/span><span class=\"byline\"><span class=\"author vcard\"><a class=\"url fn n\" href=\"https:\/\/www.ziaruldevaslui.ro\/author\/admin\/\" title=\"Ziarul de Vaslui\"><br \/>\n\t\t\t\t\t\tZiarul de Vaslui\t\t\t\t\t<\/a><\/span><\/span><\/div>\n<div class=\"entry-content clearfix\">\n<p><strong>\u201eWPD ROM\u00c2NIA WIND FARM 08 SRL<\/strong>, titular al proiectului:<strong><em>\u201dExtinderea amenaj\u0103rii organiz\u0103rii execu\u021biei pentru lucr\u0103rile de construire parc eolian Frunti\u0219eni \u2013 lucr\u0103ri temporare pe o perioad\u0103 de 4 ani, comuna Frunti\u0219eni \u0219i comuna Zorleni, jude\u021bul Vaslui\u201d<\/em><\/strong>, anun\u0163\u0103 publicul interesat asupra lu\u0103rii deciziei etapei de \u00eencadrare de c\u0103tre A.N.M.A.P. \u2013 D.J.M. Vaslui, \u00een cadrul procedurii de evaluare a impactului asupra mediului, pentru proiectul: <strong><em>\u201dExtinderea amenaj\u0103rii organiz\u0103rii execu\u021biei pentru lucr\u0103rile de construire parc eolian Frunti\u0219eni \u2013 lucr\u0103ri temporare pe o perioad\u0103 de 4 ani, comuna Frunti\u0219eni \u0219i comuna Zorleni, jude\u021bul Vaslui\u201d<\/em><\/strong>,propus a fi amplasat \u00een intravilanul \u0219i extravilanul comunelor Frunti\u0219eni \u0219i Zorleni, jude\u021bul Vaslui. Proiectul deciziei de \u00eencadrare \u015fi motivele care o fundamenteaz\u0103 pot fi consultate la sediul A.N.M.A.P. \u2013 Direc\u021bia Jude\u021bean\u0103 de Mediu Vaslui din strada C\u0103lug\u0103reni, num\u0103rul 63, telefon 0335 401723, \u00een zilele de luni \u2013 joi, \u00eentre orele 8<sup>00<\/sup>-16<sup>00<\/sup> \u015fi vineri \u00eentre orele 8<sup>00<\/sup>-14<sup>00<\/sup>, precum \u015fi la urm\u0103toarea adres\u0103 de internet: <a href=\"https:\/\/eur02.safelinks.protection.outlook.com\/?url=https%3A%2F%2Fdjmvs.anmap.gov.ro%2F&amp;data=05%7C02%7Cm.diaconu%40wpd.ro%7C5ab770d8c1d64f9fba9208de736aac4e%7Ca56e04c0ecfc4ac7a1e423eacc14ee24%7C0%7C0%7C639075099171114151%7CUnknown%7CTWFpbGZsb3d8eyJFbXB0eU1hcGkiOnRydWUsIlYiOiIwLjAuMDAwMCIsIlAiOiJXaW4zMiIsIkFOIjoiTWFpbCIsIldUIjoyfQ%3D%3D%7C0%7C%7C%7C&amp;sdata=f1Xw1ycBi4ps2fmKRj96PufqlMFtpmxXFhQDmO2RSks%3D&amp;reserved=0\">https:\/\/djmvs.anmap.gov.ro\/<\/a>.<\/p>\n<p>Publicul interesat poate \u00eenainta comentarii\/observa\u0163ii la proiectul deciziei de \u00eencadrare \u00een termen de 10 zile de la data public\u0103rii anun\u021bului pe pagina de internet a autorit\u0103\u021bii competente pentru protec\u021bia mediului \u2013 A.N.M.A.P. \u2013 D.J.M. Vaslui\u201d.<\/p>\n<aside class=\"mashsb-container mashsb-main \">\n<div class=\"mashsb-box\">\n<div class=\"mashsb-count mash-medium\">\n<div class=\"counts mashsbcount\">0<\/div>\n<p><span class=\"mashsb-sharetext\">SHARES<\/span><\/div>\n<div class=\"mashsb-buttons\"><a class=\"mashicon-facebook mash-medium mashsb-noshadow\" href=\"https:\/\/www.facebook.com\/sharer.php?u=https%3A%2F%2Fwww.ziaruldevaslui.ro%2Fanunt-public-privind-luarea-deciziei-etapei-de-incadrare-2%2F\" target=\"_top\" rel=\"nofollow\"><span class=\"text\">Share\u00a0pe\u00a0facebook<\/span><\/a><a class=\"mashicon-twitter mash-medium mashsb-noshadow\" href=\"https:\/\/twitter.com\/intent\/tweet?text=Anun%C8%9B%20public%20privind%20luarea%20deciziei%20etapei%20de%20%C3%AEncadrare&amp;url=https:\/\/www.ziaruldevaslui.ro\/?p=47646\" target=\"_top\" rel=\"nofollow\"><span class=\"text\">Share\u00a0pe\u00a0twitter<\/span><\/a><\/div>\n<\/div>\n<\/aside>\n<\/div>\n<\/div>\n<\/article>\n<div class=\"article-content clearfix\">\n<div class=\"above-entry-meta\"><span class=\"cat-links\"><a href=\"https:\/\/www.ziaruldevaslui.ro\/anunturi\/\" rel=\"category tag\">Anun\u021buri<\/a>\u00a0<a href=\"https:\/\/www.ziaruldevaslui.ro\/local\/\" rel=\"category tag\">Local<\/a>\u00a0<\/span><\/div>\n<header class=\"entry-header\">\n<h1 class=\"entry-title\">\n\t\t\t\tAnun\u021b public privind luarea deciziei etapei de \u00eencadrare\t\t\t<\/h1>\n<\/header>\n<div class=\"below-entry-meta\"><span class=\"posted-on\"><a href=\"https:\/\/www.ziaruldevaslui.ro\/anunt-public-privind-luarea-deciziei-etapei-de-incadrare-2\/\" title=\"12:47\" rel=\"bookmark\"><time class=\"entry-date published\" datetime=\"2026-02-25T12:47:53+02:00\">25 februarie 2026<\/time><time class=\"updated\" datetime=\"2026-02-25T12:47:54+02:00\">25 februarie 2026<\/time><\/a><\/span><span class=\"byline\"><span class=\"author vcard\"><a class=\"url fn n\" href=\"https:\/\/www.ziaruldevaslui.ro\/author\/admin\/\" title=\"Ziarul de Vaslui\"><br \/>\n\t\t\t\t\t\tZiarul de Vaslui\t\t\t\t\t<\/a><\/span><\/span><\/div>\n<div class=\"entry-content clearfix\">\n<p><strong>\u201eWPD ROM\u00c2NIA WIND FARM 08 SRL<\/strong>, titular al proiectului:<strong><em>\u201dExtinderea amenaj\u0103rii organiz\u0103rii execu\u021biei pentru lucr\u0103rile de construire parc eolian Frunti\u0219eni \u2013 lucr\u0103ri temporare pe o perioad\u0103 de 4 ani, comuna Frunti\u0219eni \u0219i comuna Zorleni, jude\u021bul Vaslui\u201d<\/em><\/strong>, anun\u0163\u0103 publicul interesat asupra lu\u0103rii deciziei etapei de \u00eencadrare de c\u0103tre A.N.M.A.P. \u2013 D.J.M. Vaslui, \u00een cadrul procedurii de evaluare a impactului asupra mediului, pentru proiectul: <strong><em>\u201dExtinderea amenaj\u0103rii organiz\u0103rii execu\u021biei pentru lucr\u0103rile de construire parc eolian Frunti\u0219eni \u2013 lucr\u0103ri temporare pe o perioad\u0103 de 4 ani, comuna Frunti\u0219eni \u0219i comuna Zorleni, jude\u021bul Vaslui\u201d<\/em><\/strong>,propus a fi amplasat \u00een intravilanul \u0219i extravilanul comunelor Frunti\u0219eni \u0219i Zorleni, jude\u021bul Vaslui. Proiectul deciziei de \u00eencadrare \u015fi motivele care o fundamenteaz\u0103 pot fi consultate la sediul A.N.M.A.P. \u2013 Direc\u021bia Jude\u021bean\u0103 de Mediu Vaslui din strada C\u0103lug\u0103reni, num\u0103rul 63, telefon 0335 401723, \u00een zilele de luni \u2013 joi, \u00eentre orele 8<sup>00<\/sup>-16<sup>00<\/sup> \u015fi vineri \u00eentre orele 8<sup>00<\/sup>-14<sup>00<\/sup>, precum \u015fi la urm\u0103toarea adres\u0103 de internet: <a href=\"https:\/\/eur02.safelinks.protection.outlook.com\/?url=https%3A%2F%2Fdjmvs.anmap.gov.ro%2F&amp;data=05%7C02%7Cm.diaconu%40wpd.ro%7C5ab770d8c1d64f9fba9208de736aac4e%7Ca56e04c0ecfc4ac7a1e423eacc14ee24%7C0%7C0%7C639075099171114151%7CUnknown%7CTWFpbGZsb3d8eyJFbXB0eU1hcGkiOnRydWUsIlYiOiIwLjAuMDAwMCIsIlAiOiJXaW4zMiIsIkFOIjoiTWFpbCIsIldUIjoyfQ%3D%3D%7C0%7C%7C%7C&amp;sdata=f1Xw1ycBi4ps2fmKRj96PufqlMFtpmxXFhQDmO2RSks%3D&amp;reserved=0\">https:\/\/djmvs.anmap.gov.ro\/<\/a>.<\/p>\n<p>Publicul interesat poate \u00eenainta comentarii\/observa\u0163ii la proiectul deciziei de \u00eencadrare \u00een termen de 10 zile de la data public\u0103rii anun\u021bului pe pagina de internet a autorit\u0103\u021bii competente pentru protec\u021bia mediului \u2013 A.N.M.A.P. \u2013 D.J.M. Vaslui\u201d.<\/p>\n<aside class=\"mashsb-container mashsb-main \">\n<div class=\"mashsb-box\">\n<div class=\"mashsb-count mash-medium\">\n<div class=\"counts mashsbcount\">0<\/div>\n<p><span class=\"mashsb-sharetext\">SHARES<\/span><\/div>\n<div class=\"mashsb-buttons\"><a class=\"mashicon-facebook mash-medium mashsb-noshadow\" href=\"https:\/\/www.facebook.com\/sharer.php?u=https%3A%2F%2Fwww.ziaruldevaslui.ro%2Fanunt-public-privind-luarea-deciziei-etapei-de-incadrare-2%2F\" target=\"_top\" rel=\"nofollow\"><span class=\"text\">Share\u00a0pe\u00a0facebook<\/span><\/a><a class=\"mashicon-twitter mash-medium mashsb-noshadow\" href=\"https:\/\/twitter.com\/intent\/tweet?text=Anun%C8%9B%20public%20privind%20luarea%20deciziei%20etapei%20de%20%C3%AEncadrare&amp;url=https:\/\/www.ziaruldevaslui.ro\/?p=47646\" target=\"_top\" rel=\"nofollow\"><span class=\"text\">Share\u00a0pe\u00a0twitter<\/span><\/a><\/div>\n<\/div>\n<\/aside>\n<\/div>\n<\/div>\n<div class=\"entry-content clearfix\">\n<p><strong>\u201eWPD ROM\u00c2NIA WIND FARM 08 SRL<\/strong>, titular al proiectului:<strong><em>\u201dExtinderea amenaj\u0103rii organiz\u0103rii execu\u021biei pentru lucr\u0103rile de construire parc eolian Frunti\u0219eni \u2013 lucr\u0103ri temporare pe o perioad\u0103 de 4 ani, comuna Frunti\u0219eni \u0219i comuna Zorleni, jude\u021bul Vaslui\u201d<\/em><\/strong>, anun\u0163\u0103 publicul interesat asupra lu\u0103rii deciziei etapei de \u00eencadrare de c\u0103tre A.N.M.A.P. \u2013 D.J.M. Vaslui, \u00een cadrul procedurii de evaluare a impactului asupra mediului, pentru proiectul: <strong><em>\u201dExtinderea amenaj\u0103rii organiz\u0103rii execu\u021biei pentru lucr\u0103rile de construire parc eolian Frunti\u0219eni \u2013 lucr\u0103ri temporare pe o perioad\u0103 de 4 ani, comuna Frunti\u0219eni \u0219i comuna Zorleni, jude\u021bul Vaslui\u201d<\/em><\/strong>,propus a fi amplasat \u00een intravilanul \u0219i extravilanul comunelor Frunti\u0219eni \u0219i Zorleni, jude\u021bul Vaslui. Proiectul deciziei de \u00eencadrare \u015fi motivele care o fundamenteaz\u0103 pot fi consultate la sediul A.N.M.A.P. \u2013 Direc\u021bia Jude\u021bean\u0103 de Mediu Vaslui din strada C\u0103lug\u0103reni, num\u0103rul 63, telefon 0335 401723, \u00een zilele de luni \u2013 joi, \u00eentre orele 8<sup>00<\/sup>-16<sup>00<\/sup> \u015fi vineri \u00eentre orele 8<sup>00<\/sup>-14<sup>00<\/sup>, precum \u015fi la urm\u0103toarea adres\u0103 de internet: <a href=\"https:\/\/eur02.safelinks.protection.outlook.com\/?url=https%3A%2F%2Fdjmvs.anmap.gov.ro%2F&amp;data=05%7C02%7Cm.diaconu%40wpd.ro%7C5ab770d8c1d64f9fba9208de736aac4e%7Ca56e04c0ecfc4ac7a1e423eacc14ee24%7C0%7C0%7C639075099171114151%7CUnknown%7CTWFpbGZsb3d8eyJFbXB0eU1hcGkiOnRydWUsIlYiOiIwLjAuMDAwMCIsIlAiOiJXaW4zMiIsIkFOIjoiTWFpbCIsIldUIjoyfQ%3D%3D%7C0%7C%7C%7C&amp;sdata=f1Xw1ycBi4ps2fmKRj96PufqlMFtpmxXFhQDmO2RSks%3D&amp;reserved=0\">https:\/\/djmvs.anmap.gov.ro\/<\/a>.<\/p>\n<p>Publicul interesat poate \u00eenainta comentarii\/observa\u0163ii la proiectul deciziei de \u00eencadrare \u00een termen de 10 zile de la data public\u0103rii anun\u021bului pe pagina de internet a autorit\u0103\u021bii competente pentru protec\u021bia mediului \u2013 A.N.M.A.P. \u2013 D.J.M. Vaslui\u201d.<\/p>\n<aside class=\"mashsb-container mashsb-main \">\n<div class=\"mashsb-box\">\n<div class=\"mashsb-count mash-medium\">\n<div class=\"counts mashsbcount\">0<\/div>\n<p><span class=\"mashsb-sharetext\">SHARES<\/span><\/div>\n<div class=\"mashsb-buttons\"><a class=\"mashicon-facebook mash-medium mashsb-noshadow\" href=\"https:\/\/www.facebook.com\/sharer.php?u=https%3A%2F%2Fwww.ziaruldevaslui.ro%2Fanunt-public-privind-luarea-deciziei-etapei-de-incadrare-2%2F\" target=\"_top\" rel=\"nofollow\"><span class=\"text\">Share\u00a0pe\u00a0facebook<\/span><\/a><a class=\"mashicon-twitter mash-medium mashsb-noshadow\" href=\"https:\/\/twitter.com\/intent\/tweet?text=Anun%C8%9B%20public%20privind%20luarea%20deciziei%20etapei%20de%20%C3%AEncadrare&amp;url=https:\/\/www.ziaruldevaslui.ro\/?p=47646\" target=\"_top\" rel=\"nofollow\"><span class=\"text\">Share\u00a0pe\u00a0twitter<\/span><\/a><\/div>\n<\/div>\n<\/aside>\n<\/div>\n<div class=\"article-content\">\n<h3 class=\"entry-title\"><a href=\"https:\/\/www.ziaruldevaslui.ro\/accident-la-muntenii-de-sus-un-barbat-a-decedat\/\" rel=\"bookmark\" title=\"Accident la Muntenii de Sus! Un b\u0103rbat a decedat\"><br \/>\n\t\t\t\t\t\t\t\tAccident la Muntenii de Sus! Un b\u0103rbat a decedat\t\t\t\t\t\t\t<\/a><\/h3>\n<div class=\"below-entry-meta\"><span class=\"posted-on\"><a href=\"https:\/\/www.ziaruldevaslui.ro\/accident-la-muntenii-de-sus-un-barbat-a-decedat\/\" title=\"10:06\" rel=\"bookmark\"><time class=\"entry-date published\" datetime=\"2020-12-05T10:06:55+02:00\">5 decembrie 2020<\/time><time class=\"updated\" datetime=\"2020-12-05T10:20:12+02:00\">5 decembrie 2020<\/time><\/a><\/span><span class=\"byline\"><span class=\"author vcard\"><a class=\"url fn n\" href=\"https:\/\/www.ziaruldevaslui.ro\/author\/admin\/\" title=\"Ziarul de Vaslui\"><br \/>\n\t\t\t\t\t\tZiarul de Vaslui\t\t\t\t\t<\/a><\/span><\/span><\/div>\n<\/div>\n<div class=\"article-content\">\n<h3 class=\"entry-title\"><a href=\"https:\/\/www.ziaruldevaslui.ro\/vasluianul-marian-olteanu-il-va-interpreta-pe-sorin-in-serialul-sacrificiul\/\" rel=\"bookmark\" title=\"Vasluianul Marian Olteanu \u00eel va interpreta pe Sorin \u00een serialul \u201eSacrificiul\u201d\"><br \/>\n\t\t\t\t\t\t\t\tVasluianul Marian Olteanu \u00eel va interpreta pe Sorin \u00een serialul \u201eSacrificiul\u201d\t\t\t\t\t\t\t<\/a><\/h3>\n<div class=\"below-entry-meta\"><span class=\"posted-on\"><a href=\"https:\/\/www.ziaruldevaslui.ro\/vasluianul-marian-olteanu-il-va-interpreta-pe-sorin-in-serialul-sacrificiul\/\" title=\"20:47\" rel=\"bookmark\"><time class=\"entry-date published updated\" datetime=\"2020-02-03T20:47:20+02:00\">3 februarie 2020<\/time><\/a><\/span><span class=\"byline\"><span class=\"author vcard\"><a class=\"url fn n\" href=\"https:\/\/www.ziaruldevaslui.ro\/author\/admin\/\" title=\"Ziarul de Vaslui\"><br \/>\n\t\t\t\t\t\tZiarul de Vaslui\t\t\t\t\t<\/a><\/span><\/span><\/div>\n<\/div>\n<div class=\"article-content\">\n<h3 class=\"entry-title\"><a href=\"https:\/\/www.ziaruldevaslui.ro\/incendiu-la-o-hala-de-furaje-din-tutova\/\" rel=\"bookmark\" title=\"Incendiu la o hal\u0103 de furaje din Tutova\"><br \/>\n\t\t\t\t\t\t\t\tIncendiu la o hal\u0103 de furaje din Tutova\t\t\t\t\t\t\t<\/a><\/h3>\n<div class=\"below-entry-meta\"><span class=\"posted-on\"><a href=\"https:\/\/www.ziaruldevaslui.ro\/incendiu-la-o-hala-de-furaje-din-tutova\/\" title=\"19:02\" rel=\"bookmark\"><time class=\"entry-date published\" datetime=\"2023-05-28T19:02:28+02:00\">28 mai 2023<\/time><time class=\"updated\" datetime=\"2023-05-28T19:02:29+02:00\">28 mai 2023<\/time><\/a><\/span><span class=\"byline\"><span class=\"author vcard\"><a class=\"url fn n\" href=\"https:\/\/www.ziaruldevaslui.ro\/author\/admin\/\" title=\"Ziarul de Vaslui\"><br \/>\n\t\t\t\t\t\tZiarul de Vaslui\t\t\t\t\t<\/a><\/span><\/span><\/div>\n<\/div>\n<div class=\"article-content\">\n<div class=\"above-entry-meta\"><span class=\"cat-links\"><a href=\"https:\/\/www.ziaruldevaslui.ro\/local\/\" rel=\"category tag\">Local<\/a>\u00a0<a href=\"https:\/\/www.ziaruldevaslui.ro\/tabloul-principal\/\" rel=\"category tag\">NOUT\u0102\u021aI<\/a>\u00a0<a href=\"https:\/\/www.ziaruldevaslui.ro\/opinii\/\" rel=\"category tag\">Opinii<\/a>\u00a0<\/span><\/div>\n<h3 class=\"entry-title\"><a href=\"https:\/\/www.ziaruldevaslui.ro\/stand-up-comedy-cu-ionel-sandu-de-la-aur-spatiile-pentru-copiii-cu-autism-sunt-bazaconii\/\" title=\"Stand Up Comedy cu Ionel Sandu, candidat AUR: spa\u021biile pentru copiii cu autism sunt \u201ebazaconii\u201d\"><br \/>\n\t\t\t\tStand Up Comedy cu Ionel Sandu, candidat AUR: spa\u021biile pentru copiii cu autism sunt \u201ebazaconii\u201d\t\t\t<\/a><\/h3>\n<div class=\"below-entry-meta\"><span class=\"posted-on\"><a href=\"https:\/\/www.ziaruldevaslui.ro\/stand-up-comedy-cu-ionel-sandu-de-la-aur-spatiile-pentru-copiii-cu-autism-sunt-bazaconii\/\" title=\"22:46\" rel=\"bookmark\"><time class=\"entry-date published\" datetime=\"2024-03-14T22:46:43+02:00\">14 martie 2024<\/time><time class=\"updated\" datetime=\"2024-03-15T08:54:58+02:00\">15 martie 2024<\/time><\/a><\/span><span class=\"byline\"><span class=\"author vcard\"><a class=\"url fn n\" href=\"https:\/\/www.ziaruldevaslui.ro\/author\/admin\/\" title=\"Ziarul de Vaslui\"><br \/>\n\t\t\t\t\tZiarul de Vaslui\t\t\t\t<\/a><\/span><\/span><\/div>\n<div class=\"entry-content\">\n<p>Ini\u021bial am crezut c\u0103 Ionel Sandu s-a apucat de Stand Up Comedy. Cu afacerile nu st\u0103 extraordinar, cu politica nici<\/p>\n<\/div>\n<\/div>\n<div class=\"entry-content\">\n<p>Ini\u021bial am crezut c\u0103 Ionel Sandu s-a apucat de Stand Up Comedy. Cu afacerile nu st\u0103 extraordinar, cu politica nici<\/p>\n<\/div>\n<div class=\"article-content\">\n<div class=\"above-entry-meta\"><span class=\"cat-links\"><a href=\"https:\/\/www.ziaruldevaslui.ro\/literatura\/\" rel=\"category tag\">Literatur\u0103<\/a>\u00a0<a href=\"https:\/\/www.ziaruldevaslui.ro\/magazin\/\" rel=\"category tag\">Magazin<\/a>\u00a0<a href=\"https:\/\/www.ziaruldevaslui.ro\/opinii\/\" rel=\"category tag\">Opinii<\/a>\u00a0<\/span><\/div>\n<h3 class=\"entry-title\"><a href=\"https:\/\/www.ziaruldevaslui.ro\/pledoarie-pentru-o-carte-pe-zi\/\" title=\"Pledoarie pentru \u2026 o carte pe zi\"><br \/>\n\t\t\t\tPledoarie pentru \u2026 o carte pe zi\t\t\t<\/a><\/h3>\n<div class=\"below-entry-meta\"><span class=\"posted-on\"><a href=\"https:\/\/www.ziaruldevaslui.ro\/pledoarie-pentru-o-carte-pe-zi\/\" title=\"09:48\" rel=\"bookmark\"><time class=\"entry-date published\" datetime=\"2021-11-13T09:48:23+02:00\">13 noiembrie 2021<\/time><time class=\"updated\" datetime=\"2022-05-04T20:22:06+02:00\">4 mai 2022<\/time><\/a><\/span><span class=\"byline\"><span class=\"author vcard\"><a class=\"url fn n\" href=\"https:\/\/www.ziaruldevaslui.ro\/author\/admin\/\" title=\"Ziarul de Vaslui\"><br \/>\n\t\t\t\t\tZiarul de Vaslui\t\t\t\t<\/a><\/span><\/span><\/div>\n<\/div>\n<div class=\"article-content\">\n<div class=\"above-entry-meta\"><span class=\"cat-links\"><a href=\"https:\/\/www.ziaruldevaslui.ro\/local\/\" rel=\"category tag\">Local<\/a>\u00a0<a href=\"https:\/\/www.ziaruldevaslui.ro\/tabloul-principal\/\" rel=\"category tag\">NOUT\u0102\u021aI<\/a>\u00a0<a href=\"https:\/\/www.ziaruldevaslui.ro\/oameni-si-locuri\/\" rel=\"category tag\">Oameni si locuri<\/a>\u00a0<a href=\"https:\/\/www.ziaruldevaslui.ro\/opinii\/\" rel=\"category tag\">Opinii<\/a>\u00a0<\/span><\/div>\n<h3 class=\"entry-title\"><a href=\"https:\/\/www.ziaruldevaslui.ro\/vasluianca-madalina-tudorache-admisa-ca-doctorand-la-oxford-interviu\/\" title=\"Vasluianca M\u0103d\u0103lina Tudorache, admis\u0103 ca doctorand la Oxford\"><br \/>\n\t\t\t\tVasluianca M\u0103d\u0103lina Tudorache, admis\u0103 ca doctorand la Oxford\t\t\t<\/a><\/h3>\n<div class=\"below-entry-meta\"><span class=\"posted-on\"><a href=\"https:\/\/www.ziaruldevaslui.ro\/vasluianca-madalina-tudorache-admisa-ca-doctorand-la-oxford-interviu\/\" title=\"09:24\" rel=\"bookmark\"><time class=\"entry-date published\" datetime=\"2020-07-21T09:24:55+02:00\">21 iulie 2020<\/time><time class=\"updated\" datetime=\"2021-12-15T08:32:02+02:00\">15 decembrie 2021<\/time><\/a><\/span><span class=\"byline\"><span class=\"author vcard\"><a class=\"url fn n\" href=\"https:\/\/www.ziaruldevaslui.ro\/author\/admin\/\" title=\"Ziarul de Vaslui\"><br \/>\n\t\t\t\t\tZiarul de Vaslui\t\t\t\t<\/a><\/span><\/span><\/div>\n<\/div>\n<div class=\"article-content\">\n<div class=\"above-entry-meta\"><span class=\"cat-links\"><a href=\"https:\/\/www.ziaruldevaslui.ro\/local\/\" rel=\"category tag\">Local<\/a>\u00a0<a href=\"https:\/\/www.ziaruldevaslui.ro\/tabloul-principal\/\" rel=\"category tag\">NOUT\u0102\u021aI<\/a>\u00a0<a href=\"https:\/\/www.ziaruldevaslui.ro\/oameni-si-locuri\/\" rel=\"category tag\">Oameni si locuri<\/a>\u00a0<a href=\"https:\/\/www.ziaruldevaslui.ro\/opinii\/\" rel=\"category tag\">Opinii<\/a>\u00a0<\/span><\/div>\n<h3 class=\"entry-title\"><a href=\"https:\/\/www.ziaruldevaslui.ro\/manifestul-unui-eleve-de-clasa-a-12-a-din-vaslui-cel-mai-mare-vis-al-nostru-era-sa-imbracam-roba\/\" title=\"Manifestul unei eleve de clasa a 12-a din Vaslui: \u201eCel mai mare vis al nostru era s\u0103 \u00eembr\u0103c\u0103m roba\u201d\"><br \/>\n\t\t\t\tManifestul unei eleve de clasa a 12-a din Vaslui: \u201eCel mai mare vis al nostru era s\u0103 \u00eembr\u0103c\u0103m roba\u201d\t\t\t<\/a><\/h3>\n<div class=\"below-entry-meta\"><span class=\"posted-on\"><a href=\"https:\/\/www.ziaruldevaslui.ro\/manifestul-unui-eleve-de-clasa-a-12-a-din-vaslui-cel-mai-mare-vis-al-nostru-era-sa-imbracam-roba\/\" title=\"21:33\" rel=\"bookmark\"><time class=\"entry-date published\" datetime=\"2020-05-02T21:33:04+02:00\">2 mai 2020<\/time><time class=\"updated\" datetime=\"2020-05-03T18:03:27+02:00\">3 mai 2020<\/time><\/a><\/span><span class=\"byline\"><span class=\"author vcard\"><a class=\"url fn n\" href=\"https:\/\/www.ziaruldevaslui.ro\/author\/admin\/\" title=\"Ziarul de Vaslui\"><br \/>\n\t\t\t\t\tZiarul de Vaslui\t\t\t\t<\/a><\/span><\/span><\/div>\n<\/div>\n<p>[analyse_source url=&#8221;https:\/\/www.ziaruldevaslui.ro\/anunt-public-privind-luarea-deciziei-etapei-de-incadrare-2\/&#8221;]<\/p>\n","protected":false},"excerpt":{"rendered":"<p>[analyse_image type=&#8221;featured&#8221; src=&#8221;http:\/\/www.ziaruldevaslui.ro\/wp-content\/uploads\/2022\/12\/Anunt-public.jpg&#8221;] Anun\u021buri\u00a0Local\u00a0 Anun\u021b public privind luarea deciziei etapei de \u00eencadrare 25 februarie 202625 februarie 2026 Ziarul de Vaslui \u201eWPD ROM\u00c2NIA WIND FARM 08 SRL, titular al proiectului:\u201dExtinderea amenaj\u0103rii organiz\u0103rii execu\u021biei pentru lucr\u0103rile de construire parc eolian Frunti\u0219eni \u2013 lucr\u0103ri temporare pe o perioad\u0103 de 4 ani, comuna Frunti\u0219eni \u0219i comuna Zorleni, jude\u021bul Vaslui\u201d, [&hellip;]<\/p>\n","protected":false},"author":1,"featured_media":0,"comment_status":"open","ping_status":"","sticky":false,"template":"","format":"standard","meta":{"footnotes":""},"categories":[89],"tags":[226,218],"class_list":["post-1794818","post","type-post","status-publish","format-standard","hentry","category-romania","tag-crawlmanager","tag-ziaruldevaslui-ro"],"_links":{"self":[{"href":"https:\/\/analyse.optim.biz\/index.php?rest_route=\/wp\/v2\/posts\/1794818","targetHints":{"allow":["GET"]}}],"collection":[{"href":"https:\/\/analyse.optim.biz\/index.php?rest_route=\/wp\/v2\/posts"}],"about":[{"href":"https:\/\/analyse.optim.biz\/index.php?rest_route=\/wp\/v2\/types\/post"}],"author":[{"embeddable":true,"href":"https:\/\/analyse.optim.biz\/index.php?rest_route=\/wp\/v2\/users\/1"}],"replies":[{"embeddable":true,"href":"https:\/\/analyse.optim.biz\/index.php?rest_route=%2Fwp%2Fv2%2Fcomments&post=1794818"}],"version-history":[{"count":0,"href":"https:\/\/analyse.optim.biz\/index.php?rest_route=\/wp\/v2\/posts\/1794818\/revisions"}],"wp:attachment":[{"href":"https:\/\/analyse.optim.biz\/index.php?rest_route=%2Fwp%2Fv2%2Fmedia&parent=1794818"}],"wp:term":[{"taxonomy":"category","embeddable":true,"href":"https:\/\/analyse.optim.biz\/index.php?rest_route=%2Fwp%2Fv2%2Fcategories&post=1794818"},{"taxonomy":"post_tag","embeddable":true,"href":"https:\/\/analyse.optim.biz\/index.php?rest_route=%2Fwp%2Fv2%2Ftags&post=1794818"}],"curies":[{"name":"wp","href":"https:\/\/api.w.org\/{rel}","templated":true}]}}