{"id":1794781,"date":"2026-02-25T00:00:00","date_gmt":"2026-02-24T21:00:00","guid":{"rendered":"https:\/\/analyse.optim.biz\/?p=1794781"},"modified":"2026-02-25T00:00:00","modified_gmt":"2026-02-24T21:00:00","slug":"primarul-acuzat-ca-acuzat-ca-si-a-sechestrat-legat-si-agresat-iubita-si-pe-fiica-acesteia-a-fost-retinut-de-politisti","status":"publish","type":"post","link":"https:\/\/analyse.optim.biz\/?p=1794781","title":{"rendered":"Primarul acuzat c\u0103 acuzat c\u0103 \u0219i-a sechestrat, legat \u0219i agresat iubita \u0219i pe fiica acesteia a fost re\u021binut de poli\u021bi\u0219ti"},"content":{"rendered":"<p>[analyse_image type=&#8221;featured&#8221; src=&#8221;&#8221;]<\/p>\n<div class=\"entry-content\">\n<p><a href=\"https:\/\/www.botosaninews.ro\/wp-content\/uploads\/2026\/02\/Radu-Reziuc.jpg\"><img decoding=\"async\" loading=\"lazy\" class=\"alignright size-full wp-image-722947\" src=\"https:\/\/www.botosaninews.ro\/wp-content\/uploads\/2026\/02\/Radu-Reziuc.jpg\" alt=\"\" width=\"300\" height=\"168\"><\/a>Primarul comunei sucevene Mitocu Dragomirnei, Radu Reziuc, acuzat c\u0103 \u015fi-a agresat \u015fi sechestrat iubita \u015fi pe fiica acesteia,\u00a0 a fost re\u021binut de oamenii legii.\u00a0 Poli\u021bi\u0219tii din cadrul Poli\u021biei Ora\u0219ului Salcea, sub coordonarea unui procuror din cadrul Parchetului de pe l\u00e2ng\u0103 Judec\u0103toria Suceava, au continuat cercet\u0103rile \u00een cazul \u00een care fosta concubin\u0103 a primarului, o femeie de 41 de ani, \u0219i fiica acesteia de 19 ani, au reclamat,\u00a0 la data de 30.01.2026, c\u0103 ar fi fost agresate \u0219i lipsite de libertate de c\u0103tre un b\u0103rbat de 40 de ani din comuna Mitocu Dragomirnei, \u00een seara de 28\/29.01.2026.<\/p>\n<p><em><strong>\u201eDup\u0103 completarea materialului probator, desf\u0103\u0219urarea unor activit\u0103\u021bi investigative complexe \u0219i de cercetare penal\u0103, \u00een cursul acestei zile, la ora 16:00, b\u0103rbatul de 40 de ani a fost citat la sediul Poli\u021biei Ora\u0219ului Salcea, dup\u0103 efectuarea demersurilor procedurale legale fiind dispus\u0103 m\u0103sura re\u021binerii pentru 24 de ore sub aspectul s\u0103v\u00e2r\u0219irii infrac\u021biunilor de lovirea sau alte violen\u021be, violen\u021b\u0103 in familie \u0219i lipsire de libertate \u00een mod ilegal\u201d<\/strong><\/em>, a declarat comisarul \u0219ef Ionu\u021b Epureanu, purt\u0103torul de cuv\u00e2nt al Poli\u021biei Suceava.<\/p>\n<p>B\u0103rbatul a fost \u00eencarcerat \u00eentr-un Centru de Re\u021binere \u0219i Arestare Preventiv\u0103, urm\u00e2nd s\u0103 fie prezentat procurorului de caz pentru dispunerea unor m\u0103suri procesuale conforme.<\/p>\n<p>Cercet\u0103rile sunt continuate \u00een cadrul dosarului penal, urm\u00e2nd ca la finalizarea acestora s\u0103 se dispun\u0103 procedural prin unitatea de parchet competent\u0103.<\/p>\n<\/div>\n<div class=\"entry-content\">\n<p><a href=\"https:\/\/www.botosaninews.ro\/wp-content\/uploads\/2026\/02\/Radu-Reziuc.jpg\"><img decoding=\"async\" loading=\"lazy\" class=\"alignright size-full wp-image-722947\" src=\"https:\/\/www.botosaninews.ro\/wp-content\/uploads\/2026\/02\/Radu-Reziuc.jpg\" alt=\"\" width=\"300\" height=\"168\"><\/a>Primarul comunei sucevene Mitocu Dragomirnei, Radu Reziuc, acuzat c\u0103 \u015fi-a agresat \u015fi sechestrat iubita \u015fi pe fiica acesteia,\u00a0 a fost re\u021binut de oamenii legii.\u00a0 Poli\u021bi\u0219tii din cadrul Poli\u021biei Ora\u0219ului Salcea, sub coordonarea unui procuror din cadrul Parchetului de pe l\u00e2ng\u0103 Judec\u0103toria Suceava, au continuat cercet\u0103rile \u00een cazul \u00een care fosta concubin\u0103 a primarului, o femeie de 41 de ani, \u0219i fiica acesteia de 19 ani, au reclamat,\u00a0 la data de 30.01.2026, c\u0103 ar fi fost agresate \u0219i lipsite de libertate de c\u0103tre un b\u0103rbat de 40 de ani din comuna Mitocu Dragomirnei, \u00een seara de 28\/29.01.2026.<\/p>\n<p><em><strong>\u201eDup\u0103 completarea materialului probator, desf\u0103\u0219urarea unor activit\u0103\u021bi investigative complexe \u0219i de cercetare penal\u0103, \u00een cursul acestei zile, la ora 16:00, b\u0103rbatul de 40 de ani a fost citat la sediul Poli\u021biei Ora\u0219ului Salcea, dup\u0103 efectuarea demersurilor procedurale legale fiind dispus\u0103 m\u0103sura re\u021binerii pentru 24 de ore sub aspectul s\u0103v\u00e2r\u0219irii infrac\u021biunilor de lovirea sau alte violen\u021be, violen\u021b\u0103 in familie \u0219i lipsire de libertate \u00een mod ilegal\u201d<\/strong><\/em>, a declarat comisarul \u0219ef Ionu\u021b Epureanu, purt\u0103torul de cuv\u00e2nt al Poli\u021biei Suceava.<\/p>\n<p>B\u0103rbatul a fost \u00eencarcerat \u00eentr-un Centru de Re\u021binere \u0219i Arestare Preventiv\u0103, urm\u00e2nd s\u0103 fie prezentat procurorului de caz pentru dispunerea unor m\u0103suri procesuale conforme.<\/p>\n<p>Cercet\u0103rile sunt continuate \u00een cadrul dosarului penal, urm\u00e2nd ca la finalizarea acestora s\u0103 se dispun\u0103 procedural prin unitatea de parchet competent\u0103.<\/p>\n<\/div>\n<p>[analyse_source url=&#8221;https:\/\/suceavanews.ro\/318664\/general\/stirea-zilei\/primarul-acuzat-ca-acuzat-ca-si-a-sechestrat-legat-si-agresat-iubita-si-pe-fiica-acesteia-a-fost-retinut-de-politisti\/&#8221;]<\/p>\n","protected":false},"excerpt":{"rendered":"<p>[analyse_image type=&#8221;featured&#8221; src=&#8221;&#8221;] Primarul comunei sucevene Mitocu Dragomirnei, Radu Reziuc, acuzat c\u0103 \u015fi-a agresat \u015fi sechestrat iubita \u015fi pe fiica acesteia,\u00a0 a fost re\u021binut de oamenii legii.\u00a0 Poli\u021bi\u0219tii din cadrul Poli\u021biei Ora\u0219ului Salcea, sub coordonarea unui procuror din cadrul Parchetului de pe l\u00e2ng\u0103 Judec\u0103toria Suceava, au continuat cercet\u0103rile \u00een cazul \u00een care fosta concubin\u0103 a [&hellip;]<\/p>\n","protected":false},"author":1,"featured_media":0,"comment_status":"open","ping_status":"","sticky":false,"template":"","format":"standard","meta":{"footnotes":""},"categories":[89],"tags":[226,174],"class_list":["post-1794781","post","type-post","status-publish","format-standard","hentry","category-romania","tag-crawlmanager","tag-suceavanews-ro"],"_links":{"self":[{"href":"https:\/\/analyse.optim.biz\/index.php?rest_route=\/wp\/v2\/posts\/1794781","targetHints":{"allow":["GET"]}}],"collection":[{"href":"https:\/\/analyse.optim.biz\/index.php?rest_route=\/wp\/v2\/posts"}],"about":[{"href":"https:\/\/analyse.optim.biz\/index.php?rest_route=\/wp\/v2\/types\/post"}],"author":[{"embeddable":true,"href":"https:\/\/analyse.optim.biz\/index.php?rest_route=\/wp\/v2\/users\/1"}],"replies":[{"embeddable":true,"href":"https:\/\/analyse.optim.biz\/index.php?rest_route=%2Fwp%2Fv2%2Fcomments&post=1794781"}],"version-history":[{"count":0,"href":"https:\/\/analyse.optim.biz\/index.php?rest_route=\/wp\/v2\/posts\/1794781\/revisions"}],"wp:attachment":[{"href":"https:\/\/analyse.optim.biz\/index.php?rest_route=%2Fwp%2Fv2%2Fmedia&parent=1794781"}],"wp:term":[{"taxonomy":"category","embeddable":true,"href":"https:\/\/analyse.optim.biz\/index.php?rest_route=%2Fwp%2Fv2%2Fcategories&post=1794781"},{"taxonomy":"post_tag","embeddable":true,"href":"https:\/\/analyse.optim.biz\/index.php?rest_route=%2Fwp%2Fv2%2Ftags&post=1794781"}],"curies":[{"name":"wp","href":"https:\/\/api.w.org\/{rel}","templated":true}]}}