{"id":1794488,"date":"2026-02-26T09:53:42","date_gmt":"2026-02-26T06:53:42","guid":{"rendered":"https:\/\/analyse.optim.biz\/?p=1794488"},"modified":"2026-02-26T09:53:42","modified_gmt":"2026-02-26T06:53:42","slug":"timisoara-gazduieste-cel-mai-amplu-eveniment-dedicat-exclusiv-cosmeticii-profesionale-din-romania","status":"publish","type":"post","link":"https:\/\/analyse.optim.biz\/?p=1794488","title":{"rendered":"Timi\u0219oara g\u0103zduie\u0219te cel mai amplu eveniment dedicat exclusiv cosmeticii profesionale din Rom\u00e2nia"},"content":{"rendered":"<p>[analyse_image type=&#8221;featured&#8221; src=&#8221;https:\/\/gazetadinvest.ro\/wp-content\/uploads\/2026\/02\/cosmetica.jpg&#8221;]<\/p>\n<div class=\"td-post-content tagdiv-type\">\n<div class=\"td-post-featured-image\"><a href=\"https:\/\/gazetadinvest.ro\/wp-content\/uploads\/2026\/02\/cosmetica.jpg\" data-caption><img loading=\"lazy\" decoding=\"async\" width=\"696\" height=\"452\" class=\"entry-thumb td-modal-image\" src=\"https:\/\/gazetadinvest.ro\/wp-content\/uploads\/2026\/02\/cosmetica-696x452.jpg\" alt title=\"cosmetica\"><\/a><\/div>\n<p><strong>\u00cen perioada 3-5 martie 2026, Timi\u0219oara devine capitala \u00eenfrumuse\u021b\u0103rii din Rom\u00e2nia, aici <\/strong><strong>organiz\u00e2ndu-se cel mai amplu eveniment dedicat exclusiv cosmeticii profesionale din \u021bar\u0103.<\/strong><\/p>\n<p>Conven\u021bia Interna\u021bional\u0103 de Cosmetologie, un reper major \u00een evolu\u021bia \u0219i consolidarea acestei ramuri a industriei \u00eenfrumuse\u021b\u0103rii. Evenimentul este organizat de ASCO \u2013 Asocia\u021bia Cosmetologilor din Rom\u00e2nia, \u00een parteneriat cu PADIR \u2013 Patronatul Antreprenorilor din Industria \u00eenfrumuse\u021b\u0103rii din Rom\u00e2nia, cu sprijinul SOLE.ro, reunind elitele cosmeticii rom\u00e2ne\u0219ti \u00eentr-un cadru dedicat excelen\u021bei, performan\u021bei \u0219i valid\u0103rii profesionale.<\/p>\n<p>Pentru c\u00e2teva zile, Timi\u0219oara devine epicentrul cosmeticii profesionale \u2013 locul \u00een care competen\u021ba, inova\u021bia \u0219i rigoarea profesional\u0103 se \u00eent\u00e2lnesc la cel mai \u00eenalt nivel. Agenda conven\u021biei impresioneaz\u0103 prin complexitate \u0219i anvergur\u0103: conferin\u021be sus\u021binute de reprezentan\u021bii autorit\u0103\u021bilor, de medici \u0219i de exper\u021bi cosmeticieni \u0219i cosmetologi consacra\u021bi, demonstra\u021bii live ale celor mai avansate tehnologii \u0219i protocoale de tratament, competi\u021bii profesionale jurizate la standarde \u00eenalte, expozi\u021bie cu branduri de referin\u021b\u0103 \u0219i o gal\u0103 dedicat\u0103 celebr\u0103rii performan\u021bei \u00een cosmetologie.<\/p>\n<p><em>\u201eConven\u021bia Interna\u021bional\u0103 de Cosmetologie este mai mult dec\u00e2t un eveniment profesional. Este o reafirmare a maturit\u0103\u021bii cosmeticii profesionale \u00een Rom\u00e2nia. Ne dorim s\u0103 consolid\u0103m standardele, s\u0103 \u00eencuraj\u0103m excelen\u021ba \u0219i s\u0103 oferim comunit\u0103\u021bii noastre un spa\u021biu autentic de afirmare la cel mai \u00eenalt nivel\u201d,<\/em> a declarat Monica Lupu, pre\u0219edintele Asocia\u021bia Cosmetologilor din Rom\u00e2nia.<\/p>\n<p>La r\u00e2ndul s\u0103u, Marinela Petri\u0219or Radanovi\u0107, pre\u0219edintele ASCO Scursala Timi\u0219, a subliniat importan\u021ba momentului pentru comunitatea local\u0103 \u0219i na\u021bional\u0103: \u201ePentru Timi\u0219oara, aceast\u0103 Conven\u021bie reprezint\u0103 un act de responsabilitate \u0219i m\u00e2ndrie profesional\u0103. Este dovada c\u0103 profesioni\u0219tii, brandurile \u0219i ramura cosmeticii \u00een sine, au for\u021ba de a se organiza, de a se valida \u0219i de a-\u0219i construi viitorul prin unitate \u0219i viziune.\u201d<\/p>\n<p>\u00centr-un context \u00een care profesionalizarea, educa\u021bia continu\u0103 \u0219i standardizarea devin imperative, Conven\u021bia Interna\u021bional\u0103 de Cosmetologie marcheaz\u0103 un pas decisiv \u00een consolidarea statutului cosmeticii profesionale \u00een Rom\u00e2nia.<\/p>\n<p>La acest eveniment se vor reuni cosmeticiene \u0219i cosmetologi at\u00e2t din \u021bar\u0103 c\u00e2t \u0219i din plan interna\u021bional, profesioni\u0219ti cu experien\u021b\u0103 saui afla\u021bi la \u00eenceput de drum, pentru a avea acces la informa\u021bii actualizate, tendin\u021be interna\u021bionale, produse \u0219i echipamente inovatoare \u0219i oportunit\u0103\u021bi excelente de networking.<\/p>\n<\/div>\n<div class=\"td-post-content tagdiv-type\">\n<div class=\"td-post-featured-image\"><a href=\"https:\/\/gazetadinvest.ro\/wp-content\/uploads\/2026\/02\/cosmetica.jpg\" data-caption><img loading=\"lazy\" decoding=\"async\" width=\"696\" height=\"452\" class=\"entry-thumb td-modal-image\" src=\"https:\/\/gazetadinvest.ro\/wp-content\/uploads\/2026\/02\/cosmetica-696x452.jpg\" alt title=\"cosmetica\"><\/a><\/div>\n<p><strong>\u00cen perioada 3-5 martie 2026, Timi\u0219oara devine capitala \u00eenfrumuse\u021b\u0103rii din Rom\u00e2nia, aici <\/strong><strong>organiz\u00e2ndu-se cel mai amplu eveniment dedicat exclusiv cosmeticii profesionale din \u021bar\u0103.<\/strong><\/p>\n<p>Conven\u021bia Interna\u021bional\u0103 de Cosmetologie, un reper major \u00een evolu\u021bia \u0219i consolidarea acestei ramuri a industriei \u00eenfrumuse\u021b\u0103rii. Evenimentul este organizat de ASCO \u2013 Asocia\u021bia Cosmetologilor din Rom\u00e2nia, \u00een parteneriat cu PADIR \u2013 Patronatul Antreprenorilor din Industria \u00eenfrumuse\u021b\u0103rii din Rom\u00e2nia, cu sprijinul SOLE.ro, reunind elitele cosmeticii rom\u00e2ne\u0219ti \u00eentr-un cadru dedicat excelen\u021bei, performan\u021bei \u0219i valid\u0103rii profesionale.<\/p>\n<p>Pentru c\u00e2teva zile, Timi\u0219oara devine epicentrul cosmeticii profesionale \u2013 locul \u00een care competen\u021ba, inova\u021bia \u0219i rigoarea profesional\u0103 se \u00eent\u00e2lnesc la cel mai \u00eenalt nivel. Agenda conven\u021biei impresioneaz\u0103 prin complexitate \u0219i anvergur\u0103: conferin\u021be sus\u021binute de reprezentan\u021bii autorit\u0103\u021bilor, de medici \u0219i de exper\u021bi cosmeticieni \u0219i cosmetologi consacra\u021bi, demonstra\u021bii live ale celor mai avansate tehnologii \u0219i protocoale de tratament, competi\u021bii profesionale jurizate la standarde \u00eenalte, expozi\u021bie cu branduri de referin\u021b\u0103 \u0219i o gal\u0103 dedicat\u0103 celebr\u0103rii performan\u021bei \u00een cosmetologie.<\/p>\n<p><em>\u201eConven\u021bia Interna\u021bional\u0103 de Cosmetologie este mai mult dec\u00e2t un eveniment profesional. Este o reafirmare a maturit\u0103\u021bii cosmeticii profesionale \u00een Rom\u00e2nia. Ne dorim s\u0103 consolid\u0103m standardele, s\u0103 \u00eencuraj\u0103m excelen\u021ba \u0219i s\u0103 oferim comunit\u0103\u021bii noastre un spa\u021biu autentic de afirmare la cel mai \u00eenalt nivel\u201d,<\/em> a declarat Monica Lupu, pre\u0219edintele Asocia\u021bia Cosmetologilor din Rom\u00e2nia.<\/p>\n<p>La r\u00e2ndul s\u0103u, Marinela Petri\u0219or Radanovi\u0107, pre\u0219edintele ASCO Scursala Timi\u0219, a subliniat importan\u021ba momentului pentru comunitatea local\u0103 \u0219i na\u021bional\u0103: \u201ePentru Timi\u0219oara, aceast\u0103 Conven\u021bie reprezint\u0103 un act de responsabilitate \u0219i m\u00e2ndrie profesional\u0103. Este dovada c\u0103 profesioni\u0219tii, brandurile \u0219i ramura cosmeticii \u00een sine, au for\u021ba de a se organiza, de a se valida \u0219i de a-\u0219i construi viitorul prin unitate \u0219i viziune.\u201d<\/p>\n<p>\u00centr-un context \u00een care profesionalizarea, educa\u021bia continu\u0103 \u0219i standardizarea devin imperative, Conven\u021bia Interna\u021bional\u0103 de Cosmetologie marcheaz\u0103 un pas decisiv \u00een consolidarea statutului cosmeticii profesionale \u00een Rom\u00e2nia.<\/p>\n<p>La acest eveniment se vor reuni cosmeticiene \u0219i cosmetologi at\u00e2t din \u021bar\u0103 c\u00e2t \u0219i din plan interna\u021bional, profesioni\u0219ti cu experien\u021b\u0103 saui afla\u021bi la \u00eenceput de drum, pentru a avea acces la informa\u021bii actualizate, tendin\u021be interna\u021bionale, produse \u0219i echipamente inovatoare \u0219i oportunit\u0103\u021bi excelente de networking.<\/p>\n<\/div>\n<p>[analyse_source url=&#8221;https:\/\/gazetadinvest.ro\/timisoara-gazduieste-cel-mai-amplu-eveniment-dedicat-exclusiv-cosmeticii-profesionale-din-romania\/&#8221;]<\/p>\n","protected":false},"excerpt":{"rendered":"<p>[analyse_image type=&#8221;featured&#8221; src=&#8221;https:\/\/gazetadinvest.ro\/wp-content\/uploads\/2026\/02\/cosmetica.jpg&#8221;] \u00cen perioada 3-5 martie 2026, Timi\u0219oara devine capitala \u00eenfrumuse\u021b\u0103rii din Rom\u00e2nia, aici organiz\u00e2ndu-se cel mai amplu eveniment dedicat exclusiv cosmeticii profesionale din \u021bar\u0103. Conven\u021bia Interna\u021bional\u0103 de Cosmetologie, un reper major \u00een evolu\u021bia \u0219i consolidarea acestei ramuri a industriei \u00eenfrumuse\u021b\u0103rii. Evenimentul este organizat de ASCO \u2013 Asocia\u021bia Cosmetologilor din Rom\u00e2nia, \u00een parteneriat cu [&hellip;]<\/p>\n","protected":false},"author":1,"featured_media":0,"comment_status":"open","ping_status":"","sticky":false,"template":"","format":"standard","meta":{"footnotes":""},"categories":[89],"tags":[226,203],"class_list":["post-1794488","post","type-post","status-publish","format-standard","hentry","category-romania","tag-crawlmanager","tag-gazetadinvest-ro"],"_links":{"self":[{"href":"https:\/\/analyse.optim.biz\/index.php?rest_route=\/wp\/v2\/posts\/1794488","targetHints":{"allow":["GET"]}}],"collection":[{"href":"https:\/\/analyse.optim.biz\/index.php?rest_route=\/wp\/v2\/posts"}],"about":[{"href":"https:\/\/analyse.optim.biz\/index.php?rest_route=\/wp\/v2\/types\/post"}],"author":[{"embeddable":true,"href":"https:\/\/analyse.optim.biz\/index.php?rest_route=\/wp\/v2\/users\/1"}],"replies":[{"embeddable":true,"href":"https:\/\/analyse.optim.biz\/index.php?rest_route=%2Fwp%2Fv2%2Fcomments&post=1794488"}],"version-history":[{"count":0,"href":"https:\/\/analyse.optim.biz\/index.php?rest_route=\/wp\/v2\/posts\/1794488\/revisions"}],"wp:attachment":[{"href":"https:\/\/analyse.optim.biz\/index.php?rest_route=%2Fwp%2Fv2%2Fmedia&parent=1794488"}],"wp:term":[{"taxonomy":"category","embeddable":true,"href":"https:\/\/analyse.optim.biz\/index.php?rest_route=%2Fwp%2Fv2%2Fcategories&post=1794488"},{"taxonomy":"post_tag","embeddable":true,"href":"https:\/\/analyse.optim.biz\/index.php?rest_route=%2Fwp%2Fv2%2Ftags&post=1794488"}],"curies":[{"name":"wp","href":"https:\/\/api.w.org\/{rel}","templated":true}]}}