{"id":1794487,"date":"2026-02-26T08:40:47","date_gmt":"2026-02-26T05:40:47","guid":{"rendered":"https:\/\/analyse.optim.biz\/?p=1794487"},"modified":"2026-02-26T08:40:47","modified_gmt":"2026-02-26T05:40:47","slug":"primaria-incepe-inscrierea-pentru-comerciantii-produselor-de-8-martie","status":"publish","type":"post","link":"https:\/\/analyse.optim.biz\/?p=1794487","title":{"rendered":"Prim\u0103ria \u00eencepe \u00eenscrierea pentru comercian\u021bii produselor de 8 Martie"},"content":{"rendered":"<p>[analyse_image type=&#8221;featured&#8221; src=&#8221;https:\/\/gazetadinvest.ro\/wp-content\/uploads\/2026\/02\/8-martie.jpg&#8221;]<\/p>\n<div class=\"td-post-content tagdiv-type\">\n<div class=\"td-post-featured-image\"><a href=\"https:\/\/gazetadinvest.ro\/wp-content\/uploads\/2026\/02\/8-martie.jpg\" data-caption><img loading=\"lazy\" decoding=\"async\" width=\"696\" height=\"348\" class=\"entry-thumb td-modal-image\" src=\"https:\/\/gazetadinvest.ro\/wp-content\/uploads\/2026\/02\/8-martie-696x348.jpg\" alt title=\"8 martie\"><\/a><\/div>\n<p><strong>Ca \u00een fiecare an, \u00een apropierea zilei de 8 martie, Prim\u0103ria Municipiului Timi\u0219oara preia cereri pentru activit\u0103\u0163i de comer\u021b stradal, respectiv comer\u021b cu flori de sezon \u0219i aranjamente florale. \u00cenregistrarea cererilor este programat\u0103 \u00een perioada 25.02.2026-27.02.2026 \u00een sistem online \u0219i fizic la registratur\u0103, camera 12.<\/strong><\/p>\n<p>Cererea tip este disponibil\u0103 pe <a href=\"https:\/\/www.primariatm.ro\/\">https:\/\/www.primariatm.ro\/<\/a>, la sec\u0163iunea Servicii Comer\u021b, Afaceri \u2013 Aviz 8 Martie.<\/p>\n<p>Pentru ob\u021binerea avizului necesar atribuirii unui amplasament de 2 mp, solicitan\u021bii trebuie s\u0103 depun\u0103 urm\u0103toarele documente:<\/p>\n<p>Persoane juridice: copie a Certificatului Unic de \u00cenregistrare; certificat constatator emis de ORC din care s\u0103 reias\u0103 activitatea autorizat\u0103 aferent\u0103 codului CAEN 0119 \u2013 \u201eCultivarea altor plante din culturi nepermanente\u201d; certificat constatator emis de ORC care s\u0103 ateste autorizarea activit\u0103\u021bilor de comercializare a florilor.<\/p>\n<p>Persoane fizice: copie a atestatului de produc\u0103tor \u0219i a carnetului de comercializare, valabile la data depunerii; copie a actului de identitate.<\/p>\n<p>Florile \u0219i aranjamentele florale vor putea fi comercializate \u00een perioada 05.03.2026 \u2013 08.03.2026, \u00een urm\u0103toarele loca\u0163ii:<\/p>\n<p>Pia\u0163a Libert\u0103\u0163ii<br \/>\nStr. M\u0103r\u0103\u015fe\u015fti (de la str. Brediceanu spre Str. Gheorghe Dima)<br \/>\nCeas Floral \u2013 B-dul Proclama\u021bia de la Timi\u0219oara \u2013 platou<br \/>\nPia\u0163a A. Mocioni \u2013 platou Profi<br \/>\nB-dul. Regele Carol I (de la str. Gen. I. Dragalina p\u00e2n\u0103 la I. V\u0103c\u0103rescu, partea dreapt\u0103)<br \/>\nPia\u0163a Nicolae B\u0103lcescu ( platou Profi-cofet\u0103ria Verona)<br \/>\nB-dul. D\u00e2mbovi\u0163a \u2013 platou (vis-\u00e0-vis de restaurant Nora)<br \/>\nCalea \u0218agului col\u0163 cu Str. Ana Ip\u0103tescu<br \/>\nPlatou \u015ecoala General\u0103 Nr. 30<br \/>\nCalea Buzia\u015fului \u2013 platou Profi<br \/>\nStr. S. B\u0103rnu\u0163iu \u2013 Calea Doroban\u0163ilor (zona Modern)<br \/>\nStr. Sf. Ap. Petru \u015fi Pavel col\u021b cu Str. Sever Bocu<br \/>\nCalea Torontalului \u2013 platou<br \/>\nStr. Circumvala\u0163iunii col\u0163 cu Ghe. Laz\u0103r (platou Lensa)<br \/>\nStr. Gheorghe Laz\u0103r col\u0163 cu B-dul Cet\u0103\u0163ii \u2013 platou Profi<br \/>\nCalea Martirilor nr.60 (platou Prospero)<\/p>\n<p>Taxa de autorizare, \u00een valoare de 97 de lei, \u0219i taxa de ocupare a domeniului public \u2013 2,11 lei\/mp\/zi, respectiv 3,16 lei\/mp\/zi pentru Pia\u021ba Libert\u0103\u021bii, Str. M\u0103r\u0103\u0219e\u0219ti \u0219i Ceas Floral \u2013 vor fi achitate anticipat, pentru \u00eentreaga perioad\u0103 de autorizare aprobat\u0103, la momentul \u00eenregistr\u0103rii cererii online, f\u0103r\u0103 posibilitatea restituirii acestora. Persoanele fizice care de\u021bin certificat de produc\u0103tor valabil vor achita doar taxa de ocupare a domeniului public, f\u0103r\u0103 s\u0103 aib\u0103 nevoie de aviz.<\/p>\n<\/div>\n<div class=\"td-post-content tagdiv-type\">\n<div class=\"td-post-featured-image\"><a href=\"https:\/\/gazetadinvest.ro\/wp-content\/uploads\/2026\/02\/8-martie.jpg\" data-caption><img loading=\"lazy\" decoding=\"async\" width=\"696\" height=\"348\" class=\"entry-thumb td-modal-image\" src=\"https:\/\/gazetadinvest.ro\/wp-content\/uploads\/2026\/02\/8-martie-696x348.jpg\" alt title=\"8 martie\"><\/a><\/div>\n<p><strong>Ca \u00een fiecare an, \u00een apropierea zilei de 8 martie, Prim\u0103ria Municipiului Timi\u0219oara preia cereri pentru activit\u0103\u0163i de comer\u021b stradal, respectiv comer\u021b cu flori de sezon \u0219i aranjamente florale. \u00cenregistrarea cererilor este programat\u0103 \u00een perioada 25.02.2026-27.02.2026 \u00een sistem online \u0219i fizic la registratur\u0103, camera 12.<\/strong><\/p>\n<p>Cererea tip este disponibil\u0103 pe <a href=\"https:\/\/www.primariatm.ro\/\">https:\/\/www.primariatm.ro\/<\/a>, la sec\u0163iunea Servicii Comer\u021b, Afaceri \u2013 Aviz 8 Martie.<\/p>\n<p>Pentru ob\u021binerea avizului necesar atribuirii unui amplasament de 2 mp, solicitan\u021bii trebuie s\u0103 depun\u0103 urm\u0103toarele documente:<\/p>\n<p>Persoane juridice: copie a Certificatului Unic de \u00cenregistrare; certificat constatator emis de ORC din care s\u0103 reias\u0103 activitatea autorizat\u0103 aferent\u0103 codului CAEN 0119 \u2013 \u201eCultivarea altor plante din culturi nepermanente\u201d; certificat constatator emis de ORC care s\u0103 ateste autorizarea activit\u0103\u021bilor de comercializare a florilor.<\/p>\n<p>Persoane fizice: copie a atestatului de produc\u0103tor \u0219i a carnetului de comercializare, valabile la data depunerii; copie a actului de identitate.<\/p>\n<p>Florile \u0219i aranjamentele florale vor putea fi comercializate \u00een perioada 05.03.2026 \u2013 08.03.2026, \u00een urm\u0103toarele loca\u0163ii:<\/p>\n<p>Pia\u0163a Libert\u0103\u0163ii<br \/>\nStr. M\u0103r\u0103\u015fe\u015fti (de la str. Brediceanu spre Str. Gheorghe Dima)<br \/>\nCeas Floral \u2013 B-dul Proclama\u021bia de la Timi\u0219oara \u2013 platou<br \/>\nPia\u0163a A. Mocioni \u2013 platou Profi<br \/>\nB-dul. Regele Carol I (de la str. Gen. I. Dragalina p\u00e2n\u0103 la I. V\u0103c\u0103rescu, partea dreapt\u0103)<br \/>\nPia\u0163a Nicolae B\u0103lcescu ( platou Profi-cofet\u0103ria Verona)<br \/>\nB-dul. D\u00e2mbovi\u0163a \u2013 platou (vis-\u00e0-vis de restaurant Nora)<br \/>\nCalea \u0218agului col\u0163 cu Str. Ana Ip\u0103tescu<br \/>\nPlatou \u015ecoala General\u0103 Nr. 30<br \/>\nCalea Buzia\u015fului \u2013 platou Profi<br \/>\nStr. S. B\u0103rnu\u0163iu \u2013 Calea Doroban\u0163ilor (zona Modern)<br \/>\nStr. Sf. Ap. Petru \u015fi Pavel col\u021b cu Str. Sever Bocu<br \/>\nCalea Torontalului \u2013 platou<br \/>\nStr. Circumvala\u0163iunii col\u0163 cu Ghe. Laz\u0103r (platou Lensa)<br \/>\nStr. Gheorghe Laz\u0103r col\u0163 cu B-dul Cet\u0103\u0163ii \u2013 platou Profi<br \/>\nCalea Martirilor nr.60 (platou Prospero)<\/p>\n<p>Taxa de autorizare, \u00een valoare de 97 de lei, \u0219i taxa de ocupare a domeniului public \u2013 2,11 lei\/mp\/zi, respectiv 3,16 lei\/mp\/zi pentru Pia\u021ba Libert\u0103\u021bii, Str. M\u0103r\u0103\u0219e\u0219ti \u0219i Ceas Floral \u2013 vor fi achitate anticipat, pentru \u00eentreaga perioad\u0103 de autorizare aprobat\u0103, la momentul \u00eenregistr\u0103rii cererii online, f\u0103r\u0103 posibilitatea restituirii acestora. Persoanele fizice care de\u021bin certificat de produc\u0103tor valabil vor achita doar taxa de ocupare a domeniului public, f\u0103r\u0103 s\u0103 aib\u0103 nevoie de aviz.<\/p>\n<\/div>\n<p>[analyse_source url=&#8221;https:\/\/gazetadinvest.ro\/primaria-incepe-inscrierea-pentru-comerciantii-produselor-de-8-martie\/&#8221;]<\/p>\n","protected":false},"excerpt":{"rendered":"<p>[analyse_image type=&#8221;featured&#8221; src=&#8221;https:\/\/gazetadinvest.ro\/wp-content\/uploads\/2026\/02\/8-martie.jpg&#8221;] Ca \u00een fiecare an, \u00een apropierea zilei de 8 martie, Prim\u0103ria Municipiului Timi\u0219oara preia cereri pentru activit\u0103\u0163i de comer\u021b stradal, respectiv comer\u021b cu flori de sezon \u0219i aranjamente florale. \u00cenregistrarea cererilor este programat\u0103 \u00een perioada 25.02.2026-27.02.2026 \u00een sistem online \u0219i fizic la registratur\u0103, camera 12. Cererea tip este disponibil\u0103 pe https:\/\/www.primariatm.ro\/, la [&hellip;]<\/p>\n","protected":false},"author":1,"featured_media":0,"comment_status":"open","ping_status":"","sticky":false,"template":"","format":"standard","meta":{"footnotes":""},"categories":[89],"tags":[226,203],"class_list":["post-1794487","post","type-post","status-publish","format-standard","hentry","category-romania","tag-crawlmanager","tag-gazetadinvest-ro"],"_links":{"self":[{"href":"https:\/\/analyse.optim.biz\/index.php?rest_route=\/wp\/v2\/posts\/1794487","targetHints":{"allow":["GET"]}}],"collection":[{"href":"https:\/\/analyse.optim.biz\/index.php?rest_route=\/wp\/v2\/posts"}],"about":[{"href":"https:\/\/analyse.optim.biz\/index.php?rest_route=\/wp\/v2\/types\/post"}],"author":[{"embeddable":true,"href":"https:\/\/analyse.optim.biz\/index.php?rest_route=\/wp\/v2\/users\/1"}],"replies":[{"embeddable":true,"href":"https:\/\/analyse.optim.biz\/index.php?rest_route=%2Fwp%2Fv2%2Fcomments&post=1794487"}],"version-history":[{"count":0,"href":"https:\/\/analyse.optim.biz\/index.php?rest_route=\/wp\/v2\/posts\/1794487\/revisions"}],"wp:attachment":[{"href":"https:\/\/analyse.optim.biz\/index.php?rest_route=%2Fwp%2Fv2%2Fmedia&parent=1794487"}],"wp:term":[{"taxonomy":"category","embeddable":true,"href":"https:\/\/analyse.optim.biz\/index.php?rest_route=%2Fwp%2Fv2%2Fcategories&post=1794487"},{"taxonomy":"post_tag","embeddable":true,"href":"https:\/\/analyse.optim.biz\/index.php?rest_route=%2Fwp%2Fv2%2Ftags&post=1794487"}],"curies":[{"name":"wp","href":"https:\/\/api.w.org\/{rel}","templated":true}]}}