{"id":1794483,"date":"2026-02-24T08:46:41","date_gmt":"2026-02-24T05:46:41","guid":{"rendered":"https:\/\/analyse.optim.biz\/?p=1794483"},"modified":"2026-02-24T08:46:41","modified_gmt":"2026-02-24T05:46:41","slug":"o-noua-editie-inscrierile-pentru-uvt-liberty-marathon-2026-sunt-deschise","status":"publish","type":"post","link":"https:\/\/analyse.optim.biz\/?p=1794483","title":{"rendered":"O nou\u0103 edi\u021bie! \u00censcrierile pentru UVT Liberty Marathon 2026 sunt deschise"},"content":{"rendered":"<p>[analyse_image type=&#8221;featured&#8221; src=&#8221;https:\/\/gazetadinvest.ro\/wp-content\/uploads\/2026\/02\/maraton.jpg&#8221;]<\/p>\n<div class=\"td-post-content tagdiv-type\">\n<div class=\"td-post-featured-image\"><a href=\"https:\/\/gazetadinvest.ro\/wp-content\/uploads\/2026\/02\/maraton.jpg\" data-caption><img loading=\"lazy\" decoding=\"async\" width=\"696\" height=\"463\" class=\"entry-thumb td-modal-image\" src=\"https:\/\/gazetadinvest.ro\/wp-content\/uploads\/2026\/02\/maraton-696x463.jpg\" alt title=\"maraton\"><\/a><\/div>\n<p><strong>Universitatea de Vest din Timi\u0219oara (UVT) anun\u021b\u0103 deschiderea oficial\u0103 a \u00eenscrierilor pentru UVT Liberty Marathon 2026, competi\u021bia interna\u021bional\u0103 de alergare pe \u0219osea care va avea loc \u00een 3\u20134 octombrie 2026, la Timi\u0219oara.<\/strong><\/p>\n<p>Ajuns la cea de-a noua edi\u021bie, UVT Liberty Marathon a devenit un reper al alerg\u0103rii urbane din vestul Rom\u00e2niei, reunind anual mii de participan\u021bi din \u021bar\u0103 \u0219i din str\u0103in\u0103tate. Evenimentul \u00eembin\u0103 competi\u021bia sportiv\u0103 cu spiritul de comunitate \u0219i cu promovarea unui stil de via\u021b\u0103 activ \u0219i echilibrat.<\/p>\n<p>Rectorul UVT, Marilen Gabriel Pirtea:<em> \u201eFiecare edi\u021bie \u00eencepe cu o decizie simpl\u0103: aceea de a porni la drum. Deschiderea \u00eenscrierilor \u00eenseamn\u0103 mai mult dec\u00e2t un moment administrativ, este invita\u021bia de a construi, pas cu pas, o nou\u0103 poveste de comunitate. UVT Liberty Marathon este despre oameni care aleg s\u0103 \u00eenceap\u0103, chiar dac\u0103 nu se simt \u00eenc\u0103 preg\u0103ti\u021bi, pentru c\u0103 totul are un \u00eenceput \u0219i este parte din poveste. V\u0103 a\u0219tept\u0103m s\u0103 v\u0103 \u00eenscrie\u021bi la evenimentul toamnei 2026, pe site-ul competi\u021biei https:\/\/libertymarathon.uvt.ro\/ .\u201d<\/em><\/p>\n<p>Edi\u021bia 2026 va include probe pentru toate nivelurile de preg\u0103tire, Cros 2 km, Cros 10,5 km, Semimaraton, Maraton \u0219i \u0218tafete.<\/p>\n<p>\u00cen primele s\u0103pt\u0103m\u00e2ni de la lansare, participan\u021bii beneficiaz\u0103 de promo\u021bia Super Early Bird, cu cele mai avantajoase taxe de \u00eenscriere din an, \u00eencep\u00e2nd de la 80 de lei.<\/p>\n<p>Edi\u021bia precedent\u0103 a adus la start peste 4.400 de alerg\u0103tori \u0219i sute de voluntari, transform\u00e2nd Timi\u0219oara, pentru un weekend, \u00eentr-un ora\u0219 care respir\u0103 \u00een ritm de alergare.<\/p>\n<p class=\"yiv3446077341default\">\u00censcrierile pentru UVT Liberty Marathon 2026 sunt deschise pe <strong><a href=\"https:\/\/r.newsletterdci.e-uvt.ro\/mk\/cl\/f\/sh\/7nVU1aA2nfwFS292PwADP8q8nz0f4v0\/qZA8Ic4ZPz_1\" target=\"_blank\" rel=\"nofollow noopener noreferrer\">libertymarathon.uvt.ro<\/a><\/strong>, iar informa\u021bii actualizate pot fi consultate pe paginile oficiale de <a href=\"https:\/\/r.newsletterdci.e-uvt.ro\/mk\/cl\/f\/sh\/7nVU1aA2nfy8RYeLOVOfRV9wyLVRorW\/pNDQXEVMmoo1\" target=\"_blank\" rel=\"nofollow noopener noreferrer\">Facebook<\/a> \u0219i <a href=\"https:\/\/r.newsletterdci.e-uvt.ro\/mk\/cl\/f\/sh\/7nVU1aA2ng01R59eN4d7TrTl8i0EYo2\/IknHKj-zS-oA\" target=\"_blank\" rel=\"nofollow noopener noreferrer\">Instagram<\/a> ale evenimentului.<\/p>\n<p class=\"yiv3446077341default\">UVT Liberty Marathon continu\u0103 s\u0103 promoveze valorile perseveren\u021bei, disciplinei \u0219i curajului de a \u00eencepe.<\/p>\n<\/div>\n<div class=\"td-post-content tagdiv-type\">\n<div class=\"td-post-featured-image\"><a href=\"https:\/\/gazetadinvest.ro\/wp-content\/uploads\/2026\/02\/maraton.jpg\" data-caption><img loading=\"lazy\" decoding=\"async\" width=\"696\" height=\"463\" class=\"entry-thumb td-modal-image\" src=\"https:\/\/gazetadinvest.ro\/wp-content\/uploads\/2026\/02\/maraton-696x463.jpg\" alt title=\"maraton\"><\/a><\/div>\n<p><strong>Universitatea de Vest din Timi\u0219oara (UVT) anun\u021b\u0103 deschiderea oficial\u0103 a \u00eenscrierilor pentru UVT Liberty Marathon 2026, competi\u021bia interna\u021bional\u0103 de alergare pe \u0219osea care va avea loc \u00een 3\u20134 octombrie 2026, la Timi\u0219oara.<\/strong><\/p>\n<p>Ajuns la cea de-a noua edi\u021bie, UVT Liberty Marathon a devenit un reper al alerg\u0103rii urbane din vestul Rom\u00e2niei, reunind anual mii de participan\u021bi din \u021bar\u0103 \u0219i din str\u0103in\u0103tate. Evenimentul \u00eembin\u0103 competi\u021bia sportiv\u0103 cu spiritul de comunitate \u0219i cu promovarea unui stil de via\u021b\u0103 activ \u0219i echilibrat.<\/p>\n<p>Rectorul UVT, Marilen Gabriel Pirtea:<em> \u201eFiecare edi\u021bie \u00eencepe cu o decizie simpl\u0103: aceea de a porni la drum. Deschiderea \u00eenscrierilor \u00eenseamn\u0103 mai mult dec\u00e2t un moment administrativ, este invita\u021bia de a construi, pas cu pas, o nou\u0103 poveste de comunitate. UVT Liberty Marathon este despre oameni care aleg s\u0103 \u00eenceap\u0103, chiar dac\u0103 nu se simt \u00eenc\u0103 preg\u0103ti\u021bi, pentru c\u0103 totul are un \u00eenceput \u0219i este parte din poveste. V\u0103 a\u0219tept\u0103m s\u0103 v\u0103 \u00eenscrie\u021bi la evenimentul toamnei 2026, pe site-ul competi\u021biei https:\/\/libertymarathon.uvt.ro\/ .\u201d<\/em><\/p>\n<p>Edi\u021bia 2026 va include probe pentru toate nivelurile de preg\u0103tire, Cros 2 km, Cros 10,5 km, Semimaraton, Maraton \u0219i \u0218tafete.<\/p>\n<p>\u00cen primele s\u0103pt\u0103m\u00e2ni de la lansare, participan\u021bii beneficiaz\u0103 de promo\u021bia Super Early Bird, cu cele mai avantajoase taxe de \u00eenscriere din an, \u00eencep\u00e2nd de la 80 de lei.<\/p>\n<p>Edi\u021bia precedent\u0103 a adus la start peste 4.400 de alerg\u0103tori \u0219i sute de voluntari, transform\u00e2nd Timi\u0219oara, pentru un weekend, \u00eentr-un ora\u0219 care respir\u0103 \u00een ritm de alergare.<\/p>\n<p class=\"yiv3446077341default\">\u00censcrierile pentru UVT Liberty Marathon 2026 sunt deschise pe <strong><a href=\"https:\/\/r.newsletterdci.e-uvt.ro\/mk\/cl\/f\/sh\/7nVU1aA2nfwFS292PwADP8q8nz0f4v0\/qZA8Ic4ZPz_1\" target=\"_blank\" rel=\"nofollow noopener noreferrer\">libertymarathon.uvt.ro<\/a><\/strong>, iar informa\u021bii actualizate pot fi consultate pe paginile oficiale de <a href=\"https:\/\/r.newsletterdci.e-uvt.ro\/mk\/cl\/f\/sh\/7nVU1aA2nfy8RYeLOVOfRV9wyLVRorW\/pNDQXEVMmoo1\" target=\"_blank\" rel=\"nofollow noopener noreferrer\">Facebook<\/a> \u0219i <a href=\"https:\/\/r.newsletterdci.e-uvt.ro\/mk\/cl\/f\/sh\/7nVU1aA2ng01R59eN4d7TrTl8i0EYo2\/IknHKj-zS-oA\" target=\"_blank\" rel=\"nofollow noopener noreferrer\">Instagram<\/a> ale evenimentului.<\/p>\n<p class=\"yiv3446077341default\">UVT Liberty Marathon continu\u0103 s\u0103 promoveze valorile perseveren\u021bei, disciplinei \u0219i curajului de a \u00eencepe.<\/p>\n<\/div>\n<p>[analyse_source url=&#8221;https:\/\/gazetadinvest.ro\/o-noua-editie-inscrierile-pentru-uvt-liberty-marathon-2026-sunt-deschise\/&#8221;]<\/p>\n","protected":false},"excerpt":{"rendered":"<p>[analyse_image type=&#8221;featured&#8221; src=&#8221;https:\/\/gazetadinvest.ro\/wp-content\/uploads\/2026\/02\/maraton.jpg&#8221;] Universitatea de Vest din Timi\u0219oara (UVT) anun\u021b\u0103 deschiderea oficial\u0103 a \u00eenscrierilor pentru UVT Liberty Marathon 2026, competi\u021bia interna\u021bional\u0103 de alergare pe \u0219osea care va avea loc \u00een 3\u20134 octombrie 2026, la Timi\u0219oara. Ajuns la cea de-a noua edi\u021bie, UVT Liberty Marathon a devenit un reper al alerg\u0103rii urbane din vestul Rom\u00e2niei, reunind [&hellip;]<\/p>\n","protected":false},"author":1,"featured_media":0,"comment_status":"open","ping_status":"","sticky":false,"template":"","format":"standard","meta":{"footnotes":""},"categories":[89],"tags":[226,203],"class_list":["post-1794483","post","type-post","status-publish","format-standard","hentry","category-romania","tag-crawlmanager","tag-gazetadinvest-ro"],"_links":{"self":[{"href":"https:\/\/analyse.optim.biz\/index.php?rest_route=\/wp\/v2\/posts\/1794483","targetHints":{"allow":["GET"]}}],"collection":[{"href":"https:\/\/analyse.optim.biz\/index.php?rest_route=\/wp\/v2\/posts"}],"about":[{"href":"https:\/\/analyse.optim.biz\/index.php?rest_route=\/wp\/v2\/types\/post"}],"author":[{"embeddable":true,"href":"https:\/\/analyse.optim.biz\/index.php?rest_route=\/wp\/v2\/users\/1"}],"replies":[{"embeddable":true,"href":"https:\/\/analyse.optim.biz\/index.php?rest_route=%2Fwp%2Fv2%2Fcomments&post=1794483"}],"version-history":[{"count":0,"href":"https:\/\/analyse.optim.biz\/index.php?rest_route=\/wp\/v2\/posts\/1794483\/revisions"}],"wp:attachment":[{"href":"https:\/\/analyse.optim.biz\/index.php?rest_route=%2Fwp%2Fv2%2Fmedia&parent=1794483"}],"wp:term":[{"taxonomy":"category","embeddable":true,"href":"https:\/\/analyse.optim.biz\/index.php?rest_route=%2Fwp%2Fv2%2Fcategories&post=1794483"},{"taxonomy":"post_tag","embeddable":true,"href":"https:\/\/analyse.optim.biz\/index.php?rest_route=%2Fwp%2Fv2%2Ftags&post=1794483"}],"curies":[{"name":"wp","href":"https:\/\/api.w.org\/{rel}","templated":true}]}}