{"id":1794482,"date":"2026-02-25T07:07:43","date_gmt":"2026-02-25T04:07:43","guid":{"rendered":"https:\/\/analyse.optim.biz\/?p=1794482"},"modified":"2026-02-25T07:07:43","modified_gmt":"2026-02-25T04:07:43","slug":"florica-chirita-reconfirmata-in-fruntea-cciat-primul-presedinte-femeie-din-sistemul-cameral-romanesc-isi-continua-misiunea","status":"publish","type":"post","link":"https:\/\/analyse.optim.biz\/?p=1794482","title":{"rendered":"Florica Chiri\u021b\u0103, reconfirmat\u0103 \u00een fruntea CCIAT \u2013 primul pre\u0219edinte femeie din sistemul cameral rom\u00e2nesc \u00ee\u0219i continu\u0103 misiunea"},"content":{"rendered":"<p>[analyse_image type=&#8221;featured&#8221; src=&#8221;https:\/\/gazetadinvest.ro\/wp-content\/uploads\/2026\/02\/chirita.jpg&#8221;]<\/p>\n<div class=\"td-post-content tagdiv-type\">\n<div class=\"td-post-featured-image\"><a href=\"https:\/\/gazetadinvest.ro\/wp-content\/uploads\/2026\/02\/chirita.jpg\" data-caption><img loading=\"lazy\" decoding=\"async\" width=\"696\" height=\"418\" class=\"entry-thumb td-modal-image\" src=\"https:\/\/gazetadinvest.ro\/wp-content\/uploads\/2026\/02\/chirita-696x418.jpg\" alt title=\"chirita\"><\/a><\/div>\n<p><strong>\u00centrunit\u0103 pe 24 februarie 2026, Adunarea General\u0103 a Membrilor CCIA Timi\u0219, statutar convocat\u0103 \u015fi constituit\u0103, a reales cu unanimitate de voturi \u00een func\u021bia de Pre\u0219edinte pentru mandatul 2026-2031 pe dna Florica Chiri\u021b\u0103.<\/strong><\/p>\n<p>La lucr\u0103rile Adun\u0103rii Generale au fost prezen\u021bi 63 de membri, to\u021bi prezen\u021bi prin mandat, din care 61 cu drept de vot.<\/p>\n<p>\u00cen debutul interven\u021biei sale, pre\u0219edintele reales a prezentat motivele care au stat la baza noii candidaturi, subliniind dorin\u021ba ferm\u0103 de a consolida un management cameral colaborativ \u0219i stimulativ, fundamentat pe o experien\u021b\u0103 de peste 35 de ani \u00een cadrul organiza\u021biei. Domnia sa a eviden\u021biat necesitatea continu\u0103rii parcursului \u00eenceput \u00een urm\u0103 cu patru ani \u2013 un drum deloc simplu, marcat de provoc\u0103ri \u0219i efort sus\u021binut, dar \u0219i de satisfac\u021bii importante la nivel organiza\u021bional, \u00eemp\u0103rt\u0103\u0219ite cu \u00eentreaga comunitate cameral\u0103.<\/p>\n<p>Totodat\u0103, a ar\u0103tat c\u0103 evolu\u021bia ascendent\u0103 a Camerei \u00een ultimii ani a fost posibil\u0103 prin adaptarea permanent\u0103 la dinamica f\u0103r\u0103 precedent a mediului economic \u0219i printr-o abordare strategic\u0103 bazat\u0103 pe continuitate \u0219i viziune pe termen lung. Strategia pentru noul mandat vizeaz\u0103 mai multe direc\u021bii de ac\u021biune, reunite sub un obiectiv comun: nu de a fi cea mai mare camer\u0103 de comer\u021b din Rom\u00e2nia, ci cea mai performant\u0103.<\/p>\n<p>\u00cen continuarea alocu\u021biunii, pre\u0219edintele \u00een exerci\u021biu a realizat o succint\u0103 retrospectiv\u0103 a principalelor ini\u021biative \u0219i proiecte derulate \u00een mandatul 2022-2026, care au contribuit semnificativ la consolidarea \u0219i vizibilitatea institu\u021biei.<\/p>\n<p>Printre acestea se num\u0103r\u0103 organizarea de \u00eent\u00e2lniri \u0219i vizite oficiale, conferin\u021be na\u021bionale \u0219i interna\u021bionale, forumuri de afaceri \u0219i misiuni economice, seminarii de informare \u0219i instruire pentru companii privind reglement\u0103rile legislative, implicarea activ\u0103 \u00een sus\u021binerea domeniului medical, dezvoltarea unor servicii personalizate dedicate mediului de afaceri, precum \u0219i organizarea Galei Excelen\u021bei \u00een Afaceri. De asemenea, a fost eviden\u021biat\u0103 recunoa\u0219terea acordat\u0103 de Ministerul Afacerilor Externe pentru contribu\u021bia sus\u021binut\u0103 la promovarea interna\u021bional\u0103 a mediului de afaceri rom\u00e2nesc \u0219i timi\u0219ean. Prezentarea intitulat\u0103 \u201cSub semnul performan\u021bei institu\u021bionale: bilan\u021bul unei conduceri de succes\u201d a fost \u00eenso\u021bit\u0103 de imagini reprezentative din activitatea CCIAT.<\/p>\n<p>\u00cen cadrul \u0219edin\u021bei au fost aprobate Raportul Colegiului de Conducere privind activitatea organiza\u021biei \u00een mandatul 2022\u20132026, raportul comisiei de cenzori \u0219i raportul de audit financiar. De asemenea, cu unanimitate de voturi, a fost aprobat\u0103 modificarea \u0219i completarea Statutului Camerei, \u00een conformitate cu prevederile Legii nr. 4\/12.12.2025 de modificare a Legii camerelor de comer\u021b din Rom\u00e2nia nr. 335\/2007, referitoare la durata mandatului pre\u0219edintelui, vicepre\u0219edin\u021bilor \u0219i membrilor Colegiului de Conducere, care devine de 5 ani, \u00een loc de 4 ani.<\/p>\n<p>Totodat\u0103, a fost validat\u0103 componen\u021ba noului Colegiu de Conducere pentru mandatul 2026-2031, format din trei vicepre\u0219edin\u021bi \u2013 Mili\u021ba Plea\u0219car, Darius Georgiu \u0219i Lucian Galosi \u2013 \u0219i membrii Carmen Caragea, Ioan Constantin Paulescu \u0219i Toma Remus Mi\u0219c\u0103.<\/p>\n<p>\u00cen \u00eencheierea \u0219edin\u021bei, pre\u0219edintele reales a transmis un mesaj de profund\u0103 emo\u021bie \u0219i recuno\u0219tin\u021b\u0103: <em>\u201eV\u0103 mul\u021bumesc pentru \u00eencrederea pe care mi-a\u021bi acordat-o, este o onoare care m\u0103 cople\u0219e\u0219te de emo\u021bie \u0219i, totodat\u0103, m\u0103 oblig\u0103 la \u0219i mai mult\u0103 responsabilitate. Cu greu pot cuprinde \u00een cuvinte ceea ce simt ast\u0103zi, la 36 de ani de c\u00e2nd am p\u0103\u0219it pentru prima dat\u0103 \u00een Camera de Comer\u021b, timid\u0103, dar cu visul curajos de a muta mun\u021bii din loc. Nu i-am mutat, dar, cu r\u0103bdare \u0219i credin\u021b\u0103, am urcat pas cu pas. \u00cen ace\u0219ti ultimi 4 ani de mandat, am c\u0103utat s\u0103 r\u0103m\u00e2n pe drumul ales, cu demnitate \u0219i corectitudine, al\u0103turi de Dumneavoastr\u0103, membrii no\u0219tri. Recuno\u0219tin\u021ba mea se \u00eendreapt\u0103 c\u0103tre fiecare dintre Dumneavoastr\u0103, c\u0103tre echipa mea \u0219i c\u0103tre familia care mi-a fost sprijin \u00een fiecare clip\u0103. Aceast\u0103 reu\u0219it\u0103 nu \u00eemi apar\u021bine doar mie, este succesul unei comunit\u0103\u021bi unite prin viziune, munc\u0103 \u0219i \u00eencredere. V\u0103 promit, cu toat\u0103 sinceritatea, c\u0103 vom continua \u00eempreun\u0103 drumul pe care l-am \u00eenceput, \u00eempreun\u0103! Iar dac\u0103, peste ani, se va spune c\u0103 aceast\u0103 camera de comer\u021b a crescut frumos, s\u0103 \u0219ti\u021bi c\u0103 nu va fi povestea unui OM, ci povestea unei INIMI COLECTIVE care a b\u0103tut la unison. V\u0103 mul\u021bumesc pentru c\u0103 ast\u0103zi mi-a\u021bi dat nu doar un mandat, ci un SENS. Iar acest SENS \u00eel voi purta cu mine at\u00e2ta timp c\u00e2t voi avea puterea s\u0103 spun, cu m\u00e2ndrie \u0219i respect: SUNTEM \u00ceMPREUN\u0102!\u201d.<\/em><\/p>\n<\/div>\n<div class=\"td-post-content tagdiv-type\">\n<div class=\"td-post-featured-image\"><a href=\"https:\/\/gazetadinvest.ro\/wp-content\/uploads\/2026\/02\/chirita.jpg\" data-caption><img loading=\"lazy\" decoding=\"async\" width=\"696\" height=\"418\" class=\"entry-thumb td-modal-image\" src=\"https:\/\/gazetadinvest.ro\/wp-content\/uploads\/2026\/02\/chirita-696x418.jpg\" alt title=\"chirita\"><\/a><\/div>\n<p><strong>\u00centrunit\u0103 pe 24 februarie 2026, Adunarea General\u0103 a Membrilor CCIA Timi\u0219, statutar convocat\u0103 \u015fi constituit\u0103, a reales cu unanimitate de voturi \u00een func\u021bia de Pre\u0219edinte pentru mandatul 2026-2031 pe dna Florica Chiri\u021b\u0103.<\/strong><\/p>\n<p>La lucr\u0103rile Adun\u0103rii Generale au fost prezen\u021bi 63 de membri, to\u021bi prezen\u021bi prin mandat, din care 61 cu drept de vot.<\/p>\n<p>\u00cen debutul interven\u021biei sale, pre\u0219edintele reales a prezentat motivele care au stat la baza noii candidaturi, subliniind dorin\u021ba ferm\u0103 de a consolida un management cameral colaborativ \u0219i stimulativ, fundamentat pe o experien\u021b\u0103 de peste 35 de ani \u00een cadrul organiza\u021biei. Domnia sa a eviden\u021biat necesitatea continu\u0103rii parcursului \u00eenceput \u00een urm\u0103 cu patru ani \u2013 un drum deloc simplu, marcat de provoc\u0103ri \u0219i efort sus\u021binut, dar \u0219i de satisfac\u021bii importante la nivel organiza\u021bional, \u00eemp\u0103rt\u0103\u0219ite cu \u00eentreaga comunitate cameral\u0103.<\/p>\n<p>Totodat\u0103, a ar\u0103tat c\u0103 evolu\u021bia ascendent\u0103 a Camerei \u00een ultimii ani a fost posibil\u0103 prin adaptarea permanent\u0103 la dinamica f\u0103r\u0103 precedent a mediului economic \u0219i printr-o abordare strategic\u0103 bazat\u0103 pe continuitate \u0219i viziune pe termen lung. Strategia pentru noul mandat vizeaz\u0103 mai multe direc\u021bii de ac\u021biune, reunite sub un obiectiv comun: nu de a fi cea mai mare camer\u0103 de comer\u021b din Rom\u00e2nia, ci cea mai performant\u0103.<\/p>\n<p>\u00cen continuarea alocu\u021biunii, pre\u0219edintele \u00een exerci\u021biu a realizat o succint\u0103 retrospectiv\u0103 a principalelor ini\u021biative \u0219i proiecte derulate \u00een mandatul 2022-2026, care au contribuit semnificativ la consolidarea \u0219i vizibilitatea institu\u021biei.<\/p>\n<p>Printre acestea se num\u0103r\u0103 organizarea de \u00eent\u00e2lniri \u0219i vizite oficiale, conferin\u021be na\u021bionale \u0219i interna\u021bionale, forumuri de afaceri \u0219i misiuni economice, seminarii de informare \u0219i instruire pentru companii privind reglement\u0103rile legislative, implicarea activ\u0103 \u00een sus\u021binerea domeniului medical, dezvoltarea unor servicii personalizate dedicate mediului de afaceri, precum \u0219i organizarea Galei Excelen\u021bei \u00een Afaceri. De asemenea, a fost eviden\u021biat\u0103 recunoa\u0219terea acordat\u0103 de Ministerul Afacerilor Externe pentru contribu\u021bia sus\u021binut\u0103 la promovarea interna\u021bional\u0103 a mediului de afaceri rom\u00e2nesc \u0219i timi\u0219ean. Prezentarea intitulat\u0103 \u201cSub semnul performan\u021bei institu\u021bionale: bilan\u021bul unei conduceri de succes\u201d a fost \u00eenso\u021bit\u0103 de imagini reprezentative din activitatea CCIAT.<\/p>\n<p>\u00cen cadrul \u0219edin\u021bei au fost aprobate Raportul Colegiului de Conducere privind activitatea organiza\u021biei \u00een mandatul 2022\u20132026, raportul comisiei de cenzori \u0219i raportul de audit financiar. De asemenea, cu unanimitate de voturi, a fost aprobat\u0103 modificarea \u0219i completarea Statutului Camerei, \u00een conformitate cu prevederile Legii nr. 4\/12.12.2025 de modificare a Legii camerelor de comer\u021b din Rom\u00e2nia nr. 335\/2007, referitoare la durata mandatului pre\u0219edintelui, vicepre\u0219edin\u021bilor \u0219i membrilor Colegiului de Conducere, care devine de 5 ani, \u00een loc de 4 ani.<\/p>\n<p>Totodat\u0103, a fost validat\u0103 componen\u021ba noului Colegiu de Conducere pentru mandatul 2026-2031, format din trei vicepre\u0219edin\u021bi \u2013 Mili\u021ba Plea\u0219car, Darius Georgiu \u0219i Lucian Galosi \u2013 \u0219i membrii Carmen Caragea, Ioan Constantin Paulescu \u0219i Toma Remus Mi\u0219c\u0103.<\/p>\n<p>\u00cen \u00eencheierea \u0219edin\u021bei, pre\u0219edintele reales a transmis un mesaj de profund\u0103 emo\u021bie \u0219i recuno\u0219tin\u021b\u0103: <em>\u201eV\u0103 mul\u021bumesc pentru \u00eencrederea pe care mi-a\u021bi acordat-o, este o onoare care m\u0103 cople\u0219e\u0219te de emo\u021bie \u0219i, totodat\u0103, m\u0103 oblig\u0103 la \u0219i mai mult\u0103 responsabilitate. Cu greu pot cuprinde \u00een cuvinte ceea ce simt ast\u0103zi, la 36 de ani de c\u00e2nd am p\u0103\u0219it pentru prima dat\u0103 \u00een Camera de Comer\u021b, timid\u0103, dar cu visul curajos de a muta mun\u021bii din loc. Nu i-am mutat, dar, cu r\u0103bdare \u0219i credin\u021b\u0103, am urcat pas cu pas. \u00cen ace\u0219ti ultimi 4 ani de mandat, am c\u0103utat s\u0103 r\u0103m\u00e2n pe drumul ales, cu demnitate \u0219i corectitudine, al\u0103turi de Dumneavoastr\u0103, membrii no\u0219tri. Recuno\u0219tin\u021ba mea se \u00eendreapt\u0103 c\u0103tre fiecare dintre Dumneavoastr\u0103, c\u0103tre echipa mea \u0219i c\u0103tre familia care mi-a fost sprijin \u00een fiecare clip\u0103. Aceast\u0103 reu\u0219it\u0103 nu \u00eemi apar\u021bine doar mie, este succesul unei comunit\u0103\u021bi unite prin viziune, munc\u0103 \u0219i \u00eencredere. V\u0103 promit, cu toat\u0103 sinceritatea, c\u0103 vom continua \u00eempreun\u0103 drumul pe care l-am \u00eenceput, \u00eempreun\u0103! Iar dac\u0103, peste ani, se va spune c\u0103 aceast\u0103 camera de comer\u021b a crescut frumos, s\u0103 \u0219ti\u021bi c\u0103 nu va fi povestea unui OM, ci povestea unei INIMI COLECTIVE care a b\u0103tut la unison. V\u0103 mul\u021bumesc pentru c\u0103 ast\u0103zi mi-a\u021bi dat nu doar un mandat, ci un SENS. Iar acest SENS \u00eel voi purta cu mine at\u00e2ta timp c\u00e2t voi avea puterea s\u0103 spun, cu m\u00e2ndrie \u0219i respect: SUNTEM \u00ceMPREUN\u0102!\u201d.<\/em><\/p>\n<\/div>\n<p>[analyse_source url=&#8221;https:\/\/gazetadinvest.ro\/florica-chirita-reconfirmata-in-fruntea-cciat-primul-presedinte-femeie-din-sistemul-cameral-romanesc-isi-continua-misiunea\/&#8221;]<\/p>\n","protected":false},"excerpt":{"rendered":"<p>[analyse_image type=&#8221;featured&#8221; src=&#8221;https:\/\/gazetadinvest.ro\/wp-content\/uploads\/2026\/02\/chirita.jpg&#8221;] \u00centrunit\u0103 pe 24 februarie 2026, Adunarea General\u0103 a Membrilor CCIA Timi\u0219, statutar convocat\u0103 \u015fi constituit\u0103, a reales cu unanimitate de voturi \u00een func\u021bia de Pre\u0219edinte pentru mandatul 2026-2031 pe dna Florica Chiri\u021b\u0103. La lucr\u0103rile Adun\u0103rii Generale au fost prezen\u021bi 63 de membri, to\u021bi prezen\u021bi prin mandat, din care 61 cu drept de [&hellip;]<\/p>\n","protected":false},"author":1,"featured_media":0,"comment_status":"open","ping_status":"","sticky":false,"template":"","format":"standard","meta":{"footnotes":""},"categories":[89],"tags":[226,203],"class_list":["post-1794482","post","type-post","status-publish","format-standard","hentry","category-romania","tag-crawlmanager","tag-gazetadinvest-ro"],"_links":{"self":[{"href":"https:\/\/analyse.optim.biz\/index.php?rest_route=\/wp\/v2\/posts\/1794482","targetHints":{"allow":["GET"]}}],"collection":[{"href":"https:\/\/analyse.optim.biz\/index.php?rest_route=\/wp\/v2\/posts"}],"about":[{"href":"https:\/\/analyse.optim.biz\/index.php?rest_route=\/wp\/v2\/types\/post"}],"author":[{"embeddable":true,"href":"https:\/\/analyse.optim.biz\/index.php?rest_route=\/wp\/v2\/users\/1"}],"replies":[{"embeddable":true,"href":"https:\/\/analyse.optim.biz\/index.php?rest_route=%2Fwp%2Fv2%2Fcomments&post=1794482"}],"version-history":[{"count":0,"href":"https:\/\/analyse.optim.biz\/index.php?rest_route=\/wp\/v2\/posts\/1794482\/revisions"}],"wp:attachment":[{"href":"https:\/\/analyse.optim.biz\/index.php?rest_route=%2Fwp%2Fv2%2Fmedia&parent=1794482"}],"wp:term":[{"taxonomy":"category","embeddable":true,"href":"https:\/\/analyse.optim.biz\/index.php?rest_route=%2Fwp%2Fv2%2Fcategories&post=1794482"},{"taxonomy":"post_tag","embeddable":true,"href":"https:\/\/analyse.optim.biz\/index.php?rest_route=%2Fwp%2Fv2%2Ftags&post=1794482"}],"curies":[{"name":"wp","href":"https:\/\/api.w.org\/{rel}","templated":true}]}}