{"id":1794263,"date":"2026-02-26T09:01:22","date_gmt":"2026-02-26T06:01:22","guid":{"rendered":"https:\/\/analyse.optim.biz\/?p=1794263"},"modified":"2026-02-26T09:01:22","modified_gmt":"2026-02-26T06:01:22","slug":"video-in-articol-politistii-l-au-ridicat-pe-scandalagiul-din-maldaresti-noaptea-a-batut-un-tanar-din-vaideeni-gazeta-valceana","status":"publish","type":"post","link":"https:\/\/analyse.optim.biz\/?p=1794263","title":{"rendered":"VIDEO \u00een articol. Poli\u021bi\u0219tii l-au ridicat pe scandalagiul din M\u0103ld\u0103re\u0219ti. Noaptea, a b\u0103tut un t\u00e2n\u0103r din Vaideeni &#8211; Gazeta V\u00e2lcean\u0103"},"content":{"rendered":"<p>[analyse_image type=&#8221;featured&#8221; src=&#8221;https:\/\/www.gazeta-valceana.ro\/wp-content\/uploads\/2026\/02\/IPJ-Horezu-Maldaresti-Vaideeni.jpg&#8221;]<\/p>\n<article id=\"template-id-91645\" class=\"post-91645 tdb_templates type-tdb_templates status-publish post\">\n<div id=\"tdi_49\" class=\"tdc-zone\">\n<div class=\"tdc_zone tdi_50  wpb_row td-pb-row\">\n<div id=\"tdi_51\" class=\"tdc-row stretch_row_1200 td-stretch-content\">\n<div class=\"vc_row tdi_52  wpb_row td-pb-row\">\n<div class=\"vc_column tdi_54  wpb_column vc_column_container tdc-column td-pb-span8\">\n<div class=\"wpb_wrapper\">\n<div class=\"td_block_wrap tdb_title tdi_55 tdb-single-title td-pb-border-top td_block_template_1\" data-td-block-uid=\"tdi_55\">\n<div class=\"tdb-block-inner td-fix-index\">\n<h1 class=\"tdb-title-text\">VIDEO \u00een articol. Poli\u021bi\u0219tii l-au ridicat pe scandalagiul din M\u0103ld\u0103re\u0219ti. Noaptea, a b\u0103tut un t\u00e2n\u0103r din Vaideeni<\/h1>\n<\/div>\n<\/div>\n<div class=\"vc_row_inner tdi_58  vc_row vc_inner wpb_row td-pb-row tdc-row-content-vert-center\">\n<div class=\"vc_column_inner tdi_60  wpb_column vc_column_container tdc-inner-column td-pb-span12\">\n<div class=\"vc_column-inner\">\n<div class=\"wpb_wrapper\">\n<div class=\"td_block_wrap tdb_single_categories tdi_61 td-pb-border-top td_block_template_1 \" data-td-block-uid=\"tdi_61\">\n<div class=\"tdb-category td-fix-index\"><a class=\"tdb-entry-category\" href=\"https:\/\/www.gazeta-valceana.ro\/category\/anchetedezvaluri\/\">Anchete\/Dezv\u0103luri<\/a><a class=\"tdb-entry-category\" href=\"https:\/\/www.gazeta-valceana.ro\/category\/i\/\">I<\/a><a class=\"tdb-entry-category\" href=\"https:\/\/www.gazeta-valceana.ro\/category\/justitie\/\">Justi\u0163ie<\/a><\/div>\n<\/div>\n<div class=\"td_block_wrap tdb_single_date tdi_62 td-pb-border-top td_block_template_1 tdb-post-meta\" data-td-block-uid=\"tdi_62\">\n<div class=\"tdb-block-inner td-fix-index\"><time class=\"entry-date updated td-module-date\" datetime=\"2026-02-26T11:01:22+02:00\">26 februarie 2026<\/time><\/div>\n<\/div>\n<\/div>\n<\/div>\n<\/div>\n<\/div>\n<\/div>\n<\/div>\n<\/div>\n<\/div>\n<div id=\"tdi_65\" class=\"tdc-row stretch_row_1200 td-stretch-content\">\n<div class=\"vc_row tdi_66  wpb_row td-pb-row\">\n<div class=\"vc_column tdi_68  wpb_column vc_column_container tdc-column td-pb-span8\">\n<div class=\"wpb_wrapper\">\n<div class=\"td_block_wrap tdb_single_featured_image tdi_69 tdb-content-horiz-left td-pb-border-top td_block_template_1\" data-td-block-uid=\"tdi_69\">\n<div class=\"tdb-block-inner td-fix-index\"><img loading=\"lazy\" decoding=\"async\" width=\"696\" height=\"374\" class=\"entry-thumb\" src=\"https:\/\/www.gazeta-valceana.ro\/wp-content\/uploads\/2026\/02\/IPJ-Horezu-Maldaresti-Vaideeni-696x374.jpg\" alt title=\"IPJ Horezu Maldaresti Vaideeni\"><\/div>\n<\/div>\n<div class=\"td_block_wrap tdb_single_post_share tdi_70  td-pb-border-top td_block_template_1\" data-td-block-uid=\"tdi_70\">\n<div id=\"tdi_70\" class=\"td-post-sharing tdb-block td-ps-border td-ps-border-grey td-ps-notext td-ps-icon-color td-ps-text-color td-post-sharing-style16 \">\n<div class=\"td-post-sharing-visible\">\n<div class=\"td-social-sharing-button td-social-sharing-button-js td-social-handler td-social-share-text\">\n<div class=\"td-social-but-text\">Ac\u021biune<\/div>\n<\/div>\n<p><a class=\"td-social-sharing-button td-social-sharing-button-js td-social-network td-social-facebook\" href=\"https:\/\/www.facebook.com\/sharer.php?u=https%3A%2F%2Fwww.gazeta-valceana.ro%2Fjustitie%2Fvideo-in-articol-politistii-l-au-ridicat-pe-scandalagiul-din-maldaresti-noaptea-a-batut-un-tanar-din-vaideeni%2F\" title=\"Facebook\"><\/p>\n<div class=\"td-social-but-text\">Facebook<\/div>\n<p><\/a><a class=\"td-social-sharing-button td-social-sharing-button-js td-social-network td-social-twitter\" href=\"https:\/\/twitter.com\/intent\/tweet?text=VIDEO+%C3%AEn+articol.+Poli%C8%9Bi%C8%99tii+l-au+ridicat+pe+scandalagiul+din+M%C4%83ld%C4%83re%C8%99ti.+Noaptea%2C+a+b%C4%83tut+un+t%C3%A2n%C4%83r+din+Vaideeni&amp;url=https%3A%2F%2Fwww.gazeta-valceana.ro%2Fjustitie%2Fvideo-in-articol-politistii-l-au-ridicat-pe-scandalagiul-din-maldaresti-noaptea-a-batut-un-tanar-din-vaideeni%2F&amp;via=Gazeta+V%C3%A2lcean%C4%83\" title=\"Twitter\"><\/p>\n<div class=\"td-social-but-text\">Twitter<\/div>\n<p><\/a><a class=\"td-social-sharing-button td-social-sharing-button-js td-social-network td-social-pinterest\" href=\"https:\/\/pinterest.com\/pin\/create\/button\/?url=https:\/\/www.gazeta-valceana.ro\/justitie\/video-in-articol-politistii-l-au-ridicat-pe-scandalagiul-din-maldaresti-noaptea-a-batut-un-tanar-din-vaideeni\/&amp;media=https:\/\/www.gazeta-valceana.ro\/wp-content\/uploads\/2026\/02\/IPJ-Horezu-Maldaresti-Vaideeni.jpg&amp;description=VIDEO+%C3%AEn+articol.+Poli%C8%9Bi%C8%99tii+l-au+ridicat+pe+scandalagiul+din+M%C4%83ld%C4%83re%C8%99ti.+Noaptea%2C+a+b%C4%83tut+un+t%C3%A2n%C4%83r+din+Vaideeni\" title=\"Pinterest\"><\/p>\n<div class=\"td-social-but-text\">Pinterest<\/div>\n<p><\/a><a class=\"td-social-sharing-button td-social-sharing-button-js td-social-network td-social-whatsapp\" href=\"https:\/\/api.whatsapp.com\/send?text=VIDEO+%C3%AEn+articol.+Poli%C8%9Bi%C8%99tii+l-au+ridicat+pe+scandalagiul+din+M%C4%83ld%C4%83re%C8%99ti.+Noaptea%2C+a+b%C4%83tut+un+t%C3%A2n%C4%83r+din+Vaideeni%20%0A%0A%20https:\/\/www.gazeta-valceana.ro\/justitie\/video-in-articol-politistii-l-au-ridicat-pe-scandalagiul-din-maldaresti-noaptea-a-batut-un-tanar-din-vaideeni\/\" title=\"WhatsApp\"><\/p>\n<div class=\"td-social-but-text\">WhatsApp<\/div>\n<p><\/a><\/div>\n<\/div>\n<\/div>\n<div class=\"td_block_wrap tdb_single_content tdi_71 td-pb-border-top td_block_template_1 td-post-content tagdiv-type\" data-td-block-uid=\"tdi_71\">\n<div class=\"tdb-block-inner td-fix-index\">\n<p>\u00cen cursul zilei de 25 februarie 2026, poli\u021bi\u0219tii din cadrul Poli\u021biei Ora\u0219ului Horezu au re\u021binut, pentru 24 de ore, un b\u0103rbat, cercetat pentru s\u0103v\u00e2r\u0219irea infrac\u021biunii de lovirea sau alte violen\u021be. \u00cen fapt, la data de 25 februarie, poli\u021bi\u0219tii au fost sesiza\u021bi, prin pl\u00e2ngere scris\u0103, de c\u0103tre un t\u00e2n\u0103r \u00een v\u00e2rst\u0103 de 22 de ani, domiciliat \u00een comuna Vaideeni, cu privire la faptul c\u0103, \u00een noaptea de 13 februarie 2026, \u00een timp ce se afla \u00eentr-un restaurant de pe raza ora\u0219ului Horezu, ar fi fost agresat fizic de c\u0103tre un b\u0103rbat \u00een v\u00e2rst\u0103 de 42 de ani, din comuna M\u0103ld\u0103re\u0219ti.<\/p>\n<p>\u00cen urma agresiunii, t\u00e2n\u0103rul din Vaideeni a necesitat un num\u0103r de 12\u201314 zile de \u00eengrijiri medicale.<\/p>\n<p><em>\u201e\u00cen acest caz, poli\u021bi\u0219tii au demarat de \u00eendat\u0103 cercet\u0103rile, fiind \u00eentocmit un dosar penal, iar ca urmare a administr\u0103rii probatoriului, sub coordonarea procurorului de caz din cadrul Parchetului de pe l\u00e2ng\u0103 Judec\u0103toria Horezu, a fost dispus\u0103 re\u021binerea b\u0103rbatului de 42 de ani, pentru o perioad\u0103 de 24 de ore. Acesta a fost introdus \u00een Centrul de Re\u021binere \u0219i Arestare Preventiv\u0103 din cadrul Inspectoratului de Poli\u021bie Jude\u021bean V\u00e2lcea. Cercet\u0103rile \u00een acest caz continu\u0103, sub supravegherea procurorului de caz, pentru stabilirea cu exactitate a tuturor \u00eemprejur\u0103rilor \u00een care a fost comis\u0103 fapta\u201d<\/em>, au anun\u021bat anchetatorii v\u00e2lceni.<\/p>\n<\/div>\n<\/div>\n<div class=\"tdb-author-box td_block_wrap tdb_single_author_box tdi_72 tdb-content-vert-top td-pb-border-top td_block_template_1\" data-td-block-uid=\"tdi_72\">\n<div class=\"tdb-block-inner td-fix-index\"><a href=\"https:\/\/www.gazeta-valceana.ro\/author\/redactia\/\" class=\"tdb-author-photo\" title=\"Redactia\"><img decoding=\"async\" alt=\"Redactia\" src=\"https:\/\/secure.gravatar.com\/avatar\/d9699bfd17d7f55fcf6bbdfb0214d48a942c5fd23a1db27f4a803a8d0651670f?s=500&amp;d=mm&amp;r=g\" class=\"avatar avatar-500 photo\" height=\"500\" width=\"500\" loading=\"lazy\"><\/a><\/p>\n<div class=\"tdb-author-info\"><a href=\"https:\/\/www.gazeta-valceana.ro\/author\/redactia\/\" class=\"tdb-author-name\">Redactia<\/a><\/div>\n<\/div>\n<\/div>\n<\/div>\n<\/div>\n<div class=\"vc_column tdi_76  wpb_column vc_column_container tdc-column td-pb-span4 td-is-sticky\">\n<div class=\"wpb_wrapper\" data-sticky-enabled-on=\"W3RydWUsdHJ1ZSx0cnVlLHRydWVd\" data-sticky-offset=\"20\" data-sticky-is-width-auto=\"W2ZhbHNlLGZhbHNlLGZhbHNlLGZhbHNlXQ==\">\n<div class=\"vc_row_inner tdi_81  vc_row vc_inner wpb_row td-pb-row tdc-row-content-vert-center\">\n<div class=\"vc_column_inner tdi_83  wpb_column vc_column_container tdc-inner-column td-pb-span12\">\n<div class=\"vc_column-inner\">\n<div class=\"wpb_wrapper\">\n<div class=\"tdm_block td_block_wrap tdm_block_inline_text tdi_86 tdm-inline-block td-pb-border-top td_block_template_1\" data-td-block-uid=\"tdi_86\">\n<p class=\"tdm-descr\">Ultimele articole<\/p>\n<\/div>\n<\/div>\n<\/div>\n<\/div>\n<\/div>\n<div class=\"td_block_wrap td_flex_block_1 tdi_87 td-pb-border-top td_block_template_1 td_flex_block\" data-td-block-uid=\"tdi_87\">\n<div id=\"tdi_87\" class=\"td_block_inner td-mc1-wrap\">\n<div class=\"td_module_flex td_module_flex_1 td_module_wrap td-animation-stack td-cpt-post\">\n<div class=\"td-module-container td-category-pos-\">\n<div class=\"td-module-meta-info\">\n<h3 class=\"entry-title td-module-title\"><a href=\"https:\/\/www.gazeta-valceana.ro\/fapt-divers\/politia-in-actiune-pe-dn-65c-si-dj-676-in-judetul-valcea-amenzi-permise-de-conducere-retinute\/\" rel=\"bookmark\" title=\"POLI\u021aIA \u00een ac\u021biune pe DN 65C \u0219i DJ 676, \u00een jude\u021bul V\u00e2lcea. AMENZI, permise de conducere re\u021binute\u2026\">POLI\u021aIA \u00een ac\u021biune pe DN 65C \u0219i DJ 676, \u00een jude\u021bul V\u00e2lcea. AMENZI, permise de conducere re\u021binute\u2026<\/a><\/h3>\n<div class=\"td-editor-date\"><span class=\"td-author-date\"><span class=\"td-post-date\"><time class=\"entry-date updated td-module-date\" datetime=\"2026-02-26T11:19:15+02:00\">26 februarie 2026<\/time><\/span><\/span><\/div>\n<\/div>\n<\/div>\n<\/div>\n<div class=\"td_module_flex td_module_flex_1 td_module_wrap td-animation-stack td-cpt-post\">\n<div class=\"td-module-container td-category-pos-\">\n<div class=\"td-module-meta-info\">\n<h3 class=\"entry-title td-module-title\"><a href=\"https:\/\/www.gazeta-valceana.ro\/anchetedezvaluri\/controale-in-lalosu-si-popesti-politistii-suspecteaza-ca-se-vindeau-tigari-de-contrabanda-dar-si-diverse-produse-alimentare-si-nealimentare\/\" rel=\"bookmark\" title=\"Controale \u00een Lalo\u0219u \u0219i Pope\u0219ti. Poli\u021bi\u0219tii suspecteaz\u0103 c\u0103 se vindeau \u021big\u0103ri de contraband\u0103, dar \u0219i diverse produse alimentare \u0219i nealimentare\">Controale \u00een Lalo\u0219u \u0219i Pope\u0219ti. Poli\u021bi\u0219tii suspecteaz\u0103 c\u0103 se vindeau \u021big\u0103ri de contraband\u0103, dar \u0219i diverse produse alimentare \u0219i nealimentare<\/a><\/h3>\n<div class=\"td-editor-date\"><span class=\"td-author-date\"><span class=\"td-post-date\"><time class=\"entry-date updated td-module-date\" datetime=\"2026-02-26T10:36:02+02:00\">26 februarie 2026<\/time><\/span><\/span><\/div>\n<\/div>\n<\/div>\n<\/div>\n<div class=\"td_module_flex td_module_flex_1 td_module_wrap td-animation-stack td-cpt-post\">\n<div class=\"td-module-container td-category-pos-\">\n<div class=\"td-module-meta-info\">\n<h3 class=\"entry-title td-module-title\"><a href=\"https:\/\/www.gazeta-valceana.ro\/administratie\/presedintele-radulescu-categoric-in-privinta-golirii-barajului-bradisor-nu-vom-fi-luati-prin-surprindere-ce-solutii-exista\/\" rel=\"bookmark\" title=\"Pre\u0219edintele R\u0103dulescu, categoric \u00een privin\u021ba golirii barajului Br\u0103di\u0219or: \u201eNU vom fi lua\u021bi prin surprindere!\u201d CE SOLU\u021aII exist\u0103\">Pre\u0219edintele R\u0103dulescu, categoric \u00een privin\u021ba golirii barajului Br\u0103di\u0219or: \u201eNU vom fi lua\u021bi prin surprindere!\u201d CE SOLU\u021aII exist\u0103<\/a><\/h3>\n<div class=\"td-editor-date\"><span class=\"td-author-date\"><span class=\"td-post-date\"><time class=\"entry-date updated td-module-date\" datetime=\"2026-02-25T21:04:45+02:00\">25 februarie 2026<\/time><\/span><\/span><\/div>\n<\/div>\n<\/div>\n<\/div>\n<div class=\"td_module_flex td_module_flex_1 td_module_wrap td-animation-stack td-cpt-post\">\n<div class=\"td-module-container td-category-pos-\">\n<div class=\"td-module-meta-info\">\n<h3 class=\"entry-title td-module-title\"><a href=\"https:\/\/www.gazeta-valceana.ro\/anchetedezvaluri\/copil-de-11-ani-urcat-la-volan-si-a-lovit-mama-cu-masina-intamplare-socanta-in-aceasta-seara-in-judetul-vecin\/\" rel=\"bookmark\" title=\"Copil de 11 ani, urcat la volan, \u0219i-a lovit mama cu ma\u0219ina! \u00cent\u00e2mplare \u0218OCANT\u0102, \u00een aceast\u0103 sear\u0103, \u00een jude\u021bul vecin\">Copil de 11 ani, urcat la volan, \u0219i-a lovit mama cu ma\u0219ina! \u00cent\u00e2mplare \u0218OCANT\u0102, \u00een aceast\u0103 sear\u0103, \u00een jude\u021bul vecin<\/a><\/h3>\n<div class=\"td-editor-date\"><span class=\"td-author-date\"><span class=\"td-post-date\"><time class=\"entry-date updated td-module-date\" datetime=\"2026-02-25T19:38:22+02:00\">25 februarie 2026<\/time><\/span><\/span><\/div>\n<\/div>\n<\/div>\n<\/div>\n<\/div>\n<\/div>\n<div class=\"td_block_wrap td-a-rec td-a-rec-id-custom-spot td-a-rec-img tdi_88 td_block_template_1\">\n<div><a href=\"https:\/\/www.gazeta-valceana.ro\/justitie\/video-in-articol-politistii-l-au-ridicat-pe-scandalagiul-din-maldaresti-noaptea-a-batut-un-tanar-din-vaideeni\/\" class=\"td_spot_img_all\"><img loading=\"lazy\" decoding=\"async\" src=\"https:\/\/www.gazeta-valceana.ro\/wp-content\/uploads\/2025\/01\/image-5.jpg\" alt=\"spot_img\" width=\"347\" height=\"277\"><\/a><a href=\"https:\/\/www.gazeta-valceana.ro\/justitie\/video-in-articol-politistii-l-au-ridicat-pe-scandalagiul-din-maldaresti-noaptea-a-batut-un-tanar-din-vaideeni\/\" class=\"td_spot_img_mob\"><img loading=\"lazy\" decoding=\"async\" src=\"https:\/\/www.gazeta-valceana.ro\/wp-content\/uploads\/2025\/01\/image-5.jpg\" alt=\"spot_img\" width=\"347\" height=\"247\"><\/a><\/div>\n<\/div>\n<div class=\"td_block_wrap td-a-rec td-a-rec-id-custom-spot td-a-rec-img tdi_89 td_block_template_1\">\n<div><a href=\"https:\/\/www.gazeta-valceana.ro\/justitie\/video-in-articol-politistii-l-au-ridicat-pe-scandalagiul-din-maldaresti-noaptea-a-batut-un-tanar-din-vaideeni\/\" class=\"td_spot_img_all\"><img loading=\"lazy\" decoding=\"async\" src=\"https:\/\/www.gazeta-valceana.ro\/wp-content\/uploads\/2025\/01\/image-3.jpeg\" alt=\"spot_img\" width=\"347\" height=\"277\"><\/a><a href=\"https:\/\/www.gazeta-valceana.ro\/justitie\/video-in-articol-politistii-l-au-ridicat-pe-scandalagiul-din-maldaresti-noaptea-a-batut-un-tanar-din-vaideeni\/\" class=\"td_spot_img_mob\"><img loading=\"lazy\" decoding=\"async\" src=\"https:\/\/www.gazeta-valceana.ro\/wp-content\/uploads\/2025\/01\/image-3.jpeg\" alt=\"spot_img\" width=\"347\" height=\"247\"><\/a><\/div>\n<\/div>\n<\/div>\n<\/div>\n<\/div>\n<\/div>\n<div id=\"tdi_97\" class=\"tdc-row stretch_row_1200 td-stretch-content\">\n<div class=\"vc_row tdi_98  wpb_row td-pb-row\">\n<div class=\"vc_column tdi_100  wpb_column vc_column_container tdc-column td-pb-span12\">\n<div class=\"wpb_wrapper\">\n<div class=\"td_block_wrap tdb_single_next_prev tdi_101 td-pb-border-top td_block_template_1\" data-td-block-uid=\"tdi_101\">\n<div class=\"tdb-block-inner td-fix-index\">\n<div class=\"tdb-next-post tdb-next-post-bg tdb-post-prev\"><span>Articolul precedent<\/span><\/p>\n<div class=\"td-module-container\">\n<div class=\"next-prev-title\"><a href=\"https:\/\/www.gazeta-valceana.ro\/anchetedezvaluri\/controale-in-lalosu-si-popesti-politistii-suspecteaza-ca-se-vindeau-tigari-de-contrabanda-dar-si-diverse-produse-alimentare-si-nealimentare\/\">Controale \u00een Lalo\u0219u \u0219i Pope\u0219ti. Poli\u021bi\u0219tii suspecteaz\u0103 c\u0103 se vindeau \u021big\u0103ri de contraband\u0103, dar \u0219i diverse produse alimentare \u0219i nealimentare<\/a><\/div>\n<\/div>\n<\/div>\n<div class=\"tdb-next-post tdb-next-post-bg tdb-post-next\"><span>Articolul urm\u0103tor<\/span><\/p>\n<div class=\"td-module-container\">\n<div class=\"next-prev-title\"><a href=\"https:\/\/www.gazeta-valceana.ro\/fapt-divers\/politia-in-actiune-pe-dn-65c-si-dj-676-in-judetul-valcea-amenzi-permise-de-conducere-retinute\/\">POLI\u021aIA \u00een ac\u021biune pe DN 65C \u0219i DJ 676, \u00een jude\u021bul V\u00e2lcea. AMENZI, permise de conducere re\u021binute\u2026<\/a><\/div>\n<\/div>\n<\/div>\n<\/div>\n<\/div>\n<div class=\"vc_row_inner tdi_103  vc_row vc_inner wpb_row td-pb-row tdc-row-content-vert-center\">\n<div class=\"vc_column_inner tdi_105  wpb_column vc_column_container tdc-inner-column td-pb-span12\">\n<div class=\"vc_column-inner\">\n<div class=\"wpb_wrapper\">\n<div class=\"tdm_block td_block_wrap tdm_block_inline_text tdi_108 tdm-inline-block td-pb-border-top td_block_template_1\" data-td-block-uid=\"tdi_108\">\n<p class=\"tdm-descr\">Related articles<\/p>\n<\/div>\n<\/div>\n<\/div>\n<\/div>\n<\/div>\n<div class=\"td_block_wrap tdb_single_related tdi_109 td_with_ajax_pagination td-pb-border-top td_block_template_1 tdb-single-related-posts\" data-td-block-uid=\"tdi_109\">\n<div id=\"tdi_109\" class=\"td_block_inner tdb-block-inner td-fix-index\">\n<div class=\"tdb_module_related td_module_wrap td-animation-stack\">\n<div class=\"td-module-container td-category-pos-\">\n<div class=\"td-module-meta-info\">\n<h3 class=\"entry-title td-module-title\"><a href=\"https:\/\/www.gazeta-valceana.ro\/fapt-divers\/politia-in-actiune-pe-dn-65c-si-dj-676-in-judetul-valcea-amenzi-permise-de-conducere-retinute\/\" rel=\"bookmark\" title=\"POLI\u021aIA \u00een ac\u021biune pe DN 65C \u0219i DJ 676, \u00een jude\u021bul V\u00e2lcea. AMENZI, permise de conducere re\u021binute\u2026\">POLI\u021aIA \u00een ac\u021biune pe DN 65C \u0219i DJ 676, \u00een jude\u021bul V\u00e2lcea. AMENZI, permise de conducere re\u021binute\u2026<\/a><\/h3>\n<div class=\"td-editor-date\"><a href=\"https:\/\/www.gazeta-valceana.ro\/category\/fapt-divers\/\" class=\"td-post-category\">Fapt divers<\/a><span class=\"td-author-date\"><span class=\"td-post-date\"><time class=\"entry-date updated td-module-date\" datetime=\"2026-02-26T11:19:15+02:00\">26 februarie 2026<\/time><\/span><\/span><\/div>\n<\/div>\n<\/div>\n<\/div>\n<div class=\"tdb_module_related td_module_wrap td-animation-stack\">\n<div class=\"td-module-container td-category-pos-\">\n<div class=\"td-module-meta-info\">\n<h3 class=\"entry-title td-module-title\"><a href=\"https:\/\/www.gazeta-valceana.ro\/anchetedezvaluri\/controale-in-lalosu-si-popesti-politistii-suspecteaza-ca-se-vindeau-tigari-de-contrabanda-dar-si-diverse-produse-alimentare-si-nealimentare\/\" rel=\"bookmark\" title=\"Controale \u00een Lalo\u0219u \u0219i Pope\u0219ti. Poli\u021bi\u0219tii suspecteaz\u0103 c\u0103 se vindeau \u021big\u0103ri de contraband\u0103, dar \u0219i diverse produse alimentare \u0219i nealimentare\">Controale \u00een Lalo\u0219u \u0219i Pope\u0219ti. Poli\u021bi\u0219tii suspecteaz\u0103 c\u0103 se vindeau \u021big\u0103ri de contraband\u0103, dar \u0219i diverse produse alimentare \u0219i nealimentare<\/a><\/h3>\n<div class=\"td-editor-date\"><a href=\"https:\/\/www.gazeta-valceana.ro\/category\/anchetedezvaluri\/\" class=\"td-post-category\">Anchete\/Dezv\u0103luri<\/a><span class=\"td-author-date\"><span class=\"td-post-date\"><time class=\"entry-date updated td-module-date\" datetime=\"2026-02-26T10:36:02+02:00\">26 februarie 2026<\/time><\/span><\/span><\/div>\n<\/div>\n<\/div>\n<\/div>\n<div class=\"tdb_module_related td_module_wrap td-animation-stack\">\n<div class=\"td-module-container td-category-pos-\">\n<div class=\"td-module-meta-info\">\n<h3 class=\"entry-title td-module-title\"><a href=\"https:\/\/www.gazeta-valceana.ro\/administratie\/presedintele-radulescu-categoric-in-privinta-golirii-barajului-bradisor-nu-vom-fi-luati-prin-surprindere-ce-solutii-exista\/\" rel=\"bookmark\" title=\"Pre\u0219edintele R\u0103dulescu, categoric \u00een privin\u021ba golirii barajului Br\u0103di\u0219or: \u201eNU vom fi lua\u021bi prin surprindere!\u201d CE SOLU\u021aII exist\u0103\">Pre\u0219edintele R\u0103dulescu, categoric \u00een privin\u021ba golirii barajului Br\u0103di\u0219or: \u201eNU vom fi lua\u021bi prin surprindere!\u201d CE SOLU\u021aII exist\u0103<\/a><\/h3>\n<div class=\"td-editor-date\"><a href=\"https:\/\/www.gazeta-valceana.ro\/category\/administratie\/\" class=\"td-post-category\">Administra\u0163ie<\/a><span class=\"td-author-date\"><span class=\"td-post-date\"><time class=\"entry-date updated td-module-date\" datetime=\"2026-02-25T21:04:45+02:00\">25 februarie 2026<\/time><\/span><\/span><\/div>\n<\/div>\n<\/div>\n<\/div>\n<\/div>\n<\/div>\n<\/div>\n<\/div>\n<\/div>\n<\/div>\n<div id=\"tdi_116\" class=\"tdc-row stretch_row_1200 td-stretch-content\">\n<div class=\"vc_row tdi_117  wpb_row td-pb-row\">\n<div class=\"vc_column tdi_122  wpb_column vc_column_container tdc-column td-pb-span4 td-is-sticky\">\n<div class=\"wpb_wrapper\" data-sticky-enabled-on=\"W3RydWUsdHJ1ZSx0cnVlLHRydWVd\" data-sticky-offset=\"20\" data-sticky-is-width-auto=\"W2ZhbHNlLGZhbHNlLGZhbHNlLGZhbHNlXQ==\">\n<div class=\"td_block_wrap td-a-rec td-a-rec-id-custom-spot td-a-rec-img tdi_123 td_block_template_1\">\n<div><a href=\"https:\/\/www.gazeta-valceana.ro\/justitie\/video-in-articol-politistii-l-au-ridicat-pe-scandalagiul-din-maldaresti-noaptea-a-batut-un-tanar-din-vaideeni\/\" class=\"td_spot_img_all\"><img loading=\"lazy\" decoding=\"async\" src=\"https:\/\/www.gazeta-valceana.ro\/wp-content\/uploads\/2025\/01\/image-4.jpg\" alt=\"spot_img\" width=\"347\" height=\"277\"><\/a><a href=\"https:\/\/www.gazeta-valceana.ro\/justitie\/video-in-articol-politistii-l-au-ridicat-pe-scandalagiul-din-maldaresti-noaptea-a-batut-un-tanar-din-vaideeni\/\" class=\"td_spot_img_mob\"><img loading=\"lazy\" decoding=\"async\" src=\"https:\/\/www.gazeta-valceana.ro\/wp-content\/uploads\/2025\/01\/image-4.jpg\" alt=\"spot_img\" width=\"347\" height=\"247\"><\/a><\/div>\n<\/div>\n<div class=\"td_block_wrap td-a-rec td-a-rec-id-custom-spot td-a-rec-img tdi_124 td_block_template_1\">\n<div><a href=\"https:\/\/www.gazeta-valceana.ro\/justitie\/video-in-articol-politistii-l-au-ridicat-pe-scandalagiul-din-maldaresti-noaptea-a-batut-un-tanar-din-vaideeni\/\" class=\"td_spot_img_all\"><img loading=\"lazy\" decoding=\"async\" src=\"https:\/\/www.gazeta-valceana.ro\/wp-content\/uploads\/2025\/01\/image-5.jpg\" alt=\"spot_img\" width=\"347\" height=\"277\"><\/a><a href=\"https:\/\/www.gazeta-valceana.ro\/justitie\/video-in-articol-politistii-l-au-ridicat-pe-scandalagiul-din-maldaresti-noaptea-a-batut-un-tanar-din-vaideeni\/\" class=\"td_spot_img_mob\"><img loading=\"lazy\" decoding=\"async\" src=\"https:\/\/www.gazeta-valceana.ro\/wp-content\/uploads\/2025\/01\/image-5.jpg\" alt=\"spot_img\" width=\"347\" height=\"247\"><\/a><\/div>\n<\/div>\n<div class=\"td_block_wrap td-a-rec td-a-rec-id-custom-spot td-a-rec-img tdi_125 td_block_template_1\">\n<div><a href=\"https:\/\/www.gazeta-valceana.ro\/justitie\/video-in-articol-politistii-l-au-ridicat-pe-scandalagiul-din-maldaresti-noaptea-a-batut-un-tanar-din-vaideeni\/\" class=\"td_spot_img_all\"><img loading=\"lazy\" decoding=\"async\" src=\"https:\/\/www.gazeta-valceana.ro\/wp-content\/uploads\/2025\/01\/image-3.jpeg\" alt=\"spot_img\" width=\"347\" height=\"277\"><\/a><a href=\"https:\/\/www.gazeta-valceana.ro\/justitie\/video-in-articol-politistii-l-au-ridicat-pe-scandalagiul-din-maldaresti-noaptea-a-batut-un-tanar-din-vaideeni\/\" class=\"td_spot_img_mob\"><img loading=\"lazy\" decoding=\"async\" src=\"https:\/\/www.gazeta-valceana.ro\/wp-content\/uploads\/2025\/01\/image-3.jpeg\" alt=\"spot_img\" width=\"347\" height=\"247\"><\/a><\/div>\n<\/div>\n<\/div>\n<\/div>\n<\/div>\n<\/div>\n<\/div>\n<\/div>\n<p><span class=\"td-page-meta\"><\/span><span class=\"td-page-meta\"><span class=\"td-page-meta\"><\/span><\/span><span class=\"td-page-meta\"><\/span><\/article>\n<\/p>\n<div class=\"td_block_wrap tdb_single_content tdi_71 td-pb-border-top td_block_template_1 td-post-content tagdiv-type\" data-td-block-uid=\"tdi_71\">\n<div class=\"tdb-block-inner td-fix-index\">\n<p>\u00cen cursul zilei de 25 februarie 2026, poli\u021bi\u0219tii din cadrul Poli\u021biei Ora\u0219ului Horezu au re\u021binut, pentru 24 de ore, un b\u0103rbat, cercetat pentru s\u0103v\u00e2r\u0219irea infrac\u021biunii de lovirea sau alte violen\u021be. \u00cen fapt, la data de 25 februarie, poli\u021bi\u0219tii au fost sesiza\u021bi, prin pl\u00e2ngere scris\u0103, de c\u0103tre un t\u00e2n\u0103r \u00een v\u00e2rst\u0103 de 22 de ani, domiciliat \u00een comuna Vaideeni, cu privire la faptul c\u0103, \u00een noaptea de 13 februarie 2026, \u00een timp ce se afla \u00eentr-un restaurant de pe raza ora\u0219ului Horezu, ar fi fost agresat fizic de c\u0103tre un b\u0103rbat \u00een v\u00e2rst\u0103 de 42 de ani, din comuna M\u0103ld\u0103re\u0219ti.<\/p>\n<p>\u00cen urma agresiunii, t\u00e2n\u0103rul din Vaideeni a necesitat un num\u0103r de 12\u201314 zile de \u00eengrijiri medicale.<\/p>\n<p><em>\u201e\u00cen acest caz, poli\u021bi\u0219tii au demarat de \u00eendat\u0103 cercet\u0103rile, fiind \u00eentocmit un dosar penal, iar ca urmare a administr\u0103rii probatoriului, sub coordonarea procurorului de caz din cadrul Parchetului de pe l\u00e2ng\u0103 Judec\u0103toria Horezu, a fost dispus\u0103 re\u021binerea b\u0103rbatului de 42 de ani, pentru o perioad\u0103 de 24 de ore. Acesta a fost introdus \u00een Centrul de Re\u021binere \u0219i Arestare Preventiv\u0103 din cadrul Inspectoratului de Poli\u021bie Jude\u021bean V\u00e2lcea. Cercet\u0103rile \u00een acest caz continu\u0103, sub supravegherea procurorului de caz, pentru stabilirea cu exactitate a tuturor \u00eemprejur\u0103rilor \u00een care a fost comis\u0103 fapta\u201d<\/em>, au anun\u021bat anchetatorii v\u00e2lceni.<\/p>\n<\/div>\n<\/div>\n<p>\u00cen cursul zilei de 25 februarie 2026, poli\u021bi\u0219tii din cadrul Poli\u021biei Ora\u0219ului Horezu au re\u021binut, pentru 24 de ore, un b\u0103rbat, cercetat pentru s\u0103v\u00e2r\u0219irea infrac\u021biunii de lovirea sau alte violen\u021be. \u00cen fapt, la data de 25 februarie, poli\u021bi\u0219tii au fost sesiza\u021bi, prin pl\u00e2ngere scris\u0103, de c\u0103tre un t\u00e2n\u0103r \u00een v\u00e2rst\u0103 de 22 de ani, domiciliat \u00een comuna Vaideeni, cu privire la faptul c\u0103, \u00een noaptea de 13 februarie 2026, \u00een timp ce se afla \u00eentr-un restaurant de pe raza ora\u0219ului Horezu, ar fi fost agresat fizic de c\u0103tre un b\u0103rbat \u00een v\u00e2rst\u0103 de 42 de ani, din comuna M\u0103ld\u0103re\u0219ti.<\/p>\n<p>\u00cen urma agresiunii, t\u00e2n\u0103rul din Vaideeni a necesitat un num\u0103r de 12\u201314 zile de \u00eengrijiri medicale.<\/p>\n<p><em>\u201e\u00cen acest caz, poli\u021bi\u0219tii au demarat de \u00eendat\u0103 cercet\u0103rile, fiind \u00eentocmit un dosar penal, iar ca urmare a administr\u0103rii probatoriului, sub coordonarea procurorului de caz din cadrul Parchetului de pe l\u00e2ng\u0103 Judec\u0103toria Horezu, a fost dispus\u0103 re\u021binerea b\u0103rbatului de 42 de ani, pentru o perioad\u0103 de 24 de ore. Acesta a fost introdus \u00een Centrul de Re\u021binere \u0219i Arestare Preventiv\u0103 din cadrul Inspectoratului de Poli\u021bie Jude\u021bean V\u00e2lcea. Cercet\u0103rile \u00een acest caz continu\u0103, sub supravegherea procurorului de caz, pentru stabilirea cu exactitate a tuturor \u00eemprejur\u0103rilor \u00een care a fost comis\u0103 fapta\u201d<\/em>, au anun\u021bat anchetatorii v\u00e2lceni.<\/p>\n<p>[analyse_source url=&#8221;https:\/\/www.gazeta-valceana.ro\/justitie\/video-in-articol-politistii-l-au-ridicat-pe-scandalagiul-din-maldaresti-noaptea-a-batut-un-tanar-din-vaideeni\/&#8221;]<\/p>\n","protected":false},"excerpt":{"rendered":"<p>[analyse_image type=&#8221;featured&#8221; src=&#8221;https:\/\/www.gazeta-valceana.ro\/wp-content\/uploads\/2026\/02\/IPJ-Horezu-Maldaresti-Vaideeni.jpg&#8221;] VIDEO \u00een articol. Poli\u021bi\u0219tii l-au ridicat pe scandalagiul din M\u0103ld\u0103re\u0219ti. Noaptea, a b\u0103tut un t\u00e2n\u0103r din Vaideeni Anchete\/Dezv\u0103luriIJusti\u0163ie 26 februarie 2026 Ac\u021biune Facebook Twitter Pinterest WhatsApp \u00cen cursul zilei de 25 februarie 2026, poli\u021bi\u0219tii din cadrul Poli\u021biei Ora\u0219ului Horezu au re\u021binut, pentru 24 de ore, un b\u0103rbat, cercetat pentru s\u0103v\u00e2r\u0219irea infrac\u021biunii de [&hellip;]<\/p>\n","protected":false},"author":1,"featured_media":0,"comment_status":"open","ping_status":"","sticky":false,"template":"","format":"standard","meta":{"footnotes":""},"categories":[89],"tags":[226,214],"class_list":["post-1794263","post","type-post","status-publish","format-standard","hentry","category-romania","tag-crawlmanager","tag-gazetavalceana-ro"],"_links":{"self":[{"href":"https:\/\/analyse.optim.biz\/index.php?rest_route=\/wp\/v2\/posts\/1794263","targetHints":{"allow":["GET"]}}],"collection":[{"href":"https:\/\/analyse.optim.biz\/index.php?rest_route=\/wp\/v2\/posts"}],"about":[{"href":"https:\/\/analyse.optim.biz\/index.php?rest_route=\/wp\/v2\/types\/post"}],"author":[{"embeddable":true,"href":"https:\/\/analyse.optim.biz\/index.php?rest_route=\/wp\/v2\/users\/1"}],"replies":[{"embeddable":true,"href":"https:\/\/analyse.optim.biz\/index.php?rest_route=%2Fwp%2Fv2%2Fcomments&post=1794263"}],"version-history":[{"count":0,"href":"https:\/\/analyse.optim.biz\/index.php?rest_route=\/wp\/v2\/posts\/1794263\/revisions"}],"wp:attachment":[{"href":"https:\/\/analyse.optim.biz\/index.php?rest_route=%2Fwp%2Fv2%2Fmedia&parent=1794263"}],"wp:term":[{"taxonomy":"category","embeddable":true,"href":"https:\/\/analyse.optim.biz\/index.php?rest_route=%2Fwp%2Fv2%2Fcategories&post=1794263"},{"taxonomy":"post_tag","embeddable":true,"href":"https:\/\/analyse.optim.biz\/index.php?rest_route=%2Fwp%2Fv2%2Ftags&post=1794263"}],"curies":[{"name":"wp","href":"https:\/\/api.w.org\/{rel}","templated":true}]}}