{"id":179357,"date":"2015-06-10T23:50:49","date_gmt":"2015-06-10T20:50:49","guid":{"rendered":"https:\/\/analyse.optim.biz\/?p=179357"},"modified":"2015-06-10T23:50:49","modified_gmt":"2015-06-10T20:50:49","slug":"klaus-iohannis-urmeaza-sa-se-intalneasca-joi-cu-premierul-britanic-david-cameron","status":"publish","type":"post","link":"https:\/\/analyse.optim.biz\/?p=179357","title":{"rendered":"Klaus Iohannis urmeaz\u0103 s\u0103 se \u00eent\u00e2lneasc\u0103, joi, cu premierul britanic David Cameron"},"content":{"rendered":"<div class=\"entry data-app-meta data-app-meta-article\" data-embed-base-url-canonical=\"https:\/\/www.digi24.ro\/embed\/stiri\/actualitate\/politica\/klaus-iohannis-urmeaza-sa-se-intalneasca-joi-cu-premierul-britanic-david-cameron-402714\">\n<p data-index=\"1\"><img decoding=\"async\" src=\"https:\/\/analyse.optim.biz\/wp-content\/uploads\/2024\/09\/pwmwndllotuxzgfimgu5nmu0ymninzrlmwy2ndljmjg5-thumb_.jpg\" data-skip-htmlfix=\"1\" title=\"pwmwndllotuxzgfimgu5nmu0ymninzrlmwy2ndljmjg5-thumb_\"><\/p>\n<p data-index=\"2\">\u00cen marja summitului <a href=\"https:\/\/www.digi24.ro\/Stiri\/Digi24\/Actualitate\/Politica\/VIDEO+Presedintele+Iohannis+deranjat+ca+un+ziarist+vorbea+la+tel\" data-skip-linkfix=\"1\">UE-CELAC<\/a>, desf\u0103\u015furat la Bruxelles, premierul David Cameron s-a \u00eent\u00e2lnit, miercuri, cu pre\u015fedintele cipriot, Nicos Anastasiades, urm\u00e2nd ca joi s\u0103 aib\u0103 \u00eentrevederi cu pre\u015fedintele rom\u00e2n, Klaus Iohannis, cu pre\u015fedintele finlandez, Juha Sipil\u00e4, cu premierul belgian, Charles Michel, \u015fi cu premierul spaniol, Mariano Rajoy, noteaz\u0103 publica\u0163ia citat\u0103.<\/p>\n<p data-index=\"3\">Pentru a ob\u0163ine sprijin \u00een vederea renegocierii apartenen\u0163ei Marii Britanii la UE, David Cameron a efectuat \u00een ultimul timp vizite la Berlin, Paris \u015fi Var\u015fovia.<\/p>\n<p data-index=\"4\">David Cameron, care a promis un referendum privind apartenen\u0163a la UE p\u00e2n\u0103 la sf\u00e2r\u015fitul lui 2017, a declarat c\u0103 este \u00eencrez\u0103tor c\u0103 poate ob\u0163ine o \u00een\u0163elegere care s\u0103 \u00eei permit\u0103 s\u0103 le recomande britanicilor s\u0103 r\u0103m\u00e2n\u0103 \u00een cadrul blocului comunitar, la care au aderat \u00een 1973.\u00a0<\/p>\n<\/div>\n<p> Source URL: https:\/\/www.digi24.ro\/stiri\/actualitate\/politica\/klaus-iohannis-urmeaza-sa-se-intalneasca-joi-cu-premierul-britanic-david-cameron-402714<\/p>\n","protected":false},"excerpt":{"rendered":"<p>\u00cen marja summitului UE-CELAC, desf\u0103\u015furat la Bruxelles, premierul David Cameron s-a \u00eent\u00e2lnit, miercuri, cu pre\u015fedintele cipriot, Nicos Anastasiades, urm\u00e2nd ca joi s\u0103 aib\u0103 \u00eentrevederi cu pre\u015fedintele rom\u00e2n, Klaus Iohannis, cu pre\u015fedintele finlandez, Juha Sipil\u00e4, cu premierul belgian, Charles Michel, \u015fi cu premierul spaniol, Mariano Rajoy, noteaz\u0103 publica\u0163ia citat\u0103. Pentru a ob\u0163ine sprijin \u00een vederea renegocierii [&hellip;]<\/p>\n","protected":false},"author":1,"featured_media":179358,"comment_status":"open","ping_status":"","sticky":false,"template":"","format":"standard","meta":{"footnotes":""},"categories":[2],"tags":[11],"class_list":["post-179357","post","type-post","status-publish","format-standard","has-post-thumbnail","hentry","category-politics","tag-digi24"],"_links":{"self":[{"href":"https:\/\/analyse.optim.biz\/index.php?rest_route=\/wp\/v2\/posts\/179357","targetHints":{"allow":["GET"]}}],"collection":[{"href":"https:\/\/analyse.optim.biz\/index.php?rest_route=\/wp\/v2\/posts"}],"about":[{"href":"https:\/\/analyse.optim.biz\/index.php?rest_route=\/wp\/v2\/types\/post"}],"author":[{"embeddable":true,"href":"https:\/\/analyse.optim.biz\/index.php?rest_route=\/wp\/v2\/users\/1"}],"replies":[{"embeddable":true,"href":"https:\/\/analyse.optim.biz\/index.php?rest_route=%2Fwp%2Fv2%2Fcomments&post=179357"}],"version-history":[{"count":0,"href":"https:\/\/analyse.optim.biz\/index.php?rest_route=\/wp\/v2\/posts\/179357\/revisions"}],"wp:featuredmedia":[{"embeddable":true,"href":"https:\/\/analyse.optim.biz\/index.php?rest_route=\/wp\/v2\/media\/179358"}],"wp:attachment":[{"href":"https:\/\/analyse.optim.biz\/index.php?rest_route=%2Fwp%2Fv2%2Fmedia&parent=179357"}],"wp:term":[{"taxonomy":"category","embeddable":true,"href":"https:\/\/analyse.optim.biz\/index.php?rest_route=%2Fwp%2Fv2%2Fcategories&post=179357"},{"taxonomy":"post_tag","embeddable":true,"href":"https:\/\/analyse.optim.biz\/index.php?rest_route=%2Fwp%2Fv2%2Ftags&post=179357"}],"curies":[{"name":"wp","href":"https:\/\/api.w.org\/{rel}","templated":true}]}}