{"id":1792773,"date":"2026-02-25T19:04:45","date_gmt":"2026-02-25T16:04:45","guid":{"rendered":"https:\/\/analyse.optim.biz\/?p=1792773"},"modified":"2026-02-25T19:04:45","modified_gmt":"2026-02-25T16:04:45","slug":"presedintele-radulescu-categoric-in-privinta-golirii-barajului-bradisor-nu-vom-fi-luati-prin-surprindere-ce-solutii-exista-gazeta-valceana","status":"publish","type":"post","link":"https:\/\/analyse.optim.biz\/?p=1792773","title":{"rendered":"Pre\u0219edintele R\u0103dulescu, categoric \u00een privin\u021ba golirii barajului Br\u0103di\u0219or: \u201eNU vom fi lua\u021bi prin surprindere!\u201d CE SOLU\u021aII exist\u0103 &#8211; Gazeta V\u00e2lcean\u0103"},"content":{"rendered":"<p>[analyse_image type=&#8221;featured&#8221; src=&#8221;https:\/\/www.gazeta-valceana.ro\/wp-content\/uploads\/2026\/02\/CJ-Constantin-Radulescu-lac-Bradisor.jpg&#8221;]<\/p>\n<article id=\"template-id-91645\" class=\"post-91645 tdb_templates type-tdb_templates status-publish post\">\n<div id=\"tdi_49\" class=\"tdc-zone\">\n<div class=\"tdc_zone tdi_50  wpb_row td-pb-row\">\n<div id=\"tdi_51\" class=\"tdc-row stretch_row_1200 td-stretch-content\">\n<div class=\"vc_row tdi_52  wpb_row td-pb-row\">\n<div class=\"vc_column tdi_54  wpb_column vc_column_container tdc-column td-pb-span8\">\n<div class=\"wpb_wrapper\">\n<div class=\"td_block_wrap tdb_title tdi_55 tdb-single-title td-pb-border-top td_block_template_1\" data-td-block-uid=\"tdi_55\">\n<div class=\"tdb-block-inner td-fix-index\">\n<h1 class=\"tdb-title-text\">Pre\u0219edintele R\u0103dulescu, categoric \u00een privin\u021ba golirii barajului Br\u0103di\u0219or: \u201eNU vom fi lua\u021bi prin surprindere!\u201d CE SOLU\u021aII exist\u0103<\/h1>\n<\/div>\n<\/div>\n<div class=\"vc_row_inner tdi_58  vc_row vc_inner wpb_row td-pb-row tdc-row-content-vert-center\">\n<div class=\"vc_column_inner tdi_60  wpb_column vc_column_container tdc-inner-column td-pb-span12\">\n<div class=\"vc_column-inner\">\n<div class=\"wpb_wrapper\">\n<div class=\"td_block_wrap tdb_single_categories tdi_61 td-pb-border-top td_block_template_1 \" data-td-block-uid=\"tdi_61\">\n<div class=\"tdb-category td-fix-index\"><a class=\"tdb-entry-category\" href=\"https:\/\/www.gazeta-valceana.ro\/category\/administratie\/\">Administra\u0163ie<\/a><a class=\"tdb-entry-category\" href=\"https:\/\/www.gazeta-valceana.ro\/category\/i\/\">I<\/a><\/div>\n<\/div>\n<div class=\"td_block_wrap tdb_single_date tdi_62 td-pb-border-top td_block_template_1 tdb-post-meta\" data-td-block-uid=\"tdi_62\">\n<div class=\"tdb-block-inner td-fix-index\"><time class=\"entry-date updated td-module-date\" datetime=\"2026-02-25T21:04:45+02:00\">25 februarie 2026<\/time><\/div>\n<\/div>\n<\/div>\n<\/div>\n<\/div>\n<\/div>\n<\/div>\n<\/div>\n<\/div>\n<\/div>\n<div id=\"tdi_65\" class=\"tdc-row stretch_row_1200 td-stretch-content\">\n<div class=\"vc_row tdi_66  wpb_row td-pb-row\">\n<div class=\"vc_column tdi_68  wpb_column vc_column_container tdc-column td-pb-span8\">\n<div class=\"wpb_wrapper\">\n<div class=\"td_block_wrap tdb_single_featured_image tdi_69 tdb-content-horiz-left td-pb-border-top td_block_template_1\" data-td-block-uid=\"tdi_69\">\n<div class=\"tdb-block-inner td-fix-index\"><img loading=\"lazy\" decoding=\"async\" width=\"696\" height=\"391\" class=\"entry-thumb\" src=\"https:\/\/www.gazeta-valceana.ro\/wp-content\/uploads\/2026\/02\/CJ-Constantin-Radulescu-lac-Bradisor-696x391.jpg\" alt title=\"CJ Constantin Radulescu lac Bradisor\"><\/div>\n<\/div>\n<div class=\"td_block_wrap tdb_single_post_share tdi_70  td-pb-border-top td_block_template_1\" data-td-block-uid=\"tdi_70\">\n<div id=\"tdi_70\" class=\"td-post-sharing tdb-block td-ps-border td-ps-border-grey td-ps-notext td-ps-icon-color td-ps-text-color td-post-sharing-style16 \">\n<div class=\"td-post-sharing-visible\">\n<div class=\"td-social-sharing-button td-social-sharing-button-js td-social-handler td-social-share-text\">\n<div class=\"td-social-but-text\">Ac\u021biune<\/div>\n<\/div>\n<p><a class=\"td-social-sharing-button td-social-sharing-button-js td-social-network td-social-facebook\" href=\"https:\/\/www.facebook.com\/sharer.php?u=https%3A%2F%2Fwww.gazeta-valceana.ro%2Fadministratie%2Fpresedintele-radulescu-categoric-in-privinta-golirii-barajului-bradisor-nu-vom-fi-luati-prin-surprindere-ce-solutii-exista%2F\" title=\"Facebook\"><\/p>\n<div class=\"td-social-but-text\">Facebook<\/div>\n<p><\/a><a class=\"td-social-sharing-button td-social-sharing-button-js td-social-network td-social-twitter\" href=\"https:\/\/twitter.com\/intent\/tweet?text=Pre%C8%99edintele+R%C4%83dulescu%2C+categoric+%C3%AEn+privin%C8%9Ba+golirii+barajului+Br%C4%83di%C8%99or%3A+%E2%80%9ENU+vom+fi+lua%C8%9Bi+prin+surprindere%21%E2%80%9D+CE+SOLU%C8%9AII+exist%C4%83&amp;url=https%3A%2F%2Fwww.gazeta-valceana.ro%2Fadministratie%2Fpresedintele-radulescu-categoric-in-privinta-golirii-barajului-bradisor-nu-vom-fi-luati-prin-surprindere-ce-solutii-exista%2F&amp;via=Gazeta+V%C3%A2lcean%C4%83\" title=\"Twitter\"><\/p>\n<div class=\"td-social-but-text\">Twitter<\/div>\n<p><\/a><a class=\"td-social-sharing-button td-social-sharing-button-js td-social-network td-social-pinterest\" href=\"https:\/\/pinterest.com\/pin\/create\/button\/?url=https:\/\/www.gazeta-valceana.ro\/administratie\/presedintele-radulescu-categoric-in-privinta-golirii-barajului-bradisor-nu-vom-fi-luati-prin-surprindere-ce-solutii-exista\/&amp;media=https:\/\/www.gazeta-valceana.ro\/wp-content\/uploads\/2026\/02\/CJ-Constantin-Radulescu-lac-Bradisor.jpg&amp;description=Pre%C8%99edintele+R%C4%83dulescu%2C+categoric+%C3%AEn+privin%C8%9Ba+golirii+barajului+Br%C4%83di%C8%99or%3A+%E2%80%9ENU+vom+fi+lua%C8%9Bi+prin+surprindere%21%E2%80%9D+CE+SOLU%C8%9AII+exist%C4%83\" title=\"Pinterest\"><\/p>\n<div class=\"td-social-but-text\">Pinterest<\/div>\n<p><\/a><a class=\"td-social-sharing-button td-social-sharing-button-js td-social-network td-social-whatsapp\" href=\"https:\/\/api.whatsapp.com\/send?text=Pre%C8%99edintele+R%C4%83dulescu%2C+categoric+%C3%AEn+privin%C8%9Ba+golirii+barajului+Br%C4%83di%C8%99or%3A+%E2%80%9ENU+vom+fi+lua%C8%9Bi+prin+surprindere%21%E2%80%9D+CE+SOLU%C8%9AII+exist%C4%83%20%0A%0A%20https:\/\/www.gazeta-valceana.ro\/administratie\/presedintele-radulescu-categoric-in-privinta-golirii-barajului-bradisor-nu-vom-fi-luati-prin-surprindere-ce-solutii-exista\/\" title=\"WhatsApp\"><\/p>\n<div class=\"td-social-but-text\">WhatsApp<\/div>\n<p><\/a><\/div>\n<\/div>\n<\/div>\n<div class=\"td_block_wrap tdb_single_content tdi_71 td-pb-border-top td_block_template_1 td-post-content tagdiv-type\" data-td-block-uid=\"tdi_71\">\n<div class=\"tdb-block-inner td-fix-index\">\n<p>Miercuri, 25 februarie 2026, Constantin R\u0103dulescu, pre\u0219edintele Consiliului Jude\u021bean V\u00e2lcea, a oferit, \u00een cadrul unei conferin\u021be de pres\u0103, mai multe declara\u021bii c\u00e2t se poate de ferme cu privire la situa\u021bia golirii lacului Br\u0103di\u0219or, surs\u0103 de ap\u0103 potabil\u0103 din care este alimentat \u0219i municipiul R\u00e2mnicu V\u00e2lcea. Din declara\u021biile pre\u0219edintelui Consiliului Jude\u021bean V\u00e2lcea reiese c\u0103 r\u00e2mnicenii (\u0219i ceilal\u021bi v\u00e2lceni care folosesc apa potabil\u0103 din Br\u0103di\u0219or) nu ar trebui s\u0103 cread\u0103 teorii ale conspira\u021biei care spun c\u0103 alimentarea cu ap\u0103 potabil\u0103 va reprezenta o problem\u0103 \u00een viitor.<\/p>\n<p><strong>V\u0103 prezent\u0103m c\u00e2teva dintre declara\u021biile lui R\u0103dulescu, dar \u0219i un video, la finalul articolului.<\/strong><\/p>\n<h2 class=\"wp-block-heading\"><strong><mark class=\"has-inline-color has-white-color\">DEMERSURI \u00ceNC\u0102 DIN ANUL 2023<\/mark><\/strong><\/h2>\n<p><em>\u201eAm urm\u0103rit discu\u021biile din spa\u021biul public referitoare la golirea barajului Br\u0103di\u0219or \u0219i la \u00eengrijor\u0103rile c\u0103 v\u00e2lcenii ar putea r\u0103m\u00e2ne f\u0103r\u0103 ap\u0103 potabil\u0103. Vreau s\u0103 fiu c\u00e2t se poate de clar: NU ne juc\u0103m cu s\u0103n\u0103tatea oamenilor! Noi am anticipat acest moment \u0219i am \u00eenceput demersurile oficiale \u00eenc\u0103 din anul 2023. De\u0219i Hidroelectrica estimeaz\u0103 golirea total\u0103 a barajului pentru vara anului 2029, la Consiliul Jude\u021bean V\u00e2lcea am stabilit deja un plan de ac\u021biune pentru a asigura continuitatea aliment\u0103rii cu ap\u0103 prin sursa alternativ\u0103 de la P\u0103scoaia (Brezoi)\u201d<\/em>, a explicat R\u0103dulescu.<\/p>\n<h2 class=\"wp-block-heading\"><strong><mark class=\"has-inline-color has-white-color\">CJ V\u00c2LCEA PL\u0102TE\u0218TE PROIECTAREA. LUCR\u0102RILE \u00ceNCEP \u00ceN 2027, CU BANII GUVERNULUI<\/mark><\/strong><\/h2>\n<p><em>\u201eConsiliul Jude\u021bean V\u00e2lcea \u00ee\u0219i asum\u0103 integral costurile pentru etapa de proiectare a acestei investi\u021bii. Chiar m\u00e2ine<\/em> (26 februarie 2026 n. red.) <em>semn\u0103m contractul de proiectare, urm\u00e2nd ca, \u00een luna august 2026, s\u0103 avem proiectul tehnic finalizat. P\u00e2n\u0103 \u00een decembrie 2026, vom desemna constructorul, astfel \u00eenc\u00e2t, \u00een 2027, s\u0103 \u00eencepem lucr\u0103rile propriu-zise. Asta \u00eenseamn\u0103 c\u0103 vom fi gata cu mult \u00eenainte de termenul limit\u0103 din 2029. \u00cens\u0103, pentru ca acest grafic s\u0103 fie respectat, Guvernul Rom\u00e2niei are obliga\u021bia s\u0103 aloce banii necesari execu\u021biei lucr\u0103rilor, o sum\u0103 estimat\u0103 la cel pu\u021bin 22 milioane lei (f\u0103r\u0103 TVA)\u201d<\/em>, a mai precizat pre\u0219edintele Consiliului Jude\u021bean V\u00e2lcea.<\/p>\n<h2 class=\"wp-block-heading\"><strong><mark class=\"has-inline-color has-white-color\">V\u00c2LCENII NU AU MOTIVE DE \u00ceNGRIJORARE<\/mark><\/strong><\/h2>\n<p><em>\u201eNoi ne facem datoria: pl\u0103tim proiectarea \u0219i monitoriz\u0103m \u00een permanen\u021b\u0103 acest proiect vital. Sunt convins c\u0103 Guvernul Rom\u00e2niei va da dovad\u0103 de responsabilitate \u0219i va asigura finan\u021barea necesar\u0103 acestei investi\u021bii!\u201d<\/em>, a concluzionat Constantin R\u0103dulescu.<\/p>\n<figure class=\"wp-block-embed is-type-video is-provider-youtube wp-block-embed-youtube wp-embed-aspect-16-9 wp-has-aspect-ratio\">\n<div class=\"wp-block-embed__wrapper\">\n<iframe loading=\"lazy\" title=\"CJ Constantin Radulescu declaratii 25 02\" width=\"696\" height=\"392\" src=\"https:\/\/www.youtube.com\/embed\/z2oAsPD-NCk?feature=oembed\" frameborder allow=\"accelerometer; autoplay; clipboard-write; encrypted-media; gyroscope; picture-in-picture; web-share\" referrerpolicy=\"strict-origin-when-cross-origin\" allowfullscreen><\/iframe>\n<\/div>\n<\/figure>\n<\/div>\n<\/div>\n<div class=\"tdb-author-box td_block_wrap tdb_single_author_box tdi_72 tdb-content-vert-top td-pb-border-top td_block_template_1\" data-td-block-uid=\"tdi_72\">\n<div class=\"tdb-block-inner td-fix-index\"><a href=\"https:\/\/www.gazeta-valceana.ro\/author\/redactia\/\" class=\"tdb-author-photo\" title=\"Redactia\"><img decoding=\"async\" alt=\"Redactia\" src=\"https:\/\/secure.gravatar.com\/avatar\/d9699bfd17d7f55fcf6bbdfb0214d48a942c5fd23a1db27f4a803a8d0651670f?s=500&amp;d=mm&amp;r=g\" class=\"avatar avatar-500 photo\" height=\"500\" width=\"500\" loading=\"lazy\"><\/a><\/p>\n<div class=\"tdb-author-info\"><a href=\"https:\/\/www.gazeta-valceana.ro\/author\/redactia\/\" class=\"tdb-author-name\">Redactia<\/a><\/div>\n<\/div>\n<\/div>\n<\/div>\n<\/div>\n<div class=\"vc_column tdi_76  wpb_column vc_column_container tdc-column td-pb-span4 td-is-sticky\">\n<div class=\"wpb_wrapper\" data-sticky-enabled-on=\"W3RydWUsdHJ1ZSx0cnVlLHRydWVd\" data-sticky-offset=\"20\" data-sticky-is-width-auto=\"W2ZhbHNlLGZhbHNlLGZhbHNlLGZhbHNlXQ==\">\n<div class=\"vc_row_inner tdi_81  vc_row vc_inner wpb_row td-pb-row tdc-row-content-vert-center\">\n<div class=\"vc_column_inner tdi_83  wpb_column vc_column_container tdc-inner-column td-pb-span12\">\n<div class=\"vc_column-inner\">\n<div class=\"wpb_wrapper\">\n<div class=\"tdm_block td_block_wrap tdm_block_inline_text tdi_86 tdm-inline-block td-pb-border-top td_block_template_1\" data-td-block-uid=\"tdi_86\">\n<p class=\"tdm-descr\">Ultimele articole<\/p>\n<\/div>\n<\/div>\n<\/div>\n<\/div>\n<\/div>\n<div class=\"td_block_wrap td_flex_block_1 tdi_87 td-pb-border-top td_block_template_1 td_flex_block\" data-td-block-uid=\"tdi_87\">\n<div id=\"tdi_87\" class=\"td_block_inner td-mc1-wrap\">\n<div class=\"td_module_flex td_module_flex_1 td_module_wrap td-animation-stack td-cpt-post\">\n<div class=\"td-module-container td-category-pos-\">\n<div class=\"td-module-meta-info\">\n<h3 class=\"entry-title td-module-title\"><a href=\"https:\/\/www.gazeta-valceana.ro\/anchetedezvaluri\/copil-de-11-ani-urcat-la-volan-si-a-lovit-mama-cu-masina-intamplare-socanta-in-aceasta-seara-in-judetul-vecin\/\" rel=\"bookmark\" title=\"Copil de 11 ani, urcat la volan, \u0219i-a lovit mama cu ma\u0219ina! \u00cent\u00e2mplare \u0218OCANT\u0102, \u00een aceast\u0103 sear\u0103, \u00een jude\u021bul vecin\">Copil de 11 ani, urcat la volan, \u0219i-a lovit mama cu ma\u0219ina! \u00cent\u00e2mplare \u0218OCANT\u0102, \u00een aceast\u0103 sear\u0103, \u00een jude\u021bul vecin<\/a><\/h3>\n<div class=\"td-editor-date\"><span class=\"td-author-date\"><span class=\"td-post-date\"><time class=\"entry-date updated td-module-date\" datetime=\"2026-02-25T19:38:22+02:00\">25 februarie 2026<\/time><\/span><\/span><\/div>\n<\/div>\n<\/div>\n<\/div>\n<div class=\"td_module_flex td_module_flex_1 td_module_wrap td-animation-stack td-cpt-post\">\n<div class=\"td-module-container td-category-pos-\">\n<div class=\"td-module-meta-info\">\n<h3 class=\"entry-title td-module-title\"><a href=\"https:\/\/www.gazeta-valceana.ro\/fapt-divers\/unitatea-de-pompieri-din-ramnic-si-subunitatile-din-dragasani-brezoi-bunesti-gradistea-horezu-si-maciuca-deschise-publicului-cu-prilejul-saptamanii-protectiei-civile\/\" rel=\"bookmark\" title=\"Unitatea de pompieri din R\u00e2mnic \u015fi subunit\u0103\u0163ile din Dr\u0103g\u0103\u015fani, Brezoi, Bune\u0219ti, Gr\u0103di\u015ftea, Horezu \u015fi M\u0103ciuca, deschise publicului cu prilejul \u201eS\u0103pt\u0103m\u00e2nii protec\u021biei civile\u201d\">Unitatea de pompieri din R\u00e2mnic \u015fi subunit\u0103\u0163ile din Dr\u0103g\u0103\u015fani, Brezoi, Bune\u0219ti, Gr\u0103di\u015ftea, Horezu \u015fi M\u0103ciuca, deschise publicului cu prilejul \u201eS\u0103pt\u0103m\u00e2nii protec\u021biei civile\u201d<\/a><\/h3>\n<div class=\"td-editor-date\"><span class=\"td-author-date\"><span class=\"td-post-date\"><time class=\"entry-date updated td-module-date\" datetime=\"2026-02-25T19:12:33+02:00\">25 februarie 2026<\/time><\/span><\/span><\/div>\n<\/div>\n<\/div>\n<\/div>\n<div class=\"td_module_flex td_module_flex_1 td_module_wrap td-animation-stack td-cpt-post\">\n<div class=\"td-module-container td-category-pos-\">\n<div class=\"td-module-meta-info\">\n<h3 class=\"entry-title td-module-title\"><a href=\"https:\/\/www.gazeta-valceana.ro\/sport\/valcea-bate-bine-aur-argint-si-bronz-la-un-turneu-de-box-extrem-de-important\/\" rel=\"bookmark\" title=\"V\u00e2lcea bate bine! Aur, argint \u0219i bronz la un turneu de box extrem de important\">V\u00e2lcea bate bine! Aur, argint \u0219i bronz la un turneu de box extrem de important<\/a><\/h3>\n<div class=\"td-editor-date\"><span class=\"td-author-date\"><span class=\"td-post-date\"><time class=\"entry-date updated td-module-date\" datetime=\"2026-02-25T12:35:22+02:00\">25 februarie 2026<\/time><\/span><\/span><\/div>\n<\/div>\n<\/div>\n<\/div>\n<div class=\"td_module_flex td_module_flex_1 td_module_wrap td-animation-stack td-cpt-post\">\n<div class=\"td-module-container td-category-pos-\">\n<div class=\"td-module-meta-info\">\n<h3 class=\"entry-title td-module-title\"><a href=\"https:\/\/www.gazeta-valceana.ro\/justitie\/la-57-de-ani-un-valcean-se-tinea-de-gainarii-fura-ce-prindea-politistii-i-au-venit-de-hac-in-cele-din-urma\/\" rel=\"bookmark\" title=\"La 57 de ani, un v\u00e2lcean se \u021binea de g\u0103in\u0103rii. Fura ce prindea! POLI\u021aI\u0218TII i-au venit de hac, \u00een cele din urm\u0103\">La 57 de ani, un v\u00e2lcean se \u021binea de g\u0103in\u0103rii. Fura ce prindea! POLI\u021aI\u0218TII i-au venit de hac, \u00een cele din urm\u0103<\/a><\/h3>\n<div class=\"td-editor-date\"><span class=\"td-author-date\"><span class=\"td-post-date\"><time class=\"entry-date updated td-module-date\" datetime=\"2026-02-25T10:54:11+02:00\">25 februarie 2026<\/time><\/span><\/span><\/div>\n<\/div>\n<\/div>\n<\/div>\n<\/div>\n<\/div>\n<div class=\"td_block_wrap td-a-rec td-a-rec-id-custom-spot td-a-rec-img tdi_88 td_block_template_1\">\n<div><a href=\"https:\/\/www.gazeta-valceana.ro\/administratie\/presedintele-radulescu-categoric-in-privinta-golirii-barajului-bradisor-nu-vom-fi-luati-prin-surprindere-ce-solutii-exista\/\" class=\"td_spot_img_all\"><img loading=\"lazy\" decoding=\"async\" src=\"https:\/\/www.gazeta-valceana.ro\/wp-content\/uploads\/2025\/01\/image-5.jpg\" alt=\"spot_img\" width=\"347\" height=\"277\"><\/a><a href=\"https:\/\/www.gazeta-valceana.ro\/administratie\/presedintele-radulescu-categoric-in-privinta-golirii-barajului-bradisor-nu-vom-fi-luati-prin-surprindere-ce-solutii-exista\/\" class=\"td_spot_img_mob\"><img loading=\"lazy\" decoding=\"async\" src=\"https:\/\/www.gazeta-valceana.ro\/wp-content\/uploads\/2025\/01\/image-5.jpg\" alt=\"spot_img\" width=\"347\" height=\"247\"><\/a><\/div>\n<\/div>\n<div class=\"td_block_wrap td-a-rec td-a-rec-id-custom-spot td-a-rec-img tdi_89 td_block_template_1\">\n<div><a href=\"https:\/\/www.gazeta-valceana.ro\/administratie\/presedintele-radulescu-categoric-in-privinta-golirii-barajului-bradisor-nu-vom-fi-luati-prin-surprindere-ce-solutii-exista\/\" class=\"td_spot_img_all\"><img loading=\"lazy\" decoding=\"async\" src=\"https:\/\/www.gazeta-valceana.ro\/wp-content\/uploads\/2025\/01\/image-3.jpeg\" alt=\"spot_img\" width=\"347\" height=\"277\"><\/a><a href=\"https:\/\/www.gazeta-valceana.ro\/administratie\/presedintele-radulescu-categoric-in-privinta-golirii-barajului-bradisor-nu-vom-fi-luati-prin-surprindere-ce-solutii-exista\/\" class=\"td_spot_img_mob\"><img loading=\"lazy\" decoding=\"async\" src=\"https:\/\/www.gazeta-valceana.ro\/wp-content\/uploads\/2025\/01\/image-3.jpeg\" alt=\"spot_img\" width=\"347\" height=\"247\"><\/a><\/div>\n<\/div>\n<\/div>\n<\/div>\n<\/div>\n<\/div>\n<div id=\"tdi_97\" class=\"tdc-row stretch_row_1200 td-stretch-content\">\n<div class=\"vc_row tdi_98  wpb_row td-pb-row\">\n<div class=\"vc_column tdi_100  wpb_column vc_column_container tdc-column td-pb-span12\">\n<div class=\"wpb_wrapper\">\n<div class=\"td_block_wrap tdb_single_next_prev tdi_101 td-pb-border-top td_block_template_1\" data-td-block-uid=\"tdi_101\">\n<div class=\"tdb-block-inner td-fix-index\">\n<div class=\"tdb-next-post tdb-next-post-bg tdb-post-prev\"><span>Articolul precedent<\/span><\/p>\n<div class=\"td-module-container\">\n<div class=\"next-prev-title\"><a href=\"https:\/\/www.gazeta-valceana.ro\/anchetedezvaluri\/copil-de-11-ani-urcat-la-volan-si-a-lovit-mama-cu-masina-intamplare-socanta-in-aceasta-seara-in-judetul-vecin\/\">Copil de 11 ani, urcat la volan, \u0219i-a lovit mama cu ma\u0219ina! \u00cent\u00e2mplare \u0218OCANT\u0102, \u00een aceast\u0103 sear\u0103, \u00een jude\u021bul vecin<\/a><\/div>\n<\/div>\n<\/div>\n<\/div>\n<\/div>\n<div class=\"vc_row_inner tdi_103  vc_row vc_inner wpb_row td-pb-row tdc-row-content-vert-center\">\n<div class=\"vc_column_inner tdi_105  wpb_column vc_column_container tdc-inner-column td-pb-span12\">\n<div class=\"vc_column-inner\">\n<div class=\"wpb_wrapper\">\n<div class=\"tdm_block td_block_wrap tdm_block_inline_text tdi_108 tdm-inline-block td-pb-border-top td_block_template_1\" data-td-block-uid=\"tdi_108\">\n<p class=\"tdm-descr\">Related articles<\/p>\n<\/div>\n<\/div>\n<\/div>\n<\/div>\n<\/div>\n<div class=\"td_block_wrap tdb_single_related tdi_109 td_with_ajax_pagination td-pb-border-top td_block_template_1 tdb-single-related-posts\" data-td-block-uid=\"tdi_109\">\n<div id=\"tdi_109\" class=\"td_block_inner tdb-block-inner td-fix-index\">\n<div class=\"tdb_module_related td_module_wrap td-animation-stack\">\n<div class=\"td-module-container td-category-pos-\">\n<div class=\"td-module-meta-info\">\n<h3 class=\"entry-title td-module-title\"><a href=\"https:\/\/www.gazeta-valceana.ro\/anchetedezvaluri\/copil-de-11-ani-urcat-la-volan-si-a-lovit-mama-cu-masina-intamplare-socanta-in-aceasta-seara-in-judetul-vecin\/\" rel=\"bookmark\" title=\"Copil de 11 ani, urcat la volan, \u0219i-a lovit mama cu ma\u0219ina! \u00cent\u00e2mplare \u0218OCANT\u0102, \u00een aceast\u0103 sear\u0103, \u00een jude\u021bul vecin\">Copil de 11 ani, urcat la volan, \u0219i-a lovit mama cu ma\u0219ina! \u00cent\u00e2mplare \u0218OCANT\u0102, \u00een aceast\u0103 sear\u0103, \u00een jude\u021bul vecin<\/a><\/h3>\n<div class=\"td-editor-date\"><a href=\"https:\/\/www.gazeta-valceana.ro\/category\/anchetedezvaluri\/\" class=\"td-post-category\">Anchete\/Dezv\u0103luri<\/a><span class=\"td-author-date\"><span class=\"td-post-date\"><time class=\"entry-date updated td-module-date\" datetime=\"2026-02-25T19:38:22+02:00\">25 februarie 2026<\/time><\/span><\/span><\/div>\n<\/div>\n<\/div>\n<\/div>\n<div class=\"tdb_module_related td_module_wrap td-animation-stack\">\n<div class=\"td-module-container td-category-pos-\">\n<div class=\"td-module-meta-info\">\n<h3 class=\"entry-title td-module-title\"><a href=\"https:\/\/www.gazeta-valceana.ro\/fapt-divers\/unitatea-de-pompieri-din-ramnic-si-subunitatile-din-dragasani-brezoi-bunesti-gradistea-horezu-si-maciuca-deschise-publicului-cu-prilejul-saptamanii-protectiei-civile\/\" rel=\"bookmark\" title=\"Unitatea de pompieri din R\u00e2mnic \u015fi subunit\u0103\u0163ile din Dr\u0103g\u0103\u015fani, Brezoi, Bune\u0219ti, Gr\u0103di\u015ftea, Horezu \u015fi M\u0103ciuca, deschise publicului cu prilejul \u201eS\u0103pt\u0103m\u00e2nii protec\u021biei civile\u201d\">Unitatea de pompieri din R\u00e2mnic \u015fi subunit\u0103\u0163ile din Dr\u0103g\u0103\u015fani, Brezoi, Bune\u0219ti, Gr\u0103di\u015ftea, Horezu \u015fi M\u0103ciuca, deschise publicului cu prilejul \u201eS\u0103pt\u0103m\u00e2nii protec\u021biei civile\u201d<\/a><\/h3>\n<div class=\"td-editor-date\"><a href=\"https:\/\/www.gazeta-valceana.ro\/category\/fapt-divers\/\" class=\"td-post-category\">Fapt divers<\/a><span class=\"td-author-date\"><span class=\"td-post-date\"><time class=\"entry-date updated td-module-date\" datetime=\"2026-02-25T19:12:33+02:00\">25 februarie 2026<\/time><\/span><\/span><\/div>\n<\/div>\n<\/div>\n<\/div>\n<div class=\"tdb_module_related td_module_wrap td-animation-stack\">\n<div class=\"td-module-container td-category-pos-\">\n<div class=\"td-module-meta-info\">\n<h3 class=\"entry-title td-module-title\"><a href=\"https:\/\/www.gazeta-valceana.ro\/sport\/valcea-bate-bine-aur-argint-si-bronz-la-un-turneu-de-box-extrem-de-important\/\" rel=\"bookmark\" title=\"V\u00e2lcea bate bine! Aur, argint \u0219i bronz la un turneu de box extrem de important\">V\u00e2lcea bate bine! Aur, argint \u0219i bronz la un turneu de box extrem de important<\/a><\/h3>\n<div class=\"td-editor-date\"><a href=\"https:\/\/www.gazeta-valceana.ro\/category\/i\/\" class=\"td-post-category\">I<\/a><span class=\"td-author-date\"><span class=\"td-post-date\"><time class=\"entry-date updated td-module-date\" datetime=\"2026-02-25T12:35:22+02:00\">25 februarie 2026<\/time><\/span><\/span><\/div>\n<\/div>\n<\/div>\n<\/div>\n<\/div>\n<\/div>\n<\/div>\n<\/div>\n<\/div>\n<\/div>\n<div id=\"tdi_116\" class=\"tdc-row stretch_row_1200 td-stretch-content\">\n<div class=\"vc_row tdi_117  wpb_row td-pb-row\">\n<div class=\"vc_column tdi_122  wpb_column vc_column_container tdc-column td-pb-span4 td-is-sticky\">\n<div class=\"wpb_wrapper\" data-sticky-enabled-on=\"W3RydWUsdHJ1ZSx0cnVlLHRydWVd\" data-sticky-offset=\"20\" data-sticky-is-width-auto=\"W2ZhbHNlLGZhbHNlLGZhbHNlLGZhbHNlXQ==\">\n<div class=\"td_block_wrap td-a-rec td-a-rec-id-custom-spot td-a-rec-img tdi_123 td_block_template_1\">\n<div><a href=\"https:\/\/www.gazeta-valceana.ro\/administratie\/presedintele-radulescu-categoric-in-privinta-golirii-barajului-bradisor-nu-vom-fi-luati-prin-surprindere-ce-solutii-exista\/\" class=\"td_spot_img_all\"><img loading=\"lazy\" decoding=\"async\" src=\"https:\/\/www.gazeta-valceana.ro\/wp-content\/uploads\/2025\/01\/image-4.jpg\" alt=\"spot_img\" width=\"347\" height=\"277\"><\/a><a href=\"https:\/\/www.gazeta-valceana.ro\/administratie\/presedintele-radulescu-categoric-in-privinta-golirii-barajului-bradisor-nu-vom-fi-luati-prin-surprindere-ce-solutii-exista\/\" class=\"td_spot_img_mob\"><img loading=\"lazy\" decoding=\"async\" src=\"https:\/\/www.gazeta-valceana.ro\/wp-content\/uploads\/2025\/01\/image-4.jpg\" alt=\"spot_img\" width=\"347\" height=\"247\"><\/a><\/div>\n<\/div>\n<div class=\"td_block_wrap td-a-rec td-a-rec-id-custom-spot td-a-rec-img tdi_124 td_block_template_1\">\n<div><a href=\"https:\/\/www.gazeta-valceana.ro\/administratie\/presedintele-radulescu-categoric-in-privinta-golirii-barajului-bradisor-nu-vom-fi-luati-prin-surprindere-ce-solutii-exista\/\" class=\"td_spot_img_all\"><img loading=\"lazy\" decoding=\"async\" src=\"https:\/\/www.gazeta-valceana.ro\/wp-content\/uploads\/2025\/01\/image-5.jpg\" alt=\"spot_img\" width=\"347\" height=\"277\"><\/a><a href=\"https:\/\/www.gazeta-valceana.ro\/administratie\/presedintele-radulescu-categoric-in-privinta-golirii-barajului-bradisor-nu-vom-fi-luati-prin-surprindere-ce-solutii-exista\/\" class=\"td_spot_img_mob\"><img loading=\"lazy\" decoding=\"async\" src=\"https:\/\/www.gazeta-valceana.ro\/wp-content\/uploads\/2025\/01\/image-5.jpg\" alt=\"spot_img\" width=\"347\" height=\"247\"><\/a><\/div>\n<\/div>\n<div class=\"td_block_wrap td-a-rec td-a-rec-id-custom-spot td-a-rec-img tdi_125 td_block_template_1\">\n<div><a href=\"https:\/\/www.gazeta-valceana.ro\/administratie\/presedintele-radulescu-categoric-in-privinta-golirii-barajului-bradisor-nu-vom-fi-luati-prin-surprindere-ce-solutii-exista\/\" class=\"td_spot_img_all\"><img loading=\"lazy\" decoding=\"async\" src=\"https:\/\/www.gazeta-valceana.ro\/wp-content\/uploads\/2025\/01\/image-3.jpeg\" alt=\"spot_img\" width=\"347\" height=\"277\"><\/a><a href=\"https:\/\/www.gazeta-valceana.ro\/administratie\/presedintele-radulescu-categoric-in-privinta-golirii-barajului-bradisor-nu-vom-fi-luati-prin-surprindere-ce-solutii-exista\/\" class=\"td_spot_img_mob\"><img loading=\"lazy\" decoding=\"async\" src=\"https:\/\/www.gazeta-valceana.ro\/wp-content\/uploads\/2025\/01\/image-3.jpeg\" alt=\"spot_img\" width=\"347\" height=\"247\"><\/a><\/div>\n<\/div>\n<\/div>\n<\/div>\n<\/div>\n<\/div>\n<\/div>\n<\/div>\n<p><span class=\"td-page-meta\"><\/span><span class=\"td-page-meta\"><span class=\"td-page-meta\"><\/span><\/span><span class=\"td-page-meta\"><\/span><\/article>\n<\/p>\n<div class=\"td_block_wrap tdb_single_content tdi_71 td-pb-border-top td_block_template_1 td-post-content tagdiv-type\" data-td-block-uid=\"tdi_71\">\n<div class=\"tdb-block-inner td-fix-index\">\n<p>Miercuri, 25 februarie 2026, Constantin R\u0103dulescu, pre\u0219edintele Consiliului Jude\u021bean V\u00e2lcea, a oferit, \u00een cadrul unei conferin\u021be de pres\u0103, mai multe declara\u021bii c\u00e2t se poate de ferme cu privire la situa\u021bia golirii lacului Br\u0103di\u0219or, surs\u0103 de ap\u0103 potabil\u0103 din care este alimentat \u0219i municipiul R\u00e2mnicu V\u00e2lcea. Din declara\u021biile pre\u0219edintelui Consiliului Jude\u021bean V\u00e2lcea reiese c\u0103 r\u00e2mnicenii (\u0219i ceilal\u021bi v\u00e2lceni care folosesc apa potabil\u0103 din Br\u0103di\u0219or) nu ar trebui s\u0103 cread\u0103 teorii ale conspira\u021biei care spun c\u0103 alimentarea cu ap\u0103 potabil\u0103 va reprezenta o problem\u0103 \u00een viitor.<\/p>\n<p><strong>V\u0103 prezent\u0103m c\u00e2teva dintre declara\u021biile lui R\u0103dulescu, dar \u0219i un video, la finalul articolului.<\/strong><\/p>\n<h2 class=\"wp-block-heading\"><strong><mark class=\"has-inline-color has-white-color\">DEMERSURI \u00ceNC\u0102 DIN ANUL 2023<\/mark><\/strong><\/h2>\n<p><em>\u201eAm urm\u0103rit discu\u021biile din spa\u021biul public referitoare la golirea barajului Br\u0103di\u0219or \u0219i la \u00eengrijor\u0103rile c\u0103 v\u00e2lcenii ar putea r\u0103m\u00e2ne f\u0103r\u0103 ap\u0103 potabil\u0103. Vreau s\u0103 fiu c\u00e2t se poate de clar: NU ne juc\u0103m cu s\u0103n\u0103tatea oamenilor! Noi am anticipat acest moment \u0219i am \u00eenceput demersurile oficiale \u00eenc\u0103 din anul 2023. De\u0219i Hidroelectrica estimeaz\u0103 golirea total\u0103 a barajului pentru vara anului 2029, la Consiliul Jude\u021bean V\u00e2lcea am stabilit deja un plan de ac\u021biune pentru a asigura continuitatea aliment\u0103rii cu ap\u0103 prin sursa alternativ\u0103 de la P\u0103scoaia (Brezoi)\u201d<\/em>, a explicat R\u0103dulescu.<\/p>\n<h2 class=\"wp-block-heading\"><strong><mark class=\"has-inline-color has-white-color\">CJ V\u00c2LCEA PL\u0102TE\u0218TE PROIECTAREA. LUCR\u0102RILE \u00ceNCEP \u00ceN 2027, CU BANII GUVERNULUI<\/mark><\/strong><\/h2>\n<p><em>\u201eConsiliul Jude\u021bean V\u00e2lcea \u00ee\u0219i asum\u0103 integral costurile pentru etapa de proiectare a acestei investi\u021bii. Chiar m\u00e2ine<\/em> (26 februarie 2026 n. red.) <em>semn\u0103m contractul de proiectare, urm\u00e2nd ca, \u00een luna august 2026, s\u0103 avem proiectul tehnic finalizat. P\u00e2n\u0103 \u00een decembrie 2026, vom desemna constructorul, astfel \u00eenc\u00e2t, \u00een 2027, s\u0103 \u00eencepem lucr\u0103rile propriu-zise. Asta \u00eenseamn\u0103 c\u0103 vom fi gata cu mult \u00eenainte de termenul limit\u0103 din 2029. \u00cens\u0103, pentru ca acest grafic s\u0103 fie respectat, Guvernul Rom\u00e2niei are obliga\u021bia s\u0103 aloce banii necesari execu\u021biei lucr\u0103rilor, o sum\u0103 estimat\u0103 la cel pu\u021bin 22 milioane lei (f\u0103r\u0103 TVA)\u201d<\/em>, a mai precizat pre\u0219edintele Consiliului Jude\u021bean V\u00e2lcea.<\/p>\n<h2 class=\"wp-block-heading\"><strong><mark class=\"has-inline-color has-white-color\">V\u00c2LCENII NU AU MOTIVE DE \u00ceNGRIJORARE<\/mark><\/strong><\/h2>\n<p><em>\u201eNoi ne facem datoria: pl\u0103tim proiectarea \u0219i monitoriz\u0103m \u00een permanen\u021b\u0103 acest proiect vital. Sunt convins c\u0103 Guvernul Rom\u00e2niei va da dovad\u0103 de responsabilitate \u0219i va asigura finan\u021barea necesar\u0103 acestei investi\u021bii!\u201d<\/em>, a concluzionat Constantin R\u0103dulescu.<\/p>\n<figure class=\"wp-block-embed is-type-video is-provider-youtube wp-block-embed-youtube wp-embed-aspect-16-9 wp-has-aspect-ratio\">\n<div class=\"wp-block-embed__wrapper\">\n<iframe loading=\"lazy\" title=\"CJ Constantin Radulescu declaratii 25 02\" width=\"696\" height=\"392\" src=\"https:\/\/www.youtube.com\/embed\/z2oAsPD-NCk?feature=oembed\" frameborder allow=\"accelerometer; autoplay; clipboard-write; encrypted-media; gyroscope; picture-in-picture; web-share\" referrerpolicy=\"strict-origin-when-cross-origin\" allowfullscreen><\/iframe>\n<\/div>\n<\/figure>\n<\/div>\n<\/div>\n<p>Miercuri, 25 februarie 2026, Constantin R\u0103dulescu, pre\u0219edintele Consiliului Jude\u021bean V\u00e2lcea, a oferit, \u00een cadrul unei conferin\u021be de pres\u0103, mai multe declara\u021bii c\u00e2t se poate de ferme cu privire la situa\u021bia golirii lacului Br\u0103di\u0219or, surs\u0103 de ap\u0103 potabil\u0103 din care este alimentat \u0219i municipiul R\u00e2mnicu V\u00e2lcea. Din declara\u021biile pre\u0219edintelui Consiliului Jude\u021bean V\u00e2lcea reiese c\u0103 r\u00e2mnicenii (\u0219i ceilal\u021bi v\u00e2lceni care folosesc apa potabil\u0103 din Br\u0103di\u0219or) nu ar trebui s\u0103 cread\u0103 teorii ale conspira\u021biei care spun c\u0103 alimentarea cu ap\u0103 potabil\u0103 va reprezenta o problem\u0103 \u00een viitor.<\/p>\n<p><strong>V\u0103 prezent\u0103m c\u00e2teva dintre declara\u021biile lui R\u0103dulescu, dar \u0219i un video, la finalul articolului.<\/strong><\/p>\n<p><em>\u201eAm urm\u0103rit discu\u021biile din spa\u021biul public referitoare la golirea barajului Br\u0103di\u0219or \u0219i la \u00eengrijor\u0103rile c\u0103 v\u00e2lcenii ar putea r\u0103m\u00e2ne f\u0103r\u0103 ap\u0103 potabil\u0103. Vreau s\u0103 fiu c\u00e2t se poate de clar: NU ne juc\u0103m cu s\u0103n\u0103tatea oamenilor! Noi am anticipat acest moment \u0219i am \u00eenceput demersurile oficiale \u00eenc\u0103 din anul 2023. De\u0219i Hidroelectrica estimeaz\u0103 golirea total\u0103 a barajului pentru vara anului 2029, la Consiliul Jude\u021bean V\u00e2lcea am stabilit deja un plan de ac\u021biune pentru a asigura continuitatea aliment\u0103rii cu ap\u0103 prin sursa alternativ\u0103 de la P\u0103scoaia (Brezoi)\u201d<\/em>, a explicat R\u0103dulescu.<\/p>\n<p><em>\u201eConsiliul Jude\u021bean V\u00e2lcea \u00ee\u0219i asum\u0103 integral costurile pentru etapa de proiectare a acestei investi\u021bii. Chiar m\u00e2ine<\/em> (26 februarie 2026 n. red.) <em>semn\u0103m contractul de proiectare, urm\u00e2nd ca, \u00een luna august 2026, s\u0103 avem proiectul tehnic finalizat. P\u00e2n\u0103 \u00een decembrie 2026, vom desemna constructorul, astfel \u00eenc\u00e2t, \u00een 2027, s\u0103 \u00eencepem lucr\u0103rile propriu-zise. Asta \u00eenseamn\u0103 c\u0103 vom fi gata cu mult \u00eenainte de termenul limit\u0103 din 2029. \u00cens\u0103, pentru ca acest grafic s\u0103 fie respectat, Guvernul Rom\u00e2niei are obliga\u021bia s\u0103 aloce banii necesari execu\u021biei lucr\u0103rilor, o sum\u0103 estimat\u0103 la cel pu\u021bin 22 milioane lei (f\u0103r\u0103 TVA)\u201d<\/em>, a mai precizat pre\u0219edintele Consiliului Jude\u021bean V\u00e2lcea.<\/p>\n<p><em>\u201eNoi ne facem datoria: pl\u0103tim proiectarea \u0219i monitoriz\u0103m \u00een permanen\u021b\u0103 acest proiect vital. Sunt convins c\u0103 Guvernul Rom\u00e2niei va da dovad\u0103 de responsabilitate \u0219i va asigura finan\u021barea necesar\u0103 acestei investi\u021bii!\u201d<\/em>, a concluzionat Constantin R\u0103dulescu.<\/p>\n<p>[analyse_source url=&#8221;https:\/\/www.gazeta-valceana.ro\/administratie\/presedintele-radulescu-categoric-in-privinta-golirii-barajului-bradisor-nu-vom-fi-luati-prin-surprindere-ce-solutii-exista\/&#8221;]<\/p>\n","protected":false},"excerpt":{"rendered":"<p>[analyse_image type=&#8221;featured&#8221; src=&#8221;https:\/\/www.gazeta-valceana.ro\/wp-content\/uploads\/2026\/02\/CJ-Constantin-Radulescu-lac-Bradisor.jpg&#8221;] Pre\u0219edintele R\u0103dulescu, categoric \u00een privin\u021ba golirii barajului Br\u0103di\u0219or: \u201eNU vom fi lua\u021bi prin surprindere!\u201d CE SOLU\u021aII exist\u0103 Administra\u0163ieI 25 februarie 2026 Ac\u021biune Facebook Twitter Pinterest WhatsApp Miercuri, 25 februarie 2026, Constantin R\u0103dulescu, pre\u0219edintele Consiliului Jude\u021bean V\u00e2lcea, a oferit, \u00een cadrul unei conferin\u021be de pres\u0103, mai multe declara\u021bii c\u00e2t se poate de ferme [&hellip;]<\/p>\n","protected":false},"author":1,"featured_media":0,"comment_status":"open","ping_status":"","sticky":false,"template":"","format":"standard","meta":{"footnotes":""},"categories":[89],"tags":[226,214],"class_list":["post-1792773","post","type-post","status-publish","format-standard","hentry","category-romania","tag-crawlmanager","tag-gazetavalceana-ro"],"_links":{"self":[{"href":"https:\/\/analyse.optim.biz\/index.php?rest_route=\/wp\/v2\/posts\/1792773","targetHints":{"allow":["GET"]}}],"collection":[{"href":"https:\/\/analyse.optim.biz\/index.php?rest_route=\/wp\/v2\/posts"}],"about":[{"href":"https:\/\/analyse.optim.biz\/index.php?rest_route=\/wp\/v2\/types\/post"}],"author":[{"embeddable":true,"href":"https:\/\/analyse.optim.biz\/index.php?rest_route=\/wp\/v2\/users\/1"}],"replies":[{"embeddable":true,"href":"https:\/\/analyse.optim.biz\/index.php?rest_route=%2Fwp%2Fv2%2Fcomments&post=1792773"}],"version-history":[{"count":0,"href":"https:\/\/analyse.optim.biz\/index.php?rest_route=\/wp\/v2\/posts\/1792773\/revisions"}],"wp:attachment":[{"href":"https:\/\/analyse.optim.biz\/index.php?rest_route=%2Fwp%2Fv2%2Fmedia&parent=1792773"}],"wp:term":[{"taxonomy":"category","embeddable":true,"href":"https:\/\/analyse.optim.biz\/index.php?rest_route=%2Fwp%2Fv2%2Fcategories&post=1792773"},{"taxonomy":"post_tag","embeddable":true,"href":"https:\/\/analyse.optim.biz\/index.php?rest_route=%2Fwp%2Fv2%2Ftags&post=1792773"}],"curies":[{"name":"wp","href":"https:\/\/api.w.org\/{rel}","templated":true}]}}