{"id":1792517,"date":"2026-02-25T17:38:22","date_gmt":"2026-02-25T14:38:22","guid":{"rendered":"https:\/\/analyse.optim.biz\/?p=1792517"},"modified":"2026-02-25T17:38:22","modified_gmt":"2026-02-25T14:38:22","slug":"copil-de-11-ani-urcat-la-volan-si-a-lovit-mama-cu-masina-intamplare-socanta-in-aceasta-seara-in-judetul","status":"publish","type":"post","link":"https:\/\/analyse.optim.biz\/?p=1792517","title":{"rendered":"Copil de 11 ani, urcat la volan, \u0219i-a lovit mama cu ma\u0219ina! \u00cent\u00e2mplare \u0218OCANT\u0102, \u00een aceast\u0103 sear\u0103, \u00een jude\u021bul"},"content":{"rendered":"<p>[analyse_image type=&#8221;featured&#8221; src=&#8221;https:\/\/www.gazeta-valceana.ro\/wp-content\/uploads\/2026\/02\/ACC-Sibiu-copil-mama.jpg&#8221;]<\/p>\n<article id=\"template-id-91645\" class=\"post-91645 tdb_templates type-tdb_templates status-publish post\">\n<div id=\"tdi_49\" class=\"tdc-zone\">\n<div class=\"tdc_zone tdi_50  wpb_row td-pb-row\">\n<div id=\"tdi_51\" class=\"tdc-row stretch_row_1200 td-stretch-content\">\n<div class=\"vc_row tdi_52  wpb_row td-pb-row\">\n<div class=\"vc_column tdi_54  wpb_column vc_column_container tdc-column td-pb-span8\">\n<div class=\"wpb_wrapper\">\n<div class=\"td_block_wrap tdb_title tdi_55 tdb-single-title td-pb-border-top td_block_template_1\" data-td-block-uid=\"tdi_55\">\n<div class=\"tdb-block-inner td-fix-index\">\n<h1 class=\"tdb-title-text\">Copil de 11 ani, urcat la volan, \u0219i-a lovit mama cu ma\u0219ina! \u00cent\u00e2mplare \u0218OCANT\u0102, \u00een aceast\u0103 sear\u0103, \u00een jude\u021bul vecin<\/h1>\n<\/div>\n<\/div>\n<div class=\"vc_row_inner tdi_58  vc_row vc_inner wpb_row td-pb-row tdc-row-content-vert-center\">\n<div class=\"vc_column_inner tdi_60  wpb_column vc_column_container tdc-inner-column td-pb-span12\">\n<div class=\"vc_column-inner\">\n<div class=\"wpb_wrapper\">\n<div class=\"td_block_wrap tdb_single_categories tdi_61 td-pb-border-top td_block_template_1 \" data-td-block-uid=\"tdi_61\">\n<div class=\"tdb-category td-fix-index\"><a class=\"tdb-entry-category\" href=\"https:\/\/www.gazeta-valceana.ro\/category\/anchetedezvaluri\/\">Anchete\/Dezv\u0103luri<\/a><a class=\"tdb-entry-category\" href=\"https:\/\/www.gazeta-valceana.ro\/category\/i\/\">I<\/a><\/div>\n<\/div>\n<div class=\"td_block_wrap tdb_single_date tdi_62 td-pb-border-top td_block_template_1 tdb-post-meta\" data-td-block-uid=\"tdi_62\">\n<div class=\"tdb-block-inner td-fix-index\"><time class=\"entry-date updated td-module-date\" datetime=\"2026-02-25T19:38:22+02:00\">25 februarie 2026<\/time><\/div>\n<\/div>\n<\/div>\n<\/div>\n<\/div>\n<\/div>\n<\/div>\n<\/div>\n<\/div>\n<\/div>\n<div id=\"tdi_65\" class=\"tdc-row stretch_row_1200 td-stretch-content\">\n<div class=\"vc_row tdi_66  wpb_row td-pb-row\">\n<div class=\"vc_column tdi_68  wpb_column vc_column_container tdc-column td-pb-span8\">\n<div class=\"wpb_wrapper\">\n<div class=\"td_block_wrap tdb_single_featured_image tdi_69 tdb-content-horiz-left td-pb-border-top td_block_template_1\" data-td-block-uid=\"tdi_69\">\n<div class=\"tdb-block-inner td-fix-index\"><img loading=\"lazy\" decoding=\"async\" width=\"696\" height=\"400\" class=\"entry-thumb\" src=\"https:\/\/www.gazeta-valceana.ro\/wp-content\/uploads\/2026\/02\/ACC-Sibiu-copil-mama-696x400.jpg\" alt title=\"ACC Sibiu copil mama\"><\/div>\n<\/div>\n<div class=\"td_block_wrap tdb_single_post_share tdi_70  td-pb-border-top td_block_template_1\" data-td-block-uid=\"tdi_70\">\n<div id=\"tdi_70\" class=\"td-post-sharing tdb-block td-ps-border td-ps-border-grey td-ps-notext td-ps-icon-color td-ps-text-color td-post-sharing-style16 \">\n<div class=\"td-post-sharing-visible\">\n<div class=\"td-social-sharing-button td-social-sharing-button-js td-social-handler td-social-share-text\">\n<div class=\"td-social-but-text\">Ac\u021biune<\/div>\n<\/div>\n<p><a class=\"td-social-sharing-button td-social-sharing-button-js td-social-network td-social-facebook\" href=\"https:\/\/www.facebook.com\/sharer.php?u=https%3A%2F%2Fwww.gazeta-valceana.ro%2Fanchetedezvaluri%2Fcopil-de-11-ani-urcat-la-volan-si-a-lovit-mama-cu-masina-intamplare-socanta-in-aceasta-seara-in-judetul-vecin%2F\" title=\"Facebook\"><\/p>\n<div class=\"td-social-but-text\">Facebook<\/div>\n<p><\/a><a class=\"td-social-sharing-button td-social-sharing-button-js td-social-network td-social-twitter\" href=\"https:\/\/twitter.com\/intent\/tweet?text=Copil+de+11+ani%2C+urcat+la+volan%2C+%C8%99i-a+lovit+mama+cu+ma%C8%99ina%21+%C3%8Ent%C3%A2mplare+%C8%98OCANT%C4%82%2C+%C3%AEn+aceast%C4%83+sear%C4%83%2C+%C3%AEn+jude%C8%9Bul+vecin&amp;url=https%3A%2F%2Fwww.gazeta-valceana.ro%2Fanchetedezvaluri%2Fcopil-de-11-ani-urcat-la-volan-si-a-lovit-mama-cu-masina-intamplare-socanta-in-aceasta-seara-in-judetul-vecin%2F&amp;via=Gazeta+V%C3%A2lcean%C4%83\" title=\"Twitter\"><\/p>\n<div class=\"td-social-but-text\">Twitter<\/div>\n<p><\/a><a class=\"td-social-sharing-button td-social-sharing-button-js td-social-network td-social-pinterest\" href=\"https:\/\/pinterest.com\/pin\/create\/button\/?url=https:\/\/www.gazeta-valceana.ro\/anchetedezvaluri\/copil-de-11-ani-urcat-la-volan-si-a-lovit-mama-cu-masina-intamplare-socanta-in-aceasta-seara-in-judetul-vecin\/&amp;media=https:\/\/www.gazeta-valceana.ro\/wp-content\/uploads\/2026\/02\/ACC-Sibiu-copil-mama.jpg&amp;description=Copil+de+11+ani%2C+urcat+la+volan%2C+%C8%99i-a+lovit+mama+cu+ma%C8%99ina%21+%C3%8Ent%C3%A2mplare+%C8%98OCANT%C4%82%2C+%C3%AEn+aceast%C4%83+sear%C4%83%2C+%C3%AEn+jude%C8%9Bul+vecin\" title=\"Pinterest\"><\/p>\n<div class=\"td-social-but-text\">Pinterest<\/div>\n<p><\/a><a class=\"td-social-sharing-button td-social-sharing-button-js td-social-network td-social-whatsapp\" href=\"https:\/\/api.whatsapp.com\/send?text=Copil+de+11+ani%2C+urcat+la+volan%2C+%C8%99i-a+lovit+mama+cu+ma%C8%99ina%21+%C3%8Ent%C3%A2mplare+%C8%98OCANT%C4%82%2C+%C3%AEn+aceast%C4%83+sear%C4%83%2C+%C3%AEn+jude%C8%9Bul+vecin%20%0A%0A%20https:\/\/www.gazeta-valceana.ro\/anchetedezvaluri\/copil-de-11-ani-urcat-la-volan-si-a-lovit-mama-cu-masina-intamplare-socanta-in-aceasta-seara-in-judetul-vecin\/\" title=\"WhatsApp\"><\/p>\n<div class=\"td-social-but-text\">WhatsApp<\/div>\n<p><\/a><\/div>\n<\/div>\n<\/div>\n<div class=\"td_block_wrap tdb_single_content tdi_71 td-pb-border-top td_block_template_1 td-post-content tagdiv-type\" data-td-block-uid=\"tdi_71\">\n<div class=\"tdb-block-inner td-fix-index\">\n<p>\u00cen aceast\u0103 sear\u0103 de miercuri, 25 februarie 2026, \u00een jurul orei 18.00, poli\u021bi\u0219tii din cadrul Biroul Rutier Sibiu interveneau la un accident rutier produs pe strada Octavian Goga, \u00een apropiere de intersec\u021bia cu strada Ion Ra\u021biu din comuna \u0218elimb\u0103r.<\/p>\n<p>Din primele verific\u0103ri efectuate la fa\u021ba locului a reie\u0219it c\u0103 un copil \u00een v\u00e2rst\u0103 de 11 ani, l\u0103sat nesupravegheat o scurt\u0103 perioad\u0103 de timp, s-a urcat la volanul ma\u0219inii mamei, aflat\u0103 l\u00e2ng\u0103 automobil, a pornit motorul, moment \u00een care autoturismul s-a pus \u00een mi\u0219care \u00een fa\u021b\u0103, lovind femeia, care a r\u0103mas prins\u0103 \u00eentre autoturism \u0219i zidul unui imobil.<\/p>\n<p><em>\u201e\u00cen urma evenimentului, femeia a suferit v\u0103t\u0103m\u0103ri corporale \u0219i a fost transportat\u0103 la spital, con\u0219tient\u0103. Poli\u021bi\u0219tii continu\u0103 cercet\u0103rile pentru stabilirea tuturor circumstan\u021belor producerii accidentului \u0219i pentru aplicarea m\u0103surilor legale care se impun\u201d<\/em>, au informat poli\u021bi\u0219tii sibieni.<\/p>\n<p><em><strong>FOTO: imagini ilustrative care nu au leg\u0103tur\u0103 cu cazul prezentat<\/strong><\/em><\/p>\n<\/div>\n<\/div>\n<div class=\"tdb-author-box td_block_wrap tdb_single_author_box tdi_72 tdb-content-vert-top td-pb-border-top td_block_template_1\" data-td-block-uid=\"tdi_72\">\n<div class=\"tdb-block-inner td-fix-index\"><a href=\"https:\/\/www.gazeta-valceana.ro\/author\/redactia\/\" class=\"tdb-author-photo\" title=\"Redactia\"><img decoding=\"async\" alt=\"Redactia\" src=\"https:\/\/secure.gravatar.com\/avatar\/d9699bfd17d7f55fcf6bbdfb0214d48a942c5fd23a1db27f4a803a8d0651670f?s=500&amp;d=mm&amp;r=g\" class=\"avatar avatar-500 photo\" height=\"500\" width=\"500\" loading=\"lazy\"><\/a><\/p>\n<div class=\"tdb-author-info\"><a href=\"https:\/\/www.gazeta-valceana.ro\/author\/redactia\/\" class=\"tdb-author-name\">Redactia<\/a><\/div>\n<\/div>\n<\/div>\n<\/div>\n<\/div>\n<div class=\"vc_column tdi_76  wpb_column vc_column_container tdc-column td-pb-span4 td-is-sticky\">\n<div class=\"wpb_wrapper\" data-sticky-enabled-on=\"W3RydWUsdHJ1ZSx0cnVlLHRydWVd\" data-sticky-offset=\"20\" data-sticky-is-width-auto=\"W2ZhbHNlLGZhbHNlLGZhbHNlLGZhbHNlXQ==\">\n<div class=\"vc_row_inner tdi_81  vc_row vc_inner wpb_row td-pb-row tdc-row-content-vert-center\">\n<div class=\"vc_column_inner tdi_83  wpb_column vc_column_container tdc-inner-column td-pb-span12\">\n<div class=\"vc_column-inner\">\n<div class=\"wpb_wrapper\">\n<div class=\"tdm_block td_block_wrap tdm_block_inline_text tdi_86 tdm-inline-block td-pb-border-top td_block_template_1\" data-td-block-uid=\"tdi_86\">\n<p class=\"tdm-descr\">Ultimele articole<\/p>\n<\/div>\n<\/div>\n<\/div>\n<\/div>\n<\/div>\n<div class=\"td_block_wrap td_flex_block_1 tdi_87 td-pb-border-top td_block_template_1 td_flex_block\" data-td-block-uid=\"tdi_87\">\n<div id=\"tdi_87\" class=\"td_block_inner td-mc1-wrap\">\n<div class=\"td_module_flex td_module_flex_1 td_module_wrap td-animation-stack td-cpt-post\">\n<div class=\"td-module-container td-category-pos-\">\n<div class=\"td-module-meta-info\">\n<h3 class=\"entry-title td-module-title\"><a href=\"https:\/\/www.gazeta-valceana.ro\/fapt-divers\/unitatea-de-pompieri-din-ramnic-si-subunitatile-din-dragasani-brezoi-bunesti-gradistea-horezu-si-maciuca-deschise-publicului-cu-prilejul-saptamanii-protectiei-civile\/\" rel=\"bookmark\" title=\"Unitatea de pompieri din R\u00e2mnic \u015fi subunit\u0103\u0163ile din Dr\u0103g\u0103\u015fani, Brezoi, Bune\u0219ti, Gr\u0103di\u015ftea, Horezu \u015fi M\u0103ciuca, deschise publicului cu prilejul \u201eS\u0103pt\u0103m\u00e2nii protec\u021biei civile\u201d\">Unitatea de pompieri din R\u00e2mnic \u015fi subunit\u0103\u0163ile din Dr\u0103g\u0103\u015fani, Brezoi, Bune\u0219ti, Gr\u0103di\u015ftea, Horezu \u015fi M\u0103ciuca, deschise publicului cu prilejul \u201eS\u0103pt\u0103m\u00e2nii protec\u021biei civile\u201d<\/a><\/h3>\n<div class=\"td-editor-date\"><span class=\"td-author-date\"><span class=\"td-post-date\"><time class=\"entry-date updated td-module-date\" datetime=\"2026-02-25T19:12:33+02:00\">25 februarie 2026<\/time><\/span><\/span><\/div>\n<\/div>\n<\/div>\n<\/div>\n<div class=\"td_module_flex td_module_flex_1 td_module_wrap td-animation-stack td-cpt-post\">\n<div class=\"td-module-container td-category-pos-\">\n<div class=\"td-module-meta-info\">\n<h3 class=\"entry-title td-module-title\"><a href=\"https:\/\/www.gazeta-valceana.ro\/sport\/valcea-bate-bine-aur-argint-si-bronz-la-un-turneu-de-box-extrem-de-important\/\" rel=\"bookmark\" title=\"V\u00e2lcea bate bine! Aur, argint \u0219i bronz la un turneu de box extrem de important\">V\u00e2lcea bate bine! Aur, argint \u0219i bronz la un turneu de box extrem de important<\/a><\/h3>\n<div class=\"td-editor-date\"><span class=\"td-author-date\"><span class=\"td-post-date\"><time class=\"entry-date updated td-module-date\" datetime=\"2026-02-25T12:35:22+02:00\">25 februarie 2026<\/time><\/span><\/span><\/div>\n<\/div>\n<\/div>\n<\/div>\n<div class=\"td_module_flex td_module_flex_1 td_module_wrap td-animation-stack td-cpt-post\">\n<div class=\"td-module-container td-category-pos-\">\n<div class=\"td-module-meta-info\">\n<h3 class=\"entry-title td-module-title\"><a href=\"https:\/\/www.gazeta-valceana.ro\/justitie\/la-57-de-ani-un-valcean-se-tinea-de-gainarii-fura-ce-prindea-politistii-i-au-venit-de-hac-in-cele-din-urma\/\" rel=\"bookmark\" title=\"La 57 de ani, un v\u00e2lcean se \u021binea de g\u0103in\u0103rii. Fura ce prindea! POLI\u021aI\u0218TII i-au venit de hac, \u00een cele din urm\u0103\">La 57 de ani, un v\u00e2lcean se \u021binea de g\u0103in\u0103rii. Fura ce prindea! POLI\u021aI\u0218TII i-au venit de hac, \u00een cele din urm\u0103<\/a><\/h3>\n<div class=\"td-editor-date\"><span class=\"td-author-date\"><span class=\"td-post-date\"><time class=\"entry-date updated td-module-date\" datetime=\"2026-02-25T10:54:11+02:00\">25 februarie 2026<\/time><\/span><\/span><\/div>\n<\/div>\n<\/div>\n<\/div>\n<div class=\"td_module_flex td_module_flex_1 td_module_wrap td-animation-stack td-cpt-post\">\n<div class=\"td-module-container td-category-pos-\">\n<div class=\"td-module-meta-info\">\n<h3 class=\"entry-title td-module-title\"><a href=\"https:\/\/www.gazeta-valceana.ro\/justitie\/video-explicit-in-articol-perchezitiile-de-astazi-din-valcea-au-legatura-cu-mafia-pariurilor-sportive\/\" rel=\"bookmark\" title=\"VIDEO EXPLICIT \u00een articol. PERCHEZI\u021aIILE de ast\u0103zi din V\u00e2lcea au leg\u0103tur\u0103 cu mafia pariurilor sportive\">VIDEO EXPLICIT \u00een articol. PERCHEZI\u021aIILE de ast\u0103zi din V\u00e2lcea au leg\u0103tur\u0103 cu mafia pariurilor sportive<\/a><\/h3>\n<div class=\"td-editor-date\"><span class=\"td-author-date\"><span class=\"td-post-date\"><time class=\"entry-date updated td-module-date\" datetime=\"2026-02-25T10:01:13+02:00\">25 februarie 2026<\/time><\/span><\/span><\/div>\n<\/div>\n<\/div>\n<\/div>\n<\/div>\n<\/div>\n<div class=\"td_block_wrap td-a-rec td-a-rec-id-custom-spot td-a-rec-img tdi_88 td_block_template_1\">\n<div><a href=\"https:\/\/www.gazeta-valceana.ro\/anchetedezvaluri\/copil-de-11-ani-urcat-la-volan-si-a-lovit-mama-cu-masina-intamplare-socanta-in-aceasta-seara-in-judetul-vecin\/\" class=\"td_spot_img_all\"><img loading=\"lazy\" decoding=\"async\" src=\"https:\/\/www.gazeta-valceana.ro\/wp-content\/uploads\/2025\/01\/image-5.jpg\" alt=\"spot_img\" width=\"347\" height=\"277\"><\/a><a href=\"https:\/\/www.gazeta-valceana.ro\/anchetedezvaluri\/copil-de-11-ani-urcat-la-volan-si-a-lovit-mama-cu-masina-intamplare-socanta-in-aceasta-seara-in-judetul-vecin\/\" class=\"td_spot_img_mob\"><img loading=\"lazy\" decoding=\"async\" src=\"https:\/\/www.gazeta-valceana.ro\/wp-content\/uploads\/2025\/01\/image-5.jpg\" alt=\"spot_img\" width=\"347\" height=\"247\"><\/a><\/div>\n<\/div>\n<div class=\"td_block_wrap td-a-rec td-a-rec-id-custom-spot td-a-rec-img tdi_89 td_block_template_1\">\n<div><a href=\"https:\/\/www.gazeta-valceana.ro\/anchetedezvaluri\/copil-de-11-ani-urcat-la-volan-si-a-lovit-mama-cu-masina-intamplare-socanta-in-aceasta-seara-in-judetul-vecin\/\" class=\"td_spot_img_all\"><img loading=\"lazy\" decoding=\"async\" src=\"https:\/\/www.gazeta-valceana.ro\/wp-content\/uploads\/2025\/01\/image-3.jpeg\" alt=\"spot_img\" width=\"347\" height=\"277\"><\/a><a href=\"https:\/\/www.gazeta-valceana.ro\/anchetedezvaluri\/copil-de-11-ani-urcat-la-volan-si-a-lovit-mama-cu-masina-intamplare-socanta-in-aceasta-seara-in-judetul-vecin\/\" class=\"td_spot_img_mob\"><img loading=\"lazy\" decoding=\"async\" src=\"https:\/\/www.gazeta-valceana.ro\/wp-content\/uploads\/2025\/01\/image-3.jpeg\" alt=\"spot_img\" width=\"347\" height=\"247\"><\/a><\/div>\n<\/div>\n<\/div>\n<\/div>\n<\/div>\n<\/div>\n<div id=\"tdi_97\" class=\"tdc-row stretch_row_1200 td-stretch-content\">\n<div class=\"vc_row tdi_98  wpb_row td-pb-row\">\n<div class=\"vc_column tdi_100  wpb_column vc_column_container tdc-column td-pb-span12\">\n<div class=\"wpb_wrapper\">\n<div class=\"td_block_wrap tdb_single_next_prev tdi_101 td-pb-border-top td_block_template_1\" data-td-block-uid=\"tdi_101\">\n<div class=\"tdb-block-inner td-fix-index\">\n<div class=\"tdb-next-post tdb-next-post-bg tdb-post-prev\"><span>Articolul precedent<\/span><\/p>\n<div class=\"td-module-container\">\n<div class=\"next-prev-title\"><a href=\"https:\/\/www.gazeta-valceana.ro\/fapt-divers\/unitatea-de-pompieri-din-ramnic-si-subunitatile-din-dragasani-brezoi-bunesti-gradistea-horezu-si-maciuca-deschise-publicului-cu-prilejul-saptamanii-protectiei-civile\/\">Unitatea de pompieri din R\u00e2mnic \u015fi subunit\u0103\u0163ile din Dr\u0103g\u0103\u015fani, Brezoi, Bune\u0219ti, Gr\u0103di\u015ftea, Horezu \u015fi M\u0103ciuca, deschise publicului cu prilejul \u201eS\u0103pt\u0103m\u00e2nii protec\u021biei civile\u201d<\/a><\/div>\n<\/div>\n<\/div>\n<\/div>\n<\/div>\n<div class=\"vc_row_inner tdi_103  vc_row vc_inner wpb_row td-pb-row tdc-row-content-vert-center\">\n<div class=\"vc_column_inner tdi_105  wpb_column vc_column_container tdc-inner-column td-pb-span12\">\n<div class=\"vc_column-inner\">\n<div class=\"wpb_wrapper\">\n<div class=\"tdm_block td_block_wrap tdm_block_inline_text tdi_108 tdm-inline-block td-pb-border-top td_block_template_1\" data-td-block-uid=\"tdi_108\">\n<p class=\"tdm-descr\">Related articles<\/p>\n<\/div>\n<\/div>\n<\/div>\n<\/div>\n<\/div>\n<div class=\"td_block_wrap tdb_single_related tdi_109 td_with_ajax_pagination td-pb-border-top td_block_template_1 tdb-single-related-posts\" data-td-block-uid=\"tdi_109\">\n<div id=\"tdi_109\" class=\"td_block_inner tdb-block-inner td-fix-index\">\n<div class=\"tdb_module_related td_module_wrap td-animation-stack\">\n<div class=\"td-module-container td-category-pos-\">\n<div class=\"td-module-meta-info\">\n<h3 class=\"entry-title td-module-title\"><a href=\"https:\/\/www.gazeta-valceana.ro\/fapt-divers\/unitatea-de-pompieri-din-ramnic-si-subunitatile-din-dragasani-brezoi-bunesti-gradistea-horezu-si-maciuca-deschise-publicului-cu-prilejul-saptamanii-protectiei-civile\/\" rel=\"bookmark\" title=\"Unitatea de pompieri din R\u00e2mnic \u015fi subunit\u0103\u0163ile din Dr\u0103g\u0103\u015fani, Brezoi, Bune\u0219ti, Gr\u0103di\u015ftea, Horezu \u015fi M\u0103ciuca, deschise publicului cu prilejul \u201eS\u0103pt\u0103m\u00e2nii protec\u021biei civile\u201d\">Unitatea de pompieri din R\u00e2mnic \u015fi subunit\u0103\u0163ile din Dr\u0103g\u0103\u015fani, Brezoi, Bune\u0219ti, Gr\u0103di\u015ftea, Horezu \u015fi M\u0103ciuca, deschise publicului cu prilejul \u201eS\u0103pt\u0103m\u00e2nii protec\u021biei civile\u201d<\/a><\/h3>\n<div class=\"td-editor-date\"><a href=\"https:\/\/www.gazeta-valceana.ro\/category\/fapt-divers\/\" class=\"td-post-category\">Fapt divers<\/a><span class=\"td-author-date\"><span class=\"td-post-date\"><time class=\"entry-date updated td-module-date\" datetime=\"2026-02-25T19:12:33+02:00\">25 februarie 2026<\/time><\/span><\/span><\/div>\n<\/div>\n<\/div>\n<\/div>\n<div class=\"tdb_module_related td_module_wrap td-animation-stack\">\n<div class=\"td-module-container td-category-pos-\">\n<div class=\"td-module-meta-info\">\n<h3 class=\"entry-title td-module-title\"><a href=\"https:\/\/www.gazeta-valceana.ro\/sport\/valcea-bate-bine-aur-argint-si-bronz-la-un-turneu-de-box-extrem-de-important\/\" rel=\"bookmark\" title=\"V\u00e2lcea bate bine! Aur, argint \u0219i bronz la un turneu de box extrem de important\">V\u00e2lcea bate bine! Aur, argint \u0219i bronz la un turneu de box extrem de important<\/a><\/h3>\n<div class=\"td-editor-date\"><a href=\"https:\/\/www.gazeta-valceana.ro\/category\/i\/\" class=\"td-post-category\">I<\/a><span class=\"td-author-date\"><span class=\"td-post-date\"><time class=\"entry-date updated td-module-date\" datetime=\"2026-02-25T12:35:22+02:00\">25 februarie 2026<\/time><\/span><\/span><\/div>\n<\/div>\n<\/div>\n<\/div>\n<div class=\"tdb_module_related td_module_wrap td-animation-stack\">\n<div class=\"td-module-container td-category-pos-\">\n<div class=\"td-module-meta-info\">\n<h3 class=\"entry-title td-module-title\"><a href=\"https:\/\/www.gazeta-valceana.ro\/justitie\/la-57-de-ani-un-valcean-se-tinea-de-gainarii-fura-ce-prindea-politistii-i-au-venit-de-hac-in-cele-din-urma\/\" rel=\"bookmark\" title=\"La 57 de ani, un v\u00e2lcean se \u021binea de g\u0103in\u0103rii. Fura ce prindea! POLI\u021aI\u0218TII i-au venit de hac, \u00een cele din urm\u0103\">La 57 de ani, un v\u00e2lcean se \u021binea de g\u0103in\u0103rii. Fura ce prindea! POLI\u021aI\u0218TII i-au venit de hac, \u00een cele din urm\u0103<\/a><\/h3>\n<div class=\"td-editor-date\"><a href=\"https:\/\/www.gazeta-valceana.ro\/category\/anchetedezvaluri\/\" class=\"td-post-category\">Anchete\/Dezv\u0103luri<\/a><span class=\"td-author-date\"><span class=\"td-post-date\"><time class=\"entry-date updated td-module-date\" datetime=\"2026-02-25T10:54:11+02:00\">25 februarie 2026<\/time><\/span><\/span><\/div>\n<\/div>\n<\/div>\n<\/div>\n<\/div>\n<\/div>\n<\/div>\n<\/div>\n<\/div>\n<\/div>\n<div id=\"tdi_116\" class=\"tdc-row stretch_row_1200 td-stretch-content\">\n<div class=\"vc_row tdi_117  wpb_row td-pb-row\">\n<div class=\"vc_column tdi_122  wpb_column vc_column_container tdc-column td-pb-span4 td-is-sticky\">\n<div class=\"wpb_wrapper\" data-sticky-enabled-on=\"W3RydWUsdHJ1ZSx0cnVlLHRydWVd\" data-sticky-offset=\"20\" data-sticky-is-width-auto=\"W2ZhbHNlLGZhbHNlLGZhbHNlLGZhbHNlXQ==\">\n<div class=\"td_block_wrap td-a-rec td-a-rec-id-custom-spot td-a-rec-img tdi_123 td_block_template_1\">\n<div><a href=\"https:\/\/www.gazeta-valceana.ro\/anchetedezvaluri\/copil-de-11-ani-urcat-la-volan-si-a-lovit-mama-cu-masina-intamplare-socanta-in-aceasta-seara-in-judetul-vecin\/\" class=\"td_spot_img_all\"><img loading=\"lazy\" decoding=\"async\" src=\"https:\/\/www.gazeta-valceana.ro\/wp-content\/uploads\/2025\/01\/image-4.jpg\" alt=\"spot_img\" width=\"347\" height=\"277\"><\/a><a href=\"https:\/\/www.gazeta-valceana.ro\/anchetedezvaluri\/copil-de-11-ani-urcat-la-volan-si-a-lovit-mama-cu-masina-intamplare-socanta-in-aceasta-seara-in-judetul-vecin\/\" class=\"td_spot_img_mob\"><img loading=\"lazy\" decoding=\"async\" src=\"https:\/\/www.gazeta-valceana.ro\/wp-content\/uploads\/2025\/01\/image-4.jpg\" alt=\"spot_img\" width=\"347\" height=\"247\"><\/a><\/div>\n<\/div>\n<div class=\"td_block_wrap td-a-rec td-a-rec-id-custom-spot td-a-rec-img tdi_124 td_block_template_1\">\n<div><a href=\"https:\/\/www.gazeta-valceana.ro\/anchetedezvaluri\/copil-de-11-ani-urcat-la-volan-si-a-lovit-mama-cu-masina-intamplare-socanta-in-aceasta-seara-in-judetul-vecin\/\" class=\"td_spot_img_all\"><img loading=\"lazy\" decoding=\"async\" src=\"https:\/\/www.gazeta-valceana.ro\/wp-content\/uploads\/2025\/01\/image-5.jpg\" alt=\"spot_img\" width=\"347\" height=\"277\"><\/a><a href=\"https:\/\/www.gazeta-valceana.ro\/anchetedezvaluri\/copil-de-11-ani-urcat-la-volan-si-a-lovit-mama-cu-masina-intamplare-socanta-in-aceasta-seara-in-judetul-vecin\/\" class=\"td_spot_img_mob\"><img loading=\"lazy\" decoding=\"async\" src=\"https:\/\/www.gazeta-valceana.ro\/wp-content\/uploads\/2025\/01\/image-5.jpg\" alt=\"spot_img\" width=\"347\" height=\"247\"><\/a><\/div>\n<\/div>\n<div class=\"td_block_wrap td-a-rec td-a-rec-id-custom-spot td-a-rec-img tdi_125 td_block_template_1\">\n<div><a href=\"https:\/\/www.gazeta-valceana.ro\/anchetedezvaluri\/copil-de-11-ani-urcat-la-volan-si-a-lovit-mama-cu-masina-intamplare-socanta-in-aceasta-seara-in-judetul-vecin\/\" class=\"td_spot_img_all\"><img loading=\"lazy\" decoding=\"async\" src=\"https:\/\/www.gazeta-valceana.ro\/wp-content\/uploads\/2025\/01\/image-3.jpeg\" alt=\"spot_img\" width=\"347\" height=\"277\"><\/a><a href=\"https:\/\/www.gazeta-valceana.ro\/anchetedezvaluri\/copil-de-11-ani-urcat-la-volan-si-a-lovit-mama-cu-masina-intamplare-socanta-in-aceasta-seara-in-judetul-vecin\/\" class=\"td_spot_img_mob\"><img loading=\"lazy\" decoding=\"async\" src=\"https:\/\/www.gazeta-valceana.ro\/wp-content\/uploads\/2025\/01\/image-3.jpeg\" alt=\"spot_img\" width=\"347\" height=\"247\"><\/a><\/div>\n<\/div>\n<\/div>\n<\/div>\n<\/div>\n<\/div>\n<\/div>\n<\/div>\n<p><span class=\"td-page-meta\"><\/span><span class=\"td-page-meta\"><span class=\"td-page-meta\"><\/span><\/span><span class=\"td-page-meta\"><\/span><\/article>\n<\/p>\n<div class=\"td_block_wrap tdb_single_content tdi_71 td-pb-border-top td_block_template_1 td-post-content tagdiv-type\" data-td-block-uid=\"tdi_71\">\n<div class=\"tdb-block-inner td-fix-index\">\n<p>\u00cen aceast\u0103 sear\u0103 de miercuri, 25 februarie 2026, \u00een jurul orei 18.00, poli\u021bi\u0219tii din cadrul Biroul Rutier Sibiu interveneau la un accident rutier produs pe strada Octavian Goga, \u00een apropiere de intersec\u021bia cu strada Ion Ra\u021biu din comuna \u0218elimb\u0103r.<\/p>\n<p>Din primele verific\u0103ri efectuate la fa\u021ba locului a reie\u0219it c\u0103 un copil \u00een v\u00e2rst\u0103 de 11 ani, l\u0103sat nesupravegheat o scurt\u0103 perioad\u0103 de timp, s-a urcat la volanul ma\u0219inii mamei, aflat\u0103 l\u00e2ng\u0103 automobil, a pornit motorul, moment \u00een care autoturismul s-a pus \u00een mi\u0219care \u00een fa\u021b\u0103, lovind femeia, care a r\u0103mas prins\u0103 \u00eentre autoturism \u0219i zidul unui imobil.<\/p>\n<p><em>\u201e\u00cen urma evenimentului, femeia a suferit v\u0103t\u0103m\u0103ri corporale \u0219i a fost transportat\u0103 la spital, con\u0219tient\u0103. Poli\u021bi\u0219tii continu\u0103 cercet\u0103rile pentru stabilirea tuturor circumstan\u021belor producerii accidentului \u0219i pentru aplicarea m\u0103surilor legale care se impun\u201d<\/em>, au informat poli\u021bi\u0219tii sibieni.<\/p>\n<p><em><strong>FOTO: imagini ilustrative care nu au leg\u0103tur\u0103 cu cazul prezentat<\/strong><\/em><\/p>\n<\/div>\n<\/div>\n<p>\u00cen aceast\u0103 sear\u0103 de miercuri, 25 februarie 2026, \u00een jurul orei 18.00, poli\u021bi\u0219tii din cadrul Biroul Rutier Sibiu interveneau la un accident rutier produs pe strada Octavian Goga, \u00een apropiere de intersec\u021bia cu strada Ion Ra\u021biu din comuna \u0218elimb\u0103r.<\/p>\n<p>Din primele verific\u0103ri efectuate la fa\u021ba locului a reie\u0219it c\u0103 un copil \u00een v\u00e2rst\u0103 de 11 ani, l\u0103sat nesupravegheat o scurt\u0103 perioad\u0103 de timp, s-a urcat la volanul ma\u0219inii mamei, aflat\u0103 l\u00e2ng\u0103 automobil, a pornit motorul, moment \u00een care autoturismul s-a pus \u00een mi\u0219care \u00een fa\u021b\u0103, lovind femeia, care a r\u0103mas prins\u0103 \u00eentre autoturism \u0219i zidul unui imobil.<\/p>\n<p><em>\u201e\u00cen urma evenimentului, femeia a suferit v\u0103t\u0103m\u0103ri corporale \u0219i a fost transportat\u0103 la spital, con\u0219tient\u0103. Poli\u021bi\u0219tii continu\u0103 cercet\u0103rile pentru stabilirea tuturor circumstan\u021belor producerii accidentului \u0219i pentru aplicarea m\u0103surilor legale care se impun\u201d<\/em>, au informat poli\u021bi\u0219tii sibieni.<\/p>\n<p><em><strong>FOTO: imagini ilustrative care nu au leg\u0103tur\u0103 cu cazul prezentat<\/strong><\/em><\/p>\n<p>[analyse_source url=&#8221;https:\/\/www.gazeta-valceana.ro\/anchetedezvaluri\/copil-de-11-ani-urcat-la-volan-si-a-lovit-mama-cu-masina-intamplare-socanta-in-aceasta-seara-in-judetul-vecin\/&#8221;]<\/p>\n","protected":false},"excerpt":{"rendered":"<p>[analyse_image type=&#8221;featured&#8221; src=&#8221;https:\/\/www.gazeta-valceana.ro\/wp-content\/uploads\/2026\/02\/ACC-Sibiu-copil-mama.jpg&#8221;] Copil de 11 ani, urcat la volan, \u0219i-a lovit mama cu ma\u0219ina! \u00cent\u00e2mplare \u0218OCANT\u0102, \u00een aceast\u0103 sear\u0103, \u00een jude\u021bul vecin Anchete\/Dezv\u0103luriI 25 februarie 2026 Ac\u021biune Facebook Twitter Pinterest WhatsApp \u00cen aceast\u0103 sear\u0103 de miercuri, 25 februarie 2026, \u00een jurul orei 18.00, poli\u021bi\u0219tii din cadrul Biroul Rutier Sibiu interveneau la un accident rutier [&hellip;]<\/p>\n","protected":false},"author":1,"featured_media":0,"comment_status":"open","ping_status":"","sticky":false,"template":"","format":"standard","meta":{"footnotes":""},"categories":[89],"tags":[226,214],"class_list":["post-1792517","post","type-post","status-publish","format-standard","hentry","category-romania","tag-crawlmanager","tag-gazetavalceana-ro"],"_links":{"self":[{"href":"https:\/\/analyse.optim.biz\/index.php?rest_route=\/wp\/v2\/posts\/1792517","targetHints":{"allow":["GET"]}}],"collection":[{"href":"https:\/\/analyse.optim.biz\/index.php?rest_route=\/wp\/v2\/posts"}],"about":[{"href":"https:\/\/analyse.optim.biz\/index.php?rest_route=\/wp\/v2\/types\/post"}],"author":[{"embeddable":true,"href":"https:\/\/analyse.optim.biz\/index.php?rest_route=\/wp\/v2\/users\/1"}],"replies":[{"embeddable":true,"href":"https:\/\/analyse.optim.biz\/index.php?rest_route=%2Fwp%2Fv2%2Fcomments&post=1792517"}],"version-history":[{"count":0,"href":"https:\/\/analyse.optim.biz\/index.php?rest_route=\/wp\/v2\/posts\/1792517\/revisions"}],"wp:attachment":[{"href":"https:\/\/analyse.optim.biz\/index.php?rest_route=%2Fwp%2Fv2%2Fmedia&parent=1792517"}],"wp:term":[{"taxonomy":"category","embeddable":true,"href":"https:\/\/analyse.optim.biz\/index.php?rest_route=%2Fwp%2Fv2%2Fcategories&post=1792517"},{"taxonomy":"post_tag","embeddable":true,"href":"https:\/\/analyse.optim.biz\/index.php?rest_route=%2Fwp%2Fv2%2Ftags&post=1792517"}],"curies":[{"name":"wp","href":"https:\/\/api.w.org\/{rel}","templated":true}]}}