{"id":1791908,"date":"2026-02-25T08:54:11","date_gmt":"2026-02-25T05:54:11","guid":{"rendered":"https:\/\/analyse.optim.biz\/?p=1791908"},"modified":"2026-02-25T08:54:11","modified_gmt":"2026-02-25T05:54:11","slug":"la-57-de-ani-un-valcean-se-tinea-de-gainarii-fura-ce-prindea-politistii-i-au-venit-de-hac-in-cele-din","status":"publish","type":"post","link":"https:\/\/analyse.optim.biz\/?p=1791908","title":{"rendered":"La 57 de ani, un v\u00e2lcean se \u021binea de g\u0103in\u0103rii. Fura ce prindea! POLI\u021aI\u0218TII i-au venit de hac, \u00een cele din"},"content":{"rendered":"<p>[analyse_image type=&#8221;featured&#8221; src=&#8221;https:\/\/www.gazeta-valceana.ro\/wp-content\/uploads\/2025\/11\/IPJ-Retinut-Arestat-toamna.jpg&#8221;]<\/p>\n<article id=\"template-id-91645\" class=\"post-91645 tdb_templates type-tdb_templates status-publish post\">\n<div id=\"tdi_49\" class=\"tdc-zone\">\n<div class=\"tdc_zone tdi_50  wpb_row td-pb-row\">\n<div id=\"tdi_51\" class=\"tdc-row stretch_row_1200 td-stretch-content\">\n<div class=\"vc_row tdi_52  wpb_row td-pb-row\">\n<div class=\"vc_column tdi_54  wpb_column vc_column_container tdc-column td-pb-span8\">\n<div class=\"wpb_wrapper\">\n<div class=\"td_block_wrap tdb_title tdi_55 tdb-single-title td-pb-border-top td_block_template_1\" data-td-block-uid=\"tdi_55\">\n<div class=\"tdb-block-inner td-fix-index\">\n<h1 class=\"tdb-title-text\">La 57 de ani, un v\u00e2lcean se \u021binea de g\u0103in\u0103rii. Fura ce prindea! POLI\u021aI\u0218TII i-au venit de hac, \u00een cele din urm\u0103<\/h1>\n<\/div>\n<\/div>\n<div class=\"vc_row_inner tdi_58  vc_row vc_inner wpb_row td-pb-row tdc-row-content-vert-center\">\n<div class=\"vc_column_inner tdi_60  wpb_column vc_column_container tdc-inner-column td-pb-span12\">\n<div class=\"vc_column-inner\">\n<div class=\"wpb_wrapper\">\n<div class=\"td_block_wrap tdb_single_categories tdi_61 td-pb-border-top td_block_template_1 \" data-td-block-uid=\"tdi_61\">\n<div class=\"tdb-category td-fix-index\"><a class=\"tdb-entry-category\" href=\"https:\/\/www.gazeta-valceana.ro\/category\/anchetedezvaluri\/\">Anchete\/Dezv\u0103luri<\/a><a class=\"tdb-entry-category\" href=\"https:\/\/www.gazeta-valceana.ro\/category\/i\/\">I<\/a><a class=\"tdb-entry-category\" href=\"https:\/\/www.gazeta-valceana.ro\/category\/justitie\/\">Justi\u0163ie<\/a><\/div>\n<\/div>\n<div class=\"td_block_wrap tdb_single_date tdi_62 td-pb-border-top td_block_template_1 tdb-post-meta\" data-td-block-uid=\"tdi_62\">\n<div class=\"tdb-block-inner td-fix-index\"><time class=\"entry-date updated td-module-date\" datetime=\"2026-02-25T10:54:11+02:00\">25 februarie 2026<\/time><\/div>\n<\/div>\n<\/div>\n<\/div>\n<\/div>\n<\/div>\n<\/div>\n<\/div>\n<\/div>\n<\/div>\n<div id=\"tdi_65\" class=\"tdc-row stretch_row_1200 td-stretch-content\">\n<div class=\"vc_row tdi_66  wpb_row td-pb-row\">\n<div class=\"vc_column tdi_68  wpb_column vc_column_container tdc-column td-pb-span8\">\n<div class=\"wpb_wrapper\">\n<div class=\"td_block_wrap tdb_single_featured_image tdi_69 tdb-content-horiz-left td-pb-border-top td_block_template_1\" data-td-block-uid=\"tdi_69\">\n<div class=\"tdb-block-inner td-fix-index\"><img loading=\"lazy\" decoding=\"async\" width=\"696\" height=\"424\" class=\"entry-thumb\" src=\"https:\/\/www.gazeta-valceana.ro\/wp-content\/uploads\/2025\/11\/IPJ-Retinut-Arestat-toamna-696x424.jpg\" alt title=\"IPJ Retinut Arestat toamna\"><\/div>\n<\/div>\n<div class=\"td_block_wrap tdb_single_post_share tdi_70  td-pb-border-top td_block_template_1\" data-td-block-uid=\"tdi_70\">\n<div id=\"tdi_70\" class=\"td-post-sharing tdb-block td-ps-border td-ps-border-grey td-ps-notext td-ps-icon-color td-ps-text-color td-post-sharing-style16 \">\n<div class=\"td-post-sharing-visible\">\n<div class=\"td-social-sharing-button td-social-sharing-button-js td-social-handler td-social-share-text\">\n<div class=\"td-social-but-text\">Ac\u021biune<\/div>\n<\/div>\n<p><a class=\"td-social-sharing-button td-social-sharing-button-js td-social-network td-social-facebook\" href=\"https:\/\/www.facebook.com\/sharer.php?u=https%3A%2F%2Fwww.gazeta-valceana.ro%2Fjustitie%2Fla-57-de-ani-un-valcean-se-tinea-de-gainarii-fura-ce-prindea-politistii-i-au-venit-de-hac-in-cele-din-urma%2F\" title=\"Facebook\"><\/p>\n<div class=\"td-social-but-text\">Facebook<\/div>\n<p><\/a><a class=\"td-social-sharing-button td-social-sharing-button-js td-social-network td-social-twitter\" href=\"https:\/\/twitter.com\/intent\/tweet?text=La+57+de+ani%2C+un+v%C3%A2lcean+se+%C8%9Binea+de+g%C4%83in%C4%83rii.+Fura+ce+prindea%21+POLI%C8%9AI%C8%98TII+i-au+venit+de+hac%2C+%C3%AEn+cele+din+urm%C4%83&amp;url=https%3A%2F%2Fwww.gazeta-valceana.ro%2Fjustitie%2Fla-57-de-ani-un-valcean-se-tinea-de-gainarii-fura-ce-prindea-politistii-i-au-venit-de-hac-in-cele-din-urma%2F&amp;via=Gazeta+V%C3%A2lcean%C4%83\" title=\"Twitter\"><\/p>\n<div class=\"td-social-but-text\">Twitter<\/div>\n<p><\/a><a class=\"td-social-sharing-button td-social-sharing-button-js td-social-network td-social-pinterest\" href=\"https:\/\/pinterest.com\/pin\/create\/button\/?url=https:\/\/www.gazeta-valceana.ro\/justitie\/la-57-de-ani-un-valcean-se-tinea-de-gainarii-fura-ce-prindea-politistii-i-au-venit-de-hac-in-cele-din-urma\/&amp;media=https:\/\/www.gazeta-valceana.ro\/wp-content\/uploads\/2025\/11\/IPJ-Retinut-Arestat-toamna.jpg&amp;description=La+57+de+ani%2C+un+v%C3%A2lcean+se+%C8%9Binea+de+g%C4%83in%C4%83rii.+Fura+ce+prindea%21+POLI%C8%9AI%C8%98TII+i-au+venit+de+hac%2C+%C3%AEn+cele+din+urm%C4%83\" title=\"Pinterest\"><\/p>\n<div class=\"td-social-but-text\">Pinterest<\/div>\n<p><\/a><a class=\"td-social-sharing-button td-social-sharing-button-js td-social-network td-social-whatsapp\" href=\"https:\/\/api.whatsapp.com\/send?text=La+57+de+ani%2C+un+v%C3%A2lcean+se+%C8%9Binea+de+g%C4%83in%C4%83rii.+Fura+ce+prindea%21+POLI%C8%9AI%C8%98TII+i-au+venit+de+hac%2C+%C3%AEn+cele+din+urm%C4%83%20%0A%0A%20https:\/\/www.gazeta-valceana.ro\/justitie\/la-57-de-ani-un-valcean-se-tinea-de-gainarii-fura-ce-prindea-politistii-i-au-venit-de-hac-in-cele-din-urma\/\" title=\"WhatsApp\"><\/p>\n<div class=\"td-social-but-text\">WhatsApp<\/div>\n<p><\/a><\/div>\n<\/div>\n<\/div>\n<div class=\"td_block_wrap tdb_single_content tdi_71 td-pb-border-top td_block_template_1 td-post-content tagdiv-type\" data-td-block-uid=\"tdi_71\">\n<div class=\"tdb-block-inner td-fix-index\">\n<p>\u00cen data de 24 februarie 2026, poli\u021bi\u0219tii din cadrul Sec\u021biei 2 Poli\u021bie Rural\u0103 Milcoiu au re\u021binut, pentru 24 de ore, un b\u0103rbat cercetat pentru comiterea mai multor infrac\u021biuni. \u00cen fapt, la data de 16 februarie 2026, poli\u021bi\u0219tii au fost sesiza\u021bi de reprezentantul unei societ\u0103\u021bi comerciale din comuna Bude\u0219ti cu privire la faptul c\u0103, \u00een perioada 13-16 februarie, persoane necunoscute ar fi sustras de la punctul de lucru al societ\u0103\u021bii aproximativ 200 de litri de motorin\u0103, o baterie auto, precum \u0219i alte bunuri.<\/p>\n<p>De asemenea, la data de 17 februarie 2026, \u00een jurul orei 21.30, poli\u021bi\u0219tii au fost sesiza\u021bi de un b\u0103rbat cu privire la faptul c\u0103 o persoan\u0103 necunoscut\u0103 ar fi p\u0103truns f\u0103r\u0103 drept \u00een curtea locuin\u021bei sale, de unde ar fi sustras mai multe bunuri, respectiv un monitor, o tripl\u0103 electric\u0103, chei tubulare \u0219i alte obiecte. Din verific\u0103ri, a reie\u0219it c\u0103 persoana b\u0103nuit\u0103 de comiterea faptelor ar fi condus ulterior un moped, pe DJ 678 \u0219i pe strada C\u0103tinei, pe raza localit\u0103\u021bii Bude\u0219ti.<\/p>\n<p>\u00cen aceste cazuri, poli\u021bi\u0219tii au efectuat cercet\u0103ri sub aspectul s\u0103v\u00e2r\u0219irii infrac\u021biunilor de furt calificat, punerea \u00een circula\u021bie sau conducerea unui vehicul ne\u00eenmatriculat \u0219i conducerea unui vehicul f\u0103r\u0103 permis de conducere.<\/p>\n<p><em>\u201eCa urmare a continu\u0103rii cercet\u0103rilor, \u00een cursul zilei de mar\u021bi, cu sprijinul poli\u021bi\u0219tilor din cadrul Poli\u021biei Municipiului R\u00e2mnicu V\u00e2lcea, persoana b\u0103nuit\u0103 a fost identificat\u0103 \u0219i depistat\u0103, fiind vorba despre un b\u0103rbat de 57 de ani, din comuna Bude\u0219ti, care a fost condus la sediul Sec\u021biei 2 Poli\u021bie Rural\u0103 Milcoiu pentru continuarea cercet\u0103rilor. Astfel, \u00een baza probatoriului administrat, sub coordonarea procurorului de caz din cadrul Parchetului de pe l\u00e2ng\u0103 Judec\u0103toria R\u00e2mnicu V\u00e2lcea, poli\u021bi\u0219tii au dispus re\u021binerea acestuia pentru 24 de ore, b\u0103rbatul fiind introdus \u00een Centrul de Re\u021binere \u0219i Arestare Preventiv\u0103 al IPJ V\u00e2lcea\u201d<\/em>, au anun\u021bat poli\u021bi\u0219tii v\u00e2lceni.<\/p>\n<p>Ast\u0103zi, 25 februarie 2026, persoana re\u021binut\u0103 urmeaz\u0103 s\u0103 fie prezentat\u0103 unit\u0103\u021bii de parchet competente, \u00een vederea dispunerii m\u0103surilor legale care se impun. Cercet\u0103rile sunt continuate pentru stabilirea \u00eentregii activit\u0103\u021bi infrac\u021bionale.<\/p>\n<\/div>\n<\/div>\n<div class=\"tdb-author-box td_block_wrap tdb_single_author_box tdi_72 tdb-content-vert-top td-pb-border-top td_block_template_1\" data-td-block-uid=\"tdi_72\">\n<div class=\"tdb-block-inner td-fix-index\"><a href=\"https:\/\/www.gazeta-valceana.ro\/author\/redactia\/\" class=\"tdb-author-photo\" title=\"Redactia\"><img decoding=\"async\" alt=\"Redactia\" src=\"https:\/\/secure.gravatar.com\/avatar\/d9699bfd17d7f55fcf6bbdfb0214d48a942c5fd23a1db27f4a803a8d0651670f?s=500&amp;d=mm&amp;r=g\" class=\"avatar avatar-500 photo\" height=\"500\" width=\"500\" loading=\"lazy\"><\/a><\/p>\n<div class=\"tdb-author-info\"><a href=\"https:\/\/www.gazeta-valceana.ro\/author\/redactia\/\" class=\"tdb-author-name\">Redactia<\/a><\/div>\n<\/div>\n<\/div>\n<\/div>\n<\/div>\n<div class=\"vc_column tdi_76  wpb_column vc_column_container tdc-column td-pb-span4 td-is-sticky\">\n<div class=\"wpb_wrapper\" data-sticky-enabled-on=\"W3RydWUsdHJ1ZSx0cnVlLHRydWVd\" data-sticky-offset=\"20\" data-sticky-is-width-auto=\"W2ZhbHNlLGZhbHNlLGZhbHNlLGZhbHNlXQ==\">\n<div class=\"vc_row_inner tdi_81  vc_row vc_inner wpb_row td-pb-row tdc-row-content-vert-center\">\n<div class=\"vc_column_inner tdi_83  wpb_column vc_column_container tdc-inner-column td-pb-span12\">\n<div class=\"vc_column-inner\">\n<div class=\"wpb_wrapper\">\n<div class=\"tdm_block td_block_wrap tdm_block_inline_text tdi_86 tdm-inline-block td-pb-border-top td_block_template_1\" data-td-block-uid=\"tdi_86\">\n<p class=\"tdm-descr\">Ultimele articole<\/p>\n<\/div>\n<\/div>\n<\/div>\n<\/div>\n<\/div>\n<div class=\"td_block_wrap td_flex_block_1 tdi_87 td-pb-border-top td_block_template_1 td_flex_block\" data-td-block-uid=\"tdi_87\">\n<div id=\"tdi_87\" class=\"td_block_inner td-mc1-wrap\">\n<div class=\"td_module_flex td_module_flex_1 td_module_wrap td-animation-stack td-cpt-post\">\n<div class=\"td-module-container td-category-pos-\">\n<div class=\"td-module-meta-info\">\n<h3 class=\"entry-title td-module-title\"><a href=\"https:\/\/www.gazeta-valceana.ro\/sport\/valcea-bate-bine-aur-argint-si-bronz-la-un-turneu-de-box-extrem-de-important\/\" rel=\"bookmark\" title=\"V\u00e2lcea bate bine! Aur, argint \u0219i bronz la un turneu de box extrem de important\">V\u00e2lcea bate bine! Aur, argint \u0219i bronz la un turneu de box extrem de important<\/a><\/h3>\n<div class=\"td-editor-date\"><span class=\"td-author-date\"><span class=\"td-post-date\"><time class=\"entry-date updated td-module-date\" datetime=\"2026-02-25T12:35:22+02:00\">25 februarie 2026<\/time><\/span><\/span><\/div>\n<\/div>\n<\/div>\n<\/div>\n<div class=\"td_module_flex td_module_flex_1 td_module_wrap td-animation-stack td-cpt-post\">\n<div class=\"td-module-container td-category-pos-\">\n<div class=\"td-module-meta-info\">\n<h3 class=\"entry-title td-module-title\"><a href=\"https:\/\/www.gazeta-valceana.ro\/justitie\/video-explicit-in-articol-perchezitiile-de-astazi-din-valcea-au-legatura-cu-mafia-pariurilor-sportive\/\" rel=\"bookmark\" title=\"VIDEO EXPLICIT \u00een articol. PERCHEZI\u021aIILE de ast\u0103zi din V\u00e2lcea au leg\u0103tur\u0103 cu mafia pariurilor sportive\">VIDEO EXPLICIT \u00een articol. PERCHEZI\u021aIILE de ast\u0103zi din V\u00e2lcea au leg\u0103tur\u0103 cu mafia pariurilor sportive<\/a><\/h3>\n<div class=\"td-editor-date\"><span class=\"td-author-date\"><span class=\"td-post-date\"><time class=\"entry-date updated td-module-date\" datetime=\"2026-02-25T10:01:13+02:00\">25 februarie 2026<\/time><\/span><\/span><\/div>\n<\/div>\n<\/div>\n<\/div>\n<div class=\"td_module_flex td_module_flex_1 td_module_wrap td-animation-stack td-cpt-post\">\n<div class=\"td-module-container td-category-pos-\">\n<div class=\"td-module-meta-info\">\n<h3 class=\"entry-title td-module-title\"><a href=\"https:\/\/www.gazeta-valceana.ro\/administratie\/oportunitate-pentru-tineri-primaria-horezu-infiinteaza-un-cartier-rezidential-peste-300-de-loturi-sunt-disponibile\/\" rel=\"bookmark\" title=\"Oportunitate pentru tineri! Prim\u0103ria Horezu \u00eenfiin\u021beaz\u0103 un cartier reziden\u021bial. Peste 300 de loturi sunt disponibile\">Oportunitate pentru tineri! Prim\u0103ria Horezu \u00eenfiin\u021beaz\u0103 un cartier reziden\u021bial. Peste 300 de loturi sunt disponibile<\/a><\/h3>\n<div class=\"td-editor-date\"><span class=\"td-author-date\"><span class=\"td-post-date\"><time class=\"entry-date updated td-module-date\" datetime=\"2026-02-25T00:05:00+02:00\">25 februarie 2026<\/time><\/span><\/span><\/div>\n<\/div>\n<\/div>\n<\/div>\n<div class=\"td_module_flex td_module_flex_1 td_module_wrap td-animation-stack td-cpt-post\">\n<div class=\"td-module-container td-category-pos-\">\n<div class=\"td-module-meta-info\">\n<h3 class=\"entry-title td-module-title\"><a href=\"https:\/\/www.gazeta-valceana.ro\/anchetedezvaluri\/foto-martea-neagra-in-capitala-olteniei-mecanic-verificat-cu-alcooltestul-dupa-ce-trenul-a-accidentat-mortal-un-pensionar\/\" rel=\"bookmark\" title=\"FOTO. Mar\u021bea neagr\u0103 \u00een capitala Olteniei. Mecanic, verificat cu alcooltestul dup\u0103 ce trenul a accidentat mortal un pensionar\">FOTO. Mar\u021bea neagr\u0103 \u00een capitala Olteniei. Mecanic, verificat cu alcooltestul dup\u0103 ce trenul a accidentat mortal un pensionar<\/a><\/h3>\n<div class=\"td-editor-date\"><span class=\"td-author-date\"><span class=\"td-post-date\"><time class=\"entry-date updated td-module-date\" datetime=\"2026-02-24T19:30:18+02:00\">24 februarie 2026<\/time><\/span><\/span><\/div>\n<\/div>\n<\/div>\n<\/div>\n<\/div>\n<\/div>\n<div class=\"td_block_wrap td-a-rec td-a-rec-id-custom-spot td-a-rec-img tdi_88 td_block_template_1\">\n<div><a href=\"https:\/\/www.gazeta-valceana.ro\/justitie\/la-57-de-ani-un-valcean-se-tinea-de-gainarii-fura-ce-prindea-politistii-i-au-venit-de-hac-in-cele-din-urma\/\" class=\"td_spot_img_all\"><img loading=\"lazy\" decoding=\"async\" src=\"https:\/\/www.gazeta-valceana.ro\/wp-content\/uploads\/2025\/01\/image-5.jpg\" alt=\"spot_img\" width=\"347\" height=\"277\"><\/a><a href=\"https:\/\/www.gazeta-valceana.ro\/justitie\/la-57-de-ani-un-valcean-se-tinea-de-gainarii-fura-ce-prindea-politistii-i-au-venit-de-hac-in-cele-din-urma\/\" class=\"td_spot_img_mob\"><img loading=\"lazy\" decoding=\"async\" src=\"https:\/\/www.gazeta-valceana.ro\/wp-content\/uploads\/2025\/01\/image-5.jpg\" alt=\"spot_img\" width=\"347\" height=\"247\"><\/a><\/div>\n<\/div>\n<div class=\"td_block_wrap td-a-rec td-a-rec-id-custom-spot td-a-rec-img tdi_89 td_block_template_1\">\n<div><a href=\"https:\/\/www.gazeta-valceana.ro\/justitie\/la-57-de-ani-un-valcean-se-tinea-de-gainarii-fura-ce-prindea-politistii-i-au-venit-de-hac-in-cele-din-urma\/\" class=\"td_spot_img_all\"><img loading=\"lazy\" decoding=\"async\" src=\"https:\/\/www.gazeta-valceana.ro\/wp-content\/uploads\/2025\/01\/image-3.jpeg\" alt=\"spot_img\" width=\"347\" height=\"277\"><\/a><a href=\"https:\/\/www.gazeta-valceana.ro\/justitie\/la-57-de-ani-un-valcean-se-tinea-de-gainarii-fura-ce-prindea-politistii-i-au-venit-de-hac-in-cele-din-urma\/\" class=\"td_spot_img_mob\"><img loading=\"lazy\" decoding=\"async\" src=\"https:\/\/www.gazeta-valceana.ro\/wp-content\/uploads\/2025\/01\/image-3.jpeg\" alt=\"spot_img\" width=\"347\" height=\"247\"><\/a><\/div>\n<\/div>\n<\/div>\n<\/div>\n<\/div>\n<\/div>\n<div id=\"tdi_97\" class=\"tdc-row stretch_row_1200 td-stretch-content\">\n<div class=\"vc_row tdi_98  wpb_row td-pb-row\">\n<div class=\"vc_column tdi_100  wpb_column vc_column_container tdc-column td-pb-span12\">\n<div class=\"wpb_wrapper\">\n<div class=\"td_block_wrap tdb_single_next_prev tdi_101 td-pb-border-top td_block_template_1\" data-td-block-uid=\"tdi_101\">\n<div class=\"tdb-block-inner td-fix-index\">\n<div class=\"tdb-next-post tdb-next-post-bg tdb-post-prev\"><span>Articolul precedent<\/span><\/p>\n<div class=\"td-module-container\">\n<div class=\"next-prev-title\"><a href=\"https:\/\/www.gazeta-valceana.ro\/justitie\/video-explicit-in-articol-perchezitiile-de-astazi-din-valcea-au-legatura-cu-mafia-pariurilor-sportive\/\">VIDEO EXPLICIT \u00een articol. PERCHEZI\u021aIILE de ast\u0103zi din V\u00e2lcea au leg\u0103tur\u0103 cu mafia pariurilor sportive<\/a><\/div>\n<\/div>\n<\/div>\n<div class=\"tdb-next-post tdb-next-post-bg tdb-post-next\"><span>Articolul urm\u0103tor<\/span><\/p>\n<div class=\"td-module-container\">\n<div class=\"next-prev-title\"><a href=\"https:\/\/www.gazeta-valceana.ro\/sport\/valcea-bate-bine-aur-argint-si-bronz-la-un-turneu-de-box-extrem-de-important\/\">V\u00e2lcea bate bine! Aur, argint \u0219i bronz la un turneu de box extrem de important<\/a><\/div>\n<\/div>\n<\/div>\n<\/div>\n<\/div>\n<div class=\"vc_row_inner tdi_103  vc_row vc_inner wpb_row td-pb-row tdc-row-content-vert-center\">\n<div class=\"vc_column_inner tdi_105  wpb_column vc_column_container tdc-inner-column td-pb-span12\">\n<div class=\"vc_column-inner\">\n<div class=\"wpb_wrapper\">\n<div class=\"tdm_block td_block_wrap tdm_block_inline_text tdi_108 tdm-inline-block td-pb-border-top td_block_template_1\" data-td-block-uid=\"tdi_108\">\n<p class=\"tdm-descr\">Related articles<\/p>\n<\/div>\n<\/div>\n<\/div>\n<\/div>\n<\/div>\n<div class=\"td_block_wrap tdb_single_related tdi_109 td_with_ajax_pagination td-pb-border-top td_block_template_1 tdb-single-related-posts\" data-td-block-uid=\"tdi_109\">\n<div id=\"tdi_109\" class=\"td_block_inner tdb-block-inner td-fix-index\">\n<div class=\"tdb_module_related td_module_wrap td-animation-stack\">\n<div class=\"td-module-container td-category-pos-\">\n<div class=\"td-module-meta-info\">\n<h3 class=\"entry-title td-module-title\"><a href=\"https:\/\/www.gazeta-valceana.ro\/sport\/valcea-bate-bine-aur-argint-si-bronz-la-un-turneu-de-box-extrem-de-important\/\" rel=\"bookmark\" title=\"V\u00e2lcea bate bine! Aur, argint \u0219i bronz la un turneu de box extrem de important\">V\u00e2lcea bate bine! Aur, argint \u0219i bronz la un turneu de box extrem de important<\/a><\/h3>\n<div class=\"td-editor-date\"><a href=\"https:\/\/www.gazeta-valceana.ro\/category\/i\/\" class=\"td-post-category\">I<\/a><span class=\"td-author-date\"><span class=\"td-post-date\"><time class=\"entry-date updated td-module-date\" datetime=\"2026-02-25T12:35:22+02:00\">25 februarie 2026<\/time><\/span><\/span><\/div>\n<\/div>\n<\/div>\n<\/div>\n<div class=\"tdb_module_related td_module_wrap td-animation-stack\">\n<div class=\"td-module-container td-category-pos-\">\n<div class=\"td-module-meta-info\">\n<h3 class=\"entry-title td-module-title\"><a href=\"https:\/\/www.gazeta-valceana.ro\/justitie\/video-explicit-in-articol-perchezitiile-de-astazi-din-valcea-au-legatura-cu-mafia-pariurilor-sportive\/\" rel=\"bookmark\" title=\"VIDEO EXPLICIT \u00een articol. PERCHEZI\u021aIILE de ast\u0103zi din V\u00e2lcea au leg\u0103tur\u0103 cu mafia pariurilor sportive\">VIDEO EXPLICIT \u00een articol. PERCHEZI\u021aIILE de ast\u0103zi din V\u00e2lcea au leg\u0103tur\u0103 cu mafia pariurilor sportive<\/a><\/h3>\n<div class=\"td-editor-date\"><a href=\"https:\/\/www.gazeta-valceana.ro\/category\/anchetedezvaluri\/\" class=\"td-post-category\">Anchete\/Dezv\u0103luri<\/a><span class=\"td-author-date\"><span class=\"td-post-date\"><time class=\"entry-date updated td-module-date\" datetime=\"2026-02-25T10:01:13+02:00\">25 februarie 2026<\/time><\/span><\/span><\/div>\n<\/div>\n<\/div>\n<\/div>\n<div class=\"tdb_module_related td_module_wrap td-animation-stack\">\n<div class=\"td-module-container td-category-pos-\">\n<div class=\"td-module-meta-info\">\n<h3 class=\"entry-title td-module-title\"><a href=\"https:\/\/www.gazeta-valceana.ro\/administratie\/oportunitate-pentru-tineri-primaria-horezu-infiinteaza-un-cartier-rezidential-peste-300-de-loturi-sunt-disponibile\/\" rel=\"bookmark\" title=\"Oportunitate pentru tineri! Prim\u0103ria Horezu \u00eenfiin\u021beaz\u0103 un cartier reziden\u021bial. Peste 300 de loturi sunt disponibile\">Oportunitate pentru tineri! Prim\u0103ria Horezu \u00eenfiin\u021beaz\u0103 un cartier reziden\u021bial. Peste 300 de loturi sunt disponibile<\/a><\/h3>\n<div class=\"td-editor-date\"><a href=\"https:\/\/www.gazeta-valceana.ro\/category\/administratie\/\" class=\"td-post-category\">Administra\u0163ie<\/a><span class=\"td-author-date\"><span class=\"td-post-date\"><time class=\"entry-date updated td-module-date\" datetime=\"2026-02-25T00:05:00+02:00\">25 februarie 2026<\/time><\/span><\/span><\/div>\n<\/div>\n<\/div>\n<\/div>\n<\/div>\n<\/div>\n<\/div>\n<\/div>\n<\/div>\n<\/div>\n<div id=\"tdi_116\" class=\"tdc-row stretch_row_1200 td-stretch-content\">\n<div class=\"vc_row tdi_117  wpb_row td-pb-row\">\n<div class=\"vc_column tdi_122  wpb_column vc_column_container tdc-column td-pb-span4 td-is-sticky\">\n<div class=\"wpb_wrapper\" data-sticky-enabled-on=\"W3RydWUsdHJ1ZSx0cnVlLHRydWVd\" data-sticky-offset=\"20\" data-sticky-is-width-auto=\"W2ZhbHNlLGZhbHNlLGZhbHNlLGZhbHNlXQ==\">\n<div class=\"td_block_wrap td-a-rec td-a-rec-id-custom-spot td-a-rec-img tdi_123 td_block_template_1\">\n<div><a href=\"https:\/\/www.gazeta-valceana.ro\/justitie\/la-57-de-ani-un-valcean-se-tinea-de-gainarii-fura-ce-prindea-politistii-i-au-venit-de-hac-in-cele-din-urma\/\" class=\"td_spot_img_all\"><img loading=\"lazy\" decoding=\"async\" src=\"https:\/\/www.gazeta-valceana.ro\/wp-content\/uploads\/2025\/01\/image-4.jpg\" alt=\"spot_img\" width=\"347\" height=\"277\"><\/a><a href=\"https:\/\/www.gazeta-valceana.ro\/justitie\/la-57-de-ani-un-valcean-se-tinea-de-gainarii-fura-ce-prindea-politistii-i-au-venit-de-hac-in-cele-din-urma\/\" class=\"td_spot_img_mob\"><img loading=\"lazy\" decoding=\"async\" src=\"https:\/\/www.gazeta-valceana.ro\/wp-content\/uploads\/2025\/01\/image-4.jpg\" alt=\"spot_img\" width=\"347\" height=\"247\"><\/a><\/div>\n<\/div>\n<div class=\"td_block_wrap td-a-rec td-a-rec-id-custom-spot td-a-rec-img tdi_124 td_block_template_1\">\n<div><a href=\"https:\/\/www.gazeta-valceana.ro\/justitie\/la-57-de-ani-un-valcean-se-tinea-de-gainarii-fura-ce-prindea-politistii-i-au-venit-de-hac-in-cele-din-urma\/\" class=\"td_spot_img_all\"><img loading=\"lazy\" decoding=\"async\" src=\"https:\/\/www.gazeta-valceana.ro\/wp-content\/uploads\/2025\/01\/image-5.jpg\" alt=\"spot_img\" width=\"347\" height=\"277\"><\/a><a href=\"https:\/\/www.gazeta-valceana.ro\/justitie\/la-57-de-ani-un-valcean-se-tinea-de-gainarii-fura-ce-prindea-politistii-i-au-venit-de-hac-in-cele-din-urma\/\" class=\"td_spot_img_mob\"><img loading=\"lazy\" decoding=\"async\" src=\"https:\/\/www.gazeta-valceana.ro\/wp-content\/uploads\/2025\/01\/image-5.jpg\" alt=\"spot_img\" width=\"347\" height=\"247\"><\/a><\/div>\n<\/div>\n<div class=\"td_block_wrap td-a-rec td-a-rec-id-custom-spot td-a-rec-img tdi_125 td_block_template_1\">\n<div><a href=\"https:\/\/www.gazeta-valceana.ro\/justitie\/la-57-de-ani-un-valcean-se-tinea-de-gainarii-fura-ce-prindea-politistii-i-au-venit-de-hac-in-cele-din-urma\/\" class=\"td_spot_img_all\"><img loading=\"lazy\" decoding=\"async\" src=\"https:\/\/www.gazeta-valceana.ro\/wp-content\/uploads\/2025\/01\/image-3.jpeg\" alt=\"spot_img\" width=\"347\" height=\"277\"><\/a><a href=\"https:\/\/www.gazeta-valceana.ro\/justitie\/la-57-de-ani-un-valcean-se-tinea-de-gainarii-fura-ce-prindea-politistii-i-au-venit-de-hac-in-cele-din-urma\/\" class=\"td_spot_img_mob\"><img loading=\"lazy\" decoding=\"async\" src=\"https:\/\/www.gazeta-valceana.ro\/wp-content\/uploads\/2025\/01\/image-3.jpeg\" alt=\"spot_img\" width=\"347\" height=\"247\"><\/a><\/div>\n<\/div>\n<\/div>\n<\/div>\n<\/div>\n<\/div>\n<\/div>\n<\/div>\n<p><span class=\"td-page-meta\"><\/span><span class=\"td-page-meta\"><span class=\"td-page-meta\"><\/span><\/span><span class=\"td-page-meta\"><\/span><\/article>\n<\/p>\n<div class=\"td_block_wrap tdb_single_content tdi_71 td-pb-border-top td_block_template_1 td-post-content tagdiv-type\" data-td-block-uid=\"tdi_71\">\n<div class=\"tdb-block-inner td-fix-index\">\n<p>\u00cen data de 24 februarie 2026, poli\u021bi\u0219tii din cadrul Sec\u021biei 2 Poli\u021bie Rural\u0103 Milcoiu au re\u021binut, pentru 24 de ore, un b\u0103rbat cercetat pentru comiterea mai multor infrac\u021biuni. \u00cen fapt, la data de 16 februarie 2026, poli\u021bi\u0219tii au fost sesiza\u021bi de reprezentantul unei societ\u0103\u021bi comerciale din comuna Bude\u0219ti cu privire la faptul c\u0103, \u00een perioada 13-16 februarie, persoane necunoscute ar fi sustras de la punctul de lucru al societ\u0103\u021bii aproximativ 200 de litri de motorin\u0103, o baterie auto, precum \u0219i alte bunuri.<\/p>\n<p>De asemenea, la data de 17 februarie 2026, \u00een jurul orei 21.30, poli\u021bi\u0219tii au fost sesiza\u021bi de un b\u0103rbat cu privire la faptul c\u0103 o persoan\u0103 necunoscut\u0103 ar fi p\u0103truns f\u0103r\u0103 drept \u00een curtea locuin\u021bei sale, de unde ar fi sustras mai multe bunuri, respectiv un monitor, o tripl\u0103 electric\u0103, chei tubulare \u0219i alte obiecte. Din verific\u0103ri, a reie\u0219it c\u0103 persoana b\u0103nuit\u0103 de comiterea faptelor ar fi condus ulterior un moped, pe DJ 678 \u0219i pe strada C\u0103tinei, pe raza localit\u0103\u021bii Bude\u0219ti.<\/p>\n<p>\u00cen aceste cazuri, poli\u021bi\u0219tii au efectuat cercet\u0103ri sub aspectul s\u0103v\u00e2r\u0219irii infrac\u021biunilor de furt calificat, punerea \u00een circula\u021bie sau conducerea unui vehicul ne\u00eenmatriculat \u0219i conducerea unui vehicul f\u0103r\u0103 permis de conducere.<\/p>\n<p><em>\u201eCa urmare a continu\u0103rii cercet\u0103rilor, \u00een cursul zilei de mar\u021bi, cu sprijinul poli\u021bi\u0219tilor din cadrul Poli\u021biei Municipiului R\u00e2mnicu V\u00e2lcea, persoana b\u0103nuit\u0103 a fost identificat\u0103 \u0219i depistat\u0103, fiind vorba despre un b\u0103rbat de 57 de ani, din comuna Bude\u0219ti, care a fost condus la sediul Sec\u021biei 2 Poli\u021bie Rural\u0103 Milcoiu pentru continuarea cercet\u0103rilor. Astfel, \u00een baza probatoriului administrat, sub coordonarea procurorului de caz din cadrul Parchetului de pe l\u00e2ng\u0103 Judec\u0103toria R\u00e2mnicu V\u00e2lcea, poli\u021bi\u0219tii au dispus re\u021binerea acestuia pentru 24 de ore, b\u0103rbatul fiind introdus \u00een Centrul de Re\u021binere \u0219i Arestare Preventiv\u0103 al IPJ V\u00e2lcea\u201d<\/em>, au anun\u021bat poli\u021bi\u0219tii v\u00e2lceni.<\/p>\n<p>Ast\u0103zi, 25 februarie 2026, persoana re\u021binut\u0103 urmeaz\u0103 s\u0103 fie prezentat\u0103 unit\u0103\u021bii de parchet competente, \u00een vederea dispunerii m\u0103surilor legale care se impun. Cercet\u0103rile sunt continuate pentru stabilirea \u00eentregii activit\u0103\u021bi infrac\u021bionale.<\/p>\n<\/div>\n<\/div>\n<p>\u00cen data de 24 februarie 2026, poli\u021bi\u0219tii din cadrul Sec\u021biei 2 Poli\u021bie Rural\u0103 Milcoiu au re\u021binut, pentru 24 de ore, un b\u0103rbat cercetat pentru comiterea mai multor infrac\u021biuni. \u00cen fapt, la data de 16 februarie 2026, poli\u021bi\u0219tii au fost sesiza\u021bi de reprezentantul unei societ\u0103\u021bi comerciale din comuna Bude\u0219ti cu privire la faptul c\u0103, \u00een perioada 13-16 februarie, persoane necunoscute ar fi sustras de la punctul de lucru al societ\u0103\u021bii aproximativ 200 de litri de motorin\u0103, o baterie auto, precum \u0219i alte bunuri.<\/p>\n<p>De asemenea, la data de 17 februarie 2026, \u00een jurul orei 21.30, poli\u021bi\u0219tii au fost sesiza\u021bi de un b\u0103rbat cu privire la faptul c\u0103 o persoan\u0103 necunoscut\u0103 ar fi p\u0103truns f\u0103r\u0103 drept \u00een curtea locuin\u021bei sale, de unde ar fi sustras mai multe bunuri, respectiv un monitor, o tripl\u0103 electric\u0103, chei tubulare \u0219i alte obiecte. Din verific\u0103ri, a reie\u0219it c\u0103 persoana b\u0103nuit\u0103 de comiterea faptelor ar fi condus ulterior un moped, pe DJ 678 \u0219i pe strada C\u0103tinei, pe raza localit\u0103\u021bii Bude\u0219ti.<\/p>\n<p>\u00cen aceste cazuri, poli\u021bi\u0219tii au efectuat cercet\u0103ri sub aspectul s\u0103v\u00e2r\u0219irii infrac\u021biunilor de furt calificat, punerea \u00een circula\u021bie sau conducerea unui vehicul ne\u00eenmatriculat \u0219i conducerea unui vehicul f\u0103r\u0103 permis de conducere.<\/p>\n<p><em>\u201eCa urmare a continu\u0103rii cercet\u0103rilor, \u00een cursul zilei de mar\u021bi, cu sprijinul poli\u021bi\u0219tilor din cadrul Poli\u021biei Municipiului R\u00e2mnicu V\u00e2lcea, persoana b\u0103nuit\u0103 a fost identificat\u0103 \u0219i depistat\u0103, fiind vorba despre un b\u0103rbat de 57 de ani, din comuna Bude\u0219ti, care a fost condus la sediul Sec\u021biei 2 Poli\u021bie Rural\u0103 Milcoiu pentru continuarea cercet\u0103rilor. Astfel, \u00een baza probatoriului administrat, sub coordonarea procurorului de caz din cadrul Parchetului de pe l\u00e2ng\u0103 Judec\u0103toria R\u00e2mnicu V\u00e2lcea, poli\u021bi\u0219tii au dispus re\u021binerea acestuia pentru 24 de ore, b\u0103rbatul fiind introdus \u00een Centrul de Re\u021binere \u0219i Arestare Preventiv\u0103 al IPJ V\u00e2lcea\u201d<\/em>, au anun\u021bat poli\u021bi\u0219tii v\u00e2lceni.<\/p>\n<p>Ast\u0103zi, 25 februarie 2026, persoana re\u021binut\u0103 urmeaz\u0103 s\u0103 fie prezentat\u0103 unit\u0103\u021bii de parchet competente, \u00een vederea dispunerii m\u0103surilor legale care se impun. Cercet\u0103rile sunt continuate pentru stabilirea \u00eentregii activit\u0103\u021bi infrac\u021bionale.<\/p>\n<p>[analyse_source url=&#8221;https:\/\/www.gazeta-valceana.ro\/justitie\/la-57-de-ani-un-valcean-se-tinea-de-gainarii-fura-ce-prindea-politistii-i-au-venit-de-hac-in-cele-din-urma\/&#8221;]<\/p>\n","protected":false},"excerpt":{"rendered":"<p>[analyse_image type=&#8221;featured&#8221; src=&#8221;https:\/\/www.gazeta-valceana.ro\/wp-content\/uploads\/2025\/11\/IPJ-Retinut-Arestat-toamna.jpg&#8221;] La 57 de ani, un v\u00e2lcean se \u021binea de g\u0103in\u0103rii. Fura ce prindea! POLI\u021aI\u0218TII i-au venit de hac, \u00een cele din urm\u0103 Anchete\/Dezv\u0103luriIJusti\u0163ie 25 februarie 2026 Ac\u021biune Facebook Twitter Pinterest WhatsApp \u00cen data de 24 februarie 2026, poli\u021bi\u0219tii din cadrul Sec\u021biei 2 Poli\u021bie Rural\u0103 Milcoiu au re\u021binut, pentru 24 de ore, un [&hellip;]<\/p>\n","protected":false},"author":1,"featured_media":0,"comment_status":"open","ping_status":"","sticky":false,"template":"","format":"standard","meta":{"footnotes":""},"categories":[89],"tags":[226,214],"class_list":["post-1791908","post","type-post","status-publish","format-standard","hentry","category-romania","tag-crawlmanager","tag-gazetavalceana-ro"],"_links":{"self":[{"href":"https:\/\/analyse.optim.biz\/index.php?rest_route=\/wp\/v2\/posts\/1791908","targetHints":{"allow":["GET"]}}],"collection":[{"href":"https:\/\/analyse.optim.biz\/index.php?rest_route=\/wp\/v2\/posts"}],"about":[{"href":"https:\/\/analyse.optim.biz\/index.php?rest_route=\/wp\/v2\/types\/post"}],"author":[{"embeddable":true,"href":"https:\/\/analyse.optim.biz\/index.php?rest_route=\/wp\/v2\/users\/1"}],"replies":[{"embeddable":true,"href":"https:\/\/analyse.optim.biz\/index.php?rest_route=%2Fwp%2Fv2%2Fcomments&post=1791908"}],"version-history":[{"count":0,"href":"https:\/\/analyse.optim.biz\/index.php?rest_route=\/wp\/v2\/posts\/1791908\/revisions"}],"wp:attachment":[{"href":"https:\/\/analyse.optim.biz\/index.php?rest_route=%2Fwp%2Fv2%2Fmedia&parent=1791908"}],"wp:term":[{"taxonomy":"category","embeddable":true,"href":"https:\/\/analyse.optim.biz\/index.php?rest_route=%2Fwp%2Fv2%2Fcategories&post=1791908"},{"taxonomy":"post_tag","embeddable":true,"href":"https:\/\/analyse.optim.biz\/index.php?rest_route=%2Fwp%2Fv2%2Ftags&post=1791908"}],"curies":[{"name":"wp","href":"https:\/\/api.w.org\/{rel}","templated":true}]}}