{"id":1791889,"date":"2026-02-25T07:00:12","date_gmt":"2026-02-25T04:00:12","guid":{"rendered":"https:\/\/analyse.optim.biz\/?p=1791889"},"modified":"2026-02-25T07:00:12","modified_gmt":"2026-02-25T04:00:12","slug":"spectacol-dedicat-zilei-internationale-a-femeii-la-teatrul-jean-bart-ziarul-delta-tulcea","status":"publish","type":"post","link":"https:\/\/analyse.optim.biz\/?p=1791889","title":{"rendered":"Spectacol dedicat Zilei Interna\u0163ionale a Femeii, la Teatrul \u201eJean Bart&#8221; &#8211; Ziarul Delta Tulcea"},"content":{"rendered":"<p>[analyse_image type=&#8221;featured&#8221; src=&#8221;https:\/\/ziaruldelta.ro\/wp-content\/uploads\/2026\/02\/spectacol-dedicat.jpg&#8221;]<\/p>\n<article id=\"post-35503\" class=\"module single-post-module post-35503 post type-post status-publish format-standard has-post-thumbnail hentry category-cultura et-has-post-format-content et_post_format-et-post-format-standard\">\n<div class=\"post-header\">\n<h1 class=\"entry-title\">Spectacol dedicat Zilei Interna\u0163ionale a Femeii, la Teatrul \u201eJean Bart\u201d<\/h1>\n<div class=\"post-meta vcard\">\n<p>Posted by <a href=\"https:\/\/ziaruldelta.ro\/author\/nicoleta-urmuz\/\" class=\"url fn\" title=\"Posts by Nicoleta URMUZ\" rel=\"author\">Nicoleta URMUZ<\/a> | <span class=\"updated\">Feb 25, 2026<\/span> | <a href=\"https:\/\/ziaruldelta.ro\/category\/cultura\/\" rel=\"tag\">Cultur\u0103<\/a> | <\/p>\n<\/div>\n<\/div>\n<div class=\"post-thumbnail header\"><img decoding=\"async\" src=\"https:\/\/ziaruldelta.ro\/wp-content\/uploads\/2026\/02\/spectacol-dedicat.jpg\" alt=\"Spectacol dedicat Zilei Interna\u0163ionale a Femeii, la Teatrul \u201eJean Bart\u201d\"><\/div>\n<div class=\"post-wrap\">\n<div class=\"post-content entry-content\">\n<p>Un spectacol dedicat zilei de 8 Martie va aduce pe scena Teatrul \u201eJean Bart\u201d din Tulcea emo\u0163ie, culoare \u015fi tradi\u0163ie, \u00eentr-o sear\u0103 special\u0103 \u00eenchinat\u0103 feminit\u0103\u0163ii \u015fi prim\u0103verii. Ansamblul Artistic Profesionist \u201eBaladele Deltei\u201d invit\u0103 publicul pe 6 martie, de la ora 18:00, la un adev\u0103rat omagiu muzical \u015fi coregrafic dedicat tuturor doamnelor \u015fi domni\u015foarelor.<\/p>\n<p>Intrarea se face pe baz\u0103 de invita\u0163ie, \u00een limita locurilor disponibile, acestea put\u00e2nd fi procurate de la sediul ansamblului \u015fi de la casa de bilete a Centrului Cultural \u201eJean Bart\u201d.<\/p>\n<p>Citi\u0163i continuarea \u00een edi\u0163ia tip\u0103rit\u0103 a ziarului Delta.<\/p>\n<\/div>\n<\/div>\n<div class=\"post-footer\">\n<div class=\"social-icons ed-social-share-icons\">\n<p class=\"share-title\">Share:<\/p>\n<\/div>\n<div class=\"rating-stars\">\n<p id=\"rate-title\" class=\"rate-title\">Rate:<\/p>\n<\/div>\n<\/div>\n<\/article>\n<div class=\"post-content entry-content\">\n<p>Un spectacol dedicat zilei de 8 Martie va aduce pe scena Teatrul \u201eJean Bart\u201d din Tulcea emo\u0163ie, culoare \u015fi tradi\u0163ie, \u00eentr-o sear\u0103 special\u0103 \u00eenchinat\u0103 feminit\u0103\u0163ii \u015fi prim\u0103verii. Ansamblul Artistic Profesionist \u201eBaladele Deltei\u201d invit\u0103 publicul pe 6 martie, de la ora 18:00, la un adev\u0103rat omagiu muzical \u015fi coregrafic dedicat tuturor doamnelor \u015fi domni\u015foarelor.<\/p>\n<p>Intrarea se face pe baz\u0103 de invita\u0163ie, \u00een limita locurilor disponibile, acestea put\u00e2nd fi procurate de la sediul ansamblului \u015fi de la casa de bilete a Centrului Cultural \u201eJean Bart\u201d.<\/p>\n<p>Citi\u0163i continuarea \u00een edi\u0163ia tip\u0103rit\u0103 a ziarului Delta.<\/p>\n<\/div>\n<div class=\"post-content entry-content\">\n<p>Un spectacol dedicat zilei de 8 Martie va aduce pe scena Teatrul \u201eJean Bart\u201d din Tulcea emo\u0163ie, culoare \u015fi tradi\u0163ie, \u00eentr-o sear\u0103 special\u0103 \u00eenchinat\u0103 feminit\u0103\u0163ii \u015fi prim\u0103verii. Ansamblul Artistic Profesionist \u201eBaladele Deltei\u201d invit\u0103 publicul pe 6 martie, de la ora 18:00, la un adev\u0103rat omagiu muzical \u015fi coregrafic dedicat tuturor doamnelor \u015fi domni\u015foarelor.<\/p>\n<p>Intrarea se face pe baz\u0103 de invita\u0163ie, \u00een limita locurilor disponibile, acestea put\u00e2nd fi procurate de la sediul ansamblului \u015fi de la casa de bilete a Centrului Cultural \u201eJean Bart\u201d.<\/p>\n<p>Citi\u0163i continuarea \u00een edi\u0163ia tip\u0103rit\u0103 a ziarului Delta.<\/p>\n<\/div>\n<p>[analyse_source url=&#8221;https:\/\/ziaruldelta.ro\/2026\/02\/25\/spectacol-dedicat-zilei-internationale-a-femeii-la-teatrul-jean-bart\/&#8221;]<\/p>\n","protected":false},"excerpt":{"rendered":"<p>[analyse_image type=&#8221;featured&#8221; src=&#8221;https:\/\/ziaruldelta.ro\/wp-content\/uploads\/2026\/02\/spectacol-dedicat.jpg&#8221;] Spectacol dedicat Zilei Interna\u0163ionale a Femeii, la Teatrul \u201eJean Bart\u201d Posted by Nicoleta URMUZ | Feb 25, 2026 | Cultur\u0103 | Un spectacol dedicat zilei de 8 Martie va aduce pe scena Teatrul \u201eJean Bart\u201d din Tulcea emo\u0163ie, culoare \u015fi tradi\u0163ie, \u00eentr-o sear\u0103 special\u0103 \u00eenchinat\u0103 feminit\u0103\u0163ii \u015fi prim\u0103verii. Ansamblul Artistic Profesionist \u201eBaladele [&hellip;]<\/p>\n","protected":false},"author":1,"featured_media":0,"comment_status":"open","ping_status":"","sticky":false,"template":"","format":"standard","meta":{"footnotes":""},"categories":[89],"tags":[226,206],"class_list":["post-1791889","post","type-post","status-publish","format-standard","hentry","category-romania","tag-crawlmanager","tag-ziaruldelta-ro"],"_links":{"self":[{"href":"https:\/\/analyse.optim.biz\/index.php?rest_route=\/wp\/v2\/posts\/1791889","targetHints":{"allow":["GET"]}}],"collection":[{"href":"https:\/\/analyse.optim.biz\/index.php?rest_route=\/wp\/v2\/posts"}],"about":[{"href":"https:\/\/analyse.optim.biz\/index.php?rest_route=\/wp\/v2\/types\/post"}],"author":[{"embeddable":true,"href":"https:\/\/analyse.optim.biz\/index.php?rest_route=\/wp\/v2\/users\/1"}],"replies":[{"embeddable":true,"href":"https:\/\/analyse.optim.biz\/index.php?rest_route=%2Fwp%2Fv2%2Fcomments&post=1791889"}],"version-history":[{"count":0,"href":"https:\/\/analyse.optim.biz\/index.php?rest_route=\/wp\/v2\/posts\/1791889\/revisions"}],"wp:attachment":[{"href":"https:\/\/analyse.optim.biz\/index.php?rest_route=%2Fwp%2Fv2%2Fmedia&parent=1791889"}],"wp:term":[{"taxonomy":"category","embeddable":true,"href":"https:\/\/analyse.optim.biz\/index.php?rest_route=%2Fwp%2Fv2%2Fcategories&post=1791889"},{"taxonomy":"post_tag","embeddable":true,"href":"https:\/\/analyse.optim.biz\/index.php?rest_route=%2Fwp%2Fv2%2Ftags&post=1791889"}],"curies":[{"name":"wp","href":"https:\/\/api.w.org\/{rel}","templated":true}]}}