{"id":1791887,"date":"2026-02-24T07:00:07","date_gmt":"2026-02-24T04:00:07","guid":{"rendered":"https:\/\/analyse.optim.biz\/?p=1791887"},"modified":"2026-02-24T07:00:07","modified_gmt":"2026-02-24T04:00:07","slug":"sterica-fudulea-prim-vicepresedintele-imm-romania-faptul-ca-ai-avut-o-firma-in-insolventa-nu-inseamna","status":"publish","type":"post","link":"https:\/\/analyse.optim.biz\/?p=1791887","title":{"rendered":"Steric\u0103 Fudulea, prim-vicepre\u015fedintele IMM Rom\u00e2nia: \u201eFaptul c\u0103 ai avut o firm\u0103 \u00een insolven\u0163\u0103 nu \u00eenseamn\u0103"},"content":{"rendered":"<p>[analyse_image type=&#8221;featured&#8221; src=&#8221;https:\/\/ziaruldelta.ro\/wp-content\/uploads\/2026\/02\/Sterica.jpg&#8221;]<\/p>\n<article id=\"post-35487\" class=\"module single-post-module post-35487 post type-post status-publish format-standard has-post-thumbnail hentry category-economie et-has-post-format-content et_post_format-et-post-format-standard\">\n<div class=\"post-header\">\n<h1 class=\"entry-title\">Steric\u0103 Fudulea, prim-vicepre\u015fedintele IMM Rom\u00e2nia: \u201eFaptul c\u0103 ai avut o firm\u0103 \u00een insolven\u0163\u0103 nu \u00eenseamn\u0103 neap\u0103rat c\u0103 e\u015fti un \u00eentreprinz\u0103tor r\u0103u-voitor\u201d<\/h1>\n<div class=\"post-meta vcard\">\n<p>Posted by <a href=\"https:\/\/ziaruldelta.ro\/author\/nicoleta-urmuz\/\" class=\"url fn\" title=\"Posts by Nicoleta URMUZ\" rel=\"author\">Nicoleta URMUZ<\/a> | <span class=\"updated\">Feb 24, 2026<\/span> | <a href=\"https:\/\/ziaruldelta.ro\/category\/economie\/\" rel=\"tag\">Economie<\/a> | <\/p>\n<\/div>\n<\/div>\n<div class=\"post-thumbnail header\"><img decoding=\"async\" src=\"https:\/\/ziaruldelta.ro\/wp-content\/uploads\/2026\/02\/Sterica.jpg\" alt=\"Steric\u0103 Fudulea, prim-vicepre\u015fedintele IMM Rom\u00e2nia: \u201eFaptul c\u0103 ai avut o firm\u0103 \u00een insolven\u0163\u0103 nu \u00eenseamn\u0103 neap\u0103rat c\u0103 e\u015fti un \u00eentreprinz\u0103tor r\u0103u-voitor\u201d\"><\/div>\n<div class=\"post-wrap\">\n<div class=\"post-content entry-content\">\n<p>\u00cen contextul propunerilor ANAF de modificare a cazierului fiscal, prin care antreprenorii care au avut mai multe firme \u00een insolven\u0163\u0103 ar putea fi restric\u0163iona\u0163i s\u0103 \u00eenfiin\u0163eze alte societ\u0103\u0163i, Steric\u0103 Fudulea, prim-vicepre\u015fedintele IMM Rom\u00e2nia, a subliniat necesitatea realiz\u0103rii unei analize detaliate asupra circumstan\u0163elor care au condus la intrarea acestora \u00een insolven\u0163\u0103.<\/p>\n<p>ANAF a argumentat c\u0103 exist\u0103 administratori care au avut mai multe firme \u00een insolven\u0163\u0103 sau reorganizare, iar continuarea activit\u0103\u0163ii lor antreprenoriale poate genera riscuri pentru mediul economic \u015fi partenerii de afaceri. \u00cen acest context, institu\u0163ia exploreaz\u0103 mecanisme de monitorizare mai atent\u0103 \u015fi posibile restric\u0163ii, m\u0103suri care au st\u00e2rnit reac\u0163ii din partea mediului de afaceri. Coment\u00e2nd aceste ini\u0163iative, Steric\u0103 Fudulea a subliniat c\u0103 a avea o firm\u0103 \u00een insolven\u0163\u0103 nu \u00eenseamn\u0103 automat c\u0103 antreprenorul este r\u0103u-voitor.<\/p>\n<p>El a men\u0163ionat c\u0103 multe firme au intrat \u00een insolven\u0163\u0103 din cauze externe, cum ar fi criza economic\u0103 din 2010, r\u0103zboiul din Ucraina sau pandemia de Covid, \u015fi c\u0103 antreprenorii nu trebuie pedepsi\u0163i pentru astfel de situa\u0163ii.<\/p>\n<blockquote>\n<p>\u201eFaptul c\u0103 ai avut o firm\u0103 \u00een insolven\u0163\u0103 nu \u00eenseamn\u0103 neap\u0103rat c\u0103 e\u015fti un \u00eentreprinz\u0103tor r\u0103u-voitor \u015fi s\u0103 nu mai ai dreptul de a avea o nou\u0103 firm\u0103. Mai trebuie o analiz\u0103 din acest punct de vedere, pentru c\u0103 trebuie v\u0103zute condi\u0163iile care au dus la acea insolven\u0163\u0103. Sunt foarte multe exemple, precum criza din 2010, r\u0103zboiul din Ucraina, Covid-ul, iar acestea au fost factori care au determinat insolven\u0163a unei firme, care nu a mai putut s\u0103 se redreseze. Atunci nu trebuie s\u0103-l pedepsim pe acel \u00eentreprinz\u0103tor c\u0103 s-a \u00eent\u00e2mplat acest lucru. Nu \u00eencurajez \u015fi nu sus\u0163in asemenea gen de activitate, dar c\u00e2teodat\u0103, probabil, pentru a-\u015fi proteja bunurile, poate fi o form\u0103 de reorganizare \u015fi de protec\u0163ie binevenit\u0103, dar bine\u00een\u0163eles cu respectarea legisla\u0163iei \u00een vigoare. Nu pot spune c\u0103 este o practic\u0103 \u015fi nici nu \u00eencuraj\u0103m asemenea activit\u0103\u0163i, dec\u00e2t dac\u0103 sunt \u00eentr-o form\u0103 extrem\u0103, precum p\u0103strarea business-ului \u015fi dorin\u0163a de a-l continua pe viitor\u201d, ne-a spus Steric\u0103 Fudulea.<\/p>\n<\/blockquote>\n<p>El a precizat c\u0103 este nevoie de criterii clare care s\u0103 diferen\u0163ieze antreprenorii care au avut o insolven\u0163\u0103 izolat\u0103 de cei care repet\u0103 astfel de activit\u0103\u0163i, explic\u00e2nd c\u0103 probabil acesta este motivul pentru care pre\u015fedintele ANAF a fost at\u00e2t de radical \u00een afirma\u0163ii, pentru a atrage aten\u0163ia c\u0103 anumite activit\u0103\u0163i vor fi monitorizate mai atent.<\/p>\n<p>Citi\u0163i continuarea \u00een edi\u0163ia tip\u0103rit\u0103 a ziarului Delta.<\/p>\n<\/div>\n<\/div>\n<div class=\"post-footer\">\n<div class=\"social-icons ed-social-share-icons\">\n<p class=\"share-title\">Share:<\/p>\n<\/div>\n<div class=\"rating-stars\">\n<p id=\"rate-title\" class=\"rate-title\">Rate:<\/p>\n<\/div>\n<\/div>\n<\/article>\n<div class=\"post-content entry-content\">\n<p>\u00cen contextul propunerilor ANAF de modificare a cazierului fiscal, prin care antreprenorii care au avut mai multe firme \u00een insolven\u0163\u0103 ar putea fi restric\u0163iona\u0163i s\u0103 \u00eenfiin\u0163eze alte societ\u0103\u0163i, Steric\u0103 Fudulea, prim-vicepre\u015fedintele IMM Rom\u00e2nia, a subliniat necesitatea realiz\u0103rii unei analize detaliate asupra circumstan\u0163elor care au condus la intrarea acestora \u00een insolven\u0163\u0103.<\/p>\n<p>ANAF a argumentat c\u0103 exist\u0103 administratori care au avut mai multe firme \u00een insolven\u0163\u0103 sau reorganizare, iar continuarea activit\u0103\u0163ii lor antreprenoriale poate genera riscuri pentru mediul economic \u015fi partenerii de afaceri. \u00cen acest context, institu\u0163ia exploreaz\u0103 mecanisme de monitorizare mai atent\u0103 \u015fi posibile restric\u0163ii, m\u0103suri care au st\u00e2rnit reac\u0163ii din partea mediului de afaceri. Coment\u00e2nd aceste ini\u0163iative, Steric\u0103 Fudulea a subliniat c\u0103 a avea o firm\u0103 \u00een insolven\u0163\u0103 nu \u00eenseamn\u0103 automat c\u0103 antreprenorul este r\u0103u-voitor.<\/p>\n<p>El a men\u0163ionat c\u0103 multe firme au intrat \u00een insolven\u0163\u0103 din cauze externe, cum ar fi criza economic\u0103 din 2010, r\u0103zboiul din Ucraina sau pandemia de Covid, \u015fi c\u0103 antreprenorii nu trebuie pedepsi\u0163i pentru astfel de situa\u0163ii.<\/p>\n<blockquote>\n<p>\u201eFaptul c\u0103 ai avut o firm\u0103 \u00een insolven\u0163\u0103 nu \u00eenseamn\u0103 neap\u0103rat c\u0103 e\u015fti un \u00eentreprinz\u0103tor r\u0103u-voitor \u015fi s\u0103 nu mai ai dreptul de a avea o nou\u0103 firm\u0103. Mai trebuie o analiz\u0103 din acest punct de vedere, pentru c\u0103 trebuie v\u0103zute condi\u0163iile care au dus la acea insolven\u0163\u0103. Sunt foarte multe exemple, precum criza din 2010, r\u0103zboiul din Ucraina, Covid-ul, iar acestea au fost factori care au determinat insolven\u0163a unei firme, care nu a mai putut s\u0103 se redreseze. Atunci nu trebuie s\u0103-l pedepsim pe acel \u00eentreprinz\u0103tor c\u0103 s-a \u00eent\u00e2mplat acest lucru. Nu \u00eencurajez \u015fi nu sus\u0163in asemenea gen de activitate, dar c\u00e2teodat\u0103, probabil, pentru a-\u015fi proteja bunurile, poate fi o form\u0103 de reorganizare \u015fi de protec\u0163ie binevenit\u0103, dar bine\u00een\u0163eles cu respectarea legisla\u0163iei \u00een vigoare. Nu pot spune c\u0103 este o practic\u0103 \u015fi nici nu \u00eencuraj\u0103m asemenea activit\u0103\u0163i, dec\u00e2t dac\u0103 sunt \u00eentr-o form\u0103 extrem\u0103, precum p\u0103strarea business-ului \u015fi dorin\u0163a de a-l continua pe viitor\u201d, ne-a spus Steric\u0103 Fudulea.<\/p>\n<\/blockquote>\n<p>El a precizat c\u0103 este nevoie de criterii clare care s\u0103 diferen\u0163ieze antreprenorii care au avut o insolven\u0163\u0103 izolat\u0103 de cei care repet\u0103 astfel de activit\u0103\u0163i, explic\u00e2nd c\u0103 probabil acesta este motivul pentru care pre\u015fedintele ANAF a fost at\u00e2t de radical \u00een afirma\u0163ii, pentru a atrage aten\u0163ia c\u0103 anumite activit\u0103\u0163i vor fi monitorizate mai atent.<\/p>\n<p>Citi\u0163i continuarea \u00een edi\u0163ia tip\u0103rit\u0103 a ziarului Delta.<\/p>\n<\/div>\n<div class=\"post-content entry-content\">\n<p>\u00cen contextul propunerilor ANAF de modificare a cazierului fiscal, prin care antreprenorii care au avut mai multe firme \u00een insolven\u0163\u0103 ar putea fi restric\u0163iona\u0163i s\u0103 \u00eenfiin\u0163eze alte societ\u0103\u0163i, Steric\u0103 Fudulea, prim-vicepre\u015fedintele IMM Rom\u00e2nia, a subliniat necesitatea realiz\u0103rii unei analize detaliate asupra circumstan\u0163elor care au condus la intrarea acestora \u00een insolven\u0163\u0103.<\/p>\n<p>ANAF a argumentat c\u0103 exist\u0103 administratori care au avut mai multe firme \u00een insolven\u0163\u0103 sau reorganizare, iar continuarea activit\u0103\u0163ii lor antreprenoriale poate genera riscuri pentru mediul economic \u015fi partenerii de afaceri. \u00cen acest context, institu\u0163ia exploreaz\u0103 mecanisme de monitorizare mai atent\u0103 \u015fi posibile restric\u0163ii, m\u0103suri care au st\u00e2rnit reac\u0163ii din partea mediului de afaceri. Coment\u00e2nd aceste ini\u0163iative, Steric\u0103 Fudulea a subliniat c\u0103 a avea o firm\u0103 \u00een insolven\u0163\u0103 nu \u00eenseamn\u0103 automat c\u0103 antreprenorul este r\u0103u-voitor.<\/p>\n<p>El a men\u0163ionat c\u0103 multe firme au intrat \u00een insolven\u0163\u0103 din cauze externe, cum ar fi criza economic\u0103 din 2010, r\u0103zboiul din Ucraina sau pandemia de Covid, \u015fi c\u0103 antreprenorii nu trebuie pedepsi\u0163i pentru astfel de situa\u0163ii.<\/p>\n<blockquote>\n<p>\u201eFaptul c\u0103 ai avut o firm\u0103 \u00een insolven\u0163\u0103 nu \u00eenseamn\u0103 neap\u0103rat c\u0103 e\u015fti un \u00eentreprinz\u0103tor r\u0103u-voitor \u015fi s\u0103 nu mai ai dreptul de a avea o nou\u0103 firm\u0103. Mai trebuie o analiz\u0103 din acest punct de vedere, pentru c\u0103 trebuie v\u0103zute condi\u0163iile care au dus la acea insolven\u0163\u0103. Sunt foarte multe exemple, precum criza din 2010, r\u0103zboiul din Ucraina, Covid-ul, iar acestea au fost factori care au determinat insolven\u0163a unei firme, care nu a mai putut s\u0103 se redreseze. Atunci nu trebuie s\u0103-l pedepsim pe acel \u00eentreprinz\u0103tor c\u0103 s-a \u00eent\u00e2mplat acest lucru. Nu \u00eencurajez \u015fi nu sus\u0163in asemenea gen de activitate, dar c\u00e2teodat\u0103, probabil, pentru a-\u015fi proteja bunurile, poate fi o form\u0103 de reorganizare \u015fi de protec\u0163ie binevenit\u0103, dar bine\u00een\u0163eles cu respectarea legisla\u0163iei \u00een vigoare. Nu pot spune c\u0103 este o practic\u0103 \u015fi nici nu \u00eencuraj\u0103m asemenea activit\u0103\u0163i, dec\u00e2t dac\u0103 sunt \u00eentr-o form\u0103 extrem\u0103, precum p\u0103strarea business-ului \u015fi dorin\u0163a de a-l continua pe viitor\u201d, ne-a spus Steric\u0103 Fudulea.<\/p>\n<\/blockquote>\n<p>El a precizat c\u0103 este nevoie de criterii clare care s\u0103 diferen\u0163ieze antreprenorii care au avut o insolven\u0163\u0103 izolat\u0103 de cei care repet\u0103 astfel de activit\u0103\u0163i, explic\u00e2nd c\u0103 probabil acesta este motivul pentru care pre\u015fedintele ANAF a fost at\u00e2t de radical \u00een afirma\u0163ii, pentru a atrage aten\u0163ia c\u0103 anumite activit\u0103\u0163i vor fi monitorizate mai atent.<\/p>\n<p>Citi\u0163i continuarea \u00een edi\u0163ia tip\u0103rit\u0103 a ziarului Delta.<\/p>\n<\/div>\n<p>[analyse_source url=&#8221;https:\/\/ziaruldelta.ro\/2026\/02\/24\/sterica-fudulea-prim-vicepresedintele-imm-romania-faptul-ca-ai-avut-o-firma-in-insolventa-nu-inseamna-neaparat-ca-esti-un-intreprinzator-rau-voitor\/&#8221;]<\/p>\n","protected":false},"excerpt":{"rendered":"<p>[analyse_image type=&#8221;featured&#8221; src=&#8221;https:\/\/ziaruldelta.ro\/wp-content\/uploads\/2026\/02\/Sterica.jpg&#8221;] Steric\u0103 Fudulea, prim-vicepre\u015fedintele IMM Rom\u00e2nia: \u201eFaptul c\u0103 ai avut o firm\u0103 \u00een insolven\u0163\u0103 nu \u00eenseamn\u0103 neap\u0103rat c\u0103 e\u015fti un \u00eentreprinz\u0103tor r\u0103u-voitor\u201d Posted by Nicoleta URMUZ | Feb 24, 2026 | Economie | \u00cen contextul propunerilor ANAF de modificare a cazierului fiscal, prin care antreprenorii care au avut mai multe firme \u00een insolven\u0163\u0103 [&hellip;]<\/p>\n","protected":false},"author":1,"featured_media":0,"comment_status":"open","ping_status":"","sticky":false,"template":"","format":"standard","meta":{"footnotes":""},"categories":[89],"tags":[226,206],"class_list":["post-1791887","post","type-post","status-publish","format-standard","hentry","category-romania","tag-crawlmanager","tag-ziaruldelta-ro"],"_links":{"self":[{"href":"https:\/\/analyse.optim.biz\/index.php?rest_route=\/wp\/v2\/posts\/1791887","targetHints":{"allow":["GET"]}}],"collection":[{"href":"https:\/\/analyse.optim.biz\/index.php?rest_route=\/wp\/v2\/posts"}],"about":[{"href":"https:\/\/analyse.optim.biz\/index.php?rest_route=\/wp\/v2\/types\/post"}],"author":[{"embeddable":true,"href":"https:\/\/analyse.optim.biz\/index.php?rest_route=\/wp\/v2\/users\/1"}],"replies":[{"embeddable":true,"href":"https:\/\/analyse.optim.biz\/index.php?rest_route=%2Fwp%2Fv2%2Fcomments&post=1791887"}],"version-history":[{"count":0,"href":"https:\/\/analyse.optim.biz\/index.php?rest_route=\/wp\/v2\/posts\/1791887\/revisions"}],"wp:attachment":[{"href":"https:\/\/analyse.optim.biz\/index.php?rest_route=%2Fwp%2Fv2%2Fmedia&parent=1791887"}],"wp:term":[{"taxonomy":"category","embeddable":true,"href":"https:\/\/analyse.optim.biz\/index.php?rest_route=%2Fwp%2Fv2%2Fcategories&post=1791887"},{"taxonomy":"post_tag","embeddable":true,"href":"https:\/\/analyse.optim.biz\/index.php?rest_route=%2Fwp%2Fv2%2Ftags&post=1791887"}],"curies":[{"name":"wp","href":"https:\/\/api.w.org\/{rel}","templated":true}]}}