{"id":1791886,"date":"2026-02-25T07:00:28","date_gmt":"2026-02-25T04:00:28","guid":{"rendered":"https:\/\/analyse.optim.biz\/?p=1791886"},"modified":"2026-02-25T07:00:28","modified_gmt":"2026-02-25T04:00:28","slug":"vanatorii-vanati-de-ong-isti-cotele-de-recolta-anulate-de-instanta-ziarul-delta-tulcea","status":"publish","type":"post","link":"https:\/\/analyse.optim.biz\/?p=1791886","title":{"rendered":"V\u00e2n\u0103torii, \u201ev\u00e2na\u0163i&#8221; de ONG-i\u015fti: cotele de recolt\u0103, anulate de instan\u0163\u0103 &#8211; Ziarul Delta Tulcea"},"content":{"rendered":"<p>[analyse_image type=&#8221;featured&#8221; src=&#8221;https:\/\/ziaruldelta.ro\/wp-content\/uploads\/2026\/02\/vanatorii.jpg&#8221;]<\/p>\n<article id=\"post-35513\" class=\"module single-post-module post-35513 post type-post status-publish format-standard has-post-thumbnail hentry category-stirea-zilei et-has-post-format-content et_post_format-et-post-format-standard\">\n<div class=\"post-header\">\n<h1 class=\"entry-title\">V\u00e2n\u0103torii, \u201ev\u00e2na\u0163i\u201d de ONG-i\u015fti: cotele de recolt\u0103, anulate de instan\u0163\u0103<\/h1>\n<div class=\"post-meta vcard\">\n<p>Posted by <a href=\"https:\/\/ziaruldelta.ro\/author\/nicoleta-urmuz\/\" class=\"url fn\" title=\"Posts by Nicoleta URMUZ\" rel=\"author\">Nicoleta URMUZ<\/a> | <span class=\"updated\">Feb 25, 2026<\/span> | <a href=\"https:\/\/ziaruldelta.ro\/category\/stirea-zilei\/\" rel=\"tag\">Stirea Zilei<\/a> | <\/p>\n<\/div>\n<\/div>\n<div class=\"post-thumbnail header\"><img decoding=\"async\" src=\"https:\/\/ziaruldelta.ro\/wp-content\/uploads\/2026\/02\/vanatorii.jpg\" alt=\"V\u00e2n\u0103torii, \u201ev\u00e2na\u0163i\u201d de ONG-i\u015fti: cotele de recolt\u0103, anulate de instan\u0163\u0103\"><\/div>\n<div class=\"post-wrap\">\n<div class=\"post-content entry-content\">\n<p>Curtea de Apel Bra\u015fov a admis ac\u0163iunea formulat\u0103 de Asocia\u0163ia ,,Alian\u0163a pentru Combaterea Abuzurilor\u201d din Bra\u015fov care a reclamat Ministerul Mediului Apelor \u015fi P\u0103durilor \u00een privin\u0163a cotelor de recolt\u0103 la unele specii de faun\u0103 de interes cinegetic la care v\u00e2n\u0103toarea este permis\u0103, pentru perioada iunie 2025-14 mai 2026.<\/p>\n<p>Instan\u0163a a anulat \u00een data de 18 februarie \u00een parte Ordinul Ministrului Mediului, Apelor \u015fi P\u0103durilor nr. 1540\/2025 privind aprobarea cotelor de recolt\u0103 pentru unele specii de faun\u0103 de interes cinegetic, la care v\u00e2n\u0103toarea este permis\u0103, pentru perioada iunie 2025-14 mai 2026, hot\u0103r\u00e2rea put\u00e2nd fi atacat\u0103 cu recurs \u00een 15 zile.<\/p>\n<blockquote>\n<p>\u00a0\u201eAnuleaz\u0103 \u00een parte Ordinul Ministrului Mediului, Apelor \u015fi P\u0103durilor nr. 1540\/2025 privind aprobarea cotelor de recolt\u0103 pentru unele specii de faun\u0103 de interes cinegetic, la care v\u00e2n\u0103toarea este permis\u0103, pentru perioada iunie 2025 \u2013 14 mai 2026, publicat \u00een M. Of. al Rom\u00e2niei, Partea I, Nr. 528\/06.VI.2025 din 6 iunie 2025, cu modific\u0103rile \u015fi rectific\u0103rile ulterioare, \u015fi a anexelor la Ordin, publicate \u00een M. Of. al Rom\u00e2niei, Partea I, Nr. 528 bis\/06.VI.2025 din 6 iunie 2025, cu modific\u0103rile \u015fi rectific\u0103rile ulterioare, cu privire la urm\u0103toarele prevederi: \u2013 \u00een parte art. 1, 2 \u015fi 3 din OMMAP nr. 1540\/2025, \u00een sensul anul\u0103rii aprob\u0103rii \u015fi realiz\u0103rii cotelor de recolt\u0103 pentru speciile de faun\u0103 de interes cinegetic, la care v\u00e2narea este permis\u0103, pentru perioada iunie 2025 \u2013 14 mai 2026, prev\u0103zute \u00een Anexa nr. 1 \u2013 coloanele verticale nr. 6 \u015fi nr 11, aferente cotelor de recolt\u0103 pentru cerb comun-trofeu \u015fi cerb lop\u0103tar-trofeu (de la pozi\u0163iile 1 \u015fi p\u00e2n\u0103 la pozi\u0163iile 2175) \u015fi coloanele verticale nr. 16 \u015fi nr 17, aferente cotelor de recolt\u0103 pentru capr\u0103 neagr\u0103-masculi \u015fi capr\u0103 neagr\u0103-femele (de la pozi\u0163iile 1 \u015fi p\u00e2n\u0103 la pozi\u0163iile 2175 ), \u00een Anexa nr. 2, \u00een Anexa nr. 3 \u2013 coloanele verticale nr. 6 \u015fi nr. 8 aferente speciilor iepure \u015fi pot\u00e2rniche (de la pozi\u0163ia 1 \u015fi p\u00e2n\u0103 la pozi\u0163ia 2175), \u00een Anexa nr. 4 (de la pozi\u0163iile 1 \u015fi p\u00e2n\u0103 la pozi\u0163iile 2175) \u015fi \u00een Anexa nr. 5 (de la pozi\u0163iile 1 \u015fi p\u00e2n\u0103 la pozi\u0163iile 2175); \u2013 \u00een tot art. 4, 5, 6, 7, 8 alin. 1, 9 \u015fi 13 \u015fi \u00een parte art. 10 \u2013 respectiv a fragmentului &lt;&lt;\u015fi a exemplarelor din speciile \u015facal \u015fi vulpe&gt;&gt; din OMMAP nr. 1540\/2025; \u2013 \u00een parte Anexa nr. 1 a Ordinului MMAP nr. 1540\/2025 intitulat\u0103 Centralizatorul nr. 1 privind cotele de recolt\u0103 aprobate pentru perioada de v\u00e2n\u0103toare 2025\/2026, la speciile cerb carpatin, cerb lop\u0103tar \u015fi capr\u0103 neagr\u0103 \u2013 respectiv coloanele verticale nr. 6 \u015fi nr 11, aferente cotelor de recolt\u0103 pentru cerb comun-trofeu \u015fi cerb lop\u0103tar-trofeu (de la pozi\u0163iile 1 \u015fi p\u00e2n\u0103 la pozi\u0163iile 2175) \u015fi coloanele verticale nr. 16 \u015fi nr 17, aferente cotelor de recolt\u0103 pentru capr\u0103 neagr\u0103- masculi \u015fi capr\u0103 neagr\u0103-femele (de la pozi\u0163iile 1 \u015fi p\u00e2n\u0103 la pozi\u0163iile 2175); -\u00een tot Anexa nr. 2 a Ordinului MMAP nr. 1540\/2025 intitulat\u0103 Centralizatorul nr. 2 privind cotele de recolt\u0103 aprobate pentru perioada de v\u00e2n\u0103toare 2025\/2026, la specia muflon; \u2013 \u00een parte Anexa nr. 3 a Ordinului MMAP nr. 1540\/2025 intitulat\u0103 Centralizatorul nr. 3 privind cotele de recolt\u0103 aprobate pentru perioada 2025\/2026, la speciile mistre\u0163, iepure, fazan \u015fi pot\u00e2rniche \u2013 respectiv coloanele verticale nr. 6 \u015fi nr. 8 aferente speciilor iepure \u015fi pot\u00e2rniche (de la pozi\u0163ia 1 \u015fi p\u00e2n\u0103 la pozi\u0163ia 2175); -\u00een tot Anexa nr. 4 a Ordinului MMAP nr. 1540\/2025 intitulat\u0103 Centralizatorul nr. 4 privind cotele de recolt\u0103 aprobate pentru perioada de v\u00e2n\u0103toare 2022\/2023, la speciile marmot\u0103, viezure, vulpe, c\u00e2ine enot, \u015facal, jder de copac, jder de piatr\u0103, dihor comun, nev\u0103stuic\u0103, hermelin\u0103, bizam; -\u00een tot Anexa nr. 5 a Ordinului MMAP nr. 1540\/2025 intitulat\u0103 Centralizatorul nr. 5 privind cotele de recolt\u0103 aprobate pentru perioada de v\u00e2n\u0103toare 2022\/2023, la speciile ierunc\u0103, gugu\u015ftiuc, cioar\u0103 de sem\u0103n\u0103tur\u0103, cioar\u0103 griv\u0103, co\u0163ofan\u0103, gai\u0163\u0103 \u015fi st\u0103ncu\u0163\u0103, st\u0103ncu\u0163\u0103. Admite cererea de interven\u0163ie accesorie formulat\u0103 de intervenien\u0163a Societatea Ornitologic\u0103 Rom\u00e2n\u0103 (S.O.R.) \u00een favoarea reclamantei\u201d, se arat\u0103 \u00een solu\u0163ia instan\u0163ei.<\/p>\n<\/blockquote>\n<p><strong>Tudorel Oancea, pre\u015fedintele AJVPS Tulcea: \u201eAu atacat ordinul, nu v\u00e2n\u0103toarea \u00een sine\u201d<\/strong><\/p>\n<p>Anularea, \u00een parte, a ordinului prin care au fost stabilite cotele de recolt\u0103 pentru unele specii de faun\u0103 de interes cinegetic a st\u00e2rnit reac\u0163ii \u00een r\u00e2ndul v\u00e2n\u0103torilor. Pre\u015fedintele Asocia\u0163iei Jude\u0163ene a V\u00e2n\u0103torilor \u015fi Pescarilor Sportivi (AJVPS) Tulcea, Tudorel Oancea, sus\u0163ine c\u0103 decizia nu produce deocamdat\u0103 efecte \u015fi c\u0103 situa\u0163ia depinde de recurs.<\/p>\n<blockquote>\n<p>\u201eEste vorba despre anularea ordinului prin care s-au stabilit cotele de recolt\u0103. Au atacat ordinul, nu v\u00e2n\u0103toarea \u00een sine. Practic, v\u00e2n\u0103toarea se va opri doar dac\u0103, dup\u0103 recurs, se va men\u0163ine sentin\u0163a. Exist\u0103 drept de recurs \u00een termen de 15 zile. Momentan, nu a venit nimic oficial din partea Ministerului\u201d, ne-a declarat pre\u015fedintele AJVPS Tulcea, Tudorel Oancea.<\/p>\n<\/blockquote>\n<p>Acesta a subliniat c\u0103 ordinul contestat are aplicabilitate la nivel na\u0163ional, \u00eens\u0103 nu vizeaz\u0103 activitatea din Rezerva\u0163ia Biosferei Delta Dun\u0103rii.<\/p>\n<blockquote>\n<p>\u201eAcest ordin nu are nicio leg\u0103tur\u0103 cu Biosfera Deltei Dun\u0103rii, respectiv cu extragerea \u015facalilor din Rezerva\u0163ie. Ordinul este emis la nivel na\u0163ional, \u00eens\u0103 nu are atribu\u0163iuni \u00een Delt\u0103. Chiar dac\u0103 ordinul va fi anulat, av\u00e2nd \u00een vedere c\u0103 valabilitatea lui este p\u00e2n\u0103 la 30 aprilie anul acesta, ulterior se va emite un alt ordin, cu alt num\u0103r \u015fi alte cote. Nu \u015ftiu dac\u0103 va fi atacat \u015fi acela\u201d , a precizat pre\u015fedintele AJVPS Tulcea.<\/p>\n<p><strong>\u00cen opinia sa, procedura judiciar\u0103 ar putea dura ani de zile.<\/strong><\/p>\n<p>\u201eMai \u00eent\u00e2i se depune apelul, apoi se stabile\u015fte un termen de judecat\u0103, proces care poate dura ani de zile, iar ONG-ul nu va avea c\u00e2\u015ftig de cauz\u0103. Deocamdat\u0103, nu am primit nimic oficial; informa\u0163iile apar doar pe portalul instan\u0163ei\u201d, a mai spus Tudorel Oancea.<\/p>\n<\/blockquote>\n<p><strong>V\u00e2n\u0103toarea \u015facalilor din Delta Dun\u0103rii: 140 de exemplare extrase<\/strong><\/p>\n<p>\u00cen ceea ce prive\u015fte situa\u0163ia din Delta Dun\u0103rii, acesta afirm\u0103 c\u0103 activitatea de v\u00e2n\u0103toare a \u015facalilor este \u00een desf\u0103\u015furare \u00eenc\u0103 de la 1 februarie, fiind extra\u015fi \u00een jur de 140 de exemplare.<\/p>\n<blockquote>\n<p>\u201eV\u00e2n\u0103toarea la \u015facali \u00een Delta Dun\u0103rii a \u00eenceput la 1 februarie \u015fi, p\u00e2n\u0103 \u00een prezent, s-au recoltat aproximativ 140 de exemplare. \u00cen Biosfer\u0103, Consiliul \u015etiin\u0163ific al Academiei Rom\u00e2ne a stabilit cota de \u015facali. \u00cen Biosfer\u0103 nu exist\u0103 fonduri cinegetice, astfel c\u0103, din punct de vedere juridic, v\u00e2n\u0103toarea nu este afectat\u0103. \u00cen restul jude\u0163ului, pe teras\u0103, situa\u0163ia este diferit\u0103, iar activitatea ar putea fi afectat\u0103 de ordin, dac\u0103 acesta va r\u0103m\u00e2ne \u00een vigoare dup\u0103 apel\u201d, ne-a mai spus pre\u015fedintele AJVPS Tulcea.<\/p>\n<\/blockquote>\n<p>P\u00e2n\u0103 la o decizie definitiv\u0103, situa\u0163ia r\u0103m\u00e2ne incert\u0103.<\/p>\n<p>Citi\u0163i continuarea \u00een edi\u0163ia tip\u0103rit\u0103 a ziarului Delta.<\/p>\n<\/div>\n<\/div>\n<div class=\"post-footer\">\n<div class=\"social-icons ed-social-share-icons\">\n<p class=\"share-title\">Share:<\/p>\n<\/div>\n<div class=\"rating-stars\">\n<p id=\"rate-title\" class=\"rate-title\">Rate:<\/p>\n<\/div>\n<\/div>\n<\/article>\n<div class=\"post-content entry-content\">\n<p>Curtea de Apel Bra\u015fov a admis ac\u0163iunea formulat\u0103 de Asocia\u0163ia ,,Alian\u0163a pentru Combaterea Abuzurilor\u201d din Bra\u015fov care a reclamat Ministerul Mediului Apelor \u015fi P\u0103durilor \u00een privin\u0163a cotelor de recolt\u0103 la unele specii de faun\u0103 de interes cinegetic la care v\u00e2n\u0103toarea este permis\u0103, pentru perioada iunie 2025-14 mai 2026.<\/p>\n<p>Instan\u0163a a anulat \u00een data de 18 februarie \u00een parte Ordinul Ministrului Mediului, Apelor \u015fi P\u0103durilor nr. 1540\/2025 privind aprobarea cotelor de recolt\u0103 pentru unele specii de faun\u0103 de interes cinegetic, la care v\u00e2n\u0103toarea este permis\u0103, pentru perioada iunie 2025-14 mai 2026, hot\u0103r\u00e2rea put\u00e2nd fi atacat\u0103 cu recurs \u00een 15 zile.<\/p>\n<blockquote>\n<p>\u00a0\u201eAnuleaz\u0103 \u00een parte Ordinul Ministrului Mediului, Apelor \u015fi P\u0103durilor nr. 1540\/2025 privind aprobarea cotelor de recolt\u0103 pentru unele specii de faun\u0103 de interes cinegetic, la care v\u00e2n\u0103toarea este permis\u0103, pentru perioada iunie 2025 \u2013 14 mai 2026, publicat \u00een M. Of. al Rom\u00e2niei, Partea I, Nr. 528\/06.VI.2025 din 6 iunie 2025, cu modific\u0103rile \u015fi rectific\u0103rile ulterioare, \u015fi a anexelor la Ordin, publicate \u00een M. Of. al Rom\u00e2niei, Partea I, Nr. 528 bis\/06.VI.2025 din 6 iunie 2025, cu modific\u0103rile \u015fi rectific\u0103rile ulterioare, cu privire la urm\u0103toarele prevederi: \u2013 \u00een parte art. 1, 2 \u015fi 3 din OMMAP nr. 1540\/2025, \u00een sensul anul\u0103rii aprob\u0103rii \u015fi realiz\u0103rii cotelor de recolt\u0103 pentru speciile de faun\u0103 de interes cinegetic, la care v\u00e2narea este permis\u0103, pentru perioada iunie 2025 \u2013 14 mai 2026, prev\u0103zute \u00een Anexa nr. 1 \u2013 coloanele verticale nr. 6 \u015fi nr 11, aferente cotelor de recolt\u0103 pentru cerb comun-trofeu \u015fi cerb lop\u0103tar-trofeu (de la pozi\u0163iile 1 \u015fi p\u00e2n\u0103 la pozi\u0163iile 2175) \u015fi coloanele verticale nr. 16 \u015fi nr 17, aferente cotelor de recolt\u0103 pentru capr\u0103 neagr\u0103-masculi \u015fi capr\u0103 neagr\u0103-femele (de la pozi\u0163iile 1 \u015fi p\u00e2n\u0103 la pozi\u0163iile 2175 ), \u00een Anexa nr. 2, \u00een Anexa nr. 3 \u2013 coloanele verticale nr. 6 \u015fi nr. 8 aferente speciilor iepure \u015fi pot\u00e2rniche (de la pozi\u0163ia 1 \u015fi p\u00e2n\u0103 la pozi\u0163ia 2175), \u00een Anexa nr. 4 (de la pozi\u0163iile 1 \u015fi p\u00e2n\u0103 la pozi\u0163iile 2175) \u015fi \u00een Anexa nr. 5 (de la pozi\u0163iile 1 \u015fi p\u00e2n\u0103 la pozi\u0163iile 2175); \u2013 \u00een tot art. 4, 5, 6, 7, 8 alin. 1, 9 \u015fi 13 \u015fi \u00een parte art. 10 \u2013 respectiv a fragmentului &lt;&lt;\u015fi a exemplarelor din speciile \u015facal \u015fi vulpe&gt;&gt; din OMMAP nr. 1540\/2025; \u2013 \u00een parte Anexa nr. 1 a Ordinului MMAP nr. 1540\/2025 intitulat\u0103 Centralizatorul nr. 1 privind cotele de recolt\u0103 aprobate pentru perioada de v\u00e2n\u0103toare 2025\/2026, la speciile cerb carpatin, cerb lop\u0103tar \u015fi capr\u0103 neagr\u0103 \u2013 respectiv coloanele verticale nr. 6 \u015fi nr 11, aferente cotelor de recolt\u0103 pentru cerb comun-trofeu \u015fi cerb lop\u0103tar-trofeu (de la pozi\u0163iile 1 \u015fi p\u00e2n\u0103 la pozi\u0163iile 2175) \u015fi coloanele verticale nr. 16 \u015fi nr 17, aferente cotelor de recolt\u0103 pentru capr\u0103 neagr\u0103- masculi \u015fi capr\u0103 neagr\u0103-femele (de la pozi\u0163iile 1 \u015fi p\u00e2n\u0103 la pozi\u0163iile 2175); -\u00een tot Anexa nr. 2 a Ordinului MMAP nr. 1540\/2025 intitulat\u0103 Centralizatorul nr. 2 privind cotele de recolt\u0103 aprobate pentru perioada de v\u00e2n\u0103toare 2025\/2026, la specia muflon; \u2013 \u00een parte Anexa nr. 3 a Ordinului MMAP nr. 1540\/2025 intitulat\u0103 Centralizatorul nr. 3 privind cotele de recolt\u0103 aprobate pentru perioada 2025\/2026, la speciile mistre\u0163, iepure, fazan \u015fi pot\u00e2rniche \u2013 respectiv coloanele verticale nr. 6 \u015fi nr. 8 aferente speciilor iepure \u015fi pot\u00e2rniche (de la pozi\u0163ia 1 \u015fi p\u00e2n\u0103 la pozi\u0163ia 2175); -\u00een tot Anexa nr. 4 a Ordinului MMAP nr. 1540\/2025 intitulat\u0103 Centralizatorul nr. 4 privind cotele de recolt\u0103 aprobate pentru perioada de v\u00e2n\u0103toare 2022\/2023, la speciile marmot\u0103, viezure, vulpe, c\u00e2ine enot, \u015facal, jder de copac, jder de piatr\u0103, dihor comun, nev\u0103stuic\u0103, hermelin\u0103, bizam; -\u00een tot Anexa nr. 5 a Ordinului MMAP nr. 1540\/2025 intitulat\u0103 Centralizatorul nr. 5 privind cotele de recolt\u0103 aprobate pentru perioada de v\u00e2n\u0103toare 2022\/2023, la speciile ierunc\u0103, gugu\u015ftiuc, cioar\u0103 de sem\u0103n\u0103tur\u0103, cioar\u0103 griv\u0103, co\u0163ofan\u0103, gai\u0163\u0103 \u015fi st\u0103ncu\u0163\u0103, st\u0103ncu\u0163\u0103. Admite cererea de interven\u0163ie accesorie formulat\u0103 de intervenien\u0163a Societatea Ornitologic\u0103 Rom\u00e2n\u0103 (S.O.R.) \u00een favoarea reclamantei\u201d, se arat\u0103 \u00een solu\u0163ia instan\u0163ei.<\/p>\n<\/blockquote>\n<p><strong>Tudorel Oancea, pre\u015fedintele AJVPS Tulcea: \u201eAu atacat ordinul, nu v\u00e2n\u0103toarea \u00een sine\u201d<\/strong><\/p>\n<p>Anularea, \u00een parte, a ordinului prin care au fost stabilite cotele de recolt\u0103 pentru unele specii de faun\u0103 de interes cinegetic a st\u00e2rnit reac\u0163ii \u00een r\u00e2ndul v\u00e2n\u0103torilor. Pre\u015fedintele Asocia\u0163iei Jude\u0163ene a V\u00e2n\u0103torilor \u015fi Pescarilor Sportivi (AJVPS) Tulcea, Tudorel Oancea, sus\u0163ine c\u0103 decizia nu produce deocamdat\u0103 efecte \u015fi c\u0103 situa\u0163ia depinde de recurs.<\/p>\n<blockquote>\n<p>\u201eEste vorba despre anularea ordinului prin care s-au stabilit cotele de recolt\u0103. Au atacat ordinul, nu v\u00e2n\u0103toarea \u00een sine. Practic, v\u00e2n\u0103toarea se va opri doar dac\u0103, dup\u0103 recurs, se va men\u0163ine sentin\u0163a. Exist\u0103 drept de recurs \u00een termen de 15 zile. Momentan, nu a venit nimic oficial din partea Ministerului\u201d, ne-a declarat pre\u015fedintele AJVPS Tulcea, Tudorel Oancea.<\/p>\n<\/blockquote>\n<p>Acesta a subliniat c\u0103 ordinul contestat are aplicabilitate la nivel na\u0163ional, \u00eens\u0103 nu vizeaz\u0103 activitatea din Rezerva\u0163ia Biosferei Delta Dun\u0103rii.<\/p>\n<blockquote>\n<p>\u201eAcest ordin nu are nicio leg\u0103tur\u0103 cu Biosfera Deltei Dun\u0103rii, respectiv cu extragerea \u015facalilor din Rezerva\u0163ie. Ordinul este emis la nivel na\u0163ional, \u00eens\u0103 nu are atribu\u0163iuni \u00een Delt\u0103. Chiar dac\u0103 ordinul va fi anulat, av\u00e2nd \u00een vedere c\u0103 valabilitatea lui este p\u00e2n\u0103 la 30 aprilie anul acesta, ulterior se va emite un alt ordin, cu alt num\u0103r \u015fi alte cote. Nu \u015ftiu dac\u0103 va fi atacat \u015fi acela\u201d , a precizat pre\u015fedintele AJVPS Tulcea.<\/p>\n<p><strong>\u00cen opinia sa, procedura judiciar\u0103 ar putea dura ani de zile.<\/strong><\/p>\n<p>\u201eMai \u00eent\u00e2i se depune apelul, apoi se stabile\u015fte un termen de judecat\u0103, proces care poate dura ani de zile, iar ONG-ul nu va avea c\u00e2\u015ftig de cauz\u0103. Deocamdat\u0103, nu am primit nimic oficial; informa\u0163iile apar doar pe portalul instan\u0163ei\u201d, a mai spus Tudorel Oancea.<\/p>\n<\/blockquote>\n<p><strong>V\u00e2n\u0103toarea \u015facalilor din Delta Dun\u0103rii: 140 de exemplare extrase<\/strong><\/p>\n<p>\u00cen ceea ce prive\u015fte situa\u0163ia din Delta Dun\u0103rii, acesta afirm\u0103 c\u0103 activitatea de v\u00e2n\u0103toare a \u015facalilor este \u00een desf\u0103\u015furare \u00eenc\u0103 de la 1 februarie, fiind extra\u015fi \u00een jur de 140 de exemplare.<\/p>\n<blockquote>\n<p>\u201eV\u00e2n\u0103toarea la \u015facali \u00een Delta Dun\u0103rii a \u00eenceput la 1 februarie \u015fi, p\u00e2n\u0103 \u00een prezent, s-au recoltat aproximativ 140 de exemplare. \u00cen Biosfer\u0103, Consiliul \u015etiin\u0163ific al Academiei Rom\u00e2ne a stabilit cota de \u015facali. \u00cen Biosfer\u0103 nu exist\u0103 fonduri cinegetice, astfel c\u0103, din punct de vedere juridic, v\u00e2n\u0103toarea nu este afectat\u0103. \u00cen restul jude\u0163ului, pe teras\u0103, situa\u0163ia este diferit\u0103, iar activitatea ar putea fi afectat\u0103 de ordin, dac\u0103 acesta va r\u0103m\u00e2ne \u00een vigoare dup\u0103 apel\u201d, ne-a mai spus pre\u015fedintele AJVPS Tulcea.<\/p>\n<\/blockquote>\n<p>P\u00e2n\u0103 la o decizie definitiv\u0103, situa\u0163ia r\u0103m\u00e2ne incert\u0103.<\/p>\n<p>Citi\u0163i continuarea \u00een edi\u0163ia tip\u0103rit\u0103 a ziarului Delta.<\/p>\n<\/div>\n<div class=\"post-content entry-content\">\n<p>Curtea de Apel Bra\u015fov a admis ac\u0163iunea formulat\u0103 de Asocia\u0163ia ,,Alian\u0163a pentru Combaterea Abuzurilor\u201d din Bra\u015fov care a reclamat Ministerul Mediului Apelor \u015fi P\u0103durilor \u00een privin\u0163a cotelor de recolt\u0103 la unele specii de faun\u0103 de interes cinegetic la care v\u00e2n\u0103toarea este permis\u0103, pentru perioada iunie 2025-14 mai 2026.<\/p>\n<p>Instan\u0163a a anulat \u00een data de 18 februarie \u00een parte Ordinul Ministrului Mediului, Apelor \u015fi P\u0103durilor nr. 1540\/2025 privind aprobarea cotelor de recolt\u0103 pentru unele specii de faun\u0103 de interes cinegetic, la care v\u00e2n\u0103toarea este permis\u0103, pentru perioada iunie 2025-14 mai 2026, hot\u0103r\u00e2rea put\u00e2nd fi atacat\u0103 cu recurs \u00een 15 zile.<\/p>\n<blockquote>\n<p>\u00a0\u201eAnuleaz\u0103 \u00een parte Ordinul Ministrului Mediului, Apelor \u015fi P\u0103durilor nr. 1540\/2025 privind aprobarea cotelor de recolt\u0103 pentru unele specii de faun\u0103 de interes cinegetic, la care v\u00e2n\u0103toarea este permis\u0103, pentru perioada iunie 2025 \u2013 14 mai 2026, publicat \u00een M. Of. al Rom\u00e2niei, Partea I, Nr. 528\/06.VI.2025 din 6 iunie 2025, cu modific\u0103rile \u015fi rectific\u0103rile ulterioare, \u015fi a anexelor la Ordin, publicate \u00een M. Of. al Rom\u00e2niei, Partea I, Nr. 528 bis\/06.VI.2025 din 6 iunie 2025, cu modific\u0103rile \u015fi rectific\u0103rile ulterioare, cu privire la urm\u0103toarele prevederi: \u2013 \u00een parte art. 1, 2 \u015fi 3 din OMMAP nr. 1540\/2025, \u00een sensul anul\u0103rii aprob\u0103rii \u015fi realiz\u0103rii cotelor de recolt\u0103 pentru speciile de faun\u0103 de interes cinegetic, la care v\u00e2narea este permis\u0103, pentru perioada iunie 2025 \u2013 14 mai 2026, prev\u0103zute \u00een Anexa nr. 1 \u2013 coloanele verticale nr. 6 \u015fi nr 11, aferente cotelor de recolt\u0103 pentru cerb comun-trofeu \u015fi cerb lop\u0103tar-trofeu (de la pozi\u0163iile 1 \u015fi p\u00e2n\u0103 la pozi\u0163iile 2175) \u015fi coloanele verticale nr. 16 \u015fi nr 17, aferente cotelor de recolt\u0103 pentru capr\u0103 neagr\u0103-masculi \u015fi capr\u0103 neagr\u0103-femele (de la pozi\u0163iile 1 \u015fi p\u00e2n\u0103 la pozi\u0163iile 2175 ), \u00een Anexa nr. 2, \u00een Anexa nr. 3 \u2013 coloanele verticale nr. 6 \u015fi nr. 8 aferente speciilor iepure \u015fi pot\u00e2rniche (de la pozi\u0163ia 1 \u015fi p\u00e2n\u0103 la pozi\u0163ia 2175), \u00een Anexa nr. 4 (de la pozi\u0163iile 1 \u015fi p\u00e2n\u0103 la pozi\u0163iile 2175) \u015fi \u00een Anexa nr. 5 (de la pozi\u0163iile 1 \u015fi p\u00e2n\u0103 la pozi\u0163iile 2175); \u2013 \u00een tot art. 4, 5, 6, 7, 8 alin. 1, 9 \u015fi 13 \u015fi \u00een parte art. 10 \u2013 respectiv a fragmentului &lt;&lt;\u015fi a exemplarelor din speciile \u015facal \u015fi vulpe&gt;&gt; din OMMAP nr. 1540\/2025; \u2013 \u00een parte Anexa nr. 1 a Ordinului MMAP nr. 1540\/2025 intitulat\u0103 Centralizatorul nr. 1 privind cotele de recolt\u0103 aprobate pentru perioada de v\u00e2n\u0103toare 2025\/2026, la speciile cerb carpatin, cerb lop\u0103tar \u015fi capr\u0103 neagr\u0103 \u2013 respectiv coloanele verticale nr. 6 \u015fi nr 11, aferente cotelor de recolt\u0103 pentru cerb comun-trofeu \u015fi cerb lop\u0103tar-trofeu (de la pozi\u0163iile 1 \u015fi p\u00e2n\u0103 la pozi\u0163iile 2175) \u015fi coloanele verticale nr. 16 \u015fi nr 17, aferente cotelor de recolt\u0103 pentru capr\u0103 neagr\u0103- masculi \u015fi capr\u0103 neagr\u0103-femele (de la pozi\u0163iile 1 \u015fi p\u00e2n\u0103 la pozi\u0163iile 2175); -\u00een tot Anexa nr. 2 a Ordinului MMAP nr. 1540\/2025 intitulat\u0103 Centralizatorul nr. 2 privind cotele de recolt\u0103 aprobate pentru perioada de v\u00e2n\u0103toare 2025\/2026, la specia muflon; \u2013 \u00een parte Anexa nr. 3 a Ordinului MMAP nr. 1540\/2025 intitulat\u0103 Centralizatorul nr. 3 privind cotele de recolt\u0103 aprobate pentru perioada 2025\/2026, la speciile mistre\u0163, iepure, fazan \u015fi pot\u00e2rniche \u2013 respectiv coloanele verticale nr. 6 \u015fi nr. 8 aferente speciilor iepure \u015fi pot\u00e2rniche (de la pozi\u0163ia 1 \u015fi p\u00e2n\u0103 la pozi\u0163ia 2175); -\u00een tot Anexa nr. 4 a Ordinului MMAP nr. 1540\/2025 intitulat\u0103 Centralizatorul nr. 4 privind cotele de recolt\u0103 aprobate pentru perioada de v\u00e2n\u0103toare 2022\/2023, la speciile marmot\u0103, viezure, vulpe, c\u00e2ine enot, \u015facal, jder de copac, jder de piatr\u0103, dihor comun, nev\u0103stuic\u0103, hermelin\u0103, bizam; -\u00een tot Anexa nr. 5 a Ordinului MMAP nr. 1540\/2025 intitulat\u0103 Centralizatorul nr. 5 privind cotele de recolt\u0103 aprobate pentru perioada de v\u00e2n\u0103toare 2022\/2023, la speciile ierunc\u0103, gugu\u015ftiuc, cioar\u0103 de sem\u0103n\u0103tur\u0103, cioar\u0103 griv\u0103, co\u0163ofan\u0103, gai\u0163\u0103 \u015fi st\u0103ncu\u0163\u0103, st\u0103ncu\u0163\u0103. Admite cererea de interven\u0163ie accesorie formulat\u0103 de intervenien\u0163a Societatea Ornitologic\u0103 Rom\u00e2n\u0103 (S.O.R.) \u00een favoarea reclamantei\u201d, se arat\u0103 \u00een solu\u0163ia instan\u0163ei.<\/p>\n<\/blockquote>\n<p><strong>Tudorel Oancea, pre\u015fedintele AJVPS Tulcea: \u201eAu atacat ordinul, nu v\u00e2n\u0103toarea \u00een sine\u201d<\/strong><\/p>\n<p>Anularea, \u00een parte, a ordinului prin care au fost stabilite cotele de recolt\u0103 pentru unele specii de faun\u0103 de interes cinegetic a st\u00e2rnit reac\u0163ii \u00een r\u00e2ndul v\u00e2n\u0103torilor. Pre\u015fedintele Asocia\u0163iei Jude\u0163ene a V\u00e2n\u0103torilor \u015fi Pescarilor Sportivi (AJVPS) Tulcea, Tudorel Oancea, sus\u0163ine c\u0103 decizia nu produce deocamdat\u0103 efecte \u015fi c\u0103 situa\u0163ia depinde de recurs.<\/p>\n<blockquote>\n<p>\u201eEste vorba despre anularea ordinului prin care s-au stabilit cotele de recolt\u0103. Au atacat ordinul, nu v\u00e2n\u0103toarea \u00een sine. Practic, v\u00e2n\u0103toarea se va opri doar dac\u0103, dup\u0103 recurs, se va men\u0163ine sentin\u0163a. Exist\u0103 drept de recurs \u00een termen de 15 zile. Momentan, nu a venit nimic oficial din partea Ministerului\u201d, ne-a declarat pre\u015fedintele AJVPS Tulcea, Tudorel Oancea.<\/p>\n<\/blockquote>\n<p>Acesta a subliniat c\u0103 ordinul contestat are aplicabilitate la nivel na\u0163ional, \u00eens\u0103 nu vizeaz\u0103 activitatea din Rezerva\u0163ia Biosferei Delta Dun\u0103rii.<\/p>\n<blockquote>\n<p>\u201eAcest ordin nu are nicio leg\u0103tur\u0103 cu Biosfera Deltei Dun\u0103rii, respectiv cu extragerea \u015facalilor din Rezerva\u0163ie. Ordinul este emis la nivel na\u0163ional, \u00eens\u0103 nu are atribu\u0163iuni \u00een Delt\u0103. Chiar dac\u0103 ordinul va fi anulat, av\u00e2nd \u00een vedere c\u0103 valabilitatea lui este p\u00e2n\u0103 la 30 aprilie anul acesta, ulterior se va emite un alt ordin, cu alt num\u0103r \u015fi alte cote. Nu \u015ftiu dac\u0103 va fi atacat \u015fi acela\u201d , a precizat pre\u015fedintele AJVPS Tulcea.<\/p>\n<p><strong>\u00cen opinia sa, procedura judiciar\u0103 ar putea dura ani de zile.<\/strong><\/p>\n<p>\u201eMai \u00eent\u00e2i se depune apelul, apoi se stabile\u015fte un termen de judecat\u0103, proces care poate dura ani de zile, iar ONG-ul nu va avea c\u00e2\u015ftig de cauz\u0103. Deocamdat\u0103, nu am primit nimic oficial; informa\u0163iile apar doar pe portalul instan\u0163ei\u201d, a mai spus Tudorel Oancea.<\/p>\n<\/blockquote>\n<p><strong>V\u00e2n\u0103toarea \u015facalilor din Delta Dun\u0103rii: 140 de exemplare extrase<\/strong><\/p>\n<p>\u00cen ceea ce prive\u015fte situa\u0163ia din Delta Dun\u0103rii, acesta afirm\u0103 c\u0103 activitatea de v\u00e2n\u0103toare a \u015facalilor este \u00een desf\u0103\u015furare \u00eenc\u0103 de la 1 februarie, fiind extra\u015fi \u00een jur de 140 de exemplare.<\/p>\n<blockquote>\n<p>\u201eV\u00e2n\u0103toarea la \u015facali \u00een Delta Dun\u0103rii a \u00eenceput la 1 februarie \u015fi, p\u00e2n\u0103 \u00een prezent, s-au recoltat aproximativ 140 de exemplare. \u00cen Biosfer\u0103, Consiliul \u015etiin\u0163ific al Academiei Rom\u00e2ne a stabilit cota de \u015facali. \u00cen Biosfer\u0103 nu exist\u0103 fonduri cinegetice, astfel c\u0103, din punct de vedere juridic, v\u00e2n\u0103toarea nu este afectat\u0103. \u00cen restul jude\u0163ului, pe teras\u0103, situa\u0163ia este diferit\u0103, iar activitatea ar putea fi afectat\u0103 de ordin, dac\u0103 acesta va r\u0103m\u00e2ne \u00een vigoare dup\u0103 apel\u201d, ne-a mai spus pre\u015fedintele AJVPS Tulcea.<\/p>\n<\/blockquote>\n<p>P\u00e2n\u0103 la o decizie definitiv\u0103, situa\u0163ia r\u0103m\u00e2ne incert\u0103.<\/p>\n<p>Citi\u0163i continuarea \u00een edi\u0163ia tip\u0103rit\u0103 a ziarului Delta.<\/p>\n<\/div>\n<p>[analyse_source url=&#8221;https:\/\/ziaruldelta.ro\/2026\/02\/25\/vanatorii-vanati-de-ong-isti-cotele-de-recolta-anulate-de-instanta\/&#8221;]<\/p>\n","protected":false},"excerpt":{"rendered":"<p>[analyse_image type=&#8221;featured&#8221; src=&#8221;https:\/\/ziaruldelta.ro\/wp-content\/uploads\/2026\/02\/vanatorii.jpg&#8221;] V\u00e2n\u0103torii, \u201ev\u00e2na\u0163i\u201d de ONG-i\u015fti: cotele de recolt\u0103, anulate de instan\u0163\u0103 Posted by Nicoleta URMUZ | Feb 25, 2026 | Stirea Zilei | Curtea de Apel Bra\u015fov a admis ac\u0163iunea formulat\u0103 de Asocia\u0163ia ,,Alian\u0163a pentru Combaterea Abuzurilor\u201d din Bra\u015fov care a reclamat Ministerul Mediului Apelor \u015fi P\u0103durilor \u00een privin\u0163a cotelor de recolt\u0103 la [&hellip;]<\/p>\n","protected":false},"author":1,"featured_media":0,"comment_status":"open","ping_status":"","sticky":false,"template":"","format":"standard","meta":{"footnotes":""},"categories":[89],"tags":[226,206],"class_list":["post-1791886","post","type-post","status-publish","format-standard","hentry","category-romania","tag-crawlmanager","tag-ziaruldelta-ro"],"_links":{"self":[{"href":"https:\/\/analyse.optim.biz\/index.php?rest_route=\/wp\/v2\/posts\/1791886","targetHints":{"allow":["GET"]}}],"collection":[{"href":"https:\/\/analyse.optim.biz\/index.php?rest_route=\/wp\/v2\/posts"}],"about":[{"href":"https:\/\/analyse.optim.biz\/index.php?rest_route=\/wp\/v2\/types\/post"}],"author":[{"embeddable":true,"href":"https:\/\/analyse.optim.biz\/index.php?rest_route=\/wp\/v2\/users\/1"}],"replies":[{"embeddable":true,"href":"https:\/\/analyse.optim.biz\/index.php?rest_route=%2Fwp%2Fv2%2Fcomments&post=1791886"}],"version-history":[{"count":0,"href":"https:\/\/analyse.optim.biz\/index.php?rest_route=\/wp\/v2\/posts\/1791886\/revisions"}],"wp:attachment":[{"href":"https:\/\/analyse.optim.biz\/index.php?rest_route=%2Fwp%2Fv2%2Fmedia&parent=1791886"}],"wp:term":[{"taxonomy":"category","embeddable":true,"href":"https:\/\/analyse.optim.biz\/index.php?rest_route=%2Fwp%2Fv2%2Fcategories&post=1791886"},{"taxonomy":"post_tag","embeddable":true,"href":"https:\/\/analyse.optim.biz\/index.php?rest_route=%2Fwp%2Fv2%2Ftags&post=1791886"}],"curies":[{"name":"wp","href":"https:\/\/api.w.org\/{rel}","templated":true}]}}