{"id":1791845,"date":"2026-02-23T00:00:00","date_gmt":"2026-02-22T21:00:00","guid":{"rendered":"https:\/\/analyse.optim.biz\/?p=1791845"},"modified":"2026-02-23T00:00:00","modified_gmt":"2026-02-22T21:00:00","slug":"primarul-comunei-dumbraveni-trimis-in-judecata-de-dna-ce-acuzatii-i-se-aduc","status":"publish","type":"post","link":"https:\/\/analyse.optim.biz\/?p=1791845","title":{"rendered":"Primarul comunei Dumbr\u0103veni, trimis \u00een judecat\u0103 de DNA. Ce acuza\u021bii i se aduc"},"content":{"rendered":"<p>[analyse_image type=&#8221;featured&#8221; src=&#8221;&#8221;]<\/p>\n<div class=\"entry-content\">\n<p><span class=\"tab\"><img decoding=\"async\" loading=\"lazy\" class=\"alignright size-medium wp-image-263498\" src=\"https:\/\/suceavanews.ro\/wp-content\/uploads\/2018\/04\/primar-dumbraveni-ioan-paval-stiri-suceava-168x300.jpg\" alt=\"\" width=\"168\" height=\"300\">Procurorii din cadrul Direc\u021biei Na\u021bionale Anticorup\u021bie \u2013 Serviciul teritorial Suceava au dispus trimiterea \u00een judecat\u0103,\u00a0<b><i>\u00een stare de libertate<\/i><\/b>, a lui Ioan Pav\u0103l, primar al comunei Dumbr\u0103veni, jude\u021bul Suceava, pentru s\u0103v\u00e2r\u0219irea infrac\u021biunilor de abuz \u00een serviciu cu consecin\u021be deosebit de grave, dac\u0103 func\u021bionarul public a ob\u021binut pentru sine sau pentru altul un folos necuvenit \u0219i fals intelectual \u00een form\u0103 continuat\u0103 (3 acte materiale).<\/span><\/p>\n<p><span class=\"tab\">Potrivit anchetatorilor, \u00een perioada septembrie\u2013noiembrie 2024, inculpatul Pav\u0103l Ioan, \u00een calitate de primar al comunei Dumbr\u0103veni, ar fi ini\u021biat \u0219i desf\u0103\u0219urat \u00een mod fictiv procedura de achizi\u021bie public\u0103, finalizat\u0103 prin \u00eencheierea a trei contracte cu o societate comercial\u0103, iar \u00een condi\u021biile \u00een care lucr\u0103rile nu erau \u00een realitate contractate \u0219i nici executate, ar fi prejudiciat bugetul de stat cu suma total\u0103 de 3.309.783 lei, prin plata nelegal\u0103 a unor facturi antedatate \u0219i prin \u00eentocmirea mai multor documente adresate Agen\u021biei Na\u021bionale de Administrare Fiscal\u0103 (A.N.A.F.).<\/span><\/p>\n<p><span class=\"tab\">Cele trei contracte de achizi\u021bie public\u0103 ar fi avut ca obiect efectuarea unor lucr\u0103ri de repara\u021bii la drumuri de interes local situate pe raza comunei Dumbr\u0103veni. <\/span><span class=\"tab\">Astfel, inculpatul Pav\u0103l Ioan \u0219i-ar fi exercitat \u00een mod defectuos atribu\u021biile de serviciu, cu \u00eenc\u0103lcarea prevederilor legale, desf\u0103\u0219ur\u00e2nd, \u00een concret, urm\u0103toarele activit\u0103\u021bi:<\/span><br \/><span class=\"tab\">\u2013 ar fi ini\u021biat \u0219i desf\u0103\u0219urat \u00een mod ilegal procedura de compensare a crean\u021belor bugetare cu societatea comercial\u0103;<\/span><br \/><span class=\"tab\">\u2013 ar fi aprobat la plat\u0103 trei facturi antedatate, \u00een valoare total\u0103 de 3.165.400 lei;<\/span><br \/><span class=\"tab\">\u2013 ar fi formulat \u0219i \u00eenaintat c\u0103tre A.N.A.F. cererea de alocare a unor sume defalcate din TVA, \u00eencadr\u00e2nd \u00een mod nelegal debitele \u00een condi\u021biile prev\u0103zute de O.U.G. nr. 107\/2024;<\/span><br \/><span class=\"tab\">\u2013 \u00een cursul lunii octombrie 2024, cu prilejul \u00eentocmirii \u0219i semn\u0103rii contractelor respective, ar fi falsificat aceste \u00eenscrisuri oficiale prin atestarea necorespunz\u0103toare adev\u0103rului cu privire la data \u00eentocmirii acestora.<\/span><\/p>\n<p><span class=\"tab\">Totodat\u0103, prin aceste demersuri, inculpatul ar fi ob\u021binut un folos necuvenit societ\u0103\u021bii comerciale respective, reprezentat de compensarea ilegal\u0103 a sumei de 3.165.400 lei (obliga\u021bii fiscale principale) \u0219i anularea unor obliga\u021bii fiscale accesorii \u00een cuantum de 144.383 lei.<\/span><\/p>\n<p><span class=\"tab\">Agen\u021bia Na\u021bional\u0103 de Administrare Fiscal\u0103 \u2013 Direc\u021bia Regional\u0103 a Finan\u021belor Publice Ia\u0219i, prin Administra\u021bia Jude\u021bean\u0103 a Finan\u021belor Publice Suceava, s-a constituit parte civil\u0103 \u00een cauz\u0103 cu suma de 3.309.783 lei, la care se vor ad\u0103uga accesoriile fiscale calculate p\u00e2n\u0103 la data recuper\u0103rii integrale a prejudiciului.<\/span><\/p>\n<p><span class=\"tab\">\u00cen cauz\u0103, procurorii au dispus instituirea unor m\u0103suri asigur\u0103torii fa\u021b\u0103 de inculpatul Pav\u0103l Ioan, \u00een vederea recuper\u0103rii prejudiciului cauzat.<\/span><\/p>\n<p><span class=\"tab\"><b>Dosarul de urm\u0103rire penal\u0103 a fost trimis spre judecare la Tribunalul Suceava, cu propunerea de a se men\u021bine m\u0103sura asigur\u0103torie dispus\u0103 \u00een cauz\u0103.<\/b><\/span><\/p>\n<\/div>\n<div class=\"entry-content\">\n<p><span class=\"tab\"><img decoding=\"async\" loading=\"lazy\" class=\"alignright size-medium wp-image-263498\" src=\"https:\/\/suceavanews.ro\/wp-content\/uploads\/2018\/04\/primar-dumbraveni-ioan-paval-stiri-suceava-168x300.jpg\" alt=\"\" width=\"168\" height=\"300\">Procurorii din cadrul Direc\u021biei Na\u021bionale Anticorup\u021bie \u2013 Serviciul teritorial Suceava au dispus trimiterea \u00een judecat\u0103,\u00a0<b><i>\u00een stare de libertate<\/i><\/b>, a lui Ioan Pav\u0103l, primar al comunei Dumbr\u0103veni, jude\u021bul Suceava, pentru s\u0103v\u00e2r\u0219irea infrac\u021biunilor de abuz \u00een serviciu cu consecin\u021be deosebit de grave, dac\u0103 func\u021bionarul public a ob\u021binut pentru sine sau pentru altul un folos necuvenit \u0219i fals intelectual \u00een form\u0103 continuat\u0103 (3 acte materiale).<\/span><\/p>\n<p><span class=\"tab\">Potrivit anchetatorilor, \u00een perioada septembrie\u2013noiembrie 2024, inculpatul Pav\u0103l Ioan, \u00een calitate de primar al comunei Dumbr\u0103veni, ar fi ini\u021biat \u0219i desf\u0103\u0219urat \u00een mod fictiv procedura de achizi\u021bie public\u0103, finalizat\u0103 prin \u00eencheierea a trei contracte cu o societate comercial\u0103, iar \u00een condi\u021biile \u00een care lucr\u0103rile nu erau \u00een realitate contractate \u0219i nici executate, ar fi prejudiciat bugetul de stat cu suma total\u0103 de 3.309.783 lei, prin plata nelegal\u0103 a unor facturi antedatate \u0219i prin \u00eentocmirea mai multor documente adresate Agen\u021biei Na\u021bionale de Administrare Fiscal\u0103 (A.N.A.F.).<\/span><\/p>\n<p><span class=\"tab\">Cele trei contracte de achizi\u021bie public\u0103 ar fi avut ca obiect efectuarea unor lucr\u0103ri de repara\u021bii la drumuri de interes local situate pe raza comunei Dumbr\u0103veni. <\/span><span class=\"tab\">Astfel, inculpatul Pav\u0103l Ioan \u0219i-ar fi exercitat \u00een mod defectuos atribu\u021biile de serviciu, cu \u00eenc\u0103lcarea prevederilor legale, desf\u0103\u0219ur\u00e2nd, \u00een concret, urm\u0103toarele activit\u0103\u021bi:<\/span><br \/><span class=\"tab\">\u2013 ar fi ini\u021biat \u0219i desf\u0103\u0219urat \u00een mod ilegal procedura de compensare a crean\u021belor bugetare cu societatea comercial\u0103;<\/span><br \/><span class=\"tab\">\u2013 ar fi aprobat la plat\u0103 trei facturi antedatate, \u00een valoare total\u0103 de 3.165.400 lei;<\/span><br \/><span class=\"tab\">\u2013 ar fi formulat \u0219i \u00eenaintat c\u0103tre A.N.A.F. cererea de alocare a unor sume defalcate din TVA, \u00eencadr\u00e2nd \u00een mod nelegal debitele \u00een condi\u021biile prev\u0103zute de O.U.G. nr. 107\/2024;<\/span><br \/><span class=\"tab\">\u2013 \u00een cursul lunii octombrie 2024, cu prilejul \u00eentocmirii \u0219i semn\u0103rii contractelor respective, ar fi falsificat aceste \u00eenscrisuri oficiale prin atestarea necorespunz\u0103toare adev\u0103rului cu privire la data \u00eentocmirii acestora.<\/span><\/p>\n<p><span class=\"tab\">Totodat\u0103, prin aceste demersuri, inculpatul ar fi ob\u021binut un folos necuvenit societ\u0103\u021bii comerciale respective, reprezentat de compensarea ilegal\u0103 a sumei de 3.165.400 lei (obliga\u021bii fiscale principale) \u0219i anularea unor obliga\u021bii fiscale accesorii \u00een cuantum de 144.383 lei.<\/span><\/p>\n<p><span class=\"tab\">Agen\u021bia Na\u021bional\u0103 de Administrare Fiscal\u0103 \u2013 Direc\u021bia Regional\u0103 a Finan\u021belor Publice Ia\u0219i, prin Administra\u021bia Jude\u021bean\u0103 a Finan\u021belor Publice Suceava, s-a constituit parte civil\u0103 \u00een cauz\u0103 cu suma de 3.309.783 lei, la care se vor ad\u0103uga accesoriile fiscale calculate p\u00e2n\u0103 la data recuper\u0103rii integrale a prejudiciului.<\/span><\/p>\n<p><span class=\"tab\">\u00cen cauz\u0103, procurorii au dispus instituirea unor m\u0103suri asigur\u0103torii fa\u021b\u0103 de inculpatul Pav\u0103l Ioan, \u00een vederea recuper\u0103rii prejudiciului cauzat.<\/span><\/p>\n<p><span class=\"tab\"><b>Dosarul de urm\u0103rire penal\u0103 a fost trimis spre judecare la Tribunalul Suceava, cu propunerea de a se men\u021bine m\u0103sura asigur\u0103torie dispus\u0103 \u00een cauz\u0103.<\/b><\/span><\/p>\n<\/div>\n<p>[analyse_source url=&#8221;https:\/\/suceavanews.ro\/318662\/general\/stirea-zilei\/primarul-comunei-dumbraveni-trimis-in-judecata-de-dna-ce-acuzatii-i-se-aduc\/&#8221;]<\/p>\n","protected":false},"excerpt":{"rendered":"<p>[analyse_image type=&#8221;featured&#8221; src=&#8221;&#8221;] Procurorii din cadrul Direc\u021biei Na\u021bionale Anticorup\u021bie \u2013 Serviciul teritorial Suceava au dispus trimiterea \u00een judecat\u0103,\u00a0\u00een stare de libertate, a lui Ioan Pav\u0103l, primar al comunei Dumbr\u0103veni, jude\u021bul Suceava, pentru s\u0103v\u00e2r\u0219irea infrac\u021biunilor de abuz \u00een serviciu cu consecin\u021be deosebit de grave, dac\u0103 func\u021bionarul public a ob\u021binut pentru sine sau pentru altul un folos [&hellip;]<\/p>\n","protected":false},"author":1,"featured_media":0,"comment_status":"open","ping_status":"","sticky":false,"template":"","format":"standard","meta":{"footnotes":""},"categories":[89],"tags":[226,174],"class_list":["post-1791845","post","type-post","status-publish","format-standard","hentry","category-romania","tag-crawlmanager","tag-suceavanews-ro"],"_links":{"self":[{"href":"https:\/\/analyse.optim.biz\/index.php?rest_route=\/wp\/v2\/posts\/1791845","targetHints":{"allow":["GET"]}}],"collection":[{"href":"https:\/\/analyse.optim.biz\/index.php?rest_route=\/wp\/v2\/posts"}],"about":[{"href":"https:\/\/analyse.optim.biz\/index.php?rest_route=\/wp\/v2\/types\/post"}],"author":[{"embeddable":true,"href":"https:\/\/analyse.optim.biz\/index.php?rest_route=\/wp\/v2\/users\/1"}],"replies":[{"embeddable":true,"href":"https:\/\/analyse.optim.biz\/index.php?rest_route=%2Fwp%2Fv2%2Fcomments&post=1791845"}],"version-history":[{"count":0,"href":"https:\/\/analyse.optim.biz\/index.php?rest_route=\/wp\/v2\/posts\/1791845\/revisions"}],"wp:attachment":[{"href":"https:\/\/analyse.optim.biz\/index.php?rest_route=%2Fwp%2Fv2%2Fmedia&parent=1791845"}],"wp:term":[{"taxonomy":"category","embeddable":true,"href":"https:\/\/analyse.optim.biz\/index.php?rest_route=%2Fwp%2Fv2%2Fcategories&post=1791845"},{"taxonomy":"post_tag","embeddable":true,"href":"https:\/\/analyse.optim.biz\/index.php?rest_route=%2Fwp%2Fv2%2Ftags&post=1791845"}],"curies":[{"name":"wp","href":"https:\/\/api.w.org\/{rel}","templated":true}]}}