{"id":1791622,"date":"2026-02-24T20:30:56","date_gmt":"2026-02-24T17:30:56","guid":{"rendered":"https:\/\/analyse.optim.biz\/?p=1791622"},"modified":"2026-02-24T20:30:56","modified_gmt":"2026-02-24T17:30:56","slug":"buzaul-poate-fi-modern-fara-sa-devina-un-oras-de-beton","status":"publish","type":"post","link":"https:\/\/analyse.optim.biz\/?p=1791622","title":{"rendered":"Buz\u0103ul poate fi modern f\u0103r\u0103 s\u0103 devin\u0103 un ora\u0219 de beton"},"content":{"rendered":"<p>[analyse_image type=&#8221;featured&#8221; src=&#8221;https:\/\/www.tvbuzau.ro\/wp-content\/uploads\/2026\/02\/hqdefault-31.jpghttps:\/\/www.tvbuzau.ro\/wp-content\/uploads\/2026\/02\/hqdefault-31.jpg&#8221;]<\/p>\n<div class=\"td-ss-main-content\">\n<article id=\"post-118142\" class=\"post-118142 post type-post status-publish format-video has-post-thumbnail hentry category-actualitate post_format-post-format-video\">\n<div class=\"td-post-header\">\n<ul class=\"td-category\">\n<li class=\"entry-category\"><a href=\"https:\/\/www.tvbuzau.ro\/category\/actualitate\/\">Actualitate<\/a><\/li>\n<\/ul>\n<header class=\"td-post-title\">\n<h1 class=\"entry-title\">Buz\u0103ul poate fi modern f\u0103r\u0103 s\u0103 devin\u0103 un ora\u0219 de beton<\/h1>\n<div class=\"td-module-meta-info\">\n<div class=\"td-post-author-name\">De c\u0103tre <a href=\"https:\/\/www.tvbuzau.ro\/author\/mihai-vasilescu\/\">TV Buz\u0103u<\/a> &#8211; <\/div>\n<p><span class=\"td-post-date\"><time class=\"entry-date updated td-module-date\" datetime=\"2026-02-24T20:30:56+00:00\">februarie 24, 2026<\/time><\/span><\/p>\n<div class=\"td-post-comments\"><a href=\"https:\/\/www.tvbuzau.ro\/buzaul-poate-fi-modern-fara-sa-devina-un-oras-de-beton\/#respond\">0<\/a><\/div>\n<div class=\"td-post-views\"><span class=\"td-nr-views-118142\">13<\/span><\/div>\n<\/div>\n<\/header>\n<\/div>\n<div class=\"td-post-sharing td-post-sharing-top td-with-like\">\n<div class=\"td-default-sharing\"><a class=\"td-social-sharing-buttons td-social-facebook\" href=\"http:\/\/www.facebook.com\/sharer.php?u=https%3A%2F%2Fwww.tvbuzau.ro%2Fbuzaul-poate-fi-modern-fara-sa-devina-un-oras-de-beton%2F\"><\/p>\n<div class=\"td-social-but-text\">Distribui\u021bi pe Facebook<\/div>\n<p><\/a><a class=\"td-social-sharing-buttons td-social-twitter\" href=\"https:\/\/twitter.com\/intent\/tweet?text=Buz%C4%83ul+poate+fi+modern+f%C4%83r%C4%83+s%C4%83+devin%C4%83+un+ora%C8%99+de+beton&amp;url=https%3A%2F%2Fwww.tvbuzau.ro%2Fbuzaul-poate-fi-modern-fara-sa-devina-un-oras-de-beton%2F&amp;via=TV+Buz%C4%83u\"><\/p>\n<div class=\"td-social-but-text\">Distribui\u021bi pe Twitter<\/div>\n<p><\/a><\/div>\n<div class=\"td-classic-sharing\">\n<ul>\n<li class=\"td-classic-facebook\"><iframe frameborder src=\"https:\/\/www.facebook.com\/plugins\/like.php?href=https:\/\/www.tvbuzau.ro\/buzaul-poate-fi-modern-fara-sa-devina-un-oras-de-beton\/&amp;layout=button_count&amp;show_faces=false&amp;width=105&amp;action=like&amp;colorscheme=light&amp;height=21\"><\/iframe><\/li>\n<li class=\"td-classic-twitter\"><a href=\"https:\/\/twitter.com\/share\" class=\"twitter-share-button\" data-url=\"https:\/\/www.tvbuzau.ro\/buzaul-poate-fi-modern-fara-sa-devina-un-oras-de-beton\/\" data-text=\"Buz\u0103ul poate fi modern f\u0103r\u0103 s\u0103 devin\u0103 un ora\u0219 de beton\" data-via data-lang=\"en\">tweet<\/a><\/li>\n<\/ul>\n<\/div>\n<\/div>\n<div class=\"td-post-content\">\n<div class=\"td-featured-image-rec\">\n<div class=\"wpb_video_wrapper\">\n                    <iframe loading=\"lazy\" id=\"td_youtube_player\" width=\"600\" height=\"560\" src=\"https:\/\/www.youtube.com\/embed\/5IYhw8AFHBM?enablejsapi=1&amp;feature=oembed&amp;wmode=opaque&amp;vq=hd720\" frameborder allowfullscreen><\/iframe><\/p><\/div>\n<\/div>\n<p>\u00cenapoi cu spa\u0163iile verzi, proiectul unui consilier local<br \/>\nConsilerul local municipal, Lauren\u0163iu St\u00eelpeanu a anun\u0163at repunerea \u00een dezbatere public\u0103 \u015fi spre vot a proiectului referitor la oprirea elimin\u0103rii spa\u0163iilor verzi, dup\u0103 ce majoritate buzoienilor s-au ar\u0103tat \u00eempotriva deciziei Prim\u0103riei Buz\u0103u de a le desfiin\u0163a.<\/p>\n<p>\u201cProiectul propune reguli clare astfel \u00eenc\u00e2t, atunci c\u00e2nd vegeta\u021bia este eliminat\u0103 de pe domeniul public, s\u0103 existe solu\u021bii verzi alternative: arbu\u0219ti decorativi, benzi vegetale, garduri vii joase \u2013 exact ceea ce folosesc ast\u0103zi ora\u0219ele europene moderne.Proiectul prevede: inventarierea vegeta\u021biei urbane, transparen\u021b\u0103 \u0219i consultarea cet\u0103\u021benilor,<br \/>\nreamenajarea zonelor unde verdele a disp\u0103rut, f\u0103r\u0103 impact bugetar suplimentar imediat. Buz\u0103ul poate fi modern f\u0103r\u0103 s\u0103 devin\u0103 un ora\u0219 de beton\u201d, a transmis consilierul local Lauren\u0163iu St\u00eelpeanu.<br \/>\nMunicipiul Buz\u0103u a devenit din ce \u00een ce mai gri, dup\u0103 ce Prim\u0103ria Buz\u0103u a distrus gardurile vii, f\u0103r\u0103 s\u0103 \u00eenlocuiasc\u0103 zonele cu gazon sau arbu\u015fti. Astfel, \u00een locurile \u00een care se putea observa insuli\u0163ele de verdea\u0163\u0103, este doar p\u0103m\u00e2nt pe care uneori g\u0103se\u015fti de\u015feuri.<br \/>\nSuntem \u00een prag de prim\u0103var\u0103, anotimp \u00een care natura revine la via\u0163\u0103 \u015fi cartierele ar fi trebuit s\u0103 arate din ce \u00een ce mai verzi. \u00cen schimb griul \u015fi p\u0103m\u00e2ntul gol ocup\u0103 din ce \u00een ce mai mult ora\u015ful, contribuind la o estetic\u0103 din ce \u00een ce mai deplorabil\u0103.<\/p>\n<div class=\"post-views post-118142 entry-meta\"><span class=\"post-views-label\">Post Views: <\/span><span class=\"post-views-count\">146<\/span><\/div>\n<\/div>\n<footer>\n<div class=\"td-post-sharing td-post-sharing-bottom td-with-like\"><span class=\"td-post-share-title\">DISTRIBUI\u021aI<\/span><\/p>\n<div class=\"td-default-sharing\"><a class=\"td-social-sharing-buttons td-social-facebook\" href=\"http:\/\/www.facebook.com\/sharer.php?u=https%3A%2F%2Fwww.tvbuzau.ro%2Fbuzaul-poate-fi-modern-fara-sa-devina-un-oras-de-beton%2F\"><\/p>\n<div class=\"td-social-but-text\">Facebook<\/div>\n<p><\/a><a class=\"td-social-sharing-buttons td-social-twitter\" href=\"https:\/\/twitter.com\/intent\/tweet?text=Buz%C4%83ul+poate+fi+modern+f%C4%83r%C4%83+s%C4%83+devin%C4%83+un+ora%C8%99+de+beton&amp;url=https%3A%2F%2Fwww.tvbuzau.ro%2Fbuzaul-poate-fi-modern-fara-sa-devina-un-oras-de-beton%2F&amp;via=TV+Buz%C4%83u\"><\/p>\n<div class=\"td-social-but-text\">Twitter<\/div>\n<p><\/a><\/div>\n<div class=\"td-classic-sharing\">\n<ul>\n<li class=\"td-classic-facebook\"><iframe frameborder src=\"https:\/\/www.facebook.com\/plugins\/like.php?href=https:\/\/www.tvbuzau.ro\/buzaul-poate-fi-modern-fara-sa-devina-un-oras-de-beton\/&amp;layout=button_count&amp;show_faces=false&amp;width=105&amp;action=like&amp;colorscheme=light&amp;height=21\"><\/iframe><\/li>\n<li class=\"td-classic-twitter\"><a href=\"https:\/\/twitter.com\/share\" class=\"twitter-share-button\" data-url=\"https:\/\/www.tvbuzau.ro\/buzaul-poate-fi-modern-fara-sa-devina-un-oras-de-beton\/\" data-text=\"Buz\u0103ul poate fi modern f\u0103r\u0103 s\u0103 devin\u0103 un ora\u0219 de beton\" data-via data-lang=\"en\">tweet<\/a><\/li>\n<\/ul>\n<\/div>\n<\/div>\n<div class=\"td-author-name vcard author\"><span class=\"fn\"><a href=\"https:\/\/www.tvbuzau.ro\/author\/mihai-vasilescu\/\">TV Buz\u0103u<\/a><\/span><\/div>\n<p><span><\/span><span><span><\/span><\/span><span><\/span><\/footer>\n<\/article>\n<div class=\"td_block_wrap td_block_related_posts td_uid_1_699ea3aa31fd5_rand td_with_ajax_pagination td-pb-border-top\" data-td-block-uid=\"td_uid_1_699ea3aa31fd5\">\n<h4 class=\"td-related-title\"><a id=\"td_uid_2_699ea3aa3746a\" class=\"td-related-left td-cur-simple-item\" data-td_filter_value data-td_block_id=\"td_uid_1_699ea3aa31fd5\" href=\"https:\/\/www.tvbuzau.ro\/buzaul-poate-fi-modern-fara-sa-devina-un-oras-de-beton\/\">ARTICOLE SIMILARE<\/a><a id=\"td_uid_3_699ea3aa374a3\" class=\"td-related-right\" data-td_filter_value=\"td_related_more_from_author\" data-td_block_id=\"td_uid_1_699ea3aa31fd5\" href=\"https:\/\/www.tvbuzau.ro\/buzaul-poate-fi-modern-fara-sa-devina-un-oras-de-beton\/\">DE LA ACELA\u0218I AUTOR<\/a><\/h4>\n<div id=\"td_uid_1_699ea3aa31fd5\" class=\"td_block_inner\">\n<div class=\"td-related-row\">\n<div class=\"td-related-span4\">\n<div class=\"td_module_related_posts td-animation-stack td_mod_related_posts\">\n<div class=\"td-module-image\">\n<div class=\"td-module-thumb\"><a href=\"https:\/\/www.tvbuzau.ro\/ghioceii-semn-de-primavara\/\" rel=\"bookmark\" title=\"Ghioceii, semn de prim\u0103var\u0103\"><img loading=\"lazy\" decoding=\"async\" width=\"218\" height=\"150\" class=\"entry-thumb\" src=\"https:\/\/www.tvbuzau.ro\/wp-content\/uploads\/2026\/02\/hqdefault-32-218x150.jpg\" alt title=\"Ghioceii, semn de prim\u0103var\u0103\"><span class=\"td-video-play-ico\"><img loading=\"lazy\" decoding=\"async\" width=\"40\" height=\"40\" class=\"td-retina\" src=\"https:\/\/www.tvbuzau.ro\/wp-content\/themes\/Newspaper\/images\/icons\/ico-video-large.png\" alt=\"video\"><\/span><\/a><\/div>\n<p><a href=\"https:\/\/www.tvbuzau.ro\/category\/actualitate\/\" class=\"td-post-category\">Actualitate<\/a><\/div>\n<div class=\"item-details\">\n<h3 class=\"entry-title td-module-title\"><a href=\"https:\/\/www.tvbuzau.ro\/ghioceii-semn-de-primavara\/\" rel=\"bookmark\" title=\"Ghioceii, semn de prim\u0103var\u0103\">Ghioceii, semn de prim\u0103var\u0103<\/a><\/h3>\n<\/div>\n<\/div>\n<\/div>\n<div class=\"td-related-span4\">\n<div class=\"td_module_related_posts td-animation-stack td_mod_related_posts\">\n<div class=\"td-module-image\">\n<div class=\"td-module-thumb\"><a href=\"https:\/\/www.tvbuzau.ro\/dupa-ninsori-se-repara-drumurile\/\" rel=\"bookmark\" title=\"Dup\u0103 ninsori se repar\u0103 drumurile\"><img loading=\"lazy\" decoding=\"async\" width=\"218\" height=\"150\" class=\"entry-thumb\" src=\"https:\/\/www.tvbuzau.ro\/wp-content\/uploads\/2026\/02\/sddefault-37-218x150.jpg\" alt title=\"Dup\u0103 ninsori se repar\u0103 drumurile\"><span class=\"td-video-play-ico\"><img loading=\"lazy\" decoding=\"async\" width=\"40\" height=\"40\" class=\"td-retina\" src=\"https:\/\/www.tvbuzau.ro\/wp-content\/themes\/Newspaper\/images\/icons\/ico-video-large.png\" alt=\"video\"><\/span><\/a><\/div>\n<p><a href=\"https:\/\/www.tvbuzau.ro\/category\/actualitate\/\" class=\"td-post-category\">Actualitate<\/a><\/div>\n<div class=\"item-details\">\n<h3 class=\"entry-title td-module-title\"><a href=\"https:\/\/www.tvbuzau.ro\/dupa-ninsori-se-repara-drumurile\/\" rel=\"bookmark\" title=\"Dup\u0103 ninsori se repar\u0103 drumurile\">Dup\u0103 ninsori se repar\u0103 drumurile<\/a><\/h3>\n<\/div>\n<\/div>\n<\/div>\n<div class=\"td-related-span4\">\n<div class=\"td_module_related_posts td-animation-stack td_mod_related_posts\">\n<div class=\"td-module-image\">\n<div class=\"td-module-thumb\"><a href=\"https:\/\/www.tvbuzau.ro\/campanie-impotriva-consumurilor-mari-nejustificate\/\" rel=\"bookmark\" title=\"Campanie \u00eempotriva consumurilor mari nejustificate\"><img loading=\"lazy\" decoding=\"async\" width=\"218\" height=\"150\" class=\"entry-thumb\" src=\"https:\/\/www.tvbuzau.ro\/wp-content\/uploads\/2026\/02\/sddefault-36-218x150.jpg\" alt title=\"Campanie \u00eempotriva consumurilor mari nejustificate\"><span class=\"td-video-play-ico\"><img loading=\"lazy\" decoding=\"async\" width=\"40\" height=\"40\" class=\"td-retina\" src=\"https:\/\/www.tvbuzau.ro\/wp-content\/themes\/Newspaper\/images\/icons\/ico-video-large.png\" alt=\"video\"><\/span><\/a><\/div>\n<p><a href=\"https:\/\/www.tvbuzau.ro\/category\/actualitate\/\" class=\"td-post-category\">Actualitate<\/a><\/div>\n<div class=\"item-details\">\n<h3 class=\"entry-title td-module-title\"><a href=\"https:\/\/www.tvbuzau.ro\/campanie-impotriva-consumurilor-mari-nejustificate\/\" rel=\"bookmark\" title=\"Campanie \u00eempotriva consumurilor mari nejustificate\">Campanie \u00eempotriva consumurilor mari nejustificate<\/a><\/h3>\n<\/div>\n<\/div>\n<\/div>\n<\/div>\n<div class=\"td-related-row\">\n<div class=\"td-related-span4\">\n<div class=\"td_module_related_posts td-animation-stack td_mod_related_posts\">\n<div class=\"td-module-image\">\n<div class=\"td-module-thumb\"><a href=\"https:\/\/www.tvbuzau.ro\/dgaspc-prioritate-pentru-consiliul-judetean-buzau\/\" rel=\"bookmark\" title=\"DGASPC  prioritate pentru Consiliul Jude\u021bean Buz\u0103u\"><img loading=\"lazy\" decoding=\"async\" width=\"218\" height=\"150\" class=\"entry-thumb\" src=\"https:\/\/www.tvbuzau.ro\/wp-content\/uploads\/2026\/02\/sddefault-35-218x150.jpg\" alt title=\"DGASPC  prioritate pentru Consiliul Jude\u021bean Buz\u0103u\"><span class=\"td-video-play-ico\"><img loading=\"lazy\" decoding=\"async\" width=\"40\" height=\"40\" class=\"td-retina\" src=\"https:\/\/www.tvbuzau.ro\/wp-content\/themes\/Newspaper\/images\/icons\/ico-video-large.png\" alt=\"video\"><\/span><\/a><\/div>\n<p><a href=\"https:\/\/www.tvbuzau.ro\/category\/actualitate\/\" class=\"td-post-category\">Actualitate<\/a><\/div>\n<div class=\"item-details\">\n<h3 class=\"entry-title td-module-title\"><a href=\"https:\/\/www.tvbuzau.ro\/dgaspc-prioritate-pentru-consiliul-judetean-buzau\/\" rel=\"bookmark\" title=\"DGASPC  prioritate pentru Consiliul Jude\u021bean Buz\u0103u\">DGASPC  prioritate pentru Consiliul Jude\u021bean Buz\u0103u<\/a><\/h3>\n<\/div>\n<\/div>\n<\/div>\n<div class=\"td-related-span4\">\n<div class=\"td_module_related_posts td-animation-stack td_mod_related_posts\">\n<div class=\"td-module-image\">\n<div class=\"td-module-thumb\"><a href=\"https:\/\/www.tvbuzau.ro\/zapada-a-pus-probleme-pe-mai-multe-drumuri-din-judet\/\" rel=\"bookmark\" title=\"Z\u0103pada a pus probleme pe mai multe drumuri din jude\u0163\"><img loading=\"lazy\" decoding=\"async\" width=\"218\" height=\"150\" class=\"entry-thumb\" src=\"https:\/\/www.tvbuzau.ro\/wp-content\/uploads\/2026\/02\/hqdefault-29-218x150.jpg\" alt title=\"Z\u0103pada a pus probleme pe mai multe drumuri din jude\u0163\"><span class=\"td-video-play-ico\"><img loading=\"lazy\" decoding=\"async\" width=\"40\" height=\"40\" class=\"td-retina\" src=\"https:\/\/www.tvbuzau.ro\/wp-content\/themes\/Newspaper\/images\/icons\/ico-video-large.png\" alt=\"video\"><\/span><\/a><\/div>\n<p><a href=\"https:\/\/www.tvbuzau.ro\/category\/actualitate\/\" class=\"td-post-category\">Actualitate<\/a><\/div>\n<div class=\"item-details\">\n<h3 class=\"entry-title td-module-title\"><a href=\"https:\/\/www.tvbuzau.ro\/zapada-a-pus-probleme-pe-mai-multe-drumuri-din-judet\/\" rel=\"bookmark\" title=\"Z\u0103pada a pus probleme pe mai multe drumuri din jude\u0163\">Z\u0103pada a pus probleme pe mai multe drumuri din jude\u0163<\/a><\/h3>\n<\/div>\n<\/div>\n<\/div>\n<div class=\"td-related-span4\">\n<div class=\"td_module_related_posts td-animation-stack td_mod_related_posts\">\n<div class=\"td-module-image\">\n<div class=\"td-module-thumb\"><a href=\"https:\/\/www.tvbuzau.ro\/cati-buzoieni-si-au-rupt-picioarele-intr-o-zi-in-oras\/\" rel=\"bookmark\" title=\"C\u00e2\u0163i buzoieni \u015fi-au rupt picioarele \u00eentr-o zi \u00een ora\u015f\"><img loading=\"lazy\" decoding=\"async\" width=\"218\" height=\"150\" class=\"entry-thumb\" src=\"https:\/\/www.tvbuzau.ro\/wp-content\/uploads\/2026\/02\/hqdefault-28-218x150.jpg\" alt title=\"C\u00e2\u0163i buzoieni \u015fi-au rupt picioarele \u00eentr-o zi \u00een ora\u015f\"><span class=\"td-video-play-ico\"><img loading=\"lazy\" decoding=\"async\" width=\"40\" height=\"40\" class=\"td-retina\" src=\"https:\/\/www.tvbuzau.ro\/wp-content\/themes\/Newspaper\/images\/icons\/ico-video-large.png\" alt=\"video\"><\/span><\/a><\/div>\n<p><a href=\"https:\/\/www.tvbuzau.ro\/category\/actualitate\/\" class=\"td-post-category\">Actualitate<\/a><\/div>\n<div class=\"item-details\">\n<h3 class=\"entry-title td-module-title\"><a href=\"https:\/\/www.tvbuzau.ro\/cati-buzoieni-si-au-rupt-picioarele-intr-o-zi-in-oras\/\" rel=\"bookmark\" title=\"C\u00e2\u0163i buzoieni \u015fi-au rupt picioarele \u00eentr-o zi \u00een ora\u015f\">C\u00e2\u0163i buzoieni \u015fi-au rupt picioarele \u00eentr-o zi \u00een ora\u015f<\/a><\/h3>\n<\/div>\n<\/div>\n<\/div>\n<\/div>\n<\/div>\n<\/div>\n<div class=\"comments\" id=\"comments\">\n<div id=\"respond\" class=\"comment-respond\">\n<h3 id=\"reply-title\" class=\"comment-reply-title\">L\u0102SA\u021aI UN MESAJ <small><a rel=\"nofollow\" id=\"cancel-comment-reply-link\" href=\"https:\/\/www.tvbuzau.ro\/buzaul-poate-fi-modern-fara-sa-devina-un-oras-de-beton\/#respond\">Renun\u021ba\u021bi la r\u0103spuns<\/a><\/small><\/h3>\n<\/div>\n<\/div>\n<\/div>\n<div class=\"td-post-content\">\n<div class=\"td-featured-image-rec\">\n<div class=\"wpb_video_wrapper\">\n                    <iframe loading=\"lazy\" id=\"td_youtube_player\" width=\"600\" height=\"560\" src=\"https:\/\/www.youtube.com\/embed\/5IYhw8AFHBM?enablejsapi=1&amp;feature=oembed&amp;wmode=opaque&amp;vq=hd720\" frameborder allowfullscreen><\/iframe><\/p><\/div>\n<\/div>\n<p>\u00cenapoi cu spa\u0163iile verzi, proiectul unui consilier local<br \/>\nConsilerul local municipal, Lauren\u0163iu St\u00eelpeanu a anun\u0163at repunerea \u00een dezbatere public\u0103 \u015fi spre vot a proiectului referitor la oprirea elimin\u0103rii spa\u0163iilor verzi, dup\u0103 ce majoritate buzoienilor s-au ar\u0103tat \u00eempotriva deciziei Prim\u0103riei Buz\u0103u de a le desfiin\u0163a.<\/p>\n<p>\u201cProiectul propune reguli clare astfel \u00eenc\u00e2t, atunci c\u00e2nd vegeta\u021bia este eliminat\u0103 de pe domeniul public, s\u0103 existe solu\u021bii verzi alternative: arbu\u0219ti decorativi, benzi vegetale, garduri vii joase \u2013 exact ceea ce folosesc ast\u0103zi ora\u0219ele europene moderne.Proiectul prevede: inventarierea vegeta\u021biei urbane, transparen\u021b\u0103 \u0219i consultarea cet\u0103\u021benilor,<br \/>\nreamenajarea zonelor unde verdele a disp\u0103rut, f\u0103r\u0103 impact bugetar suplimentar imediat. Buz\u0103ul poate fi modern f\u0103r\u0103 s\u0103 devin\u0103 un ora\u0219 de beton\u201d, a transmis consilierul local Lauren\u0163iu St\u00eelpeanu.<br \/>\nMunicipiul Buz\u0103u a devenit din ce \u00een ce mai gri, dup\u0103 ce Prim\u0103ria Buz\u0103u a distrus gardurile vii, f\u0103r\u0103 s\u0103 \u00eenlocuiasc\u0103 zonele cu gazon sau arbu\u015fti. Astfel, \u00een locurile \u00een care se putea observa insuli\u0163ele de verdea\u0163\u0103, este doar p\u0103m\u00e2nt pe care uneori g\u0103se\u015fti de\u015feuri.<br \/>\nSuntem \u00een prag de prim\u0103var\u0103, anotimp \u00een care natura revine la via\u0163\u0103 \u015fi cartierele ar fi trebuit s\u0103 arate din ce \u00een ce mai verzi. \u00cen schimb griul \u015fi p\u0103m\u00e2ntul gol ocup\u0103 din ce \u00een ce mai mult ora\u015ful, contribuind la o estetic\u0103 din ce \u00een ce mai deplorabil\u0103.<\/p>\n<div class=\"post-views post-118142 entry-meta\"><span class=\"post-views-label\">Post Views: <\/span><span class=\"post-views-count\">146<\/span><\/div>\n<\/div>\n<p>[analyse_source url=&#8221;https:\/\/www.tvbuzau.ro\/buzaul-poate-fi-modern-fara-sa-devina-un-oras-de-beton\/&#8221;]<\/p>\n","protected":false},"excerpt":{"rendered":"<p>[analyse_image type=&#8221;featured&#8221; src=&#8221;https:\/\/www.tvbuzau.ro\/wp-content\/uploads\/2026\/02\/hqdefault-31.jpghttps:\/\/www.tvbuzau.ro\/wp-content\/uploads\/2026\/02\/hqdefault-31.jpg&#8221;] Actualitate Buz\u0103ul poate fi modern f\u0103r\u0103 s\u0103 devin\u0103 un ora\u0219 de beton De c\u0103tre TV Buz\u0103u &#8211; februarie 24, 2026 0 13 Distribui\u021bi pe Facebook Distribui\u021bi pe Twitter tweet \u00cenapoi cu spa\u0163iile verzi, proiectul unui consilier local Consilerul local municipal, Lauren\u0163iu St\u00eelpeanu a anun\u0163at repunerea \u00een dezbatere public\u0103 \u015fi spre vot a [&hellip;]<\/p>\n","protected":false},"author":1,"featured_media":0,"comment_status":"open","ping_status":"","sticky":false,"template":"","format":"standard","meta":{"footnotes":""},"categories":[2],"tags":[226,116],"class_list":["post-1791622","post","type-post","status-publish","format-standard","hentry","category-politics","tag-crawlmanager","tag-tvbuzau-ro"],"_links":{"self":[{"href":"https:\/\/analyse.optim.biz\/index.php?rest_route=\/wp\/v2\/posts\/1791622","targetHints":{"allow":["GET"]}}],"collection":[{"href":"https:\/\/analyse.optim.biz\/index.php?rest_route=\/wp\/v2\/posts"}],"about":[{"href":"https:\/\/analyse.optim.biz\/index.php?rest_route=\/wp\/v2\/types\/post"}],"author":[{"embeddable":true,"href":"https:\/\/analyse.optim.biz\/index.php?rest_route=\/wp\/v2\/users\/1"}],"replies":[{"embeddable":true,"href":"https:\/\/analyse.optim.biz\/index.php?rest_route=%2Fwp%2Fv2%2Fcomments&post=1791622"}],"version-history":[{"count":0,"href":"https:\/\/analyse.optim.biz\/index.php?rest_route=\/wp\/v2\/posts\/1791622\/revisions"}],"wp:attachment":[{"href":"https:\/\/analyse.optim.biz\/index.php?rest_route=%2Fwp%2Fv2%2Fmedia&parent=1791622"}],"wp:term":[{"taxonomy":"category","embeddable":true,"href":"https:\/\/analyse.optim.biz\/index.php?rest_route=%2Fwp%2Fv2%2Fcategories&post=1791622"},{"taxonomy":"post_tag","embeddable":true,"href":"https:\/\/analyse.optim.biz\/index.php?rest_route=%2Fwp%2Fv2%2Ftags&post=1791622"}],"curies":[{"name":"wp","href":"https:\/\/api.w.org\/{rel}","templated":true}]}}