{"id":1791621,"date":"2026-02-24T20:29:50","date_gmt":"2026-02-24T17:29:50","guid":{"rendered":"https:\/\/analyse.optim.biz\/?p=1791621"},"modified":"2026-02-24T20:29:50","modified_gmt":"2026-02-24T17:29:50","slug":"dupa-ninsori-se-repara-drumurile","status":"publish","type":"post","link":"https:\/\/analyse.optim.biz\/?p=1791621","title":{"rendered":"Dup\u0103 ninsori se repar\u0103 drumurile"},"content":{"rendered":"<p>[analyse_image type=&#8221;featured&#8221; src=&#8221;https:\/\/www.tvbuzau.ro\/wp-content\/uploads\/2026\/02\/sddefault-37.jpghttps:\/\/www.tvbuzau.ro\/wp-content\/uploads\/2026\/02\/sddefault-37.jpg&#8221;]<\/p>\n<div class=\"td-ss-main-content\">\n<article id=\"post-118139\" class=\"post-118139 post type-post status-publish format-video has-post-thumbnail hentry category-actualitate post_format-post-format-video\">\n<div class=\"td-post-header\">\n<ul class=\"td-category\">\n<li class=\"entry-category\"><a href=\"https:\/\/www.tvbuzau.ro\/category\/actualitate\/\">Actualitate<\/a><\/li>\n<\/ul>\n<header class=\"td-post-title\">\n<h1 class=\"entry-title\">Dup\u0103 ninsori se repar\u0103 drumurile<\/h1>\n<div class=\"td-module-meta-info\">\n<div class=\"td-post-author-name\">De c\u0103tre <a href=\"https:\/\/www.tvbuzau.ro\/author\/mihai-vasilescu\/\">TV Buz\u0103u<\/a> &#8211; <\/div>\n<p><span class=\"td-post-date\"><time class=\"entry-date updated td-module-date\" datetime=\"2026-02-24T20:29:50+00:00\">februarie 24, 2026<\/time><\/span><\/p>\n<div class=\"td-post-comments\"><a href=\"https:\/\/www.tvbuzau.ro\/dupa-ninsori-se-repara-drumurile\/#respond\">0<\/a><\/div>\n<div class=\"td-post-views\"><span class=\"td-nr-views-118139\">13<\/span><\/div>\n<\/div>\n<\/header>\n<\/div>\n<div class=\"td-post-sharing td-post-sharing-top td-with-like\">\n<div class=\"td-default-sharing\"><a class=\"td-social-sharing-buttons td-social-facebook\" href=\"http:\/\/www.facebook.com\/sharer.php?u=https%3A%2F%2Fwww.tvbuzau.ro%2Fdupa-ninsori-se-repara-drumurile%2F\"><\/p>\n<div class=\"td-social-but-text\">Distribui\u021bi pe Facebook<\/div>\n<p><\/a><a class=\"td-social-sharing-buttons td-social-twitter\" href=\"https:\/\/twitter.com\/intent\/tweet?text=Dup%C4%83+ninsori+se+repar%C4%83+drumurile&amp;url=https%3A%2F%2Fwww.tvbuzau.ro%2Fdupa-ninsori-se-repara-drumurile%2F&amp;via=TV+Buz%C4%83u\"><\/p>\n<div class=\"td-social-but-text\">Distribui\u021bi pe Twitter<\/div>\n<p><\/a><\/div>\n<div class=\"td-classic-sharing\">\n<ul>\n<li class=\"td-classic-facebook\"><iframe frameborder src=\"https:\/\/www.facebook.com\/plugins\/like.php?href=https:\/\/www.tvbuzau.ro\/dupa-ninsori-se-repara-drumurile\/&amp;layout=button_count&amp;show_faces=false&amp;width=105&amp;action=like&amp;colorscheme=light&amp;height=21\"><\/iframe><\/li>\n<li class=\"td-classic-twitter\"><a href=\"https:\/\/twitter.com\/share\" class=\"twitter-share-button\" data-url=\"https:\/\/www.tvbuzau.ro\/dupa-ninsori-se-repara-drumurile\/\" data-text=\"Dup\u0103 ninsori se repar\u0103 drumurile\" data-via data-lang=\"en\">tweet<\/a><\/li>\n<\/ul>\n<\/div>\n<\/div>\n<div class=\"td-post-content\">\n<div class=\"td-featured-image-rec\">\n<div class=\"wpb_video_wrapper\">\n                    <iframe loading=\"lazy\" id=\"td_youtube_player\" width=\"600\" height=\"560\" src=\"https:\/\/www.youtube.com\/embed\/Lrjlch5efe8?enablejsapi=1&amp;feature=oembed&amp;wmode=opaque&amp;vq=hd720\" frameborder allowfullscreen><\/iframe><\/p><\/div>\n<\/div>\n<p>Lucr\u0103ri pe DN 10 \u2013 jude\u021bul Buz\u0103u \u015fi pe 7<br \/>\nPe DN 10, la km 74\u201375, \u00een jude\u021bul Buz\u0103u, se execut\u0103 repara\u021bii cu mixtur\u0103 stocabil\u0103, ca urmare a degrad\u0103rilor ap\u0103rute \u00een urma ninsorilor \u0219i a alternan\u021bei \u00eenghe\u021b\u2013dezghe\u021b, a anun\u0163at Direc\u0163ia Regional\u0103 de Drumuri \u015fi Poduri Buz\u0103u.<br \/>\nDrumarii intervin pentru remedierea carosabilului \u0219i pentru asigurarea unor condi\u021bii c\u00e2t mai sigure de circula\u021bie. \u00cen acest context, DRDP face apel c\u0103tre \u015foferi s\u0103 circule cu pruden\u021b\u0103 \u00een zona lucr\u0103rilor, s\u0103 reduc\u0103 viteza \u0219i s\u0103 respecte semnalizarea rutier\u0103 temporar\u0103.<br \/>\nTotodat\u0103, \u00een data de 24 februarie, \u00een intervalul 09:00 \u2013 17:00, au fost instituite restric\u021bii de circula\u021bie la km 54+690, Calea 1 \u2013 sens Bucure\u0219ti \u2013 Foc\u0219ani, pentru verificarea tas\u0103rii terasamentului.<br \/>\nDe altfel, \u00een ultimele ore pe A7 (autostrada Moldovei), echipele de interven\u021bie au ac\u021bionat pentru \u00eendep\u0103rtarea z\u0103pezii depuse pe banda de urgen\u021b\u0103, \u00een urma ninsorilor din ultimele zile.<\/p>\n<div class=\"post-views post-118139 entry-meta\"><span class=\"post-views-label\">Post Views: <\/span><span class=\"post-views-count\">139<\/span><\/div>\n<\/div>\n<footer>\n<div class=\"td-post-sharing td-post-sharing-bottom td-with-like\"><span class=\"td-post-share-title\">DISTRIBUI\u021aI<\/span><\/p>\n<div class=\"td-default-sharing\"><a class=\"td-social-sharing-buttons td-social-facebook\" href=\"http:\/\/www.facebook.com\/sharer.php?u=https%3A%2F%2Fwww.tvbuzau.ro%2Fdupa-ninsori-se-repara-drumurile%2F\"><\/p>\n<div class=\"td-social-but-text\">Facebook<\/div>\n<p><\/a><a class=\"td-social-sharing-buttons td-social-twitter\" href=\"https:\/\/twitter.com\/intent\/tweet?text=Dup%C4%83+ninsori+se+repar%C4%83+drumurile&amp;url=https%3A%2F%2Fwww.tvbuzau.ro%2Fdupa-ninsori-se-repara-drumurile%2F&amp;via=TV+Buz%C4%83u\"><\/p>\n<div class=\"td-social-but-text\">Twitter<\/div>\n<p><\/a><\/div>\n<div class=\"td-classic-sharing\">\n<ul>\n<li class=\"td-classic-facebook\"><iframe frameborder src=\"https:\/\/www.facebook.com\/plugins\/like.php?href=https:\/\/www.tvbuzau.ro\/dupa-ninsori-se-repara-drumurile\/&amp;layout=button_count&amp;show_faces=false&amp;width=105&amp;action=like&amp;colorscheme=light&amp;height=21\"><\/iframe><\/li>\n<li class=\"td-classic-twitter\"><a href=\"https:\/\/twitter.com\/share\" class=\"twitter-share-button\" data-url=\"https:\/\/www.tvbuzau.ro\/dupa-ninsori-se-repara-drumurile\/\" data-text=\"Dup\u0103 ninsori se repar\u0103 drumurile\" data-via data-lang=\"en\">tweet<\/a><\/li>\n<\/ul>\n<\/div>\n<\/div>\n<div class=\"td-author-name vcard author\"><span class=\"fn\"><a href=\"https:\/\/www.tvbuzau.ro\/author\/mihai-vasilescu\/\">TV Buz\u0103u<\/a><\/span><\/div>\n<p><span><\/span><span><span><\/span><\/span><span><\/span><\/footer>\n<\/article>\n<div class=\"td_block_wrap td_block_related_posts td_uid_1_699ea37b8d704_rand td_with_ajax_pagination td-pb-border-top\" data-td-block-uid=\"td_uid_1_699ea37b8d704\">\n<h4 class=\"td-related-title\"><a id=\"td_uid_2_699ea37b92d1d\" class=\"td-related-left td-cur-simple-item\" data-td_filter_value data-td_block_id=\"td_uid_1_699ea37b8d704\" href=\"https:\/\/www.tvbuzau.ro\/dupa-ninsori-se-repara-drumurile\/\">ARTICOLE SIMILARE<\/a><a id=\"td_uid_3_699ea37b92d57\" class=\"td-related-right\" data-td_filter_value=\"td_related_more_from_author\" data-td_block_id=\"td_uid_1_699ea37b8d704\" href=\"https:\/\/www.tvbuzau.ro\/dupa-ninsori-se-repara-drumurile\/\">DE LA ACELA\u0218I AUTOR<\/a><\/h4>\n<div id=\"td_uid_1_699ea37b8d704\" class=\"td_block_inner\">\n<div class=\"td-related-row\">\n<div class=\"td-related-span4\">\n<div class=\"td_module_related_posts td-animation-stack td_mod_related_posts\">\n<div class=\"td-module-image\">\n<div class=\"td-module-thumb\"><a href=\"https:\/\/www.tvbuzau.ro\/ghioceii-semn-de-primavara\/\" rel=\"bookmark\" title=\"Ghioceii, semn de prim\u0103var\u0103\"><img loading=\"lazy\" decoding=\"async\" width=\"218\" height=\"150\" class=\"entry-thumb\" src=\"https:\/\/www.tvbuzau.ro\/wp-content\/uploads\/2026\/02\/hqdefault-32-218x150.jpg\" alt title=\"Ghioceii, semn de prim\u0103var\u0103\"><span class=\"td-video-play-ico\"><img loading=\"lazy\" decoding=\"async\" width=\"40\" height=\"40\" class=\"td-retina\" src=\"https:\/\/www.tvbuzau.ro\/wp-content\/themes\/Newspaper\/images\/icons\/ico-video-large.png\" alt=\"video\"><\/span><\/a><\/div>\n<p><a href=\"https:\/\/www.tvbuzau.ro\/category\/actualitate\/\" class=\"td-post-category\">Actualitate<\/a><\/div>\n<div class=\"item-details\">\n<h3 class=\"entry-title td-module-title\"><a href=\"https:\/\/www.tvbuzau.ro\/ghioceii-semn-de-primavara\/\" rel=\"bookmark\" title=\"Ghioceii, semn de prim\u0103var\u0103\">Ghioceii, semn de prim\u0103var\u0103<\/a><\/h3>\n<\/div>\n<\/div>\n<\/div>\n<div class=\"td-related-span4\">\n<div class=\"td_module_related_posts td-animation-stack td_mod_related_posts\">\n<div class=\"td-module-image\">\n<div class=\"td-module-thumb\"><a href=\"https:\/\/www.tvbuzau.ro\/buzaul-poate-fi-modern-fara-sa-devina-un-oras-de-beton\/\" rel=\"bookmark\" title=\"Buz\u0103ul poate fi modern f\u0103r\u0103 s\u0103 devin\u0103 un ora\u0219 de beton\"><img loading=\"lazy\" decoding=\"async\" width=\"218\" height=\"150\" class=\"entry-thumb\" src=\"https:\/\/www.tvbuzau.ro\/wp-content\/uploads\/2026\/02\/hqdefault-31-218x150.jpg\" alt title=\"Buz\u0103ul poate fi modern f\u0103r\u0103 s\u0103 devin\u0103 un ora\u0219 de beton\"><span class=\"td-video-play-ico\"><img loading=\"lazy\" decoding=\"async\" width=\"40\" height=\"40\" class=\"td-retina\" src=\"https:\/\/www.tvbuzau.ro\/wp-content\/themes\/Newspaper\/images\/icons\/ico-video-large.png\" alt=\"video\"><\/span><\/a><\/div>\n<p><a href=\"https:\/\/www.tvbuzau.ro\/category\/actualitate\/\" class=\"td-post-category\">Actualitate<\/a><\/div>\n<div class=\"item-details\">\n<h3 class=\"entry-title td-module-title\"><a href=\"https:\/\/www.tvbuzau.ro\/buzaul-poate-fi-modern-fara-sa-devina-un-oras-de-beton\/\" rel=\"bookmark\" title=\"Buz\u0103ul poate fi modern f\u0103r\u0103 s\u0103 devin\u0103 un ora\u0219 de beton\">Buz\u0103ul poate fi modern f\u0103r\u0103 s\u0103 devin\u0103 un ora\u0219 de beton<\/a><\/h3>\n<\/div>\n<\/div>\n<\/div>\n<div class=\"td-related-span4\">\n<div class=\"td_module_related_posts td-animation-stack td_mod_related_posts\">\n<div class=\"td-module-image\">\n<div class=\"td-module-thumb\"><a href=\"https:\/\/www.tvbuzau.ro\/campanie-impotriva-consumurilor-mari-nejustificate\/\" rel=\"bookmark\" title=\"Campanie \u00eempotriva consumurilor mari nejustificate\"><img loading=\"lazy\" decoding=\"async\" width=\"218\" height=\"150\" class=\"entry-thumb\" src=\"https:\/\/www.tvbuzau.ro\/wp-content\/uploads\/2026\/02\/sddefault-36-218x150.jpg\" alt title=\"Campanie \u00eempotriva consumurilor mari nejustificate\"><span class=\"td-video-play-ico\"><img loading=\"lazy\" decoding=\"async\" width=\"40\" height=\"40\" class=\"td-retina\" src=\"https:\/\/www.tvbuzau.ro\/wp-content\/themes\/Newspaper\/images\/icons\/ico-video-large.png\" alt=\"video\"><\/span><\/a><\/div>\n<p><a href=\"https:\/\/www.tvbuzau.ro\/category\/actualitate\/\" class=\"td-post-category\">Actualitate<\/a><\/div>\n<div class=\"item-details\">\n<h3 class=\"entry-title td-module-title\"><a href=\"https:\/\/www.tvbuzau.ro\/campanie-impotriva-consumurilor-mari-nejustificate\/\" rel=\"bookmark\" title=\"Campanie \u00eempotriva consumurilor mari nejustificate\">Campanie \u00eempotriva consumurilor mari nejustificate<\/a><\/h3>\n<\/div>\n<\/div>\n<\/div>\n<\/div>\n<div class=\"td-related-row\">\n<div class=\"td-related-span4\">\n<div class=\"td_module_related_posts td-animation-stack td_mod_related_posts\">\n<div class=\"td-module-image\">\n<div class=\"td-module-thumb\"><a href=\"https:\/\/www.tvbuzau.ro\/dgaspc-prioritate-pentru-consiliul-judetean-buzau\/\" rel=\"bookmark\" title=\"DGASPC  prioritate pentru Consiliul Jude\u021bean Buz\u0103u\"><img loading=\"lazy\" decoding=\"async\" width=\"218\" height=\"150\" class=\"entry-thumb\" src=\"https:\/\/www.tvbuzau.ro\/wp-content\/uploads\/2026\/02\/sddefault-35-218x150.jpg\" alt title=\"DGASPC  prioritate pentru Consiliul Jude\u021bean Buz\u0103u\"><span class=\"td-video-play-ico\"><img loading=\"lazy\" decoding=\"async\" width=\"40\" height=\"40\" class=\"td-retina\" src=\"https:\/\/www.tvbuzau.ro\/wp-content\/themes\/Newspaper\/images\/icons\/ico-video-large.png\" alt=\"video\"><\/span><\/a><\/div>\n<p><a href=\"https:\/\/www.tvbuzau.ro\/category\/actualitate\/\" class=\"td-post-category\">Actualitate<\/a><\/div>\n<div class=\"item-details\">\n<h3 class=\"entry-title td-module-title\"><a href=\"https:\/\/www.tvbuzau.ro\/dgaspc-prioritate-pentru-consiliul-judetean-buzau\/\" rel=\"bookmark\" title=\"DGASPC  prioritate pentru Consiliul Jude\u021bean Buz\u0103u\">DGASPC  prioritate pentru Consiliul Jude\u021bean Buz\u0103u<\/a><\/h3>\n<\/div>\n<\/div>\n<\/div>\n<div class=\"td-related-span4\">\n<div class=\"td_module_related_posts td-animation-stack td_mod_related_posts\">\n<div class=\"td-module-image\">\n<div class=\"td-module-thumb\"><a href=\"https:\/\/www.tvbuzau.ro\/zapada-a-pus-probleme-pe-mai-multe-drumuri-din-judet\/\" rel=\"bookmark\" title=\"Z\u0103pada a pus probleme pe mai multe drumuri din jude\u0163\"><img loading=\"lazy\" decoding=\"async\" width=\"218\" height=\"150\" class=\"entry-thumb\" src=\"https:\/\/www.tvbuzau.ro\/wp-content\/uploads\/2026\/02\/hqdefault-29-218x150.jpg\" alt title=\"Z\u0103pada a pus probleme pe mai multe drumuri din jude\u0163\"><span class=\"td-video-play-ico\"><img loading=\"lazy\" decoding=\"async\" width=\"40\" height=\"40\" class=\"td-retina\" src=\"https:\/\/www.tvbuzau.ro\/wp-content\/themes\/Newspaper\/images\/icons\/ico-video-large.png\" alt=\"video\"><\/span><\/a><\/div>\n<p><a href=\"https:\/\/www.tvbuzau.ro\/category\/actualitate\/\" class=\"td-post-category\">Actualitate<\/a><\/div>\n<div class=\"item-details\">\n<h3 class=\"entry-title td-module-title\"><a href=\"https:\/\/www.tvbuzau.ro\/zapada-a-pus-probleme-pe-mai-multe-drumuri-din-judet\/\" rel=\"bookmark\" title=\"Z\u0103pada a pus probleme pe mai multe drumuri din jude\u0163\">Z\u0103pada a pus probleme pe mai multe drumuri din jude\u0163<\/a><\/h3>\n<\/div>\n<\/div>\n<\/div>\n<div class=\"td-related-span4\">\n<div class=\"td_module_related_posts td-animation-stack td_mod_related_posts\">\n<div class=\"td-module-image\">\n<div class=\"td-module-thumb\"><a href=\"https:\/\/www.tvbuzau.ro\/cati-buzoieni-si-au-rupt-picioarele-intr-o-zi-in-oras\/\" rel=\"bookmark\" title=\"C\u00e2\u0163i buzoieni \u015fi-au rupt picioarele \u00eentr-o zi \u00een ora\u015f\"><img loading=\"lazy\" decoding=\"async\" width=\"218\" height=\"150\" class=\"entry-thumb\" src=\"https:\/\/www.tvbuzau.ro\/wp-content\/uploads\/2026\/02\/hqdefault-28-218x150.jpg\" alt title=\"C\u00e2\u0163i buzoieni \u015fi-au rupt picioarele \u00eentr-o zi \u00een ora\u015f\"><span class=\"td-video-play-ico\"><img loading=\"lazy\" decoding=\"async\" width=\"40\" height=\"40\" class=\"td-retina\" src=\"https:\/\/www.tvbuzau.ro\/wp-content\/themes\/Newspaper\/images\/icons\/ico-video-large.png\" alt=\"video\"><\/span><\/a><\/div>\n<p><a href=\"https:\/\/www.tvbuzau.ro\/category\/actualitate\/\" class=\"td-post-category\">Actualitate<\/a><\/div>\n<div class=\"item-details\">\n<h3 class=\"entry-title td-module-title\"><a href=\"https:\/\/www.tvbuzau.ro\/cati-buzoieni-si-au-rupt-picioarele-intr-o-zi-in-oras\/\" rel=\"bookmark\" title=\"C\u00e2\u0163i buzoieni \u015fi-au rupt picioarele \u00eentr-o zi \u00een ora\u015f\">C\u00e2\u0163i buzoieni \u015fi-au rupt picioarele \u00eentr-o zi \u00een ora\u015f<\/a><\/h3>\n<\/div>\n<\/div>\n<\/div>\n<\/div>\n<\/div>\n<\/div>\n<div class=\"comments\" id=\"comments\">\n<div id=\"respond\" class=\"comment-respond\">\n<h3 id=\"reply-title\" class=\"comment-reply-title\">L\u0102SA\u021aI UN MESAJ <small><a rel=\"nofollow\" id=\"cancel-comment-reply-link\" href=\"https:\/\/www.tvbuzau.ro\/dupa-ninsori-se-repara-drumurile\/#respond\">Renun\u021ba\u021bi la r\u0103spuns<\/a><\/small><\/h3>\n<\/div>\n<\/div>\n<\/div>\n<div class=\"td-post-content\">\n<div class=\"td-featured-image-rec\">\n<div class=\"wpb_video_wrapper\">\n                    <iframe loading=\"lazy\" id=\"td_youtube_player\" width=\"600\" height=\"560\" src=\"https:\/\/www.youtube.com\/embed\/Lrjlch5efe8?enablejsapi=1&amp;feature=oembed&amp;wmode=opaque&amp;vq=hd720\" frameborder allowfullscreen><\/iframe><\/p><\/div>\n<\/div>\n<p>Lucr\u0103ri pe DN 10 \u2013 jude\u021bul Buz\u0103u \u015fi pe 7<br \/>\nPe DN 10, la km 74\u201375, \u00een jude\u021bul Buz\u0103u, se execut\u0103 repara\u021bii cu mixtur\u0103 stocabil\u0103, ca urmare a degrad\u0103rilor ap\u0103rute \u00een urma ninsorilor \u0219i a alternan\u021bei \u00eenghe\u021b\u2013dezghe\u021b, a anun\u0163at Direc\u0163ia Regional\u0103 de Drumuri \u015fi Poduri Buz\u0103u.<br \/>\nDrumarii intervin pentru remedierea carosabilului \u0219i pentru asigurarea unor condi\u021bii c\u00e2t mai sigure de circula\u021bie. \u00cen acest context, DRDP face apel c\u0103tre \u015foferi s\u0103 circule cu pruden\u021b\u0103 \u00een zona lucr\u0103rilor, s\u0103 reduc\u0103 viteza \u0219i s\u0103 respecte semnalizarea rutier\u0103 temporar\u0103.<br \/>\nTotodat\u0103, \u00een data de 24 februarie, \u00een intervalul 09:00 \u2013 17:00, au fost instituite restric\u021bii de circula\u021bie la km 54+690, Calea 1 \u2013 sens Bucure\u0219ti \u2013 Foc\u0219ani, pentru verificarea tas\u0103rii terasamentului.<br \/>\nDe altfel, \u00een ultimele ore pe A7 (autostrada Moldovei), echipele de interven\u021bie au ac\u021bionat pentru \u00eendep\u0103rtarea z\u0103pezii depuse pe banda de urgen\u021b\u0103, \u00een urma ninsorilor din ultimele zile.<\/p>\n<div class=\"post-views post-118139 entry-meta\"><span class=\"post-views-label\">Post Views: <\/span><span class=\"post-views-count\">139<\/span><\/div>\n<\/div>\n<p>[analyse_source url=&#8221;https:\/\/www.tvbuzau.ro\/dupa-ninsori-se-repara-drumurile\/&#8221;]<\/p>\n","protected":false},"excerpt":{"rendered":"<p>[analyse_image type=&#8221;featured&#8221; src=&#8221;https:\/\/www.tvbuzau.ro\/wp-content\/uploads\/2026\/02\/sddefault-37.jpghttps:\/\/www.tvbuzau.ro\/wp-content\/uploads\/2026\/02\/sddefault-37.jpg&#8221;] Actualitate Dup\u0103 ninsori se repar\u0103 drumurile De c\u0103tre TV Buz\u0103u &#8211; februarie 24, 2026 0 13 Distribui\u021bi pe Facebook Distribui\u021bi pe Twitter tweet Lucr\u0103ri pe DN 10 \u2013 jude\u021bul Buz\u0103u \u015fi pe 7 Pe DN 10, la km 74\u201375, \u00een jude\u021bul Buz\u0103u, se execut\u0103 repara\u021bii cu mixtur\u0103 stocabil\u0103, ca urmare a degrad\u0103rilor [&hellip;]<\/p>\n","protected":false},"author":1,"featured_media":0,"comment_status":"open","ping_status":"","sticky":false,"template":"","format":"standard","meta":{"footnotes":""},"categories":[2],"tags":[226,116],"class_list":["post-1791621","post","type-post","status-publish","format-standard","hentry","category-politics","tag-crawlmanager","tag-tvbuzau-ro"],"_links":{"self":[{"href":"https:\/\/analyse.optim.biz\/index.php?rest_route=\/wp\/v2\/posts\/1791621","targetHints":{"allow":["GET"]}}],"collection":[{"href":"https:\/\/analyse.optim.biz\/index.php?rest_route=\/wp\/v2\/posts"}],"about":[{"href":"https:\/\/analyse.optim.biz\/index.php?rest_route=\/wp\/v2\/types\/post"}],"author":[{"embeddable":true,"href":"https:\/\/analyse.optim.biz\/index.php?rest_route=\/wp\/v2\/users\/1"}],"replies":[{"embeddable":true,"href":"https:\/\/analyse.optim.biz\/index.php?rest_route=%2Fwp%2Fv2%2Fcomments&post=1791621"}],"version-history":[{"count":0,"href":"https:\/\/analyse.optim.biz\/index.php?rest_route=\/wp\/v2\/posts\/1791621\/revisions"}],"wp:attachment":[{"href":"https:\/\/analyse.optim.biz\/index.php?rest_route=%2Fwp%2Fv2%2Fmedia&parent=1791621"}],"wp:term":[{"taxonomy":"category","embeddable":true,"href":"https:\/\/analyse.optim.biz\/index.php?rest_route=%2Fwp%2Fv2%2Fcategories&post=1791621"},{"taxonomy":"post_tag","embeddable":true,"href":"https:\/\/analyse.optim.biz\/index.php?rest_route=%2Fwp%2Fv2%2Ftags&post=1791621"}],"curies":[{"name":"wp","href":"https:\/\/api.w.org\/{rel}","templated":true}]}}