{"id":1791620,"date":"2026-02-24T20:28:38","date_gmt":"2026-02-24T17:28:38","guid":{"rendered":"https:\/\/analyse.optim.biz\/?p=1791620"},"modified":"2026-02-24T20:28:38","modified_gmt":"2026-02-24T17:28:38","slug":"campanie-impotriva-consumurilor-mari-nejustificate","status":"publish","type":"post","link":"https:\/\/analyse.optim.biz\/?p=1791620","title":{"rendered":"Campanie \u00eempotriva consumurilor mari nejustificate"},"content":{"rendered":"<p>[analyse_image type=&#8221;featured&#8221; src=&#8221;https:\/\/www.tvbuzau.ro\/wp-content\/uploads\/2026\/02\/sddefault-36.jpghttps:\/\/www.tvbuzau.ro\/wp-content\/uploads\/2026\/02\/sddefault-36.jpg&#8221;]<\/p>\n<div class=\"td-ss-main-content\">\n<article id=\"post-118136\" class=\"post-118136 post type-post status-publish format-video has-post-thumbnail hentry category-actualitate post_format-post-format-video\">\n<div class=\"td-post-header\">\n<ul class=\"td-category\">\n<li class=\"entry-category\"><a href=\"https:\/\/www.tvbuzau.ro\/category\/actualitate\/\">Actualitate<\/a><\/li>\n<\/ul>\n<header class=\"td-post-title\">\n<h1 class=\"entry-title\">Campanie \u00eempotriva consumurilor mari nejustificate<\/h1>\n<div class=\"td-module-meta-info\">\n<div class=\"td-post-author-name\">De c\u0103tre <a href=\"https:\/\/www.tvbuzau.ro\/author\/mihai-vasilescu\/\">TV Buz\u0103u<\/a> &#8211; <\/div>\n<p><span class=\"td-post-date\"><time class=\"entry-date updated td-module-date\" datetime=\"2026-02-24T20:28:38+00:00\">februarie 24, 2026<\/time><\/span><\/p>\n<div class=\"td-post-comments\"><a href=\"https:\/\/www.tvbuzau.ro\/campanie-impotriva-consumurilor-mari-nejustificate\/#respond\">0<\/a><\/div>\n<div class=\"td-post-views\"><span class=\"td-nr-views-118136\">19<\/span><\/div>\n<\/div>\n<\/header>\n<\/div>\n<div class=\"td-post-sharing td-post-sharing-top td-with-like\">\n<div class=\"td-default-sharing\"><a class=\"td-social-sharing-buttons td-social-facebook\" href=\"http:\/\/www.facebook.com\/sharer.php?u=https%3A%2F%2Fwww.tvbuzau.ro%2Fcampanie-impotriva-consumurilor-mari-nejustificate%2F\"><\/p>\n<div class=\"td-social-but-text\">Distribui\u021bi pe Facebook<\/div>\n<p><\/a><a class=\"td-social-sharing-buttons td-social-twitter\" href=\"https:\/\/twitter.com\/intent\/tweet?text=Campanie+%C3%AEmpotriva+consumurilor+mari+nejustificate&amp;url=https%3A%2F%2Fwww.tvbuzau.ro%2Fcampanie-impotriva-consumurilor-mari-nejustificate%2F&amp;via=TV+Buz%C4%83u\"><\/p>\n<div class=\"td-social-but-text\">Distribui\u021bi pe Twitter<\/div>\n<p><\/a><\/div>\n<div class=\"td-classic-sharing\">\n<ul>\n<li class=\"td-classic-facebook\"><iframe frameborder src=\"https:\/\/www.facebook.com\/plugins\/like.php?href=https:\/\/www.tvbuzau.ro\/campanie-impotriva-consumurilor-mari-nejustificate\/&amp;layout=button_count&amp;show_faces=false&amp;width=105&amp;action=like&amp;colorscheme=light&amp;height=21\"><\/iframe><\/li>\n<li class=\"td-classic-twitter\"><a href=\"https:\/\/twitter.com\/share\" class=\"twitter-share-button\" data-url=\"https:\/\/www.tvbuzau.ro\/campanie-impotriva-consumurilor-mari-nejustificate\/\" data-text=\"Campanie \u00eempotriva consumurilor mari nejustificate\" data-via data-lang=\"en\">tweet<\/a><\/li>\n<\/ul>\n<\/div>\n<\/div>\n<div class=\"td-post-content\">\n<div class=\"td-featured-image-rec\">\n<div class=\"wpb_video_wrapper\">\n                    <iframe loading=\"lazy\" id=\"td_youtube_player\" width=\"600\" height=\"560\" src=\"https:\/\/www.youtube.com\/embed\/-Rj7A6hwsPU?enablejsapi=1&amp;feature=oembed&amp;wmode=opaque&amp;vq=hd720\" frameborder allowfullscreen><\/iframe><\/p><\/div>\n<\/div>\n<p>Compania de Ap\u0103 sun\u0103 utilizatorii pentru a-i avertiza<br \/>\nCompania de Ap\u0103 Buz\u0103u a demarat o ampl\u0103 campanie de avertizare a utilizatorilor care \u00eenregistreaz\u0103, \u00een mod nejustificat, un consum mare de ap\u0103.<\/p>\n<p>Compania de Ap\u0103 Buz\u0103u<br \/>\n\u201cPentru c\u0103 a crescut num\u0103rul cazurilor \u00een care buzoienii reclam\u0103 diferen\u021bele ap\u0103rute \u00eentre cantitatea de ap\u0103 utilizat\u0103 \u0219i cantitatea de ap\u0103 facturat\u0103, venim \u00een sprijinul utilizatorilor, inform\u00e2ndu-i prin apel telefonic c\u0103 \u00eenregistreaz\u0103 pierderi \u00een re\u021beaua interioar\u0103 a imobilului\u201d, informeaz\u0103 Compania de Ap\u0103 Buz\u0103u.<br \/>\nSistemul electronic operat de Compania de Ap\u0103 Buz\u0103u emite alerte \u00een momentul \u00een care identific\u0103 astfel de situa\u021bii, iar speciali\u015ftii transmit informa\u021bia \u00een timp real.<br \/>\n\u00cen acest fel, apa pierdut\u0103 nu mai ajunge pe factur\u0103, dac\u0103 utilizatorul identific\u0103 \u0219i remediaz\u0103 problemele ap\u0103rute \u00een instala\u021bia interioar\u0103 (dup\u0103 contorul de bran\u0219ament, spre proprietate).<\/p>\n<p>Compania de Ap\u0103 Buz\u0103u<br \/>\n\u201cAlertele se transmit deja \u00een municipiile Buz\u0103u \u0219i R\u00e2mnicu S\u0103rat. Campania se va extinde \u00een toate localit\u0103\u021bile din aria de operare a Companiei de Ap\u0103 Buz\u0103u.<br \/>\nUtilizatorii vor fi apela\u021bi de c\u0103tre colegii no\u0219tri din Call-Center \u00een momentul \u00een care alarmele din sistemul nostru electronic depisteaz\u0103 o pierdere de minimum 20 de litri pe or\u0103\u201d, arat\u0103 opertorul de ap\u0103.<\/p>\n<p>Peste 100 de buzoieni au fost suna\u021bi pe parcursul unei singure s\u0103pt\u0103m\u00e2ni pentru a fi informa\u021bi c\u0103 \u00eenregistreaz\u0103 pierderi de ap\u0103 \u00een re\u021beaua interioar\u0103.<\/p>\n<div class=\"post-views post-118136 entry-meta\"><span class=\"post-views-label\">Post Views: <\/span><span class=\"post-views-count\">152<\/span><\/div>\n<\/div>\n<footer>\n<div class=\"td-post-sharing td-post-sharing-bottom td-with-like\"><span class=\"td-post-share-title\">DISTRIBUI\u021aI<\/span><\/p>\n<div class=\"td-default-sharing\"><a class=\"td-social-sharing-buttons td-social-facebook\" href=\"http:\/\/www.facebook.com\/sharer.php?u=https%3A%2F%2Fwww.tvbuzau.ro%2Fcampanie-impotriva-consumurilor-mari-nejustificate%2F\"><\/p>\n<div class=\"td-social-but-text\">Facebook<\/div>\n<p><\/a><a class=\"td-social-sharing-buttons td-social-twitter\" href=\"https:\/\/twitter.com\/intent\/tweet?text=Campanie+%C3%AEmpotriva+consumurilor+mari+nejustificate&amp;url=https%3A%2F%2Fwww.tvbuzau.ro%2Fcampanie-impotriva-consumurilor-mari-nejustificate%2F&amp;via=TV+Buz%C4%83u\"><\/p>\n<div class=\"td-social-but-text\">Twitter<\/div>\n<p><\/a><\/div>\n<div class=\"td-classic-sharing\">\n<ul>\n<li class=\"td-classic-facebook\"><iframe frameborder src=\"https:\/\/www.facebook.com\/plugins\/like.php?href=https:\/\/www.tvbuzau.ro\/campanie-impotriva-consumurilor-mari-nejustificate\/&amp;layout=button_count&amp;show_faces=false&amp;width=105&amp;action=like&amp;colorscheme=light&amp;height=21\"><\/iframe><\/li>\n<li class=\"td-classic-twitter\"><a href=\"https:\/\/twitter.com\/share\" class=\"twitter-share-button\" data-url=\"https:\/\/www.tvbuzau.ro\/campanie-impotriva-consumurilor-mari-nejustificate\/\" data-text=\"Campanie \u00eempotriva consumurilor mari nejustificate\" data-via data-lang=\"en\">tweet<\/a><\/li>\n<\/ul>\n<\/div>\n<\/div>\n<div class=\"td-author-name vcard author\"><span class=\"fn\"><a href=\"https:\/\/www.tvbuzau.ro\/author\/mihai-vasilescu\/\">TV Buz\u0103u<\/a><\/span><\/div>\n<p><span><\/span><span><span><\/span><\/span><span><\/span><\/footer>\n<\/article>\n<div class=\"td_block_wrap td_block_related_posts td_uid_1_699ea34f2bd98_rand td_with_ajax_pagination td-pb-border-top\" data-td-block-uid=\"td_uid_1_699ea34f2bd98\">\n<h4 class=\"td-related-title\"><a id=\"td_uid_2_699ea34f310a1\" class=\"td-related-left td-cur-simple-item\" data-td_filter_value data-td_block_id=\"td_uid_1_699ea34f2bd98\" href=\"https:\/\/www.tvbuzau.ro\/campanie-impotriva-consumurilor-mari-nejustificate\/\">ARTICOLE SIMILARE<\/a><a id=\"td_uid_3_699ea34f310db\" class=\"td-related-right\" data-td_filter_value=\"td_related_more_from_author\" data-td_block_id=\"td_uid_1_699ea34f2bd98\" href=\"https:\/\/www.tvbuzau.ro\/campanie-impotriva-consumurilor-mari-nejustificate\/\">DE LA ACELA\u0218I AUTOR<\/a><\/h4>\n<div id=\"td_uid_1_699ea34f2bd98\" class=\"td_block_inner\">\n<div class=\"td-related-row\">\n<div class=\"td-related-span4\">\n<div class=\"td_module_related_posts td-animation-stack td_mod_related_posts\">\n<div class=\"td-module-image\">\n<div class=\"td-module-thumb\"><a href=\"https:\/\/www.tvbuzau.ro\/ghioceii-semn-de-primavara\/\" rel=\"bookmark\" title=\"Ghioceii, semn de prim\u0103var\u0103\"><img loading=\"lazy\" decoding=\"async\" width=\"218\" height=\"150\" class=\"entry-thumb\" src=\"https:\/\/www.tvbuzau.ro\/wp-content\/uploads\/2026\/02\/hqdefault-32-218x150.jpg\" alt title=\"Ghioceii, semn de prim\u0103var\u0103\"><span class=\"td-video-play-ico\"><img loading=\"lazy\" decoding=\"async\" width=\"40\" height=\"40\" class=\"td-retina\" src=\"https:\/\/www.tvbuzau.ro\/wp-content\/themes\/Newspaper\/images\/icons\/ico-video-large.png\" alt=\"video\"><\/span><\/a><\/div>\n<p><a href=\"https:\/\/www.tvbuzau.ro\/category\/actualitate\/\" class=\"td-post-category\">Actualitate<\/a><\/div>\n<div class=\"item-details\">\n<h3 class=\"entry-title td-module-title\"><a href=\"https:\/\/www.tvbuzau.ro\/ghioceii-semn-de-primavara\/\" rel=\"bookmark\" title=\"Ghioceii, semn de prim\u0103var\u0103\">Ghioceii, semn de prim\u0103var\u0103<\/a><\/h3>\n<\/div>\n<\/div>\n<\/div>\n<div class=\"td-related-span4\">\n<div class=\"td_module_related_posts td-animation-stack td_mod_related_posts\">\n<div class=\"td-module-image\">\n<div class=\"td-module-thumb\"><a href=\"https:\/\/www.tvbuzau.ro\/buzaul-poate-fi-modern-fara-sa-devina-un-oras-de-beton\/\" rel=\"bookmark\" title=\"Buz\u0103ul poate fi modern f\u0103r\u0103 s\u0103 devin\u0103 un ora\u0219 de beton\"><img loading=\"lazy\" decoding=\"async\" width=\"218\" height=\"150\" class=\"entry-thumb\" src=\"https:\/\/www.tvbuzau.ro\/wp-content\/uploads\/2026\/02\/hqdefault-31-218x150.jpg\" alt title=\"Buz\u0103ul poate fi modern f\u0103r\u0103 s\u0103 devin\u0103 un ora\u0219 de beton\"><span class=\"td-video-play-ico\"><img loading=\"lazy\" decoding=\"async\" width=\"40\" height=\"40\" class=\"td-retina\" src=\"https:\/\/www.tvbuzau.ro\/wp-content\/themes\/Newspaper\/images\/icons\/ico-video-large.png\" alt=\"video\"><\/span><\/a><\/div>\n<p><a href=\"https:\/\/www.tvbuzau.ro\/category\/actualitate\/\" class=\"td-post-category\">Actualitate<\/a><\/div>\n<div class=\"item-details\">\n<h3 class=\"entry-title td-module-title\"><a href=\"https:\/\/www.tvbuzau.ro\/buzaul-poate-fi-modern-fara-sa-devina-un-oras-de-beton\/\" rel=\"bookmark\" title=\"Buz\u0103ul poate fi modern f\u0103r\u0103 s\u0103 devin\u0103 un ora\u0219 de beton\">Buz\u0103ul poate fi modern f\u0103r\u0103 s\u0103 devin\u0103 un ora\u0219 de beton<\/a><\/h3>\n<\/div>\n<\/div>\n<\/div>\n<div class=\"td-related-span4\">\n<div class=\"td_module_related_posts td-animation-stack td_mod_related_posts\">\n<div class=\"td-module-image\">\n<div class=\"td-module-thumb\"><a href=\"https:\/\/www.tvbuzau.ro\/dupa-ninsori-se-repara-drumurile\/\" rel=\"bookmark\" title=\"Dup\u0103 ninsori se repar\u0103 drumurile\"><img loading=\"lazy\" decoding=\"async\" width=\"218\" height=\"150\" class=\"entry-thumb\" src=\"https:\/\/www.tvbuzau.ro\/wp-content\/uploads\/2026\/02\/sddefault-37-218x150.jpg\" alt title=\"Dup\u0103 ninsori se repar\u0103 drumurile\"><span class=\"td-video-play-ico\"><img loading=\"lazy\" decoding=\"async\" width=\"40\" height=\"40\" class=\"td-retina\" src=\"https:\/\/www.tvbuzau.ro\/wp-content\/themes\/Newspaper\/images\/icons\/ico-video-large.png\" alt=\"video\"><\/span><\/a><\/div>\n<p><a href=\"https:\/\/www.tvbuzau.ro\/category\/actualitate\/\" class=\"td-post-category\">Actualitate<\/a><\/div>\n<div class=\"item-details\">\n<h3 class=\"entry-title td-module-title\"><a href=\"https:\/\/www.tvbuzau.ro\/dupa-ninsori-se-repara-drumurile\/\" rel=\"bookmark\" title=\"Dup\u0103 ninsori se repar\u0103 drumurile\">Dup\u0103 ninsori se repar\u0103 drumurile<\/a><\/h3>\n<\/div>\n<\/div>\n<\/div>\n<\/div>\n<div class=\"td-related-row\">\n<div class=\"td-related-span4\">\n<div class=\"td_module_related_posts td-animation-stack td_mod_related_posts\">\n<div class=\"td-module-image\">\n<div class=\"td-module-thumb\"><a href=\"https:\/\/www.tvbuzau.ro\/dgaspc-prioritate-pentru-consiliul-judetean-buzau\/\" rel=\"bookmark\" title=\"DGASPC  prioritate pentru Consiliul Jude\u021bean Buz\u0103u\"><img loading=\"lazy\" decoding=\"async\" width=\"218\" height=\"150\" class=\"entry-thumb\" src=\"https:\/\/www.tvbuzau.ro\/wp-content\/uploads\/2026\/02\/sddefault-35-218x150.jpg\" alt title=\"DGASPC  prioritate pentru Consiliul Jude\u021bean Buz\u0103u\"><span class=\"td-video-play-ico\"><img loading=\"lazy\" decoding=\"async\" width=\"40\" height=\"40\" class=\"td-retina\" src=\"https:\/\/www.tvbuzau.ro\/wp-content\/themes\/Newspaper\/images\/icons\/ico-video-large.png\" alt=\"video\"><\/span><\/a><\/div>\n<p><a href=\"https:\/\/www.tvbuzau.ro\/category\/actualitate\/\" class=\"td-post-category\">Actualitate<\/a><\/div>\n<div class=\"item-details\">\n<h3 class=\"entry-title td-module-title\"><a href=\"https:\/\/www.tvbuzau.ro\/dgaspc-prioritate-pentru-consiliul-judetean-buzau\/\" rel=\"bookmark\" title=\"DGASPC  prioritate pentru Consiliul Jude\u021bean Buz\u0103u\">DGASPC  prioritate pentru Consiliul Jude\u021bean Buz\u0103u<\/a><\/h3>\n<\/div>\n<\/div>\n<\/div>\n<div class=\"td-related-span4\">\n<div class=\"td_module_related_posts td-animation-stack td_mod_related_posts\">\n<div class=\"td-module-image\">\n<div class=\"td-module-thumb\"><a href=\"https:\/\/www.tvbuzau.ro\/zapada-a-pus-probleme-pe-mai-multe-drumuri-din-judet\/\" rel=\"bookmark\" title=\"Z\u0103pada a pus probleme pe mai multe drumuri din jude\u0163\"><img loading=\"lazy\" decoding=\"async\" width=\"218\" height=\"150\" class=\"entry-thumb\" src=\"https:\/\/www.tvbuzau.ro\/wp-content\/uploads\/2026\/02\/hqdefault-29-218x150.jpg\" alt title=\"Z\u0103pada a pus probleme pe mai multe drumuri din jude\u0163\"><span class=\"td-video-play-ico\"><img loading=\"lazy\" decoding=\"async\" width=\"40\" height=\"40\" class=\"td-retina\" src=\"https:\/\/www.tvbuzau.ro\/wp-content\/themes\/Newspaper\/images\/icons\/ico-video-large.png\" alt=\"video\"><\/span><\/a><\/div>\n<p><a href=\"https:\/\/www.tvbuzau.ro\/category\/actualitate\/\" class=\"td-post-category\">Actualitate<\/a><\/div>\n<div class=\"item-details\">\n<h3 class=\"entry-title td-module-title\"><a href=\"https:\/\/www.tvbuzau.ro\/zapada-a-pus-probleme-pe-mai-multe-drumuri-din-judet\/\" rel=\"bookmark\" title=\"Z\u0103pada a pus probleme pe mai multe drumuri din jude\u0163\">Z\u0103pada a pus probleme pe mai multe drumuri din jude\u0163<\/a><\/h3>\n<\/div>\n<\/div>\n<\/div>\n<div class=\"td-related-span4\">\n<div class=\"td_module_related_posts td-animation-stack td_mod_related_posts\">\n<div class=\"td-module-image\">\n<div class=\"td-module-thumb\"><a href=\"https:\/\/www.tvbuzau.ro\/cati-buzoieni-si-au-rupt-picioarele-intr-o-zi-in-oras\/\" rel=\"bookmark\" title=\"C\u00e2\u0163i buzoieni \u015fi-au rupt picioarele \u00eentr-o zi \u00een ora\u015f\"><img loading=\"lazy\" decoding=\"async\" width=\"218\" height=\"150\" class=\"entry-thumb\" src=\"https:\/\/www.tvbuzau.ro\/wp-content\/uploads\/2026\/02\/hqdefault-28-218x150.jpg\" alt title=\"C\u00e2\u0163i buzoieni \u015fi-au rupt picioarele \u00eentr-o zi \u00een ora\u015f\"><span class=\"td-video-play-ico\"><img loading=\"lazy\" decoding=\"async\" width=\"40\" height=\"40\" class=\"td-retina\" src=\"https:\/\/www.tvbuzau.ro\/wp-content\/themes\/Newspaper\/images\/icons\/ico-video-large.png\" alt=\"video\"><\/span><\/a><\/div>\n<p><a href=\"https:\/\/www.tvbuzau.ro\/category\/actualitate\/\" class=\"td-post-category\">Actualitate<\/a><\/div>\n<div class=\"item-details\">\n<h3 class=\"entry-title td-module-title\"><a href=\"https:\/\/www.tvbuzau.ro\/cati-buzoieni-si-au-rupt-picioarele-intr-o-zi-in-oras\/\" rel=\"bookmark\" title=\"C\u00e2\u0163i buzoieni \u015fi-au rupt picioarele \u00eentr-o zi \u00een ora\u015f\">C\u00e2\u0163i buzoieni \u015fi-au rupt picioarele \u00eentr-o zi \u00een ora\u015f<\/a><\/h3>\n<\/div>\n<\/div>\n<\/div>\n<\/div>\n<\/div>\n<\/div>\n<div class=\"comments\" id=\"comments\">\n<div id=\"respond\" class=\"comment-respond\">\n<h3 id=\"reply-title\" class=\"comment-reply-title\">L\u0102SA\u021aI UN MESAJ <small><a rel=\"nofollow\" id=\"cancel-comment-reply-link\" href=\"https:\/\/www.tvbuzau.ro\/campanie-impotriva-consumurilor-mari-nejustificate\/#respond\">Renun\u021ba\u021bi la r\u0103spuns<\/a><\/small><\/h3>\n<\/div>\n<\/div>\n<\/div>\n<div class=\"td-post-content\">\n<div class=\"td-featured-image-rec\">\n<div class=\"wpb_video_wrapper\">\n                    <iframe loading=\"lazy\" id=\"td_youtube_player\" width=\"600\" height=\"560\" src=\"https:\/\/www.youtube.com\/embed\/-Rj7A6hwsPU?enablejsapi=1&amp;feature=oembed&amp;wmode=opaque&amp;vq=hd720\" frameborder allowfullscreen><\/iframe><\/p><\/div>\n<\/div>\n<p>Compania de Ap\u0103 sun\u0103 utilizatorii pentru a-i avertiza<br \/>\nCompania de Ap\u0103 Buz\u0103u a demarat o ampl\u0103 campanie de avertizare a utilizatorilor care \u00eenregistreaz\u0103, \u00een mod nejustificat, un consum mare de ap\u0103.<\/p>\n<p>Compania de Ap\u0103 Buz\u0103u<br \/>\n\u201cPentru c\u0103 a crescut num\u0103rul cazurilor \u00een care buzoienii reclam\u0103 diferen\u021bele ap\u0103rute \u00eentre cantitatea de ap\u0103 utilizat\u0103 \u0219i cantitatea de ap\u0103 facturat\u0103, venim \u00een sprijinul utilizatorilor, inform\u00e2ndu-i prin apel telefonic c\u0103 \u00eenregistreaz\u0103 pierderi \u00een re\u021beaua interioar\u0103 a imobilului\u201d, informeaz\u0103 Compania de Ap\u0103 Buz\u0103u.<br \/>\nSistemul electronic operat de Compania de Ap\u0103 Buz\u0103u emite alerte \u00een momentul \u00een care identific\u0103 astfel de situa\u021bii, iar speciali\u015ftii transmit informa\u021bia \u00een timp real.<br \/>\n\u00cen acest fel, apa pierdut\u0103 nu mai ajunge pe factur\u0103, dac\u0103 utilizatorul identific\u0103 \u0219i remediaz\u0103 problemele ap\u0103rute \u00een instala\u021bia interioar\u0103 (dup\u0103 contorul de bran\u0219ament, spre proprietate).<\/p>\n<p>Compania de Ap\u0103 Buz\u0103u<br \/>\n\u201cAlertele se transmit deja \u00een municipiile Buz\u0103u \u0219i R\u00e2mnicu S\u0103rat. Campania se va extinde \u00een toate localit\u0103\u021bile din aria de operare a Companiei de Ap\u0103 Buz\u0103u.<br \/>\nUtilizatorii vor fi apela\u021bi de c\u0103tre colegii no\u0219tri din Call-Center \u00een momentul \u00een care alarmele din sistemul nostru electronic depisteaz\u0103 o pierdere de minimum 20 de litri pe or\u0103\u201d, arat\u0103 opertorul de ap\u0103.<\/p>\n<p>Peste 100 de buzoieni au fost suna\u021bi pe parcursul unei singure s\u0103pt\u0103m\u00e2ni pentru a fi informa\u021bi c\u0103 \u00eenregistreaz\u0103 pierderi de ap\u0103 \u00een re\u021beaua interioar\u0103.<\/p>\n<div class=\"post-views post-118136 entry-meta\"><span class=\"post-views-label\">Post Views: <\/span><span class=\"post-views-count\">152<\/span><\/div>\n<\/div>\n<p>[analyse_source url=&#8221;https:\/\/www.tvbuzau.ro\/campanie-impotriva-consumurilor-mari-nejustificate\/&#8221;]<\/p>\n","protected":false},"excerpt":{"rendered":"<p>[analyse_image type=&#8221;featured&#8221; src=&#8221;https:\/\/www.tvbuzau.ro\/wp-content\/uploads\/2026\/02\/sddefault-36.jpghttps:\/\/www.tvbuzau.ro\/wp-content\/uploads\/2026\/02\/sddefault-36.jpg&#8221;] Actualitate Campanie \u00eempotriva consumurilor mari nejustificate De c\u0103tre TV Buz\u0103u &#8211; februarie 24, 2026 0 19 Distribui\u021bi pe Facebook Distribui\u021bi pe Twitter tweet Compania de Ap\u0103 sun\u0103 utilizatorii pentru a-i avertiza Compania de Ap\u0103 Buz\u0103u a demarat o ampl\u0103 campanie de avertizare a utilizatorilor care \u00eenregistreaz\u0103, \u00een mod nejustificat, un consum mare [&hellip;]<\/p>\n","protected":false},"author":1,"featured_media":0,"comment_status":"open","ping_status":"","sticky":false,"template":"","format":"standard","meta":{"footnotes":""},"categories":[2],"tags":[226,116],"class_list":["post-1791620","post","type-post","status-publish","format-standard","hentry","category-politics","tag-crawlmanager","tag-tvbuzau-ro"],"_links":{"self":[{"href":"https:\/\/analyse.optim.biz\/index.php?rest_route=\/wp\/v2\/posts\/1791620","targetHints":{"allow":["GET"]}}],"collection":[{"href":"https:\/\/analyse.optim.biz\/index.php?rest_route=\/wp\/v2\/posts"}],"about":[{"href":"https:\/\/analyse.optim.biz\/index.php?rest_route=\/wp\/v2\/types\/post"}],"author":[{"embeddable":true,"href":"https:\/\/analyse.optim.biz\/index.php?rest_route=\/wp\/v2\/users\/1"}],"replies":[{"embeddable":true,"href":"https:\/\/analyse.optim.biz\/index.php?rest_route=%2Fwp%2Fv2%2Fcomments&post=1791620"}],"version-history":[{"count":0,"href":"https:\/\/analyse.optim.biz\/index.php?rest_route=\/wp\/v2\/posts\/1791620\/revisions"}],"wp:attachment":[{"href":"https:\/\/analyse.optim.biz\/index.php?rest_route=%2Fwp%2Fv2%2Fmedia&parent=1791620"}],"wp:term":[{"taxonomy":"category","embeddable":true,"href":"https:\/\/analyse.optim.biz\/index.php?rest_route=%2Fwp%2Fv2%2Fcategories&post=1791620"},{"taxonomy":"post_tag","embeddable":true,"href":"https:\/\/analyse.optim.biz\/index.php?rest_route=%2Fwp%2Fv2%2Ftags&post=1791620"}],"curies":[{"name":"wp","href":"https:\/\/api.w.org\/{rel}","templated":true}]}}