{"id":1791612,"date":"2026-02-24T20:32:09","date_gmt":"2026-02-24T17:32:09","guid":{"rendered":"https:\/\/analyse.optim.biz\/?p=1791612"},"modified":"2026-02-24T20:32:09","modified_gmt":"2026-02-24T17:32:09","slug":"ghioceii-semn-de-primavara","status":"publish","type":"post","link":"https:\/\/analyse.optim.biz\/?p=1791612","title":{"rendered":"Ghioceii, semn de prim\u0103var\u0103"},"content":{"rendered":"<p>[analyse_image type=&#8221;featured&#8221; src=&#8221;https:\/\/www.tvbuzau.ro\/wp-content\/uploads\/2026\/02\/hqdefault-32.jpghttps:\/\/www.tvbuzau.ro\/wp-content\/uploads\/2026\/02\/hqdefault-32.jpg&#8221;]<\/p>\n<div class=\"td-ss-main-content\">\n<article id=\"post-118145\" class=\"post-118145 post type-post status-publish format-video has-post-thumbnail hentry category-actualitate post_format-post-format-video\">\n<div class=\"td-post-header\">\n<ul class=\"td-category\">\n<li class=\"entry-category\"><a href=\"https:\/\/www.tvbuzau.ro\/category\/actualitate\/\">Actualitate<\/a><\/li>\n<\/ul>\n<header class=\"td-post-title\">\n<h1 class=\"entry-title\">Ghioceii, semn de prim\u0103var\u0103<\/h1>\n<div class=\"td-module-meta-info\">\n<div class=\"td-post-author-name\">De c\u0103tre <a href=\"https:\/\/www.tvbuzau.ro\/author\/mihai-vasilescu\/\">TV Buz\u0103u<\/a> &#8211; <\/div>\n<p><span class=\"td-post-date\"><time class=\"entry-date updated td-module-date\" datetime=\"2026-02-24T20:32:09+00:00\">februarie 24, 2026<\/time><\/span><\/p>\n<div class=\"td-post-comments\"><a href=\"https:\/\/www.tvbuzau.ro\/ghioceii-semn-de-primavara\/#respond\">0<\/a><\/div>\n<div class=\"td-post-views\"><span class=\"td-nr-views-118145\">16<\/span><\/div>\n<\/div>\n<\/header>\n<\/div>\n<div class=\"td-post-sharing td-post-sharing-top td-with-like\">\n<div class=\"td-default-sharing\"><a class=\"td-social-sharing-buttons td-social-facebook\" href=\"http:\/\/www.facebook.com\/sharer.php?u=https%3A%2F%2Fwww.tvbuzau.ro%2Fghioceii-semn-de-primavara%2F\"><\/p>\n<div class=\"td-social-but-text\">Distribui\u021bi pe Facebook<\/div>\n<p><\/a><a class=\"td-social-sharing-buttons td-social-twitter\" href=\"https:\/\/twitter.com\/intent\/tweet?text=Ghioceii%2C+semn+de+prim%C4%83var%C4%83&amp;url=https%3A%2F%2Fwww.tvbuzau.ro%2Fghioceii-semn-de-primavara%2F&amp;via=TV+Buz%C4%83u\"><\/p>\n<div class=\"td-social-but-text\">Distribui\u021bi pe Twitter<\/div>\n<p><\/a><\/div>\n<div class=\"td-classic-sharing\">\n<ul>\n<li class=\"td-classic-facebook\"><iframe frameborder src=\"https:\/\/www.facebook.com\/plugins\/like.php?href=https:\/\/www.tvbuzau.ro\/ghioceii-semn-de-primavara\/&amp;layout=button_count&amp;show_faces=false&amp;width=105&amp;action=like&amp;colorscheme=light&amp;height=21\"><\/iframe><\/li>\n<li class=\"td-classic-twitter\"><a href=\"https:\/\/twitter.com\/share\" class=\"twitter-share-button\" data-url=\"https:\/\/www.tvbuzau.ro\/ghioceii-semn-de-primavara\/\" data-text=\"Ghioceii, semn de prim\u0103var\u0103\" data-via data-lang=\"en\">tweet<\/a><\/li>\n<\/ul>\n<\/div>\n<\/div>\n<div class=\"td-post-content\">\n<div class=\"td-featured-image-rec\">\n<div class=\"wpb_video_wrapper\">\n                    <iframe loading=\"lazy\" id=\"td_youtube_player\" width=\"600\" height=\"560\" src=\"https:\/\/www.youtube.com\/embed\/hCsO-8Tw5Q8?enablejsapi=1&amp;feature=oembed&amp;wmode=opaque&amp;vq=hd720\" frameborder allowfullscreen><\/iframe><\/p><\/div>\n<\/div>\n<p>BRGV \u00eencerc\u0103 s\u0103 deslu\u015feasc\u0103 secretul ghioceilor<br \/>\nGhioceii au \u00eenceput din nou s\u0103 apar\u0103 pe parcursul lunii februarie, semn c\u0103 am avut parte de o iarn\u0103 normal\u0103. Ultimele ierni au fost caracterizate de temperturi ridicate, f\u0103r\u0103 strat de z\u0103pad\u0103 \u015fi f\u0103r\u0103 prea multe precipta\u0163ii, motiv pentru care clopo\u0163eii albi puteau fi z\u0103ri\u0163i \u00eenc\u0103 din luna ianuarie. Pentru c\u0103 au \u00eenflorit ceva mai t\u00e2rziu fa\u0163\u0103 de ultimii ani, speciali\u015ftii consider\u0103 c\u0103 cel pu\u0163in anul acesta vremea \u015fi-a mai revenit la normal iar vestitorii prim\u0103verii vestesc prim\u0103vara de la mijlocul lunii februarie, nu din ianuarie.<br \/>\n\u00cen acest context, Banca de Resurse Vegetale Genetice \u00eencearc\u0103 s\u0103 p\u0103streze \u00een colec\u0163ie ghioceii \u015fi s\u0103 afle care sunt condi\u0163iile \u00een care cresc sau dimpotriv\u0103 care \u00eei afectez\u0103.<br \/>\nGhioceii pot fi cump\u0103ra\u0163i \u015fi din comer\u0163 pentru a fi cultiva\u0163i \u00een gr\u0103dini, a\u015fa cum de altfel au ap\u0103rut \u00een gr\u0103dinile din jude\u0163ul buzau.<\/p>\n<div class=\"post-views post-118145 entry-meta\"><span class=\"post-views-label\">Post Views: <\/span><span class=\"post-views-count\">137<\/span><\/div>\n<\/div>\n<footer>\n<div class=\"td-post-sharing td-post-sharing-bottom td-with-like\"><span class=\"td-post-share-title\">DISTRIBUI\u021aI<\/span><\/p>\n<div class=\"td-default-sharing\"><a class=\"td-social-sharing-buttons td-social-facebook\" href=\"http:\/\/www.facebook.com\/sharer.php?u=https%3A%2F%2Fwww.tvbuzau.ro%2Fghioceii-semn-de-primavara%2F\"><\/p>\n<div class=\"td-social-but-text\">Facebook<\/div>\n<p><\/a><a class=\"td-social-sharing-buttons td-social-twitter\" href=\"https:\/\/twitter.com\/intent\/tweet?text=Ghioceii%2C+semn+de+prim%C4%83var%C4%83&amp;url=https%3A%2F%2Fwww.tvbuzau.ro%2Fghioceii-semn-de-primavara%2F&amp;via=TV+Buz%C4%83u\"><\/p>\n<div class=\"td-social-but-text\">Twitter<\/div>\n<p><\/a><\/div>\n<div class=\"td-classic-sharing\">\n<ul>\n<li class=\"td-classic-facebook\"><iframe frameborder src=\"https:\/\/www.facebook.com\/plugins\/like.php?href=https:\/\/www.tvbuzau.ro\/ghioceii-semn-de-primavara\/&amp;layout=button_count&amp;show_faces=false&amp;width=105&amp;action=like&amp;colorscheme=light&amp;height=21\"><\/iframe><\/li>\n<li class=\"td-classic-twitter\"><a href=\"https:\/\/twitter.com\/share\" class=\"twitter-share-button\" data-url=\"https:\/\/www.tvbuzau.ro\/ghioceii-semn-de-primavara\/\" data-text=\"Ghioceii, semn de prim\u0103var\u0103\" data-via data-lang=\"en\">tweet<\/a><\/li>\n<\/ul>\n<\/div>\n<\/div>\n<div class=\"td-author-name vcard author\"><span class=\"fn\"><a href=\"https:\/\/www.tvbuzau.ro\/author\/mihai-vasilescu\/\">TV Buz\u0103u<\/a><\/span><\/div>\n<p><span><\/span><span><span><\/span><\/span><span><\/span><\/footer>\n<\/article>\n<div class=\"td_block_wrap td_block_related_posts td_uid_1_699ea29a8b528_rand td_with_ajax_pagination td-pb-border-top\" data-td-block-uid=\"td_uid_1_699ea29a8b528\">\n<h4 class=\"td-related-title\"><a id=\"td_uid_2_699ea29a908c2\" class=\"td-related-left td-cur-simple-item\" data-td_filter_value data-td_block_id=\"td_uid_1_699ea29a8b528\" href=\"https:\/\/www.tvbuzau.ro\/ghioceii-semn-de-primavara\/\">ARTICOLE SIMILARE<\/a><a id=\"td_uid_3_699ea29a908fc\" class=\"td-related-right\" data-td_filter_value=\"td_related_more_from_author\" data-td_block_id=\"td_uid_1_699ea29a8b528\" href=\"https:\/\/www.tvbuzau.ro\/ghioceii-semn-de-primavara\/\">DE LA ACELA\u0218I AUTOR<\/a><\/h4>\n<div id=\"td_uid_1_699ea29a8b528\" class=\"td_block_inner\">\n<div class=\"td-related-row\">\n<div class=\"td-related-span4\">\n<div class=\"td_module_related_posts td-animation-stack td_mod_related_posts\">\n<div class=\"td-module-image\">\n<div class=\"td-module-thumb\"><a href=\"https:\/\/www.tvbuzau.ro\/buzaul-poate-fi-modern-fara-sa-devina-un-oras-de-beton\/\" rel=\"bookmark\" title=\"Buz\u0103ul poate fi modern f\u0103r\u0103 s\u0103 devin\u0103 un ora\u0219 de beton\"><img loading=\"lazy\" decoding=\"async\" width=\"218\" height=\"150\" class=\"entry-thumb\" src=\"https:\/\/www.tvbuzau.ro\/wp-content\/uploads\/2026\/02\/hqdefault-31-218x150.jpg\" alt title=\"Buz\u0103ul poate fi modern f\u0103r\u0103 s\u0103 devin\u0103 un ora\u0219 de beton\"><span class=\"td-video-play-ico\"><img loading=\"lazy\" decoding=\"async\" width=\"40\" height=\"40\" class=\"td-retina\" src=\"https:\/\/www.tvbuzau.ro\/wp-content\/themes\/Newspaper\/images\/icons\/ico-video-large.png\" alt=\"video\"><\/span><\/a><\/div>\n<p><a href=\"https:\/\/www.tvbuzau.ro\/category\/actualitate\/\" class=\"td-post-category\">Actualitate<\/a><\/div>\n<div class=\"item-details\">\n<h3 class=\"entry-title td-module-title\"><a href=\"https:\/\/www.tvbuzau.ro\/buzaul-poate-fi-modern-fara-sa-devina-un-oras-de-beton\/\" rel=\"bookmark\" title=\"Buz\u0103ul poate fi modern f\u0103r\u0103 s\u0103 devin\u0103 un ora\u0219 de beton\">Buz\u0103ul poate fi modern f\u0103r\u0103 s\u0103 devin\u0103 un ora\u0219 de beton<\/a><\/h3>\n<\/div>\n<\/div>\n<\/div>\n<div class=\"td-related-span4\">\n<div class=\"td_module_related_posts td-animation-stack td_mod_related_posts\">\n<div class=\"td-module-image\">\n<div class=\"td-module-thumb\"><a href=\"https:\/\/www.tvbuzau.ro\/dupa-ninsori-se-repara-drumurile\/\" rel=\"bookmark\" title=\"Dup\u0103 ninsori se repar\u0103 drumurile\"><img loading=\"lazy\" decoding=\"async\" width=\"218\" height=\"150\" class=\"entry-thumb\" src=\"https:\/\/www.tvbuzau.ro\/wp-content\/uploads\/2026\/02\/sddefault-37-218x150.jpg\" alt title=\"Dup\u0103 ninsori se repar\u0103 drumurile\"><span class=\"td-video-play-ico\"><img loading=\"lazy\" decoding=\"async\" width=\"40\" height=\"40\" class=\"td-retina\" src=\"https:\/\/www.tvbuzau.ro\/wp-content\/themes\/Newspaper\/images\/icons\/ico-video-large.png\" alt=\"video\"><\/span><\/a><\/div>\n<p><a href=\"https:\/\/www.tvbuzau.ro\/category\/actualitate\/\" class=\"td-post-category\">Actualitate<\/a><\/div>\n<div class=\"item-details\">\n<h3 class=\"entry-title td-module-title\"><a href=\"https:\/\/www.tvbuzau.ro\/dupa-ninsori-se-repara-drumurile\/\" rel=\"bookmark\" title=\"Dup\u0103 ninsori se repar\u0103 drumurile\">Dup\u0103 ninsori se repar\u0103 drumurile<\/a><\/h3>\n<\/div>\n<\/div>\n<\/div>\n<div class=\"td-related-span4\">\n<div class=\"td_module_related_posts td-animation-stack td_mod_related_posts\">\n<div class=\"td-module-image\">\n<div class=\"td-module-thumb\"><a href=\"https:\/\/www.tvbuzau.ro\/campanie-impotriva-consumurilor-mari-nejustificate\/\" rel=\"bookmark\" title=\"Campanie \u00eempotriva consumurilor mari nejustificate\"><img loading=\"lazy\" decoding=\"async\" width=\"218\" height=\"150\" class=\"entry-thumb\" src=\"https:\/\/www.tvbuzau.ro\/wp-content\/uploads\/2026\/02\/sddefault-36-218x150.jpg\" alt title=\"Campanie \u00eempotriva consumurilor mari nejustificate\"><span class=\"td-video-play-ico\"><img loading=\"lazy\" decoding=\"async\" width=\"40\" height=\"40\" class=\"td-retina\" src=\"https:\/\/www.tvbuzau.ro\/wp-content\/themes\/Newspaper\/images\/icons\/ico-video-large.png\" alt=\"video\"><\/span><\/a><\/div>\n<p><a href=\"https:\/\/www.tvbuzau.ro\/category\/actualitate\/\" class=\"td-post-category\">Actualitate<\/a><\/div>\n<div class=\"item-details\">\n<h3 class=\"entry-title td-module-title\"><a href=\"https:\/\/www.tvbuzau.ro\/campanie-impotriva-consumurilor-mari-nejustificate\/\" rel=\"bookmark\" title=\"Campanie \u00eempotriva consumurilor mari nejustificate\">Campanie \u00eempotriva consumurilor mari nejustificate<\/a><\/h3>\n<\/div>\n<\/div>\n<\/div>\n<\/div>\n<div class=\"td-related-row\">\n<div class=\"td-related-span4\">\n<div class=\"td_module_related_posts td-animation-stack td_mod_related_posts\">\n<div class=\"td-module-image\">\n<div class=\"td-module-thumb\"><a href=\"https:\/\/www.tvbuzau.ro\/dgaspc-prioritate-pentru-consiliul-judetean-buzau\/\" rel=\"bookmark\" title=\"DGASPC  prioritate pentru Consiliul Jude\u021bean Buz\u0103u\"><img loading=\"lazy\" decoding=\"async\" width=\"218\" height=\"150\" class=\"entry-thumb\" src=\"https:\/\/www.tvbuzau.ro\/wp-content\/uploads\/2026\/02\/sddefault-35-218x150.jpg\" alt title=\"DGASPC  prioritate pentru Consiliul Jude\u021bean Buz\u0103u\"><span class=\"td-video-play-ico\"><img loading=\"lazy\" decoding=\"async\" width=\"40\" height=\"40\" class=\"td-retina\" src=\"https:\/\/www.tvbuzau.ro\/wp-content\/themes\/Newspaper\/images\/icons\/ico-video-large.png\" alt=\"video\"><\/span><\/a><\/div>\n<p><a href=\"https:\/\/www.tvbuzau.ro\/category\/actualitate\/\" class=\"td-post-category\">Actualitate<\/a><\/div>\n<div class=\"item-details\">\n<h3 class=\"entry-title td-module-title\"><a href=\"https:\/\/www.tvbuzau.ro\/dgaspc-prioritate-pentru-consiliul-judetean-buzau\/\" rel=\"bookmark\" title=\"DGASPC  prioritate pentru Consiliul Jude\u021bean Buz\u0103u\">DGASPC  prioritate pentru Consiliul Jude\u021bean Buz\u0103u<\/a><\/h3>\n<\/div>\n<\/div>\n<\/div>\n<div class=\"td-related-span4\">\n<div class=\"td_module_related_posts td-animation-stack td_mod_related_posts\">\n<div class=\"td-module-image\">\n<div class=\"td-module-thumb\"><a href=\"https:\/\/www.tvbuzau.ro\/zapada-a-pus-probleme-pe-mai-multe-drumuri-din-judet\/\" rel=\"bookmark\" title=\"Z\u0103pada a pus probleme pe mai multe drumuri din jude\u0163\"><img loading=\"lazy\" decoding=\"async\" width=\"218\" height=\"150\" class=\"entry-thumb\" src=\"https:\/\/www.tvbuzau.ro\/wp-content\/uploads\/2026\/02\/hqdefault-29-218x150.jpg\" alt title=\"Z\u0103pada a pus probleme pe mai multe drumuri din jude\u0163\"><span class=\"td-video-play-ico\"><img loading=\"lazy\" decoding=\"async\" width=\"40\" height=\"40\" class=\"td-retina\" src=\"https:\/\/www.tvbuzau.ro\/wp-content\/themes\/Newspaper\/images\/icons\/ico-video-large.png\" alt=\"video\"><\/span><\/a><\/div>\n<p><a href=\"https:\/\/www.tvbuzau.ro\/category\/actualitate\/\" class=\"td-post-category\">Actualitate<\/a><\/div>\n<div class=\"item-details\">\n<h3 class=\"entry-title td-module-title\"><a href=\"https:\/\/www.tvbuzau.ro\/zapada-a-pus-probleme-pe-mai-multe-drumuri-din-judet\/\" rel=\"bookmark\" title=\"Z\u0103pada a pus probleme pe mai multe drumuri din jude\u0163\">Z\u0103pada a pus probleme pe mai multe drumuri din jude\u0163<\/a><\/h3>\n<\/div>\n<\/div>\n<\/div>\n<div class=\"td-related-span4\">\n<div class=\"td_module_related_posts td-animation-stack td_mod_related_posts\">\n<div class=\"td-module-image\">\n<div class=\"td-module-thumb\"><a href=\"https:\/\/www.tvbuzau.ro\/cati-buzoieni-si-au-rupt-picioarele-intr-o-zi-in-oras\/\" rel=\"bookmark\" title=\"C\u00e2\u0163i buzoieni \u015fi-au rupt picioarele \u00eentr-o zi \u00een ora\u015f\"><img loading=\"lazy\" decoding=\"async\" width=\"218\" height=\"150\" class=\"entry-thumb\" src=\"https:\/\/www.tvbuzau.ro\/wp-content\/uploads\/2026\/02\/hqdefault-28-218x150.jpg\" alt title=\"C\u00e2\u0163i buzoieni \u015fi-au rupt picioarele \u00eentr-o zi \u00een ora\u015f\"><span class=\"td-video-play-ico\"><img loading=\"lazy\" decoding=\"async\" width=\"40\" height=\"40\" class=\"td-retina\" src=\"https:\/\/www.tvbuzau.ro\/wp-content\/themes\/Newspaper\/images\/icons\/ico-video-large.png\" alt=\"video\"><\/span><\/a><\/div>\n<p><a href=\"https:\/\/www.tvbuzau.ro\/category\/actualitate\/\" class=\"td-post-category\">Actualitate<\/a><\/div>\n<div class=\"item-details\">\n<h3 class=\"entry-title td-module-title\"><a href=\"https:\/\/www.tvbuzau.ro\/cati-buzoieni-si-au-rupt-picioarele-intr-o-zi-in-oras\/\" rel=\"bookmark\" title=\"C\u00e2\u0163i buzoieni \u015fi-au rupt picioarele \u00eentr-o zi \u00een ora\u015f\">C\u00e2\u0163i buzoieni \u015fi-au rupt picioarele \u00eentr-o zi \u00een ora\u015f<\/a><\/h3>\n<\/div>\n<\/div>\n<\/div>\n<\/div>\n<\/div>\n<\/div>\n<div class=\"comments\" id=\"comments\">\n<div id=\"respond\" class=\"comment-respond\">\n<h3 id=\"reply-title\" class=\"comment-reply-title\">L\u0102SA\u021aI UN MESAJ <small><a rel=\"nofollow\" id=\"cancel-comment-reply-link\" href=\"https:\/\/www.tvbuzau.ro\/ghioceii-semn-de-primavara\/#respond\">Renun\u021ba\u021bi la r\u0103spuns<\/a><\/small><\/h3>\n<\/div>\n<\/div>\n<\/div>\n<div class=\"td-post-content\">\n<div class=\"td-featured-image-rec\">\n<div class=\"wpb_video_wrapper\">\n                    <iframe loading=\"lazy\" id=\"td_youtube_player\" width=\"600\" height=\"560\" src=\"https:\/\/www.youtube.com\/embed\/hCsO-8Tw5Q8?enablejsapi=1&amp;feature=oembed&amp;wmode=opaque&amp;vq=hd720\" frameborder allowfullscreen><\/iframe><\/p><\/div>\n<\/div>\n<p>BRGV \u00eencerc\u0103 s\u0103 deslu\u015feasc\u0103 secretul ghioceilor<br \/>\nGhioceii au \u00eenceput din nou s\u0103 apar\u0103 pe parcursul lunii februarie, semn c\u0103 am avut parte de o iarn\u0103 normal\u0103. Ultimele ierni au fost caracterizate de temperturi ridicate, f\u0103r\u0103 strat de z\u0103pad\u0103 \u015fi f\u0103r\u0103 prea multe precipta\u0163ii, motiv pentru care clopo\u0163eii albi puteau fi z\u0103ri\u0163i \u00eenc\u0103 din luna ianuarie. Pentru c\u0103 au \u00eenflorit ceva mai t\u00e2rziu fa\u0163\u0103 de ultimii ani, speciali\u015ftii consider\u0103 c\u0103 cel pu\u0163in anul acesta vremea \u015fi-a mai revenit la normal iar vestitorii prim\u0103verii vestesc prim\u0103vara de la mijlocul lunii februarie, nu din ianuarie.<br \/>\n\u00cen acest context, Banca de Resurse Vegetale Genetice \u00eencearc\u0103 s\u0103 p\u0103streze \u00een colec\u0163ie ghioceii \u015fi s\u0103 afle care sunt condi\u0163iile \u00een care cresc sau dimpotriv\u0103 care \u00eei afectez\u0103.<br \/>\nGhioceii pot fi cump\u0103ra\u0163i \u015fi din comer\u0163 pentru a fi cultiva\u0163i \u00een gr\u0103dini, a\u015fa cum de altfel au ap\u0103rut \u00een gr\u0103dinile din jude\u0163ul buzau.<\/p>\n<div class=\"post-views post-118145 entry-meta\"><span class=\"post-views-label\">Post Views: <\/span><span class=\"post-views-count\">137<\/span><\/div>\n<\/div>\n<p>[analyse_source url=&#8221;https:\/\/www.tvbuzau.ro\/ghioceii-semn-de-primavara\/&#8221;]<\/p>\n","protected":false},"excerpt":{"rendered":"<p>[analyse_image type=&#8221;featured&#8221; src=&#8221;https:\/\/www.tvbuzau.ro\/wp-content\/uploads\/2026\/02\/hqdefault-32.jpghttps:\/\/www.tvbuzau.ro\/wp-content\/uploads\/2026\/02\/hqdefault-32.jpg&#8221;] Actualitate Ghioceii, semn de prim\u0103var\u0103 De c\u0103tre TV Buz\u0103u &#8211; februarie 24, 2026 0 16 Distribui\u021bi pe Facebook Distribui\u021bi pe Twitter tweet BRGV \u00eencerc\u0103 s\u0103 deslu\u015feasc\u0103 secretul ghioceilor Ghioceii au \u00eenceput din nou s\u0103 apar\u0103 pe parcursul lunii februarie, semn c\u0103 am avut parte de o iarn\u0103 normal\u0103. Ultimele ierni au fost [&hellip;]<\/p>\n","protected":false},"author":1,"featured_media":0,"comment_status":"open","ping_status":"","sticky":false,"template":"","format":"standard","meta":{"footnotes":""},"categories":[2],"tags":[226,116],"class_list":["post-1791612","post","type-post","status-publish","format-standard","hentry","category-politics","tag-crawlmanager","tag-tvbuzau-ro"],"_links":{"self":[{"href":"https:\/\/analyse.optim.biz\/index.php?rest_route=\/wp\/v2\/posts\/1791612","targetHints":{"allow":["GET"]}}],"collection":[{"href":"https:\/\/analyse.optim.biz\/index.php?rest_route=\/wp\/v2\/posts"}],"about":[{"href":"https:\/\/analyse.optim.biz\/index.php?rest_route=\/wp\/v2\/types\/post"}],"author":[{"embeddable":true,"href":"https:\/\/analyse.optim.biz\/index.php?rest_route=\/wp\/v2\/users\/1"}],"replies":[{"embeddable":true,"href":"https:\/\/analyse.optim.biz\/index.php?rest_route=%2Fwp%2Fv2%2Fcomments&post=1791612"}],"version-history":[{"count":0,"href":"https:\/\/analyse.optim.biz\/index.php?rest_route=\/wp\/v2\/posts\/1791612\/revisions"}],"wp:attachment":[{"href":"https:\/\/analyse.optim.biz\/index.php?rest_route=%2Fwp%2Fv2%2Fmedia&parent=1791612"}],"wp:term":[{"taxonomy":"category","embeddable":true,"href":"https:\/\/analyse.optim.biz\/index.php?rest_route=%2Fwp%2Fv2%2Fcategories&post=1791612"},{"taxonomy":"post_tag","embeddable":true,"href":"https:\/\/analyse.optim.biz\/index.php?rest_route=%2Fwp%2Fv2%2Ftags&post=1791612"}],"curies":[{"name":"wp","href":"https:\/\/api.w.org\/{rel}","templated":true}]}}