{"id":1791347,"date":"2026-02-24T15:14:18","date_gmt":"2026-02-24T12:14:18","guid":{"rendered":"https:\/\/analyse.optim.biz\/?p=1791347"},"modified":"2026-02-24T15:14:18","modified_gmt":"2026-02-24T12:14:18","slug":"senatorul-de-tulcea-ionel-carp-solicita-masuri-urgente-pentru-respectarea-statutului-si-salarizarii","status":"publish","type":"post","link":"https:\/\/analyse.optim.biz\/?p=1791347","title":{"rendered":"Senatorul de Tulcea, Ionel Carp solicit\u0103 m\u0103suri urgente pentru respectarea statutului \u0219i salariz\u0103rii"},"content":{"rendered":"<p>[analyse_image type=&#8221;featured&#8221; src=&#8221;https:\/\/ziaruldelta.ro\/wp-content\/uploads\/2025\/12\/Ionel-carp.jpg&#8221;]<\/p>\n<article id=\"post-35515\" class=\"module single-post-module post-35515 post type-post status-publish format-standard has-post-thumbnail hentry category-politica-administratie et-has-post-format-content et_post_format-et-post-format-standard\">\n<div class=\"post-header\">\n<h1 class=\"entry-title\">Senatorul de Tulcea, Ionel Carp solicit\u0103 m\u0103suri urgente pentru respectarea statutului \u0219i salariz\u0103rii asisten\u021bilor medicali comunitari<\/h1>\n<div class=\"post-meta vcard\">\n<p>Posted by <a href=\"https:\/\/ziaruldelta.ro\/author\/ziarul-delta\/\" class=\"url fn\" title=\"Posts by Ziarul Delta\" rel=\"author\">Ziarul Delta<\/a> | <span class=\"updated\">Feb 24, 2026<\/span> | <a href=\"https:\/\/ziaruldelta.ro\/category\/politica-administratie\/\" rel=\"tag\">Politica &#8211; Administratie<\/a> | <\/p>\n<\/div>\n<\/div>\n<div class=\"post-thumbnail header\"><img decoding=\"async\" src=\"https:\/\/ziaruldelta.ro\/wp-content\/uploads\/2025\/12\/Ionel-carp.jpg\" alt=\"Senatorul de Tulcea, Ionel Carp solicit\u0103 m\u0103suri urgente pentru respectarea statutului \u0219i salariz\u0103rii asisten\u021bilor medicali comunitari\"><\/div>\n<div class=\"post-wrap\">\n<div class=\"post-content entry-content\">\n<p>Senatorul de Tulcea, Ionel Carp, a adresat o \u00eentrebare oficial\u0103 c\u0103tre Ministerul S\u0103n\u0103t\u0103\u021bii, prin care atrage aten\u021bia asupra statutului profesional, condi\u021biilor de munc\u0103 \u0219i inechit\u0103\u021bilor salariale cu care se confrunt\u0103 asisten\u021bii medicali comunitari din Rom\u00e2nia.<\/p>\n<p>Potrivit senatorului, ace\u0219ti profesioni\u0219ti reprezint\u0103 \u201e<em>una dintre cele mai importante verigi ale sistemului de s\u0103n\u0103tate public\u0103 fiind adesea personalul medical aflat cel mai aproape de pacient, \u00een special \u00een mediul rural, \u00een comunit\u0103\u021bi vulnerabile \u0219i \u00een zone urbane defavorizate\u201d<\/em>. Activitatea lor include preven\u021bie, monitorizare, educa\u021bie sanitar\u0103, acordarea primului ajutor \u0219i interven\u021bii \u00een situa\u021bii de urgen\u021b\u0103, p\u00e2n\u0103 la sosirea ambulan\u021bei.<\/p>\n<p>Ionel Carp subliniaz\u0103 faptul c\u0103, de\u0219i asisten\u021bii medicali comunitari au statut de asisten\u021bi medicali generali\u0219ti \u0219i \u00ee\u0219i exercit\u0103 profesia \u00een baza dreptului de liber\u0103 practic\u0103, \u201e<em>\u00een practic\u0103 persist\u0103 confuzii \u00eentre profesia de asistent medical comunitar \u0219i cea de asistent social confuzii care duc la diminuarea rolului medical al acestei categorii profesionale \u0219i la aplicarea unor reglement\u0103ri salariale necorespunz\u0103toare<\/em>\u201d.<\/p>\n<p>De asemenea, senatorul atrage aten\u021bia asupra realit\u0103\u021bilor din teren: \u201e<em>condi\u021biile reale de munc\u0103 presupun activitate zilnic\u0103 pe teren, administrarea tratamentelor, pansamente, acordarea primului ajutor \u0219i interven\u021bii \u00een situa\u021bii de urgen\u021b\u0103, iar orele suplimentare nu sunt compensate, iar salarizarea nu reflect\u0103 responsabilitatea profesional\u0103 \u0219i riscurile asumate\u201d.<\/em><\/p>\n<p>\u00cen acest context, senatorul de Tulcea solicit\u0103 clarificarea explicit\u0103, \u00een plan legislativ \u0219i administrativ, a statutului medico-sanitar al asisten\u021bilor medicali comunitari, realizarea unei analize oficiale privind inechit\u0103\u021bile salariale \u0219i adoptarea unor m\u0103suri concrete pentru recunoa\u0219terea condi\u021biilor reale de munc\u0103. Totodat\u0103, acesta cere ini\u021bierea de modific\u0103ri legislative care s\u0103 asigure \u201eo <em>salarizare echitabil\u0103 \u0219i o recunoa\u0219tere profesional\u0103 corespunz\u0103toare\u201d<\/em> pentru aceast\u0103 categorie esen\u021bial\u0103 a sistemului de s\u0103n\u0103tate.<\/p>\n<p><strong>Comunicat de pres\u0103<\/strong><\/p>\n<\/div>\n<\/div>\n<div class=\"post-footer\">\n<div class=\"social-icons ed-social-share-icons\">\n<p class=\"share-title\">Share:<\/p>\n<\/div>\n<div class=\"rating-stars\">\n<p id=\"rate-title\" class=\"rate-title\">Rate:<\/p>\n<\/div>\n<\/div>\n<\/article>\n<div class=\"post-content entry-content\">\n<p>Senatorul de Tulcea, Ionel Carp, a adresat o \u00eentrebare oficial\u0103 c\u0103tre Ministerul S\u0103n\u0103t\u0103\u021bii, prin care atrage aten\u021bia asupra statutului profesional, condi\u021biilor de munc\u0103 \u0219i inechit\u0103\u021bilor salariale cu care se confrunt\u0103 asisten\u021bii medicali comunitari din Rom\u00e2nia.<\/p>\n<p>Potrivit senatorului, ace\u0219ti profesioni\u0219ti reprezint\u0103 \u201e<em>una dintre cele mai importante verigi ale sistemului de s\u0103n\u0103tate public\u0103 fiind adesea personalul medical aflat cel mai aproape de pacient, \u00een special \u00een mediul rural, \u00een comunit\u0103\u021bi vulnerabile \u0219i \u00een zone urbane defavorizate\u201d<\/em>. Activitatea lor include preven\u021bie, monitorizare, educa\u021bie sanitar\u0103, acordarea primului ajutor \u0219i interven\u021bii \u00een situa\u021bii de urgen\u021b\u0103, p\u00e2n\u0103 la sosirea ambulan\u021bei.<\/p>\n<p>Ionel Carp subliniaz\u0103 faptul c\u0103, de\u0219i asisten\u021bii medicali comunitari au statut de asisten\u021bi medicali generali\u0219ti \u0219i \u00ee\u0219i exercit\u0103 profesia \u00een baza dreptului de liber\u0103 practic\u0103, \u201e<em>\u00een practic\u0103 persist\u0103 confuzii \u00eentre profesia de asistent medical comunitar \u0219i cea de asistent social confuzii care duc la diminuarea rolului medical al acestei categorii profesionale \u0219i la aplicarea unor reglement\u0103ri salariale necorespunz\u0103toare<\/em>\u201d.<\/p>\n<p>De asemenea, senatorul atrage aten\u021bia asupra realit\u0103\u021bilor din teren: \u201e<em>condi\u021biile reale de munc\u0103 presupun activitate zilnic\u0103 pe teren, administrarea tratamentelor, pansamente, acordarea primului ajutor \u0219i interven\u021bii \u00een situa\u021bii de urgen\u021b\u0103, iar orele suplimentare nu sunt compensate, iar salarizarea nu reflect\u0103 responsabilitatea profesional\u0103 \u0219i riscurile asumate\u201d.<\/em><\/p>\n<p>\u00cen acest context, senatorul de Tulcea solicit\u0103 clarificarea explicit\u0103, \u00een plan legislativ \u0219i administrativ, a statutului medico-sanitar al asisten\u021bilor medicali comunitari, realizarea unei analize oficiale privind inechit\u0103\u021bile salariale \u0219i adoptarea unor m\u0103suri concrete pentru recunoa\u0219terea condi\u021biilor reale de munc\u0103. Totodat\u0103, acesta cere ini\u021bierea de modific\u0103ri legislative care s\u0103 asigure \u201eo <em>salarizare echitabil\u0103 \u0219i o recunoa\u0219tere profesional\u0103 corespunz\u0103toare\u201d<\/em> pentru aceast\u0103 categorie esen\u021bial\u0103 a sistemului de s\u0103n\u0103tate.<\/p>\n<p><strong>Comunicat de pres\u0103<\/strong><\/p>\n<\/div>\n<div class=\"post-content entry-content\">\n<p>Senatorul de Tulcea, Ionel Carp, a adresat o \u00eentrebare oficial\u0103 c\u0103tre Ministerul S\u0103n\u0103t\u0103\u021bii, prin care atrage aten\u021bia asupra statutului profesional, condi\u021biilor de munc\u0103 \u0219i inechit\u0103\u021bilor salariale cu care se confrunt\u0103 asisten\u021bii medicali comunitari din Rom\u00e2nia.<\/p>\n<p>Potrivit senatorului, ace\u0219ti profesioni\u0219ti reprezint\u0103 \u201e<em>una dintre cele mai importante verigi ale sistemului de s\u0103n\u0103tate public\u0103 fiind adesea personalul medical aflat cel mai aproape de pacient, \u00een special \u00een mediul rural, \u00een comunit\u0103\u021bi vulnerabile \u0219i \u00een zone urbane defavorizate\u201d<\/em>. Activitatea lor include preven\u021bie, monitorizare, educa\u021bie sanitar\u0103, acordarea primului ajutor \u0219i interven\u021bii \u00een situa\u021bii de urgen\u021b\u0103, p\u00e2n\u0103 la sosirea ambulan\u021bei.<\/p>\n<p>Ionel Carp subliniaz\u0103 faptul c\u0103, de\u0219i asisten\u021bii medicali comunitari au statut de asisten\u021bi medicali generali\u0219ti \u0219i \u00ee\u0219i exercit\u0103 profesia \u00een baza dreptului de liber\u0103 practic\u0103, \u201e<em>\u00een practic\u0103 persist\u0103 confuzii \u00eentre profesia de asistent medical comunitar \u0219i cea de asistent social confuzii care duc la diminuarea rolului medical al acestei categorii profesionale \u0219i la aplicarea unor reglement\u0103ri salariale necorespunz\u0103toare<\/em>\u201d.<\/p>\n<p>De asemenea, senatorul atrage aten\u021bia asupra realit\u0103\u021bilor din teren: \u201e<em>condi\u021biile reale de munc\u0103 presupun activitate zilnic\u0103 pe teren, administrarea tratamentelor, pansamente, acordarea primului ajutor \u0219i interven\u021bii \u00een situa\u021bii de urgen\u021b\u0103, iar orele suplimentare nu sunt compensate, iar salarizarea nu reflect\u0103 responsabilitatea profesional\u0103 \u0219i riscurile asumate\u201d.<\/em><\/p>\n<p>\u00cen acest context, senatorul de Tulcea solicit\u0103 clarificarea explicit\u0103, \u00een plan legislativ \u0219i administrativ, a statutului medico-sanitar al asisten\u021bilor medicali comunitari, realizarea unei analize oficiale privind inechit\u0103\u021bile salariale \u0219i adoptarea unor m\u0103suri concrete pentru recunoa\u0219terea condi\u021biilor reale de munc\u0103. Totodat\u0103, acesta cere ini\u021bierea de modific\u0103ri legislative care s\u0103 asigure \u201eo <em>salarizare echitabil\u0103 \u0219i o recunoa\u0219tere profesional\u0103 corespunz\u0103toare\u201d<\/em> pentru aceast\u0103 categorie esen\u021bial\u0103 a sistemului de s\u0103n\u0103tate.<\/p>\n<p><strong>Comunicat de pres\u0103<\/strong><\/p>\n<\/div>\n<p>[analyse_source url=&#8221;https:\/\/ziaruldelta.ro\/2026\/02\/24\/senatorul-de-tulcea-ionel-carp-solicita-masuri-urgente-pentru-respectarea-statutului-si-salarizarii-asistentilor-medicali-comunitari\/&#8221;]<\/p>\n","protected":false},"excerpt":{"rendered":"<p>[analyse_image type=&#8221;featured&#8221; src=&#8221;https:\/\/ziaruldelta.ro\/wp-content\/uploads\/2025\/12\/Ionel-carp.jpg&#8221;] Senatorul de Tulcea, Ionel Carp solicit\u0103 m\u0103suri urgente pentru respectarea statutului \u0219i salariz\u0103rii asisten\u021bilor medicali comunitari Posted by Ziarul Delta | Feb 24, 2026 | Politica &#8211; Administratie | Senatorul de Tulcea, Ionel Carp, a adresat o \u00eentrebare oficial\u0103 c\u0103tre Ministerul S\u0103n\u0103t\u0103\u021bii, prin care atrage aten\u021bia asupra statutului profesional, condi\u021biilor de munc\u0103 [&hellip;]<\/p>\n","protected":false},"author":1,"featured_media":0,"comment_status":"open","ping_status":"","sticky":false,"template":"","format":"standard","meta":{"footnotes":""},"categories":[89],"tags":[226,206],"class_list":["post-1791347","post","type-post","status-publish","format-standard","hentry","category-romania","tag-crawlmanager","tag-ziaruldelta-ro"],"_links":{"self":[{"href":"https:\/\/analyse.optim.biz\/index.php?rest_route=\/wp\/v2\/posts\/1791347","targetHints":{"allow":["GET"]}}],"collection":[{"href":"https:\/\/analyse.optim.biz\/index.php?rest_route=\/wp\/v2\/posts"}],"about":[{"href":"https:\/\/analyse.optim.biz\/index.php?rest_route=\/wp\/v2\/types\/post"}],"author":[{"embeddable":true,"href":"https:\/\/analyse.optim.biz\/index.php?rest_route=\/wp\/v2\/users\/1"}],"replies":[{"embeddable":true,"href":"https:\/\/analyse.optim.biz\/index.php?rest_route=%2Fwp%2Fv2%2Fcomments&post=1791347"}],"version-history":[{"count":0,"href":"https:\/\/analyse.optim.biz\/index.php?rest_route=\/wp\/v2\/posts\/1791347\/revisions"}],"wp:attachment":[{"href":"https:\/\/analyse.optim.biz\/index.php?rest_route=%2Fwp%2Fv2%2Fmedia&parent=1791347"}],"wp:term":[{"taxonomy":"category","embeddable":true,"href":"https:\/\/analyse.optim.biz\/index.php?rest_route=%2Fwp%2Fv2%2Fcategories&post=1791347"},{"taxonomy":"post_tag","embeddable":true,"href":"https:\/\/analyse.optim.biz\/index.php?rest_route=%2Fwp%2Fv2%2Ftags&post=1791347"}],"curies":[{"name":"wp","href":"https:\/\/api.w.org\/{rel}","templated":true}]}}