{"id":1791345,"date":"2026-02-23T11:27:56","date_gmt":"2026-02-23T08:27:56","guid":{"rendered":"https:\/\/analyse.optim.biz\/?p=1791345"},"modified":"2026-02-23T11:27:56","modified_gmt":"2026-02-23T08:27:56","slug":"elena-laura-toader-deputat-de-tulcea-dreptul-si-accesul-cetatenilor-romani-la-o-asistenta-medicala","status":"publish","type":"post","link":"https:\/\/analyse.optim.biz\/?p=1791345","title":{"rendered":"Elena-Laura Toader, deputat de Tulcea: Dreptul \u015fi accesul cet\u0103\u0163enilor rom\u00e2ni la o asisten\u0163\u0103 medical\u0103"},"content":{"rendered":"<p>[analyse_image type=&#8221;featured&#8221; src=&#8221;https:\/\/ziaruldelta.ro\/wp-content\/uploads\/2026\/02\/Elena-Laura-Toader.jpg&#8221;]<\/p>\n<article id=\"post-35480\" class=\"module single-post-module post-35480 post type-post status-publish format-standard has-post-thumbnail hentry category-politica-administratie et-has-post-format-content et_post_format-et-post-format-standard\">\n<div class=\"post-header\">\n<h1 class=\"entry-title\">Elena-Laura Toader, deputat de Tulcea: Dreptul \u015fi accesul cet\u0103\u0163enilor rom\u00e2ni la o asisten\u0163\u0103 medical\u0103 adecvat\u0103<\/h1>\n<div class=\"post-meta vcard\">\n<p>Posted by <a href=\"https:\/\/ziaruldelta.ro\/author\/ziarul-delta\/\" class=\"url fn\" title=\"Posts by Ziarul Delta\" rel=\"author\">Ziarul Delta<\/a> | <span class=\"updated\">Feb 23, 2026<\/span> | <a href=\"https:\/\/ziaruldelta.ro\/category\/politica-administratie\/\" rel=\"tag\">Politica &#8211; Administratie<\/a> | <\/p>\n<\/div>\n<\/div>\n<div class=\"post-thumbnail header\"><img decoding=\"async\" src=\"https:\/\/ziaruldelta.ro\/wp-content\/uploads\/2026\/02\/Elena-Laura-Toader.jpg\" alt=\"Elena-Laura Toader, deputat de Tulcea: Dreptul \u015fi accesul cet\u0103\u0163enilor rom\u00e2ni la o asisten\u0163\u0103 medical\u0103 adecvat\u0103\"><\/div>\n<div class=\"post-wrap\">\n<div class=\"post-content entry-content\">\n<p>Deputatul de Tulcea Elena-Laura Toader, din Grupul parlamentar S.O.S. Rom\u00e2nia, critic\u0103 guvernarea actual\u0103 care continu\u0103 s\u0103 trateze s\u0103n\u0103tatea public\u0103 ca pe o problem\u0103 secundar\u0103, \u00een timp ce realitatea bate alarma \u2013 spitalele sunt subfinan\u0163ate, personalul medical este insuficient \u015fi pacien\u0163ii pl\u0103tesc pentru servicii care ar trebui garantate de stat.<\/p>\n<blockquote>\n<p>\u201eEste profund \u00eengrijor\u0103tor s\u0103 constat\u0103m cum, \u00een anul 2026, guvernarea actual\u0103 continu\u0103 s\u0103 trateze s\u0103n\u0103tatea public\u0103 ca pe o problem\u0103 secundar\u0103, \u00een timp ce realitatea bate alarma \u2013 spitalele sunt subfinan\u0163ate, personalul medical este insuficient \u015fi pacien\u0163ii pl\u0103tesc pentru servicii care ar trebui garantate de stat\u201d, a declarat deputatul Elena-Laura Toader.<\/p>\n<\/blockquote>\n<p>Rom\u00e2nia are obliga\u0163ia constitu\u0163ional\u0103 de a ocroti s\u0103n\u0103tatea fiec\u0103rui cet\u0103\u0163ean (Constitu\u0163ia Rom\u00e2niei, art. 34), iar apartenen\u0163a la Uniunea European\u0103 ne oblig\u0103, pe l\u00e2ng\u0103 competen\u0163ele statelor membre, s\u0103 aducem \u00een prim-plan protec\u0163ia real\u0103 a s\u0103n\u0103t\u0103\u0163ii publice, conform principiilor stabilite de TFUE \u015fi Carta Drepturilor Fundamentale a UE, atrage aten\u0163ia deputatul de Tulcea.<\/p>\n<blockquote>\n<p>\u201eSistemele de s\u0103n\u0103tate performante din UE, precum cele din Suedia sau Luxemburg, sunt construite pe baza unui echilibru \u00eentre finan\u0163are robust\u0103, transparen\u0163\u0103 \u00een achizi\u0163ii \u015fi participare real\u0103 a profesioni\u015ftilor \u015fi pacien\u0163ilor \u00een deciziile politice. \u00cen contrast, la noi asist\u0103m la prioritizarea intereselor politice de moment \u00een dauna bun\u0103st\u0103rii cet\u0103\u0163enilor. Nu putem ignora eviden\u0163a: cifrele oficiale ale Comisiei Europene plaseaz\u0103 Rom\u00e2nia sub media UE la criterii esen\u0163iale de s\u0103n\u0103tate \u2013 ceea ce constituie o umilin\u0163\u0103 interna\u0163ional\u0103 \u015fi o tragedie pentru familiile care se lupt\u0103 cu boli grave\u201d, precizeaz\u0103 deputatul Elena-Laura Toader.<\/p>\n<\/blockquote>\n<p>Parlamentarul atrage aten\u0163ia c\u0103 jurispruden\u0163a CEDO, a Cur\u0163ii Constitu\u0163ionale a Rom\u00e2niei \u015fi a CJUE ne arat\u0103 clar direc\u0163ia: drepturile fundamentale \u2013 printre care \u015fi accesul la o asisten\u0163\u0103 medical\u0103 adecvat\u0103 \u2013 nu sunt op\u0163ionale. Ele sunt obligatorii \u015fi trebuie protejate cu prioritate.<\/p>\n<blockquote>\n<p>\u201eFac un apel public pentru:<\/p>\n<p>1. Reformarea urgent\u0103 a finan\u0163\u0103rii sistemului de s\u0103n\u0103tate pe criterii de eficien\u0163\u0103 \u015fi echitate;<\/p>\n<p>2. Adoptarea unor standarde transparente de achizi\u0163ii publice \u00een s\u0103n\u0103tate \u2013 inclusiv prin platforme digitale deschise \u015fi auditabile public;<\/p>\n<p>3. Implementarea de politici active pentru men\u0163inerea \u015fi atragerea personalului medical \u00een Rom\u00e2nia;<\/p>\n<p>4. Alinierea deplin\u0103 la normele \u015fi bunele practici ale UE \u00een domeniul s\u0103n\u0103t\u0103\u0163ii.<\/p>\n<p>Este momentul ca deciden\u0163ii politici s\u0103 \u00ee\u015fi respecte nu doar angajamentele electorale, ci \u015fi obliga\u0163iile constitu\u0163ionale \u015fi europene fa\u0163\u0103 de cet\u0103\u0163enii acestei \u0163\u0103ri. Rom\u00e2nia nu mai poate a\u015ftepta!\u201d, a declarat deputatul S.O.S. Rom\u00e2nia de Tulcea Elena-Laura Toader.<\/p>\n<\/blockquote>\n<p><strong>Comunicat de pres\u0103<\/strong><\/p>\n<\/div>\n<\/div>\n<div class=\"post-footer\">\n<div class=\"social-icons ed-social-share-icons\">\n<p class=\"share-title\">Share:<\/p>\n<\/div>\n<div class=\"rating-stars\">\n<p id=\"rate-title\" class=\"rate-title\">Rate:<\/p>\n<\/div>\n<\/div>\n<\/article>\n<div class=\"post-content entry-content\">\n<p>Deputatul de Tulcea Elena-Laura Toader, din Grupul parlamentar S.O.S. Rom\u00e2nia, critic\u0103 guvernarea actual\u0103 care continu\u0103 s\u0103 trateze s\u0103n\u0103tatea public\u0103 ca pe o problem\u0103 secundar\u0103, \u00een timp ce realitatea bate alarma \u2013 spitalele sunt subfinan\u0163ate, personalul medical este insuficient \u015fi pacien\u0163ii pl\u0103tesc pentru servicii care ar trebui garantate de stat.<\/p>\n<blockquote>\n<p>\u201eEste profund \u00eengrijor\u0103tor s\u0103 constat\u0103m cum, \u00een anul 2026, guvernarea actual\u0103 continu\u0103 s\u0103 trateze s\u0103n\u0103tatea public\u0103 ca pe o problem\u0103 secundar\u0103, \u00een timp ce realitatea bate alarma \u2013 spitalele sunt subfinan\u0163ate, personalul medical este insuficient \u015fi pacien\u0163ii pl\u0103tesc pentru servicii care ar trebui garantate de stat\u201d, a declarat deputatul Elena-Laura Toader.<\/p>\n<\/blockquote>\n<p>Rom\u00e2nia are obliga\u0163ia constitu\u0163ional\u0103 de a ocroti s\u0103n\u0103tatea fiec\u0103rui cet\u0103\u0163ean (Constitu\u0163ia Rom\u00e2niei, art. 34), iar apartenen\u0163a la Uniunea European\u0103 ne oblig\u0103, pe l\u00e2ng\u0103 competen\u0163ele statelor membre, s\u0103 aducem \u00een prim-plan protec\u0163ia real\u0103 a s\u0103n\u0103t\u0103\u0163ii publice, conform principiilor stabilite de TFUE \u015fi Carta Drepturilor Fundamentale a UE, atrage aten\u0163ia deputatul de Tulcea.<\/p>\n<blockquote>\n<p>\u201eSistemele de s\u0103n\u0103tate performante din UE, precum cele din Suedia sau Luxemburg, sunt construite pe baza unui echilibru \u00eentre finan\u0163are robust\u0103, transparen\u0163\u0103 \u00een achizi\u0163ii \u015fi participare real\u0103 a profesioni\u015ftilor \u015fi pacien\u0163ilor \u00een deciziile politice. \u00cen contrast, la noi asist\u0103m la prioritizarea intereselor politice de moment \u00een dauna bun\u0103st\u0103rii cet\u0103\u0163enilor. Nu putem ignora eviden\u0163a: cifrele oficiale ale Comisiei Europene plaseaz\u0103 Rom\u00e2nia sub media UE la criterii esen\u0163iale de s\u0103n\u0103tate \u2013 ceea ce constituie o umilin\u0163\u0103 interna\u0163ional\u0103 \u015fi o tragedie pentru familiile care se lupt\u0103 cu boli grave\u201d, precizeaz\u0103 deputatul Elena-Laura Toader.<\/p>\n<\/blockquote>\n<p>Parlamentarul atrage aten\u0163ia c\u0103 jurispruden\u0163a CEDO, a Cur\u0163ii Constitu\u0163ionale a Rom\u00e2niei \u015fi a CJUE ne arat\u0103 clar direc\u0163ia: drepturile fundamentale \u2013 printre care \u015fi accesul la o asisten\u0163\u0103 medical\u0103 adecvat\u0103 \u2013 nu sunt op\u0163ionale. Ele sunt obligatorii \u015fi trebuie protejate cu prioritate.<\/p>\n<blockquote>\n<p>\u201eFac un apel public pentru:<\/p>\n<p>1. Reformarea urgent\u0103 a finan\u0163\u0103rii sistemului de s\u0103n\u0103tate pe criterii de eficien\u0163\u0103 \u015fi echitate;<\/p>\n<p>2. Adoptarea unor standarde transparente de achizi\u0163ii publice \u00een s\u0103n\u0103tate \u2013 inclusiv prin platforme digitale deschise \u015fi auditabile public;<\/p>\n<p>3. Implementarea de politici active pentru men\u0163inerea \u015fi atragerea personalului medical \u00een Rom\u00e2nia;<\/p>\n<p>4. Alinierea deplin\u0103 la normele \u015fi bunele practici ale UE \u00een domeniul s\u0103n\u0103t\u0103\u0163ii.<\/p>\n<p>Este momentul ca deciden\u0163ii politici s\u0103 \u00ee\u015fi respecte nu doar angajamentele electorale, ci \u015fi obliga\u0163iile constitu\u0163ionale \u015fi europene fa\u0163\u0103 de cet\u0103\u0163enii acestei \u0163\u0103ri. Rom\u00e2nia nu mai poate a\u015ftepta!\u201d, a declarat deputatul S.O.S. Rom\u00e2nia de Tulcea Elena-Laura Toader.<\/p>\n<\/blockquote>\n<p><strong>Comunicat de pres\u0103<\/strong><\/p>\n<\/div>\n<div class=\"post-content entry-content\">\n<p>Deputatul de Tulcea Elena-Laura Toader, din Grupul parlamentar S.O.S. Rom\u00e2nia, critic\u0103 guvernarea actual\u0103 care continu\u0103 s\u0103 trateze s\u0103n\u0103tatea public\u0103 ca pe o problem\u0103 secundar\u0103, \u00een timp ce realitatea bate alarma \u2013 spitalele sunt subfinan\u0163ate, personalul medical este insuficient \u015fi pacien\u0163ii pl\u0103tesc pentru servicii care ar trebui garantate de stat.<\/p>\n<blockquote>\n<p>\u201eEste profund \u00eengrijor\u0103tor s\u0103 constat\u0103m cum, \u00een anul 2026, guvernarea actual\u0103 continu\u0103 s\u0103 trateze s\u0103n\u0103tatea public\u0103 ca pe o problem\u0103 secundar\u0103, \u00een timp ce realitatea bate alarma \u2013 spitalele sunt subfinan\u0163ate, personalul medical este insuficient \u015fi pacien\u0163ii pl\u0103tesc pentru servicii care ar trebui garantate de stat\u201d, a declarat deputatul Elena-Laura Toader.<\/p>\n<\/blockquote>\n<p>Rom\u00e2nia are obliga\u0163ia constitu\u0163ional\u0103 de a ocroti s\u0103n\u0103tatea fiec\u0103rui cet\u0103\u0163ean (Constitu\u0163ia Rom\u00e2niei, art. 34), iar apartenen\u0163a la Uniunea European\u0103 ne oblig\u0103, pe l\u00e2ng\u0103 competen\u0163ele statelor membre, s\u0103 aducem \u00een prim-plan protec\u0163ia real\u0103 a s\u0103n\u0103t\u0103\u0163ii publice, conform principiilor stabilite de TFUE \u015fi Carta Drepturilor Fundamentale a UE, atrage aten\u0163ia deputatul de Tulcea.<\/p>\n<blockquote>\n<p>\u201eSistemele de s\u0103n\u0103tate performante din UE, precum cele din Suedia sau Luxemburg, sunt construite pe baza unui echilibru \u00eentre finan\u0163are robust\u0103, transparen\u0163\u0103 \u00een achizi\u0163ii \u015fi participare real\u0103 a profesioni\u015ftilor \u015fi pacien\u0163ilor \u00een deciziile politice. \u00cen contrast, la noi asist\u0103m la prioritizarea intereselor politice de moment \u00een dauna bun\u0103st\u0103rii cet\u0103\u0163enilor. Nu putem ignora eviden\u0163a: cifrele oficiale ale Comisiei Europene plaseaz\u0103 Rom\u00e2nia sub media UE la criterii esen\u0163iale de s\u0103n\u0103tate \u2013 ceea ce constituie o umilin\u0163\u0103 interna\u0163ional\u0103 \u015fi o tragedie pentru familiile care se lupt\u0103 cu boli grave\u201d, precizeaz\u0103 deputatul Elena-Laura Toader.<\/p>\n<\/blockquote>\n<p>Parlamentarul atrage aten\u0163ia c\u0103 jurispruden\u0163a CEDO, a Cur\u0163ii Constitu\u0163ionale a Rom\u00e2niei \u015fi a CJUE ne arat\u0103 clar direc\u0163ia: drepturile fundamentale \u2013 printre care \u015fi accesul la o asisten\u0163\u0103 medical\u0103 adecvat\u0103 \u2013 nu sunt op\u0163ionale. Ele sunt obligatorii \u015fi trebuie protejate cu prioritate.<\/p>\n<blockquote>\n<p>\u201eFac un apel public pentru:<\/p>\n<p>1. Reformarea urgent\u0103 a finan\u0163\u0103rii sistemului de s\u0103n\u0103tate pe criterii de eficien\u0163\u0103 \u015fi echitate;<\/p>\n<p>2. Adoptarea unor standarde transparente de achizi\u0163ii publice \u00een s\u0103n\u0103tate \u2013 inclusiv prin platforme digitale deschise \u015fi auditabile public;<\/p>\n<p>3. Implementarea de politici active pentru men\u0163inerea \u015fi atragerea personalului medical \u00een Rom\u00e2nia;<\/p>\n<p>4. Alinierea deplin\u0103 la normele \u015fi bunele practici ale UE \u00een domeniul s\u0103n\u0103t\u0103\u0163ii.<\/p>\n<p>Este momentul ca deciden\u0163ii politici s\u0103 \u00ee\u015fi respecte nu doar angajamentele electorale, ci \u015fi obliga\u0163iile constitu\u0163ionale \u015fi europene fa\u0163\u0103 de cet\u0103\u0163enii acestei \u0163\u0103ri. Rom\u00e2nia nu mai poate a\u015ftepta!\u201d, a declarat deputatul S.O.S. Rom\u00e2nia de Tulcea Elena-Laura Toader.<\/p>\n<\/blockquote>\n<p><strong>Comunicat de pres\u0103<\/strong><\/p>\n<\/div>\n<p>[analyse_source url=&#8221;https:\/\/ziaruldelta.ro\/2026\/02\/23\/elena-laura-toader-deputat-de-tulcea-dreptul-si-accesul-cetatenilor-romani-la-o-asistenta-medicala-adecvata\/&#8221;]<\/p>\n","protected":false},"excerpt":{"rendered":"<p>[analyse_image type=&#8221;featured&#8221; src=&#8221;https:\/\/ziaruldelta.ro\/wp-content\/uploads\/2026\/02\/Elena-Laura-Toader.jpg&#8221;] Elena-Laura Toader, deputat de Tulcea: Dreptul \u015fi accesul cet\u0103\u0163enilor rom\u00e2ni la o asisten\u0163\u0103 medical\u0103 adecvat\u0103 Posted by Ziarul Delta | Feb 23, 2026 | Politica &#8211; Administratie | Deputatul de Tulcea Elena-Laura Toader, din Grupul parlamentar S.O.S. Rom\u00e2nia, critic\u0103 guvernarea actual\u0103 care continu\u0103 s\u0103 trateze s\u0103n\u0103tatea public\u0103 ca pe o problem\u0103 secundar\u0103, [&hellip;]<\/p>\n","protected":false},"author":1,"featured_media":0,"comment_status":"open","ping_status":"","sticky":false,"template":"","format":"standard","meta":{"footnotes":""},"categories":[89],"tags":[226,206],"class_list":["post-1791345","post","type-post","status-publish","format-standard","hentry","category-romania","tag-crawlmanager","tag-ziaruldelta-ro"],"_links":{"self":[{"href":"https:\/\/analyse.optim.biz\/index.php?rest_route=\/wp\/v2\/posts\/1791345","targetHints":{"allow":["GET"]}}],"collection":[{"href":"https:\/\/analyse.optim.biz\/index.php?rest_route=\/wp\/v2\/posts"}],"about":[{"href":"https:\/\/analyse.optim.biz\/index.php?rest_route=\/wp\/v2\/types\/post"}],"author":[{"embeddable":true,"href":"https:\/\/analyse.optim.biz\/index.php?rest_route=\/wp\/v2\/users\/1"}],"replies":[{"embeddable":true,"href":"https:\/\/analyse.optim.biz\/index.php?rest_route=%2Fwp%2Fv2%2Fcomments&post=1791345"}],"version-history":[{"count":0,"href":"https:\/\/analyse.optim.biz\/index.php?rest_route=\/wp\/v2\/posts\/1791345\/revisions"}],"wp:attachment":[{"href":"https:\/\/analyse.optim.biz\/index.php?rest_route=%2Fwp%2Fv2%2Fmedia&parent=1791345"}],"wp:term":[{"taxonomy":"category","embeddable":true,"href":"https:\/\/analyse.optim.biz\/index.php?rest_route=%2Fwp%2Fv2%2Fcategories&post=1791345"},{"taxonomy":"post_tag","embeddable":true,"href":"https:\/\/analyse.optim.biz\/index.php?rest_route=%2Fwp%2Fv2%2Ftags&post=1791345"}],"curies":[{"name":"wp","href":"https:\/\/api.w.org\/{rel}","templated":true}]}}