{"id":1791029,"date":"2026-02-24T22:05:00","date_gmt":"2026-02-24T19:05:00","guid":{"rendered":"https:\/\/analyse.optim.biz\/?p=1791029"},"modified":"2026-02-24T22:05:00","modified_gmt":"2026-02-24T19:05:00","slug":"oportunitate-pentru-tineri-primaria-horezu-infiinteaza-un-cartier-rezidential-peste-300-de-loturi-sunt","status":"publish","type":"post","link":"https:\/\/analyse.optim.biz\/?p=1791029","title":{"rendered":"Oportunitate pentru tineri! Prim\u0103ria Horezu \u00eenfiin\u021beaz\u0103 un cartier reziden\u021bial. Peste 300 de loturi sunt"},"content":{"rendered":"<p>[analyse_image type=&#8221;featured&#8221; src=&#8221;https:\/\/www.gazeta-valceana.ro\/wp-content\/uploads\/2025\/03\/HOREZU-PRIMARIE.jpg&#8221;]<\/p>\n<article id=\"template-id-91645\" class=\"post-91645 tdb_templates type-tdb_templates status-publish post\">\n<div id=\"tdi_49\" class=\"tdc-zone\">\n<div class=\"tdc_zone tdi_50  wpb_row td-pb-row\">\n<div id=\"tdi_51\" class=\"tdc-row stretch_row_1200 td-stretch-content\">\n<div class=\"vc_row tdi_52  wpb_row td-pb-row\">\n<div class=\"vc_column tdi_54  wpb_column vc_column_container tdc-column td-pb-span8\">\n<div class=\"wpb_wrapper\">\n<div class=\"td_block_wrap tdb_title tdi_55 tdb-single-title td-pb-border-top td_block_template_1\" data-td-block-uid=\"tdi_55\">\n<div class=\"tdb-block-inner td-fix-index\">\n<h1 class=\"tdb-title-text\">Oportunitate pentru tineri! Prim\u0103ria Horezu \u00eenfiin\u021beaz\u0103 un cartier reziden\u021bial. Peste 300 de loturi sunt disponibile<\/h1>\n<\/div>\n<\/div>\n<div class=\"vc_row_inner tdi_58  vc_row vc_inner wpb_row td-pb-row tdc-row-content-vert-center\">\n<div class=\"vc_column_inner tdi_60  wpb_column vc_column_container tdc-inner-column td-pb-span12\">\n<div class=\"vc_column-inner\">\n<div class=\"wpb_wrapper\">\n<div class=\"td_block_wrap tdb_single_categories tdi_61 td-pb-border-top td_block_template_1 \" data-td-block-uid=\"tdi_61\">\n<div class=\"tdb-category td-fix-index\"><a class=\"tdb-entry-category\" href=\"https:\/\/www.gazeta-valceana.ro\/category\/administratie\/\">Administra\u0163ie<\/a><a class=\"tdb-entry-category\" href=\"https:\/\/www.gazeta-valceana.ro\/category\/i\/\">I<\/a><\/div>\n<\/div>\n<div class=\"td_block_wrap tdb_single_date tdi_62 td-pb-border-top td_block_template_1 tdb-post-meta\" data-td-block-uid=\"tdi_62\">\n<div class=\"tdb-block-inner td-fix-index\"><time class=\"entry-date updated td-module-date\" datetime=\"2026-02-25T00:05:00+02:00\">25 februarie 2026<\/time><\/div>\n<\/div>\n<\/div>\n<\/div>\n<\/div>\n<\/div>\n<\/div>\n<\/div>\n<\/div>\n<\/div>\n<div id=\"tdi_65\" class=\"tdc-row stretch_row_1200 td-stretch-content\">\n<div class=\"vc_row tdi_66  wpb_row td-pb-row\">\n<div class=\"vc_column tdi_68  wpb_column vc_column_container tdc-column td-pb-span8\">\n<div class=\"wpb_wrapper\">\n<div class=\"td_block_wrap tdb_single_featured_image tdi_69 tdb-content-horiz-left td-pb-border-top td_block_template_1\" data-td-block-uid=\"tdi_69\">\n<div class=\"tdb-block-inner td-fix-index\"><img loading=\"lazy\" decoding=\"async\" width=\"696\" height=\"399\" class=\"entry-thumb\" src=\"https:\/\/www.gazeta-valceana.ro\/wp-content\/uploads\/2025\/03\/HOREZU-PRIMARIE-696x399.jpg\" alt title=\"HOREZU PRIMARIE\"><\/div>\n<\/div>\n<div class=\"td_block_wrap tdb_single_post_share tdi_70  td-pb-border-top td_block_template_1\" data-td-block-uid=\"tdi_70\">\n<div id=\"tdi_70\" class=\"td-post-sharing tdb-block td-ps-border td-ps-border-grey td-ps-notext td-ps-icon-color td-ps-text-color td-post-sharing-style16 \">\n<div class=\"td-post-sharing-visible\">\n<div class=\"td-social-sharing-button td-social-sharing-button-js td-social-handler td-social-share-text\">\n<div class=\"td-social-but-text\">Ac\u021biune<\/div>\n<\/div>\n<p><a class=\"td-social-sharing-button td-social-sharing-button-js td-social-network td-social-facebook\" href=\"https:\/\/www.facebook.com\/sharer.php?u=https%3A%2F%2Fwww.gazeta-valceana.ro%2Fadministratie%2Foportunitate-pentru-tineri-primaria-horezu-infiinteaza-un-cartier-rezidential-peste-300-de-loturi-sunt-disponibile%2F\" title=\"Facebook\"><\/p>\n<div class=\"td-social-but-text\">Facebook<\/div>\n<p><\/a><a class=\"td-social-sharing-button td-social-sharing-button-js td-social-network td-social-twitter\" href=\"https:\/\/twitter.com\/intent\/tweet?text=Oportunitate+pentru+tineri%21+Prim%C4%83ria+Horezu+%C3%AEnfiin%C8%9Beaz%C4%83+un+cartier+reziden%C8%9Bial.+Peste+300+de+loturi+sunt+disponibile&amp;url=https%3A%2F%2Fwww.gazeta-valceana.ro%2Fadministratie%2Foportunitate-pentru-tineri-primaria-horezu-infiinteaza-un-cartier-rezidential-peste-300-de-loturi-sunt-disponibile%2F&amp;via=Gazeta+V%C3%A2lcean%C4%83\" title=\"Twitter\"><\/p>\n<div class=\"td-social-but-text\">Twitter<\/div>\n<p><\/a><a class=\"td-social-sharing-button td-social-sharing-button-js td-social-network td-social-pinterest\" href=\"https:\/\/pinterest.com\/pin\/create\/button\/?url=https:\/\/www.gazeta-valceana.ro\/administratie\/oportunitate-pentru-tineri-primaria-horezu-infiinteaza-un-cartier-rezidential-peste-300-de-loturi-sunt-disponibile\/&amp;media=https:\/\/www.gazeta-valceana.ro\/wp-content\/uploads\/2025\/03\/HOREZU-PRIMARIE.jpg&amp;description=Oportunitate+pentru+tineri%21+Prim%C4%83ria+Horezu+%C3%AEnfiin%C8%9Beaz%C4%83+un+cartier+reziden%C8%9Bial.+Peste+300+de+loturi+sunt+disponibile\" title=\"Pinterest\"><\/p>\n<div class=\"td-social-but-text\">Pinterest<\/div>\n<p><\/a><a class=\"td-social-sharing-button td-social-sharing-button-js td-social-network td-social-whatsapp\" href=\"https:\/\/api.whatsapp.com\/send?text=Oportunitate+pentru+tineri%21+Prim%C4%83ria+Horezu+%C3%AEnfiin%C8%9Beaz%C4%83+un+cartier+reziden%C8%9Bial.+Peste+300+de+loturi+sunt+disponibile%20%0A%0A%20https:\/\/www.gazeta-valceana.ro\/administratie\/oportunitate-pentru-tineri-primaria-horezu-infiinteaza-un-cartier-rezidential-peste-300-de-loturi-sunt-disponibile\/\" title=\"WhatsApp\"><\/p>\n<div class=\"td-social-but-text\">WhatsApp<\/div>\n<p><\/a><\/div>\n<\/div>\n<\/div>\n<div class=\"td_block_wrap tdb_single_content tdi_71 td-pb-border-top td_block_template_1 td-post-content tagdiv-type\" data-td-block-uid=\"tdi_71\">\n<div class=\"tdb-block-inner td-fix-index\">\n<p>Prim\u0103ria Ora\u0219ului Horezu anun\u021b\u0103 demararea proiectului \u201e\u00cenfiin\u021bare Cartier Reziden\u021bial Treapt\u201d, o ini\u021biativ\u0103 ambi\u021bioas\u0103 menit\u0103 s\u0103 sprijine tinerii \u0219i personalul din institu\u021biile publice locale \u00een construirea unei locuin\u021be proprii. Conform Planului Urbanistic Zonal (PUZ) aprobat, au fost create peste 300 de loturi, fiecare av\u00e2nd o suprafa\u021b\u0103 de 400 mp. Proiectul se desf\u0103\u0219oar\u0103 \u00een baza Legii nr. 15\/2003 privind sprijinul acordat tinerilor pentru construirea unei locuin\u021be proprietate personal\u0103.<\/p>\n<p><strong>Cine poate solicita un lot de teren?<\/strong><\/p>\n<p>Programul se adreseaz\u0103 \u00een principal tinerilor, dar include \u0219i facilit\u0103\u021bi pentru angaja\u021bii din sectorul public:<\/p>\n<p>\u2022 Tineri cu v\u00e2rsta \u00eentre 18 \u0219i 35 de ani: Solicitan\u021bii trebuie s\u0103 aib\u0103 domiciliul sau re\u0219edin\u021ba \u00een ora\u0219ul Horezu \u0219i s\u0103 nu de\u021bin\u0103 un teren de minim 500 mp intravilan \u0219i\/sau 5000 mp extravilan;<\/p>\n<p>\u2022 Personalul institu\u021biilor de stat din Horezu: Angaja\u021bii care lucreaz\u0103 \u00een cadrul Judec\u0103toriei, \u00een Educa\u021bie, Finan\u021be, S\u0103n\u0103tate, Cultur\u0103 sau Administra\u021bie pot depune cereri de atribuire f\u0103r\u0103 limit\u0103 de v\u00e2rst\u0103.<\/p>\n<p>Tinerii care ob\u021bin un lot \u00een acest cartier pot beneficia \u0219i de prevederile Legii nr. 114\/1996, care permite ob\u021binerea unei subven\u021bii de la bugetul de stat pentru edificarea locuin\u021bei.<\/p>\n<p>Persoanele interesate trebuie s\u0103 ac\u021bioneze rapid. Dosarele pentru depunerea cererii de atribuire a unui lot \u00een Cartierul Reziden\u021bial Treapt se depun la sediul Prim\u0103riei Ora\u0219ului Horezu. Data limit\u0103 pentru depunerea cererilor este 30 martie 2026.<\/p>\n<\/div>\n<\/div>\n<div class=\"tdb-author-box td_block_wrap tdb_single_author_box tdi_72 tdb-content-vert-top td-pb-border-top td_block_template_1\" data-td-block-uid=\"tdi_72\">\n<div class=\"tdb-block-inner td-fix-index\"><a href=\"https:\/\/www.gazeta-valceana.ro\/author\/redactia\/\" class=\"tdb-author-photo\" title=\"Redactia\"><img decoding=\"async\" alt=\"Redactia\" src=\"https:\/\/secure.gravatar.com\/avatar\/d9699bfd17d7f55fcf6bbdfb0214d48a942c5fd23a1db27f4a803a8d0651670f?s=500&amp;d=mm&amp;r=g\" class=\"avatar avatar-500 photo\" height=\"500\" width=\"500\" loading=\"lazy\"><\/a><\/p>\n<div class=\"tdb-author-info\"><a href=\"https:\/\/www.gazeta-valceana.ro\/author\/redactia\/\" class=\"tdb-author-name\">Redactia<\/a><\/div>\n<\/div>\n<\/div>\n<\/div>\n<\/div>\n<div class=\"vc_column tdi_76  wpb_column vc_column_container tdc-column td-pb-span4 td-is-sticky\">\n<div class=\"wpb_wrapper\" data-sticky-enabled-on=\"W3RydWUsdHJ1ZSx0cnVlLHRydWVd\" data-sticky-offset=\"20\" data-sticky-is-width-auto=\"W2ZhbHNlLGZhbHNlLGZhbHNlLGZhbHNlXQ==\">\n<div class=\"vc_row_inner tdi_81  vc_row vc_inner wpb_row td-pb-row tdc-row-content-vert-center\">\n<div class=\"vc_column_inner tdi_83  wpb_column vc_column_container tdc-inner-column td-pb-span12\">\n<div class=\"vc_column-inner\">\n<div class=\"wpb_wrapper\">\n<div class=\"tdm_block td_block_wrap tdm_block_inline_text tdi_86 tdm-inline-block td-pb-border-top td_block_template_1\" data-td-block-uid=\"tdi_86\">\n<p class=\"tdm-descr\">Ultimele articole<\/p>\n<\/div>\n<\/div>\n<\/div>\n<\/div>\n<\/div>\n<div class=\"td_block_wrap td_flex_block_1 tdi_87 td-pb-border-top td_block_template_1 td_flex_block\" data-td-block-uid=\"tdi_87\">\n<div id=\"tdi_87\" class=\"td_block_inner td-mc1-wrap\">\n<div class=\"td_module_flex td_module_flex_1 td_module_wrap td-animation-stack td-cpt-post\">\n<div class=\"td-module-container td-category-pos-\">\n<div class=\"td-module-meta-info\">\n<h3 class=\"entry-title td-module-title\"><a href=\"https:\/\/www.gazeta-valceana.ro\/anchetedezvaluri\/foto-martea-neagra-in-capitala-olteniei-mecanic-verificat-cu-alcooltestul-dupa-ce-trenul-a-accidentat-mortal-un-pensionar\/\" rel=\"bookmark\" title=\"FOTO. Mar\u021bea neagr\u0103 \u00een capitala Olteniei. Mecanic, verificat cu alcooltestul dup\u0103 ce trenul a accidentat mortal un pensionar\">FOTO. Mar\u021bea neagr\u0103 \u00een capitala Olteniei. Mecanic, verificat cu alcooltestul dup\u0103 ce trenul a accidentat mortal un pensionar<\/a><\/h3>\n<div class=\"td-editor-date\"><span class=\"td-author-date\"><span class=\"td-post-date\"><time class=\"entry-date updated td-module-date\" datetime=\"2026-02-24T19:30:18+02:00\">24 februarie 2026<\/time><\/span><\/span><\/div>\n<\/div>\n<\/div>\n<\/div>\n<div class=\"td_module_flex td_module_flex_1 td_module_wrap td-animation-stack td-cpt-post\">\n<div class=\"td-module-container td-category-pos-\">\n<div class=\"td-module-meta-info\">\n<h3 class=\"entry-title td-module-title\"><a href=\"https:\/\/www.gazeta-valceana.ro\/fapt-divers\/carnagiu-in-judetul-vecin-doi-soferi-au-decedat-in-aceasta-seara-o-adolescenta\/\" rel=\"bookmark\" title=\"Carnagiu \u00een jude\u021bul vecin! Doi \u0219oferi au decedat \u00een aceast\u0103 sear\u0103. O ADOLESCENT\u0102\u2026\">Carnagiu \u00een jude\u021bul vecin! Doi \u0219oferi au decedat \u00een aceast\u0103 sear\u0103. O ADOLESCENT\u0102\u2026<\/a><\/h3>\n<div class=\"td-editor-date\"><span class=\"td-author-date\"><span class=\"td-post-date\"><time class=\"entry-date updated td-module-date\" datetime=\"2026-02-24T19:15:10+02:00\">24 februarie 2026<\/time><\/span><\/span><\/div>\n<\/div>\n<\/div>\n<\/div>\n<div class=\"td_module_flex td_module_flex_1 td_module_wrap td-animation-stack td-cpt-post\">\n<div class=\"td-module-container td-category-pos-\">\n<div class=\"td-module-meta-info\">\n<h3 class=\"entry-title td-module-title\"><a href=\"https:\/\/www.gazeta-valceana.ro\/fapt-divers\/imm-urile-sunt-actori-cheie-pentru-rezilienta-regiunilor-estice\/\" rel=\"bookmark\" title=\"IMM-urile sunt actori cheie pentru rezilien\u021ba regiunilor estice\">IMM-urile sunt actori cheie pentru rezilien\u021ba regiunilor estice<\/a><\/h3>\n<div class=\"td-editor-date\"><span class=\"td-author-date\"><span class=\"td-post-date\"><time class=\"entry-date updated td-module-date\" datetime=\"2026-02-24T18:50:00+02:00\">24 februarie 2026<\/time><\/span><\/span><\/div>\n<\/div>\n<\/div>\n<\/div>\n<div class=\"td_module_flex td_module_flex_1 td_module_wrap td-animation-stack td-cpt-post\">\n<div class=\"td-module-container td-category-pos-\">\n<div class=\"td-module-meta-info\">\n<h3 class=\"entry-title td-module-title\"><a href=\"https:\/\/www.gazeta-valceana.ro\/fapt-divers\/foto-interventie-a-pompierilor-dupa-mini-furtuna-care-a-lovit-ramnicul-in-aceasta-dupa-amiaza-fulgere-si-tunete-de-dragobete\/\" rel=\"bookmark\" title=\"FOTO. Interven\u021bie a pompierilor dup\u0103 mini-furtuna care a lovit R\u00e2mnicul \u00een aceast\u0103 dup\u0103-amiaz\u0103. Fulgere \u0219i tunete de Dragobete!\">FOTO. Interven\u021bie a pompierilor dup\u0103 mini-furtuna care a lovit R\u00e2mnicul \u00een aceast\u0103 dup\u0103-amiaz\u0103. Fulgere \u0219i tunete de Dragobete!<\/a><\/h3>\n<div class=\"td-editor-date\"><span class=\"td-author-date\"><span class=\"td-post-date\"><time class=\"entry-date updated td-module-date\" datetime=\"2026-02-24T18:39:34+02:00\">24 februarie 2026<\/time><\/span><\/span><\/div>\n<\/div>\n<\/div>\n<\/div>\n<\/div>\n<\/div>\n<div class=\"td_block_wrap td-a-rec td-a-rec-id-custom-spot td-a-rec-img tdi_88 td_block_template_1\">\n<div><a href=\"https:\/\/www.gazeta-valceana.ro\/administratie\/oportunitate-pentru-tineri-primaria-horezu-infiinteaza-un-cartier-rezidential-peste-300-de-loturi-sunt-disponibile\/\" class=\"td_spot_img_all\"><img loading=\"lazy\" decoding=\"async\" src=\"https:\/\/www.gazeta-valceana.ro\/wp-content\/uploads\/2025\/01\/image-5.jpg\" alt=\"spot_img\" width=\"347\" height=\"277\"><\/a><a href=\"https:\/\/www.gazeta-valceana.ro\/administratie\/oportunitate-pentru-tineri-primaria-horezu-infiinteaza-un-cartier-rezidential-peste-300-de-loturi-sunt-disponibile\/\" class=\"td_spot_img_mob\"><img loading=\"lazy\" decoding=\"async\" src=\"https:\/\/www.gazeta-valceana.ro\/wp-content\/uploads\/2025\/01\/image-5.jpg\" alt=\"spot_img\" width=\"347\" height=\"247\"><\/a><\/div>\n<\/div>\n<div class=\"td_block_wrap td-a-rec td-a-rec-id-custom-spot td-a-rec-img tdi_89 td_block_template_1\">\n<div><a href=\"https:\/\/www.gazeta-valceana.ro\/administratie\/oportunitate-pentru-tineri-primaria-horezu-infiinteaza-un-cartier-rezidential-peste-300-de-loturi-sunt-disponibile\/\" class=\"td_spot_img_all\"><img loading=\"lazy\" decoding=\"async\" src=\"https:\/\/www.gazeta-valceana.ro\/wp-content\/uploads\/2025\/01\/image-3.jpeg\" alt=\"spot_img\" width=\"347\" height=\"277\"><\/a><a href=\"https:\/\/www.gazeta-valceana.ro\/administratie\/oportunitate-pentru-tineri-primaria-horezu-infiinteaza-un-cartier-rezidential-peste-300-de-loturi-sunt-disponibile\/\" class=\"td_spot_img_mob\"><img loading=\"lazy\" decoding=\"async\" src=\"https:\/\/www.gazeta-valceana.ro\/wp-content\/uploads\/2025\/01\/image-3.jpeg\" alt=\"spot_img\" width=\"347\" height=\"247\"><\/a><\/div>\n<\/div>\n<\/div>\n<\/div>\n<\/div>\n<\/div>\n<div id=\"tdi_97\" class=\"tdc-row stretch_row_1200 td-stretch-content\">\n<div class=\"vc_row tdi_98  wpb_row td-pb-row\">\n<div class=\"vc_column tdi_100  wpb_column vc_column_container tdc-column td-pb-span12\">\n<div class=\"wpb_wrapper\">\n<div class=\"td_block_wrap tdb_single_next_prev tdi_101 td-pb-border-top td_block_template_1\" data-td-block-uid=\"tdi_101\">\n<div class=\"tdb-block-inner td-fix-index\">\n<div class=\"tdb-next-post tdb-next-post-bg tdb-post-prev\"><span>Articolul precedent<\/span><\/p>\n<div class=\"td-module-container\">\n<div class=\"next-prev-title\"><a href=\"https:\/\/www.gazeta-valceana.ro\/anchetedezvaluri\/foto-martea-neagra-in-capitala-olteniei-mecanic-verificat-cu-alcooltestul-dupa-ce-trenul-a-accidentat-mortal-un-pensionar\/\">FOTO. Mar\u021bea neagr\u0103 \u00een capitala Olteniei. Mecanic, verificat cu alcooltestul dup\u0103 ce trenul a accidentat mortal un pensionar<\/a><\/div>\n<\/div>\n<\/div>\n<\/div>\n<\/div>\n<div class=\"vc_row_inner tdi_103  vc_row vc_inner wpb_row td-pb-row tdc-row-content-vert-center\">\n<div class=\"vc_column_inner tdi_105  wpb_column vc_column_container tdc-inner-column td-pb-span12\">\n<div class=\"vc_column-inner\">\n<div class=\"wpb_wrapper\">\n<div class=\"tdm_block td_block_wrap tdm_block_inline_text tdi_108 tdm-inline-block td-pb-border-top td_block_template_1\" data-td-block-uid=\"tdi_108\">\n<p class=\"tdm-descr\">Related articles<\/p>\n<\/div>\n<\/div>\n<\/div>\n<\/div>\n<\/div>\n<div class=\"td_block_wrap tdb_single_related tdi_109 td_with_ajax_pagination td-pb-border-top td_block_template_1 tdb-single-related-posts\" data-td-block-uid=\"tdi_109\">\n<div id=\"tdi_109\" class=\"td_block_inner tdb-block-inner td-fix-index\">\n<div class=\"tdb_module_related td_module_wrap td-animation-stack\">\n<div class=\"td-module-container td-category-pos-\">\n<div class=\"td-module-meta-info\">\n<h3 class=\"entry-title td-module-title\"><a href=\"https:\/\/www.gazeta-valceana.ro\/anchetedezvaluri\/foto-martea-neagra-in-capitala-olteniei-mecanic-verificat-cu-alcooltestul-dupa-ce-trenul-a-accidentat-mortal-un-pensionar\/\" rel=\"bookmark\" title=\"FOTO. Mar\u021bea neagr\u0103 \u00een capitala Olteniei. Mecanic, verificat cu alcooltestul dup\u0103 ce trenul a accidentat mortal un pensionar\">FOTO. Mar\u021bea neagr\u0103 \u00een capitala Olteniei. Mecanic, verificat cu alcooltestul dup\u0103 ce trenul a accidentat mortal un pensionar<\/a><\/h3>\n<div class=\"td-editor-date\"><a href=\"https:\/\/www.gazeta-valceana.ro\/category\/anchetedezvaluri\/\" class=\"td-post-category\">Anchete\/Dezv\u0103luri<\/a><span class=\"td-author-date\"><span class=\"td-post-date\"><time class=\"entry-date updated td-module-date\" datetime=\"2026-02-24T19:30:18+02:00\">24 februarie 2026<\/time><\/span><\/span><\/div>\n<\/div>\n<\/div>\n<\/div>\n<div class=\"tdb_module_related td_module_wrap td-animation-stack\">\n<div class=\"td-module-container td-category-pos-\">\n<div class=\"td-module-meta-info\">\n<h3 class=\"entry-title td-module-title\"><a href=\"https:\/\/www.gazeta-valceana.ro\/fapt-divers\/carnagiu-in-judetul-vecin-doi-soferi-au-decedat-in-aceasta-seara-o-adolescenta\/\" rel=\"bookmark\" title=\"Carnagiu \u00een jude\u021bul vecin! Doi \u0219oferi au decedat \u00een aceast\u0103 sear\u0103. O ADOLESCENT\u0102\u2026\">Carnagiu \u00een jude\u021bul vecin! Doi \u0219oferi au decedat \u00een aceast\u0103 sear\u0103. O ADOLESCENT\u0102\u2026<\/a><\/h3>\n<div class=\"td-editor-date\"><a href=\"https:\/\/www.gazeta-valceana.ro\/category\/fapt-divers\/\" class=\"td-post-category\">Fapt divers<\/a><span class=\"td-author-date\"><span class=\"td-post-date\"><time class=\"entry-date updated td-module-date\" datetime=\"2026-02-24T19:15:10+02:00\">24 februarie 2026<\/time><\/span><\/span><\/div>\n<\/div>\n<\/div>\n<\/div>\n<div class=\"tdb_module_related td_module_wrap td-animation-stack\">\n<div class=\"td-module-container td-category-pos-\">\n<div class=\"td-module-meta-info\">\n<h3 class=\"entry-title td-module-title\"><a href=\"https:\/\/www.gazeta-valceana.ro\/fapt-divers\/imm-urile-sunt-actori-cheie-pentru-rezilienta-regiunilor-estice\/\" rel=\"bookmark\" title=\"IMM-urile sunt actori cheie pentru rezilien\u021ba regiunilor estice\">IMM-urile sunt actori cheie pentru rezilien\u021ba regiunilor estice<\/a><\/h3>\n<div class=\"td-editor-date\"><a href=\"https:\/\/www.gazeta-valceana.ro\/category\/fapt-divers\/\" class=\"td-post-category\">Fapt divers<\/a><span class=\"td-author-date\"><span class=\"td-post-date\"><time class=\"entry-date updated td-module-date\" datetime=\"2026-02-24T18:50:00+02:00\">24 februarie 2026<\/time><\/span><\/span><\/div>\n<\/div>\n<\/div>\n<\/div>\n<\/div>\n<\/div>\n<\/div>\n<\/div>\n<\/div>\n<\/div>\n<div id=\"tdi_116\" class=\"tdc-row stretch_row_1200 td-stretch-content\">\n<div class=\"vc_row tdi_117  wpb_row td-pb-row\">\n<div class=\"vc_column tdi_122  wpb_column vc_column_container tdc-column td-pb-span4 td-is-sticky\">\n<div class=\"wpb_wrapper\" data-sticky-enabled-on=\"W3RydWUsdHJ1ZSx0cnVlLHRydWVd\" data-sticky-offset=\"20\" data-sticky-is-width-auto=\"W2ZhbHNlLGZhbHNlLGZhbHNlLGZhbHNlXQ==\">\n<div class=\"td_block_wrap td-a-rec td-a-rec-id-custom-spot td-a-rec-img tdi_123 td_block_template_1\">\n<div><a href=\"https:\/\/www.gazeta-valceana.ro\/administratie\/oportunitate-pentru-tineri-primaria-horezu-infiinteaza-un-cartier-rezidential-peste-300-de-loturi-sunt-disponibile\/\" class=\"td_spot_img_all\"><img loading=\"lazy\" decoding=\"async\" src=\"https:\/\/www.gazeta-valceana.ro\/wp-content\/uploads\/2025\/01\/image-4.jpg\" alt=\"spot_img\" width=\"347\" height=\"277\"><\/a><a href=\"https:\/\/www.gazeta-valceana.ro\/administratie\/oportunitate-pentru-tineri-primaria-horezu-infiinteaza-un-cartier-rezidential-peste-300-de-loturi-sunt-disponibile\/\" class=\"td_spot_img_mob\"><img loading=\"lazy\" decoding=\"async\" src=\"https:\/\/www.gazeta-valceana.ro\/wp-content\/uploads\/2025\/01\/image-4.jpg\" alt=\"spot_img\" width=\"347\" height=\"247\"><\/a><\/div>\n<\/div>\n<div class=\"td_block_wrap td-a-rec td-a-rec-id-custom-spot td-a-rec-img tdi_124 td_block_template_1\">\n<div><a href=\"https:\/\/www.gazeta-valceana.ro\/administratie\/oportunitate-pentru-tineri-primaria-horezu-infiinteaza-un-cartier-rezidential-peste-300-de-loturi-sunt-disponibile\/\" class=\"td_spot_img_all\"><img loading=\"lazy\" decoding=\"async\" src=\"https:\/\/www.gazeta-valceana.ro\/wp-content\/uploads\/2025\/01\/image-5.jpg\" alt=\"spot_img\" width=\"347\" height=\"277\"><\/a><a href=\"https:\/\/www.gazeta-valceana.ro\/administratie\/oportunitate-pentru-tineri-primaria-horezu-infiinteaza-un-cartier-rezidential-peste-300-de-loturi-sunt-disponibile\/\" class=\"td_spot_img_mob\"><img loading=\"lazy\" decoding=\"async\" src=\"https:\/\/www.gazeta-valceana.ro\/wp-content\/uploads\/2025\/01\/image-5.jpg\" alt=\"spot_img\" width=\"347\" height=\"247\"><\/a><\/div>\n<\/div>\n<div class=\"td_block_wrap td-a-rec td-a-rec-id-custom-spot td-a-rec-img tdi_125 td_block_template_1\">\n<div><a href=\"https:\/\/www.gazeta-valceana.ro\/administratie\/oportunitate-pentru-tineri-primaria-horezu-infiinteaza-un-cartier-rezidential-peste-300-de-loturi-sunt-disponibile\/\" class=\"td_spot_img_all\"><img loading=\"lazy\" decoding=\"async\" src=\"https:\/\/www.gazeta-valceana.ro\/wp-content\/uploads\/2025\/01\/image-3.jpeg\" alt=\"spot_img\" width=\"347\" height=\"277\"><\/a><a href=\"https:\/\/www.gazeta-valceana.ro\/administratie\/oportunitate-pentru-tineri-primaria-horezu-infiinteaza-un-cartier-rezidential-peste-300-de-loturi-sunt-disponibile\/\" class=\"td_spot_img_mob\"><img loading=\"lazy\" decoding=\"async\" src=\"https:\/\/www.gazeta-valceana.ro\/wp-content\/uploads\/2025\/01\/image-3.jpeg\" alt=\"spot_img\" width=\"347\" height=\"247\"><\/a><\/div>\n<\/div>\n<\/div>\n<\/div>\n<\/div>\n<\/div>\n<\/div>\n<\/div>\n<p><span class=\"td-page-meta\"><\/span><span class=\"td-page-meta\"><span class=\"td-page-meta\"><\/span><\/span><span class=\"td-page-meta\"><\/span><\/article>\n<\/p>\n<div class=\"td_block_wrap tdb_single_content tdi_71 td-pb-border-top td_block_template_1 td-post-content tagdiv-type\" data-td-block-uid=\"tdi_71\">\n<div class=\"tdb-block-inner td-fix-index\">\n<p>Prim\u0103ria Ora\u0219ului Horezu anun\u021b\u0103 demararea proiectului \u201e\u00cenfiin\u021bare Cartier Reziden\u021bial Treapt\u201d, o ini\u021biativ\u0103 ambi\u021bioas\u0103 menit\u0103 s\u0103 sprijine tinerii \u0219i personalul din institu\u021biile publice locale \u00een construirea unei locuin\u021be proprii. Conform Planului Urbanistic Zonal (PUZ) aprobat, au fost create peste 300 de loturi, fiecare av\u00e2nd o suprafa\u021b\u0103 de 400 mp. Proiectul se desf\u0103\u0219oar\u0103 \u00een baza Legii nr. 15\/2003 privind sprijinul acordat tinerilor pentru construirea unei locuin\u021be proprietate personal\u0103.<\/p>\n<p><strong>Cine poate solicita un lot de teren?<\/strong><\/p>\n<p>Programul se adreseaz\u0103 \u00een principal tinerilor, dar include \u0219i facilit\u0103\u021bi pentru angaja\u021bii din sectorul public:<\/p>\n<p>\u2022 Tineri cu v\u00e2rsta \u00eentre 18 \u0219i 35 de ani: Solicitan\u021bii trebuie s\u0103 aib\u0103 domiciliul sau re\u0219edin\u021ba \u00een ora\u0219ul Horezu \u0219i s\u0103 nu de\u021bin\u0103 un teren de minim 500 mp intravilan \u0219i\/sau 5000 mp extravilan;<\/p>\n<p>\u2022 Personalul institu\u021biilor de stat din Horezu: Angaja\u021bii care lucreaz\u0103 \u00een cadrul Judec\u0103toriei, \u00een Educa\u021bie, Finan\u021be, S\u0103n\u0103tate, Cultur\u0103 sau Administra\u021bie pot depune cereri de atribuire f\u0103r\u0103 limit\u0103 de v\u00e2rst\u0103.<\/p>\n<p>Tinerii care ob\u021bin un lot \u00een acest cartier pot beneficia \u0219i de prevederile Legii nr. 114\/1996, care permite ob\u021binerea unei subven\u021bii de la bugetul de stat pentru edificarea locuin\u021bei.<\/p>\n<p>Persoanele interesate trebuie s\u0103 ac\u021bioneze rapid. Dosarele pentru depunerea cererii de atribuire a unui lot \u00een Cartierul Reziden\u021bial Treapt se depun la sediul Prim\u0103riei Ora\u0219ului Horezu. Data limit\u0103 pentru depunerea cererilor este 30 martie 2026.<\/p>\n<\/div>\n<\/div>\n<p>Prim\u0103ria Ora\u0219ului Horezu anun\u021b\u0103 demararea proiectului \u201e\u00cenfiin\u021bare Cartier Reziden\u021bial Treapt\u201d, o ini\u021biativ\u0103 ambi\u021bioas\u0103 menit\u0103 s\u0103 sprijine tinerii \u0219i personalul din institu\u021biile publice locale \u00een construirea unei locuin\u021be proprii. Conform Planului Urbanistic Zonal (PUZ) aprobat, au fost create peste 300 de loturi, fiecare av\u00e2nd o suprafa\u021b\u0103 de 400 mp. Proiectul se desf\u0103\u0219oar\u0103 \u00een baza Legii nr. 15\/2003 privind sprijinul acordat tinerilor pentru construirea unei locuin\u021be proprietate personal\u0103.<\/p>\n<p><strong>Cine poate solicita un lot de teren?<\/strong><\/p>\n<p>Programul se adreseaz\u0103 \u00een principal tinerilor, dar include \u0219i facilit\u0103\u021bi pentru angaja\u021bii din sectorul public:<\/p>\n<p>\u2022 Tineri cu v\u00e2rsta \u00eentre 18 \u0219i 35 de ani: Solicitan\u021bii trebuie s\u0103 aib\u0103 domiciliul sau re\u0219edin\u021ba \u00een ora\u0219ul Horezu \u0219i s\u0103 nu de\u021bin\u0103 un teren de minim 500 mp intravilan \u0219i\/sau 5000 mp extravilan;<\/p>\n<p>\u2022 Personalul institu\u021biilor de stat din Horezu: Angaja\u021bii care lucreaz\u0103 \u00een cadrul Judec\u0103toriei, \u00een Educa\u021bie, Finan\u021be, S\u0103n\u0103tate, Cultur\u0103 sau Administra\u021bie pot depune cereri de atribuire f\u0103r\u0103 limit\u0103 de v\u00e2rst\u0103.<\/p>\n<p>Tinerii care ob\u021bin un lot \u00een acest cartier pot beneficia \u0219i de prevederile Legii nr. 114\/1996, care permite ob\u021binerea unei subven\u021bii de la bugetul de stat pentru edificarea locuin\u021bei.<\/p>\n<p>Persoanele interesate trebuie s\u0103 ac\u021bioneze rapid. Dosarele pentru depunerea cererii de atribuire a unui lot \u00een Cartierul Reziden\u021bial Treapt se depun la sediul Prim\u0103riei Ora\u0219ului Horezu. Data limit\u0103 pentru depunerea cererilor este 30 martie 2026.<\/p>\n<p>[analyse_source url=&#8221;https:\/\/www.gazeta-valceana.ro\/administratie\/oportunitate-pentru-tineri-primaria-horezu-infiinteaza-un-cartier-rezidential-peste-300-de-loturi-sunt-disponibile\/&#8221;]<\/p>\n","protected":false},"excerpt":{"rendered":"<p>[analyse_image type=&#8221;featured&#8221; src=&#8221;https:\/\/www.gazeta-valceana.ro\/wp-content\/uploads\/2025\/03\/HOREZU-PRIMARIE.jpg&#8221;] Oportunitate pentru tineri! Prim\u0103ria Horezu \u00eenfiin\u021beaz\u0103 un cartier reziden\u021bial. Peste 300 de loturi sunt disponibile Administra\u0163ieI 25 februarie 2026 Ac\u021biune Facebook Twitter Pinterest WhatsApp Prim\u0103ria Ora\u0219ului Horezu anun\u021b\u0103 demararea proiectului \u201e\u00cenfiin\u021bare Cartier Reziden\u021bial Treapt\u201d, o ini\u021biativ\u0103 ambi\u021bioas\u0103 menit\u0103 s\u0103 sprijine tinerii \u0219i personalul din institu\u021biile publice locale \u00een construirea unei locuin\u021be proprii. [&hellip;]<\/p>\n","protected":false},"author":1,"featured_media":0,"comment_status":"open","ping_status":"","sticky":false,"template":"","format":"standard","meta":{"footnotes":""},"categories":[89],"tags":[226,214],"class_list":["post-1791029","post","type-post","status-publish","format-standard","hentry","category-romania","tag-crawlmanager","tag-gazetavalceana-ro"],"_links":{"self":[{"href":"https:\/\/analyse.optim.biz\/index.php?rest_route=\/wp\/v2\/posts\/1791029","targetHints":{"allow":["GET"]}}],"collection":[{"href":"https:\/\/analyse.optim.biz\/index.php?rest_route=\/wp\/v2\/posts"}],"about":[{"href":"https:\/\/analyse.optim.biz\/index.php?rest_route=\/wp\/v2\/types\/post"}],"author":[{"embeddable":true,"href":"https:\/\/analyse.optim.biz\/index.php?rest_route=\/wp\/v2\/users\/1"}],"replies":[{"embeddable":true,"href":"https:\/\/analyse.optim.biz\/index.php?rest_route=%2Fwp%2Fv2%2Fcomments&post=1791029"}],"version-history":[{"count":0,"href":"https:\/\/analyse.optim.biz\/index.php?rest_route=\/wp\/v2\/posts\/1791029\/revisions"}],"wp:attachment":[{"href":"https:\/\/analyse.optim.biz\/index.php?rest_route=%2Fwp%2Fv2%2Fmedia&parent=1791029"}],"wp:term":[{"taxonomy":"category","embeddable":true,"href":"https:\/\/analyse.optim.biz\/index.php?rest_route=%2Fwp%2Fv2%2Fcategories&post=1791029"},{"taxonomy":"post_tag","embeddable":true,"href":"https:\/\/analyse.optim.biz\/index.php?rest_route=%2Fwp%2Fv2%2Ftags&post=1791029"}],"curies":[{"name":"wp","href":"https:\/\/api.w.org\/{rel}","templated":true}]}}