{"id":179059,"date":"2015-06-17T15:31:31","date_gmt":"2015-06-17T12:31:31","guid":{"rendered":"https:\/\/analyse.optim.biz\/?p=179059"},"modified":"2015-06-17T15:31:31","modified_gmt":"2015-06-17T12:31:31","slug":"calin-popescu-tariceanu-il-critica-pe-klaus-iohannis","status":"publish","type":"post","link":"https:\/\/analyse.optim.biz\/?p=179059","title":{"rendered":"C\u0103lin Popescu T\u0103riceanu \u00eel critic\u0103 pe Klaus Iohannis"},"content":{"rendered":"<div class=\"entry data-app-meta data-app-meta-article\" data-embed-base-url-canonical=\"https:\/\/www.digi24.ro\/embed\/stiri\/actualitate\/politica\/calin-popescu-tariceanu-il-critica-pe-klaus-iohannis-405420\">\n<p data-index=\"1\">\u201e\u00cen momentul de fa\u021b\u0103 s-au creat dou\u0103 tabere la nivelul opiniei publice. Pozi\u021biile sunt at\u00e2t de politizate, \u00eenc\u00e2t e greu s\u0103 fie analizate cu obiectivitate. Discu\u021biile publice pe tema acestei chestiuni au dus la o polarizare excesiv\u0103 \u00een locul unei abord\u0103ri obiective\u201d, a spus el.<\/p>\n<p data-index=\"2\">\u201e<span>Din p\u0103cate, pre\u015fedintele Rom\u00e2niei s-a pronun\u021bat \u00eempotriva acestor coduri, \u00een timp ce unii parlamentari au promis mai multe ini\u021biative legislative, disputa a fost politizat\u0103 \u00eenc\u00e2t nu mai conteaz\u0103 con\u021binutul propunerilor. For\u021bele politice care \u00eel sus\u021bin pe pre\u0219edinte sunt \u00eempotriva oric\u0103ror modific\u0103ri, iar celelalte for\u021be sunt pentru, asta e situa\u021bia. Mie mi se pare c\u0103 e u\u0219or absurd\u0103\u201d, mai spune C\u0103lin Popescu T\u0103riceanu.<\/span><\/p>\n<p data-index=\"3\">Luna trecut\u0103, pre\u015fedintele Klaus Iohannis a anun\u0163at c\u0103 nu este de acord cu modific\u0103rile Codului penal, pe motiv c\u0103 ele sunt \u00een favoarea parlamentarilor.<\/p>\n<\/div>\n<p> Source URL: https:\/\/www.digi24.ro\/stiri\/actualitate\/politica\/calin-popescu-tariceanu-il-critica-pe-klaus-iohannis-405420<\/p>\n","protected":false},"excerpt":{"rendered":"<p>\u201e\u00cen momentul de fa\u021b\u0103 s-au creat dou\u0103 tabere la nivelul opiniei publice. Pozi\u021biile sunt at\u00e2t de politizate, \u00eenc\u00e2t e greu s\u0103 fie analizate cu obiectivitate. Discu\u021biile publice pe tema acestei chestiuni au dus la o polarizare excesiv\u0103 \u00een locul unei abord\u0103ri obiective\u201d, a spus el. \u201eDin p\u0103cate, pre\u015fedintele Rom\u00e2niei s-a pronun\u021bat \u00eempotriva acestor coduri, \u00een [&hellip;]<\/p>\n","protected":false},"author":1,"featured_media":179060,"comment_status":"open","ping_status":"","sticky":false,"template":"","format":"standard","meta":{"footnotes":""},"categories":[2],"tags":[11],"class_list":["post-179059","post","type-post","status-publish","format-standard","has-post-thumbnail","hentry","category-politics","tag-digi24"],"_links":{"self":[{"href":"https:\/\/analyse.optim.biz\/index.php?rest_route=\/wp\/v2\/posts\/179059","targetHints":{"allow":["GET"]}}],"collection":[{"href":"https:\/\/analyse.optim.biz\/index.php?rest_route=\/wp\/v2\/posts"}],"about":[{"href":"https:\/\/analyse.optim.biz\/index.php?rest_route=\/wp\/v2\/types\/post"}],"author":[{"embeddable":true,"href":"https:\/\/analyse.optim.biz\/index.php?rest_route=\/wp\/v2\/users\/1"}],"replies":[{"embeddable":true,"href":"https:\/\/analyse.optim.biz\/index.php?rest_route=%2Fwp%2Fv2%2Fcomments&post=179059"}],"version-history":[{"count":0,"href":"https:\/\/analyse.optim.biz\/index.php?rest_route=\/wp\/v2\/posts\/179059\/revisions"}],"wp:featuredmedia":[{"embeddable":true,"href":"https:\/\/analyse.optim.biz\/index.php?rest_route=\/wp\/v2\/media\/179060"}],"wp:attachment":[{"href":"https:\/\/analyse.optim.biz\/index.php?rest_route=%2Fwp%2Fv2%2Fmedia&parent=179059"}],"wp:term":[{"taxonomy":"category","embeddable":true,"href":"https:\/\/analyse.optim.biz\/index.php?rest_route=%2Fwp%2Fv2%2Fcategories&post=179059"},{"taxonomy":"post_tag","embeddable":true,"href":"https:\/\/analyse.optim.biz\/index.php?rest_route=%2Fwp%2Fv2%2Ftags&post=179059"}],"curies":[{"name":"wp","href":"https:\/\/api.w.org\/{rel}","templated":true}]}}