{"id":179056,"date":"2015-06-17T17:35:49","date_gmt":"2015-06-17T14:35:49","guid":{"rendered":"https:\/\/analyse.optim.biz\/?p=179056"},"modified":"2015-06-17T17:35:49","modified_gmt":"2015-06-17T14:35:49","slug":"senatoarea-cristiana-anghel-isi-cere-scuze-dupa-ce-a-votat-pensiile-speciale-pentru-parlamentari","status":"publish","type":"post","link":"https:\/\/analyse.optim.biz\/?p=179056","title":{"rendered":"Senatoarea Cristiana Anghel \u00ee\u0219i cere scuze dup\u0103 ce a votat pensiile speciale pentru parlamentari"},"content":{"rendered":"<div class=\"entry data-app-meta data-app-meta-article\" data-embed-base-url-canonical=\"https:\/\/www.digi24.ro\/embed\/stiri\/actualitate\/politica\/senatoarea-cristiana-anghel-isi-cere-scuze-dupa-ce-a-votat-pensiile-speciale-pentru-parlamentari-405521\">\n<p data-index=\"1\"><img decoding=\"async\" src=\"https:\/\/analyse.optim.biz\/wp-content\/uploads\/2024\/09\/ognizgnizdg2njg1zjfjotnlmja5otbmmjc3-thumb_.jpg\" data-skip-htmlfix=\"1\" title=\"ognizgnizdg2njg1zjfjotnlmja5otbmmjc3-thumb_\">\u00a0<\/p>\n<p data-index=\"2\"><span><em><strong>Foto: Facebook<\/strong><\/em><\/span><\/p>\n<p data-index=\"3\">\u201eIeri am sus\u021binut \u0219i am votat \u201e<strong>dreptatea p\u00e2n\u0103 la cap\u0103t\u201d<\/strong> \u0219i \u00een privin\u021ba parlamentarilor. Iar ast\u0103zi, cei care am mers la serviciu, ca orice om normal din \u021bar\u0103, am fost trimi\u0219i acas\u0103 din cauza lipsei de cvorum. Mai pot spune ceva?!<br \/><strong>Distrugem, cu bun\u0103 \u0219tiin\u021b\u0103 sau din nep\u0103sare, ideea de parlamentarism. \u0218tiu doar c\u0103 m\u0103 simt obligat\u0103 s\u0103-mi cer iertare<\/strong>\u201d, a scris Cristiana Irina Anghel pe\u00a0Facebook.<\/p>\n<div class=\"fb-post\">\n<div class=\"fb-xfbml-parse-ignore\">\n<blockquote cite=\"https:\/\/www.facebook.com\/permalink.php?story_fbid=949932648360892&amp;id=552568001430694&amp;substory_index=0\">\n<p data-index=\"5\">Ieri am sustinut si am votat &#8220;dreptatea pana la capat&#8221; si in privinta parlamentarilor. Iar astazi, cei care am mers la&#8230;<\/p>\n<p>Posted by <a href=\"https:\/\/www.facebook.com\/pages\/Cristiana-Irina-Anghel\/552568001430694\" data-skip-linkfix=\"1\">Cristiana Irina Anghel<\/a> on <a href=\"https:\/\/www.facebook.com\/permalink.php?story_fbid=949932648360892&amp;id=552568001430694&amp;substory_index=0\" data-skip-linkfix=\"1\">Wednesday, June 17, 2015<\/a><\/p><\/blockquote>\n<\/div>\n<\/div>\n<h5><a href=\"https:\/\/www.digi24.ro\/Stiri\/Digi24\/Actualitate\/Politica\/Parlamentarii+isi+voteaza+astazi+pensiile\" target=\"_blank\" data-skip-linkfix=\"1\" rel=\"noopener\">Parlamentarii\u00a0<span>\u015fi-au votat pensii mai mari. Vor primi un bonus de p\u00e2n\u0103 la 4.000 de lei<\/span><\/a><\/h5>\n<p data-index=\"6\">Proiectul care introduce pensiile speciale pentru parlamentari a primit votul final \u00een plenul reunit al Parlamentului \u015fi a fost adoptat. Proiectul de lege care m\u0103re\u015fte veniturile parlamentarilor care ies la pensie a primit 303 voturi \u201epentru\u201d \u015fi 124 \u201e\u00eempotriv\u0103\u201d.\u00a0Deputa\u0163ii \u015fi senatorii care ies la pensie dup\u0103 ce au avut un singur mandat vor primi cu cel pu\u0163in 1.200 de lei mai mult. Pentru cei care au avut trei sau mai multe mandate, bonusul ajunge la 4.000 de lei.<\/p>\n<\/div>\n<p> Source URL: https:\/\/www.digi24.ro\/stiri\/actualitate\/politica\/senatoarea-cristiana-anghel-isi-cere-scuze-dupa-ce-a-votat-pensiile-speciale-pentru-parlamentari-405521<\/p>\n","protected":false},"excerpt":{"rendered":"<p>\u00a0 Foto: Facebook \u201eIeri am sus\u021binut \u0219i am votat \u201edreptatea p\u00e2n\u0103 la cap\u0103t\u201d \u0219i \u00een privin\u021ba parlamentarilor. Iar ast\u0103zi, cei care am mers la serviciu, ca orice om normal din \u021bar\u0103, am fost trimi\u0219i acas\u0103 din cauza lipsei de cvorum. Mai pot spune ceva?!Distrugem, cu bun\u0103 \u0219tiin\u021b\u0103 sau din nep\u0103sare, ideea de parlamentarism. \u0218tiu doar [&hellip;]<\/p>\n","protected":false},"author":1,"featured_media":179057,"comment_status":"open","ping_status":"","sticky":false,"template":"","format":"standard","meta":{"footnotes":""},"categories":[2],"tags":[11],"class_list":["post-179056","post","type-post","status-publish","format-standard","has-post-thumbnail","hentry","category-politics","tag-digi24"],"_links":{"self":[{"href":"https:\/\/analyse.optim.biz\/index.php?rest_route=\/wp\/v2\/posts\/179056","targetHints":{"allow":["GET"]}}],"collection":[{"href":"https:\/\/analyse.optim.biz\/index.php?rest_route=\/wp\/v2\/posts"}],"about":[{"href":"https:\/\/analyse.optim.biz\/index.php?rest_route=\/wp\/v2\/types\/post"}],"author":[{"embeddable":true,"href":"https:\/\/analyse.optim.biz\/index.php?rest_route=\/wp\/v2\/users\/1"}],"replies":[{"embeddable":true,"href":"https:\/\/analyse.optim.biz\/index.php?rest_route=%2Fwp%2Fv2%2Fcomments&post=179056"}],"version-history":[{"count":0,"href":"https:\/\/analyse.optim.biz\/index.php?rest_route=\/wp\/v2\/posts\/179056\/revisions"}],"wp:featuredmedia":[{"embeddable":true,"href":"https:\/\/analyse.optim.biz\/index.php?rest_route=\/wp\/v2\/media\/179057"}],"wp:attachment":[{"href":"https:\/\/analyse.optim.biz\/index.php?rest_route=%2Fwp%2Fv2%2Fmedia&parent=179056"}],"wp:term":[{"taxonomy":"category","embeddable":true,"href":"https:\/\/analyse.optim.biz\/index.php?rest_route=%2Fwp%2Fv2%2Fcategories&post=179056"},{"taxonomy":"post_tag","embeddable":true,"href":"https:\/\/analyse.optim.biz\/index.php?rest_route=%2Fwp%2Fv2%2Ftags&post=179056"}],"curies":[{"name":"wp","href":"https:\/\/api.w.org\/{rel}","templated":true}]}}