{"id":1790533,"date":"2026-02-24T16:50:00","date_gmt":"2026-02-24T13:50:00","guid":{"rendered":"https:\/\/analyse.optim.biz\/?p=1790533"},"modified":"2026-02-24T16:50:00","modified_gmt":"2026-02-24T13:50:00","slug":"imm-urile-sunt-actori-cheie-pentru-rezilienta-regiunilor-estice-gazeta-valceana","status":"publish","type":"post","link":"https:\/\/analyse.optim.biz\/?p=1790533","title":{"rendered":"IMM-urile sunt actori cheie pentru rezilien\u021ba regiunilor estice &#8211; Gazeta V\u00e2lcean\u0103"},"content":{"rendered":"<p>[analyse_image type=&#8221;featured&#8221; src=&#8221;https:\/\/www.gazeta-valceana.ro\/wp-content\/uploads\/2025\/07\/IMM-Romania-generic.jpg&#8221;]<\/p>\n<article id=\"template-id-91645\" class=\"post-91645 tdb_templates type-tdb_templates status-publish post\">\n<div id=\"tdi_49\" class=\"tdc-zone\">\n<div class=\"tdc_zone tdi_50  wpb_row td-pb-row\">\n<div id=\"tdi_51\" class=\"tdc-row stretch_row_1200 td-stretch-content\">\n<div class=\"vc_row tdi_52  wpb_row td-pb-row\">\n<div class=\"vc_column tdi_54  wpb_column vc_column_container tdc-column td-pb-span8\">\n<div class=\"wpb_wrapper\">\n<div class=\"td_block_wrap tdb_title tdi_55 tdb-single-title td-pb-border-top td_block_template_1\" data-td-block-uid=\"tdi_55\">\n<div class=\"tdb-block-inner td-fix-index\">\n<h1 class=\"tdb-title-text\">IMM-urile sunt actori cheie pentru rezilien\u021ba regiunilor estice<\/h1>\n<\/div>\n<\/div>\n<div class=\"vc_row_inner tdi_58  vc_row vc_inner wpb_row td-pb-row tdc-row-content-vert-center\">\n<div class=\"vc_column_inner tdi_60  wpb_column vc_column_container tdc-inner-column td-pb-span12\">\n<div class=\"vc_column-inner\">\n<div class=\"wpb_wrapper\">\n<div class=\"td_block_wrap tdb_single_categories tdi_61 td-pb-border-top td_block_template_1 \" data-td-block-uid=\"tdi_61\">\n<div class=\"tdb-category td-fix-index\"><a class=\"tdb-entry-category\" href=\"https:\/\/www.gazeta-valceana.ro\/category\/fapt-divers\/\">Fapt divers<\/a><a class=\"tdb-entry-category\" href=\"https:\/\/www.gazeta-valceana.ro\/category\/i\/\">I<\/a><\/div>\n<\/div>\n<div class=\"td_block_wrap tdb_single_date tdi_62 td-pb-border-top td_block_template_1 tdb-post-meta\" data-td-block-uid=\"tdi_62\">\n<div class=\"tdb-block-inner td-fix-index\"><time class=\"entry-date updated td-module-date\" datetime=\"2026-02-24T18:50:00+02:00\">24 februarie 2026<\/time><\/div>\n<\/div>\n<\/div>\n<\/div>\n<\/div>\n<\/div>\n<\/div>\n<\/div>\n<\/div>\n<\/div>\n<div id=\"tdi_65\" class=\"tdc-row stretch_row_1200 td-stretch-content\">\n<div class=\"vc_row tdi_66  wpb_row td-pb-row\">\n<div class=\"vc_column tdi_68  wpb_column vc_column_container tdc-column td-pb-span8\">\n<div class=\"wpb_wrapper\">\n<div class=\"td_block_wrap tdb_single_featured_image tdi_69 tdb-content-horiz-left td-pb-border-top td_block_template_1\" data-td-block-uid=\"tdi_69\">\n<div class=\"tdb-block-inner td-fix-index\"><img loading=\"lazy\" decoding=\"async\" width=\"696\" height=\"375\" class=\"entry-thumb\" src=\"https:\/\/www.gazeta-valceana.ro\/wp-content\/uploads\/2025\/07\/IMM-Romania-generic-696x375.jpg\" alt title=\"IMM Romania generic\"><\/div>\n<\/div>\n<div class=\"td_block_wrap tdb_single_post_share tdi_70  td-pb-border-top td_block_template_1\" data-td-block-uid=\"tdi_70\">\n<div id=\"tdi_70\" class=\"td-post-sharing tdb-block td-ps-border td-ps-border-grey td-ps-notext td-ps-icon-color td-ps-text-color td-post-sharing-style16 \">\n<div class=\"td-post-sharing-visible\">\n<div class=\"td-social-sharing-button td-social-sharing-button-js td-social-handler td-social-share-text\">\n<div class=\"td-social-but-text\">Ac\u021biune<\/div>\n<\/div>\n<p><a class=\"td-social-sharing-button td-social-sharing-button-js td-social-network td-social-facebook\" href=\"https:\/\/www.facebook.com\/sharer.php?u=https%3A%2F%2Fwww.gazeta-valceana.ro%2Ffapt-divers%2Fimm-urile-sunt-actori-cheie-pentru-rezilienta-regiunilor-estice%2F\" title=\"Facebook\"><\/p>\n<div class=\"td-social-but-text\">Facebook<\/div>\n<p><\/a><a class=\"td-social-sharing-button td-social-sharing-button-js td-social-network td-social-twitter\" href=\"https:\/\/twitter.com\/intent\/tweet?text=IMM-urile+sunt+actori+cheie+pentru+rezilien%C8%9Ba+regiunilor+estice&amp;url=https%3A%2F%2Fwww.gazeta-valceana.ro%2Ffapt-divers%2Fimm-urile-sunt-actori-cheie-pentru-rezilienta-regiunilor-estice%2F&amp;via=Gazeta+V%C3%A2lcean%C4%83\" title=\"Twitter\"><\/p>\n<div class=\"td-social-but-text\">Twitter<\/div>\n<p><\/a><a class=\"td-social-sharing-button td-social-sharing-button-js td-social-network td-social-pinterest\" href=\"https:\/\/pinterest.com\/pin\/create\/button\/?url=https:\/\/www.gazeta-valceana.ro\/fapt-divers\/imm-urile-sunt-actori-cheie-pentru-rezilienta-regiunilor-estice\/&amp;media=https:\/\/www.gazeta-valceana.ro\/wp-content\/uploads\/2025\/07\/IMM-Romania-generic.jpg&amp;description=IMM-urile+sunt+actori+cheie+pentru+rezilien%C8%9Ba+regiunilor+estice\" title=\"Pinterest\"><\/p>\n<div class=\"td-social-but-text\">Pinterest<\/div>\n<p><\/a><a class=\"td-social-sharing-button td-social-sharing-button-js td-social-network td-social-whatsapp\" href=\"https:\/\/api.whatsapp.com\/send?text=IMM-urile+sunt+actori+cheie+pentru+rezilien%C8%9Ba+regiunilor+estice%20%0A%0A%20https:\/\/www.gazeta-valceana.ro\/fapt-divers\/imm-urile-sunt-actori-cheie-pentru-rezilienta-regiunilor-estice\/\" title=\"WhatsApp\"><\/p>\n<div class=\"td-social-but-text\">WhatsApp<\/div>\n<p><\/a><\/div>\n<\/div>\n<\/div>\n<div class=\"td_block_wrap tdb_single_content tdi_71 td-pb-border-top td_block_template_1 td-post-content tagdiv-type\" data-td-block-uid=\"tdi_71\">\n<div class=\"tdb-block-inner td-fix-index\">\n<p>IMM Rom\u00e2nia salut\u0103 adoptarea Strategiei Comisiei Europene privind regiunile estice ale Uniunii Europene care se \u00eenvecineaz\u0103 cu Rusia, Belarus \u0219i Ucraina \u2013 \u201eStrong regions for a safe Europe\u201d (COM(2026) 82 final). Documentul reafirm\u0103 faptul c\u0103 securitatea \u0219i prosperitatea Uniunii depind direct de for\u021ba economic\u0103 \u0219i social\u0103 a acestor regiuni de frontier\u0103.<\/p>\n<p>M\u0103surile sunt oportune \u0219i esen\u021biale pentru consolidarea coeziunii teritoriale \u00een statele membre ale UE care se \u00eenvecineaz\u0103 cu Ucraina, Belarus \u0219i Federa\u021bia Rus\u0103, iar acest demers reprezint\u0103 un pas important \u00een recunoa\u0219terea \u0219i abordarea provoc\u0103rilor economice, sociale, de mediu \u0219i de securitate cu care se confrunt\u0103 regiunea M\u0103rii Negre. Astfel, strategia vizeaz\u0103 realizarea de ac\u021biuni suplimentare \u00een cinci domenii cheie: securitate \u0219i ap\u0103rare, asigurarea investi\u021biilor, valorificarea punctelor forte locale ale regiunilor, \u00eembun\u0103t\u0103\u021birea conectivit\u0103\u021bii \u0219i concentrarea pe oameni, deoarece rezisten\u021ba oric\u0103rei regiuni const\u0103 \u00een puterea comunit\u0103\u021bilor sale.<\/p>\n<p><em>\u201eRom\u00e2nia are cea mai lung\u0103 frontier\u0103 cu Ucraina dintre statele membre ale Uniunii Europene, ceea ce ne confer\u0103 nu doar o responsabilitate strategic\u0103, ci \u0219i una economic\u0103 major\u0103. \u00cenc\u0103 de la \u00eenceputul conflictului din Ucraina, IMM Rom\u00e2nia a sus\u021binut necesitatea unui program european dedicat consolid\u0103rii rezilien\u021bei regiunilor de frontier\u0103. Organiza\u021biile noastre membre contribuie activ la implementarea acestui demers, \u00eens\u0103 IMM-urile din zona de grani\u021b\u0103 sunt direct afectate de contextul geopolitic, iar investi\u021biile au avut de suferit. Tocmai de aceea, sprijinul concret \u0219i adaptat IMM-urilor este esen\u021bial pentru stabilitatea economic\u0103 \u0219i social\u0103 a acestor regiuni\u201d<\/em>, a declarat Florin Jianu, pre\u0219edinte IMM Rom\u00e2nia.<\/p>\n<p>Pentru IMM-uri, transformarea \u201elibert\u0103\u021bii de a r\u0103m\u00e2ne\u201d \u00eentr-o realitate \u00een regiunile de frontier\u0103 estice \u00eenseamn\u0103 abordarea unor probleme structurale precum leg\u0103turi de transport insuficiente, acces limitat la centre de formare, servicii publice reduse \u0219i acces restric\u021bionat la finan\u021bare. Investi\u021biile direc\u021bionate \u00een infrastructur\u0103, servicii locale \u0219i conectivitate digital\u0103 sunt esen\u021biale pentru a preveni un cerc vicios al declinului.<\/p>\n<p>Investi\u021biile \u00een IMM-uri \u00een aceste regiuni sunt, prin urmare, extrem de relevante pentru consolidarea regiunilor noastre de frontier\u0103 estice \u0219i cre\u0219terea rezilien\u021bei acestora, IMM Rom\u00e2nia sus\u021bine ideea atragerii investi\u021biilor private prin furnizarea de garan\u021bii finan\u021bate din fonduri regionale \u0219i de coeziune.<\/p>\n<p><em><strong>\u2022 Comunicat de pres\u0103 IMM Rom\u00e2nia<\/strong><\/em><\/p>\n<\/div>\n<\/div>\n<div class=\"tdb-author-box td_block_wrap tdb_single_author_box tdi_72 tdb-content-vert-top td-pb-border-top td_block_template_1\" data-td-block-uid=\"tdi_72\">\n<div class=\"tdb-block-inner td-fix-index\"><a href=\"https:\/\/www.gazeta-valceana.ro\/author\/redactia\/\" class=\"tdb-author-photo\" title=\"Redactia\"><img decoding=\"async\" alt=\"Redactia\" src=\"https:\/\/secure.gravatar.com\/avatar\/d9699bfd17d7f55fcf6bbdfb0214d48a942c5fd23a1db27f4a803a8d0651670f?s=500&amp;d=mm&amp;r=g\" class=\"avatar avatar-500 photo\" height=\"500\" width=\"500\" loading=\"lazy\"><\/a><\/p>\n<div class=\"tdb-author-info\"><a href=\"https:\/\/www.gazeta-valceana.ro\/author\/redactia\/\" class=\"tdb-author-name\">Redactia<\/a><\/div>\n<\/div>\n<\/div>\n<\/div>\n<\/div>\n<div class=\"vc_column tdi_76  wpb_column vc_column_container tdc-column td-pb-span4 td-is-sticky\">\n<div class=\"wpb_wrapper\" data-sticky-enabled-on=\"W3RydWUsdHJ1ZSx0cnVlLHRydWVd\" data-sticky-offset=\"20\" data-sticky-is-width-auto=\"W2ZhbHNlLGZhbHNlLGZhbHNlLGZhbHNlXQ==\">\n<div class=\"vc_row_inner tdi_81  vc_row vc_inner wpb_row td-pb-row tdc-row-content-vert-center\">\n<div class=\"vc_column_inner tdi_83  wpb_column vc_column_container tdc-inner-column td-pb-span12\">\n<div class=\"vc_column-inner\">\n<div class=\"wpb_wrapper\">\n<div class=\"tdm_block td_block_wrap tdm_block_inline_text tdi_86 tdm-inline-block td-pb-border-top td_block_template_1\" data-td-block-uid=\"tdi_86\">\n<p class=\"tdm-descr\">Ultimele articole<\/p>\n<\/div>\n<\/div>\n<\/div>\n<\/div>\n<\/div>\n<div class=\"td_block_wrap td_flex_block_1 tdi_87 td-pb-border-top td_block_template_1 td_flex_block\" data-td-block-uid=\"tdi_87\">\n<div id=\"tdi_87\" class=\"td_block_inner td-mc1-wrap\">\n<div class=\"td_module_flex td_module_flex_1 td_module_wrap td-animation-stack td-cpt-post\">\n<div class=\"td-module-container td-category-pos-\">\n<div class=\"td-module-meta-info\">\n<h3 class=\"entry-title td-module-title\"><a href=\"https:\/\/www.gazeta-valceana.ro\/anchetedezvaluri\/foto-martea-neagra-in-capitala-olteniei-mecanic-verificat-cu-alcooltestul-dupa-ce-trenul-a-accidentat-mortal-un-pensionar\/\" rel=\"bookmark\" title=\"FOTO. Mar\u021bea neagr\u0103 \u00een capitala Olteniei. Mecanic, verificat cu alcooltestul dup\u0103 ce trenul a accidentat mortal un pensionar\">FOTO. Mar\u021bea neagr\u0103 \u00een capitala Olteniei. Mecanic, verificat cu alcooltestul dup\u0103 ce trenul a accidentat mortal un pensionar<\/a><\/h3>\n<div class=\"td-editor-date\"><span class=\"td-author-date\"><span class=\"td-post-date\"><time class=\"entry-date updated td-module-date\" datetime=\"2026-02-24T19:30:18+02:00\">24 februarie 2026<\/time><\/span><\/span><\/div>\n<\/div>\n<\/div>\n<\/div>\n<div class=\"td_module_flex td_module_flex_1 td_module_wrap td-animation-stack td-cpt-post\">\n<div class=\"td-module-container td-category-pos-\">\n<div class=\"td-module-meta-info\">\n<h3 class=\"entry-title td-module-title\"><a href=\"https:\/\/www.gazeta-valceana.ro\/fapt-divers\/carnagiu-in-judetul-vecin-doi-soferi-au-decedat-in-aceasta-seara-o-adolescenta\/\" rel=\"bookmark\" title=\"Carnagiu \u00een jude\u021bul vecin! Doi \u0219oferi au decedat \u00een aceast\u0103 sear\u0103. O ADOLESCENT\u0102\u2026\">Carnagiu \u00een jude\u021bul vecin! Doi \u0219oferi au decedat \u00een aceast\u0103 sear\u0103. O ADOLESCENT\u0102\u2026<\/a><\/h3>\n<div class=\"td-editor-date\"><span class=\"td-author-date\"><span class=\"td-post-date\"><time class=\"entry-date updated td-module-date\" datetime=\"2026-02-24T19:15:10+02:00\">24 februarie 2026<\/time><\/span><\/span><\/div>\n<\/div>\n<\/div>\n<\/div>\n<div class=\"td_module_flex td_module_flex_1 td_module_wrap td-animation-stack td-cpt-post\">\n<div class=\"td-module-container td-category-pos-\">\n<div class=\"td-module-meta-info\">\n<h3 class=\"entry-title td-module-title\"><a href=\"https:\/\/www.gazeta-valceana.ro\/fapt-divers\/foto-interventie-a-pompierilor-dupa-mini-furtuna-care-a-lovit-ramnicul-in-aceasta-dupa-amiaza-fulgere-si-tunete-de-dragobete\/\" rel=\"bookmark\" title=\"FOTO. Interven\u021bie a pompierilor dup\u0103 mini-furtuna care a lovit R\u00e2mnicul \u00een aceast\u0103 dup\u0103-amiaz\u0103. Fulgere \u0219i tunete de Dragobete!\">FOTO. Interven\u021bie a pompierilor dup\u0103 mini-furtuna care a lovit R\u00e2mnicul \u00een aceast\u0103 dup\u0103-amiaz\u0103. Fulgere \u0219i tunete de Dragobete!<\/a><\/h3>\n<div class=\"td-editor-date\"><span class=\"td-author-date\"><span class=\"td-post-date\"><time class=\"entry-date updated td-module-date\" datetime=\"2026-02-24T18:39:34+02:00\">24 februarie 2026<\/time><\/span><\/span><\/div>\n<\/div>\n<\/div>\n<\/div>\n<div class=\"td_module_flex td_module_flex_1 td_module_wrap td-animation-stack td-cpt-post\">\n<div class=\"td-module-container td-category-pos-\">\n<div class=\"td-module-meta-info\">\n<h3 class=\"entry-title td-module-title\"><a href=\"https:\/\/www.gazeta-valceana.ro\/administratie\/miercuri-si-joi-reprezentantii-asociatiilor-de-proprietari-din-zona-centrala-a-ramnicului-sedinta-cu-primarul-gutau\/\" rel=\"bookmark\" title=\"Miercuri \u0219i joi, reprezentan\u021bii asocia\u021biilor de proprietari din zona central\u0103 a R\u00e2mnicului, \u0219edin\u021b\u0103 cu primarul GUT\u0102U\">Miercuri \u0219i joi, reprezentan\u021bii asocia\u021biilor de proprietari din zona central\u0103 a R\u00e2mnicului, \u0219edin\u021b\u0103 cu primarul GUT\u0102U<\/a><\/h3>\n<div class=\"td-editor-date\"><span class=\"td-author-date\"><span class=\"td-post-date\"><time class=\"entry-date updated td-module-date\" datetime=\"2026-02-24T17:28:02+02:00\">24 februarie 2026<\/time><\/span><\/span><\/div>\n<\/div>\n<\/div>\n<\/div>\n<\/div>\n<\/div>\n<div class=\"td_block_wrap td-a-rec td-a-rec-id-custom-spot td-a-rec-img tdi_88 td_block_template_1\">\n<div><a href=\"https:\/\/www.gazeta-valceana.ro\/fapt-divers\/imm-urile-sunt-actori-cheie-pentru-rezilienta-regiunilor-estice\/\" class=\"td_spot_img_all\"><img loading=\"lazy\" decoding=\"async\" src=\"https:\/\/www.gazeta-valceana.ro\/wp-content\/uploads\/2025\/01\/image-5.jpg\" alt=\"spot_img\" width=\"347\" height=\"277\"><\/a><a href=\"https:\/\/www.gazeta-valceana.ro\/fapt-divers\/imm-urile-sunt-actori-cheie-pentru-rezilienta-regiunilor-estice\/\" class=\"td_spot_img_mob\"><img loading=\"lazy\" decoding=\"async\" src=\"https:\/\/www.gazeta-valceana.ro\/wp-content\/uploads\/2025\/01\/image-5.jpg\" alt=\"spot_img\" width=\"347\" height=\"247\"><\/a><\/div>\n<\/div>\n<div class=\"td_block_wrap td-a-rec td-a-rec-id-custom-spot td-a-rec-img tdi_89 td_block_template_1\">\n<div><a href=\"https:\/\/www.gazeta-valceana.ro\/fapt-divers\/imm-urile-sunt-actori-cheie-pentru-rezilienta-regiunilor-estice\/\" class=\"td_spot_img_all\"><img loading=\"lazy\" decoding=\"async\" src=\"https:\/\/www.gazeta-valceana.ro\/wp-content\/uploads\/2025\/01\/image-3.jpeg\" alt=\"spot_img\" width=\"347\" height=\"277\"><\/a><a href=\"https:\/\/www.gazeta-valceana.ro\/fapt-divers\/imm-urile-sunt-actori-cheie-pentru-rezilienta-regiunilor-estice\/\" class=\"td_spot_img_mob\"><img loading=\"lazy\" decoding=\"async\" src=\"https:\/\/www.gazeta-valceana.ro\/wp-content\/uploads\/2025\/01\/image-3.jpeg\" alt=\"spot_img\" width=\"347\" height=\"247\"><\/a><\/div>\n<\/div>\n<\/div>\n<\/div>\n<\/div>\n<\/div>\n<div id=\"tdi_97\" class=\"tdc-row stretch_row_1200 td-stretch-content\">\n<div class=\"vc_row tdi_98  wpb_row td-pb-row\">\n<div class=\"vc_column tdi_100  wpb_column vc_column_container tdc-column td-pb-span12\">\n<div class=\"wpb_wrapper\">\n<div class=\"td_block_wrap tdb_single_next_prev tdi_101 td-pb-border-top td_block_template_1\" data-td-block-uid=\"tdi_101\">\n<div class=\"tdb-block-inner td-fix-index\">\n<div class=\"tdb-next-post tdb-next-post-bg tdb-post-prev\"><span>Articolul precedent<\/span><\/p>\n<div class=\"td-module-container\">\n<div class=\"next-prev-title\"><a href=\"https:\/\/www.gazeta-valceana.ro\/fapt-divers\/foto-interventie-a-pompierilor-dupa-mini-furtuna-care-a-lovit-ramnicul-in-aceasta-dupa-amiaza-fulgere-si-tunete-de-dragobete\/\">FOTO. Interven\u021bie a pompierilor dup\u0103 mini-furtuna care a lovit R\u00e2mnicul \u00een aceast\u0103 dup\u0103-amiaz\u0103. Fulgere \u0219i tunete de Dragobete!<\/a><\/div>\n<\/div>\n<\/div>\n<div class=\"tdb-next-post tdb-next-post-bg tdb-post-next\"><span>Articolul urm\u0103tor<\/span><\/p>\n<div class=\"td-module-container\">\n<div class=\"next-prev-title\"><a href=\"https:\/\/www.gazeta-valceana.ro\/fapt-divers\/carnagiu-in-judetul-vecin-doi-soferi-au-decedat-in-aceasta-seara-o-adolescenta\/\">Carnagiu \u00een jude\u021bul vecin! Doi \u0219oferi au decedat \u00een aceast\u0103 sear\u0103. O ADOLESCENT\u0102\u2026<\/a><\/div>\n<\/div>\n<\/div>\n<\/div>\n<\/div>\n<div class=\"vc_row_inner tdi_103  vc_row vc_inner wpb_row td-pb-row tdc-row-content-vert-center\">\n<div class=\"vc_column_inner tdi_105  wpb_column vc_column_container tdc-inner-column td-pb-span12\">\n<div class=\"vc_column-inner\">\n<div class=\"wpb_wrapper\">\n<div class=\"tdm_block td_block_wrap tdm_block_inline_text tdi_108 tdm-inline-block td-pb-border-top td_block_template_1\" data-td-block-uid=\"tdi_108\">\n<p class=\"tdm-descr\">Related articles<\/p>\n<\/div>\n<\/div>\n<\/div>\n<\/div>\n<\/div>\n<div class=\"td_block_wrap tdb_single_related tdi_109 td_with_ajax_pagination td-pb-border-top td_block_template_1 tdb-single-related-posts\" data-td-block-uid=\"tdi_109\">\n<div id=\"tdi_109\" class=\"td_block_inner tdb-block-inner td-fix-index\">\n<div class=\"tdb_module_related td_module_wrap td-animation-stack\">\n<div class=\"td-module-container td-category-pos-\">\n<div class=\"td-module-meta-info\">\n<h3 class=\"entry-title td-module-title\"><a href=\"https:\/\/www.gazeta-valceana.ro\/anchetedezvaluri\/foto-martea-neagra-in-capitala-olteniei-mecanic-verificat-cu-alcooltestul-dupa-ce-trenul-a-accidentat-mortal-un-pensionar\/\" rel=\"bookmark\" title=\"FOTO. Mar\u021bea neagr\u0103 \u00een capitala Olteniei. Mecanic, verificat cu alcooltestul dup\u0103 ce trenul a accidentat mortal un pensionar\">FOTO. Mar\u021bea neagr\u0103 \u00een capitala Olteniei. Mecanic, verificat cu alcooltestul dup\u0103 ce trenul a accidentat mortal un pensionar<\/a><\/h3>\n<div class=\"td-editor-date\"><a href=\"https:\/\/www.gazeta-valceana.ro\/category\/anchetedezvaluri\/\" class=\"td-post-category\">Anchete\/Dezv\u0103luri<\/a><span class=\"td-author-date\"><span class=\"td-post-date\"><time class=\"entry-date updated td-module-date\" datetime=\"2026-02-24T19:30:18+02:00\">24 februarie 2026<\/time><\/span><\/span><\/div>\n<\/div>\n<\/div>\n<\/div>\n<div class=\"tdb_module_related td_module_wrap td-animation-stack\">\n<div class=\"td-module-container td-category-pos-\">\n<div class=\"td-module-meta-info\">\n<h3 class=\"entry-title td-module-title\"><a href=\"https:\/\/www.gazeta-valceana.ro\/fapt-divers\/carnagiu-in-judetul-vecin-doi-soferi-au-decedat-in-aceasta-seara-o-adolescenta\/\" rel=\"bookmark\" title=\"Carnagiu \u00een jude\u021bul vecin! Doi \u0219oferi au decedat \u00een aceast\u0103 sear\u0103. O ADOLESCENT\u0102\u2026\">Carnagiu \u00een jude\u021bul vecin! Doi \u0219oferi au decedat \u00een aceast\u0103 sear\u0103. O ADOLESCENT\u0102\u2026<\/a><\/h3>\n<div class=\"td-editor-date\"><a href=\"https:\/\/www.gazeta-valceana.ro\/category\/fapt-divers\/\" class=\"td-post-category\">Fapt divers<\/a><span class=\"td-author-date\"><span class=\"td-post-date\"><time class=\"entry-date updated td-module-date\" datetime=\"2026-02-24T19:15:10+02:00\">24 februarie 2026<\/time><\/span><\/span><\/div>\n<\/div>\n<\/div>\n<\/div>\n<div class=\"tdb_module_related td_module_wrap td-animation-stack\">\n<div class=\"td-module-container td-category-pos-\">\n<div class=\"td-module-meta-info\">\n<h3 class=\"entry-title td-module-title\"><a href=\"https:\/\/www.gazeta-valceana.ro\/fapt-divers\/foto-interventie-a-pompierilor-dupa-mini-furtuna-care-a-lovit-ramnicul-in-aceasta-dupa-amiaza-fulgere-si-tunete-de-dragobete\/\" rel=\"bookmark\" title=\"FOTO. Interven\u021bie a pompierilor dup\u0103 mini-furtuna care a lovit R\u00e2mnicul \u00een aceast\u0103 dup\u0103-amiaz\u0103. Fulgere \u0219i tunete de Dragobete!\">FOTO. Interven\u021bie a pompierilor dup\u0103 mini-furtuna care a lovit R\u00e2mnicul \u00een aceast\u0103 dup\u0103-amiaz\u0103. Fulgere \u0219i tunete de Dragobete!<\/a><\/h3>\n<div class=\"td-editor-date\"><a href=\"https:\/\/www.gazeta-valceana.ro\/category\/fapt-divers\/\" class=\"td-post-category\">Fapt divers<\/a><span class=\"td-author-date\"><span class=\"td-post-date\"><time class=\"entry-date updated td-module-date\" datetime=\"2026-02-24T18:39:34+02:00\">24 februarie 2026<\/time><\/span><\/span><\/div>\n<\/div>\n<\/div>\n<\/div>\n<\/div>\n<\/div>\n<\/div>\n<\/div>\n<\/div>\n<\/div>\n<div id=\"tdi_116\" class=\"tdc-row stretch_row_1200 td-stretch-content\">\n<div class=\"vc_row tdi_117  wpb_row td-pb-row\">\n<div class=\"vc_column tdi_122  wpb_column vc_column_container tdc-column td-pb-span4 td-is-sticky\">\n<div class=\"wpb_wrapper\" data-sticky-enabled-on=\"W3RydWUsdHJ1ZSx0cnVlLHRydWVd\" data-sticky-offset=\"20\" data-sticky-is-width-auto=\"W2ZhbHNlLGZhbHNlLGZhbHNlLGZhbHNlXQ==\">\n<div class=\"td_block_wrap td-a-rec td-a-rec-id-custom-spot td-a-rec-img tdi_123 td_block_template_1\">\n<div><a href=\"https:\/\/www.gazeta-valceana.ro\/fapt-divers\/imm-urile-sunt-actori-cheie-pentru-rezilienta-regiunilor-estice\/\" class=\"td_spot_img_all\"><img loading=\"lazy\" decoding=\"async\" src=\"https:\/\/www.gazeta-valceana.ro\/wp-content\/uploads\/2025\/01\/image-4.jpg\" alt=\"spot_img\" width=\"347\" height=\"277\"><\/a><a href=\"https:\/\/www.gazeta-valceana.ro\/fapt-divers\/imm-urile-sunt-actori-cheie-pentru-rezilienta-regiunilor-estice\/\" class=\"td_spot_img_mob\"><img loading=\"lazy\" decoding=\"async\" src=\"https:\/\/www.gazeta-valceana.ro\/wp-content\/uploads\/2025\/01\/image-4.jpg\" alt=\"spot_img\" width=\"347\" height=\"247\"><\/a><\/div>\n<\/div>\n<div class=\"td_block_wrap td-a-rec td-a-rec-id-custom-spot td-a-rec-img tdi_124 td_block_template_1\">\n<div><a href=\"https:\/\/www.gazeta-valceana.ro\/fapt-divers\/imm-urile-sunt-actori-cheie-pentru-rezilienta-regiunilor-estice\/\" class=\"td_spot_img_all\"><img loading=\"lazy\" decoding=\"async\" src=\"https:\/\/www.gazeta-valceana.ro\/wp-content\/uploads\/2025\/01\/image-5.jpg\" alt=\"spot_img\" width=\"347\" height=\"277\"><\/a><a href=\"https:\/\/www.gazeta-valceana.ro\/fapt-divers\/imm-urile-sunt-actori-cheie-pentru-rezilienta-regiunilor-estice\/\" class=\"td_spot_img_mob\"><img loading=\"lazy\" decoding=\"async\" src=\"https:\/\/www.gazeta-valceana.ro\/wp-content\/uploads\/2025\/01\/image-5.jpg\" alt=\"spot_img\" width=\"347\" height=\"247\"><\/a><\/div>\n<\/div>\n<div class=\"td_block_wrap td-a-rec td-a-rec-id-custom-spot td-a-rec-img tdi_125 td_block_template_1\">\n<div><a href=\"https:\/\/www.gazeta-valceana.ro\/fapt-divers\/imm-urile-sunt-actori-cheie-pentru-rezilienta-regiunilor-estice\/\" class=\"td_spot_img_all\"><img loading=\"lazy\" decoding=\"async\" src=\"https:\/\/www.gazeta-valceana.ro\/wp-content\/uploads\/2025\/01\/image-3.jpeg\" alt=\"spot_img\" width=\"347\" height=\"277\"><\/a><a href=\"https:\/\/www.gazeta-valceana.ro\/fapt-divers\/imm-urile-sunt-actori-cheie-pentru-rezilienta-regiunilor-estice\/\" class=\"td_spot_img_mob\"><img loading=\"lazy\" decoding=\"async\" src=\"https:\/\/www.gazeta-valceana.ro\/wp-content\/uploads\/2025\/01\/image-3.jpeg\" alt=\"spot_img\" width=\"347\" height=\"247\"><\/a><\/div>\n<\/div>\n<\/div>\n<\/div>\n<\/div>\n<\/div>\n<\/div>\n<\/div>\n<p><span class=\"td-page-meta\"><\/span><span class=\"td-page-meta\"><span class=\"td-page-meta\"><\/span><\/span><span class=\"td-page-meta\"><\/span><\/article>\n<\/p>\n<div class=\"td_block_wrap tdb_single_content tdi_71 td-pb-border-top td_block_template_1 td-post-content tagdiv-type\" data-td-block-uid=\"tdi_71\">\n<div class=\"tdb-block-inner td-fix-index\">\n<p>IMM Rom\u00e2nia salut\u0103 adoptarea Strategiei Comisiei Europene privind regiunile estice ale Uniunii Europene care se \u00eenvecineaz\u0103 cu Rusia, Belarus \u0219i Ucraina \u2013 \u201eStrong regions for a safe Europe\u201d (COM(2026) 82 final). Documentul reafirm\u0103 faptul c\u0103 securitatea \u0219i prosperitatea Uniunii depind direct de for\u021ba economic\u0103 \u0219i social\u0103 a acestor regiuni de frontier\u0103.<\/p>\n<p>M\u0103surile sunt oportune \u0219i esen\u021biale pentru consolidarea coeziunii teritoriale \u00een statele membre ale UE care se \u00eenvecineaz\u0103 cu Ucraina, Belarus \u0219i Federa\u021bia Rus\u0103, iar acest demers reprezint\u0103 un pas important \u00een recunoa\u0219terea \u0219i abordarea provoc\u0103rilor economice, sociale, de mediu \u0219i de securitate cu care se confrunt\u0103 regiunea M\u0103rii Negre. Astfel, strategia vizeaz\u0103 realizarea de ac\u021biuni suplimentare \u00een cinci domenii cheie: securitate \u0219i ap\u0103rare, asigurarea investi\u021biilor, valorificarea punctelor forte locale ale regiunilor, \u00eembun\u0103t\u0103\u021birea conectivit\u0103\u021bii \u0219i concentrarea pe oameni, deoarece rezisten\u021ba oric\u0103rei regiuni const\u0103 \u00een puterea comunit\u0103\u021bilor sale.<\/p>\n<p><em>\u201eRom\u00e2nia are cea mai lung\u0103 frontier\u0103 cu Ucraina dintre statele membre ale Uniunii Europene, ceea ce ne confer\u0103 nu doar o responsabilitate strategic\u0103, ci \u0219i una economic\u0103 major\u0103. \u00cenc\u0103 de la \u00eenceputul conflictului din Ucraina, IMM Rom\u00e2nia a sus\u021binut necesitatea unui program european dedicat consolid\u0103rii rezilien\u021bei regiunilor de frontier\u0103. Organiza\u021biile noastre membre contribuie activ la implementarea acestui demers, \u00eens\u0103 IMM-urile din zona de grani\u021b\u0103 sunt direct afectate de contextul geopolitic, iar investi\u021biile au avut de suferit. Tocmai de aceea, sprijinul concret \u0219i adaptat IMM-urilor este esen\u021bial pentru stabilitatea economic\u0103 \u0219i social\u0103 a acestor regiuni\u201d<\/em>, a declarat Florin Jianu, pre\u0219edinte IMM Rom\u00e2nia.<\/p>\n<p>Pentru IMM-uri, transformarea \u201elibert\u0103\u021bii de a r\u0103m\u00e2ne\u201d \u00eentr-o realitate \u00een regiunile de frontier\u0103 estice \u00eenseamn\u0103 abordarea unor probleme structurale precum leg\u0103turi de transport insuficiente, acces limitat la centre de formare, servicii publice reduse \u0219i acces restric\u021bionat la finan\u021bare. Investi\u021biile direc\u021bionate \u00een infrastructur\u0103, servicii locale \u0219i conectivitate digital\u0103 sunt esen\u021biale pentru a preveni un cerc vicios al declinului.<\/p>\n<p>Investi\u021biile \u00een IMM-uri \u00een aceste regiuni sunt, prin urmare, extrem de relevante pentru consolidarea regiunilor noastre de frontier\u0103 estice \u0219i cre\u0219terea rezilien\u021bei acestora, IMM Rom\u00e2nia sus\u021bine ideea atragerii investi\u021biilor private prin furnizarea de garan\u021bii finan\u021bate din fonduri regionale \u0219i de coeziune.<\/p>\n<p><em><strong>\u2022 Comunicat de pres\u0103 IMM Rom\u00e2nia<\/strong><\/em><\/p>\n<\/div>\n<\/div>\n<p>IMM Rom\u00e2nia salut\u0103 adoptarea Strategiei Comisiei Europene privind regiunile estice ale Uniunii Europene care se \u00eenvecineaz\u0103 cu Rusia, Belarus \u0219i Ucraina \u2013 \u201eStrong regions for a safe Europe\u201d (COM(2026) 82 final). Documentul reafirm\u0103 faptul c\u0103 securitatea \u0219i prosperitatea Uniunii depind direct de for\u021ba economic\u0103 \u0219i social\u0103 a acestor regiuni de frontier\u0103.<\/p>\n<p>M\u0103surile sunt oportune \u0219i esen\u021biale pentru consolidarea coeziunii teritoriale \u00een statele membre ale UE care se \u00eenvecineaz\u0103 cu Ucraina, Belarus \u0219i Federa\u021bia Rus\u0103, iar acest demers reprezint\u0103 un pas important \u00een recunoa\u0219terea \u0219i abordarea provoc\u0103rilor economice, sociale, de mediu \u0219i de securitate cu care se confrunt\u0103 regiunea M\u0103rii Negre. Astfel, strategia vizeaz\u0103 realizarea de ac\u021biuni suplimentare \u00een cinci domenii cheie: securitate \u0219i ap\u0103rare, asigurarea investi\u021biilor, valorificarea punctelor forte locale ale regiunilor, \u00eembun\u0103t\u0103\u021birea conectivit\u0103\u021bii \u0219i concentrarea pe oameni, deoarece rezisten\u021ba oric\u0103rei regiuni const\u0103 \u00een puterea comunit\u0103\u021bilor sale.<\/p>\n<p><em>\u201eRom\u00e2nia are cea mai lung\u0103 frontier\u0103 cu Ucraina dintre statele membre ale Uniunii Europene, ceea ce ne confer\u0103 nu doar o responsabilitate strategic\u0103, ci \u0219i una economic\u0103 major\u0103. \u00cenc\u0103 de la \u00eenceputul conflictului din Ucraina, IMM Rom\u00e2nia a sus\u021binut necesitatea unui program european dedicat consolid\u0103rii rezilien\u021bei regiunilor de frontier\u0103. Organiza\u021biile noastre membre contribuie activ la implementarea acestui demers, \u00eens\u0103 IMM-urile din zona de grani\u021b\u0103 sunt direct afectate de contextul geopolitic, iar investi\u021biile au avut de suferit. Tocmai de aceea, sprijinul concret \u0219i adaptat IMM-urilor este esen\u021bial pentru stabilitatea economic\u0103 \u0219i social\u0103 a acestor regiuni\u201d<\/em>, a declarat Florin Jianu, pre\u0219edinte IMM Rom\u00e2nia.<\/p>\n<p>Pentru IMM-uri, transformarea \u201elibert\u0103\u021bii de a r\u0103m\u00e2ne\u201d \u00eentr-o realitate \u00een regiunile de frontier\u0103 estice \u00eenseamn\u0103 abordarea unor probleme structurale precum leg\u0103turi de transport insuficiente, acces limitat la centre de formare, servicii publice reduse \u0219i acces restric\u021bionat la finan\u021bare. Investi\u021biile direc\u021bionate \u00een infrastructur\u0103, servicii locale \u0219i conectivitate digital\u0103 sunt esen\u021biale pentru a preveni un cerc vicios al declinului.<\/p>\n<p>Investi\u021biile \u00een IMM-uri \u00een aceste regiuni sunt, prin urmare, extrem de relevante pentru consolidarea regiunilor noastre de frontier\u0103 estice \u0219i cre\u0219terea rezilien\u021bei acestora, IMM Rom\u00e2nia sus\u021bine ideea atragerii investi\u021biilor private prin furnizarea de garan\u021bii finan\u021bate din fonduri regionale \u0219i de coeziune.<\/p>\n<p><em><strong>\u2022 Comunicat de pres\u0103 IMM Rom\u00e2nia<\/strong><\/em><\/p>\n<p>[analyse_source url=&#8221;https:\/\/www.gazeta-valceana.ro\/fapt-divers\/imm-urile-sunt-actori-cheie-pentru-rezilienta-regiunilor-estice\/&#8221;]<\/p>\n","protected":false},"excerpt":{"rendered":"<p>[analyse_image type=&#8221;featured&#8221; src=&#8221;https:\/\/www.gazeta-valceana.ro\/wp-content\/uploads\/2025\/07\/IMM-Romania-generic.jpg&#8221;] IMM-urile sunt actori cheie pentru rezilien\u021ba regiunilor estice Fapt diversI 24 februarie 2026 Ac\u021biune Facebook Twitter Pinterest WhatsApp IMM Rom\u00e2nia salut\u0103 adoptarea Strategiei Comisiei Europene privind regiunile estice ale Uniunii Europene care se \u00eenvecineaz\u0103 cu Rusia, Belarus \u0219i Ucraina \u2013 \u201eStrong regions for a safe Europe\u201d (COM(2026) 82 final). Documentul reafirm\u0103 faptul [&hellip;]<\/p>\n","protected":false},"author":1,"featured_media":0,"comment_status":"open","ping_status":"","sticky":false,"template":"","format":"standard","meta":{"footnotes":""},"categories":[89],"tags":[226,214],"class_list":["post-1790533","post","type-post","status-publish","format-standard","hentry","category-romania","tag-crawlmanager","tag-gazetavalceana-ro"],"_links":{"self":[{"href":"https:\/\/analyse.optim.biz\/index.php?rest_route=\/wp\/v2\/posts\/1790533","targetHints":{"allow":["GET"]}}],"collection":[{"href":"https:\/\/analyse.optim.biz\/index.php?rest_route=\/wp\/v2\/posts"}],"about":[{"href":"https:\/\/analyse.optim.biz\/index.php?rest_route=\/wp\/v2\/types\/post"}],"author":[{"embeddable":true,"href":"https:\/\/analyse.optim.biz\/index.php?rest_route=\/wp\/v2\/users\/1"}],"replies":[{"embeddable":true,"href":"https:\/\/analyse.optim.biz\/index.php?rest_route=%2Fwp%2Fv2%2Fcomments&post=1790533"}],"version-history":[{"count":0,"href":"https:\/\/analyse.optim.biz\/index.php?rest_route=\/wp\/v2\/posts\/1790533\/revisions"}],"wp:attachment":[{"href":"https:\/\/analyse.optim.biz\/index.php?rest_route=%2Fwp%2Fv2%2Fmedia&parent=1790533"}],"wp:term":[{"taxonomy":"category","embeddable":true,"href":"https:\/\/analyse.optim.biz\/index.php?rest_route=%2Fwp%2Fv2%2Fcategories&post=1790533"},{"taxonomy":"post_tag","embeddable":true,"href":"https:\/\/analyse.optim.biz\/index.php?rest_route=%2Fwp%2Fv2%2Ftags&post=1790533"}],"curies":[{"name":"wp","href":"https:\/\/api.w.org\/{rel}","templated":true}]}}