{"id":1790531,"date":"2026-02-24T17:30:18","date_gmt":"2026-02-24T14:30:18","guid":{"rendered":"https:\/\/analyse.optim.biz\/?p=1790531"},"modified":"2026-02-24T17:30:18","modified_gmt":"2026-02-24T14:30:18","slug":"foto-martea-neagra-in-capitala-olteniei-mecanic-verificat-cu-alcooltestul-dupa-ce-trenul-a-accidentat","status":"publish","type":"post","link":"https:\/\/analyse.optim.biz\/?p=1790531","title":{"rendered":"FOTO. Mar\u021bea neagr\u0103 \u00een capitala Olteniei. Mecanic, verificat cu alcooltestul dup\u0103 ce trenul a accidentat"},"content":{"rendered":"<p>[analyse_image type=&#8221;featured&#8221; src=&#8221;https:\/\/www.gazeta-valceana.ro\/wp-content\/uploads\/2026\/02\/IMG_20260224_191124.jpg&#8221;]<\/p>\n<article id=\"template-id-91645\" class=\"post-91645 tdb_templates type-tdb_templates status-publish post\">\n<div id=\"tdi_49\" class=\"tdc-zone\">\n<div class=\"tdc_zone tdi_50  wpb_row td-pb-row\">\n<div id=\"tdi_51\" class=\"tdc-row stretch_row_1200 td-stretch-content\">\n<div class=\"vc_row tdi_52  wpb_row td-pb-row\">\n<div class=\"vc_column tdi_54  wpb_column vc_column_container tdc-column td-pb-span8\">\n<div class=\"wpb_wrapper\">\n<div class=\"td_block_wrap tdb_title tdi_55 tdb-single-title td-pb-border-top td_block_template_1\" data-td-block-uid=\"tdi_55\">\n<div class=\"tdb-block-inner td-fix-index\">\n<h1 class=\"tdb-title-text\">FOTO. Mar\u021bea neagr\u0103 \u00een capitala Olteniei. Mecanic, verificat cu alcooltestul dup\u0103 ce trenul a accidentat mortal un pensionar<\/h1>\n<\/div>\n<\/div>\n<div class=\"vc_row_inner tdi_58  vc_row vc_inner wpb_row td-pb-row tdc-row-content-vert-center\">\n<div class=\"vc_column_inner tdi_60  wpb_column vc_column_container tdc-inner-column td-pb-span12\">\n<div class=\"vc_column-inner\">\n<div class=\"wpb_wrapper\">\n<div class=\"td_block_wrap tdb_single_categories tdi_61 td-pb-border-top td_block_template_1 \" data-td-block-uid=\"tdi_61\">\n<div class=\"tdb-category td-fix-index\"><a class=\"tdb-entry-category\" href=\"https:\/\/www.gazeta-valceana.ro\/category\/anchetedezvaluri\/\">Anchete\/Dezv\u0103luri<\/a><a class=\"tdb-entry-category\" href=\"https:\/\/www.gazeta-valceana.ro\/category\/i\/\">I<\/a><\/div>\n<\/div>\n<div class=\"td_block_wrap tdb_single_date tdi_62 td-pb-border-top td_block_template_1 tdb-post-meta\" data-td-block-uid=\"tdi_62\">\n<div class=\"tdb-block-inner td-fix-index\"><time class=\"entry-date updated td-module-date\" datetime=\"2026-02-24T19:30:18+02:00\">24 februarie 2026<\/time><\/div>\n<\/div>\n<\/div>\n<\/div>\n<\/div>\n<\/div>\n<\/div>\n<\/div>\n<\/div>\n<\/div>\n<div id=\"tdi_65\" class=\"tdc-row stretch_row_1200 td-stretch-content\">\n<div class=\"vc_row tdi_66  wpb_row td-pb-row\">\n<div class=\"vc_column tdi_68  wpb_column vc_column_container tdc-column td-pb-span8\">\n<div class=\"wpb_wrapper\">\n<div class=\"td_block_wrap tdb_single_featured_image tdi_69 tdb-content-horiz-left td-pb-border-top td_block_template_1\" data-td-block-uid=\"tdi_69\">\n<div class=\"tdb-block-inner td-fix-index\"><img loading=\"lazy\" decoding=\"async\" width=\"696\" height=\"388\" class=\"entry-thumb\" src=\"https:\/\/www.gazeta-valceana.ro\/wp-content\/uploads\/2026\/02\/IMG_20260224_191124-696x388.jpg\" alt title=\"IMG_20260224_191124\"><\/div>\n<\/div>\n<div class=\"td_block_wrap tdb_single_post_share tdi_70  td-pb-border-top td_block_template_1\" data-td-block-uid=\"tdi_70\">\n<div id=\"tdi_70\" class=\"td-post-sharing tdb-block td-ps-border td-ps-border-grey td-ps-notext td-ps-icon-color td-ps-text-color td-post-sharing-style16 \">\n<div class=\"td-post-sharing-visible\">\n<div class=\"td-social-sharing-button td-social-sharing-button-js td-social-handler td-social-share-text\">\n<div class=\"td-social-but-text\">Ac\u021biune<\/div>\n<\/div>\n<p><a class=\"td-social-sharing-button td-social-sharing-button-js td-social-network td-social-facebook\" href=\"https:\/\/www.facebook.com\/sharer.php?u=https%3A%2F%2Fwww.gazeta-valceana.ro%2Fanchetedezvaluri%2Ffoto-martea-neagra-in-capitala-olteniei-mecanic-verificat-cu-alcooltestul-dupa-ce-trenul-a-accidentat-mortal-un-pensionar%2F\" title=\"Facebook\"><\/p>\n<div class=\"td-social-but-text\">Facebook<\/div>\n<p><\/a><a class=\"td-social-sharing-button td-social-sharing-button-js td-social-network td-social-twitter\" href=\"https:\/\/twitter.com\/intent\/tweet?text=FOTO.+Mar%C8%9Bea+neagr%C4%83+%C3%AEn+capitala+Olteniei.+Mecanic%2C+verificat+cu+alcooltestul+dup%C4%83+ce+trenul+a+accidentat+mortal+un+pensionar&amp;url=https%3A%2F%2Fwww.gazeta-valceana.ro%2Fanchetedezvaluri%2Ffoto-martea-neagra-in-capitala-olteniei-mecanic-verificat-cu-alcooltestul-dupa-ce-trenul-a-accidentat-mortal-un-pensionar%2F&amp;via=Gazeta+V%C3%A2lcean%C4%83\" title=\"Twitter\"><\/p>\n<div class=\"td-social-but-text\">Twitter<\/div>\n<p><\/a><a class=\"td-social-sharing-button td-social-sharing-button-js td-social-network td-social-pinterest\" href=\"https:\/\/pinterest.com\/pin\/create\/button\/?url=https:\/\/www.gazeta-valceana.ro\/anchetedezvaluri\/foto-martea-neagra-in-capitala-olteniei-mecanic-verificat-cu-alcooltestul-dupa-ce-trenul-a-accidentat-mortal-un-pensionar\/&amp;media=https:\/\/www.gazeta-valceana.ro\/wp-content\/uploads\/2026\/02\/IMG_20260224_191124.jpg&amp;description=FOTO.+Mar%C8%9Bea+neagr%C4%83+%C3%AEn+capitala+Olteniei.+Mecanic%2C+verificat+cu+alcooltestul+dup%C4%83+ce+trenul+a+accidentat+mortal+un+pensionar\" title=\"Pinterest\"><\/p>\n<div class=\"td-social-but-text\">Pinterest<\/div>\n<p><\/a><a class=\"td-social-sharing-button td-social-sharing-button-js td-social-network td-social-whatsapp\" href=\"https:\/\/api.whatsapp.com\/send?text=FOTO.+Mar%C8%9Bea+neagr%C4%83+%C3%AEn+capitala+Olteniei.+Mecanic%2C+verificat+cu+alcooltestul+dup%C4%83+ce+trenul+a+accidentat+mortal+un+pensionar%20%0A%0A%20https:\/\/www.gazeta-valceana.ro\/anchetedezvaluri\/foto-martea-neagra-in-capitala-olteniei-mecanic-verificat-cu-alcooltestul-dupa-ce-trenul-a-accidentat-mortal-un-pensionar\/\" title=\"WhatsApp\"><\/p>\n<div class=\"td-social-but-text\">WhatsApp<\/div>\n<p><\/a><\/div>\n<\/div>\n<\/div>\n<div class=\"td_block_wrap tdb_single_content tdi_71 td-pb-border-top td_block_template_1 td-post-content tagdiv-type\" data-td-block-uid=\"tdi_71\">\n<div class=\"tdb-block-inner td-fix-index\">\n<p>Mar\u021bi, 24 februarie 2026, \u00een jurul orei 15.50, poli\u021bi\u0219tii din cadrul Postului de Poli\u021bie Transporturi Feroviare Craiova s-au sesizat din oficiu cu privire la faptul c\u0103 la ie\u0219irea din Halta de cale ferat\u0103 Craiova-Triaj, o persoan\u0103 a fost accidentat\u0103 de un tren.<\/p>\n<p>\u00cen urma verific\u0103rilor efectuate de poli\u021bi\u0219ti, a fost identificat\u0103 persoana \u00een cauz\u0103 ca fiind un b\u0103rbat, \u00een v\u00e2rst\u0103 de 62 de ani, domiciliat \u00een municipiul Craiova. Din p\u0103cate, \u00een urma accidentului feroviar, b\u0103rbatul a decedat.<\/p>\n<p>Mecanicul de locomotiv\u0103 a fost verificat cu aparatul alcooltest, rezultatul fiind negativ.<\/p>\n<p>\u00cen cauz\u0103, poli\u021bi\u0219tii au \u00eentocmit dosar penal sub aspectul s\u0103v\u00e2r\u0219irii infrac\u021biunii de ucidere din culp\u0103 iar cercet\u0103rile sunt continuate pentru stabilirea cu exactitate a \u00eemprejur\u0103rilor \u00een care a avut loc evenimentul.<\/p>\n<\/div>\n<\/div>\n<div class=\"tdb-author-box td_block_wrap tdb_single_author_box tdi_72 tdb-content-vert-top td-pb-border-top td_block_template_1\" data-td-block-uid=\"tdi_72\">\n<div class=\"tdb-block-inner td-fix-index\"><a href=\"https:\/\/www.gazeta-valceana.ro\/author\/redactia\/\" class=\"tdb-author-photo\" title=\"Redactia\"><img decoding=\"async\" alt=\"Redactia\" src=\"https:\/\/secure.gravatar.com\/avatar\/d9699bfd17d7f55fcf6bbdfb0214d48a942c5fd23a1db27f4a803a8d0651670f?s=500&amp;d=mm&amp;r=g\" class=\"avatar avatar-500 photo\" height=\"500\" width=\"500\" loading=\"lazy\"><\/a><\/p>\n<div class=\"tdb-author-info\"><a href=\"https:\/\/www.gazeta-valceana.ro\/author\/redactia\/\" class=\"tdb-author-name\">Redactia<\/a><\/div>\n<\/div>\n<\/div>\n<\/div>\n<\/div>\n<div class=\"vc_column tdi_76  wpb_column vc_column_container tdc-column td-pb-span4 td-is-sticky\">\n<div class=\"wpb_wrapper\" data-sticky-enabled-on=\"W3RydWUsdHJ1ZSx0cnVlLHRydWVd\" data-sticky-offset=\"20\" data-sticky-is-width-auto=\"W2ZhbHNlLGZhbHNlLGZhbHNlLGZhbHNlXQ==\">\n<div class=\"vc_row_inner tdi_81  vc_row vc_inner wpb_row td-pb-row tdc-row-content-vert-center\">\n<div class=\"vc_column_inner tdi_83  wpb_column vc_column_container tdc-inner-column td-pb-span12\">\n<div class=\"vc_column-inner\">\n<div class=\"wpb_wrapper\">\n<div class=\"tdm_block td_block_wrap tdm_block_inline_text tdi_86 tdm-inline-block td-pb-border-top td_block_template_1\" data-td-block-uid=\"tdi_86\">\n<p class=\"tdm-descr\">Ultimele articole<\/p>\n<\/div>\n<\/div>\n<\/div>\n<\/div>\n<\/div>\n<div class=\"td_block_wrap td_flex_block_1 tdi_87 td-pb-border-top td_block_template_1 td_flex_block\" data-td-block-uid=\"tdi_87\">\n<div id=\"tdi_87\" class=\"td_block_inner td-mc1-wrap\">\n<div class=\"td_module_flex td_module_flex_1 td_module_wrap td-animation-stack td-cpt-post\">\n<div class=\"td-module-container td-category-pos-\">\n<div class=\"td-module-meta-info\">\n<h3 class=\"entry-title td-module-title\"><a href=\"https:\/\/www.gazeta-valceana.ro\/fapt-divers\/carnagiu-in-judetul-vecin-doi-soferi-au-decedat-in-aceasta-seara-o-adolescenta\/\" rel=\"bookmark\" title=\"Carnagiu \u00een jude\u021bul vecin! Doi \u0219oferi au decedat \u00een aceast\u0103 sear\u0103. O ADOLESCENT\u0102\u2026\">Carnagiu \u00een jude\u021bul vecin! Doi \u0219oferi au decedat \u00een aceast\u0103 sear\u0103. O ADOLESCENT\u0102\u2026<\/a><\/h3>\n<div class=\"td-editor-date\"><span class=\"td-author-date\"><span class=\"td-post-date\"><time class=\"entry-date updated td-module-date\" datetime=\"2026-02-24T19:15:10+02:00\">24 februarie 2026<\/time><\/span><\/span><\/div>\n<\/div>\n<\/div>\n<\/div>\n<div class=\"td_module_flex td_module_flex_1 td_module_wrap td-animation-stack td-cpt-post\">\n<div class=\"td-module-container td-category-pos-\">\n<div class=\"td-module-meta-info\">\n<h3 class=\"entry-title td-module-title\"><a href=\"https:\/\/www.gazeta-valceana.ro\/fapt-divers\/imm-urile-sunt-actori-cheie-pentru-rezilienta-regiunilor-estice\/\" rel=\"bookmark\" title=\"IMM-urile sunt actori cheie pentru rezilien\u021ba regiunilor estice\">IMM-urile sunt actori cheie pentru rezilien\u021ba regiunilor estice<\/a><\/h3>\n<div class=\"td-editor-date\"><span class=\"td-author-date\"><span class=\"td-post-date\"><time class=\"entry-date updated td-module-date\" datetime=\"2026-02-24T18:50:00+02:00\">24 februarie 2026<\/time><\/span><\/span><\/div>\n<\/div>\n<\/div>\n<\/div>\n<div class=\"td_module_flex td_module_flex_1 td_module_wrap td-animation-stack td-cpt-post\">\n<div class=\"td-module-container td-category-pos-\">\n<div class=\"td-module-meta-info\">\n<h3 class=\"entry-title td-module-title\"><a href=\"https:\/\/www.gazeta-valceana.ro\/fapt-divers\/foto-interventie-a-pompierilor-dupa-mini-furtuna-care-a-lovit-ramnicul-in-aceasta-dupa-amiaza-fulgere-si-tunete-de-dragobete\/\" rel=\"bookmark\" title=\"FOTO. Interven\u021bie a pompierilor dup\u0103 mini-furtuna care a lovit R\u00e2mnicul \u00een aceast\u0103 dup\u0103-amiaz\u0103. Fulgere \u0219i tunete de Dragobete!\">FOTO. Interven\u021bie a pompierilor dup\u0103 mini-furtuna care a lovit R\u00e2mnicul \u00een aceast\u0103 dup\u0103-amiaz\u0103. Fulgere \u0219i tunete de Dragobete!<\/a><\/h3>\n<div class=\"td-editor-date\"><span class=\"td-author-date\"><span class=\"td-post-date\"><time class=\"entry-date updated td-module-date\" datetime=\"2026-02-24T18:39:34+02:00\">24 februarie 2026<\/time><\/span><\/span><\/div>\n<\/div>\n<\/div>\n<\/div>\n<div class=\"td_module_flex td_module_flex_1 td_module_wrap td-animation-stack td-cpt-post\">\n<div class=\"td-module-container td-category-pos-\">\n<div class=\"td-module-meta-info\">\n<h3 class=\"entry-title td-module-title\"><a href=\"https:\/\/www.gazeta-valceana.ro\/administratie\/miercuri-si-joi-reprezentantii-asociatiilor-de-proprietari-din-zona-centrala-a-ramnicului-sedinta-cu-primarul-gutau\/\" rel=\"bookmark\" title=\"Miercuri \u0219i joi, reprezentan\u021bii asocia\u021biilor de proprietari din zona central\u0103 a R\u00e2mnicului, \u0219edin\u021b\u0103 cu primarul GUT\u0102U\">Miercuri \u0219i joi, reprezentan\u021bii asocia\u021biilor de proprietari din zona central\u0103 a R\u00e2mnicului, \u0219edin\u021b\u0103 cu primarul GUT\u0102U<\/a><\/h3>\n<div class=\"td-editor-date\"><span class=\"td-author-date\"><span class=\"td-post-date\"><time class=\"entry-date updated td-module-date\" datetime=\"2026-02-24T17:28:02+02:00\">24 februarie 2026<\/time><\/span><\/span><\/div>\n<\/div>\n<\/div>\n<\/div>\n<\/div>\n<\/div>\n<div class=\"td_block_wrap td-a-rec td-a-rec-id-custom-spot td-a-rec-img tdi_88 td_block_template_1\">\n<div><a href=\"https:\/\/www.gazeta-valceana.ro\/anchetedezvaluri\/foto-martea-neagra-in-capitala-olteniei-mecanic-verificat-cu-alcooltestul-dupa-ce-trenul-a-accidentat-mortal-un-pensionar\/\" class=\"td_spot_img_all\"><img loading=\"lazy\" decoding=\"async\" src=\"https:\/\/www.gazeta-valceana.ro\/wp-content\/uploads\/2025\/01\/image-5.jpg\" alt=\"spot_img\" width=\"347\" height=\"277\"><\/a><a href=\"https:\/\/www.gazeta-valceana.ro\/anchetedezvaluri\/foto-martea-neagra-in-capitala-olteniei-mecanic-verificat-cu-alcooltestul-dupa-ce-trenul-a-accidentat-mortal-un-pensionar\/\" class=\"td_spot_img_mob\"><img loading=\"lazy\" decoding=\"async\" src=\"https:\/\/www.gazeta-valceana.ro\/wp-content\/uploads\/2025\/01\/image-5.jpg\" alt=\"spot_img\" width=\"347\" height=\"247\"><\/a><\/div>\n<\/div>\n<div class=\"td_block_wrap td-a-rec td-a-rec-id-custom-spot td-a-rec-img tdi_89 td_block_template_1\">\n<div><a href=\"https:\/\/www.gazeta-valceana.ro\/anchetedezvaluri\/foto-martea-neagra-in-capitala-olteniei-mecanic-verificat-cu-alcooltestul-dupa-ce-trenul-a-accidentat-mortal-un-pensionar\/\" class=\"td_spot_img_all\"><img loading=\"lazy\" decoding=\"async\" src=\"https:\/\/www.gazeta-valceana.ro\/wp-content\/uploads\/2025\/01\/image-3.jpeg\" alt=\"spot_img\" width=\"347\" height=\"277\"><\/a><a href=\"https:\/\/www.gazeta-valceana.ro\/anchetedezvaluri\/foto-martea-neagra-in-capitala-olteniei-mecanic-verificat-cu-alcooltestul-dupa-ce-trenul-a-accidentat-mortal-un-pensionar\/\" class=\"td_spot_img_mob\"><img loading=\"lazy\" decoding=\"async\" src=\"https:\/\/www.gazeta-valceana.ro\/wp-content\/uploads\/2025\/01\/image-3.jpeg\" alt=\"spot_img\" width=\"347\" height=\"247\"><\/a><\/div>\n<\/div>\n<\/div>\n<\/div>\n<\/div>\n<\/div>\n<div id=\"tdi_97\" class=\"tdc-row stretch_row_1200 td-stretch-content\">\n<div class=\"vc_row tdi_98  wpb_row td-pb-row\">\n<div class=\"vc_column tdi_100  wpb_column vc_column_container tdc-column td-pb-span12\">\n<div class=\"wpb_wrapper\">\n<div class=\"td_block_wrap tdb_single_next_prev tdi_101 td-pb-border-top td_block_template_1\" data-td-block-uid=\"tdi_101\">\n<div class=\"tdb-block-inner td-fix-index\">\n<div class=\"tdb-next-post tdb-next-post-bg tdb-post-prev\"><span>Articolul precedent<\/span><\/p>\n<div class=\"td-module-container\">\n<div class=\"next-prev-title\"><a href=\"https:\/\/www.gazeta-valceana.ro\/fapt-divers\/carnagiu-in-judetul-vecin-doi-soferi-au-decedat-in-aceasta-seara-o-adolescenta\/\">Carnagiu \u00een jude\u021bul vecin! Doi \u0219oferi au decedat \u00een aceast\u0103 sear\u0103. O ADOLESCENT\u0102\u2026<\/a><\/div>\n<\/div>\n<\/div>\n<\/div>\n<\/div>\n<div class=\"vc_row_inner tdi_103  vc_row vc_inner wpb_row td-pb-row tdc-row-content-vert-center\">\n<div class=\"vc_column_inner tdi_105  wpb_column vc_column_container tdc-inner-column td-pb-span12\">\n<div class=\"vc_column-inner\">\n<div class=\"wpb_wrapper\">\n<div class=\"tdm_block td_block_wrap tdm_block_inline_text tdi_108 tdm-inline-block td-pb-border-top td_block_template_1\" data-td-block-uid=\"tdi_108\">\n<p class=\"tdm-descr\">Related articles<\/p>\n<\/div>\n<\/div>\n<\/div>\n<\/div>\n<\/div>\n<div class=\"td_block_wrap tdb_single_related tdi_109 td_with_ajax_pagination td-pb-border-top td_block_template_1 tdb-single-related-posts\" data-td-block-uid=\"tdi_109\">\n<div id=\"tdi_109\" class=\"td_block_inner tdb-block-inner td-fix-index\">\n<div class=\"tdb_module_related td_module_wrap td-animation-stack\">\n<div class=\"td-module-container td-category-pos-\">\n<div class=\"td-module-meta-info\">\n<h3 class=\"entry-title td-module-title\"><a href=\"https:\/\/www.gazeta-valceana.ro\/fapt-divers\/carnagiu-in-judetul-vecin-doi-soferi-au-decedat-in-aceasta-seara-o-adolescenta\/\" rel=\"bookmark\" title=\"Carnagiu \u00een jude\u021bul vecin! Doi \u0219oferi au decedat \u00een aceast\u0103 sear\u0103. O ADOLESCENT\u0102\u2026\">Carnagiu \u00een jude\u021bul vecin! Doi \u0219oferi au decedat \u00een aceast\u0103 sear\u0103. O ADOLESCENT\u0102\u2026<\/a><\/h3>\n<div class=\"td-editor-date\"><a href=\"https:\/\/www.gazeta-valceana.ro\/category\/fapt-divers\/\" class=\"td-post-category\">Fapt divers<\/a><span class=\"td-author-date\"><span class=\"td-post-date\"><time class=\"entry-date updated td-module-date\" datetime=\"2026-02-24T19:15:10+02:00\">24 februarie 2026<\/time><\/span><\/span><\/div>\n<\/div>\n<\/div>\n<\/div>\n<div class=\"tdb_module_related td_module_wrap td-animation-stack\">\n<div class=\"td-module-container td-category-pos-\">\n<div class=\"td-module-meta-info\">\n<h3 class=\"entry-title td-module-title\"><a href=\"https:\/\/www.gazeta-valceana.ro\/fapt-divers\/imm-urile-sunt-actori-cheie-pentru-rezilienta-regiunilor-estice\/\" rel=\"bookmark\" title=\"IMM-urile sunt actori cheie pentru rezilien\u021ba regiunilor estice\">IMM-urile sunt actori cheie pentru rezilien\u021ba regiunilor estice<\/a><\/h3>\n<div class=\"td-editor-date\"><a href=\"https:\/\/www.gazeta-valceana.ro\/category\/fapt-divers\/\" class=\"td-post-category\">Fapt divers<\/a><span class=\"td-author-date\"><span class=\"td-post-date\"><time class=\"entry-date updated td-module-date\" datetime=\"2026-02-24T18:50:00+02:00\">24 februarie 2026<\/time><\/span><\/span><\/div>\n<\/div>\n<\/div>\n<\/div>\n<div class=\"tdb_module_related td_module_wrap td-animation-stack\">\n<div class=\"td-module-container td-category-pos-\">\n<div class=\"td-module-meta-info\">\n<h3 class=\"entry-title td-module-title\"><a href=\"https:\/\/www.gazeta-valceana.ro\/fapt-divers\/foto-interventie-a-pompierilor-dupa-mini-furtuna-care-a-lovit-ramnicul-in-aceasta-dupa-amiaza-fulgere-si-tunete-de-dragobete\/\" rel=\"bookmark\" title=\"FOTO. Interven\u021bie a pompierilor dup\u0103 mini-furtuna care a lovit R\u00e2mnicul \u00een aceast\u0103 dup\u0103-amiaz\u0103. Fulgere \u0219i tunete de Dragobete!\">FOTO. Interven\u021bie a pompierilor dup\u0103 mini-furtuna care a lovit R\u00e2mnicul \u00een aceast\u0103 dup\u0103-amiaz\u0103. Fulgere \u0219i tunete de Dragobete!<\/a><\/h3>\n<div class=\"td-editor-date\"><a href=\"https:\/\/www.gazeta-valceana.ro\/category\/fapt-divers\/\" class=\"td-post-category\">Fapt divers<\/a><span class=\"td-author-date\"><span class=\"td-post-date\"><time class=\"entry-date updated td-module-date\" datetime=\"2026-02-24T18:39:34+02:00\">24 februarie 2026<\/time><\/span><\/span><\/div>\n<\/div>\n<\/div>\n<\/div>\n<\/div>\n<\/div>\n<\/div>\n<\/div>\n<\/div>\n<\/div>\n<div id=\"tdi_116\" class=\"tdc-row stretch_row_1200 td-stretch-content\">\n<div class=\"vc_row tdi_117  wpb_row td-pb-row\">\n<div class=\"vc_column tdi_122  wpb_column vc_column_container tdc-column td-pb-span4 td-is-sticky\">\n<div class=\"wpb_wrapper\" data-sticky-enabled-on=\"W3RydWUsdHJ1ZSx0cnVlLHRydWVd\" data-sticky-offset=\"20\" data-sticky-is-width-auto=\"W2ZhbHNlLGZhbHNlLGZhbHNlLGZhbHNlXQ==\">\n<div class=\"td_block_wrap td-a-rec td-a-rec-id-custom-spot td-a-rec-img tdi_123 td_block_template_1\">\n<div><a href=\"https:\/\/www.gazeta-valceana.ro\/anchetedezvaluri\/foto-martea-neagra-in-capitala-olteniei-mecanic-verificat-cu-alcooltestul-dupa-ce-trenul-a-accidentat-mortal-un-pensionar\/\" class=\"td_spot_img_all\"><img loading=\"lazy\" decoding=\"async\" src=\"https:\/\/www.gazeta-valceana.ro\/wp-content\/uploads\/2025\/01\/image-4.jpg\" alt=\"spot_img\" width=\"347\" height=\"277\"><\/a><a href=\"https:\/\/www.gazeta-valceana.ro\/anchetedezvaluri\/foto-martea-neagra-in-capitala-olteniei-mecanic-verificat-cu-alcooltestul-dupa-ce-trenul-a-accidentat-mortal-un-pensionar\/\" class=\"td_spot_img_mob\"><img loading=\"lazy\" decoding=\"async\" src=\"https:\/\/www.gazeta-valceana.ro\/wp-content\/uploads\/2025\/01\/image-4.jpg\" alt=\"spot_img\" width=\"347\" height=\"247\"><\/a><\/div>\n<\/div>\n<div class=\"td_block_wrap td-a-rec td-a-rec-id-custom-spot td-a-rec-img tdi_124 td_block_template_1\">\n<div><a href=\"https:\/\/www.gazeta-valceana.ro\/anchetedezvaluri\/foto-martea-neagra-in-capitala-olteniei-mecanic-verificat-cu-alcooltestul-dupa-ce-trenul-a-accidentat-mortal-un-pensionar\/\" class=\"td_spot_img_all\"><img loading=\"lazy\" decoding=\"async\" src=\"https:\/\/www.gazeta-valceana.ro\/wp-content\/uploads\/2025\/01\/image-5.jpg\" alt=\"spot_img\" width=\"347\" height=\"277\"><\/a><a href=\"https:\/\/www.gazeta-valceana.ro\/anchetedezvaluri\/foto-martea-neagra-in-capitala-olteniei-mecanic-verificat-cu-alcooltestul-dupa-ce-trenul-a-accidentat-mortal-un-pensionar\/\" class=\"td_spot_img_mob\"><img loading=\"lazy\" decoding=\"async\" src=\"https:\/\/www.gazeta-valceana.ro\/wp-content\/uploads\/2025\/01\/image-5.jpg\" alt=\"spot_img\" width=\"347\" height=\"247\"><\/a><\/div>\n<\/div>\n<div class=\"td_block_wrap td-a-rec td-a-rec-id-custom-spot td-a-rec-img tdi_125 td_block_template_1\">\n<div><a href=\"https:\/\/www.gazeta-valceana.ro\/anchetedezvaluri\/foto-martea-neagra-in-capitala-olteniei-mecanic-verificat-cu-alcooltestul-dupa-ce-trenul-a-accidentat-mortal-un-pensionar\/\" class=\"td_spot_img_all\"><img loading=\"lazy\" decoding=\"async\" src=\"https:\/\/www.gazeta-valceana.ro\/wp-content\/uploads\/2025\/01\/image-3.jpeg\" alt=\"spot_img\" width=\"347\" height=\"277\"><\/a><a href=\"https:\/\/www.gazeta-valceana.ro\/anchetedezvaluri\/foto-martea-neagra-in-capitala-olteniei-mecanic-verificat-cu-alcooltestul-dupa-ce-trenul-a-accidentat-mortal-un-pensionar\/\" class=\"td_spot_img_mob\"><img loading=\"lazy\" decoding=\"async\" src=\"https:\/\/www.gazeta-valceana.ro\/wp-content\/uploads\/2025\/01\/image-3.jpeg\" alt=\"spot_img\" width=\"347\" height=\"247\"><\/a><\/div>\n<\/div>\n<\/div>\n<\/div>\n<\/div>\n<\/div>\n<\/div>\n<\/div>\n<p><span class=\"td-page-meta\"><\/span><span class=\"td-page-meta\"><span class=\"td-page-meta\"><\/span><\/span><span class=\"td-page-meta\"><\/span><\/article>\n<\/p>\n<div class=\"td_block_wrap tdb_single_content tdi_71 td-pb-border-top td_block_template_1 td-post-content tagdiv-type\" data-td-block-uid=\"tdi_71\">\n<div class=\"tdb-block-inner td-fix-index\">\n<p>Mar\u021bi, 24 februarie 2026, \u00een jurul orei 15.50, poli\u021bi\u0219tii din cadrul Postului de Poli\u021bie Transporturi Feroviare Craiova s-au sesizat din oficiu cu privire la faptul c\u0103 la ie\u0219irea din Halta de cale ferat\u0103 Craiova-Triaj, o persoan\u0103 a fost accidentat\u0103 de un tren.<\/p>\n<p>\u00cen urma verific\u0103rilor efectuate de poli\u021bi\u0219ti, a fost identificat\u0103 persoana \u00een cauz\u0103 ca fiind un b\u0103rbat, \u00een v\u00e2rst\u0103 de 62 de ani, domiciliat \u00een municipiul Craiova. Din p\u0103cate, \u00een urma accidentului feroviar, b\u0103rbatul a decedat.<\/p>\n<p>Mecanicul de locomotiv\u0103 a fost verificat cu aparatul alcooltest, rezultatul fiind negativ.<\/p>\n<p>\u00cen cauz\u0103, poli\u021bi\u0219tii au \u00eentocmit dosar penal sub aspectul s\u0103v\u00e2r\u0219irii infrac\u021biunii de ucidere din culp\u0103 iar cercet\u0103rile sunt continuate pentru stabilirea cu exactitate a \u00eemprejur\u0103rilor \u00een care a avut loc evenimentul.<\/p>\n<\/div>\n<\/div>\n<p>Mar\u021bi, 24 februarie 2026, \u00een jurul orei 15.50, poli\u021bi\u0219tii din cadrul Postului de Poli\u021bie Transporturi Feroviare Craiova s-au sesizat din oficiu cu privire la faptul c\u0103 la ie\u0219irea din Halta de cale ferat\u0103 Craiova-Triaj, o persoan\u0103 a fost accidentat\u0103 de un tren.<\/p>\n<p>\u00cen urma verific\u0103rilor efectuate de poli\u021bi\u0219ti, a fost identificat\u0103 persoana \u00een cauz\u0103 ca fiind un b\u0103rbat, \u00een v\u00e2rst\u0103 de 62 de ani, domiciliat \u00een municipiul Craiova. Din p\u0103cate, \u00een urma accidentului feroviar, b\u0103rbatul a decedat.<\/p>\n<p>Mecanicul de locomotiv\u0103 a fost verificat cu aparatul alcooltest, rezultatul fiind negativ.<\/p>\n<p>\u00cen cauz\u0103, poli\u021bi\u0219tii au \u00eentocmit dosar penal sub aspectul s\u0103v\u00e2r\u0219irii infrac\u021biunii de ucidere din culp\u0103 iar cercet\u0103rile sunt continuate pentru stabilirea cu exactitate a \u00eemprejur\u0103rilor \u00een care a avut loc evenimentul.<\/p>\n<p>[analyse_source url=&#8221;https:\/\/www.gazeta-valceana.ro\/anchetedezvaluri\/foto-martea-neagra-in-capitala-olteniei-mecanic-verificat-cu-alcooltestul-dupa-ce-trenul-a-accidentat-mortal-un-pensionar\/&#8221;]<\/p>\n","protected":false},"excerpt":{"rendered":"<p>[analyse_image type=&#8221;featured&#8221; src=&#8221;https:\/\/www.gazeta-valceana.ro\/wp-content\/uploads\/2026\/02\/IMG_20260224_191124.jpg&#8221;] FOTO. Mar\u021bea neagr\u0103 \u00een capitala Olteniei. Mecanic, verificat cu alcooltestul dup\u0103 ce trenul a accidentat mortal un pensionar Anchete\/Dezv\u0103luriI 24 februarie 2026 Ac\u021biune Facebook Twitter Pinterest WhatsApp Mar\u021bi, 24 februarie 2026, \u00een jurul orei 15.50, poli\u021bi\u0219tii din cadrul Postului de Poli\u021bie Transporturi Feroviare Craiova s-au sesizat din oficiu cu privire la faptul [&hellip;]<\/p>\n","protected":false},"author":1,"featured_media":0,"comment_status":"open","ping_status":"","sticky":false,"template":"","format":"standard","meta":{"footnotes":""},"categories":[89],"tags":[226,214],"class_list":["post-1790531","post","type-post","status-publish","format-standard","hentry","category-romania","tag-crawlmanager","tag-gazetavalceana-ro"],"_links":{"self":[{"href":"https:\/\/analyse.optim.biz\/index.php?rest_route=\/wp\/v2\/posts\/1790531","targetHints":{"allow":["GET"]}}],"collection":[{"href":"https:\/\/analyse.optim.biz\/index.php?rest_route=\/wp\/v2\/posts"}],"about":[{"href":"https:\/\/analyse.optim.biz\/index.php?rest_route=\/wp\/v2\/types\/post"}],"author":[{"embeddable":true,"href":"https:\/\/analyse.optim.biz\/index.php?rest_route=\/wp\/v2\/users\/1"}],"replies":[{"embeddable":true,"href":"https:\/\/analyse.optim.biz\/index.php?rest_route=%2Fwp%2Fv2%2Fcomments&post=1790531"}],"version-history":[{"count":0,"href":"https:\/\/analyse.optim.biz\/index.php?rest_route=\/wp\/v2\/posts\/1790531\/revisions"}],"wp:attachment":[{"href":"https:\/\/analyse.optim.biz\/index.php?rest_route=%2Fwp%2Fv2%2Fmedia&parent=1790531"}],"wp:term":[{"taxonomy":"category","embeddable":true,"href":"https:\/\/analyse.optim.biz\/index.php?rest_route=%2Fwp%2Fv2%2Fcategories&post=1790531"},{"taxonomy":"post_tag","embeddable":true,"href":"https:\/\/analyse.optim.biz\/index.php?rest_route=%2Fwp%2Fv2%2Ftags&post=1790531"}],"curies":[{"name":"wp","href":"https:\/\/api.w.org\/{rel}","templated":true}]}}