{"id":179053,"date":"2015-06-17T18:40:50","date_gmt":"2015-06-17T15:40:50","guid":{"rendered":"https:\/\/analyse.optim.biz\/?p=179053"},"modified":"2015-06-17T18:40:50","modified_gmt":"2015-06-17T15:40:50","slug":"liviu-dragnea-premierul-va-avea-nevoie-de-o-perioada-de-recuperare-de-trei-sau-patru-saptamani","status":"publish","type":"post","link":"https:\/\/analyse.optim.biz\/?p=179053","title":{"rendered":"Liviu Dragnea: Premierul va avea nevoie de o perioad\u0103 de recuperare de trei sau patru s\u0103pt\u0103m\u00e2ni"},"content":{"rendered":"<div class=\"entry data-app-meta data-app-meta-article\" data-embed-base-url-canonical=\"https:\/\/www.digi24.ro\/embed\/stiri\/actualitate\/politica\/liviu-dragnea-premierul-va-avea-nevoie-de-o-perioada-de-recuperare-de-trei-sau-patru-saptamani-405571\">\n<p data-index=\"1\"><img decoding=\"async\" src=\"https:\/\/analyse.optim.biz\/wp-content\/uploads\/2024\/09\/zdjkmgq4owrjmwiyodmymzgzy2nknddkyzy2mgiw-thumb_.jpg\" data-skip-htmlfix=\"1\" title=\"zdjkmgq4owrjmwiyodmymzgzy2nknddkyzy2mgiw-thumb_\"><\/p>\n<p data-index=\"2\">Dragnea a precizat c\u0103 primul-ministru se afl\u0103 \u00een imposibilitatea de a pune piciorul operat \u00een p\u0103m\u00e2nt \u0219i acuz\u0103 dureri foarte mari. El sus\u021bine c\u0103 interven\u021bia chirurgical\u0103 din Turcia a fost \u201egrea\u201d \u0219i \u201ecomplex\u0103\u201d \u0219i c\u0103 a fost un succes, scrie <a href=\"http:\/\/www.agerpres.ro\/politica\/2015\/06\/17\/dragnea-premierul-va-avea-nevoie-de-o-perioada-de-recuperare-de-trei-sau-patru-saptamani-18-16-42\" target=\"_blank\" data-skip-linkfix=\"1\" rel=\"noopener\">Agerpres.<\/a><\/p>\n<p data-index=\"3\">\u201e<strong><em>Este nevoie de o perioad\u0103 de recuperare, de trei sau patru s\u0103pt\u0103m\u00e2ni, \u00een care \u00een fiecare zi trebuie s\u0103 fac\u0103 ni\u0219te exerci\u021bii pe care trebuie s\u0103 le respecte cu stricte\u021be \u0219i foarte mult\u0103 rigoare, altfel o s\u0103 aib\u0103 probleme cu genunchiul toat\u0103 via\u021ba<\/em><\/strong>. Are dureri foarte mari atunci c\u00e2nd este pus s\u0103 fac\u0103 acele exerci\u021bii. A \u00eencercat s\u0103 fac\u0103 c\u00e2\u021biva pa\u0219i cu un cadru ieri, dar este aproape imposibil. St\u0103 \u00eentr-un pat special care se modeleaz\u0103 \u00een diverse pozi\u021bii \u0219i are ni\u0219te aparate care lucreaz\u0103 la picior\u201d, a afirmat Dragnea, care l-a vizitat mar\u021bi pe Ponta la clinica din Turcia.<\/p>\n<p data-index=\"4\">Liviu Dragnea a mai spus c\u0103 primul-ministru urmeaz\u0103 a fi reevaluat vineri, medicii urm\u00e2nd s\u0103 decid\u0103 dac\u0103 acesta poate p\u0103r\u0103si clinica.<\/p>\n<\/div>\n<p> Source URL: https:\/\/www.digi24.ro\/stiri\/actualitate\/politica\/liviu-dragnea-premierul-va-avea-nevoie-de-o-perioada-de-recuperare-de-trei-sau-patru-saptamani-405571<\/p>\n","protected":false},"excerpt":{"rendered":"<p>Dragnea a precizat c\u0103 primul-ministru se afl\u0103 \u00een imposibilitatea de a pune piciorul operat \u00een p\u0103m\u00e2nt \u0219i acuz\u0103 dureri foarte mari. El sus\u021bine c\u0103 interven\u021bia chirurgical\u0103 din Turcia a fost \u201egrea\u201d \u0219i \u201ecomplex\u0103\u201d \u0219i c\u0103 a fost un succes, scrie Agerpres. \u201eEste nevoie de o perioad\u0103 de recuperare, de trei sau patru s\u0103pt\u0103m\u00e2ni, \u00een care [&hellip;]<\/p>\n","protected":false},"author":1,"featured_media":179054,"comment_status":"open","ping_status":"","sticky":false,"template":"","format":"standard","meta":{"footnotes":""},"categories":[2],"tags":[11],"class_list":["post-179053","post","type-post","status-publish","format-standard","has-post-thumbnail","hentry","category-politics","tag-digi24"],"_links":{"self":[{"href":"https:\/\/analyse.optim.biz\/index.php?rest_route=\/wp\/v2\/posts\/179053","targetHints":{"allow":["GET"]}}],"collection":[{"href":"https:\/\/analyse.optim.biz\/index.php?rest_route=\/wp\/v2\/posts"}],"about":[{"href":"https:\/\/analyse.optim.biz\/index.php?rest_route=\/wp\/v2\/types\/post"}],"author":[{"embeddable":true,"href":"https:\/\/analyse.optim.biz\/index.php?rest_route=\/wp\/v2\/users\/1"}],"replies":[{"embeddable":true,"href":"https:\/\/analyse.optim.biz\/index.php?rest_route=%2Fwp%2Fv2%2Fcomments&post=179053"}],"version-history":[{"count":0,"href":"https:\/\/analyse.optim.biz\/index.php?rest_route=\/wp\/v2\/posts\/179053\/revisions"}],"wp:featuredmedia":[{"embeddable":true,"href":"https:\/\/analyse.optim.biz\/index.php?rest_route=\/wp\/v2\/media\/179054"}],"wp:attachment":[{"href":"https:\/\/analyse.optim.biz\/index.php?rest_route=%2Fwp%2Fv2%2Fmedia&parent=179053"}],"wp:term":[{"taxonomy":"category","embeddable":true,"href":"https:\/\/analyse.optim.biz\/index.php?rest_route=%2Fwp%2Fv2%2Fcategories&post=179053"},{"taxonomy":"post_tag","embeddable":true,"href":"https:\/\/analyse.optim.biz\/index.php?rest_route=%2Fwp%2Fv2%2Ftags&post=179053"}],"curies":[{"name":"wp","href":"https:\/\/api.w.org\/{rel}","templated":true}]}}