{"id":1790522,"date":"2026-02-24T07:00:08","date_gmt":"2026-02-24T04:00:08","guid":{"rendered":"https:\/\/analyse.optim.biz\/?p=1790522"},"modified":"2026-02-24T07:00:08","modified_gmt":"2026-02-24T04:00:08","slug":"armonii-de-primavara-la-casa-avramide-15-artisti-tulceni-expun-in-cadrul-proiectului-arta-din","status":"publish","type":"post","link":"https:\/\/analyse.optim.biz\/?p=1790522","title":{"rendered":"\u201eArmonii de prim\u0103var\u0103&#8221; la Casa Avramide: 15 arti\u015fti tulceni expun \u00een cadrul proiectului \u201eArta din"},"content":{"rendered":"<p>[analyse_image type=&#8221;featured&#8221; src=&#8221;https:\/\/ziaruldelta.ro\/wp-content\/uploads\/2026\/02\/armonii.jpg&#8221;]<\/p>\n<article id=\"post-35485\" class=\"module single-post-module post-35485 post type-post status-publish format-standard has-post-thumbnail hentry category-cultura et-has-post-format-content et_post_format-et-post-format-standard\">\n<div class=\"post-header\">\n<h1 class=\"entry-title\">\u201eArmonii de prim\u0103var\u0103\u201d la Casa Avramide: 15 arti\u015fti tulceni expun \u00een cadrul proiectului \u201eArta din comunitate\u201d<\/h1>\n<div class=\"post-meta vcard\">\n<p>Posted by <a href=\"https:\/\/ziaruldelta.ro\/author\/nicoleta-urmuz\/\" class=\"url fn\" title=\"Posts by Nicoleta URMUZ\" rel=\"author\">Nicoleta URMUZ<\/a> | <span class=\"updated\">Feb 24, 2026<\/span> | <a href=\"https:\/\/ziaruldelta.ro\/category\/cultura\/\" rel=\"tag\">Cultur\u0103<\/a> | <\/p>\n<\/div>\n<\/div>\n<div class=\"post-thumbnail header\"><img decoding=\"async\" src=\"https:\/\/ziaruldelta.ro\/wp-content\/uploads\/2026\/02\/armonii.jpg\" alt=\"\u201eArmonii de prim\u0103var\u0103\u201d la Casa Avramide: 15 arti\u015fti tulceni expun \u00een cadrul proiectului \u201eArta din comunitate\u201d\"><\/div>\n<div class=\"post-wrap\">\n<div class=\"post-content entry-content\">\n<p>Casa Avramide g\u0103zduie\u015fte pe 3 martie, de la ora 17:00, vernisajul expozi\u0163iei \u201eArmonii de prim\u0103var\u0103\u201d, un eveniment dedicat artei \u015fi comunit\u0103\u0163ii locale, organizat \u00een cadrul ini\u0163iativei \u201eArta din comunitate\u201d a Institutului de Cercet\u0103ri Eco-Muzeale Gavril\u0103 Simion. Expozi\u0163ia, adus\u0103 la demisolul Casei Avramide de Asocia\u0163ia Cultural\u0103 Delta Arte, reune\u015fte lucr\u0103ri de pictur\u0103, art\u0103 decorativ\u0103 \u015fi fotografie, semnate de 15 arti\u015fti din Tulcea. Publicul va putea descoperi crea\u0163iile semnate de Maria Bandrabur, Valentina C\u0103rbunescu, Paula Feodot, Paula G\u00eetlan, Paul Ivanov, Gabriela Marin, Aurelia Melcescu, Eugenia Mihalache, Andrea Luiza Misterian, Elena Vanessa Pavlov, Marcela Sacalov, Ion Sirota, Lenu\u0163a \u015etefan, Dorina \u0162\u0103ranu \u015fi Iulian R\u0103zvan Hila, prezent\u00e2nd proiectul fotografic \u201eTulcea \u00een imagini\u201d.<\/p>\n<p>Citi\u0163i continuarea \u00een edi\u0163ia tip\u0103rit\u0103 a ziarului Delta.<\/p>\n<\/div>\n<\/div>\n<div class=\"post-footer\">\n<div class=\"social-icons ed-social-share-icons\">\n<p class=\"share-title\">Share:<\/p>\n<\/div>\n<div class=\"rating-stars\">\n<p id=\"rate-title\" class=\"rate-title\">Rate:<\/p>\n<\/div>\n<\/div>\n<\/article>\n<div class=\"post-content entry-content\">\n<p>Casa Avramide g\u0103zduie\u015fte pe 3 martie, de la ora 17:00, vernisajul expozi\u0163iei \u201eArmonii de prim\u0103var\u0103\u201d, un eveniment dedicat artei \u015fi comunit\u0103\u0163ii locale, organizat \u00een cadrul ini\u0163iativei \u201eArta din comunitate\u201d a Institutului de Cercet\u0103ri Eco-Muzeale Gavril\u0103 Simion. Expozi\u0163ia, adus\u0103 la demisolul Casei Avramide de Asocia\u0163ia Cultural\u0103 Delta Arte, reune\u015fte lucr\u0103ri de pictur\u0103, art\u0103 decorativ\u0103 \u015fi fotografie, semnate de 15 arti\u015fti din Tulcea. Publicul va putea descoperi crea\u0163iile semnate de Maria Bandrabur, Valentina C\u0103rbunescu, Paula Feodot, Paula G\u00eetlan, Paul Ivanov, Gabriela Marin, Aurelia Melcescu, Eugenia Mihalache, Andrea Luiza Misterian, Elena Vanessa Pavlov, Marcela Sacalov, Ion Sirota, Lenu\u0163a \u015etefan, Dorina \u0162\u0103ranu \u015fi Iulian R\u0103zvan Hila, prezent\u00e2nd proiectul fotografic \u201eTulcea \u00een imagini\u201d.<\/p>\n<p>Citi\u0163i continuarea \u00een edi\u0163ia tip\u0103rit\u0103 a ziarului Delta.<\/p>\n<\/div>\n<div class=\"post-content entry-content\">\n<p>Casa Avramide g\u0103zduie\u015fte pe 3 martie, de la ora 17:00, vernisajul expozi\u0163iei \u201eArmonii de prim\u0103var\u0103\u201d, un eveniment dedicat artei \u015fi comunit\u0103\u0163ii locale, organizat \u00een cadrul ini\u0163iativei \u201eArta din comunitate\u201d a Institutului de Cercet\u0103ri Eco-Muzeale Gavril\u0103 Simion. Expozi\u0163ia, adus\u0103 la demisolul Casei Avramide de Asocia\u0163ia Cultural\u0103 Delta Arte, reune\u015fte lucr\u0103ri de pictur\u0103, art\u0103 decorativ\u0103 \u015fi fotografie, semnate de 15 arti\u015fti din Tulcea. Publicul va putea descoperi crea\u0163iile semnate de Maria Bandrabur, Valentina C\u0103rbunescu, Paula Feodot, Paula G\u00eetlan, Paul Ivanov, Gabriela Marin, Aurelia Melcescu, Eugenia Mihalache, Andrea Luiza Misterian, Elena Vanessa Pavlov, Marcela Sacalov, Ion Sirota, Lenu\u0163a \u015etefan, Dorina \u0162\u0103ranu \u015fi Iulian R\u0103zvan Hila, prezent\u00e2nd proiectul fotografic \u201eTulcea \u00een imagini\u201d.<\/p>\n<p>Citi\u0163i continuarea \u00een edi\u0163ia tip\u0103rit\u0103 a ziarului Delta.<\/p>\n<\/div>\n<p>[analyse_source url=&#8221;https:\/\/ziaruldelta.ro\/2026\/02\/24\/armonii-de-primavara-la-casa-avramide-15-artisti-tulceni-expun-in-cadrul-proiectului-arta-din-comunitate\/&#8221;]<\/p>\n","protected":false},"excerpt":{"rendered":"<p>[analyse_image type=&#8221;featured&#8221; src=&#8221;https:\/\/ziaruldelta.ro\/wp-content\/uploads\/2026\/02\/armonii.jpg&#8221;] \u201eArmonii de prim\u0103var\u0103\u201d la Casa Avramide: 15 arti\u015fti tulceni expun \u00een cadrul proiectului \u201eArta din comunitate\u201d Posted by Nicoleta URMUZ | Feb 24, 2026 | Cultur\u0103 | Casa Avramide g\u0103zduie\u015fte pe 3 martie, de la ora 17:00, vernisajul expozi\u0163iei \u201eArmonii de prim\u0103var\u0103\u201d, un eveniment dedicat artei \u015fi comunit\u0103\u0163ii locale, organizat \u00een cadrul [&hellip;]<\/p>\n","protected":false},"author":1,"featured_media":0,"comment_status":"open","ping_status":"","sticky":false,"template":"","format":"standard","meta":{"footnotes":""},"categories":[89],"tags":[226,206],"class_list":["post-1790522","post","type-post","status-publish","format-standard","hentry","category-romania","tag-crawlmanager","tag-ziaruldelta-ro"],"_links":{"self":[{"href":"https:\/\/analyse.optim.biz\/index.php?rest_route=\/wp\/v2\/posts\/1790522","targetHints":{"allow":["GET"]}}],"collection":[{"href":"https:\/\/analyse.optim.biz\/index.php?rest_route=\/wp\/v2\/posts"}],"about":[{"href":"https:\/\/analyse.optim.biz\/index.php?rest_route=\/wp\/v2\/types\/post"}],"author":[{"embeddable":true,"href":"https:\/\/analyse.optim.biz\/index.php?rest_route=\/wp\/v2\/users\/1"}],"replies":[{"embeddable":true,"href":"https:\/\/analyse.optim.biz\/index.php?rest_route=%2Fwp%2Fv2%2Fcomments&post=1790522"}],"version-history":[{"count":0,"href":"https:\/\/analyse.optim.biz\/index.php?rest_route=\/wp\/v2\/posts\/1790522\/revisions"}],"wp:attachment":[{"href":"https:\/\/analyse.optim.biz\/index.php?rest_route=%2Fwp%2Fv2%2Fmedia&parent=1790522"}],"wp:term":[{"taxonomy":"category","embeddable":true,"href":"https:\/\/analyse.optim.biz\/index.php?rest_route=%2Fwp%2Fv2%2Fcategories&post=1790522"},{"taxonomy":"post_tag","embeddable":true,"href":"https:\/\/analyse.optim.biz\/index.php?rest_route=%2Fwp%2Fv2%2Ftags&post=1790522"}],"curies":[{"name":"wp","href":"https:\/\/api.w.org\/{rel}","templated":true}]}}