{"id":1790493,"date":"2026-02-23T12:28:08","date_gmt":"2026-02-23T09:28:08","guid":{"rendered":"https:\/\/analyse.optim.biz\/?p=1790493"},"modified":"2026-02-23T12:28:08","modified_gmt":"2026-02-23T09:28:08","slug":"un-barbat-si-a-batut-sotia-si-amenintat-o-cu-moartea-pe-mama-sa-ziarul-liber-in-teleorman","status":"publish","type":"post","link":"https:\/\/analyse.optim.biz\/?p=1790493","title":{"rendered":"Un b\u0103rbat \u0219i-a b\u0103tut so\u021bia \u0219i amenin\u021bat-o cu moartea pe mama sa &#8211; Ziarul Liber in Teleorman"},"content":{"rendered":"<p>[analyse_image type=&#8221;featured&#8221; src=&#8221;https:\/\/liberinteleorman.ro\/wp-content\/uploads\/2026\/01\/pol-3.jpg&#8221;]<\/p>\n<div class=\"entry-content single56__content single56__post_content single56__body_area\">\n<p>Poli\u021bi\u0219tii din cadrul Poli\u021biei municipiului Ro\u0219iori de Vede efectueaz\u0103 cercet\u0103ri \u00een cadrul unui dosar penal \u00eentocmit sub aspectul s\u0103v\u00e2r\u0219irii infrac\u021biunilor de violen\u021b\u0103 \u00een familie \u0219i amenin\u021bare, fa\u021b\u0103 de un b\u0103rbat, de 44 de ani.<\/p>\n<p>Din cercet\u0103ri a reie\u0219it faptul c\u0103, \u00een urm\u0103 cu dou\u0103 zile b\u0103rbatul \u0219i-ar fi amenin\u021bat so\u021bia, iar \u00een urm\u0103 cu aproximativ o s\u0103pt\u0103m\u00e2n\u0103 ar fi agresat-o fizic.<\/p>\n<p>De asemenea, b\u0103rbatul \u0219i-ar fi amenin\u021bat mama cu moartea.<\/p>\n<p>\u00cempotriva b\u0103rbatului a fost emis ordin de protec\u021bie provizoriu, persoanele v\u0103t\u0103mate refuz\u00e2nd montarea unui dispozitiv electronic de supraveghere.<\/p>\n<p>\u00cen urma probatoriului administrat, acesta a fost re\u021binut.<\/p>\n<p>Cercet\u0103rile sunt continuate sub coordonarea procurorului din cadrul Parchetului de pe l\u00e2ng\u0103 Judec\u0103toria Ro\u0219iori de Vede.<\/p>\n<\/div>\n<p>[analyse_source url=&#8221;https:\/\/liberinteleorman.ro\/un-barbat-si-a-batut-sotia-si-amenintat-o-cu-moartea-pe-mama-sa\/&#8221;]<\/p>\n","protected":false},"excerpt":{"rendered":"<p>[analyse_image type=&#8221;featured&#8221; src=&#8221;https:\/\/liberinteleorman.ro\/wp-content\/uploads\/2026\/01\/pol-3.jpg&#8221;] Poli\u021bi\u0219tii din cadrul Poli\u021biei municipiului Ro\u0219iori de Vede efectueaz\u0103 cercet\u0103ri \u00een cadrul unui dosar penal \u00eentocmit sub aspectul s\u0103v\u00e2r\u0219irii infrac\u021biunilor de violen\u021b\u0103 \u00een familie \u0219i amenin\u021bare, fa\u021b\u0103 de un b\u0103rbat, de 44 de ani. Din cercet\u0103ri a reie\u0219it faptul c\u0103, \u00een urm\u0103 cu dou\u0103 zile b\u0103rbatul \u0219i-ar fi amenin\u021bat so\u021bia, iar \u00een [&hellip;]<\/p>\n","protected":false},"author":1,"featured_media":0,"comment_status":"open","ping_status":"","sticky":false,"template":"","format":"standard","meta":{"footnotes":""},"categories":[89],"tags":[226,181],"class_list":["post-1790493","post","type-post","status-publish","format-standard","hentry","category-romania","tag-crawlmanager","tag-liberinteleorman-ro"],"_links":{"self":[{"href":"https:\/\/analyse.optim.biz\/index.php?rest_route=\/wp\/v2\/posts\/1790493","targetHints":{"allow":["GET"]}}],"collection":[{"href":"https:\/\/analyse.optim.biz\/index.php?rest_route=\/wp\/v2\/posts"}],"about":[{"href":"https:\/\/analyse.optim.biz\/index.php?rest_route=\/wp\/v2\/types\/post"}],"author":[{"embeddable":true,"href":"https:\/\/analyse.optim.biz\/index.php?rest_route=\/wp\/v2\/users\/1"}],"replies":[{"embeddable":true,"href":"https:\/\/analyse.optim.biz\/index.php?rest_route=%2Fwp%2Fv2%2Fcomments&post=1790493"}],"version-history":[{"count":0,"href":"https:\/\/analyse.optim.biz\/index.php?rest_route=\/wp\/v2\/posts\/1790493\/revisions"}],"wp:attachment":[{"href":"https:\/\/analyse.optim.biz\/index.php?rest_route=%2Fwp%2Fv2%2Fmedia&parent=1790493"}],"wp:term":[{"taxonomy":"category","embeddable":true,"href":"https:\/\/analyse.optim.biz\/index.php?rest_route=%2Fwp%2Fv2%2Fcategories&post=1790493"},{"taxonomy":"post_tag","embeddable":true,"href":"https:\/\/analyse.optim.biz\/index.php?rest_route=%2Fwp%2Fv2%2Ftags&post=1790493"}],"curies":[{"name":"wp","href":"https:\/\/api.w.org\/{rel}","templated":true}]}}