{"id":1790186,"date":"2026-02-24T15:28:02","date_gmt":"2026-02-24T12:28:02","guid":{"rendered":"https:\/\/analyse.optim.biz\/?p=1790186"},"modified":"2026-02-24T15:28:02","modified_gmt":"2026-02-24T12:28:02","slug":"miercuri-si-joi-reprezentantii-asociatiilor-de-proprietari-din-zona-centrala-a-ramnicului-sedinta-cu","status":"publish","type":"post","link":"https:\/\/analyse.optim.biz\/?p=1790186","title":{"rendered":"Miercuri \u0219i joi, reprezentan\u021bii asocia\u021biilor de proprietari din zona central\u0103 a R\u00e2mnicului, \u0219edin\u021b\u0103 cu"},"content":{"rendered":"<p>[analyse_image type=&#8221;featured&#8221; src=&#8221;https:\/\/www.gazeta-valceana.ro\/wp-content\/uploads\/2026\/02\/RAMNIC-Asociatii-proprietari-4.jpg&#8221;]<\/p>\n<article id=\"template-id-91645\" class=\"post-91645 tdb_templates type-tdb_templates status-publish post\">\n<div id=\"tdi_49\" class=\"tdc-zone\">\n<div class=\"tdc_zone tdi_50  wpb_row td-pb-row\">\n<div id=\"tdi_51\" class=\"tdc-row stretch_row_1200 td-stretch-content\">\n<div class=\"vc_row tdi_52  wpb_row td-pb-row\">\n<div class=\"vc_column tdi_54  wpb_column vc_column_container tdc-column td-pb-span8\">\n<div class=\"wpb_wrapper\">\n<div class=\"td_block_wrap tdb_title tdi_55 tdb-single-title td-pb-border-top td_block_template_1\" data-td-block-uid=\"tdi_55\">\n<div class=\"tdb-block-inner td-fix-index\">\n<h1 class=\"tdb-title-text\">Miercuri \u0219i joi, reprezentan\u021bii asocia\u021biilor de proprietari din zona central\u0103 a R\u00e2mnicului, \u0219edin\u021b\u0103 cu primarul GUT\u0102U<\/h1>\n<\/div>\n<\/div>\n<div class=\"vc_row_inner tdi_58  vc_row vc_inner wpb_row td-pb-row tdc-row-content-vert-center\">\n<div class=\"vc_column_inner tdi_60  wpb_column vc_column_container tdc-inner-column td-pb-span12\">\n<div class=\"vc_column-inner\">\n<div class=\"wpb_wrapper\">\n<div class=\"td_block_wrap tdb_single_categories tdi_61 td-pb-border-top td_block_template_1 \" data-td-block-uid=\"tdi_61\">\n<div class=\"tdb-category td-fix-index\"><a class=\"tdb-entry-category\" href=\"https:\/\/www.gazeta-valceana.ro\/category\/administratie\/\">Administra\u0163ie<\/a><a class=\"tdb-entry-category\" href=\"https:\/\/www.gazeta-valceana.ro\/category\/i\/\">I<\/a><\/div>\n<\/div>\n<div class=\"td_block_wrap tdb_single_date tdi_62 td-pb-border-top td_block_template_1 tdb-post-meta\" data-td-block-uid=\"tdi_62\">\n<div class=\"tdb-block-inner td-fix-index\"><time class=\"entry-date updated td-module-date\" datetime=\"2026-02-24T17:28:02+02:00\">24 februarie 2026<\/time><\/div>\n<\/div>\n<\/div>\n<\/div>\n<\/div>\n<\/div>\n<\/div>\n<\/div>\n<\/div>\n<\/div>\n<div id=\"tdi_65\" class=\"tdc-row stretch_row_1200 td-stretch-content\">\n<div class=\"vc_row tdi_66  wpb_row td-pb-row\">\n<div class=\"vc_column tdi_68  wpb_column vc_column_container tdc-column td-pb-span8\">\n<div class=\"wpb_wrapper\">\n<div class=\"td_block_wrap tdb_single_featured_image tdi_69 tdb-content-horiz-left td-pb-border-top td_block_template_1\" data-td-block-uid=\"tdi_69\">\n<div class=\"tdb-block-inner td-fix-index\"><img loading=\"lazy\" decoding=\"async\" width=\"696\" height=\"380\" class=\"entry-thumb\" src=\"https:\/\/www.gazeta-valceana.ro\/wp-content\/uploads\/2026\/02\/RAMNIC-Asociatii-proprietari-4-696x380.jpg\" alt title=\"RAMNIC Asociatii proprietari 4\"><\/div>\n<\/div>\n<div class=\"td_block_wrap tdb_single_post_share tdi_70  td-pb-border-top td_block_template_1\" data-td-block-uid=\"tdi_70\">\n<div id=\"tdi_70\" class=\"td-post-sharing tdb-block td-ps-border td-ps-border-grey td-ps-notext td-ps-icon-color td-ps-text-color td-post-sharing-style16 \">\n<div class=\"td-post-sharing-visible\">\n<div class=\"td-social-sharing-button td-social-sharing-button-js td-social-handler td-social-share-text\">\n<div class=\"td-social-but-text\">Ac\u021biune<\/div>\n<\/div>\n<p><a class=\"td-social-sharing-button td-social-sharing-button-js td-social-network td-social-facebook\" href=\"https:\/\/www.facebook.com\/sharer.php?u=https%3A%2F%2Fwww.gazeta-valceana.ro%2Fadministratie%2Fmiercuri-si-joi-reprezentantii-asociatiilor-de-proprietari-din-zona-centrala-a-ramnicului-sedinta-cu-primarul-gutau%2F\" title=\"Facebook\"><\/p>\n<div class=\"td-social-but-text\">Facebook<\/div>\n<p><\/a><a class=\"td-social-sharing-button td-social-sharing-button-js td-social-network td-social-twitter\" href=\"https:\/\/twitter.com\/intent\/tweet?text=Miercuri+%C8%99i+joi%2C+reprezentan%C8%9Bii+asocia%C8%9Biilor+de+proprietari+din+zona+central%C4%83+a+R%C3%A2mnicului%2C+%C8%99edin%C8%9B%C4%83+cu+primarul+GUT%C4%82U&amp;url=https%3A%2F%2Fwww.gazeta-valceana.ro%2Fadministratie%2Fmiercuri-si-joi-reprezentantii-asociatiilor-de-proprietari-din-zona-centrala-a-ramnicului-sedinta-cu-primarul-gutau%2F&amp;via=Gazeta+V%C3%A2lcean%C4%83\" title=\"Twitter\"><\/p>\n<div class=\"td-social-but-text\">Twitter<\/div>\n<p><\/a><a class=\"td-social-sharing-button td-social-sharing-button-js td-social-network td-social-pinterest\" href=\"https:\/\/pinterest.com\/pin\/create\/button\/?url=https:\/\/www.gazeta-valceana.ro\/administratie\/miercuri-si-joi-reprezentantii-asociatiilor-de-proprietari-din-zona-centrala-a-ramnicului-sedinta-cu-primarul-gutau\/&amp;media=https:\/\/www.gazeta-valceana.ro\/wp-content\/uploads\/2026\/02\/RAMNIC-Asociatii-proprietari-4.jpg&amp;description=Miercuri+%C8%99i+joi%2C+reprezentan%C8%9Bii+asocia%C8%9Biilor+de+proprietari+din+zona+central%C4%83+a+R%C3%A2mnicului%2C+%C8%99edin%C8%9B%C4%83+cu+primarul+GUT%C4%82U\" title=\"Pinterest\"><\/p>\n<div class=\"td-social-but-text\">Pinterest<\/div>\n<p><\/a><a class=\"td-social-sharing-button td-social-sharing-button-js td-social-network td-social-whatsapp\" href=\"https:\/\/api.whatsapp.com\/send?text=Miercuri+%C8%99i+joi%2C+reprezentan%C8%9Bii+asocia%C8%9Biilor+de+proprietari+din+zona+central%C4%83+a+R%C3%A2mnicului%2C+%C8%99edin%C8%9B%C4%83+cu+primarul+GUT%C4%82U%20%0A%0A%20https:\/\/www.gazeta-valceana.ro\/administratie\/miercuri-si-joi-reprezentantii-asociatiilor-de-proprietari-din-zona-centrala-a-ramnicului-sedinta-cu-primarul-gutau\/\" title=\"WhatsApp\"><\/p>\n<div class=\"td-social-but-text\">WhatsApp<\/div>\n<p><\/a><\/div>\n<\/div>\n<\/div>\n<div class=\"td_block_wrap tdb_single_content tdi_71 td-pb-border-top td_block_template_1 td-post-content tagdiv-type\" data-td-block-uid=\"tdi_71\">\n<div class=\"tdb-block-inner td-fix-index\">\n<p>Primarul Mircia Gut\u0103u a demarat, la \u00eenceputul acestei luni, o consultare cu to\u021bi reprezentan\u021bii asocia\u021biilor de proprietari din R\u00e2mnicu V\u00e2lcea. Ac\u021biunea la care facem referire se desf\u0103\u0219oar\u0103 etapizat, prin \u00eent\u00e2lniri cu pre\u0219edin\u021bii \u0219i administratorii din zone bine delimitate, p\u00e2n\u0103 la acoperirea complet\u0103 a tuturor cartierelor din R\u00e2mnicu V\u00e2lcea. Printre subiectele discutate se num\u0103r\u0103 situa\u021bia parc\u0103rilor de re\u0219edin\u021b\u0103, furnizarea energiei termice \u00een sistem centralizat, nivelul taxelor \u0219i impozitelor locale precum \u0219i orice alte probleme ale locuitorilor municipiului.<\/p>\n<p>\u00cen acest sens, \u00een cursul acestei s\u0103pt\u0103m\u00e2ni, sunt programate urm\u0103toarele \u0219edin\u021be:<\/p>\n<p><strong>\u2022 miercuri, 25 februarie, ora 17.00<\/strong>, \u00een Sala de Consiliu a Prim\u0103riei Municipiului sunt invita\u021bi reprezentan\u021bii asocia\u021biilor de proprietari ai blocurilor din zona central\u0103 \u2013 partea de Vest, cuprins\u0103 \u00eentre str. General Magheru, bd. Nicolae B\u0103lcescu, str. Carol I, str. Gabriel Stoianovici \u0219i splaiul Independen\u021bei;<\/p>\n<p><strong>\u2022 joi, 26 februarie, ora 17.00<\/strong>, \u00een Sala de Consiliu a Prim\u0103riei Municipiului sunt invita\u021bi reprezentan\u021bii asocia\u021biilor de proprietari ai blocurilor din zona central\u0103 \u2013 partea de Est, cuprins\u0103 \u00eentre str. General Magheru, str. Gib Mih\u0103escu, str. Eroilor, bd. Tudor Vladimirescu, str. V. Ol\u0103nescu \u0219i str. Cerna, din cartierul Traian \u2013 zona cuprins\u0103 \u00eentre bd. Nicolae B\u0103lcescu, str. Nicolae Titulescu, str. Grigore Procopiu \u0219i Calea lui Traian precum \u0219i din zona str\u0103zilor Ferdinand \u2013 Remus Bellu.<\/p>\n<figure class=\"wp-block-image size-large\"><img loading=\"lazy\" decoding=\"async\" width=\"1024\" height=\"613\" src=\"https:\/\/www.gazeta-valceana.ro\/wp-content\/uploads\/2026\/02\/RAMNIC-Asociatii-proprietari-1-1024x613.jpg\" alt class=\"wp-image-103061\"><\/figure>\n<p><em>\u201e\u00centruc\u00e2t se dore\u0219te derularea unui dialog eficient \u0219i constructiv, care s\u0103 vizeze \u0219i particularit\u0103\u021bile fiec\u0103ruia dintre cartierele reprezentate, la aceste \u00eent\u00e2lniri sunt ruga\u021bi s\u0103 participe doar pre\u0219edin\u021bii \u0219i administratorii din zonele vizate. Urm\u0103toarele \u00eent\u00e2lniri sunt programate s\u0103pt\u0103m\u00e2na viitoare \u0219i ele vor fi anun\u021bate at\u00e2t prin invita\u021bii adresate direct reprezen\u021bilor asocia\u021biilor de proprietari din zonele vizate, c\u00e2t \u0219i public, prin social-media\u201d<\/em>, au anun\u021bat reprezentan\u021bii Prim\u0103riei R\u00e2mnicu V\u00e2lcea.<\/p>\n<p><em><strong>FOTO: imagini surprinse la \u00eent\u00e2lnirea cu reprezentan\u021bii asocia\u021biilor de proprietari din cartierul Ostroveni<\/strong><\/em><\/p>\n<\/div>\n<\/div>\n<div class=\"tdb-author-box td_block_wrap tdb_single_author_box tdi_72 tdb-content-vert-top td-pb-border-top td_block_template_1\" data-td-block-uid=\"tdi_72\">\n<div class=\"tdb-block-inner td-fix-index\"><a href=\"https:\/\/www.gazeta-valceana.ro\/author\/redactia\/\" class=\"tdb-author-photo\" title=\"Redactia\"><img decoding=\"async\" alt=\"Redactia\" src=\"https:\/\/secure.gravatar.com\/avatar\/d9699bfd17d7f55fcf6bbdfb0214d48a942c5fd23a1db27f4a803a8d0651670f?s=500&amp;d=mm&amp;r=g\" class=\"avatar avatar-500 photo\" height=\"500\" width=\"500\" loading=\"lazy\"><\/a><\/p>\n<div class=\"tdb-author-info\"><a href=\"https:\/\/www.gazeta-valceana.ro\/author\/redactia\/\" class=\"tdb-author-name\">Redactia<\/a><\/div>\n<\/div>\n<\/div>\n<\/div>\n<\/div>\n<div class=\"vc_column tdi_76  wpb_column vc_column_container tdc-column td-pb-span4 td-is-sticky\">\n<div class=\"wpb_wrapper\" data-sticky-enabled-on=\"W3RydWUsdHJ1ZSx0cnVlLHRydWVd\" data-sticky-offset=\"20\" data-sticky-is-width-auto=\"W2ZhbHNlLGZhbHNlLGZhbHNlLGZhbHNlXQ==\">\n<div class=\"vc_row_inner tdi_81  vc_row vc_inner wpb_row td-pb-row tdc-row-content-vert-center\">\n<div class=\"vc_column_inner tdi_83  wpb_column vc_column_container tdc-inner-column td-pb-span12\">\n<div class=\"vc_column-inner\">\n<div class=\"wpb_wrapper\">\n<div class=\"tdm_block td_block_wrap tdm_block_inline_text tdi_86 tdm-inline-block td-pb-border-top td_block_template_1\" data-td-block-uid=\"tdi_86\">\n<p class=\"tdm-descr\">Ultimele articole<\/p>\n<\/div>\n<\/div>\n<\/div>\n<\/div>\n<\/div>\n<div class=\"td_block_wrap td_flex_block_1 tdi_87 td-pb-border-top td_block_template_1 td_flex_block\" data-td-block-uid=\"tdi_87\">\n<div id=\"tdi_87\" class=\"td_block_inner td-mc1-wrap\">\n<div class=\"td_module_flex td_module_flex_1 td_module_wrap td-animation-stack td-cpt-post\">\n<div class=\"td-module-container td-category-pos-\">\n<div class=\"td-module-meta-info\">\n<h3 class=\"entry-title td-module-title\"><a href=\"https:\/\/www.gazeta-valceana.ro\/fapt-divers\/anunt-angajare-personal-la-complex-turistic-baile-govora\/\" rel=\"bookmark\" title=\"ANUN\u021a ANGAJARE PERSONAL la Complex Turistic B\u0103ile Govora\">ANUN\u021a ANGAJARE PERSONAL la Complex Turistic B\u0103ile Govora<\/a><\/h3>\n<div class=\"td-editor-date\"><span class=\"td-author-date\"><span class=\"td-post-date\"><time class=\"entry-date updated td-module-date\" datetime=\"2026-02-24T13:14:00+02:00\">24 februarie 2026<\/time><\/span><\/span><\/div>\n<\/div>\n<\/div>\n<\/div>\n<div class=\"td_module_flex td_module_flex_1 td_module_wrap td-animation-stack td-cpt-post\">\n<div class=\"td-module-container td-category-pos-\">\n<div class=\"td-module-meta-info\">\n<h3 class=\"entry-title td-module-title\"><a href=\"https:\/\/www.gazeta-valceana.ro\/administratie\/video-se-circula-in-conditii-de-iarna-in-zona-malaia-voineasa-curmatura-vidrutei-obarsia-lotrului\/\" rel=\"bookmark\" title=\"VIDEO. Se circul\u0103 \u00een condi\u021bii de iarn\u0103 \u00een zona Malaia, Voineasa, Curm\u0103tura Vidru\u021bei, Ob\u00e2r\u0219ia Lotrului\">VIDEO. Se circul\u0103 \u00een condi\u021bii de iarn\u0103 \u00een zona Malaia, Voineasa, Curm\u0103tura Vidru\u021bei, Ob\u00e2r\u0219ia Lotrului<\/a><\/h3>\n<div class=\"td-editor-date\"><span class=\"td-author-date\"><span class=\"td-post-date\"><time class=\"entry-date updated td-module-date\" datetime=\"2026-02-24T11:45:23+02:00\">24 februarie 2026<\/time><\/span><\/span><\/div>\n<\/div>\n<\/div>\n<\/div>\n<div class=\"td_module_flex td_module_flex_1 td_module_wrap td-animation-stack td-cpt-post\">\n<div class=\"td-module-container td-category-pos-\">\n<div class=\"td-module-meta-info\">\n<h3 class=\"entry-title td-module-title\"><a href=\"https:\/\/www.gazeta-valceana.ro\/fapt-divers\/poate-il-cunoasteti-el-este-cetateanul-turmentat-din-livezi-care-a-reusit-sa-isi-faca-masina-praf-intre-balcesti-si-lalosu\/\" rel=\"bookmark\" title=\"Poate \u00eel cunoa\u0219te\u021bi. El este cet\u0103\u021beanul turmentat din Livezi, care \u201ea reu\u0219it\u201d s\u0103 \u00ee\u0219i fac\u0103 ma\u0219ina praf \u00eentre B\u0103lce\u0219ti \u0219i Lalo\u0219u\">Poate \u00eel cunoa\u0219te\u021bi. El este cet\u0103\u021beanul turmentat din Livezi, care \u201ea reu\u0219it\u201d s\u0103 \u00ee\u0219i fac\u0103 ma\u0219ina praf \u00eentre B\u0103lce\u0219ti \u0219i Lalo\u0219u<\/a><\/h3>\n<div class=\"td-editor-date\"><span class=\"td-author-date\"><span class=\"td-post-date\"><time class=\"entry-date updated td-module-date\" datetime=\"2026-02-24T11:12:25+02:00\">24 februarie 2026<\/time><\/span><\/span><\/div>\n<\/div>\n<\/div>\n<\/div>\n<div class=\"td_module_flex td_module_flex_1 td_module_wrap td-animation-stack td-cpt-post\">\n<div class=\"td-module-container td-category-pos-\">\n<div class=\"td-module-meta-info\">\n<h3 class=\"entry-title td-module-title\"><a href=\"https:\/\/www.gazeta-valceana.ro\/anchetedezvaluri\/trei-valceni-hoti-dovediti-in-judetul-arges-prejudiciul-a-fost-recuperat-vezi-ce-au-furat\/\" rel=\"bookmark\" title=\"Trei v\u00e2lceni, ho\u021bi dovedi\u021bi \u00een jude\u021bul Arge\u0219. Prejudiciul a fost recuperat. VEZI ce au furat\">Trei v\u00e2lceni, ho\u021bi dovedi\u021bi \u00een jude\u021bul Arge\u0219. Prejudiciul a fost recuperat. VEZI ce au furat<\/a><\/h3>\n<div class=\"td-editor-date\"><span class=\"td-author-date\"><span class=\"td-post-date\"><time class=\"entry-date updated td-module-date\" datetime=\"2026-02-24T09:54:46+02:00\">24 februarie 2026<\/time><\/span><\/span><\/div>\n<\/div>\n<\/div>\n<\/div>\n<\/div>\n<\/div>\n<div class=\"td_block_wrap td-a-rec td-a-rec-id-custom-spot td-a-rec-img tdi_88 td_block_template_1\">\n<div><a href=\"https:\/\/www.gazeta-valceana.ro\/administratie\/miercuri-si-joi-reprezentantii-asociatiilor-de-proprietari-din-zona-centrala-a-ramnicului-sedinta-cu-primarul-gutau\/\" class=\"td_spot_img_all\"><img loading=\"lazy\" decoding=\"async\" src=\"https:\/\/www.gazeta-valceana.ro\/wp-content\/uploads\/2025\/01\/image-5.jpg\" alt=\"spot_img\" width=\"347\" height=\"277\"><\/a><a href=\"https:\/\/www.gazeta-valceana.ro\/administratie\/miercuri-si-joi-reprezentantii-asociatiilor-de-proprietari-din-zona-centrala-a-ramnicului-sedinta-cu-primarul-gutau\/\" class=\"td_spot_img_mob\"><img loading=\"lazy\" decoding=\"async\" src=\"https:\/\/www.gazeta-valceana.ro\/wp-content\/uploads\/2025\/01\/image-5.jpg\" alt=\"spot_img\" width=\"347\" height=\"247\"><\/a><\/div>\n<\/div>\n<div class=\"td_block_wrap td-a-rec td-a-rec-id-custom-spot td-a-rec-img tdi_89 td_block_template_1\">\n<div><a href=\"https:\/\/www.gazeta-valceana.ro\/administratie\/miercuri-si-joi-reprezentantii-asociatiilor-de-proprietari-din-zona-centrala-a-ramnicului-sedinta-cu-primarul-gutau\/\" class=\"td_spot_img_all\"><img loading=\"lazy\" decoding=\"async\" src=\"https:\/\/www.gazeta-valceana.ro\/wp-content\/uploads\/2025\/01\/image-3.jpeg\" alt=\"spot_img\" width=\"347\" height=\"277\"><\/a><a href=\"https:\/\/www.gazeta-valceana.ro\/administratie\/miercuri-si-joi-reprezentantii-asociatiilor-de-proprietari-din-zona-centrala-a-ramnicului-sedinta-cu-primarul-gutau\/\" class=\"td_spot_img_mob\"><img loading=\"lazy\" decoding=\"async\" src=\"https:\/\/www.gazeta-valceana.ro\/wp-content\/uploads\/2025\/01\/image-3.jpeg\" alt=\"spot_img\" width=\"347\" height=\"247\"><\/a><\/div>\n<\/div>\n<\/div>\n<\/div>\n<\/div>\n<\/div>\n<div id=\"tdi_97\" class=\"tdc-row stretch_row_1200 td-stretch-content\">\n<div class=\"vc_row tdi_98  wpb_row td-pb-row\">\n<div class=\"vc_column tdi_100  wpb_column vc_column_container tdc-column td-pb-span12\">\n<div class=\"wpb_wrapper\">\n<div class=\"td_block_wrap tdb_single_next_prev tdi_101 td-pb-border-top td_block_template_1\" data-td-block-uid=\"tdi_101\">\n<div class=\"tdb-block-inner td-fix-index\">\n<div class=\"tdb-next-post tdb-next-post-bg tdb-post-prev\"><span>Articolul precedent<\/span><\/p>\n<div class=\"td-module-container\">\n<div class=\"next-prev-title\"><a href=\"https:\/\/www.gazeta-valceana.ro\/fapt-divers\/anunt-angajare-personal-la-complex-turistic-baile-govora\/\">ANUN\u021a ANGAJARE PERSONAL la Complex Turistic B\u0103ile Govora<\/a><\/div>\n<\/div>\n<\/div>\n<\/div>\n<\/div>\n<div class=\"vc_row_inner tdi_103  vc_row vc_inner wpb_row td-pb-row tdc-row-content-vert-center\">\n<div class=\"vc_column_inner tdi_105  wpb_column vc_column_container tdc-inner-column td-pb-span12\">\n<div class=\"vc_column-inner\">\n<div class=\"wpb_wrapper\">\n<div class=\"tdm_block td_block_wrap tdm_block_inline_text tdi_108 tdm-inline-block td-pb-border-top td_block_template_1\" data-td-block-uid=\"tdi_108\">\n<p class=\"tdm-descr\">Related articles<\/p>\n<\/div>\n<\/div>\n<\/div>\n<\/div>\n<\/div>\n<div class=\"td_block_wrap tdb_single_related tdi_109 td_with_ajax_pagination td-pb-border-top td_block_template_1 tdb-single-related-posts\" data-td-block-uid=\"tdi_109\">\n<div id=\"tdi_109\" class=\"td_block_inner tdb-block-inner td-fix-index\">\n<div class=\"tdb_module_related td_module_wrap td-animation-stack\">\n<div class=\"td-module-container td-category-pos-\">\n<div class=\"td-module-meta-info\">\n<h3 class=\"entry-title td-module-title\"><a href=\"https:\/\/www.gazeta-valceana.ro\/fapt-divers\/anunt-angajare-personal-la-complex-turistic-baile-govora\/\" rel=\"bookmark\" title=\"ANUN\u021a ANGAJARE PERSONAL la Complex Turistic B\u0103ile Govora\">ANUN\u021a ANGAJARE PERSONAL la Complex Turistic B\u0103ile Govora<\/a><\/h3>\n<div class=\"td-editor-date\"><a href=\"https:\/\/www.gazeta-valceana.ro\/category\/fapt-divers\/\" class=\"td-post-category\">Fapt divers<\/a><span class=\"td-author-date\"><span class=\"td-post-date\"><time class=\"entry-date updated td-module-date\" datetime=\"2026-02-24T13:14:00+02:00\">24 februarie 2026<\/time><\/span><\/span><\/div>\n<\/div>\n<\/div>\n<\/div>\n<div class=\"tdb_module_related td_module_wrap td-animation-stack\">\n<div class=\"td-module-container td-category-pos-\">\n<div class=\"td-module-meta-info\">\n<h3 class=\"entry-title td-module-title\"><a href=\"https:\/\/www.gazeta-valceana.ro\/administratie\/video-se-circula-in-conditii-de-iarna-in-zona-malaia-voineasa-curmatura-vidrutei-obarsia-lotrului\/\" rel=\"bookmark\" title=\"VIDEO. Se circul\u0103 \u00een condi\u021bii de iarn\u0103 \u00een zona Malaia, Voineasa, Curm\u0103tura Vidru\u021bei, Ob\u00e2r\u0219ia Lotrului\">VIDEO. Se circul\u0103 \u00een condi\u021bii de iarn\u0103 \u00een zona Malaia, Voineasa, Curm\u0103tura Vidru\u021bei, Ob\u00e2r\u0219ia Lotrului<\/a><\/h3>\n<div class=\"td-editor-date\"><a href=\"https:\/\/www.gazeta-valceana.ro\/category\/administratie\/\" class=\"td-post-category\">Administra\u0163ie<\/a><span class=\"td-author-date\"><span class=\"td-post-date\"><time class=\"entry-date updated td-module-date\" datetime=\"2026-02-24T11:45:23+02:00\">24 februarie 2026<\/time><\/span><\/span><\/div>\n<\/div>\n<\/div>\n<\/div>\n<div class=\"tdb_module_related td_module_wrap td-animation-stack\">\n<div class=\"td-module-container td-category-pos-\">\n<div class=\"td-module-meta-info\">\n<h3 class=\"entry-title td-module-title\"><a href=\"https:\/\/www.gazeta-valceana.ro\/fapt-divers\/poate-il-cunoasteti-el-este-cetateanul-turmentat-din-livezi-care-a-reusit-sa-isi-faca-masina-praf-intre-balcesti-si-lalosu\/\" rel=\"bookmark\" title=\"Poate \u00eel cunoa\u0219te\u021bi. El este cet\u0103\u021beanul turmentat din Livezi, care \u201ea reu\u0219it\u201d s\u0103 \u00ee\u0219i fac\u0103 ma\u0219ina praf \u00eentre B\u0103lce\u0219ti \u0219i Lalo\u0219u\">Poate \u00eel cunoa\u0219te\u021bi. El este cet\u0103\u021beanul turmentat din Livezi, care \u201ea reu\u0219it\u201d s\u0103 \u00ee\u0219i fac\u0103 ma\u0219ina praf \u00eentre B\u0103lce\u0219ti \u0219i Lalo\u0219u<\/a><\/h3>\n<div class=\"td-editor-date\"><a href=\"https:\/\/www.gazeta-valceana.ro\/category\/fapt-divers\/\" class=\"td-post-category\">Fapt divers<\/a><span class=\"td-author-date\"><span class=\"td-post-date\"><time class=\"entry-date updated td-module-date\" datetime=\"2026-02-24T11:12:25+02:00\">24 februarie 2026<\/time><\/span><\/span><\/div>\n<\/div>\n<\/div>\n<\/div>\n<\/div>\n<\/div>\n<\/div>\n<\/div>\n<\/div>\n<\/div>\n<div id=\"tdi_116\" class=\"tdc-row stretch_row_1200 td-stretch-content\">\n<div class=\"vc_row tdi_117  wpb_row td-pb-row\">\n<div class=\"vc_column tdi_122  wpb_column vc_column_container tdc-column td-pb-span4 td-is-sticky\">\n<div class=\"wpb_wrapper\" data-sticky-enabled-on=\"W3RydWUsdHJ1ZSx0cnVlLHRydWVd\" data-sticky-offset=\"20\" data-sticky-is-width-auto=\"W2ZhbHNlLGZhbHNlLGZhbHNlLGZhbHNlXQ==\">\n<div class=\"td_block_wrap td-a-rec td-a-rec-id-custom-spot td-a-rec-img tdi_123 td_block_template_1\">\n<div><a href=\"https:\/\/www.gazeta-valceana.ro\/administratie\/miercuri-si-joi-reprezentantii-asociatiilor-de-proprietari-din-zona-centrala-a-ramnicului-sedinta-cu-primarul-gutau\/\" class=\"td_spot_img_all\"><img loading=\"lazy\" decoding=\"async\" src=\"https:\/\/www.gazeta-valceana.ro\/wp-content\/uploads\/2025\/01\/image-4.jpg\" alt=\"spot_img\" width=\"347\" height=\"277\"><\/a><a href=\"https:\/\/www.gazeta-valceana.ro\/administratie\/miercuri-si-joi-reprezentantii-asociatiilor-de-proprietari-din-zona-centrala-a-ramnicului-sedinta-cu-primarul-gutau\/\" class=\"td_spot_img_mob\"><img loading=\"lazy\" decoding=\"async\" src=\"https:\/\/www.gazeta-valceana.ro\/wp-content\/uploads\/2025\/01\/image-4.jpg\" alt=\"spot_img\" width=\"347\" height=\"247\"><\/a><\/div>\n<\/div>\n<div class=\"td_block_wrap td-a-rec td-a-rec-id-custom-spot td-a-rec-img tdi_124 td_block_template_1\">\n<div><a href=\"https:\/\/www.gazeta-valceana.ro\/administratie\/miercuri-si-joi-reprezentantii-asociatiilor-de-proprietari-din-zona-centrala-a-ramnicului-sedinta-cu-primarul-gutau\/\" class=\"td_spot_img_all\"><img loading=\"lazy\" decoding=\"async\" src=\"https:\/\/www.gazeta-valceana.ro\/wp-content\/uploads\/2025\/01\/image-5.jpg\" alt=\"spot_img\" width=\"347\" height=\"277\"><\/a><a href=\"https:\/\/www.gazeta-valceana.ro\/administratie\/miercuri-si-joi-reprezentantii-asociatiilor-de-proprietari-din-zona-centrala-a-ramnicului-sedinta-cu-primarul-gutau\/\" class=\"td_spot_img_mob\"><img loading=\"lazy\" decoding=\"async\" src=\"https:\/\/www.gazeta-valceana.ro\/wp-content\/uploads\/2025\/01\/image-5.jpg\" alt=\"spot_img\" width=\"347\" height=\"247\"><\/a><\/div>\n<\/div>\n<div class=\"td_block_wrap td-a-rec td-a-rec-id-custom-spot td-a-rec-img tdi_125 td_block_template_1\">\n<div><a href=\"https:\/\/www.gazeta-valceana.ro\/administratie\/miercuri-si-joi-reprezentantii-asociatiilor-de-proprietari-din-zona-centrala-a-ramnicului-sedinta-cu-primarul-gutau\/\" class=\"td_spot_img_all\"><img loading=\"lazy\" decoding=\"async\" src=\"https:\/\/www.gazeta-valceana.ro\/wp-content\/uploads\/2025\/01\/image-3.jpeg\" alt=\"spot_img\" width=\"347\" height=\"277\"><\/a><a href=\"https:\/\/www.gazeta-valceana.ro\/administratie\/miercuri-si-joi-reprezentantii-asociatiilor-de-proprietari-din-zona-centrala-a-ramnicului-sedinta-cu-primarul-gutau\/\" class=\"td_spot_img_mob\"><img loading=\"lazy\" decoding=\"async\" src=\"https:\/\/www.gazeta-valceana.ro\/wp-content\/uploads\/2025\/01\/image-3.jpeg\" alt=\"spot_img\" width=\"347\" height=\"247\"><\/a><\/div>\n<\/div>\n<\/div>\n<\/div>\n<\/div>\n<\/div>\n<\/div>\n<\/div>\n<p><span class=\"td-page-meta\"><\/span><span class=\"td-page-meta\"><span class=\"td-page-meta\"><\/span><\/span><span class=\"td-page-meta\"><\/span><\/article>\n<\/p>\n<div class=\"td_block_wrap tdb_single_content tdi_71 td-pb-border-top td_block_template_1 td-post-content tagdiv-type\" data-td-block-uid=\"tdi_71\">\n<div class=\"tdb-block-inner td-fix-index\">\n<p>Primarul Mircia Gut\u0103u a demarat, la \u00eenceputul acestei luni, o consultare cu to\u021bi reprezentan\u021bii asocia\u021biilor de proprietari din R\u00e2mnicu V\u00e2lcea. Ac\u021biunea la care facem referire se desf\u0103\u0219oar\u0103 etapizat, prin \u00eent\u00e2lniri cu pre\u0219edin\u021bii \u0219i administratorii din zone bine delimitate, p\u00e2n\u0103 la acoperirea complet\u0103 a tuturor cartierelor din R\u00e2mnicu V\u00e2lcea. Printre subiectele discutate se num\u0103r\u0103 situa\u021bia parc\u0103rilor de re\u0219edin\u021b\u0103, furnizarea energiei termice \u00een sistem centralizat, nivelul taxelor \u0219i impozitelor locale precum \u0219i orice alte probleme ale locuitorilor municipiului.<\/p>\n<p>\u00cen acest sens, \u00een cursul acestei s\u0103pt\u0103m\u00e2ni, sunt programate urm\u0103toarele \u0219edin\u021be:<\/p>\n<p><strong>\u2022 miercuri, 25 februarie, ora 17.00<\/strong>, \u00een Sala de Consiliu a Prim\u0103riei Municipiului sunt invita\u021bi reprezentan\u021bii asocia\u021biilor de proprietari ai blocurilor din zona central\u0103 \u2013 partea de Vest, cuprins\u0103 \u00eentre str. General Magheru, bd. Nicolae B\u0103lcescu, str. Carol I, str. Gabriel Stoianovici \u0219i splaiul Independen\u021bei;<\/p>\n<p><strong>\u2022 joi, 26 februarie, ora 17.00<\/strong>, \u00een Sala de Consiliu a Prim\u0103riei Municipiului sunt invita\u021bi reprezentan\u021bii asocia\u021biilor de proprietari ai blocurilor din zona central\u0103 \u2013 partea de Est, cuprins\u0103 \u00eentre str. General Magheru, str. Gib Mih\u0103escu, str. Eroilor, bd. Tudor Vladimirescu, str. V. Ol\u0103nescu \u0219i str. Cerna, din cartierul Traian \u2013 zona cuprins\u0103 \u00eentre bd. Nicolae B\u0103lcescu, str. Nicolae Titulescu, str. Grigore Procopiu \u0219i Calea lui Traian precum \u0219i din zona str\u0103zilor Ferdinand \u2013 Remus Bellu.<\/p>\n<figure class=\"wp-block-image size-large\"><img loading=\"lazy\" decoding=\"async\" width=\"1024\" height=\"613\" src=\"https:\/\/www.gazeta-valceana.ro\/wp-content\/uploads\/2026\/02\/RAMNIC-Asociatii-proprietari-1-1024x613.jpg\" alt class=\"wp-image-103061\"><\/figure>\n<p><em>\u201e\u00centruc\u00e2t se dore\u0219te derularea unui dialog eficient \u0219i constructiv, care s\u0103 vizeze \u0219i particularit\u0103\u021bile fiec\u0103ruia dintre cartierele reprezentate, la aceste \u00eent\u00e2lniri sunt ruga\u021bi s\u0103 participe doar pre\u0219edin\u021bii \u0219i administratorii din zonele vizate. Urm\u0103toarele \u00eent\u00e2lniri sunt programate s\u0103pt\u0103m\u00e2na viitoare \u0219i ele vor fi anun\u021bate at\u00e2t prin invita\u021bii adresate direct reprezen\u021bilor asocia\u021biilor de proprietari din zonele vizate, c\u00e2t \u0219i public, prin social-media\u201d<\/em>, au anun\u021bat reprezentan\u021bii Prim\u0103riei R\u00e2mnicu V\u00e2lcea.<\/p>\n<p><em><strong>FOTO: imagini surprinse la \u00eent\u00e2lnirea cu reprezentan\u021bii asocia\u021biilor de proprietari din cartierul Ostroveni<\/strong><\/em><\/p>\n<\/div>\n<\/div>\n<p>Primarul Mircia Gut\u0103u a demarat, la \u00eenceputul acestei luni, o consultare cu to\u021bi reprezentan\u021bii asocia\u021biilor de proprietari din R\u00e2mnicu V\u00e2lcea. Ac\u021biunea la care facem referire se desf\u0103\u0219oar\u0103 etapizat, prin \u00eent\u00e2lniri cu pre\u0219edin\u021bii \u0219i administratorii din zone bine delimitate, p\u00e2n\u0103 la acoperirea complet\u0103 a tuturor cartierelor din R\u00e2mnicu V\u00e2lcea. Printre subiectele discutate se num\u0103r\u0103 situa\u021bia parc\u0103rilor de re\u0219edin\u021b\u0103, furnizarea energiei termice \u00een sistem centralizat, nivelul taxelor \u0219i impozitelor locale precum \u0219i orice alte probleme ale locuitorilor municipiului.<\/p>\n<p>\u00cen acest sens, \u00een cursul acestei s\u0103pt\u0103m\u00e2ni, sunt programate urm\u0103toarele \u0219edin\u021be:<\/p>\n<p><strong>\u2022 miercuri, 25 februarie, ora 17.00<\/strong>, \u00een Sala de Consiliu a Prim\u0103riei Municipiului sunt invita\u021bi reprezentan\u021bii asocia\u021biilor de proprietari ai blocurilor din zona central\u0103 \u2013 partea de Vest, cuprins\u0103 \u00eentre str. General Magheru, bd. Nicolae B\u0103lcescu, str. Carol I, str. Gabriel Stoianovici \u0219i splaiul Independen\u021bei;<\/p>\n<p><strong>\u2022 joi, 26 februarie, ora 17.00<\/strong>, \u00een Sala de Consiliu a Prim\u0103riei Municipiului sunt invita\u021bi reprezentan\u021bii asocia\u021biilor de proprietari ai blocurilor din zona central\u0103 \u2013 partea de Est, cuprins\u0103 \u00eentre str. General Magheru, str. Gib Mih\u0103escu, str. Eroilor, bd. Tudor Vladimirescu, str. V. Ol\u0103nescu \u0219i str. Cerna, din cartierul Traian \u2013 zona cuprins\u0103 \u00eentre bd. Nicolae B\u0103lcescu, str. Nicolae Titulescu, str. Grigore Procopiu \u0219i Calea lui Traian precum \u0219i din zona str\u0103zilor Ferdinand \u2013 Remus Bellu.<\/p>\n<p><em>\u201e\u00centruc\u00e2t se dore\u0219te derularea unui dialog eficient \u0219i constructiv, care s\u0103 vizeze \u0219i particularit\u0103\u021bile fiec\u0103ruia dintre cartierele reprezentate, la aceste \u00eent\u00e2lniri sunt ruga\u021bi s\u0103 participe doar pre\u0219edin\u021bii \u0219i administratorii din zonele vizate. Urm\u0103toarele \u00eent\u00e2lniri sunt programate s\u0103pt\u0103m\u00e2na viitoare \u0219i ele vor fi anun\u021bate at\u00e2t prin invita\u021bii adresate direct reprezen\u021bilor asocia\u021biilor de proprietari din zonele vizate, c\u00e2t \u0219i public, prin social-media\u201d<\/em>, au anun\u021bat reprezentan\u021bii Prim\u0103riei R\u00e2mnicu V\u00e2lcea.<\/p>\n<p><em><strong>FOTO: imagini surprinse la \u00eent\u00e2lnirea cu reprezentan\u021bii asocia\u021biilor de proprietari din cartierul Ostroveni<\/strong><\/em><\/p>\n<p>[analyse_source url=&#8221;https:\/\/www.gazeta-valceana.ro\/administratie\/miercuri-si-joi-reprezentantii-asociatiilor-de-proprietari-din-zona-centrala-a-ramnicului-sedinta-cu-primarul-gutau\/&#8221;]<\/p>\n","protected":false},"excerpt":{"rendered":"<p>[analyse_image type=&#8221;featured&#8221; src=&#8221;https:\/\/www.gazeta-valceana.ro\/wp-content\/uploads\/2026\/02\/RAMNIC-Asociatii-proprietari-4.jpg&#8221;] Miercuri \u0219i joi, reprezentan\u021bii asocia\u021biilor de proprietari din zona central\u0103 a R\u00e2mnicului, \u0219edin\u021b\u0103 cu primarul GUT\u0102U Administra\u0163ieI 24 februarie 2026 Ac\u021biune Facebook Twitter Pinterest WhatsApp Primarul Mircia Gut\u0103u a demarat, la \u00eenceputul acestei luni, o consultare cu to\u021bi reprezentan\u021bii asocia\u021biilor de proprietari din R\u00e2mnicu V\u00e2lcea. Ac\u021biunea la care facem referire se desf\u0103\u0219oar\u0103 [&hellip;]<\/p>\n","protected":false},"author":1,"featured_media":0,"comment_status":"open","ping_status":"","sticky":false,"template":"","format":"standard","meta":{"footnotes":""},"categories":[89],"tags":[226,214],"class_list":["post-1790186","post","type-post","status-publish","format-standard","hentry","category-romania","tag-crawlmanager","tag-gazetavalceana-ro"],"_links":{"self":[{"href":"https:\/\/analyse.optim.biz\/index.php?rest_route=\/wp\/v2\/posts\/1790186","targetHints":{"allow":["GET"]}}],"collection":[{"href":"https:\/\/analyse.optim.biz\/index.php?rest_route=\/wp\/v2\/posts"}],"about":[{"href":"https:\/\/analyse.optim.biz\/index.php?rest_route=\/wp\/v2\/types\/post"}],"author":[{"embeddable":true,"href":"https:\/\/analyse.optim.biz\/index.php?rest_route=\/wp\/v2\/users\/1"}],"replies":[{"embeddable":true,"href":"https:\/\/analyse.optim.biz\/index.php?rest_route=%2Fwp%2Fv2%2Fcomments&post=1790186"}],"version-history":[{"count":0,"href":"https:\/\/analyse.optim.biz\/index.php?rest_route=\/wp\/v2\/posts\/1790186\/revisions"}],"wp:attachment":[{"href":"https:\/\/analyse.optim.biz\/index.php?rest_route=%2Fwp%2Fv2%2Fmedia&parent=1790186"}],"wp:term":[{"taxonomy":"category","embeddable":true,"href":"https:\/\/analyse.optim.biz\/index.php?rest_route=%2Fwp%2Fv2%2Fcategories&post=1790186"},{"taxonomy":"post_tag","embeddable":true,"href":"https:\/\/analyse.optim.biz\/index.php?rest_route=%2Fwp%2Fv2%2Ftags&post=1790186"}],"curies":[{"name":"wp","href":"https:\/\/api.w.org\/{rel}","templated":true}]}}